{"id":936,"date":"2018-05-23T00:00:00","date_gmt":"2018-05-23T04:00:00","guid":{"rendered":"https:\/\/dev.explora.cl\/magallanes\/blog\/2018\/05\/23\/asi-se-vive-la-xix-feria-cientifica-escolar-en-puerto-natales\/"},"modified":"2019-05-20T21:34:25","modified_gmt":"2019-05-20T21:34:25","slug":"asi-se-vive-la-xix-feria-cientifica-escolar-en-puerto-natales","status":"publish","type":"post","link":"https:\/\/dev.explora.cl\/magallanes\/asi-se-vive-la-xix-feria-cientifica-escolar-en-puerto-natales\/","title":{"rendered":"As\u00ed se vive la XIX Feria Cient\u00edfica Escolar en Puerto Natales"},"content":{"rendered":"<h5><img loading=\"lazy\" decoding=\"async\" class=\" size-full wp-image-31580\" src=\"http:\/\/ec2-54-245-22-188.us-west-2.compute.amazonaws.com\/wp-content\/uploads\/2018\/05\/feria_cientifica_mazzarello_1.jpeg\" alt=\"feria cientifica mazzarello 1\" width=\"886\" height=\"665\" \/><\/h5>\n<h5>Cerca de 60 alumnos de distintos establecimientos de la regi\u00f3n est\u00e1n presentando sus proyectos cient\u00edficos a la comunidad en el Liceo Mar\u00eda Mazzarello. Fauna magall\u00e1nica, ecolog\u00eda y campo magn\u00e9tico son algunos de los temas destacados en esta versi\u00f3n.<\/h5>\n<p>Nuevamente, la provincia de \u00daltima Esperanza es sede de un importante acontecimiento en pos de la ciencia. <strong>Se trata de la XIX versi\u00f3n de la Feria Cient\u00edfica Escolar del Liceo Mar\u00eda Mazzarello de Puerto Natales, en conjunto con el Proyecto Asociativo Regional de CONICYT Magallanes y Ant\u00e1rtica Chilena<\/strong>, y apoyado por la Ilustre Municipalidad de la capital provincial.<\/p>\n<p>\u201cLa idea principal de esta actividad es promover la ciencia a la comunidad en general, a trav\u00e9s de investigaciones cient\u00edficas realizadas por los propios estudiantes de Magallanes.<strong> Este a\u00f1o hay varios proyectos novedosos y todos basados en problem\u00e1ticas regionales<\/strong>\u201d, asegur\u00f3 Mat\u00edas \u00c1lvarez, encargado regional de los Clubes de Apoyo a la Investigaci\u00f3n Cient\u00edfica Escolar (CAICE).<\/p>\n<p>Son en total 30 exposiciones, donde 60 alumnos de 16 establecimientos educacionales est\u00e1n participando de esta feria con el objetivo de ser parte de las pr\u00f3ximas muestras regionales de ciencia escolar.<\/p>\n<p>\u201cLos chicos est\u00e1n bastante entusiasmados en participar, est\u00e1n con todo el \u00e1nimo pero tambi\u00e9n nerviosos por lo que presentar\u00e1n.<strong> De lo que he visto hasta ahora hay de todo un poco, desde contaminaci\u00f3n oce\u00e1nica hasta campo magn\u00e9tico de celulares\u201d<\/strong>, adelant\u00f3 Eduardo Alarc\u00f3n, coordinador de la muestra natalina.<\/p>\n<p>La actividad est\u00e1 abierta a toda la comunidad, en especial a los colegios de la comuna que podr\u00e1n disfrutar de proyectos cient\u00edficos de la mano de sus propios pares y aprender de los temas que se est\u00e1n presentando. La feria se desarrollar\u00e1 este a\u00f1o en el gimnasio Jos\u00e9 Miguel Carrera, ubicado en calle Esmeralda 630.<\/p>\n","protected":false},"excerpt":{"rendered":"<p>Cerca de 60 alumnos de distintos establecimientos de la regi\u00f3n est\u00e1n presentando sus proyectos cient\u00edficos a la comunidad en el Liceo Mar\u00eda Mazzarello. Fauna magall\u00e1nica, ecolog\u00eda y campo magn\u00e9tico son algunos de los temas destacados en esta versi\u00f3n. Nuevamente, la provincia de \u00daltima Esperanza es sede de un importante acontecimiento en pos de la ciencia. [&hellip;]<\/p>\n","protected":false},"author":2,"featured_media":937,"comment_status":"open","ping_status":"open","sticky":false,"template":"","format":"standard","meta":{"_acf_changed":false,"_exactmetrics_skip_tracking":false,"_exactmetrics_sitenote_active":false,"_exactmetrics_sitenote_note":"","_exactmetrics_sitenote_category":0,"footnotes":"","_links_to":"","_links_to_target":""},"categories":[4],"tags":[],"class_list":["post-936","post","type-post","status-publish","format-standard","has-post-thumbnail","hentry","category-noticias"],"acf":[],"yoast_head":"<!-- This site is optimized with the Yoast SEO plugin v26.7 - https:\/\/yoast.com\/wordpress\/plugins\/seo\/ -->\n<title>As\u00ed se vive la XIX Feria Cient\u00edfica Escolar en Puerto Natales - Magallanes<\/title>\n<meta name=\"robots\" content=\"index, follow, max-snippet:-1, max-image-preview:large, max-video-preview:-1\" \/>\n<link rel=\"canonical\" href=\"https:\/\/dev.explora.cl\/magallanes\/asi-se-vive-la-xix-feria-cientifica-escolar-en-puerto-natales\/\" class=\"yoast-seo-meta-tag\" \/>\n<meta property=\"og:locale\" content=\"es_ES\" class=\"yoast-seo-meta-tag\" \/>\n<meta property=\"og:type\" content=\"article\" class=\"yoast-seo-meta-tag\" \/>\n<meta property=\"og:title\" content=\"As\u00ed se vive la XIX Feria Cient\u00edfica Escolar en Puerto Natales - Magallanes\" class=\"yoast-seo-meta-tag\" \/>\n<meta property=\"og:description\" content=\"Cerca de 60 alumnos de distintos establecimientos de la regi\u00f3n est\u00e1n presentando sus proyectos cient\u00edficos a la comunidad en el Liceo Mar\u00eda Mazzarello. Fauna magall\u00e1nica, ecolog\u00eda y campo magn\u00e9tico son algunos de los temas destacados en esta versi\u00f3n. Nuevamente, la provincia de \u00daltima Esperanza es sede de un importante acontecimiento en pos de la ciencia. [&hellip;]\" class=\"yoast-seo-meta-tag\" \/>\n<meta property=\"og:url\" content=\"https:\/\/dev.explora.cl\/magallanes\/asi-se-vive-la-xix-feria-cientifica-escolar-en-puerto-natales\/\" class=\"yoast-seo-meta-tag\" \/>\n<meta property=\"og:site_name\" content=\"Magallanes\" class=\"yoast-seo-meta-tag\" \/>\n<meta property=\"article:published_time\" content=\"2018-05-23T04:00:00+00:00\" class=\"yoast-seo-meta-tag\" \/>\n<meta property=\"article:modified_time\" content=\"2019-05-20T21:34:25+00:00\" class=\"yoast-seo-meta-tag\" \/>\n<meta property=\"og:image\" content=\"https:\/\/dev.explora.cl\/magallanes\/wp-content\/uploads\/sites\/19\/2018\/06\/feria_cientifica_mazzarello_1.jpeg\" class=\"yoast-seo-meta-tag\" \/>\n\t<meta property=\"og:image:width\" content=\"1280\" class=\"yoast-seo-meta-tag\" \/>\n\t<meta property=\"og:image:height\" content=\"960\" class=\"yoast-seo-meta-tag\" \/>\n\t<meta property=\"og:image:type\" content=\"image\/jpeg\" class=\"yoast-seo-meta-tag\" \/>\n<meta name=\"author\" content=\"webman\" class=\"yoast-seo-meta-tag\" \/>\n<meta name=\"twitter:card\" content=\"summary_large_image\" class=\"yoast-seo-meta-tag\" \/>\n<meta name=\"twitter:label1\" content=\"Escrito por\" class=\"yoast-seo-meta-tag\" \/>\n\t<meta name=\"twitter:data1\" content=\"webman\" class=\"yoast-seo-meta-tag\" \/>\n\t<meta name=\"twitter:label2\" content=\"Tiempo estimado de lectura\" class=\"yoast-seo-meta-tag\" \/>\n\t<meta name=\"twitter:data2\" content=\"2 minutos\" class=\"yoast-seo-meta-tag\" \/>\n<script type=\"application\/ld+json\" class=\"yoast-schema-graph\">{\"@context\":\"https:\/\/schema.org\",\"@graph\":[{\"@type\":\"Article\",\"@id\":\"https:\/\/dev.explora.cl\/magallanes\/asi-se-vive-la-xix-feria-cientifica-escolar-en-puerto-natales\/#article\",\"isPartOf\":{\"@id\":\"https:\/\/dev.explora.cl\/magallanes\/asi-se-vive-la-xix-feria-cientifica-escolar-en-puerto-natales\/\"},\"author\":{\"name\":\"webman\",\"@id\":\"https:\/\/dev.explora.cl\/magallanes\/#\/schema\/person\/cb8349c13ea2d324080adf8480d7ba5d\"},\"headline\":\"As\u00ed se vive la XIX Feria Cient\u00edfica Escolar en Puerto Natales\",\"datePublished\":\"2018-05-23T04:00:00+00:00\",\"dateModified\":\"2019-05-20T21:34:25+00:00\",\"mainEntityOfPage\":{\"@id\":\"https:\/\/dev.explora.cl\/magallanes\/asi-se-vive-la-xix-feria-cientifica-escolar-en-puerto-natales\/\"},\"wordCount\":324,\"commentCount\":0,\"publisher\":{\"@id\":\"https:\/\/dev.explora.cl\/magallanes\/#organization\"},\"image\":{\"@id\":\"https:\/\/dev.explora.cl\/magallanes\/asi-se-vive-la-xix-feria-cientifica-escolar-en-puerto-natales\/#primaryimage\"},\"thumbnailUrl\":\"https:\/\/dev.explora.cl\/magallanes\/wp-content\/uploads\/sites\/19\/2018\/06\/feria_cientifica_mazzarello_1.jpeg\",\"articleSection\":[\"Noticias\"],\"inLanguage\":\"es-CL\",\"potentialAction\":[{\"@type\":\"CommentAction\",\"name\":\"Comment\",\"target\":[\"https:\/\/dev.explora.cl\/magallanes\/asi-se-vive-la-xix-feria-cientifica-escolar-en-puerto-natales\/#respond\"]}]},{\"@type\":\"WebPage\",\"@id\":\"https:\/\/dev.explora.cl\/magallanes\/asi-se-vive-la-xix-feria-cientifica-escolar-en-puerto-natales\/\",\"url\":\"https:\/\/dev.explora.cl\/magallanes\/asi-se-vive-la-xix-feria-cientifica-escolar-en-puerto-natales\/\",\"name\":\"As\u00ed se vive la XIX Feria Cient\u00edfica Escolar en Puerto Natales - Magallanes\",\"isPartOf\":{\"@id\":\"https:\/\/dev.explora.cl\/magallanes\/#website\"},\"primaryImageOfPage\":{\"@id\":\"https:\/\/dev.explora.cl\/magallanes\/asi-se-vive-la-xix-feria-cientifica-escolar-en-puerto-natales\/#primaryimage\"},\"image\":{\"@id\":\"https:\/\/dev.explora.cl\/magallanes\/asi-se-vive-la-xix-feria-cientifica-escolar-en-puerto-natales\/#primaryimage\"},\"thumbnailUrl\":\"https:\/\/dev.explora.cl\/magallanes\/wp-content\/uploads\/sites\/19\/2018\/06\/feria_cientifica_mazzarello_1.jpeg\",\"datePublished\":\"2018-05-23T04:00:00+00:00\",\"dateModified\":\"2019-05-20T21:34:25+00:00\",\"breadcrumb\":{\"@id\":\"https:\/\/dev.explora.cl\/magallanes\/asi-se-vive-la-xix-feria-cientifica-escolar-en-puerto-natales\/#breadcrumb\"},\"inLanguage\":\"es-CL\",\"potentialAction\":[{\"@type\":\"ReadAction\",\"target\":[\"https:\/\/dev.explora.cl\/magallanes\/asi-se-vive-la-xix-feria-cientifica-escolar-en-puerto-natales\/\"]}]},{\"@type\":\"ImageObject\",\"inLanguage\":\"es-CL\",\"@id\":\"https:\/\/dev.explora.cl\/magallanes\/asi-se-vive-la-xix-feria-cientifica-escolar-en-puerto-natales\/#primaryimage\",\"url\":\"https:\/\/dev.explora.cl\/magallanes\/wp-content\/uploads\/sites\/19\/2018\/06\/feria_cientifica_mazzarello_1.jpeg\",\"contentUrl\":\"https:\/\/dev.explora.cl\/magallanes\/wp-content\/uploads\/sites\/19\/2018\/06\/feria_cientifica_mazzarello_1.jpeg\",\"width\":1280,\"height\":960,\"caption\":\"feria cientifica mazzarello 1\"},{\"@type\":\"BreadcrumbList\",\"@id\":\"https:\/\/dev.explora.cl\/magallanes\/asi-se-vive-la-xix-feria-cientifica-escolar-en-puerto-natales\/#breadcrumb\",\"itemListElement\":[{\"@type\":\"ListItem\",\"position\":1,\"name\":\"Portada\",\"item\":\"https:\/\/dev.explora.cl\/magallanes\/\"},{\"@type\":\"ListItem\",\"position\":2,\"name\":\"As\u00ed se vive la XIX Feria Cient\u00edfica Escolar en Puerto Natales\"}]},{\"@type\":\"WebSite\",\"@id\":\"https:\/\/dev.explora.cl\/magallanes\/#website\",\"url\":\"https:\/\/dev.explora.cl\/magallanes\/\",\"name\":\"Magallanes\",\"description\":\"Otro sitio m\u00e1s de dev.explora.cl\",\"publisher\":{\"@id\":\"https:\/\/dev.explora.cl\/magallanes\/#organization\"},\"potentialAction\":[{\"@type\":\"SearchAction\",\"target\":{\"@type\":\"EntryPoint\",\"urlTemplate\":\"https:\/\/dev.explora.cl\/magallanes\/?s={search_term_string}\"},\"query-input\":{\"@type\":\"PropertyValueSpecification\",\"valueRequired\":true,\"valueName\":\"search_term_string\"}}],\"inLanguage\":\"es-CL\"},{\"@type\":\"Organization\",\"@id\":\"https:\/\/dev.explora.cl\/magallanes\/#organization\",\"name\":\"Magallanes\",\"url\":\"https:\/\/dev.explora.cl\/magallanes\/\",\"logo\":{\"@type\":\"ImageObject\",\"inLanguage\":\"es-CL\",\"@id\":\"https:\/\/dev.explora.cl\/magallanes\/#\/schema\/logo\/image\/\",\"url\":\"https:\/\/dev.explora.cl\/magallanes\/wp-content\/uploads\/sites\/19\/2021\/06\/cropped-ICONO-COLOR-2.jpg\",\"contentUrl\":\"https:\/\/dev.explora.cl\/magallanes\/wp-content\/uploads\/sites\/19\/2021\/06\/cropped-ICONO-COLOR-2.jpg\",\"width\":1181,\"height\":1181,\"caption\":\"Magallanes\"},\"image\":{\"@id\":\"https:\/\/dev.explora.cl\/magallanes\/#\/schema\/logo\/image\/\"}},{\"@type\":\"Person\",\"@id\":\"https:\/\/dev.explora.cl\/magallanes\/#\/schema\/person\/cb8349c13ea2d324080adf8480d7ba5d\",\"name\":\"webman\",\"image\":{\"@type\":\"ImageObject\",\"inLanguage\":\"es-CL\",\"@id\":\"https:\/\/dev.explora.cl\/magallanes\/#\/schema\/person\/image\/\",\"url\":\"https:\/\/secure.gravatar.com\/avatar\/eeff3c82f2c02f7177d13663b7e6f890e9a6a0647ce9bb29cae02dcb094c7312?s=96&d=mm&r=g\",\"contentUrl\":\"https:\/\/secure.gravatar.com\/avatar\/eeff3c82f2c02f7177d13663b7e6f890e9a6a0647ce9bb29cae02dcb094c7312?s=96&d=mm&r=g\",\"caption\":\"webman\"},\"url\":\"https:\/\/dev.explora.cl\/magallanes\/author\/webman\/\"}]}<\/script>\n<!-- \/ Yoast SEO plugin. -->","yoast_head_json":{"title":"As\u00ed se vive la XIX Feria Cient\u00edfica Escolar en Puerto Natales - Magallanes","robots":{"index":"index","follow":"follow","max-snippet":"max-snippet:-1","max-image-preview":"max-image-preview:large","max-video-preview":"max-video-preview:-1"},"canonical":"https:\/\/dev.explora.cl\/magallanes\/asi-se-vive-la-xix-feria-cientifica-escolar-en-puerto-natales\/","og_locale":"es_ES","og_type":"article","og_title":"As\u00ed se vive la XIX Feria Cient\u00edfica Escolar en Puerto Natales - Magallanes","og_description":"Cerca de 60 alumnos de distintos establecimientos de la regi\u00f3n est\u00e1n presentando sus proyectos cient\u00edficos a la comunidad en el Liceo Mar\u00eda Mazzarello. Fauna magall\u00e1nica, ecolog\u00eda y campo magn\u00e9tico son algunos de los temas destacados en esta versi\u00f3n. Nuevamente, la provincia de \u00daltima Esperanza es sede de un importante acontecimiento en pos de la ciencia. [&hellip;]","og_url":"https:\/\/dev.explora.cl\/magallanes\/asi-se-vive-la-xix-feria-cientifica-escolar-en-puerto-natales\/","og_site_name":"Magallanes","article_published_time":"2018-05-23T04:00:00+00:00","article_modified_time":"2019-05-20T21:34:25+00:00","og_image":[{"width":1280,"height":960,"url":"https:\/\/dev.explora.cl\/magallanes\/wp-content\/uploads\/sites\/19\/2018\/06\/feria_cientifica_mazzarello_1.jpeg","type":"image\/jpeg"}],"author":"webman","twitter_card":"summary_large_image","twitter_misc":{"Escrito por":"webman","Tiempo estimado de lectura":"2 minutos"},"schema":{"@context":"https:\/\/schema.org","@graph":[{"@type":"Article","@id":"https:\/\/dev.explora.cl\/magallanes\/asi-se-vive-la-xix-feria-cientifica-escolar-en-puerto-natales\/#article","isPartOf":{"@id":"https:\/\/dev.explora.cl\/magallanes\/asi-se-vive-la-xix-feria-cientifica-escolar-en-puerto-natales\/"},"author":{"name":"webman","@id":"https:\/\/dev.explora.cl\/magallanes\/#\/schema\/person\/cb8349c13ea2d324080adf8480d7ba5d"},"headline":"As\u00ed se vive la XIX Feria Cient\u00edfica Escolar en Puerto Natales","datePublished":"2018-05-23T04:00:00+00:00","dateModified":"2019-05-20T21:34:25+00:00","mainEntityOfPage":{"@id":"https:\/\/dev.explora.cl\/magallanes\/asi-se-vive-la-xix-feria-cientifica-escolar-en-puerto-natales\/"},"wordCount":324,"commentCount":0,"publisher":{"@id":"https:\/\/dev.explora.cl\/magallanes\/#organization"},"image":{"@id":"https:\/\/dev.explora.cl\/magallanes\/asi-se-vive-la-xix-feria-cientifica-escolar-en-puerto-natales\/#primaryimage"},"thumbnailUrl":"https:\/\/dev.explora.cl\/magallanes\/wp-content\/uploads\/sites\/19\/2018\/06\/feria_cientifica_mazzarello_1.jpeg","articleSection":["Noticias"],"inLanguage":"es-CL","potentialAction":[{"@type":"CommentAction","name":"Comment","target":["https:\/\/dev.explora.cl\/magallanes\/asi-se-vive-la-xix-feria-cientifica-escolar-en-puerto-natales\/#respond"]}]},{"@type":"WebPage","@id":"https:\/\/dev.explora.cl\/magallanes\/asi-se-vive-la-xix-feria-cientifica-escolar-en-puerto-natales\/","url":"https:\/\/dev.explora.cl\/magallanes\/asi-se-vive-la-xix-feria-cientifica-escolar-en-puerto-natales\/","name":"As\u00ed se vive la XIX Feria Cient\u00edfica Escolar en Puerto Natales - Magallanes","isPartOf":{"@id":"https:\/\/dev.explora.cl\/magallanes\/#website"},"primaryImageOfPage":{"@id":"https:\/\/dev.explora.cl\/magallanes\/asi-se-vive-la-xix-feria-cientifica-escolar-en-puerto-natales\/#primaryimage"},"image":{"@id":"https:\/\/dev.explora.cl\/magallanes\/asi-se-vive-la-xix-feria-cientifica-escolar-en-puerto-natales\/#primaryimage"},"thumbnailUrl":"https:\/\/dev.explora.cl\/magallanes\/wp-content\/uploads\/sites\/19\/2018\/06\/feria_cientifica_mazzarello_1.jpeg","datePublished":"2018-05-23T04:00:00+00:00","dateModified":"2019-05-20T21:34:25+00:00","breadcrumb":{"@id":"https:\/\/dev.explora.cl\/magallanes\/asi-se-vive-la-xix-feria-cientifica-escolar-en-puerto-natales\/#breadcrumb"},"inLanguage":"es-CL","potentialAction":[{"@type":"ReadAction","target":["https:\/\/dev.explora.cl\/magallanes\/asi-se-vive-la-xix-feria-cientifica-escolar-en-puerto-natales\/"]}]},{"@type":"ImageObject","inLanguage":"es-CL","@id":"https:\/\/dev.explora.cl\/magallanes\/asi-se-vive-la-xix-feria-cientifica-escolar-en-puerto-natales\/#primaryimage","url":"https:\/\/dev.explora.cl\/magallanes\/wp-content\/uploads\/sites\/19\/2018\/06\/feria_cientifica_mazzarello_1.jpeg","contentUrl":"https:\/\/dev.explora.cl\/magallanes\/wp-content\/uploads\/sites\/19\/2018\/06\/feria_cientifica_mazzarello_1.jpeg","width":1280,"height":960,"caption":"feria cientifica mazzarello 1"},{"@type":"BreadcrumbList","@id":"https:\/\/dev.explora.cl\/magallanes\/asi-se-vive-la-xix-feria-cientifica-escolar-en-puerto-natales\/#breadcrumb","itemListElement":[{"@type":"ListItem","position":1,"name":"Portada","item":"https:\/\/dev.explora.cl\/magallanes\/"},{"@type":"ListItem","position":2,"name":"As\u00ed se vive la XIX Feria Cient\u00edfica Escolar en Puerto Natales"}]},{"@type":"WebSite","@id":"https:\/\/dev.explora.cl\/magallanes\/#website","url":"https:\/\/dev.explora.cl\/magallanes\/","name":"Magallanes","description":"Otro sitio m\u00e1s de dev.explora.cl","publisher":{"@id":"https:\/\/dev.explora.cl\/magallanes\/#organization"},"potentialAction":[{"@type":"SearchAction","target":{"@type":"EntryPoint","urlTemplate":"https:\/\/dev.explora.cl\/magallanes\/?s={search_term_string}"},"query-input":{"@type":"PropertyValueSpecification","valueRequired":true,"valueName":"search_term_string"}}],"inLanguage":"es-CL"},{"@type":"Organization","@id":"https:\/\/dev.explora.cl\/magallanes\/#organization","name":"Magallanes","url":"https:\/\/dev.explora.cl\/magallanes\/","logo":{"@type":"ImageObject","inLanguage":"es-CL","@id":"https:\/\/dev.explora.cl\/magallanes\/#\/schema\/logo\/image\/","url":"https:\/\/dev.explora.cl\/magallanes\/wp-content\/uploads\/sites\/19\/2021\/06\/cropped-ICONO-COLOR-2.jpg","contentUrl":"https:\/\/dev.explora.cl\/magallanes\/wp-content\/uploads\/sites\/19\/2021\/06\/cropped-ICONO-COLOR-2.jpg","width":1181,"height":1181,"caption":"Magallanes"},"image":{"@id":"https:\/\/dev.explora.cl\/magallanes\/#\/schema\/logo\/image\/"}},{"@type":"Person","@id":"https:\/\/dev.explora.cl\/magallanes\/#\/schema\/person\/cb8349c13ea2d324080adf8480d7ba5d","name":"webman","image":{"@type":"ImageObject","inLanguage":"es-CL","@id":"https:\/\/dev.explora.cl\/magallanes\/#\/schema\/person\/image\/","url":"https:\/\/secure.gravatar.com\/avatar\/eeff3c82f2c02f7177d13663b7e6f890e9a6a0647ce9bb29cae02dcb094c7312?s=96&d=mm&r=g","contentUrl":"https:\/\/secure.gravatar.com\/avatar\/eeff3c82f2c02f7177d13663b7e6f890e9a6a0647ce9bb29cae02dcb094c7312?s=96&d=mm&r=g","caption":"webman"},"url":"https:\/\/dev.explora.cl\/magallanes\/author\/webman\/"}]}},"_links":{"self":[{"href":"https:\/\/dev.explora.cl\/magallanes\/wp-json\/wp\/v2\/posts\/936","targetHints":{"allow":["GET"]}}],"collection":[{"href":"https:\/\/dev.explora.cl\/magallanes\/wp-json\/wp\/v2\/posts"}],"about":[{"href":"https:\/\/dev.explora.cl\/magallanes\/wp-json\/wp\/v2\/types\/post"}],"author":[{"embeddable":true,"href":"https:\/\/dev.explora.cl\/magallanes\/wp-json\/wp\/v2\/users\/2"}],"replies":[{"embeddable":true,"href":"https:\/\/dev.explora.cl\/magallanes\/wp-json\/wp\/v2\/comments?post=936"}],"version-history":[{"count":1,"href":"https:\/\/dev.explora.cl\/magallanes\/wp-json\/wp\/v2\/posts\/936\/revisions"}],"predecessor-version":[{"id":37585,"href":"https:\/\/dev.explora.cl\/magallanes\/wp-json\/wp\/v2\/posts\/936\/revisions\/37585"}],"wp:featuredmedia":[{"embeddable":true,"href":"https:\/\/dev.explora.cl\/magallanes\/wp-json\/wp\/v2\/media\/937"}],"wp:attachment":[{"href":"https:\/\/dev.explora.cl\/magallanes\/wp-json\/wp\/v2\/media?parent=936"}],"wp:term":[{"taxonomy":"category","embeddable":true,"href":"https:\/\/dev.explora.cl\/magallanes\/wp-json\/wp\/v2\/categories?post=936"},{"taxonomy":"post_tag","embeddable":true,"href":"https:\/\/dev.explora.cl\/magallanes\/wp-json\/wp\/v2\/tags?post=936"}],"curies":[{"name":"wp","href":"https:\/\/api.w.org\/{rel}","templated":true}]}}