{"id":934,"date":"2018-05-17T00:00:00","date_gmt":"2018-05-17T04:00:00","guid":{"rendered":"https:\/\/dev.explora.cl\/magallanes\/blog\/2018\/05\/17\/todo-listo-para-una-nueva-edicion-de-la-expomar-en-la-universidad-de-magallanes\/"},"modified":"2019-05-20T21:34:26","modified_gmt":"2019-05-20T21:34:26","slug":"todo-listo-para-una-nueva-edicion-de-la-expomar-en-la-universidad-de-magallanes","status":"publish","type":"post","link":"https:\/\/dev.explora.cl\/magallanes\/todo-listo-para-una-nueva-edicion-de-la-expomar-en-la-universidad-de-magallanes\/","title":{"rendered":"Todo listo para una nueva edici\u00f3n de la ExpoMar en la Universidad de Magallanes"},"content":{"rendered":"<p><img loading=\"lazy\" decoding=\"async\" class=\" size-full wp-image-31484\" src=\"http:\/\/ec2-54-245-22-188.us-west-2.compute.amazonaws.com\/wp-content\/uploads\/2018\/05\/Post_destacado_expomar.png\" alt=\"Post destacado expomar\" width=\"1298\" height=\"865\" \/><\/p>\n<p>&nbsp;<\/p>\n<ul>\n<li><strong>Esta actividad ser\u00e1 gratuita y abierta a todo p\u00fablico<\/strong><\/li>\n<li><strong>Stand con organismos p\u00fablicos y privados ligados al \u00e1rea cient\u00edfica oce\u00e1nica estar\u00e1n mostrando parte de la importancia de las investigaciones en los mares del fin del mundo.<\/strong><\/li>\n<\/ul>\n<p>Siguiendo con las actividades conmemorativas al mes del mar, el Proyecto Asociativo Regional, <strong>PAR Explora de CONICYT, &nbsp;Magallanes y la Ant\u00e1rtica Chilena,<\/strong> en conjunto con la carrera de Biolog\u00eda Marina de la Universidad de Magallanes y con el apoyo del Centro de Investigaci\u00f3n &nbsp;de Recursos Marinos en Ambientes Subant\u00e1rticos (CERESUB), invitan a la comunidad magall\u00e1nica a ser parte de la segunda edici\u00f3n de la ExpoMar.<\/p>\n<p>Esta actividad tiene como finalidad dar a conocer las l\u00edneas de investigaci\u00f3n en ciencias marinas que se est\u00e1n llevando a cabo la Universidad de Magallanes, con el fin de &nbsp;<strong>promover que estudiantes de todos los niveles y p\u00fablico en general se interesen en los temas oce\u00e1nicos<\/strong> propios de nuestra regi\u00f3n.<\/p>\n<p>Autoridades regionales e instituciones p\u00fablicas y privadas ligadas al \u00e1rea estar\u00e1n participando de esta feria interactiva, que se desarrollar\u00e1 este pr\u00f3ximo<strong> jueves 24 de mayo en la Facultad de Ciencia e Ingenier\u00eda de la Universidad de Magallanes.<\/strong> Los horarios de la actividad son de &nbsp;<strong>09.00 a 12.30 y de 14.30 a 17 horas.<\/strong><\/p>\n","protected":false},"excerpt":{"rendered":"<p>&nbsp; Esta actividad ser\u00e1 gratuita y abierta a todo p\u00fablico Stand con organismos p\u00fablicos y privados ligados al \u00e1rea cient\u00edfica oce\u00e1nica estar\u00e1n mostrando parte de la importancia de las investigaciones en los mares del fin del mundo. Siguiendo con las actividades conmemorativas al mes del mar, el Proyecto Asociativo Regional, PAR Explora de CONICYT, &nbsp;Magallanes [&hellip;]<\/p>\n","protected":false},"author":2,"featured_media":935,"comment_status":"open","ping_status":"open","sticky":false,"template":"","format":"standard","meta":{"_acf_changed":false,"_exactmetrics_skip_tracking":false,"_exactmetrics_sitenote_active":false,"_exactmetrics_sitenote_note":"","_exactmetrics_sitenote_category":0,"footnotes":"","_links_to":"","_links_to_target":""},"categories":[4],"tags":[],"class_list":["post-934","post","type-post","status-publish","format-standard","has-post-thumbnail","hentry","category-noticias"],"acf":[],"yoast_head":"<!-- This site is optimized with the Yoast SEO plugin v26.7 - https:\/\/yoast.com\/wordpress\/plugins\/seo\/ -->\n<title>Todo listo para una nueva edici\u00f3n de la ExpoMar en la Universidad de Magallanes - Magallanes<\/title>\n<meta name=\"robots\" content=\"index, follow, max-snippet:-1, max-image-preview:large, max-video-preview:-1\" \/>\n<link rel=\"canonical\" href=\"https:\/\/dev.explora.cl\/magallanes\/todo-listo-para-una-nueva-edicion-de-la-expomar-en-la-universidad-de-magallanes\/\" class=\"yoast-seo-meta-tag\" \/>\n<meta property=\"og:locale\" content=\"es_ES\" class=\"yoast-seo-meta-tag\" \/>\n<meta property=\"og:type\" content=\"article\" class=\"yoast-seo-meta-tag\" \/>\n<meta property=\"og:title\" content=\"Todo listo para una nueva edici\u00f3n de la ExpoMar en la Universidad de Magallanes - Magallanes\" class=\"yoast-seo-meta-tag\" \/>\n<meta property=\"og:description\" content=\"&nbsp; Esta actividad ser\u00e1 gratuita y abierta a todo p\u00fablico Stand con organismos p\u00fablicos y privados ligados al \u00e1rea cient\u00edfica oce\u00e1nica estar\u00e1n mostrando parte de la importancia de las investigaciones en los mares del fin del mundo. Siguiendo con las actividades conmemorativas al mes del mar, el Proyecto Asociativo Regional, PAR Explora de CONICYT, &nbsp;Magallanes [&hellip;]\" class=\"yoast-seo-meta-tag\" \/>\n<meta property=\"og:url\" content=\"https:\/\/dev.explora.cl\/magallanes\/todo-listo-para-una-nueva-edicion-de-la-expomar-en-la-universidad-de-magallanes\/\" class=\"yoast-seo-meta-tag\" \/>\n<meta property=\"og:site_name\" content=\"Magallanes\" class=\"yoast-seo-meta-tag\" \/>\n<meta property=\"article:published_time\" content=\"2018-05-17T04:00:00+00:00\" class=\"yoast-seo-meta-tag\" \/>\n<meta property=\"article:modified_time\" content=\"2019-05-20T21:34:26+00:00\" class=\"yoast-seo-meta-tag\" \/>\n<meta property=\"og:image\" content=\"https:\/\/dev.explora.cl\/magallanes\/wp-content\/uploads\/sites\/19\/2018\/06\/Post_destacado_expomar.png\" class=\"yoast-seo-meta-tag\" \/>\n\t<meta property=\"og:image:width\" content=\"1803\" class=\"yoast-seo-meta-tag\" \/>\n\t<meta property=\"og:image:height\" content=\"1202\" class=\"yoast-seo-meta-tag\" \/>\n\t<meta property=\"og:image:type\" content=\"image\/png\" class=\"yoast-seo-meta-tag\" \/>\n<meta name=\"author\" content=\"webman\" class=\"yoast-seo-meta-tag\" \/>\n<meta name=\"twitter:card\" content=\"summary_large_image\" class=\"yoast-seo-meta-tag\" \/>\n<meta name=\"twitter:label1\" content=\"Escrito por\" class=\"yoast-seo-meta-tag\" \/>\n\t<meta name=\"twitter:data1\" content=\"webman\" class=\"yoast-seo-meta-tag\" \/>\n\t<meta name=\"twitter:label2\" content=\"Tiempo estimado de lectura\" class=\"yoast-seo-meta-tag\" \/>\n\t<meta name=\"twitter:data2\" content=\"1 minuto\" class=\"yoast-seo-meta-tag\" \/>\n<script type=\"application\/ld+json\" class=\"yoast-schema-graph\">{\"@context\":\"https:\/\/schema.org\",\"@graph\":[{\"@type\":\"Article\",\"@id\":\"https:\/\/dev.explora.cl\/magallanes\/todo-listo-para-una-nueva-edicion-de-la-expomar-en-la-universidad-de-magallanes\/#article\",\"isPartOf\":{\"@id\":\"https:\/\/dev.explora.cl\/magallanes\/todo-listo-para-una-nueva-edicion-de-la-expomar-en-la-universidad-de-magallanes\/\"},\"author\":{\"name\":\"webman\",\"@id\":\"https:\/\/dev.explora.cl\/magallanes\/#\/schema\/person\/cb8349c13ea2d324080adf8480d7ba5d\"},\"headline\":\"Todo listo para una nueva edici\u00f3n de la ExpoMar en la Universidad de Magallanes\",\"datePublished\":\"2018-05-17T04:00:00+00:00\",\"dateModified\":\"2019-05-20T21:34:26+00:00\",\"mainEntityOfPage\":{\"@id\":\"https:\/\/dev.explora.cl\/magallanes\/todo-listo-para-una-nueva-edicion-de-la-expomar-en-la-universidad-de-magallanes\/\"},\"wordCount\":240,\"commentCount\":0,\"publisher\":{\"@id\":\"https:\/\/dev.explora.cl\/magallanes\/#organization\"},\"image\":{\"@id\":\"https:\/\/dev.explora.cl\/magallanes\/todo-listo-para-una-nueva-edicion-de-la-expomar-en-la-universidad-de-magallanes\/#primaryimage\"},\"thumbnailUrl\":\"https:\/\/dev.explora.cl\/magallanes\/wp-content\/uploads\/sites\/19\/2018\/06\/Post_destacado_expomar.png\",\"articleSection\":[\"Noticias\"],\"inLanguage\":\"es-CL\",\"potentialAction\":[{\"@type\":\"CommentAction\",\"name\":\"Comment\",\"target\":[\"https:\/\/dev.explora.cl\/magallanes\/todo-listo-para-una-nueva-edicion-de-la-expomar-en-la-universidad-de-magallanes\/#respond\"]}]},{\"@type\":\"WebPage\",\"@id\":\"https:\/\/dev.explora.cl\/magallanes\/todo-listo-para-una-nueva-edicion-de-la-expomar-en-la-universidad-de-magallanes\/\",\"url\":\"https:\/\/dev.explora.cl\/magallanes\/todo-listo-para-una-nueva-edicion-de-la-expomar-en-la-universidad-de-magallanes\/\",\"name\":\"Todo listo para una nueva edici\u00f3n de la ExpoMar en la Universidad de Magallanes - Magallanes\",\"isPartOf\":{\"@id\":\"https:\/\/dev.explora.cl\/magallanes\/#website\"},\"primaryImageOfPage\":{\"@id\":\"https:\/\/dev.explora.cl\/magallanes\/todo-listo-para-una-nueva-edicion-de-la-expomar-en-la-universidad-de-magallanes\/#primaryimage\"},\"image\":{\"@id\":\"https:\/\/dev.explora.cl\/magallanes\/todo-listo-para-una-nueva-edicion-de-la-expomar-en-la-universidad-de-magallanes\/#primaryimage\"},\"thumbnailUrl\":\"https:\/\/dev.explora.cl\/magallanes\/wp-content\/uploads\/sites\/19\/2018\/06\/Post_destacado_expomar.png\",\"datePublished\":\"2018-05-17T04:00:00+00:00\",\"dateModified\":\"2019-05-20T21:34:26+00:00\",\"breadcrumb\":{\"@id\":\"https:\/\/dev.explora.cl\/magallanes\/todo-listo-para-una-nueva-edicion-de-la-expomar-en-la-universidad-de-magallanes\/#breadcrumb\"},\"inLanguage\":\"es-CL\",\"potentialAction\":[{\"@type\":\"ReadAction\",\"target\":[\"https:\/\/dev.explora.cl\/magallanes\/todo-listo-para-una-nueva-edicion-de-la-expomar-en-la-universidad-de-magallanes\/\"]}]},{\"@type\":\"ImageObject\",\"inLanguage\":\"es-CL\",\"@id\":\"https:\/\/dev.explora.cl\/magallanes\/todo-listo-para-una-nueva-edicion-de-la-expomar-en-la-universidad-de-magallanes\/#primaryimage\",\"url\":\"https:\/\/dev.explora.cl\/magallanes\/wp-content\/uploads\/sites\/19\/2018\/06\/Post_destacado_expomar.png\",\"contentUrl\":\"https:\/\/dev.explora.cl\/magallanes\/wp-content\/uploads\/sites\/19\/2018\/06\/Post_destacado_expomar.png\",\"width\":1803,\"height\":1202,\"caption\":\"Post destacado expomar\"},{\"@type\":\"BreadcrumbList\",\"@id\":\"https:\/\/dev.explora.cl\/magallanes\/todo-listo-para-una-nueva-edicion-de-la-expomar-en-la-universidad-de-magallanes\/#breadcrumb\",\"itemListElement\":[{\"@type\":\"ListItem\",\"position\":1,\"name\":\"Portada\",\"item\":\"https:\/\/dev.explora.cl\/magallanes\/\"},{\"@type\":\"ListItem\",\"position\":2,\"name\":\"Todo listo para una nueva edici\u00f3n de la ExpoMar en la Universidad de Magallanes\"}]},{\"@type\":\"WebSite\",\"@id\":\"https:\/\/dev.explora.cl\/magallanes\/#website\",\"url\":\"https:\/\/dev.explora.cl\/magallanes\/\",\"name\":\"Magallanes\",\"description\":\"Otro sitio m\u00e1s de dev.explora.cl\",\"publisher\":{\"@id\":\"https:\/\/dev.explora.cl\/magallanes\/#organization\"},\"potentialAction\":[{\"@type\":\"SearchAction\",\"target\":{\"@type\":\"EntryPoint\",\"urlTemplate\":\"https:\/\/dev.explora.cl\/magallanes\/?s={search_term_string}\"},\"query-input\":{\"@type\":\"PropertyValueSpecification\",\"valueRequired\":true,\"valueName\":\"search_term_string\"}}],\"inLanguage\":\"es-CL\"},{\"@type\":\"Organization\",\"@id\":\"https:\/\/dev.explora.cl\/magallanes\/#organization\",\"name\":\"Magallanes\",\"url\":\"https:\/\/dev.explora.cl\/magallanes\/\",\"logo\":{\"@type\":\"ImageObject\",\"inLanguage\":\"es-CL\",\"@id\":\"https:\/\/dev.explora.cl\/magallanes\/#\/schema\/logo\/image\/\",\"url\":\"https:\/\/dev.explora.cl\/magallanes\/wp-content\/uploads\/sites\/19\/2021\/06\/cropped-ICONO-COLOR-2.jpg\",\"contentUrl\":\"https:\/\/dev.explora.cl\/magallanes\/wp-content\/uploads\/sites\/19\/2021\/06\/cropped-ICONO-COLOR-2.jpg\",\"width\":1181,\"height\":1181,\"caption\":\"Magallanes\"},\"image\":{\"@id\":\"https:\/\/dev.explora.cl\/magallanes\/#\/schema\/logo\/image\/\"}},{\"@type\":\"Person\",\"@id\":\"https:\/\/dev.explora.cl\/magallanes\/#\/schema\/person\/cb8349c13ea2d324080adf8480d7ba5d\",\"name\":\"webman\",\"image\":{\"@type\":\"ImageObject\",\"inLanguage\":\"es-CL\",\"@id\":\"https:\/\/dev.explora.cl\/magallanes\/#\/schema\/person\/image\/\",\"url\":\"https:\/\/secure.gravatar.com\/avatar\/eeff3c82f2c02f7177d13663b7e6f890e9a6a0647ce9bb29cae02dcb094c7312?s=96&d=mm&r=g\",\"contentUrl\":\"https:\/\/secure.gravatar.com\/avatar\/eeff3c82f2c02f7177d13663b7e6f890e9a6a0647ce9bb29cae02dcb094c7312?s=96&d=mm&r=g\",\"caption\":\"webman\"},\"url\":\"https:\/\/dev.explora.cl\/magallanes\/author\/webman\/\"}]}<\/script>\n<!-- \/ Yoast SEO plugin. -->","yoast_head_json":{"title":"Todo listo para una nueva edici\u00f3n de la ExpoMar en la Universidad de Magallanes - Magallanes","robots":{"index":"index","follow":"follow","max-snippet":"max-snippet:-1","max-image-preview":"max-image-preview:large","max-video-preview":"max-video-preview:-1"},"canonical":"https:\/\/dev.explora.cl\/magallanes\/todo-listo-para-una-nueva-edicion-de-la-expomar-en-la-universidad-de-magallanes\/","og_locale":"es_ES","og_type":"article","og_title":"Todo listo para una nueva edici\u00f3n de la ExpoMar en la Universidad de Magallanes - Magallanes","og_description":"&nbsp; Esta actividad ser\u00e1 gratuita y abierta a todo p\u00fablico Stand con organismos p\u00fablicos y privados ligados al \u00e1rea cient\u00edfica oce\u00e1nica estar\u00e1n mostrando parte de la importancia de las investigaciones en los mares del fin del mundo. Siguiendo con las actividades conmemorativas al mes del mar, el Proyecto Asociativo Regional, PAR Explora de CONICYT, &nbsp;Magallanes [&hellip;]","og_url":"https:\/\/dev.explora.cl\/magallanes\/todo-listo-para-una-nueva-edicion-de-la-expomar-en-la-universidad-de-magallanes\/","og_site_name":"Magallanes","article_published_time":"2018-05-17T04:00:00+00:00","article_modified_time":"2019-05-20T21:34:26+00:00","og_image":[{"width":1803,"height":1202,"url":"https:\/\/dev.explora.cl\/magallanes\/wp-content\/uploads\/sites\/19\/2018\/06\/Post_destacado_expomar.png","type":"image\/png"}],"author":"webman","twitter_card":"summary_large_image","twitter_misc":{"Escrito por":"webman","Tiempo estimado de lectura":"1 minuto"},"schema":{"@context":"https:\/\/schema.org","@graph":[{"@type":"Article","@id":"https:\/\/dev.explora.cl\/magallanes\/todo-listo-para-una-nueva-edicion-de-la-expomar-en-la-universidad-de-magallanes\/#article","isPartOf":{"@id":"https:\/\/dev.explora.cl\/magallanes\/todo-listo-para-una-nueva-edicion-de-la-expomar-en-la-universidad-de-magallanes\/"},"author":{"name":"webman","@id":"https:\/\/dev.explora.cl\/magallanes\/#\/schema\/person\/cb8349c13ea2d324080adf8480d7ba5d"},"headline":"Todo listo para una nueva edici\u00f3n de la ExpoMar en la Universidad de Magallanes","datePublished":"2018-05-17T04:00:00+00:00","dateModified":"2019-05-20T21:34:26+00:00","mainEntityOfPage":{"@id":"https:\/\/dev.explora.cl\/magallanes\/todo-listo-para-una-nueva-edicion-de-la-expomar-en-la-universidad-de-magallanes\/"},"wordCount":240,"commentCount":0,"publisher":{"@id":"https:\/\/dev.explora.cl\/magallanes\/#organization"},"image":{"@id":"https:\/\/dev.explora.cl\/magallanes\/todo-listo-para-una-nueva-edicion-de-la-expomar-en-la-universidad-de-magallanes\/#primaryimage"},"thumbnailUrl":"https:\/\/dev.explora.cl\/magallanes\/wp-content\/uploads\/sites\/19\/2018\/06\/Post_destacado_expomar.png","articleSection":["Noticias"],"inLanguage":"es-CL","potentialAction":[{"@type":"CommentAction","name":"Comment","target":["https:\/\/dev.explora.cl\/magallanes\/todo-listo-para-una-nueva-edicion-de-la-expomar-en-la-universidad-de-magallanes\/#respond"]}]},{"@type":"WebPage","@id":"https:\/\/dev.explora.cl\/magallanes\/todo-listo-para-una-nueva-edicion-de-la-expomar-en-la-universidad-de-magallanes\/","url":"https:\/\/dev.explora.cl\/magallanes\/todo-listo-para-una-nueva-edicion-de-la-expomar-en-la-universidad-de-magallanes\/","name":"Todo listo para una nueva edici\u00f3n de la ExpoMar en la Universidad de Magallanes - Magallanes","isPartOf":{"@id":"https:\/\/dev.explora.cl\/magallanes\/#website"},"primaryImageOfPage":{"@id":"https:\/\/dev.explora.cl\/magallanes\/todo-listo-para-una-nueva-edicion-de-la-expomar-en-la-universidad-de-magallanes\/#primaryimage"},"image":{"@id":"https:\/\/dev.explora.cl\/magallanes\/todo-listo-para-una-nueva-edicion-de-la-expomar-en-la-universidad-de-magallanes\/#primaryimage"},"thumbnailUrl":"https:\/\/dev.explora.cl\/magallanes\/wp-content\/uploads\/sites\/19\/2018\/06\/Post_destacado_expomar.png","datePublished":"2018-05-17T04:00:00+00:00","dateModified":"2019-05-20T21:34:26+00:00","breadcrumb":{"@id":"https:\/\/dev.explora.cl\/magallanes\/todo-listo-para-una-nueva-edicion-de-la-expomar-en-la-universidad-de-magallanes\/#breadcrumb"},"inLanguage":"es-CL","potentialAction":[{"@type":"ReadAction","target":["https:\/\/dev.explora.cl\/magallanes\/todo-listo-para-una-nueva-edicion-de-la-expomar-en-la-universidad-de-magallanes\/"]}]},{"@type":"ImageObject","inLanguage":"es-CL","@id":"https:\/\/dev.explora.cl\/magallanes\/todo-listo-para-una-nueva-edicion-de-la-expomar-en-la-universidad-de-magallanes\/#primaryimage","url":"https:\/\/dev.explora.cl\/magallanes\/wp-content\/uploads\/sites\/19\/2018\/06\/Post_destacado_expomar.png","contentUrl":"https:\/\/dev.explora.cl\/magallanes\/wp-content\/uploads\/sites\/19\/2018\/06\/Post_destacado_expomar.png","width":1803,"height":1202,"caption":"Post destacado expomar"},{"@type":"BreadcrumbList","@id":"https:\/\/dev.explora.cl\/magallanes\/todo-listo-para-una-nueva-edicion-de-la-expomar-en-la-universidad-de-magallanes\/#breadcrumb","itemListElement":[{"@type":"ListItem","position":1,"name":"Portada","item":"https:\/\/dev.explora.cl\/magallanes\/"},{"@type":"ListItem","position":2,"name":"Todo listo para una nueva edici\u00f3n de la ExpoMar en la Universidad de Magallanes"}]},{"@type":"WebSite","@id":"https:\/\/dev.explora.cl\/magallanes\/#website","url":"https:\/\/dev.explora.cl\/magallanes\/","name":"Magallanes","description":"Otro sitio m\u00e1s de dev.explora.cl","publisher":{"@id":"https:\/\/dev.explora.cl\/magallanes\/#organization"},"potentialAction":[{"@type":"SearchAction","target":{"@type":"EntryPoint","urlTemplate":"https:\/\/dev.explora.cl\/magallanes\/?s={search_term_string}"},"query-input":{"@type":"PropertyValueSpecification","valueRequired":true,"valueName":"search_term_string"}}],"inLanguage":"es-CL"},{"@type":"Organization","@id":"https:\/\/dev.explora.cl\/magallanes\/#organization","name":"Magallanes","url":"https:\/\/dev.explora.cl\/magallanes\/","logo":{"@type":"ImageObject","inLanguage":"es-CL","@id":"https:\/\/dev.explora.cl\/magallanes\/#\/schema\/logo\/image\/","url":"https:\/\/dev.explora.cl\/magallanes\/wp-content\/uploads\/sites\/19\/2021\/06\/cropped-ICONO-COLOR-2.jpg","contentUrl":"https:\/\/dev.explora.cl\/magallanes\/wp-content\/uploads\/sites\/19\/2021\/06\/cropped-ICONO-COLOR-2.jpg","width":1181,"height":1181,"caption":"Magallanes"},"image":{"@id":"https:\/\/dev.explora.cl\/magallanes\/#\/schema\/logo\/image\/"}},{"@type":"Person","@id":"https:\/\/dev.explora.cl\/magallanes\/#\/schema\/person\/cb8349c13ea2d324080adf8480d7ba5d","name":"webman","image":{"@type":"ImageObject","inLanguage":"es-CL","@id":"https:\/\/dev.explora.cl\/magallanes\/#\/schema\/person\/image\/","url":"https:\/\/secure.gravatar.com\/avatar\/eeff3c82f2c02f7177d13663b7e6f890e9a6a0647ce9bb29cae02dcb094c7312?s=96&d=mm&r=g","contentUrl":"https:\/\/secure.gravatar.com\/avatar\/eeff3c82f2c02f7177d13663b7e6f890e9a6a0647ce9bb29cae02dcb094c7312?s=96&d=mm&r=g","caption":"webman"},"url":"https:\/\/dev.explora.cl\/magallanes\/author\/webman\/"}]}},"_links":{"self":[{"href":"https:\/\/dev.explora.cl\/magallanes\/wp-json\/wp\/v2\/posts\/934","targetHints":{"allow":["GET"]}}],"collection":[{"href":"https:\/\/dev.explora.cl\/magallanes\/wp-json\/wp\/v2\/posts"}],"about":[{"href":"https:\/\/dev.explora.cl\/magallanes\/wp-json\/wp\/v2\/types\/post"}],"author":[{"embeddable":true,"href":"https:\/\/dev.explora.cl\/magallanes\/wp-json\/wp\/v2\/users\/2"}],"replies":[{"embeddable":true,"href":"https:\/\/dev.explora.cl\/magallanes\/wp-json\/wp\/v2\/comments?post=934"}],"version-history":[{"count":1,"href":"https:\/\/dev.explora.cl\/magallanes\/wp-json\/wp\/v2\/posts\/934\/revisions"}],"predecessor-version":[{"id":37586,"href":"https:\/\/dev.explora.cl\/magallanes\/wp-json\/wp\/v2\/posts\/934\/revisions\/37586"}],"wp:featuredmedia":[{"embeddable":true,"href":"https:\/\/dev.explora.cl\/magallanes\/wp-json\/wp\/v2\/media\/935"}],"wp:attachment":[{"href":"https:\/\/dev.explora.cl\/magallanes\/wp-json\/wp\/v2\/media?parent=934"}],"wp:term":[{"taxonomy":"category","embeddable":true,"href":"https:\/\/dev.explora.cl\/magallanes\/wp-json\/wp\/v2\/categories?post=934"},{"taxonomy":"post_tag","embeddable":true,"href":"https:\/\/dev.explora.cl\/magallanes\/wp-json\/wp\/v2\/tags?post=934"}],"curies":[{"name":"wp","href":"https:\/\/api.w.org\/{rel}","templated":true}]}}