{"id":931,"date":"2018-05-15T00:00:00","date_gmt":"2018-05-15T04:00:00","guid":{"rendered":"https:\/\/dev.explora.cl\/magallanes\/blog\/2018\/05\/15\/postulaste-algun-proyecto-a-la-xix-feria-cientifica-del-liceo-mazzarello-revisa-aqui-si-fue-uno-de-los-seleccionados\/"},"modified":"2019-05-20T21:34:27","modified_gmt":"2019-05-20T21:34:27","slug":"postulaste-algun-proyecto-a-la-xix-feria-cientifica-del-liceo-mazzarello-revisa-aqui-si-fue-uno-de-los-seleccionados","status":"publish","type":"post","link":"https:\/\/dev.explora.cl\/magallanes\/postulaste-algun-proyecto-a-la-xix-feria-cientifica-del-liceo-mazzarello-revisa-aqui-si-fue-uno-de-los-seleccionados\/","title":{"rendered":"\u00bfPostulaste alg\u00fan proyecto a la XIX Feria Cient\u00edfica del Liceo Mazzarello? Revisa aqu\u00ed si fue uno de los seleccionados"},"content":{"rendered":"<p><img loading=\"lazy\" decoding=\"async\" class=\" size-full wp-image-31368\" src=\"http:\/\/ec2-54-245-22-188.us-west-2.compute.amazonaws.com\/wp-content\/uploads\/2018\/05\/Fenotipo_Mazzarello.JPG\" alt=\"Fenotipo Mazzarello\" width=\"1128\" height=\"718\" \/><\/p>\n<p><strong>La nueva edici\u00f3n de esta muestra cient\u00edfica escolar se estar\u00e1 desarrollando los d\u00edas 22, 23, y 24 de mayo en Puerto Natales<\/strong><\/p>\n<p>Ya no queda nada para la nueva edici\u00f3n de la tradicional Feria Cient\u00edfica Escolar organizada por el Liceo Mazzarello de Puerto Natales, en conjunto con el Proyecto Asociativo Regional, PAR Explora de CONICYT, Magallanes.<\/p>\n<p>En esta XIX versi\u00f3n y como cada a\u00f1o se pretende entregar una oportunidad a los j\u00f3venes magall\u00e1nicos para que potencien sus habilidades en el estudio de la ciencia y tengan un espacio para compartir sus logros y experiencias.<\/p>\n<p>&nbsp;EL proceso de postulaci\u00f3n ya se cerr\u00f3 y los proyectos cient\u00edficos seleccionados ya est\u00e1n disponibles <a href=\"https:\/\/drive.google.com\/open?id=15ASsAQrssqlNS8SZWDAV4brpx90QHhQH\">aqu\u00ed.<\/a><\/p>\n","protected":false},"excerpt":{"rendered":"<p>La nueva edici\u00f3n de esta muestra cient\u00edfica escolar se estar\u00e1 desarrollando los d\u00edas 22, 23, y 24 de mayo en Puerto Natales Ya no queda nada para la nueva edici\u00f3n de la tradicional Feria Cient\u00edfica Escolar organizada por el Liceo Mazzarello de Puerto Natales, en conjunto con el Proyecto Asociativo Regional, PAR Explora de CONICYT, [&hellip;]<\/p>\n","protected":false},"author":2,"featured_media":932,"comment_status":"open","ping_status":"open","sticky":false,"template":"","format":"standard","meta":{"_acf_changed":false,"_exactmetrics_skip_tracking":false,"_exactmetrics_sitenote_active":false,"_exactmetrics_sitenote_note":"","_exactmetrics_sitenote_category":0,"footnotes":"","_links_to":"","_links_to_target":""},"categories":[4],"tags":[],"class_list":["post-931","post","type-post","status-publish","format-standard","has-post-thumbnail","hentry","category-noticias"],"acf":[],"yoast_head":"<!-- This site is optimized with the Yoast SEO plugin v26.7 - https:\/\/yoast.com\/wordpress\/plugins\/seo\/ -->\n<title>\u00bfPostulaste alg\u00fan proyecto a la XIX Feria Cient\u00edfica del Liceo Mazzarello? Revisa aqu\u00ed si fue uno de los seleccionados - Magallanes<\/title>\n<meta name=\"robots\" content=\"index, follow, max-snippet:-1, max-image-preview:large, max-video-preview:-1\" \/>\n<link rel=\"canonical\" href=\"https:\/\/dev.explora.cl\/magallanes\/postulaste-algun-proyecto-a-la-xix-feria-cientifica-del-liceo-mazzarello-revisa-aqui-si-fue-uno-de-los-seleccionados\/\" class=\"yoast-seo-meta-tag\" \/>\n<meta property=\"og:locale\" content=\"es_ES\" class=\"yoast-seo-meta-tag\" \/>\n<meta property=\"og:type\" content=\"article\" class=\"yoast-seo-meta-tag\" \/>\n<meta property=\"og:title\" content=\"\u00bfPostulaste alg\u00fan proyecto a la XIX Feria Cient\u00edfica del Liceo Mazzarello? Revisa aqu\u00ed si fue uno de los seleccionados - Magallanes\" class=\"yoast-seo-meta-tag\" \/>\n<meta property=\"og:description\" content=\"La nueva edici\u00f3n de esta muestra cient\u00edfica escolar se estar\u00e1 desarrollando los d\u00edas 22, 23, y 24 de mayo en Puerto Natales Ya no queda nada para la nueva edici\u00f3n de la tradicional Feria Cient\u00edfica Escolar organizada por el Liceo Mazzarello de Puerto Natales, en conjunto con el Proyecto Asociativo Regional, PAR Explora de CONICYT, [&hellip;]\" class=\"yoast-seo-meta-tag\" \/>\n<meta property=\"og:url\" content=\"https:\/\/dev.explora.cl\/magallanes\/postulaste-algun-proyecto-a-la-xix-feria-cientifica-del-liceo-mazzarello-revisa-aqui-si-fue-uno-de-los-seleccionados\/\" class=\"yoast-seo-meta-tag\" \/>\n<meta property=\"og:site_name\" content=\"Magallanes\" class=\"yoast-seo-meta-tag\" \/>\n<meta property=\"article:published_time\" content=\"2018-05-15T04:00:00+00:00\" class=\"yoast-seo-meta-tag\" \/>\n<meta property=\"article:modified_time\" content=\"2019-05-20T21:34:27+00:00\" class=\"yoast-seo-meta-tag\" \/>\n<meta property=\"og:image\" content=\"https:\/\/dev.explora.cl\/magallanes\/wp-content\/uploads\/sites\/19\/2018\/06\/Fenotipo_Mazzarello.jpg\" class=\"yoast-seo-meta-tag\" \/>\n\t<meta property=\"og:image:width\" content=\"2048\" class=\"yoast-seo-meta-tag\" \/>\n\t<meta property=\"og:image:height\" content=\"1303\" class=\"yoast-seo-meta-tag\" \/>\n\t<meta property=\"og:image:type\" content=\"image\/jpeg\" class=\"yoast-seo-meta-tag\" \/>\n<meta name=\"author\" content=\"webman\" class=\"yoast-seo-meta-tag\" \/>\n<meta name=\"twitter:card\" content=\"summary_large_image\" class=\"yoast-seo-meta-tag\" \/>\n<meta name=\"twitter:label1\" content=\"Escrito por\" class=\"yoast-seo-meta-tag\" \/>\n\t<meta name=\"twitter:data1\" content=\"webman\" class=\"yoast-seo-meta-tag\" \/>\n\t<meta name=\"twitter:label2\" content=\"Tiempo estimado de lectura\" class=\"yoast-seo-meta-tag\" \/>\n\t<meta name=\"twitter:data2\" content=\"1 minuto\" class=\"yoast-seo-meta-tag\" \/>\n<script type=\"application\/ld+json\" class=\"yoast-schema-graph\">{\"@context\":\"https:\/\/schema.org\",\"@graph\":[{\"@type\":\"Article\",\"@id\":\"https:\/\/dev.explora.cl\/magallanes\/postulaste-algun-proyecto-a-la-xix-feria-cientifica-del-liceo-mazzarello-revisa-aqui-si-fue-uno-de-los-seleccionados\/#article\",\"isPartOf\":{\"@id\":\"https:\/\/dev.explora.cl\/magallanes\/postulaste-algun-proyecto-a-la-xix-feria-cientifica-del-liceo-mazzarello-revisa-aqui-si-fue-uno-de-los-seleccionados\/\"},\"author\":{\"name\":\"webman\",\"@id\":\"https:\/\/dev.explora.cl\/magallanes\/#\/schema\/person\/cb8349c13ea2d324080adf8480d7ba5d\"},\"headline\":\"\u00bfPostulaste alg\u00fan proyecto a la XIX Feria Cient\u00edfica del Liceo Mazzarello? Revisa aqu\u00ed si fue uno de los seleccionados\",\"datePublished\":\"2018-05-15T04:00:00+00:00\",\"dateModified\":\"2019-05-20T21:34:27+00:00\",\"mainEntityOfPage\":{\"@id\":\"https:\/\/dev.explora.cl\/magallanes\/postulaste-algun-proyecto-a-la-xix-feria-cientifica-del-liceo-mazzarello-revisa-aqui-si-fue-uno-de-los-seleccionados\/\"},\"wordCount\":141,\"commentCount\":0,\"publisher\":{\"@id\":\"https:\/\/dev.explora.cl\/magallanes\/#organization\"},\"image\":{\"@id\":\"https:\/\/dev.explora.cl\/magallanes\/postulaste-algun-proyecto-a-la-xix-feria-cientifica-del-liceo-mazzarello-revisa-aqui-si-fue-uno-de-los-seleccionados\/#primaryimage\"},\"thumbnailUrl\":\"https:\/\/dev.explora.cl\/magallanes\/wp-content\/uploads\/sites\/19\/2018\/06\/Fenotipo_Mazzarello.jpg\",\"articleSection\":[\"Noticias\"],\"inLanguage\":\"es-CL\",\"potentialAction\":[{\"@type\":\"CommentAction\",\"name\":\"Comment\",\"target\":[\"https:\/\/dev.explora.cl\/magallanes\/postulaste-algun-proyecto-a-la-xix-feria-cientifica-del-liceo-mazzarello-revisa-aqui-si-fue-uno-de-los-seleccionados\/#respond\"]}]},{\"@type\":\"WebPage\",\"@id\":\"https:\/\/dev.explora.cl\/magallanes\/postulaste-algun-proyecto-a-la-xix-feria-cientifica-del-liceo-mazzarello-revisa-aqui-si-fue-uno-de-los-seleccionados\/\",\"url\":\"https:\/\/dev.explora.cl\/magallanes\/postulaste-algun-proyecto-a-la-xix-feria-cientifica-del-liceo-mazzarello-revisa-aqui-si-fue-uno-de-los-seleccionados\/\",\"name\":\"\u00bfPostulaste alg\u00fan proyecto a la XIX Feria Cient\u00edfica del Liceo Mazzarello? Revisa aqu\u00ed si fue uno de los seleccionados - Magallanes\",\"isPartOf\":{\"@id\":\"https:\/\/dev.explora.cl\/magallanes\/#website\"},\"primaryImageOfPage\":{\"@id\":\"https:\/\/dev.explora.cl\/magallanes\/postulaste-algun-proyecto-a-la-xix-feria-cientifica-del-liceo-mazzarello-revisa-aqui-si-fue-uno-de-los-seleccionados\/#primaryimage\"},\"image\":{\"@id\":\"https:\/\/dev.explora.cl\/magallanes\/postulaste-algun-proyecto-a-la-xix-feria-cientifica-del-liceo-mazzarello-revisa-aqui-si-fue-uno-de-los-seleccionados\/#primaryimage\"},\"thumbnailUrl\":\"https:\/\/dev.explora.cl\/magallanes\/wp-content\/uploads\/sites\/19\/2018\/06\/Fenotipo_Mazzarello.jpg\",\"datePublished\":\"2018-05-15T04:00:00+00:00\",\"dateModified\":\"2019-05-20T21:34:27+00:00\",\"breadcrumb\":{\"@id\":\"https:\/\/dev.explora.cl\/magallanes\/postulaste-algun-proyecto-a-la-xix-feria-cientifica-del-liceo-mazzarello-revisa-aqui-si-fue-uno-de-los-seleccionados\/#breadcrumb\"},\"inLanguage\":\"es-CL\",\"potentialAction\":[{\"@type\":\"ReadAction\",\"target\":[\"https:\/\/dev.explora.cl\/magallanes\/postulaste-algun-proyecto-a-la-xix-feria-cientifica-del-liceo-mazzarello-revisa-aqui-si-fue-uno-de-los-seleccionados\/\"]}]},{\"@type\":\"ImageObject\",\"inLanguage\":\"es-CL\",\"@id\":\"https:\/\/dev.explora.cl\/magallanes\/postulaste-algun-proyecto-a-la-xix-feria-cientifica-del-liceo-mazzarello-revisa-aqui-si-fue-uno-de-los-seleccionados\/#primaryimage\",\"url\":\"https:\/\/dev.explora.cl\/magallanes\/wp-content\/uploads\/sites\/19\/2018\/06\/Fenotipo_Mazzarello.jpg\",\"contentUrl\":\"https:\/\/dev.explora.cl\/magallanes\/wp-content\/uploads\/sites\/19\/2018\/06\/Fenotipo_Mazzarello.jpg\",\"width\":2048,\"height\":1303,\"caption\":\"Fenotipo Mazzarello\"},{\"@type\":\"BreadcrumbList\",\"@id\":\"https:\/\/dev.explora.cl\/magallanes\/postulaste-algun-proyecto-a-la-xix-feria-cientifica-del-liceo-mazzarello-revisa-aqui-si-fue-uno-de-los-seleccionados\/#breadcrumb\",\"itemListElement\":[{\"@type\":\"ListItem\",\"position\":1,\"name\":\"Portada\",\"item\":\"https:\/\/dev.explora.cl\/magallanes\/\"},{\"@type\":\"ListItem\",\"position\":2,\"name\":\"\u00bfPostulaste alg\u00fan proyecto a la XIX Feria Cient\u00edfica del Liceo Mazzarello? Revisa aqu\u00ed si fue uno de los seleccionados\"}]},{\"@type\":\"WebSite\",\"@id\":\"https:\/\/dev.explora.cl\/magallanes\/#website\",\"url\":\"https:\/\/dev.explora.cl\/magallanes\/\",\"name\":\"Magallanes\",\"description\":\"Otro sitio m\u00e1s de dev.explora.cl\",\"publisher\":{\"@id\":\"https:\/\/dev.explora.cl\/magallanes\/#organization\"},\"potentialAction\":[{\"@type\":\"SearchAction\",\"target\":{\"@type\":\"EntryPoint\",\"urlTemplate\":\"https:\/\/dev.explora.cl\/magallanes\/?s={search_term_string}\"},\"query-input\":{\"@type\":\"PropertyValueSpecification\",\"valueRequired\":true,\"valueName\":\"search_term_string\"}}],\"inLanguage\":\"es-CL\"},{\"@type\":\"Organization\",\"@id\":\"https:\/\/dev.explora.cl\/magallanes\/#organization\",\"name\":\"Magallanes\",\"url\":\"https:\/\/dev.explora.cl\/magallanes\/\",\"logo\":{\"@type\":\"ImageObject\",\"inLanguage\":\"es-CL\",\"@id\":\"https:\/\/dev.explora.cl\/magallanes\/#\/schema\/logo\/image\/\",\"url\":\"https:\/\/dev.explora.cl\/magallanes\/wp-content\/uploads\/sites\/19\/2021\/06\/cropped-ICONO-COLOR-2.jpg\",\"contentUrl\":\"https:\/\/dev.explora.cl\/magallanes\/wp-content\/uploads\/sites\/19\/2021\/06\/cropped-ICONO-COLOR-2.jpg\",\"width\":1181,\"height\":1181,\"caption\":\"Magallanes\"},\"image\":{\"@id\":\"https:\/\/dev.explora.cl\/magallanes\/#\/schema\/logo\/image\/\"}},{\"@type\":\"Person\",\"@id\":\"https:\/\/dev.explora.cl\/magallanes\/#\/schema\/person\/cb8349c13ea2d324080adf8480d7ba5d\",\"name\":\"webman\",\"image\":{\"@type\":\"ImageObject\",\"inLanguage\":\"es-CL\",\"@id\":\"https:\/\/dev.explora.cl\/magallanes\/#\/schema\/person\/image\/\",\"url\":\"https:\/\/secure.gravatar.com\/avatar\/eeff3c82f2c02f7177d13663b7e6f890e9a6a0647ce9bb29cae02dcb094c7312?s=96&d=mm&r=g\",\"contentUrl\":\"https:\/\/secure.gravatar.com\/avatar\/eeff3c82f2c02f7177d13663b7e6f890e9a6a0647ce9bb29cae02dcb094c7312?s=96&d=mm&r=g\",\"caption\":\"webman\"},\"url\":\"https:\/\/dev.explora.cl\/magallanes\/author\/webman\/\"}]}<\/script>\n<!-- \/ Yoast SEO plugin. -->","yoast_head_json":{"title":"\u00bfPostulaste alg\u00fan proyecto a la XIX Feria Cient\u00edfica del Liceo Mazzarello? Revisa aqu\u00ed si fue uno de los seleccionados - Magallanes","robots":{"index":"index","follow":"follow","max-snippet":"max-snippet:-1","max-image-preview":"max-image-preview:large","max-video-preview":"max-video-preview:-1"},"canonical":"https:\/\/dev.explora.cl\/magallanes\/postulaste-algun-proyecto-a-la-xix-feria-cientifica-del-liceo-mazzarello-revisa-aqui-si-fue-uno-de-los-seleccionados\/","og_locale":"es_ES","og_type":"article","og_title":"\u00bfPostulaste alg\u00fan proyecto a la XIX Feria Cient\u00edfica del Liceo Mazzarello? Revisa aqu\u00ed si fue uno de los seleccionados - Magallanes","og_description":"La nueva edici\u00f3n de esta muestra cient\u00edfica escolar se estar\u00e1 desarrollando los d\u00edas 22, 23, y 24 de mayo en Puerto Natales Ya no queda nada para la nueva edici\u00f3n de la tradicional Feria Cient\u00edfica Escolar organizada por el Liceo Mazzarello de Puerto Natales, en conjunto con el Proyecto Asociativo Regional, PAR Explora de CONICYT, [&hellip;]","og_url":"https:\/\/dev.explora.cl\/magallanes\/postulaste-algun-proyecto-a-la-xix-feria-cientifica-del-liceo-mazzarello-revisa-aqui-si-fue-uno-de-los-seleccionados\/","og_site_name":"Magallanes","article_published_time":"2018-05-15T04:00:00+00:00","article_modified_time":"2019-05-20T21:34:27+00:00","og_image":[{"width":2048,"height":1303,"url":"https:\/\/dev.explora.cl\/magallanes\/wp-content\/uploads\/sites\/19\/2018\/06\/Fenotipo_Mazzarello.jpg","type":"image\/jpeg"}],"author":"webman","twitter_card":"summary_large_image","twitter_misc":{"Escrito por":"webman","Tiempo estimado de lectura":"1 minuto"},"schema":{"@context":"https:\/\/schema.org","@graph":[{"@type":"Article","@id":"https:\/\/dev.explora.cl\/magallanes\/postulaste-algun-proyecto-a-la-xix-feria-cientifica-del-liceo-mazzarello-revisa-aqui-si-fue-uno-de-los-seleccionados\/#article","isPartOf":{"@id":"https:\/\/dev.explora.cl\/magallanes\/postulaste-algun-proyecto-a-la-xix-feria-cientifica-del-liceo-mazzarello-revisa-aqui-si-fue-uno-de-los-seleccionados\/"},"author":{"name":"webman","@id":"https:\/\/dev.explora.cl\/magallanes\/#\/schema\/person\/cb8349c13ea2d324080adf8480d7ba5d"},"headline":"\u00bfPostulaste alg\u00fan proyecto a la XIX Feria Cient\u00edfica del Liceo Mazzarello? Revisa aqu\u00ed si fue uno de los seleccionados","datePublished":"2018-05-15T04:00:00+00:00","dateModified":"2019-05-20T21:34:27+00:00","mainEntityOfPage":{"@id":"https:\/\/dev.explora.cl\/magallanes\/postulaste-algun-proyecto-a-la-xix-feria-cientifica-del-liceo-mazzarello-revisa-aqui-si-fue-uno-de-los-seleccionados\/"},"wordCount":141,"commentCount":0,"publisher":{"@id":"https:\/\/dev.explora.cl\/magallanes\/#organization"},"image":{"@id":"https:\/\/dev.explora.cl\/magallanes\/postulaste-algun-proyecto-a-la-xix-feria-cientifica-del-liceo-mazzarello-revisa-aqui-si-fue-uno-de-los-seleccionados\/#primaryimage"},"thumbnailUrl":"https:\/\/dev.explora.cl\/magallanes\/wp-content\/uploads\/sites\/19\/2018\/06\/Fenotipo_Mazzarello.jpg","articleSection":["Noticias"],"inLanguage":"es-CL","potentialAction":[{"@type":"CommentAction","name":"Comment","target":["https:\/\/dev.explora.cl\/magallanes\/postulaste-algun-proyecto-a-la-xix-feria-cientifica-del-liceo-mazzarello-revisa-aqui-si-fue-uno-de-los-seleccionados\/#respond"]}]},{"@type":"WebPage","@id":"https:\/\/dev.explora.cl\/magallanes\/postulaste-algun-proyecto-a-la-xix-feria-cientifica-del-liceo-mazzarello-revisa-aqui-si-fue-uno-de-los-seleccionados\/","url":"https:\/\/dev.explora.cl\/magallanes\/postulaste-algun-proyecto-a-la-xix-feria-cientifica-del-liceo-mazzarello-revisa-aqui-si-fue-uno-de-los-seleccionados\/","name":"\u00bfPostulaste alg\u00fan proyecto a la XIX Feria Cient\u00edfica del Liceo Mazzarello? Revisa aqu\u00ed si fue uno de los seleccionados - Magallanes","isPartOf":{"@id":"https:\/\/dev.explora.cl\/magallanes\/#website"},"primaryImageOfPage":{"@id":"https:\/\/dev.explora.cl\/magallanes\/postulaste-algun-proyecto-a-la-xix-feria-cientifica-del-liceo-mazzarello-revisa-aqui-si-fue-uno-de-los-seleccionados\/#primaryimage"},"image":{"@id":"https:\/\/dev.explora.cl\/magallanes\/postulaste-algun-proyecto-a-la-xix-feria-cientifica-del-liceo-mazzarello-revisa-aqui-si-fue-uno-de-los-seleccionados\/#primaryimage"},"thumbnailUrl":"https:\/\/dev.explora.cl\/magallanes\/wp-content\/uploads\/sites\/19\/2018\/06\/Fenotipo_Mazzarello.jpg","datePublished":"2018-05-15T04:00:00+00:00","dateModified":"2019-05-20T21:34:27+00:00","breadcrumb":{"@id":"https:\/\/dev.explora.cl\/magallanes\/postulaste-algun-proyecto-a-la-xix-feria-cientifica-del-liceo-mazzarello-revisa-aqui-si-fue-uno-de-los-seleccionados\/#breadcrumb"},"inLanguage":"es-CL","potentialAction":[{"@type":"ReadAction","target":["https:\/\/dev.explora.cl\/magallanes\/postulaste-algun-proyecto-a-la-xix-feria-cientifica-del-liceo-mazzarello-revisa-aqui-si-fue-uno-de-los-seleccionados\/"]}]},{"@type":"ImageObject","inLanguage":"es-CL","@id":"https:\/\/dev.explora.cl\/magallanes\/postulaste-algun-proyecto-a-la-xix-feria-cientifica-del-liceo-mazzarello-revisa-aqui-si-fue-uno-de-los-seleccionados\/#primaryimage","url":"https:\/\/dev.explora.cl\/magallanes\/wp-content\/uploads\/sites\/19\/2018\/06\/Fenotipo_Mazzarello.jpg","contentUrl":"https:\/\/dev.explora.cl\/magallanes\/wp-content\/uploads\/sites\/19\/2018\/06\/Fenotipo_Mazzarello.jpg","width":2048,"height":1303,"caption":"Fenotipo Mazzarello"},{"@type":"BreadcrumbList","@id":"https:\/\/dev.explora.cl\/magallanes\/postulaste-algun-proyecto-a-la-xix-feria-cientifica-del-liceo-mazzarello-revisa-aqui-si-fue-uno-de-los-seleccionados\/#breadcrumb","itemListElement":[{"@type":"ListItem","position":1,"name":"Portada","item":"https:\/\/dev.explora.cl\/magallanes\/"},{"@type":"ListItem","position":2,"name":"\u00bfPostulaste alg\u00fan proyecto a la XIX Feria Cient\u00edfica del Liceo Mazzarello? Revisa aqu\u00ed si fue uno de los seleccionados"}]},{"@type":"WebSite","@id":"https:\/\/dev.explora.cl\/magallanes\/#website","url":"https:\/\/dev.explora.cl\/magallanes\/","name":"Magallanes","description":"Otro sitio m\u00e1s de dev.explora.cl","publisher":{"@id":"https:\/\/dev.explora.cl\/magallanes\/#organization"},"potentialAction":[{"@type":"SearchAction","target":{"@type":"EntryPoint","urlTemplate":"https:\/\/dev.explora.cl\/magallanes\/?s={search_term_string}"},"query-input":{"@type":"PropertyValueSpecification","valueRequired":true,"valueName":"search_term_string"}}],"inLanguage":"es-CL"},{"@type":"Organization","@id":"https:\/\/dev.explora.cl\/magallanes\/#organization","name":"Magallanes","url":"https:\/\/dev.explora.cl\/magallanes\/","logo":{"@type":"ImageObject","inLanguage":"es-CL","@id":"https:\/\/dev.explora.cl\/magallanes\/#\/schema\/logo\/image\/","url":"https:\/\/dev.explora.cl\/magallanes\/wp-content\/uploads\/sites\/19\/2021\/06\/cropped-ICONO-COLOR-2.jpg","contentUrl":"https:\/\/dev.explora.cl\/magallanes\/wp-content\/uploads\/sites\/19\/2021\/06\/cropped-ICONO-COLOR-2.jpg","width":1181,"height":1181,"caption":"Magallanes"},"image":{"@id":"https:\/\/dev.explora.cl\/magallanes\/#\/schema\/logo\/image\/"}},{"@type":"Person","@id":"https:\/\/dev.explora.cl\/magallanes\/#\/schema\/person\/cb8349c13ea2d324080adf8480d7ba5d","name":"webman","image":{"@type":"ImageObject","inLanguage":"es-CL","@id":"https:\/\/dev.explora.cl\/magallanes\/#\/schema\/person\/image\/","url":"https:\/\/secure.gravatar.com\/avatar\/eeff3c82f2c02f7177d13663b7e6f890e9a6a0647ce9bb29cae02dcb094c7312?s=96&d=mm&r=g","contentUrl":"https:\/\/secure.gravatar.com\/avatar\/eeff3c82f2c02f7177d13663b7e6f890e9a6a0647ce9bb29cae02dcb094c7312?s=96&d=mm&r=g","caption":"webman"},"url":"https:\/\/dev.explora.cl\/magallanes\/author\/webman\/"}]}},"_links":{"self":[{"href":"https:\/\/dev.explora.cl\/magallanes\/wp-json\/wp\/v2\/posts\/931","targetHints":{"allow":["GET"]}}],"collection":[{"href":"https:\/\/dev.explora.cl\/magallanes\/wp-json\/wp\/v2\/posts"}],"about":[{"href":"https:\/\/dev.explora.cl\/magallanes\/wp-json\/wp\/v2\/types\/post"}],"author":[{"embeddable":true,"href":"https:\/\/dev.explora.cl\/magallanes\/wp-json\/wp\/v2\/users\/2"}],"replies":[{"embeddable":true,"href":"https:\/\/dev.explora.cl\/magallanes\/wp-json\/wp\/v2\/comments?post=931"}],"version-history":[{"count":1,"href":"https:\/\/dev.explora.cl\/magallanes\/wp-json\/wp\/v2\/posts\/931\/revisions"}],"predecessor-version":[{"id":37588,"href":"https:\/\/dev.explora.cl\/magallanes\/wp-json\/wp\/v2\/posts\/931\/revisions\/37588"}],"wp:featuredmedia":[{"embeddable":true,"href":"https:\/\/dev.explora.cl\/magallanes\/wp-json\/wp\/v2\/media\/932"}],"wp:attachment":[{"href":"https:\/\/dev.explora.cl\/magallanes\/wp-json\/wp\/v2\/media?parent=931"}],"wp:term":[{"taxonomy":"category","embeddable":true,"href":"https:\/\/dev.explora.cl\/magallanes\/wp-json\/wp\/v2\/categories?post=931"},{"taxonomy":"post_tag","embeddable":true,"href":"https:\/\/dev.explora.cl\/magallanes\/wp-json\/wp\/v2\/tags?post=931"}],"curies":[{"name":"wp","href":"https:\/\/api.w.org\/{rel}","templated":true}]}}