{"id":927,"date":"2018-05-14T00:00:00","date_gmt":"2018-05-14T04:00:00","guid":{"rendered":"https:\/\/dev.explora.cl\/magallanes\/blog\/2018\/05\/14\/la-ciencia-llego-hasta-el-centro-penitenciario-de-punta-arenas\/"},"modified":"2019-05-20T21:34:27","modified_gmt":"2019-05-20T21:34:27","slug":"la-ciencia-llego-hasta-el-centro-penitenciario-de-punta-arenas","status":"publish","type":"post","link":"https:\/\/dev.explora.cl\/magallanes\/la-ciencia-llego-hasta-el-centro-penitenciario-de-punta-arenas\/","title":{"rendered":"La ciencia lleg\u00f3 hasta el Centro Penitenciario de Punta Arenas"},"content":{"rendered":"<p><img loading=\"lazy\" decoding=\"async\" class=\" size-full wp-image-31333\" src=\"http:\/\/ec2-54-245-22-188.us-west-2.compute.amazonaws.com\/wp-content\/uploads\/2018\/05\/Actividad_Colegio_Andino_3.JPG\" alt=\"Actividad Colegio Andino 3\" width=\"1322\" height=\"881\" \/><\/p>\n<p>&nbsp;<\/p>\n<ul>\n<li><strong>La iniciativa busc\u00f3 entregar un momento de esparcimiento a los internos del Colegio Andino. A trav\u00e9s de distintas actividades los reclusos pudieron descubrir secretos del continente blanco.<\/strong><\/li>\n<\/ul>\n<p>Buscando acercar la ciencia a todos los rincones de la regi\u00f3n, el pasado viernes el <strong>Proyecto Asociativo Regional (PAR) Explora de CONICYT Magallanes, realiz\u00f3 una actividad en el Colegio Andino<\/strong> &#8211; perteneciente al Centro Penitenciario de Punta Arenas &#8211; donde <strong>m\u00e1s de 30 internos pudieron aprender sobre el continente ant\u00e1rtico y los efectos del cambio clim\u00e1tico en \u00e9l.<\/strong><\/p>\n<p>En primera instancia se les present\u00f3 una muestra de distintos animales invertebrados que habitan esa zona, para posteriormente comenzar un<strong> juego did\u00e1ctico acerca de la cadena tr\u00f3fica marina y su importancia para el desarrollo de las variadas especies<\/strong> que habitan en la Ant\u00e1rtica.<\/p>\n<p>Una charla y un documental &nbsp;sobre cambio clim\u00e1tico dieron paso a un conversatorio, donde los estudiantes del Colegio Andino pudieron dar a conocer sus puntos de vista con respecto a esta situaci\u00f3n. <strong>Los reclusos participaron activamente durante toda la jornada.<\/strong><\/p>\n<p>\u201cMe parece que es una muy buena idea de hacer inclusi\u00f3n y mostrarles cosas que hay fuera de la c\u00e1rcel, pero entend\u00edamos que tambi\u00e9n era dif\u00edcil llegar a ellos por la problem\u00e1tica social en la que viven. Result\u00f3 mejor de lo esperado, es muy distinto trabajar con ni\u00f1os que con personas adultas y con problem\u00e1ticas distintas a la que se est\u00e1 acostumbrada. Pero <strong>fue un desaf\u00edo que como equipo quisimos tomar &nbsp;y creo que result\u00f3 estupendo\u201d asegur\u00f3 Claudia Salinas, Directora de PAR Explora Magallanes.<\/strong><\/p>\n<p>Por su parte la directora del Colegio Andino, <strong>Fabiana Figueroa, coment\u00f3 que la iniciativa marc\u00f3 un antes y un despu\u00e9s para los internos.<\/strong> \u201cS\u00f3lo queda agradecer por la actividad mostrada, los estudiantes quedaron muy satisfechos y los profesores tambi\u00e9n\u201d.<\/p>\n<p>Finalmente Patricio Contreras, profesor de biolog\u00eda del Centro Penitenciario manifest\u00f3 que para todos sus estudiantes fue una experiencia \u00fanica.<strong> \u201cRecog\u00ed la opini\u00f3n de varios chicos y estaban muy entusiasmados y agradecidos por lo que se hizo<\/strong>. Se pudo notar que a clave de la exitosa jornada fue la interacci\u00f3n y el di\u00e1logo que se tuvo con ellos, el que se sintieran escuchados fue fundamental. Coordinar cosas como estas nunca es sencillo pero se logr\u00f3\u201d.<\/p>\n","protected":false},"excerpt":{"rendered":"<p>&nbsp; La iniciativa busc\u00f3 entregar un momento de esparcimiento a los internos del Colegio Andino. A trav\u00e9s de distintas actividades los reclusos pudieron descubrir secretos del continente blanco. Buscando acercar la ciencia a todos los rincones de la regi\u00f3n, el pasado viernes el Proyecto Asociativo Regional (PAR) Explora de CONICYT Magallanes, realiz\u00f3 una actividad en [&hellip;]<\/p>\n","protected":false},"author":2,"featured_media":928,"comment_status":"open","ping_status":"open","sticky":false,"template":"","format":"standard","meta":{"_acf_changed":false,"_exactmetrics_skip_tracking":false,"_exactmetrics_sitenote_active":false,"_exactmetrics_sitenote_note":"","_exactmetrics_sitenote_category":0,"footnotes":"","_links_to":"","_links_to_target":""},"categories":[4],"tags":[],"class_list":["post-927","post","type-post","status-publish","format-standard","has-post-thumbnail","hentry","category-noticias"],"acf":[],"yoast_head":"<!-- This site is optimized with the Yoast SEO plugin v26.7 - https:\/\/yoast.com\/wordpress\/plugins\/seo\/ -->\n<title>La ciencia lleg\u00f3 hasta el Centro Penitenciario de Punta Arenas - Magallanes<\/title>\n<meta name=\"robots\" content=\"index, follow, max-snippet:-1, max-image-preview:large, max-video-preview:-1\" \/>\n<link rel=\"canonical\" href=\"https:\/\/dev.explora.cl\/magallanes\/la-ciencia-llego-hasta-el-centro-penitenciario-de-punta-arenas\/\" class=\"yoast-seo-meta-tag\" \/>\n<meta property=\"og:locale\" content=\"es_ES\" class=\"yoast-seo-meta-tag\" \/>\n<meta property=\"og:type\" content=\"article\" class=\"yoast-seo-meta-tag\" \/>\n<meta property=\"og:title\" content=\"La ciencia lleg\u00f3 hasta el Centro Penitenciario de Punta Arenas - Magallanes\" class=\"yoast-seo-meta-tag\" \/>\n<meta property=\"og:description\" content=\"&nbsp; La iniciativa busc\u00f3 entregar un momento de esparcimiento a los internos del Colegio Andino. A trav\u00e9s de distintas actividades los reclusos pudieron descubrir secretos del continente blanco. Buscando acercar la ciencia a todos los rincones de la regi\u00f3n, el pasado viernes el Proyecto Asociativo Regional (PAR) Explora de CONICYT Magallanes, realiz\u00f3 una actividad en [&hellip;]\" class=\"yoast-seo-meta-tag\" \/>\n<meta property=\"og:url\" content=\"https:\/\/dev.explora.cl\/magallanes\/la-ciencia-llego-hasta-el-centro-penitenciario-de-punta-arenas\/\" class=\"yoast-seo-meta-tag\" \/>\n<meta property=\"og:site_name\" content=\"Magallanes\" class=\"yoast-seo-meta-tag\" \/>\n<meta property=\"article:published_time\" content=\"2018-05-14T04:00:00+00:00\" class=\"yoast-seo-meta-tag\" \/>\n<meta property=\"article:modified_time\" content=\"2019-05-20T21:34:27+00:00\" class=\"yoast-seo-meta-tag\" \/>\n<meta property=\"og:image\" content=\"https:\/\/dev.explora.cl\/magallanes\/wp-content\/uploads\/sites\/19\/2018\/06\/Actividad_Colegio_Andino_3.jpg\" class=\"yoast-seo-meta-tag\" \/>\n\t<meta property=\"og:image:width\" content=\"2048\" class=\"yoast-seo-meta-tag\" \/>\n\t<meta property=\"og:image:height\" content=\"1366\" class=\"yoast-seo-meta-tag\" \/>\n\t<meta property=\"og:image:type\" content=\"image\/jpeg\" class=\"yoast-seo-meta-tag\" \/>\n<meta name=\"author\" content=\"webman\" class=\"yoast-seo-meta-tag\" \/>\n<meta name=\"twitter:card\" content=\"summary_large_image\" class=\"yoast-seo-meta-tag\" \/>\n<meta name=\"twitter:label1\" content=\"Escrito por\" class=\"yoast-seo-meta-tag\" \/>\n\t<meta name=\"twitter:data1\" content=\"webman\" class=\"yoast-seo-meta-tag\" \/>\n\t<meta name=\"twitter:label2\" content=\"Tiempo estimado de lectura\" class=\"yoast-seo-meta-tag\" \/>\n\t<meta name=\"twitter:data2\" content=\"2 minutos\" class=\"yoast-seo-meta-tag\" \/>\n<script type=\"application\/ld+json\" class=\"yoast-schema-graph\">{\"@context\":\"https:\/\/schema.org\",\"@graph\":[{\"@type\":\"Article\",\"@id\":\"https:\/\/dev.explora.cl\/magallanes\/la-ciencia-llego-hasta-el-centro-penitenciario-de-punta-arenas\/#article\",\"isPartOf\":{\"@id\":\"https:\/\/dev.explora.cl\/magallanes\/la-ciencia-llego-hasta-el-centro-penitenciario-de-punta-arenas\/\"},\"author\":{\"name\":\"webman\",\"@id\":\"https:\/\/dev.explora.cl\/magallanes\/#\/schema\/person\/cb8349c13ea2d324080adf8480d7ba5d\"},\"headline\":\"La ciencia lleg\u00f3 hasta el Centro Penitenciario de Punta Arenas\",\"datePublished\":\"2018-05-14T04:00:00+00:00\",\"dateModified\":\"2019-05-20T21:34:27+00:00\",\"mainEntityOfPage\":{\"@id\":\"https:\/\/dev.explora.cl\/magallanes\/la-ciencia-llego-hasta-el-centro-penitenciario-de-punta-arenas\/\"},\"wordCount\":403,\"commentCount\":0,\"publisher\":{\"@id\":\"https:\/\/dev.explora.cl\/magallanes\/#organization\"},\"image\":{\"@id\":\"https:\/\/dev.explora.cl\/magallanes\/la-ciencia-llego-hasta-el-centro-penitenciario-de-punta-arenas\/#primaryimage\"},\"thumbnailUrl\":\"https:\/\/dev.explora.cl\/magallanes\/wp-content\/uploads\/sites\/19\/2018\/06\/Actividad_Colegio_Andino_3.jpg\",\"articleSection\":[\"Noticias\"],\"inLanguage\":\"es-CL\",\"potentialAction\":[{\"@type\":\"CommentAction\",\"name\":\"Comment\",\"target\":[\"https:\/\/dev.explora.cl\/magallanes\/la-ciencia-llego-hasta-el-centro-penitenciario-de-punta-arenas\/#respond\"]}]},{\"@type\":\"WebPage\",\"@id\":\"https:\/\/dev.explora.cl\/magallanes\/la-ciencia-llego-hasta-el-centro-penitenciario-de-punta-arenas\/\",\"url\":\"https:\/\/dev.explora.cl\/magallanes\/la-ciencia-llego-hasta-el-centro-penitenciario-de-punta-arenas\/\",\"name\":\"La ciencia lleg\u00f3 hasta el Centro Penitenciario de Punta Arenas - Magallanes\",\"isPartOf\":{\"@id\":\"https:\/\/dev.explora.cl\/magallanes\/#website\"},\"primaryImageOfPage\":{\"@id\":\"https:\/\/dev.explora.cl\/magallanes\/la-ciencia-llego-hasta-el-centro-penitenciario-de-punta-arenas\/#primaryimage\"},\"image\":{\"@id\":\"https:\/\/dev.explora.cl\/magallanes\/la-ciencia-llego-hasta-el-centro-penitenciario-de-punta-arenas\/#primaryimage\"},\"thumbnailUrl\":\"https:\/\/dev.explora.cl\/magallanes\/wp-content\/uploads\/sites\/19\/2018\/06\/Actividad_Colegio_Andino_3.jpg\",\"datePublished\":\"2018-05-14T04:00:00+00:00\",\"dateModified\":\"2019-05-20T21:34:27+00:00\",\"breadcrumb\":{\"@id\":\"https:\/\/dev.explora.cl\/magallanes\/la-ciencia-llego-hasta-el-centro-penitenciario-de-punta-arenas\/#breadcrumb\"},\"inLanguage\":\"es-CL\",\"potentialAction\":[{\"@type\":\"ReadAction\",\"target\":[\"https:\/\/dev.explora.cl\/magallanes\/la-ciencia-llego-hasta-el-centro-penitenciario-de-punta-arenas\/\"]}]},{\"@type\":\"ImageObject\",\"inLanguage\":\"es-CL\",\"@id\":\"https:\/\/dev.explora.cl\/magallanes\/la-ciencia-llego-hasta-el-centro-penitenciario-de-punta-arenas\/#primaryimage\",\"url\":\"https:\/\/dev.explora.cl\/magallanes\/wp-content\/uploads\/sites\/19\/2018\/06\/Actividad_Colegio_Andino_3.jpg\",\"contentUrl\":\"https:\/\/dev.explora.cl\/magallanes\/wp-content\/uploads\/sites\/19\/2018\/06\/Actividad_Colegio_Andino_3.jpg\",\"width\":2048,\"height\":1366,\"caption\":\"Actividad Colegio Andino 3\"},{\"@type\":\"BreadcrumbList\",\"@id\":\"https:\/\/dev.explora.cl\/magallanes\/la-ciencia-llego-hasta-el-centro-penitenciario-de-punta-arenas\/#breadcrumb\",\"itemListElement\":[{\"@type\":\"ListItem\",\"position\":1,\"name\":\"Portada\",\"item\":\"https:\/\/dev.explora.cl\/magallanes\/\"},{\"@type\":\"ListItem\",\"position\":2,\"name\":\"La ciencia lleg\u00f3 hasta el Centro Penitenciario de Punta Arenas\"}]},{\"@type\":\"WebSite\",\"@id\":\"https:\/\/dev.explora.cl\/magallanes\/#website\",\"url\":\"https:\/\/dev.explora.cl\/magallanes\/\",\"name\":\"Magallanes\",\"description\":\"Otro sitio m\u00e1s de dev.explora.cl\",\"publisher\":{\"@id\":\"https:\/\/dev.explora.cl\/magallanes\/#organization\"},\"potentialAction\":[{\"@type\":\"SearchAction\",\"target\":{\"@type\":\"EntryPoint\",\"urlTemplate\":\"https:\/\/dev.explora.cl\/magallanes\/?s={search_term_string}\"},\"query-input\":{\"@type\":\"PropertyValueSpecification\",\"valueRequired\":true,\"valueName\":\"search_term_string\"}}],\"inLanguage\":\"es-CL\"},{\"@type\":\"Organization\",\"@id\":\"https:\/\/dev.explora.cl\/magallanes\/#organization\",\"name\":\"Magallanes\",\"url\":\"https:\/\/dev.explora.cl\/magallanes\/\",\"logo\":{\"@type\":\"ImageObject\",\"inLanguage\":\"es-CL\",\"@id\":\"https:\/\/dev.explora.cl\/magallanes\/#\/schema\/logo\/image\/\",\"url\":\"https:\/\/dev.explora.cl\/magallanes\/wp-content\/uploads\/sites\/19\/2021\/06\/cropped-ICONO-COLOR-2.jpg\",\"contentUrl\":\"https:\/\/dev.explora.cl\/magallanes\/wp-content\/uploads\/sites\/19\/2021\/06\/cropped-ICONO-COLOR-2.jpg\",\"width\":1181,\"height\":1181,\"caption\":\"Magallanes\"},\"image\":{\"@id\":\"https:\/\/dev.explora.cl\/magallanes\/#\/schema\/logo\/image\/\"}},{\"@type\":\"Person\",\"@id\":\"https:\/\/dev.explora.cl\/magallanes\/#\/schema\/person\/cb8349c13ea2d324080adf8480d7ba5d\",\"name\":\"webman\",\"image\":{\"@type\":\"ImageObject\",\"inLanguage\":\"es-CL\",\"@id\":\"https:\/\/dev.explora.cl\/magallanes\/#\/schema\/person\/image\/\",\"url\":\"https:\/\/secure.gravatar.com\/avatar\/eeff3c82f2c02f7177d13663b7e6f890e9a6a0647ce9bb29cae02dcb094c7312?s=96&d=mm&r=g\",\"contentUrl\":\"https:\/\/secure.gravatar.com\/avatar\/eeff3c82f2c02f7177d13663b7e6f890e9a6a0647ce9bb29cae02dcb094c7312?s=96&d=mm&r=g\",\"caption\":\"webman\"},\"url\":\"https:\/\/dev.explora.cl\/magallanes\/author\/webman\/\"}]}<\/script>\n<!-- \/ Yoast SEO plugin. -->","yoast_head_json":{"title":"La ciencia lleg\u00f3 hasta el Centro Penitenciario de Punta Arenas - Magallanes","robots":{"index":"index","follow":"follow","max-snippet":"max-snippet:-1","max-image-preview":"max-image-preview:large","max-video-preview":"max-video-preview:-1"},"canonical":"https:\/\/dev.explora.cl\/magallanes\/la-ciencia-llego-hasta-el-centro-penitenciario-de-punta-arenas\/","og_locale":"es_ES","og_type":"article","og_title":"La ciencia lleg\u00f3 hasta el Centro Penitenciario de Punta Arenas - Magallanes","og_description":"&nbsp; La iniciativa busc\u00f3 entregar un momento de esparcimiento a los internos del Colegio Andino. A trav\u00e9s de distintas actividades los reclusos pudieron descubrir secretos del continente blanco. Buscando acercar la ciencia a todos los rincones de la regi\u00f3n, el pasado viernes el Proyecto Asociativo Regional (PAR) Explora de CONICYT Magallanes, realiz\u00f3 una actividad en [&hellip;]","og_url":"https:\/\/dev.explora.cl\/magallanes\/la-ciencia-llego-hasta-el-centro-penitenciario-de-punta-arenas\/","og_site_name":"Magallanes","article_published_time":"2018-05-14T04:00:00+00:00","article_modified_time":"2019-05-20T21:34:27+00:00","og_image":[{"width":2048,"height":1366,"url":"https:\/\/dev.explora.cl\/magallanes\/wp-content\/uploads\/sites\/19\/2018\/06\/Actividad_Colegio_Andino_3.jpg","type":"image\/jpeg"}],"author":"webman","twitter_card":"summary_large_image","twitter_misc":{"Escrito por":"webman","Tiempo estimado de lectura":"2 minutos"},"schema":{"@context":"https:\/\/schema.org","@graph":[{"@type":"Article","@id":"https:\/\/dev.explora.cl\/magallanes\/la-ciencia-llego-hasta-el-centro-penitenciario-de-punta-arenas\/#article","isPartOf":{"@id":"https:\/\/dev.explora.cl\/magallanes\/la-ciencia-llego-hasta-el-centro-penitenciario-de-punta-arenas\/"},"author":{"name":"webman","@id":"https:\/\/dev.explora.cl\/magallanes\/#\/schema\/person\/cb8349c13ea2d324080adf8480d7ba5d"},"headline":"La ciencia lleg\u00f3 hasta el Centro Penitenciario de Punta Arenas","datePublished":"2018-05-14T04:00:00+00:00","dateModified":"2019-05-20T21:34:27+00:00","mainEntityOfPage":{"@id":"https:\/\/dev.explora.cl\/magallanes\/la-ciencia-llego-hasta-el-centro-penitenciario-de-punta-arenas\/"},"wordCount":403,"commentCount":0,"publisher":{"@id":"https:\/\/dev.explora.cl\/magallanes\/#organization"},"image":{"@id":"https:\/\/dev.explora.cl\/magallanes\/la-ciencia-llego-hasta-el-centro-penitenciario-de-punta-arenas\/#primaryimage"},"thumbnailUrl":"https:\/\/dev.explora.cl\/magallanes\/wp-content\/uploads\/sites\/19\/2018\/06\/Actividad_Colegio_Andino_3.jpg","articleSection":["Noticias"],"inLanguage":"es-CL","potentialAction":[{"@type":"CommentAction","name":"Comment","target":["https:\/\/dev.explora.cl\/magallanes\/la-ciencia-llego-hasta-el-centro-penitenciario-de-punta-arenas\/#respond"]}]},{"@type":"WebPage","@id":"https:\/\/dev.explora.cl\/magallanes\/la-ciencia-llego-hasta-el-centro-penitenciario-de-punta-arenas\/","url":"https:\/\/dev.explora.cl\/magallanes\/la-ciencia-llego-hasta-el-centro-penitenciario-de-punta-arenas\/","name":"La ciencia lleg\u00f3 hasta el Centro Penitenciario de Punta Arenas - Magallanes","isPartOf":{"@id":"https:\/\/dev.explora.cl\/magallanes\/#website"},"primaryImageOfPage":{"@id":"https:\/\/dev.explora.cl\/magallanes\/la-ciencia-llego-hasta-el-centro-penitenciario-de-punta-arenas\/#primaryimage"},"image":{"@id":"https:\/\/dev.explora.cl\/magallanes\/la-ciencia-llego-hasta-el-centro-penitenciario-de-punta-arenas\/#primaryimage"},"thumbnailUrl":"https:\/\/dev.explora.cl\/magallanes\/wp-content\/uploads\/sites\/19\/2018\/06\/Actividad_Colegio_Andino_3.jpg","datePublished":"2018-05-14T04:00:00+00:00","dateModified":"2019-05-20T21:34:27+00:00","breadcrumb":{"@id":"https:\/\/dev.explora.cl\/magallanes\/la-ciencia-llego-hasta-el-centro-penitenciario-de-punta-arenas\/#breadcrumb"},"inLanguage":"es-CL","potentialAction":[{"@type":"ReadAction","target":["https:\/\/dev.explora.cl\/magallanes\/la-ciencia-llego-hasta-el-centro-penitenciario-de-punta-arenas\/"]}]},{"@type":"ImageObject","inLanguage":"es-CL","@id":"https:\/\/dev.explora.cl\/magallanes\/la-ciencia-llego-hasta-el-centro-penitenciario-de-punta-arenas\/#primaryimage","url":"https:\/\/dev.explora.cl\/magallanes\/wp-content\/uploads\/sites\/19\/2018\/06\/Actividad_Colegio_Andino_3.jpg","contentUrl":"https:\/\/dev.explora.cl\/magallanes\/wp-content\/uploads\/sites\/19\/2018\/06\/Actividad_Colegio_Andino_3.jpg","width":2048,"height":1366,"caption":"Actividad Colegio Andino 3"},{"@type":"BreadcrumbList","@id":"https:\/\/dev.explora.cl\/magallanes\/la-ciencia-llego-hasta-el-centro-penitenciario-de-punta-arenas\/#breadcrumb","itemListElement":[{"@type":"ListItem","position":1,"name":"Portada","item":"https:\/\/dev.explora.cl\/magallanes\/"},{"@type":"ListItem","position":2,"name":"La ciencia lleg\u00f3 hasta el Centro Penitenciario de Punta Arenas"}]},{"@type":"WebSite","@id":"https:\/\/dev.explora.cl\/magallanes\/#website","url":"https:\/\/dev.explora.cl\/magallanes\/","name":"Magallanes","description":"Otro sitio m\u00e1s de dev.explora.cl","publisher":{"@id":"https:\/\/dev.explora.cl\/magallanes\/#organization"},"potentialAction":[{"@type":"SearchAction","target":{"@type":"EntryPoint","urlTemplate":"https:\/\/dev.explora.cl\/magallanes\/?s={search_term_string}"},"query-input":{"@type":"PropertyValueSpecification","valueRequired":true,"valueName":"search_term_string"}}],"inLanguage":"es-CL"},{"@type":"Organization","@id":"https:\/\/dev.explora.cl\/magallanes\/#organization","name":"Magallanes","url":"https:\/\/dev.explora.cl\/magallanes\/","logo":{"@type":"ImageObject","inLanguage":"es-CL","@id":"https:\/\/dev.explora.cl\/magallanes\/#\/schema\/logo\/image\/","url":"https:\/\/dev.explora.cl\/magallanes\/wp-content\/uploads\/sites\/19\/2021\/06\/cropped-ICONO-COLOR-2.jpg","contentUrl":"https:\/\/dev.explora.cl\/magallanes\/wp-content\/uploads\/sites\/19\/2021\/06\/cropped-ICONO-COLOR-2.jpg","width":1181,"height":1181,"caption":"Magallanes"},"image":{"@id":"https:\/\/dev.explora.cl\/magallanes\/#\/schema\/logo\/image\/"}},{"@type":"Person","@id":"https:\/\/dev.explora.cl\/magallanes\/#\/schema\/person\/cb8349c13ea2d324080adf8480d7ba5d","name":"webman","image":{"@type":"ImageObject","inLanguage":"es-CL","@id":"https:\/\/dev.explora.cl\/magallanes\/#\/schema\/person\/image\/","url":"https:\/\/secure.gravatar.com\/avatar\/eeff3c82f2c02f7177d13663b7e6f890e9a6a0647ce9bb29cae02dcb094c7312?s=96&d=mm&r=g","contentUrl":"https:\/\/secure.gravatar.com\/avatar\/eeff3c82f2c02f7177d13663b7e6f890e9a6a0647ce9bb29cae02dcb094c7312?s=96&d=mm&r=g","caption":"webman"},"url":"https:\/\/dev.explora.cl\/magallanes\/author\/webman\/"}]}},"_links":{"self":[{"href":"https:\/\/dev.explora.cl\/magallanes\/wp-json\/wp\/v2\/posts\/927","targetHints":{"allow":["GET"]}}],"collection":[{"href":"https:\/\/dev.explora.cl\/magallanes\/wp-json\/wp\/v2\/posts"}],"about":[{"href":"https:\/\/dev.explora.cl\/magallanes\/wp-json\/wp\/v2\/types\/post"}],"author":[{"embeddable":true,"href":"https:\/\/dev.explora.cl\/magallanes\/wp-json\/wp\/v2\/users\/2"}],"replies":[{"embeddable":true,"href":"https:\/\/dev.explora.cl\/magallanes\/wp-json\/wp\/v2\/comments?post=927"}],"version-history":[{"count":1,"href":"https:\/\/dev.explora.cl\/magallanes\/wp-json\/wp\/v2\/posts\/927\/revisions"}],"predecessor-version":[{"id":37589,"href":"https:\/\/dev.explora.cl\/magallanes\/wp-json\/wp\/v2\/posts\/927\/revisions\/37589"}],"wp:featuredmedia":[{"embeddable":true,"href":"https:\/\/dev.explora.cl\/magallanes\/wp-json\/wp\/v2\/media\/928"}],"wp:attachment":[{"href":"https:\/\/dev.explora.cl\/magallanes\/wp-json\/wp\/v2\/media?parent=927"}],"wp:term":[{"taxonomy":"category","embeddable":true,"href":"https:\/\/dev.explora.cl\/magallanes\/wp-json\/wp\/v2\/categories?post=927"},{"taxonomy":"post_tag","embeddable":true,"href":"https:\/\/dev.explora.cl\/magallanes\/wp-json\/wp\/v2\/tags?post=927"}],"curies":[{"name":"wp","href":"https:\/\/api.w.org\/{rel}","templated":true}]}}