{"id":900,"date":"2018-03-14T00:00:00","date_gmt":"2018-03-14T04:00:00","guid":{"rendered":"https:\/\/dev.explora.cl\/magallanes\/blog\/2018\/03\/14\/exposicion-antartica-extrema-extiende-sus-horarios-de-atencion-y-permanencia-en-el-centro-integral-infantil-de-juego-y-movimiento\/"},"modified":"2019-05-20T21:34:37","modified_gmt":"2019-05-20T21:34:37","slug":"exposicion-antartica-extrema-extiende-sus-horarios-de-atencion-y-permanencia-en-el-centro-integral-infantil-de-juego-y-movimiento","status":"publish","type":"post","link":"https:\/\/dev.explora.cl\/magallanes\/exposicion-antartica-extrema-extiende-sus-horarios-de-atencion-y-permanencia-en-el-centro-integral-infantil-de-juego-y-movimiento\/","title":{"rendered":"Exposici\u00f3n Ant\u00e1rtica Extrema extiende sus horarios de atenci\u00f3n y permanencia en el Centro Integral Infantil de Juego y Movimiento"},"content":{"rendered":"<p><img loading=\"lazy\" decoding=\"async\" class=\" size-full wp-image-30164\" src=\"http:\/\/ec2-54-245-22-188.us-west-2.compute.amazonaws.com\/wp-content\/uploads\/2018\/03\/Antarticaextremacijum.jpg\" alt=\"\" width=\"1280\" height=\"960\" \/><\/p>\n<p>Debido al gran inter\u00e9s de la comunidad magall\u00e1nica por querer visitar la muestra itinerante Ant\u00e1rtica Extrema, es que se extendi\u00f3 hasta el viernes 13 de abril, su permanencia en el tercer piso del Centro Integral Infantil de Juego y Movimiento, recinto de la Junta Nacional de Jardines Infantiles que se encuentra ubicado en Avenida Salvador Allende #0291 (acceso por Pasaje Rancagua), en pleno Barrio 18 de Septiembre. &nbsp;<\/p>\n<p>En primera instancia, su funcionamiento era solo durante la jornada de ma\u00f1ana (09 a 12.30 horas) de lunes a viernes. No obstante, y para beneficiar tambi\u00e9n a aquellos estudiantes que asisten a sus colegios o jardines infantiles solo durante la tarde, es que se agreg\u00f3 un nuevo horario de atenci\u00f3n, que va desde las 14 a las 16 horas de martes a viernes.<\/p>\n<p><strong>\u00bfQu\u00e9 es Ant\u00e1rtica Extrema? <\/strong><\/p>\n<p>Cabe destacar que Ant\u00e1rtica Extrema es la primera muestra desarrollada por el Proyecto Asociativo Regional (PAR) Explora de CONICYT de la Regi\u00f3n de Magallanes y de la Ant\u00e1rtica Chilena de la Universidad de Magallanes, y fue dise\u00f1ada por investigadores de la UMAG y del Instituto Ant\u00e1rtico Chileno (INACH), adem\u00e1s fue construida por el Centro Interactivo de Ciencias, Artes y Tecnolog\u00eda (CICAT) de la Universidad de Concepci\u00f3n.<\/p>\n<p>Cuenta con seis m\u00f3dulos interactivos donde los visitantes pueden aprender sobre materias tales como historia, geograf\u00eda, paleontolog\u00eda, fauna o flora ant\u00e1rtica, y adem\u00e1s se realizan distintas experiencias educativas atractivas para los visitantes. El objetivo principal de esta exposici\u00f3n es acercar las maravillas del Continente Blanco a la comunidad, tal como lo explica la encargada de Vinculaci\u00f3n Escolar del PAR Explora Magallanes, Katherine Barr\u00eda: \u201cConsiste en llevar a todos los visitantes por un ratito a la Ant\u00e1rtica para que ellos conozcan su geograf\u00eda, su historia y sus especies, no solo lo que todos saben que son los ping\u00fcinos o las bajas temperaturas, ya que la Ant\u00e1rtica es mucho m\u00e1s que eso, y eso es lo que espera la exposici\u00f3n: ampliar los conocimientos de la comunidad, hacerlo m\u00e1s colectivo, un tema que nos importa a todos nosotros porque somos la Regi\u00f3n de Magallanes y de la Ant\u00e1rtica Chilena, y no solo Magallanes\u201d.<\/p>\n<p>La exhibici\u00f3n ya ha sido visitada por m\u00e1s de seis mil personas, en Punta Arenas estuvo en el Patio de Ingenier\u00eda de la Universidad de Magallanes, en el Liceo Luis Alberto Barrera, en los Colegios Charles Darwin, Luterano, Alem\u00e1n y en la Escuela Espa\u00f1a. Tambi\u00e9n se traslad\u00f3 al Liceo Donald Mc Intyre Griffiths de Puerto Williams, itiner\u00f3 en el Liceo Polivalente Hernando de Magallanes de Porvenir; y en octubre pasado estuvo en el Liceo Gabriela Mistral y en la Escuela Coronel Santiago Bueras de Puerto Natales. &nbsp;&nbsp;&nbsp;&nbsp;<\/p>\n<p>La muestra cuenta con el apoyo del Instituto Ant\u00e1rtico Chileno (INACH) y con la iniciativa nacional M\u00e1gico ChileMIO de la Universidad de Concepci\u00f3n que muestra a los visitantes de forma interactiva las maravillas de los oc\u00e9anos.<\/p>\n<p>De igual forma, el PAR Explora Magallanes, agradece el apoyo brindado por la JUNJI Magallanes, y especialmente a la directora del Centro Integral Infantil de Juego y Movimiento, Paola S\u00e1ez Oyarz\u00fan, por permitir tener esta muestra en el recinto que administra, y por colaborar en la labor de acercar el conocimiento ant\u00e1rtico a los ni\u00f1os, ni\u00f1as, j\u00f3venes y familias del sector sur de Punta Arenas. &nbsp;&nbsp;&nbsp;<\/p>\n<p><strong>Invitaci\u00f3n Extensiva<\/strong><\/p>\n<p>La invitaci\u00f3n a conocer Ant\u00e1rtica Extrema se encuentra abierta a todo p\u00fablico, y adem\u00e1s es una actividad totalmente gratuita. No obstante, los establecimientos educacionales, jardines infantiles, escuelas de lenguaje o guarder\u00edas pedag\u00f3gicas que quieran asistir con delegaciones de estudiantes (m\u00e1s de 12 personas) deber\u00e1n agendar su visita con Katherine Barr\u00eda al correo electr\u00f3nico: <a href=\"mailto:vinculacionescolar.exploramag@gmail.com\">vinculacionescolar.exploramag@gmail.com<\/a> o llamar al tel\u00e9fono fijo: 612207074. Tambi\u00e9n pueden concurrir juntas de vecinos, clubes de adultos mayores, centros de madres, grupos de scouts, parroquias, clubes deportivos y otras organizaciones socioculturales interesadas en conocer y aprender m\u00e1s sobre la Ant\u00e1rtica.<\/p>\n<p>De igual manera, hay un concurso para los visitantes, donde podr\u00e1n subir sus fotograf\u00edas a la red social Facebook con los hashtag #estoyenAnt\u00e1rticaExtrema #PARExploraMagallanes, y quien obtenga el mayor n\u00famero de likes al 29 de marzo se llevar\u00e1 un set gentileza de ChileMIO, libros de Astronom\u00eda y un taz\u00f3n del PAR Explora Magallanes. Para m\u00e1s informaci\u00f3n revisar el sitio web: dev.explora.cl\/magallanes<\/p>\n","protected":false},"excerpt":{"rendered":"<p>Debido al gran inter\u00e9s de la comunidad magall\u00e1nica por querer visitar la muestra itinerante Ant\u00e1rtica Extrema, es que se extendi\u00f3 hasta el viernes 13 de abril, su permanencia en el tercer piso del Centro Integral Infantil de Juego y Movimiento, recinto de la Junta Nacional de Jardines Infantiles que se encuentra ubicado en Avenida Salvador [&hellip;]<\/p>\n","protected":false},"author":2,"featured_media":901,"comment_status":"open","ping_status":"open","sticky":false,"template":"","format":"standard","meta":{"_acf_changed":false,"_exactmetrics_skip_tracking":false,"_exactmetrics_sitenote_active":false,"_exactmetrics_sitenote_note":"","_exactmetrics_sitenote_category":0,"footnotes":"","_links_to":"","_links_to_target":""},"categories":[4],"tags":[],"class_list":["post-900","post","type-post","status-publish","format-standard","has-post-thumbnail","hentry","category-noticias"],"acf":[],"yoast_head":"<!-- This site is optimized with the Yoast SEO plugin v26.7 - https:\/\/yoast.com\/wordpress\/plugins\/seo\/ -->\n<title>Exposici\u00f3n Ant\u00e1rtica Extrema extiende sus horarios de atenci\u00f3n y permanencia en el Centro Integral Infantil de Juego y Movimiento - Magallanes<\/title>\n<meta name=\"robots\" content=\"index, follow, max-snippet:-1, max-image-preview:large, max-video-preview:-1\" \/>\n<link rel=\"canonical\" href=\"https:\/\/dev.explora.cl\/magallanes\/exposicion-antartica-extrema-extiende-sus-horarios-de-atencion-y-permanencia-en-el-centro-integral-infantil-de-juego-y-movimiento\/\" class=\"yoast-seo-meta-tag\" \/>\n<meta property=\"og:locale\" content=\"es_ES\" class=\"yoast-seo-meta-tag\" \/>\n<meta property=\"og:type\" content=\"article\" class=\"yoast-seo-meta-tag\" \/>\n<meta property=\"og:title\" content=\"Exposici\u00f3n Ant\u00e1rtica Extrema extiende sus horarios de atenci\u00f3n y permanencia en el Centro Integral Infantil de Juego y Movimiento - Magallanes\" class=\"yoast-seo-meta-tag\" \/>\n<meta property=\"og:description\" content=\"Debido al gran inter\u00e9s de la comunidad magall\u00e1nica por querer visitar la muestra itinerante Ant\u00e1rtica Extrema, es que se extendi\u00f3 hasta el viernes 13 de abril, su permanencia en el tercer piso del Centro Integral Infantil de Juego y Movimiento, recinto de la Junta Nacional de Jardines Infantiles que se encuentra ubicado en Avenida Salvador [&hellip;]\" class=\"yoast-seo-meta-tag\" \/>\n<meta property=\"og:url\" content=\"https:\/\/dev.explora.cl\/magallanes\/exposicion-antartica-extrema-extiende-sus-horarios-de-atencion-y-permanencia-en-el-centro-integral-infantil-de-juego-y-movimiento\/\" class=\"yoast-seo-meta-tag\" \/>\n<meta property=\"og:site_name\" content=\"Magallanes\" class=\"yoast-seo-meta-tag\" \/>\n<meta property=\"article:published_time\" content=\"2018-03-14T04:00:00+00:00\" class=\"yoast-seo-meta-tag\" \/>\n<meta property=\"article:modified_time\" content=\"2019-05-20T21:34:37+00:00\" class=\"yoast-seo-meta-tag\" \/>\n<meta property=\"og:image\" content=\"https:\/\/dev.explora.cl\/magallanes\/wp-content\/uploads\/sites\/19\/2018\/06\/Antarticaextremacijum.jpg\" class=\"yoast-seo-meta-tag\" \/>\n\t<meta property=\"og:image:width\" content=\"1280\" class=\"yoast-seo-meta-tag\" \/>\n\t<meta property=\"og:image:height\" content=\"960\" class=\"yoast-seo-meta-tag\" \/>\n\t<meta property=\"og:image:type\" content=\"image\/jpeg\" class=\"yoast-seo-meta-tag\" \/>\n<meta name=\"author\" content=\"webman\" class=\"yoast-seo-meta-tag\" \/>\n<meta name=\"twitter:card\" content=\"summary_large_image\" class=\"yoast-seo-meta-tag\" \/>\n<meta name=\"twitter:label1\" content=\"Escrito por\" class=\"yoast-seo-meta-tag\" \/>\n\t<meta name=\"twitter:data1\" content=\"webman\" class=\"yoast-seo-meta-tag\" \/>\n\t<meta name=\"twitter:label2\" content=\"Tiempo estimado de lectura\" class=\"yoast-seo-meta-tag\" \/>\n\t<meta name=\"twitter:data2\" content=\"4 minutos\" class=\"yoast-seo-meta-tag\" \/>\n<script type=\"application\/ld+json\" class=\"yoast-schema-graph\">{\"@context\":\"https:\/\/schema.org\",\"@graph\":[{\"@type\":\"Article\",\"@id\":\"https:\/\/dev.explora.cl\/magallanes\/exposicion-antartica-extrema-extiende-sus-horarios-de-atencion-y-permanencia-en-el-centro-integral-infantil-de-juego-y-movimiento\/#article\",\"isPartOf\":{\"@id\":\"https:\/\/dev.explora.cl\/magallanes\/exposicion-antartica-extrema-extiende-sus-horarios-de-atencion-y-permanencia-en-el-centro-integral-infantil-de-juego-y-movimiento\/\"},\"author\":{\"name\":\"webman\",\"@id\":\"https:\/\/dev.explora.cl\/magallanes\/#\/schema\/person\/cb8349c13ea2d324080adf8480d7ba5d\"},\"headline\":\"Exposici\u00f3n Ant\u00e1rtica Extrema extiende sus horarios de atenci\u00f3n y permanencia en el Centro Integral Infantil de Juego y Movimiento\",\"datePublished\":\"2018-03-14T04:00:00+00:00\",\"dateModified\":\"2019-05-20T21:34:37+00:00\",\"mainEntityOfPage\":{\"@id\":\"https:\/\/dev.explora.cl\/magallanes\/exposicion-antartica-extrema-extiende-sus-horarios-de-atencion-y-permanencia-en-el-centro-integral-infantil-de-juego-y-movimiento\/\"},\"wordCount\":789,\"commentCount\":0,\"publisher\":{\"@id\":\"https:\/\/dev.explora.cl\/magallanes\/#organization\"},\"image\":{\"@id\":\"https:\/\/dev.explora.cl\/magallanes\/exposicion-antartica-extrema-extiende-sus-horarios-de-atencion-y-permanencia-en-el-centro-integral-infantil-de-juego-y-movimiento\/#primaryimage\"},\"thumbnailUrl\":\"https:\/\/dev.explora.cl\/magallanes\/wp-content\/uploads\/sites\/19\/2018\/06\/Antarticaextremacijum.jpg\",\"articleSection\":[\"Noticias\"],\"inLanguage\":\"es-CL\",\"potentialAction\":[{\"@type\":\"CommentAction\",\"name\":\"Comment\",\"target\":[\"https:\/\/dev.explora.cl\/magallanes\/exposicion-antartica-extrema-extiende-sus-horarios-de-atencion-y-permanencia-en-el-centro-integral-infantil-de-juego-y-movimiento\/#respond\"]}]},{\"@type\":\"WebPage\",\"@id\":\"https:\/\/dev.explora.cl\/magallanes\/exposicion-antartica-extrema-extiende-sus-horarios-de-atencion-y-permanencia-en-el-centro-integral-infantil-de-juego-y-movimiento\/\",\"url\":\"https:\/\/dev.explora.cl\/magallanes\/exposicion-antartica-extrema-extiende-sus-horarios-de-atencion-y-permanencia-en-el-centro-integral-infantil-de-juego-y-movimiento\/\",\"name\":\"Exposici\u00f3n Ant\u00e1rtica Extrema extiende sus horarios de atenci\u00f3n y permanencia en el Centro Integral Infantil de Juego y Movimiento - Magallanes\",\"isPartOf\":{\"@id\":\"https:\/\/dev.explora.cl\/magallanes\/#website\"},\"primaryImageOfPage\":{\"@id\":\"https:\/\/dev.explora.cl\/magallanes\/exposicion-antartica-extrema-extiende-sus-horarios-de-atencion-y-permanencia-en-el-centro-integral-infantil-de-juego-y-movimiento\/#primaryimage\"},\"image\":{\"@id\":\"https:\/\/dev.explora.cl\/magallanes\/exposicion-antartica-extrema-extiende-sus-horarios-de-atencion-y-permanencia-en-el-centro-integral-infantil-de-juego-y-movimiento\/#primaryimage\"},\"thumbnailUrl\":\"https:\/\/dev.explora.cl\/magallanes\/wp-content\/uploads\/sites\/19\/2018\/06\/Antarticaextremacijum.jpg\",\"datePublished\":\"2018-03-14T04:00:00+00:00\",\"dateModified\":\"2019-05-20T21:34:37+00:00\",\"breadcrumb\":{\"@id\":\"https:\/\/dev.explora.cl\/magallanes\/exposicion-antartica-extrema-extiende-sus-horarios-de-atencion-y-permanencia-en-el-centro-integral-infantil-de-juego-y-movimiento\/#breadcrumb\"},\"inLanguage\":\"es-CL\",\"potentialAction\":[{\"@type\":\"ReadAction\",\"target\":[\"https:\/\/dev.explora.cl\/magallanes\/exposicion-antartica-extrema-extiende-sus-horarios-de-atencion-y-permanencia-en-el-centro-integral-infantil-de-juego-y-movimiento\/\"]}]},{\"@type\":\"ImageObject\",\"inLanguage\":\"es-CL\",\"@id\":\"https:\/\/dev.explora.cl\/magallanes\/exposicion-antartica-extrema-extiende-sus-horarios-de-atencion-y-permanencia-en-el-centro-integral-infantil-de-juego-y-movimiento\/#primaryimage\",\"url\":\"https:\/\/dev.explora.cl\/magallanes\/wp-content\/uploads\/sites\/19\/2018\/06\/Antarticaextremacijum.jpg\",\"contentUrl\":\"https:\/\/dev.explora.cl\/magallanes\/wp-content\/uploads\/sites\/19\/2018\/06\/Antarticaextremacijum.jpg\",\"width\":1280,\"height\":960},{\"@type\":\"BreadcrumbList\",\"@id\":\"https:\/\/dev.explora.cl\/magallanes\/exposicion-antartica-extrema-extiende-sus-horarios-de-atencion-y-permanencia-en-el-centro-integral-infantil-de-juego-y-movimiento\/#breadcrumb\",\"itemListElement\":[{\"@type\":\"ListItem\",\"position\":1,\"name\":\"Portada\",\"item\":\"https:\/\/dev.explora.cl\/magallanes\/\"},{\"@type\":\"ListItem\",\"position\":2,\"name\":\"Exposici\u00f3n Ant\u00e1rtica Extrema extiende sus horarios de atenci\u00f3n y permanencia en el Centro Integral Infantil de Juego y Movimiento\"}]},{\"@type\":\"WebSite\",\"@id\":\"https:\/\/dev.explora.cl\/magallanes\/#website\",\"url\":\"https:\/\/dev.explora.cl\/magallanes\/\",\"name\":\"Magallanes\",\"description\":\"Otro sitio m\u00e1s de dev.explora.cl\",\"publisher\":{\"@id\":\"https:\/\/dev.explora.cl\/magallanes\/#organization\"},\"potentialAction\":[{\"@type\":\"SearchAction\",\"target\":{\"@type\":\"EntryPoint\",\"urlTemplate\":\"https:\/\/dev.explora.cl\/magallanes\/?s={search_term_string}\"},\"query-input\":{\"@type\":\"PropertyValueSpecification\",\"valueRequired\":true,\"valueName\":\"search_term_string\"}}],\"inLanguage\":\"es-CL\"},{\"@type\":\"Organization\",\"@id\":\"https:\/\/dev.explora.cl\/magallanes\/#organization\",\"name\":\"Magallanes\",\"url\":\"https:\/\/dev.explora.cl\/magallanes\/\",\"logo\":{\"@type\":\"ImageObject\",\"inLanguage\":\"es-CL\",\"@id\":\"https:\/\/dev.explora.cl\/magallanes\/#\/schema\/logo\/image\/\",\"url\":\"https:\/\/dev.explora.cl\/magallanes\/wp-content\/uploads\/sites\/19\/2021\/06\/cropped-ICONO-COLOR-2.jpg\",\"contentUrl\":\"https:\/\/dev.explora.cl\/magallanes\/wp-content\/uploads\/sites\/19\/2021\/06\/cropped-ICONO-COLOR-2.jpg\",\"width\":1181,\"height\":1181,\"caption\":\"Magallanes\"},\"image\":{\"@id\":\"https:\/\/dev.explora.cl\/magallanes\/#\/schema\/logo\/image\/\"}},{\"@type\":\"Person\",\"@id\":\"https:\/\/dev.explora.cl\/magallanes\/#\/schema\/person\/cb8349c13ea2d324080adf8480d7ba5d\",\"name\":\"webman\",\"image\":{\"@type\":\"ImageObject\",\"inLanguage\":\"es-CL\",\"@id\":\"https:\/\/dev.explora.cl\/magallanes\/#\/schema\/person\/image\/\",\"url\":\"https:\/\/secure.gravatar.com\/avatar\/eeff3c82f2c02f7177d13663b7e6f890e9a6a0647ce9bb29cae02dcb094c7312?s=96&d=mm&r=g\",\"contentUrl\":\"https:\/\/secure.gravatar.com\/avatar\/eeff3c82f2c02f7177d13663b7e6f890e9a6a0647ce9bb29cae02dcb094c7312?s=96&d=mm&r=g\",\"caption\":\"webman\"},\"url\":\"https:\/\/dev.explora.cl\/magallanes\/author\/webman\/\"}]}<\/script>\n<!-- \/ Yoast SEO plugin. -->","yoast_head_json":{"title":"Exposici\u00f3n Ant\u00e1rtica Extrema extiende sus horarios de atenci\u00f3n y permanencia en el Centro Integral Infantil de Juego y Movimiento - Magallanes","robots":{"index":"index","follow":"follow","max-snippet":"max-snippet:-1","max-image-preview":"max-image-preview:large","max-video-preview":"max-video-preview:-1"},"canonical":"https:\/\/dev.explora.cl\/magallanes\/exposicion-antartica-extrema-extiende-sus-horarios-de-atencion-y-permanencia-en-el-centro-integral-infantil-de-juego-y-movimiento\/","og_locale":"es_ES","og_type":"article","og_title":"Exposici\u00f3n Ant\u00e1rtica Extrema extiende sus horarios de atenci\u00f3n y permanencia en el Centro Integral Infantil de Juego y Movimiento - Magallanes","og_description":"Debido al gran inter\u00e9s de la comunidad magall\u00e1nica por querer visitar la muestra itinerante Ant\u00e1rtica Extrema, es que se extendi\u00f3 hasta el viernes 13 de abril, su permanencia en el tercer piso del Centro Integral Infantil de Juego y Movimiento, recinto de la Junta Nacional de Jardines Infantiles que se encuentra ubicado en Avenida Salvador [&hellip;]","og_url":"https:\/\/dev.explora.cl\/magallanes\/exposicion-antartica-extrema-extiende-sus-horarios-de-atencion-y-permanencia-en-el-centro-integral-infantil-de-juego-y-movimiento\/","og_site_name":"Magallanes","article_published_time":"2018-03-14T04:00:00+00:00","article_modified_time":"2019-05-20T21:34:37+00:00","og_image":[{"width":1280,"height":960,"url":"https:\/\/dev.explora.cl\/magallanes\/wp-content\/uploads\/sites\/19\/2018\/06\/Antarticaextremacijum.jpg","type":"image\/jpeg"}],"author":"webman","twitter_card":"summary_large_image","twitter_misc":{"Escrito por":"webman","Tiempo estimado de lectura":"4 minutos"},"schema":{"@context":"https:\/\/schema.org","@graph":[{"@type":"Article","@id":"https:\/\/dev.explora.cl\/magallanes\/exposicion-antartica-extrema-extiende-sus-horarios-de-atencion-y-permanencia-en-el-centro-integral-infantil-de-juego-y-movimiento\/#article","isPartOf":{"@id":"https:\/\/dev.explora.cl\/magallanes\/exposicion-antartica-extrema-extiende-sus-horarios-de-atencion-y-permanencia-en-el-centro-integral-infantil-de-juego-y-movimiento\/"},"author":{"name":"webman","@id":"https:\/\/dev.explora.cl\/magallanes\/#\/schema\/person\/cb8349c13ea2d324080adf8480d7ba5d"},"headline":"Exposici\u00f3n Ant\u00e1rtica Extrema extiende sus horarios de atenci\u00f3n y permanencia en el Centro Integral Infantil de Juego y Movimiento","datePublished":"2018-03-14T04:00:00+00:00","dateModified":"2019-05-20T21:34:37+00:00","mainEntityOfPage":{"@id":"https:\/\/dev.explora.cl\/magallanes\/exposicion-antartica-extrema-extiende-sus-horarios-de-atencion-y-permanencia-en-el-centro-integral-infantil-de-juego-y-movimiento\/"},"wordCount":789,"commentCount":0,"publisher":{"@id":"https:\/\/dev.explora.cl\/magallanes\/#organization"},"image":{"@id":"https:\/\/dev.explora.cl\/magallanes\/exposicion-antartica-extrema-extiende-sus-horarios-de-atencion-y-permanencia-en-el-centro-integral-infantil-de-juego-y-movimiento\/#primaryimage"},"thumbnailUrl":"https:\/\/dev.explora.cl\/magallanes\/wp-content\/uploads\/sites\/19\/2018\/06\/Antarticaextremacijum.jpg","articleSection":["Noticias"],"inLanguage":"es-CL","potentialAction":[{"@type":"CommentAction","name":"Comment","target":["https:\/\/dev.explora.cl\/magallanes\/exposicion-antartica-extrema-extiende-sus-horarios-de-atencion-y-permanencia-en-el-centro-integral-infantil-de-juego-y-movimiento\/#respond"]}]},{"@type":"WebPage","@id":"https:\/\/dev.explora.cl\/magallanes\/exposicion-antartica-extrema-extiende-sus-horarios-de-atencion-y-permanencia-en-el-centro-integral-infantil-de-juego-y-movimiento\/","url":"https:\/\/dev.explora.cl\/magallanes\/exposicion-antartica-extrema-extiende-sus-horarios-de-atencion-y-permanencia-en-el-centro-integral-infantil-de-juego-y-movimiento\/","name":"Exposici\u00f3n Ant\u00e1rtica Extrema extiende sus horarios de atenci\u00f3n y permanencia en el Centro Integral Infantil de Juego y Movimiento - Magallanes","isPartOf":{"@id":"https:\/\/dev.explora.cl\/magallanes\/#website"},"primaryImageOfPage":{"@id":"https:\/\/dev.explora.cl\/magallanes\/exposicion-antartica-extrema-extiende-sus-horarios-de-atencion-y-permanencia-en-el-centro-integral-infantil-de-juego-y-movimiento\/#primaryimage"},"image":{"@id":"https:\/\/dev.explora.cl\/magallanes\/exposicion-antartica-extrema-extiende-sus-horarios-de-atencion-y-permanencia-en-el-centro-integral-infantil-de-juego-y-movimiento\/#primaryimage"},"thumbnailUrl":"https:\/\/dev.explora.cl\/magallanes\/wp-content\/uploads\/sites\/19\/2018\/06\/Antarticaextremacijum.jpg","datePublished":"2018-03-14T04:00:00+00:00","dateModified":"2019-05-20T21:34:37+00:00","breadcrumb":{"@id":"https:\/\/dev.explora.cl\/magallanes\/exposicion-antartica-extrema-extiende-sus-horarios-de-atencion-y-permanencia-en-el-centro-integral-infantil-de-juego-y-movimiento\/#breadcrumb"},"inLanguage":"es-CL","potentialAction":[{"@type":"ReadAction","target":["https:\/\/dev.explora.cl\/magallanes\/exposicion-antartica-extrema-extiende-sus-horarios-de-atencion-y-permanencia-en-el-centro-integral-infantil-de-juego-y-movimiento\/"]}]},{"@type":"ImageObject","inLanguage":"es-CL","@id":"https:\/\/dev.explora.cl\/magallanes\/exposicion-antartica-extrema-extiende-sus-horarios-de-atencion-y-permanencia-en-el-centro-integral-infantil-de-juego-y-movimiento\/#primaryimage","url":"https:\/\/dev.explora.cl\/magallanes\/wp-content\/uploads\/sites\/19\/2018\/06\/Antarticaextremacijum.jpg","contentUrl":"https:\/\/dev.explora.cl\/magallanes\/wp-content\/uploads\/sites\/19\/2018\/06\/Antarticaextremacijum.jpg","width":1280,"height":960},{"@type":"BreadcrumbList","@id":"https:\/\/dev.explora.cl\/magallanes\/exposicion-antartica-extrema-extiende-sus-horarios-de-atencion-y-permanencia-en-el-centro-integral-infantil-de-juego-y-movimiento\/#breadcrumb","itemListElement":[{"@type":"ListItem","position":1,"name":"Portada","item":"https:\/\/dev.explora.cl\/magallanes\/"},{"@type":"ListItem","position":2,"name":"Exposici\u00f3n Ant\u00e1rtica Extrema extiende sus horarios de atenci\u00f3n y permanencia en el Centro Integral Infantil de Juego y Movimiento"}]},{"@type":"WebSite","@id":"https:\/\/dev.explora.cl\/magallanes\/#website","url":"https:\/\/dev.explora.cl\/magallanes\/","name":"Magallanes","description":"Otro sitio m\u00e1s de dev.explora.cl","publisher":{"@id":"https:\/\/dev.explora.cl\/magallanes\/#organization"},"potentialAction":[{"@type":"SearchAction","target":{"@type":"EntryPoint","urlTemplate":"https:\/\/dev.explora.cl\/magallanes\/?s={search_term_string}"},"query-input":{"@type":"PropertyValueSpecification","valueRequired":true,"valueName":"search_term_string"}}],"inLanguage":"es-CL"},{"@type":"Organization","@id":"https:\/\/dev.explora.cl\/magallanes\/#organization","name":"Magallanes","url":"https:\/\/dev.explora.cl\/magallanes\/","logo":{"@type":"ImageObject","inLanguage":"es-CL","@id":"https:\/\/dev.explora.cl\/magallanes\/#\/schema\/logo\/image\/","url":"https:\/\/dev.explora.cl\/magallanes\/wp-content\/uploads\/sites\/19\/2021\/06\/cropped-ICONO-COLOR-2.jpg","contentUrl":"https:\/\/dev.explora.cl\/magallanes\/wp-content\/uploads\/sites\/19\/2021\/06\/cropped-ICONO-COLOR-2.jpg","width":1181,"height":1181,"caption":"Magallanes"},"image":{"@id":"https:\/\/dev.explora.cl\/magallanes\/#\/schema\/logo\/image\/"}},{"@type":"Person","@id":"https:\/\/dev.explora.cl\/magallanes\/#\/schema\/person\/cb8349c13ea2d324080adf8480d7ba5d","name":"webman","image":{"@type":"ImageObject","inLanguage":"es-CL","@id":"https:\/\/dev.explora.cl\/magallanes\/#\/schema\/person\/image\/","url":"https:\/\/secure.gravatar.com\/avatar\/eeff3c82f2c02f7177d13663b7e6f890e9a6a0647ce9bb29cae02dcb094c7312?s=96&d=mm&r=g","contentUrl":"https:\/\/secure.gravatar.com\/avatar\/eeff3c82f2c02f7177d13663b7e6f890e9a6a0647ce9bb29cae02dcb094c7312?s=96&d=mm&r=g","caption":"webman"},"url":"https:\/\/dev.explora.cl\/magallanes\/author\/webman\/"}]}},"_links":{"self":[{"href":"https:\/\/dev.explora.cl\/magallanes\/wp-json\/wp\/v2\/posts\/900","targetHints":{"allow":["GET"]}}],"collection":[{"href":"https:\/\/dev.explora.cl\/magallanes\/wp-json\/wp\/v2\/posts"}],"about":[{"href":"https:\/\/dev.explora.cl\/magallanes\/wp-json\/wp\/v2\/types\/post"}],"author":[{"embeddable":true,"href":"https:\/\/dev.explora.cl\/magallanes\/wp-json\/wp\/v2\/users\/2"}],"replies":[{"embeddable":true,"href":"https:\/\/dev.explora.cl\/magallanes\/wp-json\/wp\/v2\/comments?post=900"}],"version-history":[{"count":1,"href":"https:\/\/dev.explora.cl\/magallanes\/wp-json\/wp\/v2\/posts\/900\/revisions"}],"predecessor-version":[{"id":37607,"href":"https:\/\/dev.explora.cl\/magallanes\/wp-json\/wp\/v2\/posts\/900\/revisions\/37607"}],"wp:featuredmedia":[{"embeddable":true,"href":"https:\/\/dev.explora.cl\/magallanes\/wp-json\/wp\/v2\/media\/901"}],"wp:attachment":[{"href":"https:\/\/dev.explora.cl\/magallanes\/wp-json\/wp\/v2\/media?parent=900"}],"wp:term":[{"taxonomy":"category","embeddable":true,"href":"https:\/\/dev.explora.cl\/magallanes\/wp-json\/wp\/v2\/categories?post=900"},{"taxonomy":"post_tag","embeddable":true,"href":"https:\/\/dev.explora.cl\/magallanes\/wp-json\/wp\/v2\/tags?post=900"}],"curies":[{"name":"wp","href":"https:\/\/api.w.org\/{rel}","templated":true}]}}