{"id":896,"date":"2018-03-12T00:00:00","date_gmt":"2018-03-12T04:00:00","guid":{"rendered":"https:\/\/dev.explora.cl\/magallanes\/blog\/2018\/03\/12\/lanzan-oficialmente-exposicion-antartica-extrema-en-el-centro-integral-infantil-de-juego-y-movimiento\/"},"modified":"2019-05-20T21:34:37","modified_gmt":"2019-05-20T21:34:37","slug":"lanzan-oficialmente-exposicion-antartica-extrema-en-el-centro-integral-infantil-de-juego-y-movimiento","status":"publish","type":"post","link":"https:\/\/dev.explora.cl\/magallanes\/lanzan-oficialmente-exposicion-antartica-extrema-en-el-centro-integral-infantil-de-juego-y-movimiento\/","title":{"rendered":"Lanzan oficialmente exposici\u00f3n Ant\u00e1rtica Extrema en el Centro Integral Infantil de Juego y Movimiento"},"content":{"rendered":"<p><img loading=\"lazy\" decoding=\"async\" class=\" size-full wp-image-30104\" src=\"http:\/\/ec2-54-245-22-188.us-west-2.compute.amazonaws.com\/wp-content\/uploads\/2018\/03\/Antartica_Extrema_con_Esc._R%C3%ADo_Seco.JPG\" alt=\"Antartica Extrema con Esc. R\u00edo Seco\" width=\"5184\" height=\"3456\" \/><\/p>\n<p>Este viernes 09 se lanz\u00f3 oficialmente a la comunidad, la exposici\u00f3n interactiva Ant\u00e1rtica Extrema en el Centro Integral Infantil de Juego y Movimiento de la Junta Nacional de Jardines Infantiles (Av. Salvador Allende #0291) en el Barrio 18 de Septiembre. Una muestra que revela lo fant\u00e1stico de este territorio, sus maravillas y como el hombre ha ido llegando hasta el Continente Blanco.<\/p>\n<p>Los primeros cursos que visit\u00f3 la exposici\u00f3n fueron los estudiantes y profesores de la Escuela Elba Ojeda G\u00f3mez de R\u00edo Seco, quienes pudieron conocer las dependencias de la exhibici\u00f3n y adquirir conocimientos nuevos sobre la Ant\u00e1rtica. \u201cMe pareci\u00f3 muy buena la muestra, aprendimos mucho sobre la Ant\u00e1rtica, debemos cuidarla y protegerla porque es muy importante para las pr\u00f3ximas generaciones. Lo que m\u00e1s me llam\u00f3 la atenci\u00f3n fue aprender mediante las cartas de realidad aumentada, donde uno pon\u00eda el tel\u00e9fono y la carta se ve\u00eda en 3D\u201d, opin\u00f3 la estudiante de 8\u00b0 b\u00e1sico, Almendra Y\u00e9venes, qui\u00e9n hizo alusi\u00f3n a la iniciativa M\u00e1gico ChileMIO que est\u00e1 adosada a Ant\u00e1rtica Extrema, y que divulga de una forma entretenida y din\u00e1mica el conocimiento cient\u00edfico de nuestros oc\u00e9anos.<\/p>\n<p>Mirko Mansilla tambi\u00e9n estudiante del establecimiento destac\u00f3: \u201cMe pareci\u00f3 muy entretenida, aprendimos mucho sobre la Ant\u00e1rtica, principalmente sobre su historia, es muy relevante que j\u00f3venes de nuestra edad tengan m\u00e1s informaci\u00f3n sobre ella, ya que quiz\u00e1s alg\u00fan d\u00eda lleguemos a un lugar como este y es necesario que tengamos mucho conocimiento, por lo que la recomiendo\u201d.<\/p>\n<p>La profesora de Ciencias Naturales de la Escuela Elba Ojeda G\u00f3mez de R\u00edo Seco, Marinka Y\u00e1\u00f1ez, valor\u00f3 la oportunidad de conocer junto a sus estudiantes la muestra Ant\u00e1rtica Extrema, y al respecto coment\u00f3: \u201cHa sido fant\u00e1stica la experiencia para los ni\u00f1os, lo mejor es que los motiv\u00f3 a aprender m\u00e1s, ya que es un lugar, un continente donde se hace Ciencia, y es la clave para investigar el cambio clim\u00e1tico y todos los fen\u00f3menos que nos afectan en el planeta, y los j\u00f3venes tienen que empaparse de ese conocimiento porque ellos van a ser nuestro futuro y pueden cambiar el rumbo del planeta\u201d. &nbsp;<\/p>\n<p><img loading=\"lazy\" decoding=\"async\" class=\" size-full wp-image-30103\" src=\"http:\/\/ec2-54-245-22-188.us-west-2.compute.amazonaws.com\/wp-content\/uploads\/2018\/03\/Antartica_Extrema_con_Esc._Rio_Seco_2.JPG\" alt=\"\" width=\"5184\" height=\"3456\" \/><\/p>\n<p><strong>\u00bfQu\u00e9 es Ant\u00e1rtica Extrema?<\/strong><\/p>\n<p>Es la primera muestra desarrollada por el Proyecto Asociativo Regional Explora de CONICYT de la Regi\u00f3n de Magallanes y de la Ant\u00e1rtica Chilena de la Universidad de Magallanes, y fue dise\u00f1ada por investigadores de la UMAG y del Instituto Ant\u00e1rtico Chileno (INACH), adem\u00e1s fue construida por el Centro Interactivo de Ciencias, Artes y Tecnolog\u00eda (CICAT) de la Universidad de Concepci\u00f3n.<\/p>\n<p>Ya ha sido visitada por m\u00e1s de seis mil personas, en Punta Arenas pas\u00f3 por la UMAG, Liceo Luis Alberto Barrera, Colegios Charles Darwin, Luterano, Alem\u00e1n y Escuela Espa\u00f1a. Tambi\u00e9n estuvo en el Liceo Donald Mc Intyre Griffiths de Puerto Williams, itiner\u00f3 en el Liceo Polivalente Hernando de Magallanes de Porvenir; y en octubre pasado estuvo en el Liceo Gabriela Mistral y en la Escuela Coronel Santiago Bueras de Puerto Natales.<\/p>\n<p>La exhibici\u00f3n se encuentra situada hasta el jueves 29 de marzo en el tercer piso del Centro Interactivo de Juego y Movimiento, para lo cual quienes deseen concurrir deber\u00e1n ingresar por Pasaje Rancagua. El horario de atenci\u00f3n es de 09 a 12.30 horas, solo de lunes a viernes, y es una actividad totalmente gratuita y abierta a la comunidad.<\/p>\n<p>De igual forma, las delegaciones de colegios, liceos, jardines infantiles, escuelas de lenguaje u otras organizaciones socioculturales interesadas (juntas de vecinos, clubes de adultos mayores, centros de madres, parroquias) en asistir con m\u00e1s de quince integrantes pueden agendar su visita al correo electr\u00f3nico a <a href=\"mailto:vinculacionescolar.exploramag@gmail.com\">vinculacionescolar.exploramag@gmail.com<\/a><\/p>\n<p>Tambi\u00e9n hay un concurso para los visitantes, donde podr\u00e1n subir sus fotograf\u00edas a la red social Facebook con los hashtag #estoyenAnt\u00e1rticaExtrema #PARExploraMagallanes, quien obtenga el mayor n\u00famero de likes al 29 de marzo se lleva un set gentileza de ChileMIO, libros de Astronom\u00eda y un taz\u00f3n del PAR Explora Magallanes. Para m\u00e1s informaci\u00f3n revisar el sitio web: dev.explora.cl\/magallanes<\/p>\n","protected":false},"excerpt":{"rendered":"<p>Este viernes 09 se lanz\u00f3 oficialmente a la comunidad, la exposici\u00f3n interactiva Ant\u00e1rtica Extrema en el Centro Integral Infantil de Juego y Movimiento de la Junta Nacional de Jardines Infantiles (Av. Salvador Allende #0291) en el Barrio 18 de Septiembre. Una muestra que revela lo fant\u00e1stico de este territorio, sus maravillas y como el hombre [&hellip;]<\/p>\n","protected":false},"author":2,"featured_media":897,"comment_status":"open","ping_status":"open","sticky":false,"template":"","format":"standard","meta":{"_acf_changed":false,"_exactmetrics_skip_tracking":false,"_exactmetrics_sitenote_active":false,"_exactmetrics_sitenote_note":"","_exactmetrics_sitenote_category":0,"footnotes":"","_links_to":"","_links_to_target":""},"categories":[4],"tags":[],"class_list":["post-896","post","type-post","status-publish","format-standard","has-post-thumbnail","hentry","category-noticias"],"acf":[],"yoast_head":"<!-- This site is optimized with the Yoast SEO plugin v26.7 - https:\/\/yoast.com\/wordpress\/plugins\/seo\/ -->\n<title>Lanzan oficialmente exposici\u00f3n Ant\u00e1rtica Extrema en el Centro Integral Infantil de Juego y Movimiento - Magallanes<\/title>\n<meta name=\"robots\" content=\"index, follow, max-snippet:-1, max-image-preview:large, max-video-preview:-1\" \/>\n<link rel=\"canonical\" href=\"https:\/\/dev.explora.cl\/magallanes\/lanzan-oficialmente-exposicion-antartica-extrema-en-el-centro-integral-infantil-de-juego-y-movimiento\/\" class=\"yoast-seo-meta-tag\" \/>\n<meta property=\"og:locale\" content=\"es_ES\" class=\"yoast-seo-meta-tag\" \/>\n<meta property=\"og:type\" content=\"article\" class=\"yoast-seo-meta-tag\" \/>\n<meta property=\"og:title\" content=\"Lanzan oficialmente exposici\u00f3n Ant\u00e1rtica Extrema en el Centro Integral Infantil de Juego y Movimiento - Magallanes\" class=\"yoast-seo-meta-tag\" \/>\n<meta property=\"og:description\" content=\"Este viernes 09 se lanz\u00f3 oficialmente a la comunidad, la exposici\u00f3n interactiva Ant\u00e1rtica Extrema en el Centro Integral Infantil de Juego y Movimiento de la Junta Nacional de Jardines Infantiles (Av. Salvador Allende #0291) en el Barrio 18 de Septiembre. Una muestra que revela lo fant\u00e1stico de este territorio, sus maravillas y como el hombre [&hellip;]\" class=\"yoast-seo-meta-tag\" \/>\n<meta property=\"og:url\" content=\"https:\/\/dev.explora.cl\/magallanes\/lanzan-oficialmente-exposicion-antartica-extrema-en-el-centro-integral-infantil-de-juego-y-movimiento\/\" class=\"yoast-seo-meta-tag\" \/>\n<meta property=\"og:site_name\" content=\"Magallanes\" class=\"yoast-seo-meta-tag\" \/>\n<meta property=\"article:published_time\" content=\"2018-03-12T04:00:00+00:00\" class=\"yoast-seo-meta-tag\" \/>\n<meta property=\"article:modified_time\" content=\"2019-05-20T21:34:37+00:00\" class=\"yoast-seo-meta-tag\" \/>\n<meta property=\"og:image\" content=\"https:\/\/dev.explora.cl\/magallanes\/wp-content\/uploads\/sites\/19\/2018\/06\/Antartica_Extrema_con_Esc._Rio_Seco_2.jpg\" class=\"yoast-seo-meta-tag\" \/>\n\t<meta property=\"og:image:width\" content=\"2048\" class=\"yoast-seo-meta-tag\" \/>\n\t<meta property=\"og:image:height\" content=\"1365\" class=\"yoast-seo-meta-tag\" \/>\n\t<meta property=\"og:image:type\" content=\"image\/jpeg\" class=\"yoast-seo-meta-tag\" \/>\n<meta name=\"author\" content=\"webman\" class=\"yoast-seo-meta-tag\" \/>\n<meta name=\"twitter:card\" content=\"summary_large_image\" class=\"yoast-seo-meta-tag\" \/>\n<meta name=\"twitter:label1\" content=\"Escrito por\" class=\"yoast-seo-meta-tag\" \/>\n\t<meta name=\"twitter:data1\" content=\"webman\" class=\"yoast-seo-meta-tag\" \/>\n\t<meta name=\"twitter:label2\" content=\"Tiempo estimado de lectura\" class=\"yoast-seo-meta-tag\" \/>\n\t<meta name=\"twitter:data2\" content=\"4 minutos\" class=\"yoast-seo-meta-tag\" \/>\n<script type=\"application\/ld+json\" class=\"yoast-schema-graph\">{\"@context\":\"https:\/\/schema.org\",\"@graph\":[{\"@type\":\"Article\",\"@id\":\"https:\/\/dev.explora.cl\/magallanes\/lanzan-oficialmente-exposicion-antartica-extrema-en-el-centro-integral-infantil-de-juego-y-movimiento\/#article\",\"isPartOf\":{\"@id\":\"https:\/\/dev.explora.cl\/magallanes\/lanzan-oficialmente-exposicion-antartica-extrema-en-el-centro-integral-infantil-de-juego-y-movimiento\/\"},\"author\":{\"name\":\"webman\",\"@id\":\"https:\/\/dev.explora.cl\/magallanes\/#\/schema\/person\/cb8349c13ea2d324080adf8480d7ba5d\"},\"headline\":\"Lanzan oficialmente exposici\u00f3n Ant\u00e1rtica Extrema en el Centro Integral Infantil de Juego y Movimiento\",\"datePublished\":\"2018-03-12T04:00:00+00:00\",\"dateModified\":\"2019-05-20T21:34:37+00:00\",\"mainEntityOfPage\":{\"@id\":\"https:\/\/dev.explora.cl\/magallanes\/lanzan-oficialmente-exposicion-antartica-extrema-en-el-centro-integral-infantil-de-juego-y-movimiento\/\"},\"wordCount\":724,\"commentCount\":0,\"publisher\":{\"@id\":\"https:\/\/dev.explora.cl\/magallanes\/#organization\"},\"image\":{\"@id\":\"https:\/\/dev.explora.cl\/magallanes\/lanzan-oficialmente-exposicion-antartica-extrema-en-el-centro-integral-infantil-de-juego-y-movimiento\/#primaryimage\"},\"thumbnailUrl\":\"https:\/\/dev.explora.cl\/magallanes\/wp-content\/uploads\/sites\/19\/2018\/06\/Antartica_Extrema_con_Esc._Rio_Seco_2.jpg\",\"articleSection\":[\"Noticias\"],\"inLanguage\":\"es-CL\",\"potentialAction\":[{\"@type\":\"CommentAction\",\"name\":\"Comment\",\"target\":[\"https:\/\/dev.explora.cl\/magallanes\/lanzan-oficialmente-exposicion-antartica-extrema-en-el-centro-integral-infantil-de-juego-y-movimiento\/#respond\"]}]},{\"@type\":\"WebPage\",\"@id\":\"https:\/\/dev.explora.cl\/magallanes\/lanzan-oficialmente-exposicion-antartica-extrema-en-el-centro-integral-infantil-de-juego-y-movimiento\/\",\"url\":\"https:\/\/dev.explora.cl\/magallanes\/lanzan-oficialmente-exposicion-antartica-extrema-en-el-centro-integral-infantil-de-juego-y-movimiento\/\",\"name\":\"Lanzan oficialmente exposici\u00f3n Ant\u00e1rtica Extrema en el Centro Integral Infantil de Juego y Movimiento - Magallanes\",\"isPartOf\":{\"@id\":\"https:\/\/dev.explora.cl\/magallanes\/#website\"},\"primaryImageOfPage\":{\"@id\":\"https:\/\/dev.explora.cl\/magallanes\/lanzan-oficialmente-exposicion-antartica-extrema-en-el-centro-integral-infantil-de-juego-y-movimiento\/#primaryimage\"},\"image\":{\"@id\":\"https:\/\/dev.explora.cl\/magallanes\/lanzan-oficialmente-exposicion-antartica-extrema-en-el-centro-integral-infantil-de-juego-y-movimiento\/#primaryimage\"},\"thumbnailUrl\":\"https:\/\/dev.explora.cl\/magallanes\/wp-content\/uploads\/sites\/19\/2018\/06\/Antartica_Extrema_con_Esc._Rio_Seco_2.jpg\",\"datePublished\":\"2018-03-12T04:00:00+00:00\",\"dateModified\":\"2019-05-20T21:34:37+00:00\",\"breadcrumb\":{\"@id\":\"https:\/\/dev.explora.cl\/magallanes\/lanzan-oficialmente-exposicion-antartica-extrema-en-el-centro-integral-infantil-de-juego-y-movimiento\/#breadcrumb\"},\"inLanguage\":\"es-CL\",\"potentialAction\":[{\"@type\":\"ReadAction\",\"target\":[\"https:\/\/dev.explora.cl\/magallanes\/lanzan-oficialmente-exposicion-antartica-extrema-en-el-centro-integral-infantil-de-juego-y-movimiento\/\"]}]},{\"@type\":\"ImageObject\",\"inLanguage\":\"es-CL\",\"@id\":\"https:\/\/dev.explora.cl\/magallanes\/lanzan-oficialmente-exposicion-antartica-extrema-en-el-centro-integral-infantil-de-juego-y-movimiento\/#primaryimage\",\"url\":\"https:\/\/dev.explora.cl\/magallanes\/wp-content\/uploads\/sites\/19\/2018\/06\/Antartica_Extrema_con_Esc._Rio_Seco_2.jpg\",\"contentUrl\":\"https:\/\/dev.explora.cl\/magallanes\/wp-content\/uploads\/sites\/19\/2018\/06\/Antartica_Extrema_con_Esc._Rio_Seco_2.jpg\",\"width\":2048,\"height\":1365},{\"@type\":\"BreadcrumbList\",\"@id\":\"https:\/\/dev.explora.cl\/magallanes\/lanzan-oficialmente-exposicion-antartica-extrema-en-el-centro-integral-infantil-de-juego-y-movimiento\/#breadcrumb\",\"itemListElement\":[{\"@type\":\"ListItem\",\"position\":1,\"name\":\"Portada\",\"item\":\"https:\/\/dev.explora.cl\/magallanes\/\"},{\"@type\":\"ListItem\",\"position\":2,\"name\":\"Lanzan oficialmente exposici\u00f3n Ant\u00e1rtica Extrema en el Centro Integral Infantil de Juego y Movimiento\"}]},{\"@type\":\"WebSite\",\"@id\":\"https:\/\/dev.explora.cl\/magallanes\/#website\",\"url\":\"https:\/\/dev.explora.cl\/magallanes\/\",\"name\":\"Magallanes\",\"description\":\"Otro sitio m\u00e1s de dev.explora.cl\",\"publisher\":{\"@id\":\"https:\/\/dev.explora.cl\/magallanes\/#organization\"},\"potentialAction\":[{\"@type\":\"SearchAction\",\"target\":{\"@type\":\"EntryPoint\",\"urlTemplate\":\"https:\/\/dev.explora.cl\/magallanes\/?s={search_term_string}\"},\"query-input\":{\"@type\":\"PropertyValueSpecification\",\"valueRequired\":true,\"valueName\":\"search_term_string\"}}],\"inLanguage\":\"es-CL\"},{\"@type\":\"Organization\",\"@id\":\"https:\/\/dev.explora.cl\/magallanes\/#organization\",\"name\":\"Magallanes\",\"url\":\"https:\/\/dev.explora.cl\/magallanes\/\",\"logo\":{\"@type\":\"ImageObject\",\"inLanguage\":\"es-CL\",\"@id\":\"https:\/\/dev.explora.cl\/magallanes\/#\/schema\/logo\/image\/\",\"url\":\"https:\/\/dev.explora.cl\/magallanes\/wp-content\/uploads\/sites\/19\/2021\/06\/cropped-ICONO-COLOR-2.jpg\",\"contentUrl\":\"https:\/\/dev.explora.cl\/magallanes\/wp-content\/uploads\/sites\/19\/2021\/06\/cropped-ICONO-COLOR-2.jpg\",\"width\":1181,\"height\":1181,\"caption\":\"Magallanes\"},\"image\":{\"@id\":\"https:\/\/dev.explora.cl\/magallanes\/#\/schema\/logo\/image\/\"}},{\"@type\":\"Person\",\"@id\":\"https:\/\/dev.explora.cl\/magallanes\/#\/schema\/person\/cb8349c13ea2d324080adf8480d7ba5d\",\"name\":\"webman\",\"image\":{\"@type\":\"ImageObject\",\"inLanguage\":\"es-CL\",\"@id\":\"https:\/\/dev.explora.cl\/magallanes\/#\/schema\/person\/image\/\",\"url\":\"https:\/\/secure.gravatar.com\/avatar\/eeff3c82f2c02f7177d13663b7e6f890e9a6a0647ce9bb29cae02dcb094c7312?s=96&d=mm&r=g\",\"contentUrl\":\"https:\/\/secure.gravatar.com\/avatar\/eeff3c82f2c02f7177d13663b7e6f890e9a6a0647ce9bb29cae02dcb094c7312?s=96&d=mm&r=g\",\"caption\":\"webman\"},\"url\":\"https:\/\/dev.explora.cl\/magallanes\/author\/webman\/\"}]}<\/script>\n<!-- \/ Yoast SEO plugin. -->","yoast_head_json":{"title":"Lanzan oficialmente exposici\u00f3n Ant\u00e1rtica Extrema en el Centro Integral Infantil de Juego y Movimiento - Magallanes","robots":{"index":"index","follow":"follow","max-snippet":"max-snippet:-1","max-image-preview":"max-image-preview:large","max-video-preview":"max-video-preview:-1"},"canonical":"https:\/\/dev.explora.cl\/magallanes\/lanzan-oficialmente-exposicion-antartica-extrema-en-el-centro-integral-infantil-de-juego-y-movimiento\/","og_locale":"es_ES","og_type":"article","og_title":"Lanzan oficialmente exposici\u00f3n Ant\u00e1rtica Extrema en el Centro Integral Infantil de Juego y Movimiento - Magallanes","og_description":"Este viernes 09 se lanz\u00f3 oficialmente a la comunidad, la exposici\u00f3n interactiva Ant\u00e1rtica Extrema en el Centro Integral Infantil de Juego y Movimiento de la Junta Nacional de Jardines Infantiles (Av. Salvador Allende #0291) en el Barrio 18 de Septiembre. Una muestra que revela lo fant\u00e1stico de este territorio, sus maravillas y como el hombre [&hellip;]","og_url":"https:\/\/dev.explora.cl\/magallanes\/lanzan-oficialmente-exposicion-antartica-extrema-en-el-centro-integral-infantil-de-juego-y-movimiento\/","og_site_name":"Magallanes","article_published_time":"2018-03-12T04:00:00+00:00","article_modified_time":"2019-05-20T21:34:37+00:00","og_image":[{"width":2048,"height":1365,"url":"https:\/\/dev.explora.cl\/magallanes\/wp-content\/uploads\/sites\/19\/2018\/06\/Antartica_Extrema_con_Esc._Rio_Seco_2.jpg","type":"image\/jpeg"}],"author":"webman","twitter_card":"summary_large_image","twitter_misc":{"Escrito por":"webman","Tiempo estimado de lectura":"4 minutos"},"schema":{"@context":"https:\/\/schema.org","@graph":[{"@type":"Article","@id":"https:\/\/dev.explora.cl\/magallanes\/lanzan-oficialmente-exposicion-antartica-extrema-en-el-centro-integral-infantil-de-juego-y-movimiento\/#article","isPartOf":{"@id":"https:\/\/dev.explora.cl\/magallanes\/lanzan-oficialmente-exposicion-antartica-extrema-en-el-centro-integral-infantil-de-juego-y-movimiento\/"},"author":{"name":"webman","@id":"https:\/\/dev.explora.cl\/magallanes\/#\/schema\/person\/cb8349c13ea2d324080adf8480d7ba5d"},"headline":"Lanzan oficialmente exposici\u00f3n Ant\u00e1rtica Extrema en el Centro Integral Infantil de Juego y Movimiento","datePublished":"2018-03-12T04:00:00+00:00","dateModified":"2019-05-20T21:34:37+00:00","mainEntityOfPage":{"@id":"https:\/\/dev.explora.cl\/magallanes\/lanzan-oficialmente-exposicion-antartica-extrema-en-el-centro-integral-infantil-de-juego-y-movimiento\/"},"wordCount":724,"commentCount":0,"publisher":{"@id":"https:\/\/dev.explora.cl\/magallanes\/#organization"},"image":{"@id":"https:\/\/dev.explora.cl\/magallanes\/lanzan-oficialmente-exposicion-antartica-extrema-en-el-centro-integral-infantil-de-juego-y-movimiento\/#primaryimage"},"thumbnailUrl":"https:\/\/dev.explora.cl\/magallanes\/wp-content\/uploads\/sites\/19\/2018\/06\/Antartica_Extrema_con_Esc._Rio_Seco_2.jpg","articleSection":["Noticias"],"inLanguage":"es-CL","potentialAction":[{"@type":"CommentAction","name":"Comment","target":["https:\/\/dev.explora.cl\/magallanes\/lanzan-oficialmente-exposicion-antartica-extrema-en-el-centro-integral-infantil-de-juego-y-movimiento\/#respond"]}]},{"@type":"WebPage","@id":"https:\/\/dev.explora.cl\/magallanes\/lanzan-oficialmente-exposicion-antartica-extrema-en-el-centro-integral-infantil-de-juego-y-movimiento\/","url":"https:\/\/dev.explora.cl\/magallanes\/lanzan-oficialmente-exposicion-antartica-extrema-en-el-centro-integral-infantil-de-juego-y-movimiento\/","name":"Lanzan oficialmente exposici\u00f3n Ant\u00e1rtica Extrema en el Centro Integral Infantil de Juego y Movimiento - Magallanes","isPartOf":{"@id":"https:\/\/dev.explora.cl\/magallanes\/#website"},"primaryImageOfPage":{"@id":"https:\/\/dev.explora.cl\/magallanes\/lanzan-oficialmente-exposicion-antartica-extrema-en-el-centro-integral-infantil-de-juego-y-movimiento\/#primaryimage"},"image":{"@id":"https:\/\/dev.explora.cl\/magallanes\/lanzan-oficialmente-exposicion-antartica-extrema-en-el-centro-integral-infantil-de-juego-y-movimiento\/#primaryimage"},"thumbnailUrl":"https:\/\/dev.explora.cl\/magallanes\/wp-content\/uploads\/sites\/19\/2018\/06\/Antartica_Extrema_con_Esc._Rio_Seco_2.jpg","datePublished":"2018-03-12T04:00:00+00:00","dateModified":"2019-05-20T21:34:37+00:00","breadcrumb":{"@id":"https:\/\/dev.explora.cl\/magallanes\/lanzan-oficialmente-exposicion-antartica-extrema-en-el-centro-integral-infantil-de-juego-y-movimiento\/#breadcrumb"},"inLanguage":"es-CL","potentialAction":[{"@type":"ReadAction","target":["https:\/\/dev.explora.cl\/magallanes\/lanzan-oficialmente-exposicion-antartica-extrema-en-el-centro-integral-infantil-de-juego-y-movimiento\/"]}]},{"@type":"ImageObject","inLanguage":"es-CL","@id":"https:\/\/dev.explora.cl\/magallanes\/lanzan-oficialmente-exposicion-antartica-extrema-en-el-centro-integral-infantil-de-juego-y-movimiento\/#primaryimage","url":"https:\/\/dev.explora.cl\/magallanes\/wp-content\/uploads\/sites\/19\/2018\/06\/Antartica_Extrema_con_Esc._Rio_Seco_2.jpg","contentUrl":"https:\/\/dev.explora.cl\/magallanes\/wp-content\/uploads\/sites\/19\/2018\/06\/Antartica_Extrema_con_Esc._Rio_Seco_2.jpg","width":2048,"height":1365},{"@type":"BreadcrumbList","@id":"https:\/\/dev.explora.cl\/magallanes\/lanzan-oficialmente-exposicion-antartica-extrema-en-el-centro-integral-infantil-de-juego-y-movimiento\/#breadcrumb","itemListElement":[{"@type":"ListItem","position":1,"name":"Portada","item":"https:\/\/dev.explora.cl\/magallanes\/"},{"@type":"ListItem","position":2,"name":"Lanzan oficialmente exposici\u00f3n Ant\u00e1rtica Extrema en el Centro Integral Infantil de Juego y Movimiento"}]},{"@type":"WebSite","@id":"https:\/\/dev.explora.cl\/magallanes\/#website","url":"https:\/\/dev.explora.cl\/magallanes\/","name":"Magallanes","description":"Otro sitio m\u00e1s de dev.explora.cl","publisher":{"@id":"https:\/\/dev.explora.cl\/magallanes\/#organization"},"potentialAction":[{"@type":"SearchAction","target":{"@type":"EntryPoint","urlTemplate":"https:\/\/dev.explora.cl\/magallanes\/?s={search_term_string}"},"query-input":{"@type":"PropertyValueSpecification","valueRequired":true,"valueName":"search_term_string"}}],"inLanguage":"es-CL"},{"@type":"Organization","@id":"https:\/\/dev.explora.cl\/magallanes\/#organization","name":"Magallanes","url":"https:\/\/dev.explora.cl\/magallanes\/","logo":{"@type":"ImageObject","inLanguage":"es-CL","@id":"https:\/\/dev.explora.cl\/magallanes\/#\/schema\/logo\/image\/","url":"https:\/\/dev.explora.cl\/magallanes\/wp-content\/uploads\/sites\/19\/2021\/06\/cropped-ICONO-COLOR-2.jpg","contentUrl":"https:\/\/dev.explora.cl\/magallanes\/wp-content\/uploads\/sites\/19\/2021\/06\/cropped-ICONO-COLOR-2.jpg","width":1181,"height":1181,"caption":"Magallanes"},"image":{"@id":"https:\/\/dev.explora.cl\/magallanes\/#\/schema\/logo\/image\/"}},{"@type":"Person","@id":"https:\/\/dev.explora.cl\/magallanes\/#\/schema\/person\/cb8349c13ea2d324080adf8480d7ba5d","name":"webman","image":{"@type":"ImageObject","inLanguage":"es-CL","@id":"https:\/\/dev.explora.cl\/magallanes\/#\/schema\/person\/image\/","url":"https:\/\/secure.gravatar.com\/avatar\/eeff3c82f2c02f7177d13663b7e6f890e9a6a0647ce9bb29cae02dcb094c7312?s=96&d=mm&r=g","contentUrl":"https:\/\/secure.gravatar.com\/avatar\/eeff3c82f2c02f7177d13663b7e6f890e9a6a0647ce9bb29cae02dcb094c7312?s=96&d=mm&r=g","caption":"webman"},"url":"https:\/\/dev.explora.cl\/magallanes\/author\/webman\/"}]}},"_links":{"self":[{"href":"https:\/\/dev.explora.cl\/magallanes\/wp-json\/wp\/v2\/posts\/896","targetHints":{"allow":["GET"]}}],"collection":[{"href":"https:\/\/dev.explora.cl\/magallanes\/wp-json\/wp\/v2\/posts"}],"about":[{"href":"https:\/\/dev.explora.cl\/magallanes\/wp-json\/wp\/v2\/types\/post"}],"author":[{"embeddable":true,"href":"https:\/\/dev.explora.cl\/magallanes\/wp-json\/wp\/v2\/users\/2"}],"replies":[{"embeddable":true,"href":"https:\/\/dev.explora.cl\/magallanes\/wp-json\/wp\/v2\/comments?post=896"}],"version-history":[{"count":1,"href":"https:\/\/dev.explora.cl\/magallanes\/wp-json\/wp\/v2\/posts\/896\/revisions"}],"predecessor-version":[{"id":37608,"href":"https:\/\/dev.explora.cl\/magallanes\/wp-json\/wp\/v2\/posts\/896\/revisions\/37608"}],"wp:featuredmedia":[{"embeddable":true,"href":"https:\/\/dev.explora.cl\/magallanes\/wp-json\/wp\/v2\/media\/897"}],"wp:attachment":[{"href":"https:\/\/dev.explora.cl\/magallanes\/wp-json\/wp\/v2\/media?parent=896"}],"wp:term":[{"taxonomy":"category","embeddable":true,"href":"https:\/\/dev.explora.cl\/magallanes\/wp-json\/wp\/v2\/categories?post=896"},{"taxonomy":"post_tag","embeddable":true,"href":"https:\/\/dev.explora.cl\/magallanes\/wp-json\/wp\/v2\/tags?post=896"}],"curies":[{"name":"wp","href":"https:\/\/api.w.org\/{rel}","templated":true}]}}