{"id":894,"date":"2018-03-09T00:00:00","date_gmt":"2018-03-09T04:00:00","guid":{"rendered":"https:\/\/dev.explora.cl\/magallanes\/blog\/2018\/03\/09\/atencion-puerto-natales-habra-observaciones-astronomicas-charlas-y-entretenidos-talleres-para-conmemorar-el-dia-de-la-astronomia\/"},"modified":"2019-05-20T21:34:38","modified_gmt":"2019-05-20T21:34:38","slug":"atencion-puerto-natales-habra-observaciones-astronomicas-charlas-y-entretenidos-talleres-para-conmemorar-el-dia-de-la-astronomia","status":"publish","type":"post","link":"https:\/\/dev.explora.cl\/magallanes\/atencion-puerto-natales-habra-observaciones-astronomicas-charlas-y-entretenidos-talleres-para-conmemorar-el-dia-de-la-astronomia\/","title":{"rendered":"\u00a1Atenci\u00f3n Puerto Natales! Habr\u00e1 observaciones astron\u00f3micas, charlas y entretenidos talleres para conmemorar el D\u00eda de la Astronom\u00eda"},"content":{"rendered":"<p>A nivel nacional, durante todo el mes de marzo se conmemora el D\u00eda de la Astronom\u00eda. Para lo cual el Proyecto Asociativo Regional Explora de CONICYT Magallanes y de la Ant\u00e1rtica Chilena ejecutado por la Universidad de Magallanes, se encuentra organizando diversas actividades en Puerto Natales. Entre ellas, talleres y charlas para escolares, adem\u00e1s de una observaci\u00f3n astron\u00f3mica abierta a todo p\u00fablico.<\/p>\n<p>En la versi\u00f3n anterior de este evento, se cont\u00f3 con la visita del destacado radioastr\u00f3nomo y Premio Nacional de Ciencias Exactas, Dr. Guido Garay, quien dict\u00f3 la conferencia \u201c\u00bfD\u00f3nde y c\u00f3mo se forman las estrellas?\u201d a escolares de Punta Arenas y Porvenir.<\/p>\n<p>En esta oportunidad, el cient\u00edfico invitado es Juan Seguel, quien es el coordinador del \u00e1rea de extensi\u00f3n y educaci\u00f3n del Observatorio de Cerro Tololo de La Serena. De profesi\u00f3n Ingeniero Civil Mec\u00e1nico de la Universidad de Concepci\u00f3n, \u00e9l ostenta m\u00e1s de 15 a\u00f1os de experiencia en el \u00e1rea de la Ingenier\u00eda aplicada al campo de la Astronom\u00eda en el rango \u00f3ptico y en el desarrollo y aplicaci\u00f3n de herramientas educativas en el \u00e1rea de la ense\u00f1anza de la Ciencias y la Tecnolog\u00eda para profesores y estudiantes.<\/p>\n<p>Seguel tambi\u00e9n fue ingeniero de testeo de sitios para Thirty Meter Telescope (TMT) en Hawaii, Estados Unidos y Large Synoptic Survey Telescope (LSST) en la Regi\u00f3n de Coquimbo, donde desarroll\u00f3 instrumentos y aplicaciones para el control, monitoreo y adquisici\u00f3n de datos meteorol\u00f3gicos y astron\u00f3micos.<\/p>\n<p><strong>Talleres <\/strong><\/p>\n<p>El expositor invitado se trasladar\u00e1 hasta Puerto Natales, comuna donde dictar\u00e1 siete talleres en establecimientos educacionales. Entre ellos se encuentra el Taller de Constelaciones donde los estudiantes van a aprender sobre el uso del planisferio celeste, carta estelar que puede ajustarse para mostrar las estrellas visibles en un momento determinado. Este se realizar\u00e1 en dos oportunidades: el lunes 12 a las 08 horas en el Liceo Gabriela Mistral y el mi\u00e9rcoles 14 a las 11.30 horas en la Escuela Coronel Santiago Bueras. &nbsp;<\/p>\n<p>El taller Stellarium, se basa en el uso del programa del mismo nombre que permite a las personas simular un planetario de c\u00f3digo abierto en su propio computador. Muestra un cielo aut\u00e9ntico en 3D, tal como lo que ve a simple vista, con binoculares o un telescopio. La actividad se desarrollar\u00e1 el d\u00eda lunes 12 a las 11.00 horas en la Escuela Coronel Santiago Bueras, habiendo adem\u00e1s, dos horarios a disposici\u00f3n de los colegios: martes 13 a las 11 horas y mi\u00e9rcoles 14 a las 09 horas.<\/p>\n<p>En tanto, el d\u00eda lunes 12 a las 16 horas en la Escuela Coronel Santiago Bueras se efectuar\u00e1 la charla y taller sobre Instrumentaci\u00f3n Astron\u00f3mica donde se ense\u00f1ar\u00e1 el uso del telescopio para la observaci\u00f3n de los astros. Tambi\u00e9n en dependencias de este establecimiento, se va a efectuar el Taller de Espectroscopia, donde los asistentes van a poder observar los diferentes colores y emisiones de los diferentes cuerpos existentes en el Universo, utilizando una sala completamente oscura y distintos materiales. La actividad est\u00e1 fijada para el martes 13 a las 15 horas.&nbsp;&nbsp;<\/p>\n<p><strong>Observaci\u00f3n Astron\u00f3mica <\/strong><\/p>\n<p>Sumado a los talleres y charlas anteriores, se realizar\u00e1 una Observaci\u00f3n Astron\u00f3mica en el Centro Universitario UMAG Puerto Natales. Actividad a efectuarse los d\u00edas lunes 12 y 13 de marzo a las 21.30 horas y donde se invita a toda la comunidad a observar las estrellas junto al astr\u00f3nomo invitado. Ni\u00f1os interesados deber\u00e1n asistir en compa\u00f1\u00eda de un adulto responsable. &nbsp;&nbsp;<\/p>\n<p>Para inscribirse en alguna de estas actividades, los interesados solo deber\u00e1n escribir un correo electr\u00f3nico a: <a href=\"mailto:cuantificacionesparexploramag@gmail.com.\">cuantificacionesparexploramag@gmail.com.<\/a><\/p>\n","protected":false},"excerpt":{"rendered":"<p>A nivel nacional, durante todo el mes de marzo se conmemora el D\u00eda de la Astronom\u00eda. Para lo cual el Proyecto Asociativo Regional Explora de CONICYT Magallanes y de la Ant\u00e1rtica Chilena ejecutado por la Universidad de Magallanes, se encuentra organizando diversas actividades en Puerto Natales. Entre ellas, talleres y charlas para escolares, adem\u00e1s de [&hellip;]<\/p>\n","protected":false},"author":2,"featured_media":895,"comment_status":"open","ping_status":"open","sticky":false,"template":"","format":"standard","meta":{"_acf_changed":false,"_exactmetrics_skip_tracking":false,"_exactmetrics_sitenote_active":false,"_exactmetrics_sitenote_note":"","_exactmetrics_sitenote_category":0,"footnotes":"","_links_to":"","_links_to_target":""},"categories":[4],"tags":[],"class_list":["post-894","post","type-post","status-publish","format-standard","has-post-thumbnail","hentry","category-noticias"],"acf":[],"yoast_head":"<!-- This site is optimized with the Yoast SEO plugin v26.7 - https:\/\/yoast.com\/wordpress\/plugins\/seo\/ -->\n<title>\u00a1Atenci\u00f3n Puerto Natales! Habr\u00e1 observaciones astron\u00f3micas, charlas y entretenidos talleres para conmemorar el D\u00eda de la Astronom\u00eda - Magallanes<\/title>\n<meta name=\"robots\" content=\"index, follow, max-snippet:-1, max-image-preview:large, max-video-preview:-1\" \/>\n<link rel=\"canonical\" href=\"https:\/\/dev.explora.cl\/magallanes\/atencion-puerto-natales-habra-observaciones-astronomicas-charlas-y-entretenidos-talleres-para-conmemorar-el-dia-de-la-astronomia\/\" class=\"yoast-seo-meta-tag\" \/>\n<meta property=\"og:locale\" content=\"es_ES\" class=\"yoast-seo-meta-tag\" \/>\n<meta property=\"og:type\" content=\"article\" class=\"yoast-seo-meta-tag\" \/>\n<meta property=\"og:title\" content=\"\u00a1Atenci\u00f3n Puerto Natales! Habr\u00e1 observaciones astron\u00f3micas, charlas y entretenidos talleres para conmemorar el D\u00eda de la Astronom\u00eda - Magallanes\" class=\"yoast-seo-meta-tag\" \/>\n<meta property=\"og:description\" content=\"A nivel nacional, durante todo el mes de marzo se conmemora el D\u00eda de la Astronom\u00eda. Para lo cual el Proyecto Asociativo Regional Explora de CONICYT Magallanes y de la Ant\u00e1rtica Chilena ejecutado por la Universidad de Magallanes, se encuentra organizando diversas actividades en Puerto Natales. Entre ellas, talleres y charlas para escolares, adem\u00e1s de [&hellip;]\" class=\"yoast-seo-meta-tag\" \/>\n<meta property=\"og:url\" content=\"https:\/\/dev.explora.cl\/magallanes\/atencion-puerto-natales-habra-observaciones-astronomicas-charlas-y-entretenidos-talleres-para-conmemorar-el-dia-de-la-astronomia\/\" class=\"yoast-seo-meta-tag\" \/>\n<meta property=\"og:site_name\" content=\"Magallanes\" class=\"yoast-seo-meta-tag\" \/>\n<meta property=\"article:published_time\" content=\"2018-03-09T04:00:00+00:00\" class=\"yoast-seo-meta-tag\" \/>\n<meta property=\"article:modified_time\" content=\"2019-05-20T21:34:38+00:00\" class=\"yoast-seo-meta-tag\" \/>\n<meta property=\"og:image\" content=\"https:\/\/dev.explora.cl\/magallanes\/wp-content\/uploads\/sites\/19\/2018\/06\/dia_astronomia_2017.jpg\" class=\"yoast-seo-meta-tag\" \/>\n\t<meta property=\"og:image:width\" content=\"1200\" class=\"yoast-seo-meta-tag\" \/>\n\t<meta property=\"og:image:height\" content=\"800\" class=\"yoast-seo-meta-tag\" \/>\n\t<meta property=\"og:image:type\" content=\"image\/jpeg\" class=\"yoast-seo-meta-tag\" \/>\n<meta name=\"author\" content=\"webman\" class=\"yoast-seo-meta-tag\" \/>\n<meta name=\"twitter:card\" content=\"summary_large_image\" class=\"yoast-seo-meta-tag\" \/>\n<meta name=\"twitter:label1\" content=\"Escrito por\" class=\"yoast-seo-meta-tag\" \/>\n\t<meta name=\"twitter:data1\" content=\"webman\" class=\"yoast-seo-meta-tag\" \/>\n\t<meta name=\"twitter:label2\" content=\"Tiempo estimado de lectura\" class=\"yoast-seo-meta-tag\" \/>\n\t<meta name=\"twitter:data2\" content=\"3 minutos\" class=\"yoast-seo-meta-tag\" \/>\n<script type=\"application\/ld+json\" class=\"yoast-schema-graph\">{\"@context\":\"https:\/\/schema.org\",\"@graph\":[{\"@type\":\"Article\",\"@id\":\"https:\/\/dev.explora.cl\/magallanes\/atencion-puerto-natales-habra-observaciones-astronomicas-charlas-y-entretenidos-talleres-para-conmemorar-el-dia-de-la-astronomia\/#article\",\"isPartOf\":{\"@id\":\"https:\/\/dev.explora.cl\/magallanes\/atencion-puerto-natales-habra-observaciones-astronomicas-charlas-y-entretenidos-talleres-para-conmemorar-el-dia-de-la-astronomia\/\"},\"author\":{\"name\":\"webman\",\"@id\":\"https:\/\/dev.explora.cl\/magallanes\/#\/schema\/person\/cb8349c13ea2d324080adf8480d7ba5d\"},\"headline\":\"\u00a1Atenci\u00f3n Puerto Natales! Habr\u00e1 observaciones astron\u00f3micas, charlas y entretenidos talleres para conmemorar el D\u00eda de la Astronom\u00eda\",\"datePublished\":\"2018-03-09T04:00:00+00:00\",\"dateModified\":\"2019-05-20T21:34:38+00:00\",\"mainEntityOfPage\":{\"@id\":\"https:\/\/dev.explora.cl\/magallanes\/atencion-puerto-natales-habra-observaciones-astronomicas-charlas-y-entretenidos-talleres-para-conmemorar-el-dia-de-la-astronomia\/\"},\"wordCount\":638,\"commentCount\":0,\"publisher\":{\"@id\":\"https:\/\/dev.explora.cl\/magallanes\/#organization\"},\"image\":{\"@id\":\"https:\/\/dev.explora.cl\/magallanes\/atencion-puerto-natales-habra-observaciones-astronomicas-charlas-y-entretenidos-talleres-para-conmemorar-el-dia-de-la-astronomia\/#primaryimage\"},\"thumbnailUrl\":\"https:\/\/dev.explora.cl\/magallanes\/wp-content\/uploads\/sites\/19\/2018\/06\/dia_astronomia_2017.jpg\",\"articleSection\":[\"Noticias\"],\"inLanguage\":\"es-CL\",\"potentialAction\":[{\"@type\":\"CommentAction\",\"name\":\"Comment\",\"target\":[\"https:\/\/dev.explora.cl\/magallanes\/atencion-puerto-natales-habra-observaciones-astronomicas-charlas-y-entretenidos-talleres-para-conmemorar-el-dia-de-la-astronomia\/#respond\"]}]},{\"@type\":\"WebPage\",\"@id\":\"https:\/\/dev.explora.cl\/magallanes\/atencion-puerto-natales-habra-observaciones-astronomicas-charlas-y-entretenidos-talleres-para-conmemorar-el-dia-de-la-astronomia\/\",\"url\":\"https:\/\/dev.explora.cl\/magallanes\/atencion-puerto-natales-habra-observaciones-astronomicas-charlas-y-entretenidos-talleres-para-conmemorar-el-dia-de-la-astronomia\/\",\"name\":\"\u00a1Atenci\u00f3n Puerto Natales! Habr\u00e1 observaciones astron\u00f3micas, charlas y entretenidos talleres para conmemorar el D\u00eda de la Astronom\u00eda - Magallanes\",\"isPartOf\":{\"@id\":\"https:\/\/dev.explora.cl\/magallanes\/#website\"},\"primaryImageOfPage\":{\"@id\":\"https:\/\/dev.explora.cl\/magallanes\/atencion-puerto-natales-habra-observaciones-astronomicas-charlas-y-entretenidos-talleres-para-conmemorar-el-dia-de-la-astronomia\/#primaryimage\"},\"image\":{\"@id\":\"https:\/\/dev.explora.cl\/magallanes\/atencion-puerto-natales-habra-observaciones-astronomicas-charlas-y-entretenidos-talleres-para-conmemorar-el-dia-de-la-astronomia\/#primaryimage\"},\"thumbnailUrl\":\"https:\/\/dev.explora.cl\/magallanes\/wp-content\/uploads\/sites\/19\/2018\/06\/dia_astronomia_2017.jpg\",\"datePublished\":\"2018-03-09T04:00:00+00:00\",\"dateModified\":\"2019-05-20T21:34:38+00:00\",\"breadcrumb\":{\"@id\":\"https:\/\/dev.explora.cl\/magallanes\/atencion-puerto-natales-habra-observaciones-astronomicas-charlas-y-entretenidos-talleres-para-conmemorar-el-dia-de-la-astronomia\/#breadcrumb\"},\"inLanguage\":\"es-CL\",\"potentialAction\":[{\"@type\":\"ReadAction\",\"target\":[\"https:\/\/dev.explora.cl\/magallanes\/atencion-puerto-natales-habra-observaciones-astronomicas-charlas-y-entretenidos-talleres-para-conmemorar-el-dia-de-la-astronomia\/\"]}]},{\"@type\":\"ImageObject\",\"inLanguage\":\"es-CL\",\"@id\":\"https:\/\/dev.explora.cl\/magallanes\/atencion-puerto-natales-habra-observaciones-astronomicas-charlas-y-entretenidos-talleres-para-conmemorar-el-dia-de-la-astronomia\/#primaryimage\",\"url\":\"https:\/\/dev.explora.cl\/magallanes\/wp-content\/uploads\/sites\/19\/2018\/06\/dia_astronomia_2017.jpg\",\"contentUrl\":\"https:\/\/dev.explora.cl\/magallanes\/wp-content\/uploads\/sites\/19\/2018\/06\/dia_astronomia_2017.jpg\",\"width\":1200,\"height\":800},{\"@type\":\"BreadcrumbList\",\"@id\":\"https:\/\/dev.explora.cl\/magallanes\/atencion-puerto-natales-habra-observaciones-astronomicas-charlas-y-entretenidos-talleres-para-conmemorar-el-dia-de-la-astronomia\/#breadcrumb\",\"itemListElement\":[{\"@type\":\"ListItem\",\"position\":1,\"name\":\"Portada\",\"item\":\"https:\/\/dev.explora.cl\/magallanes\/\"},{\"@type\":\"ListItem\",\"position\":2,\"name\":\"\u00a1Atenci\u00f3n Puerto Natales! Habr\u00e1 observaciones astron\u00f3micas, charlas y entretenidos talleres para conmemorar el D\u00eda de la Astronom\u00eda\"}]},{\"@type\":\"WebSite\",\"@id\":\"https:\/\/dev.explora.cl\/magallanes\/#website\",\"url\":\"https:\/\/dev.explora.cl\/magallanes\/\",\"name\":\"Magallanes\",\"description\":\"Otro sitio m\u00e1s de dev.explora.cl\",\"publisher\":{\"@id\":\"https:\/\/dev.explora.cl\/magallanes\/#organization\"},\"potentialAction\":[{\"@type\":\"SearchAction\",\"target\":{\"@type\":\"EntryPoint\",\"urlTemplate\":\"https:\/\/dev.explora.cl\/magallanes\/?s={search_term_string}\"},\"query-input\":{\"@type\":\"PropertyValueSpecification\",\"valueRequired\":true,\"valueName\":\"search_term_string\"}}],\"inLanguage\":\"es-CL\"},{\"@type\":\"Organization\",\"@id\":\"https:\/\/dev.explora.cl\/magallanes\/#organization\",\"name\":\"Magallanes\",\"url\":\"https:\/\/dev.explora.cl\/magallanes\/\",\"logo\":{\"@type\":\"ImageObject\",\"inLanguage\":\"es-CL\",\"@id\":\"https:\/\/dev.explora.cl\/magallanes\/#\/schema\/logo\/image\/\",\"url\":\"https:\/\/dev.explora.cl\/magallanes\/wp-content\/uploads\/sites\/19\/2021\/06\/cropped-ICONO-COLOR-2.jpg\",\"contentUrl\":\"https:\/\/dev.explora.cl\/magallanes\/wp-content\/uploads\/sites\/19\/2021\/06\/cropped-ICONO-COLOR-2.jpg\",\"width\":1181,\"height\":1181,\"caption\":\"Magallanes\"},\"image\":{\"@id\":\"https:\/\/dev.explora.cl\/magallanes\/#\/schema\/logo\/image\/\"}},{\"@type\":\"Person\",\"@id\":\"https:\/\/dev.explora.cl\/magallanes\/#\/schema\/person\/cb8349c13ea2d324080adf8480d7ba5d\",\"name\":\"webman\",\"image\":{\"@type\":\"ImageObject\",\"inLanguage\":\"es-CL\",\"@id\":\"https:\/\/dev.explora.cl\/magallanes\/#\/schema\/person\/image\/\",\"url\":\"https:\/\/secure.gravatar.com\/avatar\/eeff3c82f2c02f7177d13663b7e6f890e9a6a0647ce9bb29cae02dcb094c7312?s=96&d=mm&r=g\",\"contentUrl\":\"https:\/\/secure.gravatar.com\/avatar\/eeff3c82f2c02f7177d13663b7e6f890e9a6a0647ce9bb29cae02dcb094c7312?s=96&d=mm&r=g\",\"caption\":\"webman\"},\"url\":\"https:\/\/dev.explora.cl\/magallanes\/author\/webman\/\"}]}<\/script>\n<!-- \/ Yoast SEO plugin. -->","yoast_head_json":{"title":"\u00a1Atenci\u00f3n Puerto Natales! Habr\u00e1 observaciones astron\u00f3micas, charlas y entretenidos talleres para conmemorar el D\u00eda de la Astronom\u00eda - Magallanes","robots":{"index":"index","follow":"follow","max-snippet":"max-snippet:-1","max-image-preview":"max-image-preview:large","max-video-preview":"max-video-preview:-1"},"canonical":"https:\/\/dev.explora.cl\/magallanes\/atencion-puerto-natales-habra-observaciones-astronomicas-charlas-y-entretenidos-talleres-para-conmemorar-el-dia-de-la-astronomia\/","og_locale":"es_ES","og_type":"article","og_title":"\u00a1Atenci\u00f3n Puerto Natales! Habr\u00e1 observaciones astron\u00f3micas, charlas y entretenidos talleres para conmemorar el D\u00eda de la Astronom\u00eda - Magallanes","og_description":"A nivel nacional, durante todo el mes de marzo se conmemora el D\u00eda de la Astronom\u00eda. Para lo cual el Proyecto Asociativo Regional Explora de CONICYT Magallanes y de la Ant\u00e1rtica Chilena ejecutado por la Universidad de Magallanes, se encuentra organizando diversas actividades en Puerto Natales. Entre ellas, talleres y charlas para escolares, adem\u00e1s de [&hellip;]","og_url":"https:\/\/dev.explora.cl\/magallanes\/atencion-puerto-natales-habra-observaciones-astronomicas-charlas-y-entretenidos-talleres-para-conmemorar-el-dia-de-la-astronomia\/","og_site_name":"Magallanes","article_published_time":"2018-03-09T04:00:00+00:00","article_modified_time":"2019-05-20T21:34:38+00:00","og_image":[{"width":1200,"height":800,"url":"https:\/\/dev.explora.cl\/magallanes\/wp-content\/uploads\/sites\/19\/2018\/06\/dia_astronomia_2017.jpg","type":"image\/jpeg"}],"author":"webman","twitter_card":"summary_large_image","twitter_misc":{"Escrito por":"webman","Tiempo estimado de lectura":"3 minutos"},"schema":{"@context":"https:\/\/schema.org","@graph":[{"@type":"Article","@id":"https:\/\/dev.explora.cl\/magallanes\/atencion-puerto-natales-habra-observaciones-astronomicas-charlas-y-entretenidos-talleres-para-conmemorar-el-dia-de-la-astronomia\/#article","isPartOf":{"@id":"https:\/\/dev.explora.cl\/magallanes\/atencion-puerto-natales-habra-observaciones-astronomicas-charlas-y-entretenidos-talleres-para-conmemorar-el-dia-de-la-astronomia\/"},"author":{"name":"webman","@id":"https:\/\/dev.explora.cl\/magallanes\/#\/schema\/person\/cb8349c13ea2d324080adf8480d7ba5d"},"headline":"\u00a1Atenci\u00f3n Puerto Natales! Habr\u00e1 observaciones astron\u00f3micas, charlas y entretenidos talleres para conmemorar el D\u00eda de la Astronom\u00eda","datePublished":"2018-03-09T04:00:00+00:00","dateModified":"2019-05-20T21:34:38+00:00","mainEntityOfPage":{"@id":"https:\/\/dev.explora.cl\/magallanes\/atencion-puerto-natales-habra-observaciones-astronomicas-charlas-y-entretenidos-talleres-para-conmemorar-el-dia-de-la-astronomia\/"},"wordCount":638,"commentCount":0,"publisher":{"@id":"https:\/\/dev.explora.cl\/magallanes\/#organization"},"image":{"@id":"https:\/\/dev.explora.cl\/magallanes\/atencion-puerto-natales-habra-observaciones-astronomicas-charlas-y-entretenidos-talleres-para-conmemorar-el-dia-de-la-astronomia\/#primaryimage"},"thumbnailUrl":"https:\/\/dev.explora.cl\/magallanes\/wp-content\/uploads\/sites\/19\/2018\/06\/dia_astronomia_2017.jpg","articleSection":["Noticias"],"inLanguage":"es-CL","potentialAction":[{"@type":"CommentAction","name":"Comment","target":["https:\/\/dev.explora.cl\/magallanes\/atencion-puerto-natales-habra-observaciones-astronomicas-charlas-y-entretenidos-talleres-para-conmemorar-el-dia-de-la-astronomia\/#respond"]}]},{"@type":"WebPage","@id":"https:\/\/dev.explora.cl\/magallanes\/atencion-puerto-natales-habra-observaciones-astronomicas-charlas-y-entretenidos-talleres-para-conmemorar-el-dia-de-la-astronomia\/","url":"https:\/\/dev.explora.cl\/magallanes\/atencion-puerto-natales-habra-observaciones-astronomicas-charlas-y-entretenidos-talleres-para-conmemorar-el-dia-de-la-astronomia\/","name":"\u00a1Atenci\u00f3n Puerto Natales! Habr\u00e1 observaciones astron\u00f3micas, charlas y entretenidos talleres para conmemorar el D\u00eda de la Astronom\u00eda - Magallanes","isPartOf":{"@id":"https:\/\/dev.explora.cl\/magallanes\/#website"},"primaryImageOfPage":{"@id":"https:\/\/dev.explora.cl\/magallanes\/atencion-puerto-natales-habra-observaciones-astronomicas-charlas-y-entretenidos-talleres-para-conmemorar-el-dia-de-la-astronomia\/#primaryimage"},"image":{"@id":"https:\/\/dev.explora.cl\/magallanes\/atencion-puerto-natales-habra-observaciones-astronomicas-charlas-y-entretenidos-talleres-para-conmemorar-el-dia-de-la-astronomia\/#primaryimage"},"thumbnailUrl":"https:\/\/dev.explora.cl\/magallanes\/wp-content\/uploads\/sites\/19\/2018\/06\/dia_astronomia_2017.jpg","datePublished":"2018-03-09T04:00:00+00:00","dateModified":"2019-05-20T21:34:38+00:00","breadcrumb":{"@id":"https:\/\/dev.explora.cl\/magallanes\/atencion-puerto-natales-habra-observaciones-astronomicas-charlas-y-entretenidos-talleres-para-conmemorar-el-dia-de-la-astronomia\/#breadcrumb"},"inLanguage":"es-CL","potentialAction":[{"@type":"ReadAction","target":["https:\/\/dev.explora.cl\/magallanes\/atencion-puerto-natales-habra-observaciones-astronomicas-charlas-y-entretenidos-talleres-para-conmemorar-el-dia-de-la-astronomia\/"]}]},{"@type":"ImageObject","inLanguage":"es-CL","@id":"https:\/\/dev.explora.cl\/magallanes\/atencion-puerto-natales-habra-observaciones-astronomicas-charlas-y-entretenidos-talleres-para-conmemorar-el-dia-de-la-astronomia\/#primaryimage","url":"https:\/\/dev.explora.cl\/magallanes\/wp-content\/uploads\/sites\/19\/2018\/06\/dia_astronomia_2017.jpg","contentUrl":"https:\/\/dev.explora.cl\/magallanes\/wp-content\/uploads\/sites\/19\/2018\/06\/dia_astronomia_2017.jpg","width":1200,"height":800},{"@type":"BreadcrumbList","@id":"https:\/\/dev.explora.cl\/magallanes\/atencion-puerto-natales-habra-observaciones-astronomicas-charlas-y-entretenidos-talleres-para-conmemorar-el-dia-de-la-astronomia\/#breadcrumb","itemListElement":[{"@type":"ListItem","position":1,"name":"Portada","item":"https:\/\/dev.explora.cl\/magallanes\/"},{"@type":"ListItem","position":2,"name":"\u00a1Atenci\u00f3n Puerto Natales! Habr\u00e1 observaciones astron\u00f3micas, charlas y entretenidos talleres para conmemorar el D\u00eda de la Astronom\u00eda"}]},{"@type":"WebSite","@id":"https:\/\/dev.explora.cl\/magallanes\/#website","url":"https:\/\/dev.explora.cl\/magallanes\/","name":"Magallanes","description":"Otro sitio m\u00e1s de dev.explora.cl","publisher":{"@id":"https:\/\/dev.explora.cl\/magallanes\/#organization"},"potentialAction":[{"@type":"SearchAction","target":{"@type":"EntryPoint","urlTemplate":"https:\/\/dev.explora.cl\/magallanes\/?s={search_term_string}"},"query-input":{"@type":"PropertyValueSpecification","valueRequired":true,"valueName":"search_term_string"}}],"inLanguage":"es-CL"},{"@type":"Organization","@id":"https:\/\/dev.explora.cl\/magallanes\/#organization","name":"Magallanes","url":"https:\/\/dev.explora.cl\/magallanes\/","logo":{"@type":"ImageObject","inLanguage":"es-CL","@id":"https:\/\/dev.explora.cl\/magallanes\/#\/schema\/logo\/image\/","url":"https:\/\/dev.explora.cl\/magallanes\/wp-content\/uploads\/sites\/19\/2021\/06\/cropped-ICONO-COLOR-2.jpg","contentUrl":"https:\/\/dev.explora.cl\/magallanes\/wp-content\/uploads\/sites\/19\/2021\/06\/cropped-ICONO-COLOR-2.jpg","width":1181,"height":1181,"caption":"Magallanes"},"image":{"@id":"https:\/\/dev.explora.cl\/magallanes\/#\/schema\/logo\/image\/"}},{"@type":"Person","@id":"https:\/\/dev.explora.cl\/magallanes\/#\/schema\/person\/cb8349c13ea2d324080adf8480d7ba5d","name":"webman","image":{"@type":"ImageObject","inLanguage":"es-CL","@id":"https:\/\/dev.explora.cl\/magallanes\/#\/schema\/person\/image\/","url":"https:\/\/secure.gravatar.com\/avatar\/eeff3c82f2c02f7177d13663b7e6f890e9a6a0647ce9bb29cae02dcb094c7312?s=96&d=mm&r=g","contentUrl":"https:\/\/secure.gravatar.com\/avatar\/eeff3c82f2c02f7177d13663b7e6f890e9a6a0647ce9bb29cae02dcb094c7312?s=96&d=mm&r=g","caption":"webman"},"url":"https:\/\/dev.explora.cl\/magallanes\/author\/webman\/"}]}},"_links":{"self":[{"href":"https:\/\/dev.explora.cl\/magallanes\/wp-json\/wp\/v2\/posts\/894","targetHints":{"allow":["GET"]}}],"collection":[{"href":"https:\/\/dev.explora.cl\/magallanes\/wp-json\/wp\/v2\/posts"}],"about":[{"href":"https:\/\/dev.explora.cl\/magallanes\/wp-json\/wp\/v2\/types\/post"}],"author":[{"embeddable":true,"href":"https:\/\/dev.explora.cl\/magallanes\/wp-json\/wp\/v2\/users\/2"}],"replies":[{"embeddable":true,"href":"https:\/\/dev.explora.cl\/magallanes\/wp-json\/wp\/v2\/comments?post=894"}],"version-history":[{"count":1,"href":"https:\/\/dev.explora.cl\/magallanes\/wp-json\/wp\/v2\/posts\/894\/revisions"}],"predecessor-version":[{"id":37609,"href":"https:\/\/dev.explora.cl\/magallanes\/wp-json\/wp\/v2\/posts\/894\/revisions\/37609"}],"wp:featuredmedia":[{"embeddable":true,"href":"https:\/\/dev.explora.cl\/magallanes\/wp-json\/wp\/v2\/media\/895"}],"wp:attachment":[{"href":"https:\/\/dev.explora.cl\/magallanes\/wp-json\/wp\/v2\/media?parent=894"}],"wp:term":[{"taxonomy":"category","embeddable":true,"href":"https:\/\/dev.explora.cl\/magallanes\/wp-json\/wp\/v2\/categories?post=894"},{"taxonomy":"post_tag","embeddable":true,"href":"https:\/\/dev.explora.cl\/magallanes\/wp-json\/wp\/v2\/tags?post=894"}],"curies":[{"name":"wp","href":"https:\/\/api.w.org\/{rel}","templated":true}]}}