{"id":892,"date":"2018-03-06T00:00:00","date_gmt":"2018-03-06T04:00:00","guid":{"rendered":"https:\/\/dev.explora.cl\/magallanes\/blog\/2018\/03\/06\/exposicion-itinerante-antartica-extrema-invita-a-la-comunidad-magallanica-a-conocer-las-maravillas-del-continente-blanco\/"},"modified":"2019-05-20T21:34:38","modified_gmt":"2019-05-20T21:34:38","slug":"exposicion-itinerante-antartica-extrema-invita-a-la-comunidad-magallanica-a-conocer-las-maravillas-del-continente-blanco","status":"publish","type":"post","link":"https:\/\/dev.explora.cl\/magallanes\/exposicion-itinerante-antartica-extrema-invita-a-la-comunidad-magallanica-a-conocer-las-maravillas-del-continente-blanco\/","title":{"rendered":"Exposici\u00f3n itinerante Ant\u00e1rtica Extrema invita a la comunidad magall\u00e1nica a conocer las maravillas del Continente Blanco"},"content":{"rendered":"<p><img loading=\"lazy\" decoding=\"async\" class=\" size-full wp-image-30013\" src=\"http:\/\/ec2-54-245-22-188.us-west-2.compute.amazonaws.com\/wp-content\/uploads\/2018\/03\/Ant%C3%A1rtica_Extrema_CIJUM.jpg\" alt=\"\" width=\"1280\" height=\"960\" \/><\/p>\n<p>Una verdadera invitaci\u00f3n a acercarse a conocer las maravillas del denominado Continente Blanco es la propuesta de la exposici\u00f3n itinerante Ant\u00e1rtica Extrema, que est\u00e1 disponible hasta el 29 de marzo en el tercer piso del Centro Integral Infantil de Juego y Movimiento de la Junta Nacional de Jardines Infantiles (JUNJI), que est\u00e1 ubicado en Avenida Salvador Allende #0291 en pleno Barrio 18 de Septiembre.<\/p>\n<p>Es importante destacar que esta exhibici\u00f3n del Proyecto Asociativo Regional (PAR) Explora de CONICYT Magallanes y de la Ant\u00e1rtica Chilena de la Universidad de Magallanes, estuvo itinerando durante el a\u00f1o 2017 en diferentes establecimientos educacionales de Punta Arenas, y tambi\u00e9n estuvo presente en Puerto Natales, Porvenir y Puerto Williams. Solo en este ciclo recibi\u00f3 a m\u00e1s de seis mil visitantes.&nbsp;<\/p>\n<p>La encargada de Vinculaci\u00f3n Escolar del PAR Explora Magallanes, Katherine Barr\u00eda, explic\u00f3 la importancia de contar con esta exposici\u00f3n en la regi\u00f3n: \u201cConsiste en llevar a todos los visitantes por un ratito a la Ant\u00e1rtica para que ellos conozcan su geograf\u00eda, su historia y sus especies, no solo lo que todos saben que son los ping\u00fcinos o las bajas temperaturas, ya que la Ant\u00e1rtica es mucho m\u00e1s que eso, y eso es lo que espera la exposici\u00f3n: ampliar los conocimientos de la comunidad, hacerlo m\u00e1s colectivo, un tema que nos importa a todos nosotros porque somos la Regi\u00f3n de Magallanes y de la Ant\u00e1rtica Chilena, y no solo Magallanes\u201d.&nbsp;&nbsp;&nbsp;<\/p>\n<p>Ant\u00e1rtica Extrema cuenta con diferentes m\u00f3dulos interactivos donde los visitantes pueden aprender sobre materias tales como geograf\u00eda, paleontolog\u00eda, fauna o flora ant\u00e1rtica, y adem\u00e1s se realizan distintas experiencias educativas para los visitantes. \u201cNo solo cuenta con elementos visuales, sino que tambi\u00e9n uno puede ir a aprender, por lo tanto se le dedica tiempo a cada uno de los visitantes, adem\u00e1s \u00e9l aprende de una forma entretenida e interactiva\u201d, destaca la encargada.<\/p>\n<p>Adicional a la muestra se cuenta con la importante participaci\u00f3n del Instituto Ant\u00e1rtico Chileno (INACH) y con la iniciativa nacional M\u00e1gico ChileMIO de la Universidad de Concepci\u00f3n que muestra a los visitantes de forma interactiva las maravillas de los oc\u00e9anos.<\/p>\n<p>La exposici\u00f3n est\u00e1 abierta a todo p\u00fablico desde las 9 a las 12.30 horas, solo de lunes a viernes. No obstante, los establecimientos educacionales, jardines infantiles y escuelas de lenguaje que quieran asistir con delegaciones deber\u00e1n agendar su visita al correo electr\u00f3nico: <a href=\"mailto:vinculacionescolar.exploramag@gmail.com\">vinculacionescolar.exploramag@gmail.com<\/a> o llamar al 612207074.<\/p>\n<p>Tambi\u00e9n se hace extensiva a invitaci\u00f3n a juntas de vecinos, clubes de adultos mayores, centros de madres, grupos de scouts, parroquias, clubes deportivos y otras organizaciones socioculturales interesadas en conocer y aprender m\u00e1s sobre la Ant\u00e1rtica.<\/p>\n<p>\u201cLa idea es que asista toda la comunidad magall\u00e1nica, por lo que se hace un llamado a todos los habitantes de Punta Arenas a que asistan, a que la vean, a que disfruten y que la recorran. Es una actividad totalmente gratuita pueden ir entre las 09 y las 12.30 horas, estaremos hasta el 29 de marzo en dependencias del Centro Integral Infantil de Juego y Movimiento\u201d, concluye la encargada de la exposici\u00f3n.<\/p>\n","protected":false},"excerpt":{"rendered":"<p>Una verdadera invitaci\u00f3n a acercarse a conocer las maravillas del denominado Continente Blanco es la propuesta de la exposici\u00f3n itinerante Ant\u00e1rtica Extrema, que est\u00e1 disponible hasta el 29 de marzo en el tercer piso del Centro Integral Infantil de Juego y Movimiento de la Junta Nacional de Jardines Infantiles (JUNJI), que est\u00e1 ubicado en Avenida [&hellip;]<\/p>\n","protected":false},"author":2,"featured_media":893,"comment_status":"open","ping_status":"open","sticky":false,"template":"","format":"standard","meta":{"_acf_changed":false,"_exactmetrics_skip_tracking":false,"_exactmetrics_sitenote_active":false,"_exactmetrics_sitenote_note":"","_exactmetrics_sitenote_category":0,"footnotes":"","_links_to":"","_links_to_target":""},"categories":[4],"tags":[],"class_list":["post-892","post","type-post","status-publish","format-standard","has-post-thumbnail","hentry","category-noticias"],"acf":[],"yoast_head":"<!-- This site is optimized with the Yoast SEO plugin v26.7 - https:\/\/yoast.com\/wordpress\/plugins\/seo\/ -->\n<title>Exposici\u00f3n itinerante Ant\u00e1rtica Extrema invita a la comunidad magall\u00e1nica a conocer las maravillas del Continente Blanco - Magallanes<\/title>\n<meta name=\"robots\" content=\"index, follow, max-snippet:-1, max-image-preview:large, max-video-preview:-1\" \/>\n<link rel=\"canonical\" href=\"https:\/\/dev.explora.cl\/magallanes\/exposicion-itinerante-antartica-extrema-invita-a-la-comunidad-magallanica-a-conocer-las-maravillas-del-continente-blanco\/\" class=\"yoast-seo-meta-tag\" \/>\n<meta property=\"og:locale\" content=\"es_ES\" class=\"yoast-seo-meta-tag\" \/>\n<meta property=\"og:type\" content=\"article\" class=\"yoast-seo-meta-tag\" \/>\n<meta property=\"og:title\" content=\"Exposici\u00f3n itinerante Ant\u00e1rtica Extrema invita a la comunidad magall\u00e1nica a conocer las maravillas del Continente Blanco - Magallanes\" class=\"yoast-seo-meta-tag\" \/>\n<meta property=\"og:description\" content=\"Una verdadera invitaci\u00f3n a acercarse a conocer las maravillas del denominado Continente Blanco es la propuesta de la exposici\u00f3n itinerante Ant\u00e1rtica Extrema, que est\u00e1 disponible hasta el 29 de marzo en el tercer piso del Centro Integral Infantil de Juego y Movimiento de la Junta Nacional de Jardines Infantiles (JUNJI), que est\u00e1 ubicado en Avenida [&hellip;]\" class=\"yoast-seo-meta-tag\" \/>\n<meta property=\"og:url\" content=\"https:\/\/dev.explora.cl\/magallanes\/exposicion-itinerante-antartica-extrema-invita-a-la-comunidad-magallanica-a-conocer-las-maravillas-del-continente-blanco\/\" class=\"yoast-seo-meta-tag\" \/>\n<meta property=\"og:site_name\" content=\"Magallanes\" class=\"yoast-seo-meta-tag\" \/>\n<meta property=\"article:published_time\" content=\"2018-03-06T04:00:00+00:00\" class=\"yoast-seo-meta-tag\" \/>\n<meta property=\"article:modified_time\" content=\"2019-05-20T21:34:38+00:00\" class=\"yoast-seo-meta-tag\" \/>\n<meta property=\"og:image\" content=\"https:\/\/dev.explora.cl\/magallanes\/wp-content\/uploads\/sites\/19\/2018\/06\/Ant\u00e1rtica_Extrema_CIJUM.jpg\" class=\"yoast-seo-meta-tag\" \/>\n\t<meta property=\"og:image:width\" content=\"1280\" class=\"yoast-seo-meta-tag\" \/>\n\t<meta property=\"og:image:height\" content=\"960\" class=\"yoast-seo-meta-tag\" \/>\n\t<meta property=\"og:image:type\" content=\"image\/jpeg\" class=\"yoast-seo-meta-tag\" \/>\n<meta name=\"author\" content=\"webman\" class=\"yoast-seo-meta-tag\" \/>\n<meta name=\"twitter:card\" content=\"summary_large_image\" class=\"yoast-seo-meta-tag\" \/>\n<meta name=\"twitter:label1\" content=\"Escrito por\" class=\"yoast-seo-meta-tag\" \/>\n\t<meta name=\"twitter:data1\" content=\"webman\" class=\"yoast-seo-meta-tag\" \/>\n\t<meta name=\"twitter:label2\" content=\"Tiempo estimado de lectura\" class=\"yoast-seo-meta-tag\" \/>\n\t<meta name=\"twitter:data2\" content=\"3 minutos\" class=\"yoast-seo-meta-tag\" \/>\n<script type=\"application\/ld+json\" class=\"yoast-schema-graph\">{\"@context\":\"https:\/\/schema.org\",\"@graph\":[{\"@type\":\"Article\",\"@id\":\"https:\/\/dev.explora.cl\/magallanes\/exposicion-itinerante-antartica-extrema-invita-a-la-comunidad-magallanica-a-conocer-las-maravillas-del-continente-blanco\/#article\",\"isPartOf\":{\"@id\":\"https:\/\/dev.explora.cl\/magallanes\/exposicion-itinerante-antartica-extrema-invita-a-la-comunidad-magallanica-a-conocer-las-maravillas-del-continente-blanco\/\"},\"author\":{\"name\":\"webman\",\"@id\":\"https:\/\/dev.explora.cl\/magallanes\/#\/schema\/person\/cb8349c13ea2d324080adf8480d7ba5d\"},\"headline\":\"Exposici\u00f3n itinerante Ant\u00e1rtica Extrema invita a la comunidad magall\u00e1nica a conocer las maravillas del Continente Blanco\",\"datePublished\":\"2018-03-06T04:00:00+00:00\",\"dateModified\":\"2019-05-20T21:34:38+00:00\",\"mainEntityOfPage\":{\"@id\":\"https:\/\/dev.explora.cl\/magallanes\/exposicion-itinerante-antartica-extrema-invita-a-la-comunidad-magallanica-a-conocer-las-maravillas-del-continente-blanco\/\"},\"wordCount\":560,\"commentCount\":0,\"publisher\":{\"@id\":\"https:\/\/dev.explora.cl\/magallanes\/#organization\"},\"image\":{\"@id\":\"https:\/\/dev.explora.cl\/magallanes\/exposicion-itinerante-antartica-extrema-invita-a-la-comunidad-magallanica-a-conocer-las-maravillas-del-continente-blanco\/#primaryimage\"},\"thumbnailUrl\":\"https:\/\/dev.explora.cl\/magallanes\/wp-content\/uploads\/sites\/19\/2018\/06\/Ant\u00e1rtica_Extrema_CIJUM.jpg\",\"articleSection\":[\"Noticias\"],\"inLanguage\":\"es-CL\",\"potentialAction\":[{\"@type\":\"CommentAction\",\"name\":\"Comment\",\"target\":[\"https:\/\/dev.explora.cl\/magallanes\/exposicion-itinerante-antartica-extrema-invita-a-la-comunidad-magallanica-a-conocer-las-maravillas-del-continente-blanco\/#respond\"]}]},{\"@type\":\"WebPage\",\"@id\":\"https:\/\/dev.explora.cl\/magallanes\/exposicion-itinerante-antartica-extrema-invita-a-la-comunidad-magallanica-a-conocer-las-maravillas-del-continente-blanco\/\",\"url\":\"https:\/\/dev.explora.cl\/magallanes\/exposicion-itinerante-antartica-extrema-invita-a-la-comunidad-magallanica-a-conocer-las-maravillas-del-continente-blanco\/\",\"name\":\"Exposici\u00f3n itinerante Ant\u00e1rtica Extrema invita a la comunidad magall\u00e1nica a conocer las maravillas del Continente Blanco - Magallanes\",\"isPartOf\":{\"@id\":\"https:\/\/dev.explora.cl\/magallanes\/#website\"},\"primaryImageOfPage\":{\"@id\":\"https:\/\/dev.explora.cl\/magallanes\/exposicion-itinerante-antartica-extrema-invita-a-la-comunidad-magallanica-a-conocer-las-maravillas-del-continente-blanco\/#primaryimage\"},\"image\":{\"@id\":\"https:\/\/dev.explora.cl\/magallanes\/exposicion-itinerante-antartica-extrema-invita-a-la-comunidad-magallanica-a-conocer-las-maravillas-del-continente-blanco\/#primaryimage\"},\"thumbnailUrl\":\"https:\/\/dev.explora.cl\/magallanes\/wp-content\/uploads\/sites\/19\/2018\/06\/Ant\u00e1rtica_Extrema_CIJUM.jpg\",\"datePublished\":\"2018-03-06T04:00:00+00:00\",\"dateModified\":\"2019-05-20T21:34:38+00:00\",\"breadcrumb\":{\"@id\":\"https:\/\/dev.explora.cl\/magallanes\/exposicion-itinerante-antartica-extrema-invita-a-la-comunidad-magallanica-a-conocer-las-maravillas-del-continente-blanco\/#breadcrumb\"},\"inLanguage\":\"es-CL\",\"potentialAction\":[{\"@type\":\"ReadAction\",\"target\":[\"https:\/\/dev.explora.cl\/magallanes\/exposicion-itinerante-antartica-extrema-invita-a-la-comunidad-magallanica-a-conocer-las-maravillas-del-continente-blanco\/\"]}]},{\"@type\":\"ImageObject\",\"inLanguage\":\"es-CL\",\"@id\":\"https:\/\/dev.explora.cl\/magallanes\/exposicion-itinerante-antartica-extrema-invita-a-la-comunidad-magallanica-a-conocer-las-maravillas-del-continente-blanco\/#primaryimage\",\"url\":\"https:\/\/dev.explora.cl\/magallanes\/wp-content\/uploads\/sites\/19\/2018\/06\/Ant\u00e1rtica_Extrema_CIJUM.jpg\",\"contentUrl\":\"https:\/\/dev.explora.cl\/magallanes\/wp-content\/uploads\/sites\/19\/2018\/06\/Ant\u00e1rtica_Extrema_CIJUM.jpg\",\"width\":1280,\"height\":960},{\"@type\":\"BreadcrumbList\",\"@id\":\"https:\/\/dev.explora.cl\/magallanes\/exposicion-itinerante-antartica-extrema-invita-a-la-comunidad-magallanica-a-conocer-las-maravillas-del-continente-blanco\/#breadcrumb\",\"itemListElement\":[{\"@type\":\"ListItem\",\"position\":1,\"name\":\"Portada\",\"item\":\"https:\/\/dev.explora.cl\/magallanes\/\"},{\"@type\":\"ListItem\",\"position\":2,\"name\":\"Exposici\u00f3n itinerante Ant\u00e1rtica Extrema invita a la comunidad magall\u00e1nica a conocer las maravillas del Continente Blanco\"}]},{\"@type\":\"WebSite\",\"@id\":\"https:\/\/dev.explora.cl\/magallanes\/#website\",\"url\":\"https:\/\/dev.explora.cl\/magallanes\/\",\"name\":\"Magallanes\",\"description\":\"Otro sitio m\u00e1s de dev.explora.cl\",\"publisher\":{\"@id\":\"https:\/\/dev.explora.cl\/magallanes\/#organization\"},\"potentialAction\":[{\"@type\":\"SearchAction\",\"target\":{\"@type\":\"EntryPoint\",\"urlTemplate\":\"https:\/\/dev.explora.cl\/magallanes\/?s={search_term_string}\"},\"query-input\":{\"@type\":\"PropertyValueSpecification\",\"valueRequired\":true,\"valueName\":\"search_term_string\"}}],\"inLanguage\":\"es-CL\"},{\"@type\":\"Organization\",\"@id\":\"https:\/\/dev.explora.cl\/magallanes\/#organization\",\"name\":\"Magallanes\",\"url\":\"https:\/\/dev.explora.cl\/magallanes\/\",\"logo\":{\"@type\":\"ImageObject\",\"inLanguage\":\"es-CL\",\"@id\":\"https:\/\/dev.explora.cl\/magallanes\/#\/schema\/logo\/image\/\",\"url\":\"https:\/\/dev.explora.cl\/magallanes\/wp-content\/uploads\/sites\/19\/2021\/06\/cropped-ICONO-COLOR-2.jpg\",\"contentUrl\":\"https:\/\/dev.explora.cl\/magallanes\/wp-content\/uploads\/sites\/19\/2021\/06\/cropped-ICONO-COLOR-2.jpg\",\"width\":1181,\"height\":1181,\"caption\":\"Magallanes\"},\"image\":{\"@id\":\"https:\/\/dev.explora.cl\/magallanes\/#\/schema\/logo\/image\/\"}},{\"@type\":\"Person\",\"@id\":\"https:\/\/dev.explora.cl\/magallanes\/#\/schema\/person\/cb8349c13ea2d324080adf8480d7ba5d\",\"name\":\"webman\",\"image\":{\"@type\":\"ImageObject\",\"inLanguage\":\"es-CL\",\"@id\":\"https:\/\/dev.explora.cl\/magallanes\/#\/schema\/person\/image\/\",\"url\":\"https:\/\/secure.gravatar.com\/avatar\/eeff3c82f2c02f7177d13663b7e6f890e9a6a0647ce9bb29cae02dcb094c7312?s=96&d=mm&r=g\",\"contentUrl\":\"https:\/\/secure.gravatar.com\/avatar\/eeff3c82f2c02f7177d13663b7e6f890e9a6a0647ce9bb29cae02dcb094c7312?s=96&d=mm&r=g\",\"caption\":\"webman\"},\"url\":\"https:\/\/dev.explora.cl\/magallanes\/author\/webman\/\"}]}<\/script>\n<!-- \/ Yoast SEO plugin. -->","yoast_head_json":{"title":"Exposici\u00f3n itinerante Ant\u00e1rtica Extrema invita a la comunidad magall\u00e1nica a conocer las maravillas del Continente Blanco - Magallanes","robots":{"index":"index","follow":"follow","max-snippet":"max-snippet:-1","max-image-preview":"max-image-preview:large","max-video-preview":"max-video-preview:-1"},"canonical":"https:\/\/dev.explora.cl\/magallanes\/exposicion-itinerante-antartica-extrema-invita-a-la-comunidad-magallanica-a-conocer-las-maravillas-del-continente-blanco\/","og_locale":"es_ES","og_type":"article","og_title":"Exposici\u00f3n itinerante Ant\u00e1rtica Extrema invita a la comunidad magall\u00e1nica a conocer las maravillas del Continente Blanco - Magallanes","og_description":"Una verdadera invitaci\u00f3n a acercarse a conocer las maravillas del denominado Continente Blanco es la propuesta de la exposici\u00f3n itinerante Ant\u00e1rtica Extrema, que est\u00e1 disponible hasta el 29 de marzo en el tercer piso del Centro Integral Infantil de Juego y Movimiento de la Junta Nacional de Jardines Infantiles (JUNJI), que est\u00e1 ubicado en Avenida [&hellip;]","og_url":"https:\/\/dev.explora.cl\/magallanes\/exposicion-itinerante-antartica-extrema-invita-a-la-comunidad-magallanica-a-conocer-las-maravillas-del-continente-blanco\/","og_site_name":"Magallanes","article_published_time":"2018-03-06T04:00:00+00:00","article_modified_time":"2019-05-20T21:34:38+00:00","og_image":[{"width":1280,"height":960,"url":"https:\/\/dev.explora.cl\/magallanes\/wp-content\/uploads\/sites\/19\/2018\/06\/Ant\u00e1rtica_Extrema_CIJUM.jpg","type":"image\/jpeg"}],"author":"webman","twitter_card":"summary_large_image","twitter_misc":{"Escrito por":"webman","Tiempo estimado de lectura":"3 minutos"},"schema":{"@context":"https:\/\/schema.org","@graph":[{"@type":"Article","@id":"https:\/\/dev.explora.cl\/magallanes\/exposicion-itinerante-antartica-extrema-invita-a-la-comunidad-magallanica-a-conocer-las-maravillas-del-continente-blanco\/#article","isPartOf":{"@id":"https:\/\/dev.explora.cl\/magallanes\/exposicion-itinerante-antartica-extrema-invita-a-la-comunidad-magallanica-a-conocer-las-maravillas-del-continente-blanco\/"},"author":{"name":"webman","@id":"https:\/\/dev.explora.cl\/magallanes\/#\/schema\/person\/cb8349c13ea2d324080adf8480d7ba5d"},"headline":"Exposici\u00f3n itinerante Ant\u00e1rtica Extrema invita a la comunidad magall\u00e1nica a conocer las maravillas del Continente Blanco","datePublished":"2018-03-06T04:00:00+00:00","dateModified":"2019-05-20T21:34:38+00:00","mainEntityOfPage":{"@id":"https:\/\/dev.explora.cl\/magallanes\/exposicion-itinerante-antartica-extrema-invita-a-la-comunidad-magallanica-a-conocer-las-maravillas-del-continente-blanco\/"},"wordCount":560,"commentCount":0,"publisher":{"@id":"https:\/\/dev.explora.cl\/magallanes\/#organization"},"image":{"@id":"https:\/\/dev.explora.cl\/magallanes\/exposicion-itinerante-antartica-extrema-invita-a-la-comunidad-magallanica-a-conocer-las-maravillas-del-continente-blanco\/#primaryimage"},"thumbnailUrl":"https:\/\/dev.explora.cl\/magallanes\/wp-content\/uploads\/sites\/19\/2018\/06\/Ant\u00e1rtica_Extrema_CIJUM.jpg","articleSection":["Noticias"],"inLanguage":"es-CL","potentialAction":[{"@type":"CommentAction","name":"Comment","target":["https:\/\/dev.explora.cl\/magallanes\/exposicion-itinerante-antartica-extrema-invita-a-la-comunidad-magallanica-a-conocer-las-maravillas-del-continente-blanco\/#respond"]}]},{"@type":"WebPage","@id":"https:\/\/dev.explora.cl\/magallanes\/exposicion-itinerante-antartica-extrema-invita-a-la-comunidad-magallanica-a-conocer-las-maravillas-del-continente-blanco\/","url":"https:\/\/dev.explora.cl\/magallanes\/exposicion-itinerante-antartica-extrema-invita-a-la-comunidad-magallanica-a-conocer-las-maravillas-del-continente-blanco\/","name":"Exposici\u00f3n itinerante Ant\u00e1rtica Extrema invita a la comunidad magall\u00e1nica a conocer las maravillas del Continente Blanco - Magallanes","isPartOf":{"@id":"https:\/\/dev.explora.cl\/magallanes\/#website"},"primaryImageOfPage":{"@id":"https:\/\/dev.explora.cl\/magallanes\/exposicion-itinerante-antartica-extrema-invita-a-la-comunidad-magallanica-a-conocer-las-maravillas-del-continente-blanco\/#primaryimage"},"image":{"@id":"https:\/\/dev.explora.cl\/magallanes\/exposicion-itinerante-antartica-extrema-invita-a-la-comunidad-magallanica-a-conocer-las-maravillas-del-continente-blanco\/#primaryimage"},"thumbnailUrl":"https:\/\/dev.explora.cl\/magallanes\/wp-content\/uploads\/sites\/19\/2018\/06\/Ant\u00e1rtica_Extrema_CIJUM.jpg","datePublished":"2018-03-06T04:00:00+00:00","dateModified":"2019-05-20T21:34:38+00:00","breadcrumb":{"@id":"https:\/\/dev.explora.cl\/magallanes\/exposicion-itinerante-antartica-extrema-invita-a-la-comunidad-magallanica-a-conocer-las-maravillas-del-continente-blanco\/#breadcrumb"},"inLanguage":"es-CL","potentialAction":[{"@type":"ReadAction","target":["https:\/\/dev.explora.cl\/magallanes\/exposicion-itinerante-antartica-extrema-invita-a-la-comunidad-magallanica-a-conocer-las-maravillas-del-continente-blanco\/"]}]},{"@type":"ImageObject","inLanguage":"es-CL","@id":"https:\/\/dev.explora.cl\/magallanes\/exposicion-itinerante-antartica-extrema-invita-a-la-comunidad-magallanica-a-conocer-las-maravillas-del-continente-blanco\/#primaryimage","url":"https:\/\/dev.explora.cl\/magallanes\/wp-content\/uploads\/sites\/19\/2018\/06\/Ant\u00e1rtica_Extrema_CIJUM.jpg","contentUrl":"https:\/\/dev.explora.cl\/magallanes\/wp-content\/uploads\/sites\/19\/2018\/06\/Ant\u00e1rtica_Extrema_CIJUM.jpg","width":1280,"height":960},{"@type":"BreadcrumbList","@id":"https:\/\/dev.explora.cl\/magallanes\/exposicion-itinerante-antartica-extrema-invita-a-la-comunidad-magallanica-a-conocer-las-maravillas-del-continente-blanco\/#breadcrumb","itemListElement":[{"@type":"ListItem","position":1,"name":"Portada","item":"https:\/\/dev.explora.cl\/magallanes\/"},{"@type":"ListItem","position":2,"name":"Exposici\u00f3n itinerante Ant\u00e1rtica Extrema invita a la comunidad magall\u00e1nica a conocer las maravillas del Continente Blanco"}]},{"@type":"WebSite","@id":"https:\/\/dev.explora.cl\/magallanes\/#website","url":"https:\/\/dev.explora.cl\/magallanes\/","name":"Magallanes","description":"Otro sitio m\u00e1s de dev.explora.cl","publisher":{"@id":"https:\/\/dev.explora.cl\/magallanes\/#organization"},"potentialAction":[{"@type":"SearchAction","target":{"@type":"EntryPoint","urlTemplate":"https:\/\/dev.explora.cl\/magallanes\/?s={search_term_string}"},"query-input":{"@type":"PropertyValueSpecification","valueRequired":true,"valueName":"search_term_string"}}],"inLanguage":"es-CL"},{"@type":"Organization","@id":"https:\/\/dev.explora.cl\/magallanes\/#organization","name":"Magallanes","url":"https:\/\/dev.explora.cl\/magallanes\/","logo":{"@type":"ImageObject","inLanguage":"es-CL","@id":"https:\/\/dev.explora.cl\/magallanes\/#\/schema\/logo\/image\/","url":"https:\/\/dev.explora.cl\/magallanes\/wp-content\/uploads\/sites\/19\/2021\/06\/cropped-ICONO-COLOR-2.jpg","contentUrl":"https:\/\/dev.explora.cl\/magallanes\/wp-content\/uploads\/sites\/19\/2021\/06\/cropped-ICONO-COLOR-2.jpg","width":1181,"height":1181,"caption":"Magallanes"},"image":{"@id":"https:\/\/dev.explora.cl\/magallanes\/#\/schema\/logo\/image\/"}},{"@type":"Person","@id":"https:\/\/dev.explora.cl\/magallanes\/#\/schema\/person\/cb8349c13ea2d324080adf8480d7ba5d","name":"webman","image":{"@type":"ImageObject","inLanguage":"es-CL","@id":"https:\/\/dev.explora.cl\/magallanes\/#\/schema\/person\/image\/","url":"https:\/\/secure.gravatar.com\/avatar\/eeff3c82f2c02f7177d13663b7e6f890e9a6a0647ce9bb29cae02dcb094c7312?s=96&d=mm&r=g","contentUrl":"https:\/\/secure.gravatar.com\/avatar\/eeff3c82f2c02f7177d13663b7e6f890e9a6a0647ce9bb29cae02dcb094c7312?s=96&d=mm&r=g","caption":"webman"},"url":"https:\/\/dev.explora.cl\/magallanes\/author\/webman\/"}]}},"_links":{"self":[{"href":"https:\/\/dev.explora.cl\/magallanes\/wp-json\/wp\/v2\/posts\/892","targetHints":{"allow":["GET"]}}],"collection":[{"href":"https:\/\/dev.explora.cl\/magallanes\/wp-json\/wp\/v2\/posts"}],"about":[{"href":"https:\/\/dev.explora.cl\/magallanes\/wp-json\/wp\/v2\/types\/post"}],"author":[{"embeddable":true,"href":"https:\/\/dev.explora.cl\/magallanes\/wp-json\/wp\/v2\/users\/2"}],"replies":[{"embeddable":true,"href":"https:\/\/dev.explora.cl\/magallanes\/wp-json\/wp\/v2\/comments?post=892"}],"version-history":[{"count":1,"href":"https:\/\/dev.explora.cl\/magallanes\/wp-json\/wp\/v2\/posts\/892\/revisions"}],"predecessor-version":[{"id":37610,"href":"https:\/\/dev.explora.cl\/magallanes\/wp-json\/wp\/v2\/posts\/892\/revisions\/37610"}],"wp:featuredmedia":[{"embeddable":true,"href":"https:\/\/dev.explora.cl\/magallanes\/wp-json\/wp\/v2\/media\/893"}],"wp:attachment":[{"href":"https:\/\/dev.explora.cl\/magallanes\/wp-json\/wp\/v2\/media?parent=892"}],"wp:term":[{"taxonomy":"category","embeddable":true,"href":"https:\/\/dev.explora.cl\/magallanes\/wp-json\/wp\/v2\/categories?post=892"},{"taxonomy":"post_tag","embeddable":true,"href":"https:\/\/dev.explora.cl\/magallanes\/wp-json\/wp\/v2\/tags?post=892"}],"curies":[{"name":"wp","href":"https:\/\/api.w.org\/{rel}","templated":true}]}}