{"id":890,"date":"2018-03-01T00:00:00","date_gmt":"2018-03-01T04:00:00","guid":{"rendered":"https:\/\/dev.explora.cl\/magallanes\/blog\/2018\/03\/01\/par-explora-magallanes-lanza-concurso-facebook-estoyenantarticaextrema\/"},"modified":"2019-05-20T21:34:39","modified_gmt":"2019-05-20T21:34:39","slug":"par-explora-magallanes-lanza-concurso-facebook-estoyenantarticaextrema","status":"publish","type":"post","link":"https:\/\/dev.explora.cl\/magallanes\/par-explora-magallanes-lanza-concurso-facebook-estoyenantarticaextrema\/","title":{"rendered":"PAR Explora Magallanes lanza concurso Facebook #EstoyenAnt\u00e1rticaExtrema"},"content":{"rendered":"<p>Como una forma de interactuar con la comunidad que sigue en redes sociales al Proyecto Asociativo Regional (PAR) Explora de CONICYT Magallanes y de la Ant\u00e1rtica Chilena de la Universidad de Magallanes y que asiste durante este mes de marzo a la exposici\u00f3n itinerante Ant\u00e1rtica Extrema, es que se lanz\u00f3 un nuevo concurso denominado #EstoyenAnt\u00e1rticaExtrema.<\/p>\n<p>El objetivo principal es que los visitantes a la muestra puedan subir sus fotograf\u00edas a sus respectivos perfiles de Facebook con los hashtags: #EstoyenAnt\u00e1rticaExtrema y #PARExploraMagallanes.<\/p>\n<p>La persona que tenga el mayor n\u00famero de likes (no otras interacciones) al d\u00eda jueves 29 de marzo recibir\u00e1 un set de M\u00e1gico ChileMIO (Visor de realidad virtual y tarjetas), m\u00e1s dos libros sobre Astronom\u00eda y un taz\u00f3n del PAR Explora Magallanes. &nbsp;<\/p>\n<p>Cabe destacar que la muestra Ant\u00e1rtica Extrema estar\u00e1 disponible del lunes 5 al jueves 29 de marzo de 09 a 12.30 horas en el Centro Integral Infantil de Juego y Movimiento ubicado en Avenida Salvador Allende #0291, acceso por Pasaje Rancagua. Tambi\u00e9n cuenta con la importante participaci\u00f3n del Instituto Ant\u00e1rtico Chileno (INACH) y de la iniciativa M\u00e1gico ChileMIO de la Universidad de Concepci\u00f3n.<\/p>\n","protected":false},"excerpt":{"rendered":"<p>Como una forma de interactuar con la comunidad que sigue en redes sociales al Proyecto Asociativo Regional (PAR) Explora de CONICYT Magallanes y de la Ant\u00e1rtica Chilena de la Universidad de Magallanes y que asiste durante este mes de marzo a la exposici\u00f3n itinerante Ant\u00e1rtica Extrema, es que se lanz\u00f3 un nuevo concurso denominado #EstoyenAnt\u00e1rticaExtrema. [&hellip;]<\/p>\n","protected":false},"author":2,"featured_media":891,"comment_status":"open","ping_status":"open","sticky":false,"template":"","format":"standard","meta":{"_acf_changed":false,"_exactmetrics_skip_tracking":false,"_exactmetrics_sitenote_active":false,"_exactmetrics_sitenote_note":"","_exactmetrics_sitenote_category":0,"footnotes":"","_links_to":"","_links_to_target":""},"categories":[4],"tags":[],"class_list":["post-890","post","type-post","status-publish","format-standard","has-post-thumbnail","hentry","category-noticias"],"acf":[],"yoast_head":"<!-- This site is optimized with the Yoast SEO plugin v26.7 - https:\/\/yoast.com\/wordpress\/plugins\/seo\/ -->\n<title>PAR Explora Magallanes lanza concurso Facebook #EstoyenAnt\u00e1rticaExtrema - Magallanes<\/title>\n<meta name=\"robots\" content=\"index, follow, max-snippet:-1, max-image-preview:large, max-video-preview:-1\" \/>\n<link rel=\"canonical\" href=\"https:\/\/dev.explora.cl\/magallanes\/par-explora-magallanes-lanza-concurso-facebook-estoyenantarticaextrema\/\" class=\"yoast-seo-meta-tag\" \/>\n<meta property=\"og:locale\" content=\"es_ES\" class=\"yoast-seo-meta-tag\" \/>\n<meta property=\"og:type\" content=\"article\" class=\"yoast-seo-meta-tag\" \/>\n<meta property=\"og:title\" content=\"PAR Explora Magallanes lanza concurso Facebook #EstoyenAnt\u00e1rticaExtrema - Magallanes\" class=\"yoast-seo-meta-tag\" \/>\n<meta property=\"og:description\" content=\"Como una forma de interactuar con la comunidad que sigue en redes sociales al Proyecto Asociativo Regional (PAR) Explora de CONICYT Magallanes y de la Ant\u00e1rtica Chilena de la Universidad de Magallanes y que asiste durante este mes de marzo a la exposici\u00f3n itinerante Ant\u00e1rtica Extrema, es que se lanz\u00f3 un nuevo concurso denominado #EstoyenAnt\u00e1rticaExtrema. [&hellip;]\" class=\"yoast-seo-meta-tag\" \/>\n<meta property=\"og:url\" content=\"https:\/\/dev.explora.cl\/magallanes\/par-explora-magallanes-lanza-concurso-facebook-estoyenantarticaextrema\/\" class=\"yoast-seo-meta-tag\" \/>\n<meta property=\"og:site_name\" content=\"Magallanes\" class=\"yoast-seo-meta-tag\" \/>\n<meta property=\"article:published_time\" content=\"2018-03-01T04:00:00+00:00\" class=\"yoast-seo-meta-tag\" \/>\n<meta property=\"article:modified_time\" content=\"2019-05-20T21:34:39+00:00\" class=\"yoast-seo-meta-tag\" \/>\n<meta property=\"og:image\" content=\"https:\/\/dev.explora.cl\/magallanes\/wp-content\/uploads\/sites\/19\/2018\/06\/Foto_concurso.jpg\" class=\"yoast-seo-meta-tag\" \/>\n\t<meta property=\"og:image:width\" content=\"1200\" class=\"yoast-seo-meta-tag\" \/>\n\t<meta property=\"og:image:height\" content=\"900\" class=\"yoast-seo-meta-tag\" \/>\n\t<meta property=\"og:image:type\" content=\"image\/jpeg\" class=\"yoast-seo-meta-tag\" \/>\n<meta name=\"author\" content=\"webman\" class=\"yoast-seo-meta-tag\" \/>\n<meta name=\"twitter:card\" content=\"summary_large_image\" class=\"yoast-seo-meta-tag\" \/>\n<meta name=\"twitter:label1\" content=\"Escrito por\" class=\"yoast-seo-meta-tag\" \/>\n\t<meta name=\"twitter:data1\" content=\"webman\" class=\"yoast-seo-meta-tag\" \/>\n\t<meta name=\"twitter:label2\" content=\"Tiempo estimado de lectura\" class=\"yoast-seo-meta-tag\" \/>\n\t<meta name=\"twitter:data2\" content=\"1 minuto\" class=\"yoast-seo-meta-tag\" \/>\n<script type=\"application\/ld+json\" class=\"yoast-schema-graph\">{\"@context\":\"https:\/\/schema.org\",\"@graph\":[{\"@type\":\"Article\",\"@id\":\"https:\/\/dev.explora.cl\/magallanes\/par-explora-magallanes-lanza-concurso-facebook-estoyenantarticaextrema\/#article\",\"isPartOf\":{\"@id\":\"https:\/\/dev.explora.cl\/magallanes\/par-explora-magallanes-lanza-concurso-facebook-estoyenantarticaextrema\/\"},\"author\":{\"name\":\"webman\",\"@id\":\"https:\/\/dev.explora.cl\/magallanes\/#\/schema\/person\/cb8349c13ea2d324080adf8480d7ba5d\"},\"headline\":\"PAR Explora Magallanes lanza concurso Facebook #EstoyenAnt\u00e1rticaExtrema\",\"datePublished\":\"2018-03-01T04:00:00+00:00\",\"dateModified\":\"2019-05-20T21:34:39+00:00\",\"mainEntityOfPage\":{\"@id\":\"https:\/\/dev.explora.cl\/magallanes\/par-explora-magallanes-lanza-concurso-facebook-estoyenantarticaextrema\/\"},\"wordCount\":207,\"commentCount\":0,\"publisher\":{\"@id\":\"https:\/\/dev.explora.cl\/magallanes\/#organization\"},\"image\":{\"@id\":\"https:\/\/dev.explora.cl\/magallanes\/par-explora-magallanes-lanza-concurso-facebook-estoyenantarticaextrema\/#primaryimage\"},\"thumbnailUrl\":\"https:\/\/dev.explora.cl\/magallanes\/wp-content\/uploads\/sites\/19\/2018\/06\/Foto_concurso.jpg\",\"articleSection\":[\"Noticias\"],\"inLanguage\":\"es-CL\",\"potentialAction\":[{\"@type\":\"CommentAction\",\"name\":\"Comment\",\"target\":[\"https:\/\/dev.explora.cl\/magallanes\/par-explora-magallanes-lanza-concurso-facebook-estoyenantarticaextrema\/#respond\"]}]},{\"@type\":\"WebPage\",\"@id\":\"https:\/\/dev.explora.cl\/magallanes\/par-explora-magallanes-lanza-concurso-facebook-estoyenantarticaextrema\/\",\"url\":\"https:\/\/dev.explora.cl\/magallanes\/par-explora-magallanes-lanza-concurso-facebook-estoyenantarticaextrema\/\",\"name\":\"PAR Explora Magallanes lanza concurso Facebook #EstoyenAnt\u00e1rticaExtrema - Magallanes\",\"isPartOf\":{\"@id\":\"https:\/\/dev.explora.cl\/magallanes\/#website\"},\"primaryImageOfPage\":{\"@id\":\"https:\/\/dev.explora.cl\/magallanes\/par-explora-magallanes-lanza-concurso-facebook-estoyenantarticaextrema\/#primaryimage\"},\"image\":{\"@id\":\"https:\/\/dev.explora.cl\/magallanes\/par-explora-magallanes-lanza-concurso-facebook-estoyenantarticaextrema\/#primaryimage\"},\"thumbnailUrl\":\"https:\/\/dev.explora.cl\/magallanes\/wp-content\/uploads\/sites\/19\/2018\/06\/Foto_concurso.jpg\",\"datePublished\":\"2018-03-01T04:00:00+00:00\",\"dateModified\":\"2019-05-20T21:34:39+00:00\",\"breadcrumb\":{\"@id\":\"https:\/\/dev.explora.cl\/magallanes\/par-explora-magallanes-lanza-concurso-facebook-estoyenantarticaextrema\/#breadcrumb\"},\"inLanguage\":\"es-CL\",\"potentialAction\":[{\"@type\":\"ReadAction\",\"target\":[\"https:\/\/dev.explora.cl\/magallanes\/par-explora-magallanes-lanza-concurso-facebook-estoyenantarticaextrema\/\"]}]},{\"@type\":\"ImageObject\",\"inLanguage\":\"es-CL\",\"@id\":\"https:\/\/dev.explora.cl\/magallanes\/par-explora-magallanes-lanza-concurso-facebook-estoyenantarticaextrema\/#primaryimage\",\"url\":\"https:\/\/dev.explora.cl\/magallanes\/wp-content\/uploads\/sites\/19\/2018\/06\/Foto_concurso.jpg\",\"contentUrl\":\"https:\/\/dev.explora.cl\/magallanes\/wp-content\/uploads\/sites\/19\/2018\/06\/Foto_concurso.jpg\",\"width\":1200,\"height\":900},{\"@type\":\"BreadcrumbList\",\"@id\":\"https:\/\/dev.explora.cl\/magallanes\/par-explora-magallanes-lanza-concurso-facebook-estoyenantarticaextrema\/#breadcrumb\",\"itemListElement\":[{\"@type\":\"ListItem\",\"position\":1,\"name\":\"Portada\",\"item\":\"https:\/\/dev.explora.cl\/magallanes\/\"},{\"@type\":\"ListItem\",\"position\":2,\"name\":\"PAR Explora Magallanes lanza concurso Facebook #EstoyenAnt\u00e1rticaExtrema\"}]},{\"@type\":\"WebSite\",\"@id\":\"https:\/\/dev.explora.cl\/magallanes\/#website\",\"url\":\"https:\/\/dev.explora.cl\/magallanes\/\",\"name\":\"Magallanes\",\"description\":\"Otro sitio m\u00e1s de dev.explora.cl\",\"publisher\":{\"@id\":\"https:\/\/dev.explora.cl\/magallanes\/#organization\"},\"potentialAction\":[{\"@type\":\"SearchAction\",\"target\":{\"@type\":\"EntryPoint\",\"urlTemplate\":\"https:\/\/dev.explora.cl\/magallanes\/?s={search_term_string}\"},\"query-input\":{\"@type\":\"PropertyValueSpecification\",\"valueRequired\":true,\"valueName\":\"search_term_string\"}}],\"inLanguage\":\"es-CL\"},{\"@type\":\"Organization\",\"@id\":\"https:\/\/dev.explora.cl\/magallanes\/#organization\",\"name\":\"Magallanes\",\"url\":\"https:\/\/dev.explora.cl\/magallanes\/\",\"logo\":{\"@type\":\"ImageObject\",\"inLanguage\":\"es-CL\",\"@id\":\"https:\/\/dev.explora.cl\/magallanes\/#\/schema\/logo\/image\/\",\"url\":\"https:\/\/dev.explora.cl\/magallanes\/wp-content\/uploads\/sites\/19\/2021\/06\/cropped-ICONO-COLOR-2.jpg\",\"contentUrl\":\"https:\/\/dev.explora.cl\/magallanes\/wp-content\/uploads\/sites\/19\/2021\/06\/cropped-ICONO-COLOR-2.jpg\",\"width\":1181,\"height\":1181,\"caption\":\"Magallanes\"},\"image\":{\"@id\":\"https:\/\/dev.explora.cl\/magallanes\/#\/schema\/logo\/image\/\"}},{\"@type\":\"Person\",\"@id\":\"https:\/\/dev.explora.cl\/magallanes\/#\/schema\/person\/cb8349c13ea2d324080adf8480d7ba5d\",\"name\":\"webman\",\"image\":{\"@type\":\"ImageObject\",\"inLanguage\":\"es-CL\",\"@id\":\"https:\/\/dev.explora.cl\/magallanes\/#\/schema\/person\/image\/\",\"url\":\"https:\/\/secure.gravatar.com\/avatar\/eeff3c82f2c02f7177d13663b7e6f890e9a6a0647ce9bb29cae02dcb094c7312?s=96&d=mm&r=g\",\"contentUrl\":\"https:\/\/secure.gravatar.com\/avatar\/eeff3c82f2c02f7177d13663b7e6f890e9a6a0647ce9bb29cae02dcb094c7312?s=96&d=mm&r=g\",\"caption\":\"webman\"},\"url\":\"https:\/\/dev.explora.cl\/magallanes\/author\/webman\/\"}]}<\/script>\n<!-- \/ Yoast SEO plugin. -->","yoast_head_json":{"title":"PAR Explora Magallanes lanza concurso Facebook #EstoyenAnt\u00e1rticaExtrema - Magallanes","robots":{"index":"index","follow":"follow","max-snippet":"max-snippet:-1","max-image-preview":"max-image-preview:large","max-video-preview":"max-video-preview:-1"},"canonical":"https:\/\/dev.explora.cl\/magallanes\/par-explora-magallanes-lanza-concurso-facebook-estoyenantarticaextrema\/","og_locale":"es_ES","og_type":"article","og_title":"PAR Explora Magallanes lanza concurso Facebook #EstoyenAnt\u00e1rticaExtrema - Magallanes","og_description":"Como una forma de interactuar con la comunidad que sigue en redes sociales al Proyecto Asociativo Regional (PAR) Explora de CONICYT Magallanes y de la Ant\u00e1rtica Chilena de la Universidad de Magallanes y que asiste durante este mes de marzo a la exposici\u00f3n itinerante Ant\u00e1rtica Extrema, es que se lanz\u00f3 un nuevo concurso denominado #EstoyenAnt\u00e1rticaExtrema. [&hellip;]","og_url":"https:\/\/dev.explora.cl\/magallanes\/par-explora-magallanes-lanza-concurso-facebook-estoyenantarticaextrema\/","og_site_name":"Magallanes","article_published_time":"2018-03-01T04:00:00+00:00","article_modified_time":"2019-05-20T21:34:39+00:00","og_image":[{"width":1200,"height":900,"url":"https:\/\/dev.explora.cl\/magallanes\/wp-content\/uploads\/sites\/19\/2018\/06\/Foto_concurso.jpg","type":"image\/jpeg"}],"author":"webman","twitter_card":"summary_large_image","twitter_misc":{"Escrito por":"webman","Tiempo estimado de lectura":"1 minuto"},"schema":{"@context":"https:\/\/schema.org","@graph":[{"@type":"Article","@id":"https:\/\/dev.explora.cl\/magallanes\/par-explora-magallanes-lanza-concurso-facebook-estoyenantarticaextrema\/#article","isPartOf":{"@id":"https:\/\/dev.explora.cl\/magallanes\/par-explora-magallanes-lanza-concurso-facebook-estoyenantarticaextrema\/"},"author":{"name":"webman","@id":"https:\/\/dev.explora.cl\/magallanes\/#\/schema\/person\/cb8349c13ea2d324080adf8480d7ba5d"},"headline":"PAR Explora Magallanes lanza concurso Facebook #EstoyenAnt\u00e1rticaExtrema","datePublished":"2018-03-01T04:00:00+00:00","dateModified":"2019-05-20T21:34:39+00:00","mainEntityOfPage":{"@id":"https:\/\/dev.explora.cl\/magallanes\/par-explora-magallanes-lanza-concurso-facebook-estoyenantarticaextrema\/"},"wordCount":207,"commentCount":0,"publisher":{"@id":"https:\/\/dev.explora.cl\/magallanes\/#organization"},"image":{"@id":"https:\/\/dev.explora.cl\/magallanes\/par-explora-magallanes-lanza-concurso-facebook-estoyenantarticaextrema\/#primaryimage"},"thumbnailUrl":"https:\/\/dev.explora.cl\/magallanes\/wp-content\/uploads\/sites\/19\/2018\/06\/Foto_concurso.jpg","articleSection":["Noticias"],"inLanguage":"es-CL","potentialAction":[{"@type":"CommentAction","name":"Comment","target":["https:\/\/dev.explora.cl\/magallanes\/par-explora-magallanes-lanza-concurso-facebook-estoyenantarticaextrema\/#respond"]}]},{"@type":"WebPage","@id":"https:\/\/dev.explora.cl\/magallanes\/par-explora-magallanes-lanza-concurso-facebook-estoyenantarticaextrema\/","url":"https:\/\/dev.explora.cl\/magallanes\/par-explora-magallanes-lanza-concurso-facebook-estoyenantarticaextrema\/","name":"PAR Explora Magallanes lanza concurso Facebook #EstoyenAnt\u00e1rticaExtrema - Magallanes","isPartOf":{"@id":"https:\/\/dev.explora.cl\/magallanes\/#website"},"primaryImageOfPage":{"@id":"https:\/\/dev.explora.cl\/magallanes\/par-explora-magallanes-lanza-concurso-facebook-estoyenantarticaextrema\/#primaryimage"},"image":{"@id":"https:\/\/dev.explora.cl\/magallanes\/par-explora-magallanes-lanza-concurso-facebook-estoyenantarticaextrema\/#primaryimage"},"thumbnailUrl":"https:\/\/dev.explora.cl\/magallanes\/wp-content\/uploads\/sites\/19\/2018\/06\/Foto_concurso.jpg","datePublished":"2018-03-01T04:00:00+00:00","dateModified":"2019-05-20T21:34:39+00:00","breadcrumb":{"@id":"https:\/\/dev.explora.cl\/magallanes\/par-explora-magallanes-lanza-concurso-facebook-estoyenantarticaextrema\/#breadcrumb"},"inLanguage":"es-CL","potentialAction":[{"@type":"ReadAction","target":["https:\/\/dev.explora.cl\/magallanes\/par-explora-magallanes-lanza-concurso-facebook-estoyenantarticaextrema\/"]}]},{"@type":"ImageObject","inLanguage":"es-CL","@id":"https:\/\/dev.explora.cl\/magallanes\/par-explora-magallanes-lanza-concurso-facebook-estoyenantarticaextrema\/#primaryimage","url":"https:\/\/dev.explora.cl\/magallanes\/wp-content\/uploads\/sites\/19\/2018\/06\/Foto_concurso.jpg","contentUrl":"https:\/\/dev.explora.cl\/magallanes\/wp-content\/uploads\/sites\/19\/2018\/06\/Foto_concurso.jpg","width":1200,"height":900},{"@type":"BreadcrumbList","@id":"https:\/\/dev.explora.cl\/magallanes\/par-explora-magallanes-lanza-concurso-facebook-estoyenantarticaextrema\/#breadcrumb","itemListElement":[{"@type":"ListItem","position":1,"name":"Portada","item":"https:\/\/dev.explora.cl\/magallanes\/"},{"@type":"ListItem","position":2,"name":"PAR Explora Magallanes lanza concurso Facebook #EstoyenAnt\u00e1rticaExtrema"}]},{"@type":"WebSite","@id":"https:\/\/dev.explora.cl\/magallanes\/#website","url":"https:\/\/dev.explora.cl\/magallanes\/","name":"Magallanes","description":"Otro sitio m\u00e1s de dev.explora.cl","publisher":{"@id":"https:\/\/dev.explora.cl\/magallanes\/#organization"},"potentialAction":[{"@type":"SearchAction","target":{"@type":"EntryPoint","urlTemplate":"https:\/\/dev.explora.cl\/magallanes\/?s={search_term_string}"},"query-input":{"@type":"PropertyValueSpecification","valueRequired":true,"valueName":"search_term_string"}}],"inLanguage":"es-CL"},{"@type":"Organization","@id":"https:\/\/dev.explora.cl\/magallanes\/#organization","name":"Magallanes","url":"https:\/\/dev.explora.cl\/magallanes\/","logo":{"@type":"ImageObject","inLanguage":"es-CL","@id":"https:\/\/dev.explora.cl\/magallanes\/#\/schema\/logo\/image\/","url":"https:\/\/dev.explora.cl\/magallanes\/wp-content\/uploads\/sites\/19\/2021\/06\/cropped-ICONO-COLOR-2.jpg","contentUrl":"https:\/\/dev.explora.cl\/magallanes\/wp-content\/uploads\/sites\/19\/2021\/06\/cropped-ICONO-COLOR-2.jpg","width":1181,"height":1181,"caption":"Magallanes"},"image":{"@id":"https:\/\/dev.explora.cl\/magallanes\/#\/schema\/logo\/image\/"}},{"@type":"Person","@id":"https:\/\/dev.explora.cl\/magallanes\/#\/schema\/person\/cb8349c13ea2d324080adf8480d7ba5d","name":"webman","image":{"@type":"ImageObject","inLanguage":"es-CL","@id":"https:\/\/dev.explora.cl\/magallanes\/#\/schema\/person\/image\/","url":"https:\/\/secure.gravatar.com\/avatar\/eeff3c82f2c02f7177d13663b7e6f890e9a6a0647ce9bb29cae02dcb094c7312?s=96&d=mm&r=g","contentUrl":"https:\/\/secure.gravatar.com\/avatar\/eeff3c82f2c02f7177d13663b7e6f890e9a6a0647ce9bb29cae02dcb094c7312?s=96&d=mm&r=g","caption":"webman"},"url":"https:\/\/dev.explora.cl\/magallanes\/author\/webman\/"}]}},"_links":{"self":[{"href":"https:\/\/dev.explora.cl\/magallanes\/wp-json\/wp\/v2\/posts\/890","targetHints":{"allow":["GET"]}}],"collection":[{"href":"https:\/\/dev.explora.cl\/magallanes\/wp-json\/wp\/v2\/posts"}],"about":[{"href":"https:\/\/dev.explora.cl\/magallanes\/wp-json\/wp\/v2\/types\/post"}],"author":[{"embeddable":true,"href":"https:\/\/dev.explora.cl\/magallanes\/wp-json\/wp\/v2\/users\/2"}],"replies":[{"embeddable":true,"href":"https:\/\/dev.explora.cl\/magallanes\/wp-json\/wp\/v2\/comments?post=890"}],"version-history":[{"count":1,"href":"https:\/\/dev.explora.cl\/magallanes\/wp-json\/wp\/v2\/posts\/890\/revisions"}],"predecessor-version":[{"id":37611,"href":"https:\/\/dev.explora.cl\/magallanes\/wp-json\/wp\/v2\/posts\/890\/revisions\/37611"}],"wp:featuredmedia":[{"embeddable":true,"href":"https:\/\/dev.explora.cl\/magallanes\/wp-json\/wp\/v2\/media\/891"}],"wp:attachment":[{"href":"https:\/\/dev.explora.cl\/magallanes\/wp-json\/wp\/v2\/media?parent=890"}],"wp:term":[{"taxonomy":"category","embeddable":true,"href":"https:\/\/dev.explora.cl\/magallanes\/wp-json\/wp\/v2\/categories?post=890"},{"taxonomy":"post_tag","embeddable":true,"href":"https:\/\/dev.explora.cl\/magallanes\/wp-json\/wp\/v2\/tags?post=890"}],"curies":[{"name":"wp","href":"https:\/\/api.w.org\/{rel}","templated":true}]}}