{"id":888,"date":"2018-02-28T00:00:00","date_gmt":"2018-02-28T04:00:00","guid":{"rendered":"https:\/\/dev.explora.cl\/magallanes\/blog\/2018\/02\/28\/exposicion-antartica-extrema-continua-su-itinerancia-en-el-centro-integral-infantil-de-juego-y-movimiento\/"},"modified":"2019-05-20T21:34:39","modified_gmt":"2019-05-20T21:34:39","slug":"exposicion-antartica-extrema-continua-su-itinerancia-en-el-centro-integral-infantil-de-juego-y-movimiento","status":"publish","type":"post","link":"https:\/\/dev.explora.cl\/magallanes\/exposicion-antartica-extrema-continua-su-itinerancia-en-el-centro-integral-infantil-de-juego-y-movimiento\/","title":{"rendered":"Exposici\u00f3n Ant\u00e1rtica Extrema contin\u00faa su itinerancia en el Centro Integral Infantil de Juego y Movimiento"},"content":{"rendered":"<p><img loading=\"lazy\" decoding=\"async\" class=\" size-full wp-image-29952\" src=\"http:\/\/ec2-54-245-22-188.us-west-2.compute.amazonaws.com\/wp-content\/uploads\/2018\/02\/antartica_extrema_-min.jpg\" alt=\"\" width=\"3294\" height=\"2077\" \/><\/p>\n<p>M\u00e1s de seis mil personas ya la han podido visitar en diversos establecimientos educacionales de Punta Arenas, y tambi\u00e9n ha estado presente en Puerto Natales, Porvenir y Puerto Williams. Nos referimos a la exposici\u00f3n itinerante Ant\u00e1rtica Extrema que a partir del d\u00eda lunes 5 al jueves 29 de marzo estar\u00e1 disponible al p\u00fablico en el Centro Integral Infantil de Juego y Movimiento de la Junta Nacional de Jardines Infantiles (JUNJI), ubicado en Avenida Salvador Allende #0291 en pleno Barrio 18 de Septiembre.<\/p>\n<p>La exhibici\u00f3n del Proyecto Asociativo Regional (PAR) Explora de CONICYT Magallanes y de la Ant\u00e1rtica Chilena de la Universidad de Magallanes, es una verdadera invitaci\u00f3n a adentrarse a las maravillas del Continente Blanco, tal como lo expresa la encargada de Vinculaci\u00f3n Escolar, Katherine Barr\u00eda: \u201cConsiste en llevar a todos los visitantes por un ratito a la Ant\u00e1rtica para que ellos conozcan su geograf\u00eda, su historia y sus especies, no solo lo que todos saben que son los ping\u00fcinos o las bajas temperaturas, ya que la Ant\u00e1rtica es mucho m\u00e1s que eso, y eso es lo que espera la exposici\u00f3n: ampliar los conocimientos de la comunidad, hacerlo m\u00e1s colectivo, un tema de todos nosotros porque somos la Regi\u00f3n de Magallanes y de la Ant\u00e1rtica Chilena, y no solo Magallanes\u201d.&nbsp;&nbsp; &nbsp;<\/p>\n<p>Ant\u00e1rtica Extrema cuenta con diferentes m\u00f3dulos interactivos donde los visitantes podr\u00e1n aprender sobre materias tales como geograf\u00eda, paleontolog\u00eda, fauna o flora ant\u00e1rtica, y adem\u00e1s se realizan distintas experiencias educativas para los visitantes. \u201cNo solo cuenta con elementos visuales, sino que tambi\u00e9n uno puede ir a aprender, por lo tanto se le dedica tiempo a cada uno de los visitantes, \u00e9l aprende de una forma entretenida e interactiva\u201d, destaca la encargada.<\/p>\n<p>Adicional a la muestra se contar\u00e1 con la importante participaci\u00f3n del Instituto Ant\u00e1rtico Chileno (INACH) y con la iniciativa nacional M\u00e1gico ChileMIO de la Universidad de Concepci\u00f3n que muestra a los visitantes de forma interactiva las maravillas de los oc\u00e9anos.<\/p>\n<p>La exposici\u00f3n estar\u00e1 abierta a todo p\u00fablico desde las 09 a las 12.30 horas de lunes a viernes. No obstante, los establecimientos educacionales o jardines infantiles que est\u00e9n interesados en asistir con delegaciones deber\u00e1n agendar su visita al correo electr\u00f3nico: <a href=\"mailto:vinculacionescolar.exploramag@gmail.com\">vinculacionescolar.exploramag@gmail.com<\/a> o llamar al 61 2 207074.<\/p>\n<p>Tambi\u00e9n se hace extensiva a invitaci\u00f3n a juntas de vecinos, clubes de adultos mayores, centros de madres, grupos de scouts, parroquias, clubes deportivos y otras organizaciones socioculturales interesadas en conocer m\u00e1s sobre las maravillas de la Ant\u00e1rtica.<\/p>\n<p>\u201cLa idea es que asista toda la comunidad magall\u00e1nica, por lo que se hace un llamado a toda la familia, a todos los habitantes de Punta Arenas a que asistan, a que la vean, a que disfruten y que la recorran. Es una actividad totalmente gratuita pueden ir entre las 09 y las 12.30 horas, estaremos a partir del lunes 05 al 29 de marzo en dependencias del Centro Integral Infantil de Juego y Movimiento\u201d, finaliz\u00f3 la encargada de la exposici\u00f3n.<\/p>\n","protected":false},"excerpt":{"rendered":"<p>M\u00e1s de seis mil personas ya la han podido visitar en diversos establecimientos educacionales de Punta Arenas, y tambi\u00e9n ha estado presente en Puerto Natales, Porvenir y Puerto Williams. Nos referimos a la exposici\u00f3n itinerante Ant\u00e1rtica Extrema que a partir del d\u00eda lunes 5 al jueves 29 de marzo estar\u00e1 disponible al p\u00fablico en el [&hellip;]<\/p>\n","protected":false},"author":2,"featured_media":889,"comment_status":"open","ping_status":"open","sticky":false,"template":"","format":"standard","meta":{"_acf_changed":false,"_exactmetrics_skip_tracking":false,"_exactmetrics_sitenote_active":false,"_exactmetrics_sitenote_note":"","_exactmetrics_sitenote_category":0,"footnotes":"","_links_to":"","_links_to_target":""},"categories":[4],"tags":[],"class_list":["post-888","post","type-post","status-publish","format-standard","has-post-thumbnail","hentry","category-noticias"],"acf":[],"yoast_head":"<!-- This site is optimized with the Yoast SEO plugin v26.7 - https:\/\/yoast.com\/wordpress\/plugins\/seo\/ -->\n<title>Exposici\u00f3n Ant\u00e1rtica Extrema contin\u00faa su itinerancia en el Centro Integral Infantil de Juego y Movimiento - Magallanes<\/title>\n<meta name=\"robots\" content=\"index, follow, max-snippet:-1, max-image-preview:large, max-video-preview:-1\" \/>\n<link rel=\"canonical\" href=\"https:\/\/dev.explora.cl\/magallanes\/exposicion-antartica-extrema-continua-su-itinerancia-en-el-centro-integral-infantil-de-juego-y-movimiento\/\" class=\"yoast-seo-meta-tag\" \/>\n<meta property=\"og:locale\" content=\"es_ES\" class=\"yoast-seo-meta-tag\" \/>\n<meta property=\"og:type\" content=\"article\" class=\"yoast-seo-meta-tag\" \/>\n<meta property=\"og:title\" content=\"Exposici\u00f3n Ant\u00e1rtica Extrema contin\u00faa su itinerancia en el Centro Integral Infantil de Juego y Movimiento - Magallanes\" class=\"yoast-seo-meta-tag\" \/>\n<meta property=\"og:description\" content=\"M\u00e1s de seis mil personas ya la han podido visitar en diversos establecimientos educacionales de Punta Arenas, y tambi\u00e9n ha estado presente en Puerto Natales, Porvenir y Puerto Williams. Nos referimos a la exposici\u00f3n itinerante Ant\u00e1rtica Extrema que a partir del d\u00eda lunes 5 al jueves 29 de marzo estar\u00e1 disponible al p\u00fablico en el [&hellip;]\" class=\"yoast-seo-meta-tag\" \/>\n<meta property=\"og:url\" content=\"https:\/\/dev.explora.cl\/magallanes\/exposicion-antartica-extrema-continua-su-itinerancia-en-el-centro-integral-infantil-de-juego-y-movimiento\/\" class=\"yoast-seo-meta-tag\" \/>\n<meta property=\"og:site_name\" content=\"Magallanes\" class=\"yoast-seo-meta-tag\" \/>\n<meta property=\"article:published_time\" content=\"2018-02-28T04:00:00+00:00\" class=\"yoast-seo-meta-tag\" \/>\n<meta property=\"article:modified_time\" content=\"2019-05-20T21:34:39+00:00\" class=\"yoast-seo-meta-tag\" \/>\n<meta property=\"og:image\" content=\"https:\/\/dev.explora.cl\/magallanes\/wp-content\/uploads\/sites\/19\/2018\/06\/antartica_extrema_-min.jpg\" class=\"yoast-seo-meta-tag\" \/>\n\t<meta property=\"og:image:width\" content=\"2048\" class=\"yoast-seo-meta-tag\" \/>\n\t<meta property=\"og:image:height\" content=\"1291\" class=\"yoast-seo-meta-tag\" \/>\n\t<meta property=\"og:image:type\" content=\"image\/jpeg\" class=\"yoast-seo-meta-tag\" \/>\n<meta name=\"author\" content=\"webman\" class=\"yoast-seo-meta-tag\" \/>\n<meta name=\"twitter:card\" content=\"summary_large_image\" class=\"yoast-seo-meta-tag\" \/>\n<meta name=\"twitter:label1\" content=\"Escrito por\" class=\"yoast-seo-meta-tag\" \/>\n\t<meta name=\"twitter:data1\" content=\"webman\" class=\"yoast-seo-meta-tag\" \/>\n\t<meta name=\"twitter:label2\" content=\"Tiempo estimado de lectura\" class=\"yoast-seo-meta-tag\" \/>\n\t<meta name=\"twitter:data2\" content=\"3 minutos\" class=\"yoast-seo-meta-tag\" \/>\n<script type=\"application\/ld+json\" class=\"yoast-schema-graph\">{\"@context\":\"https:\/\/schema.org\",\"@graph\":[{\"@type\":\"Article\",\"@id\":\"https:\/\/dev.explora.cl\/magallanes\/exposicion-antartica-extrema-continua-su-itinerancia-en-el-centro-integral-infantil-de-juego-y-movimiento\/#article\",\"isPartOf\":{\"@id\":\"https:\/\/dev.explora.cl\/magallanes\/exposicion-antartica-extrema-continua-su-itinerancia-en-el-centro-integral-infantil-de-juego-y-movimiento\/\"},\"author\":{\"name\":\"webman\",\"@id\":\"https:\/\/dev.explora.cl\/magallanes\/#\/schema\/person\/cb8349c13ea2d324080adf8480d7ba5d\"},\"headline\":\"Exposici\u00f3n Ant\u00e1rtica Extrema contin\u00faa su itinerancia en el Centro Integral Infantil de Juego y Movimiento\",\"datePublished\":\"2018-02-28T04:00:00+00:00\",\"dateModified\":\"2019-05-20T21:34:39+00:00\",\"mainEntityOfPage\":{\"@id\":\"https:\/\/dev.explora.cl\/magallanes\/exposicion-antartica-extrema-continua-su-itinerancia-en-el-centro-integral-infantil-de-juego-y-movimiento\/\"},\"wordCount\":540,\"commentCount\":0,\"publisher\":{\"@id\":\"https:\/\/dev.explora.cl\/magallanes\/#organization\"},\"image\":{\"@id\":\"https:\/\/dev.explora.cl\/magallanes\/exposicion-antartica-extrema-continua-su-itinerancia-en-el-centro-integral-infantil-de-juego-y-movimiento\/#primaryimage\"},\"thumbnailUrl\":\"https:\/\/dev.explora.cl\/magallanes\/wp-content\/uploads\/sites\/19\/2018\/06\/antartica_extrema_-min.jpg\",\"articleSection\":[\"Noticias\"],\"inLanguage\":\"es-CL\",\"potentialAction\":[{\"@type\":\"CommentAction\",\"name\":\"Comment\",\"target\":[\"https:\/\/dev.explora.cl\/magallanes\/exposicion-antartica-extrema-continua-su-itinerancia-en-el-centro-integral-infantil-de-juego-y-movimiento\/#respond\"]}]},{\"@type\":\"WebPage\",\"@id\":\"https:\/\/dev.explora.cl\/magallanes\/exposicion-antartica-extrema-continua-su-itinerancia-en-el-centro-integral-infantil-de-juego-y-movimiento\/\",\"url\":\"https:\/\/dev.explora.cl\/magallanes\/exposicion-antartica-extrema-continua-su-itinerancia-en-el-centro-integral-infantil-de-juego-y-movimiento\/\",\"name\":\"Exposici\u00f3n Ant\u00e1rtica Extrema contin\u00faa su itinerancia en el Centro Integral Infantil de Juego y Movimiento - Magallanes\",\"isPartOf\":{\"@id\":\"https:\/\/dev.explora.cl\/magallanes\/#website\"},\"primaryImageOfPage\":{\"@id\":\"https:\/\/dev.explora.cl\/magallanes\/exposicion-antartica-extrema-continua-su-itinerancia-en-el-centro-integral-infantil-de-juego-y-movimiento\/#primaryimage\"},\"image\":{\"@id\":\"https:\/\/dev.explora.cl\/magallanes\/exposicion-antartica-extrema-continua-su-itinerancia-en-el-centro-integral-infantil-de-juego-y-movimiento\/#primaryimage\"},\"thumbnailUrl\":\"https:\/\/dev.explora.cl\/magallanes\/wp-content\/uploads\/sites\/19\/2018\/06\/antartica_extrema_-min.jpg\",\"datePublished\":\"2018-02-28T04:00:00+00:00\",\"dateModified\":\"2019-05-20T21:34:39+00:00\",\"breadcrumb\":{\"@id\":\"https:\/\/dev.explora.cl\/magallanes\/exposicion-antartica-extrema-continua-su-itinerancia-en-el-centro-integral-infantil-de-juego-y-movimiento\/#breadcrumb\"},\"inLanguage\":\"es-CL\",\"potentialAction\":[{\"@type\":\"ReadAction\",\"target\":[\"https:\/\/dev.explora.cl\/magallanes\/exposicion-antartica-extrema-continua-su-itinerancia-en-el-centro-integral-infantil-de-juego-y-movimiento\/\"]}]},{\"@type\":\"ImageObject\",\"inLanguage\":\"es-CL\",\"@id\":\"https:\/\/dev.explora.cl\/magallanes\/exposicion-antartica-extrema-continua-su-itinerancia-en-el-centro-integral-infantil-de-juego-y-movimiento\/#primaryimage\",\"url\":\"https:\/\/dev.explora.cl\/magallanes\/wp-content\/uploads\/sites\/19\/2018\/06\/antartica_extrema_-min.jpg\",\"contentUrl\":\"https:\/\/dev.explora.cl\/magallanes\/wp-content\/uploads\/sites\/19\/2018\/06\/antartica_extrema_-min.jpg\",\"width\":2048,\"height\":1291},{\"@type\":\"BreadcrumbList\",\"@id\":\"https:\/\/dev.explora.cl\/magallanes\/exposicion-antartica-extrema-continua-su-itinerancia-en-el-centro-integral-infantil-de-juego-y-movimiento\/#breadcrumb\",\"itemListElement\":[{\"@type\":\"ListItem\",\"position\":1,\"name\":\"Portada\",\"item\":\"https:\/\/dev.explora.cl\/magallanes\/\"},{\"@type\":\"ListItem\",\"position\":2,\"name\":\"Exposici\u00f3n Ant\u00e1rtica Extrema contin\u00faa su itinerancia en el Centro Integral Infantil de Juego y Movimiento\"}]},{\"@type\":\"WebSite\",\"@id\":\"https:\/\/dev.explora.cl\/magallanes\/#website\",\"url\":\"https:\/\/dev.explora.cl\/magallanes\/\",\"name\":\"Magallanes\",\"description\":\"Otro sitio m\u00e1s de dev.explora.cl\",\"publisher\":{\"@id\":\"https:\/\/dev.explora.cl\/magallanes\/#organization\"},\"potentialAction\":[{\"@type\":\"SearchAction\",\"target\":{\"@type\":\"EntryPoint\",\"urlTemplate\":\"https:\/\/dev.explora.cl\/magallanes\/?s={search_term_string}\"},\"query-input\":{\"@type\":\"PropertyValueSpecification\",\"valueRequired\":true,\"valueName\":\"search_term_string\"}}],\"inLanguage\":\"es-CL\"},{\"@type\":\"Organization\",\"@id\":\"https:\/\/dev.explora.cl\/magallanes\/#organization\",\"name\":\"Magallanes\",\"url\":\"https:\/\/dev.explora.cl\/magallanes\/\",\"logo\":{\"@type\":\"ImageObject\",\"inLanguage\":\"es-CL\",\"@id\":\"https:\/\/dev.explora.cl\/magallanes\/#\/schema\/logo\/image\/\",\"url\":\"https:\/\/dev.explora.cl\/magallanes\/wp-content\/uploads\/sites\/19\/2021\/06\/cropped-ICONO-COLOR-2.jpg\",\"contentUrl\":\"https:\/\/dev.explora.cl\/magallanes\/wp-content\/uploads\/sites\/19\/2021\/06\/cropped-ICONO-COLOR-2.jpg\",\"width\":1181,\"height\":1181,\"caption\":\"Magallanes\"},\"image\":{\"@id\":\"https:\/\/dev.explora.cl\/magallanes\/#\/schema\/logo\/image\/\"}},{\"@type\":\"Person\",\"@id\":\"https:\/\/dev.explora.cl\/magallanes\/#\/schema\/person\/cb8349c13ea2d324080adf8480d7ba5d\",\"name\":\"webman\",\"image\":{\"@type\":\"ImageObject\",\"inLanguage\":\"es-CL\",\"@id\":\"https:\/\/dev.explora.cl\/magallanes\/#\/schema\/person\/image\/\",\"url\":\"https:\/\/secure.gravatar.com\/avatar\/eeff3c82f2c02f7177d13663b7e6f890e9a6a0647ce9bb29cae02dcb094c7312?s=96&d=mm&r=g\",\"contentUrl\":\"https:\/\/secure.gravatar.com\/avatar\/eeff3c82f2c02f7177d13663b7e6f890e9a6a0647ce9bb29cae02dcb094c7312?s=96&d=mm&r=g\",\"caption\":\"webman\"},\"url\":\"https:\/\/dev.explora.cl\/magallanes\/author\/webman\/\"}]}<\/script>\n<!-- \/ Yoast SEO plugin. -->","yoast_head_json":{"title":"Exposici\u00f3n Ant\u00e1rtica Extrema contin\u00faa su itinerancia en el Centro Integral Infantil de Juego y Movimiento - Magallanes","robots":{"index":"index","follow":"follow","max-snippet":"max-snippet:-1","max-image-preview":"max-image-preview:large","max-video-preview":"max-video-preview:-1"},"canonical":"https:\/\/dev.explora.cl\/magallanes\/exposicion-antartica-extrema-continua-su-itinerancia-en-el-centro-integral-infantil-de-juego-y-movimiento\/","og_locale":"es_ES","og_type":"article","og_title":"Exposici\u00f3n Ant\u00e1rtica Extrema contin\u00faa su itinerancia en el Centro Integral Infantil de Juego y Movimiento - Magallanes","og_description":"M\u00e1s de seis mil personas ya la han podido visitar en diversos establecimientos educacionales de Punta Arenas, y tambi\u00e9n ha estado presente en Puerto Natales, Porvenir y Puerto Williams. Nos referimos a la exposici\u00f3n itinerante Ant\u00e1rtica Extrema que a partir del d\u00eda lunes 5 al jueves 29 de marzo estar\u00e1 disponible al p\u00fablico en el [&hellip;]","og_url":"https:\/\/dev.explora.cl\/magallanes\/exposicion-antartica-extrema-continua-su-itinerancia-en-el-centro-integral-infantil-de-juego-y-movimiento\/","og_site_name":"Magallanes","article_published_time":"2018-02-28T04:00:00+00:00","article_modified_time":"2019-05-20T21:34:39+00:00","og_image":[{"width":2048,"height":1291,"url":"https:\/\/dev.explora.cl\/magallanes\/wp-content\/uploads\/sites\/19\/2018\/06\/antartica_extrema_-min.jpg","type":"image\/jpeg"}],"author":"webman","twitter_card":"summary_large_image","twitter_misc":{"Escrito por":"webman","Tiempo estimado de lectura":"3 minutos"},"schema":{"@context":"https:\/\/schema.org","@graph":[{"@type":"Article","@id":"https:\/\/dev.explora.cl\/magallanes\/exposicion-antartica-extrema-continua-su-itinerancia-en-el-centro-integral-infantil-de-juego-y-movimiento\/#article","isPartOf":{"@id":"https:\/\/dev.explora.cl\/magallanes\/exposicion-antartica-extrema-continua-su-itinerancia-en-el-centro-integral-infantil-de-juego-y-movimiento\/"},"author":{"name":"webman","@id":"https:\/\/dev.explora.cl\/magallanes\/#\/schema\/person\/cb8349c13ea2d324080adf8480d7ba5d"},"headline":"Exposici\u00f3n Ant\u00e1rtica Extrema contin\u00faa su itinerancia en el Centro Integral Infantil de Juego y Movimiento","datePublished":"2018-02-28T04:00:00+00:00","dateModified":"2019-05-20T21:34:39+00:00","mainEntityOfPage":{"@id":"https:\/\/dev.explora.cl\/magallanes\/exposicion-antartica-extrema-continua-su-itinerancia-en-el-centro-integral-infantil-de-juego-y-movimiento\/"},"wordCount":540,"commentCount":0,"publisher":{"@id":"https:\/\/dev.explora.cl\/magallanes\/#organization"},"image":{"@id":"https:\/\/dev.explora.cl\/magallanes\/exposicion-antartica-extrema-continua-su-itinerancia-en-el-centro-integral-infantil-de-juego-y-movimiento\/#primaryimage"},"thumbnailUrl":"https:\/\/dev.explora.cl\/magallanes\/wp-content\/uploads\/sites\/19\/2018\/06\/antartica_extrema_-min.jpg","articleSection":["Noticias"],"inLanguage":"es-CL","potentialAction":[{"@type":"CommentAction","name":"Comment","target":["https:\/\/dev.explora.cl\/magallanes\/exposicion-antartica-extrema-continua-su-itinerancia-en-el-centro-integral-infantil-de-juego-y-movimiento\/#respond"]}]},{"@type":"WebPage","@id":"https:\/\/dev.explora.cl\/magallanes\/exposicion-antartica-extrema-continua-su-itinerancia-en-el-centro-integral-infantil-de-juego-y-movimiento\/","url":"https:\/\/dev.explora.cl\/magallanes\/exposicion-antartica-extrema-continua-su-itinerancia-en-el-centro-integral-infantil-de-juego-y-movimiento\/","name":"Exposici\u00f3n Ant\u00e1rtica Extrema contin\u00faa su itinerancia en el Centro Integral Infantil de Juego y Movimiento - Magallanes","isPartOf":{"@id":"https:\/\/dev.explora.cl\/magallanes\/#website"},"primaryImageOfPage":{"@id":"https:\/\/dev.explora.cl\/magallanes\/exposicion-antartica-extrema-continua-su-itinerancia-en-el-centro-integral-infantil-de-juego-y-movimiento\/#primaryimage"},"image":{"@id":"https:\/\/dev.explora.cl\/magallanes\/exposicion-antartica-extrema-continua-su-itinerancia-en-el-centro-integral-infantil-de-juego-y-movimiento\/#primaryimage"},"thumbnailUrl":"https:\/\/dev.explora.cl\/magallanes\/wp-content\/uploads\/sites\/19\/2018\/06\/antartica_extrema_-min.jpg","datePublished":"2018-02-28T04:00:00+00:00","dateModified":"2019-05-20T21:34:39+00:00","breadcrumb":{"@id":"https:\/\/dev.explora.cl\/magallanes\/exposicion-antartica-extrema-continua-su-itinerancia-en-el-centro-integral-infantil-de-juego-y-movimiento\/#breadcrumb"},"inLanguage":"es-CL","potentialAction":[{"@type":"ReadAction","target":["https:\/\/dev.explora.cl\/magallanes\/exposicion-antartica-extrema-continua-su-itinerancia-en-el-centro-integral-infantil-de-juego-y-movimiento\/"]}]},{"@type":"ImageObject","inLanguage":"es-CL","@id":"https:\/\/dev.explora.cl\/magallanes\/exposicion-antartica-extrema-continua-su-itinerancia-en-el-centro-integral-infantil-de-juego-y-movimiento\/#primaryimage","url":"https:\/\/dev.explora.cl\/magallanes\/wp-content\/uploads\/sites\/19\/2018\/06\/antartica_extrema_-min.jpg","contentUrl":"https:\/\/dev.explora.cl\/magallanes\/wp-content\/uploads\/sites\/19\/2018\/06\/antartica_extrema_-min.jpg","width":2048,"height":1291},{"@type":"BreadcrumbList","@id":"https:\/\/dev.explora.cl\/magallanes\/exposicion-antartica-extrema-continua-su-itinerancia-en-el-centro-integral-infantil-de-juego-y-movimiento\/#breadcrumb","itemListElement":[{"@type":"ListItem","position":1,"name":"Portada","item":"https:\/\/dev.explora.cl\/magallanes\/"},{"@type":"ListItem","position":2,"name":"Exposici\u00f3n Ant\u00e1rtica Extrema contin\u00faa su itinerancia en el Centro Integral Infantil de Juego y Movimiento"}]},{"@type":"WebSite","@id":"https:\/\/dev.explora.cl\/magallanes\/#website","url":"https:\/\/dev.explora.cl\/magallanes\/","name":"Magallanes","description":"Otro sitio m\u00e1s de dev.explora.cl","publisher":{"@id":"https:\/\/dev.explora.cl\/magallanes\/#organization"},"potentialAction":[{"@type":"SearchAction","target":{"@type":"EntryPoint","urlTemplate":"https:\/\/dev.explora.cl\/magallanes\/?s={search_term_string}"},"query-input":{"@type":"PropertyValueSpecification","valueRequired":true,"valueName":"search_term_string"}}],"inLanguage":"es-CL"},{"@type":"Organization","@id":"https:\/\/dev.explora.cl\/magallanes\/#organization","name":"Magallanes","url":"https:\/\/dev.explora.cl\/magallanes\/","logo":{"@type":"ImageObject","inLanguage":"es-CL","@id":"https:\/\/dev.explora.cl\/magallanes\/#\/schema\/logo\/image\/","url":"https:\/\/dev.explora.cl\/magallanes\/wp-content\/uploads\/sites\/19\/2021\/06\/cropped-ICONO-COLOR-2.jpg","contentUrl":"https:\/\/dev.explora.cl\/magallanes\/wp-content\/uploads\/sites\/19\/2021\/06\/cropped-ICONO-COLOR-2.jpg","width":1181,"height":1181,"caption":"Magallanes"},"image":{"@id":"https:\/\/dev.explora.cl\/magallanes\/#\/schema\/logo\/image\/"}},{"@type":"Person","@id":"https:\/\/dev.explora.cl\/magallanes\/#\/schema\/person\/cb8349c13ea2d324080adf8480d7ba5d","name":"webman","image":{"@type":"ImageObject","inLanguage":"es-CL","@id":"https:\/\/dev.explora.cl\/magallanes\/#\/schema\/person\/image\/","url":"https:\/\/secure.gravatar.com\/avatar\/eeff3c82f2c02f7177d13663b7e6f890e9a6a0647ce9bb29cae02dcb094c7312?s=96&d=mm&r=g","contentUrl":"https:\/\/secure.gravatar.com\/avatar\/eeff3c82f2c02f7177d13663b7e6f890e9a6a0647ce9bb29cae02dcb094c7312?s=96&d=mm&r=g","caption":"webman"},"url":"https:\/\/dev.explora.cl\/magallanes\/author\/webman\/"}]}},"_links":{"self":[{"href":"https:\/\/dev.explora.cl\/magallanes\/wp-json\/wp\/v2\/posts\/888","targetHints":{"allow":["GET"]}}],"collection":[{"href":"https:\/\/dev.explora.cl\/magallanes\/wp-json\/wp\/v2\/posts"}],"about":[{"href":"https:\/\/dev.explora.cl\/magallanes\/wp-json\/wp\/v2\/types\/post"}],"author":[{"embeddable":true,"href":"https:\/\/dev.explora.cl\/magallanes\/wp-json\/wp\/v2\/users\/2"}],"replies":[{"embeddable":true,"href":"https:\/\/dev.explora.cl\/magallanes\/wp-json\/wp\/v2\/comments?post=888"}],"version-history":[{"count":1,"href":"https:\/\/dev.explora.cl\/magallanes\/wp-json\/wp\/v2\/posts\/888\/revisions"}],"predecessor-version":[{"id":37612,"href":"https:\/\/dev.explora.cl\/magallanes\/wp-json\/wp\/v2\/posts\/888\/revisions\/37612"}],"wp:featuredmedia":[{"embeddable":true,"href":"https:\/\/dev.explora.cl\/magallanes\/wp-json\/wp\/v2\/media\/889"}],"wp:attachment":[{"href":"https:\/\/dev.explora.cl\/magallanes\/wp-json\/wp\/v2\/media?parent=888"}],"wp:term":[{"taxonomy":"category","embeddable":true,"href":"https:\/\/dev.explora.cl\/magallanes\/wp-json\/wp\/v2\/categories?post=888"},{"taxonomy":"post_tag","embeddable":true,"href":"https:\/\/dev.explora.cl\/magallanes\/wp-json\/wp\/v2\/tags?post=888"}],"curies":[{"name":"wp","href":"https:\/\/api.w.org\/{rel}","templated":true}]}}