{"id":886,"date":"2018-01-19T00:00:00","date_gmt":"2018-01-19T04:00:00","guid":{"rendered":"https:\/\/dev.explora.cl\/magallanes\/blog\/2018\/01\/19\/exitosa-primera-version-del-campamento-cientifico-escolar-en-puerto-natales-reunio-a-mas-de-100-ninos-y-jovenes-en-torno-a-la-ciencia\/"},"modified":"2019-05-20T21:34:40","modified_gmt":"2019-05-20T21:34:40","slug":"exitosa-primera-version-del-campamento-cientifico-escolar-en-puerto-natales-reunio-a-mas-de-100-ninos-y-jovenes-en-torno-a-la-ciencia","status":"publish","type":"post","link":"https:\/\/dev.explora.cl\/magallanes\/exitosa-primera-version-del-campamento-cientifico-escolar-en-puerto-natales-reunio-a-mas-de-100-ninos-y-jovenes-en-torno-a-la-ciencia\/","title":{"rendered":"Exitosa primera versi\u00f3n del Campamento Cient\u00edfico Escolar en Puerto Natales reuni\u00f3 a m\u00e1s de 100 ni\u00f1os y j\u00f3venes en torno a la Ciencia"},"content":{"rendered":"<p><img loading=\"lazy\" decoding=\"async\" class=\" size-full wp-image-29823\" src=\"http:\/\/ec2-54-245-22-188.us-west-2.compute.amazonaws.com\/wp-content\/uploads\/2018\/01\/Ni%C3%B1os_del_Campamento_en_Torres_del_Paine-.jpg\" alt=\"Ni\u00f1os del Campamento Cient\u00edfico en Torres del Paine \" width=\"5544\" height=\"3357\" \/><\/p>\n<p>La Escuela E-3 Coronel Santiago Bueras recibi\u00f3 durante esta semana (15 al 19 de enero) a un centenar de ni\u00f1os, ni\u00f1as y j\u00f3venes que participaron de la primera versi\u00f3n del Campamento Cient\u00edfico Escolar de Puerto Natales, organizado por el Proyecto Asociativo Regional (PAR) Explora de CONICYT Magallanes y de la Ant\u00e1rtica Chilena de la Universidad de Magallanes.<\/p>\n<p>Una oportunidad \u00fanica donde los participantes pudieron acercarse de una manera l\u00fadica y entretenida a la Ciencia y a la Tecnolog\u00eda, adem\u00e1s de aprender sobre el cuidado del medio ambiente y a valorar el entorno natural de la Regi\u00f3n de Magallanes.<\/p>\n<p>Cinco fueron los talleres que se dictaron en esta primera oportunidad y que llevan por nombre: \u201cExplorines\u201d, \u201cMicrocazadores de luz\u201d, \u201cLa Geolog\u00eda que nos rodea\u201d, \u201cReciclarte\u201d y \u201cHuerta Org\u00e1nica\u201d, donde participaron ni\u00f1os desde los 5 a j\u00f3venes de 17 a\u00f1os de edad. &nbsp;<\/p>\n<p>\u201cLos cinco talleres estuvieron trabajando arduamente en sus \u00e1reas, por ejemplo: Los ni\u00f1os de Huerta Org\u00e1nica han estado trabajando en el invernadero de la Universidad y en el de la Escuela; los Microcazadores de Luz han tomado muestras de microalgas en lugares aleda\u00f1os de la comuna; los de Reciclarte han estado reutilizando diferentes materiales; los Explorines est\u00e1n aprendiendo con sus experiencias cient\u00edficas, inici\u00e1ndose en el asombroso mundo de la Ciencia y fomentando la curiosidad; y los de Geolog\u00eda han tenido un trabajo en terreno para aprender sobre la capas que tiene la tierra y los diferentes tipos de rocas. Siendo nuestra primera vez como PAR Explora en Puerto Natales ha sido una grata experiencia, nos hemos llevado una muy buena impresi\u00f3n\u201d, valor\u00f3 el coordinador de la actividad, Hermann Reiher.<\/p>\n<p>La jefa del taller Reciclarte y docente de la Escuela Santiago Bueras, Claudia Almonacid, agradeci\u00f3 que esta actividad se pudiera replicar en su establecimiento. \u201cPrimero agradezco a Explora por esta oportunidad que se dio de poder replicar el Campamento Cient\u00edfico aqu\u00ed en Natales. En el caso de este taller, nosotros hemos tratado de hacer actividades diversas para que los ni\u00f1os est\u00e9n entretenidos con sus creaciones con la tem\u00e1tica de reutilizaci\u00f3n y reciclaje, el d\u00eda lunes hicimos llaveros con papel reciclado, tambi\u00e9n hicimos jabones con aceite, el jueves trabajamos con mandalas con CDs, tambi\u00e9n hicimos paisajes haciendo piedras y aparte hemos tenido salidas a terreno\u201d, comenta.&nbsp;<\/p>\n<p>De igual forma, el docente del Centro Universitario Puerto Natales y jefe de Taller de Huerta Org\u00e1nica, Jorge Nieto, tambi\u00e9n agradeci\u00f3 la instancia, indicando: \u201cYo considero que es muy positivo, de hecho hab\u00edan apoderados que dec\u00edan que por qu\u00e9 no era m\u00e1s extenso el Campamento, y \u00bfPor qu\u00e9 no se hab\u00eda hecho antes?, yo les respond\u00eda que lo importante es que comenzamos, que dimos el puntapi\u00e9 inicial con actividades de este tipo, donde los chicos no solamente se entretienen sino que aprenden, y de repente se les inculca o se les enciende esa llamita por incursionar en Ciencia, que para nosotros es muy importante. Para m\u00ed es una experiencia s\u00faper positiva y ojal\u00e1 que podamos extender esta actividad en el tiempo\u201d, expres\u00f3.&nbsp;<\/p>\n<p>Los Microcazadores de luz es uno de los talleres que se dicta con gran \u00e9xito en Punta Arenas y que esta oportunidad pudo replicarse en Puerto Natales con 29 ni\u00f1os de 8 a 12 a\u00f1os \u201cHa sido una experiencia muy bonita, porque no hab\u00edamos estado en la comuna para hacer el Campamento y en espec\u00edfico nuestro taller, hemos tenido muy buena acogida por parte de los ni\u00f1os, han estado interesados, han participado bastante, y hemos visitado lugares muy bonitos que con el otro taller de Punta Arenas, que por la distancia no se pod\u00eda. Nuestro taller busca que los ni\u00f1os aprendan sobre lo que son las microalgas, su diversidad, importancia en el ecosistema y diversos usos a nivel industrial\u201d, explica la jefa del taller y asesora cient\u00edfica del PAR Explora Magallanes, Dra. Gloria S\u00e1nchez. &nbsp;<\/p>\n<p><strong>Conocer nuestros laboratorios naturales <\/strong><\/p>\n<p>Pero no todo fue aprender en las aulas de clases y laboratorios, ya que se efectuaron salidas a terreno, entre las que se destaca: la Costanera de Puerto Natales, Invernaderos del Centro Universitario UMAG Puerto Natales, Cerro Dorotea, Parque Nacional Torres del Paine y Cueva del Milod\u00f3n, a estos dos \u00faltimos lugares acudieron todos los participantes del Campamento. \u201cEl d\u00eda mi\u00e9rcoles 17 tuvimos la salida a Torres del Paine con todos los ni\u00f1os del Campamento, que fue una muy buena experiencia para ellos, algunos ni siquiera hab\u00edan visitado este lugar, siendo que eran de Puerto Natales por lo que fue una gran oportunidad para explorar y conocer su zona\u201d, precis\u00f3 Hermann Reiher.<\/p>\n<p>Sin lugar a dudas, los ni\u00f1os y j\u00f3venes asistentes fueron los m\u00e1s contentos, quienes destacaron lo aprendido durante esta semana, las nuevas amistades, y los lugares que pudieron recorrer en compa\u00f1\u00eda de sus compa\u00f1eros, jefes de taller y monitores. &nbsp;<\/p>\n<p>\u201cMe encant\u00f3 el taller, fue una gran experiencia porque pudimos viajar a muchos lugares y ver cosas que antes no ve\u00eda, por ejemplo: antes observaba el paisaje de Torres del Paine y dec\u00eda: qu\u00e9 bonito, pero ahora s\u00e9 las capas de la tierra, tambi\u00e9n aprend\u00ed sobre los f\u00f3siles y sobre las rocas preciosas que est\u00e1n a mayor temperatura. En resumen es una bonita experiencia y muy recomendable para otros j\u00f3venes\u201d, coment\u00f3 el integrante del Taller Geolog\u00eda que nos rodea, Ramiro Sandoval.<\/p>\n<p>Maite Varela particip\u00f3 del Taller Microcazadores de Luz y al respecto opin\u00f3: \u201cMe pareci\u00f3 muy entretenido, aprendimos sobre diferentes especies de microalgas de la regi\u00f3n, hemos sabido c\u00f3mo ocupar el microscopio, que es algo nuevo para m\u00ed\u201d.<\/p>\n<p>Jonathan Arias concuerda con su compa\u00f1era de taller, y a\u00f1ade: \u201cYo ya sab\u00eda utilizar el microscopio porque me gustar\u00eda estudiar algo relacionado con la medicina, pero m\u00e1s que eso, lo que m\u00e1s me gust\u00f3 fueron las salidas que hicimos porque yo creo que hemos sido el taller que m\u00e1s salidas ha tenido del Campamento, la que m\u00e1s me gust\u00f3 fue la de Laguna Amarga en Torres del Paine\u201d.<\/p>\n<p>\u201cHemos aprendido a hacer arte con rocas, dibujos, mandalas y jabones. Lo que m\u00e1s me gust\u00f3 hacer fueron los mandalas porque es algo que nunca hab\u00eda hecho y tambi\u00e9n los jabones, agradezco tambi\u00e9n la oportunidad que se nos dio de participar en este taller, yo soy de Venezuela y es primera vez que estoy en un Campamento Cient\u00edfico\u201d, expres\u00f3 la participante del Taller Reciclarte, Marisol Quintero.<\/p>\n<p>Con una muestra de los talleres finaliz\u00f3 el Campamento Cient\u00edfico Escolar 2018 de Puerto Natales, donde los padres y familiares de los participantes pudieron apreciar lo que sus hijos realizaron durante esta semana. &nbsp;<\/p>\n<p>\u201cSentimos que es un enorme desaf\u00edo continuar con esta labor, a los ni\u00f1os les cuesta experimentar y curiosear, creo que tenemos que poner m\u00e1s \u00e9nfasis en desarrollar estas habilidades, que ellos puedan investigar por su propia cuenta lo que tienen a la mano y en su entorno, en Puerto Natales tienen lugares muy bellos para poder explorar y que creo que ellos todav\u00eda no lo asimilan\u201d, finaliza Hermann Reiher, quien afirm\u00f3 que esperan continuar con esta actividad en enero del a\u00f1o 2019.<\/p>\n","protected":false},"excerpt":{"rendered":"<p>La Escuela E-3 Coronel Santiago Bueras recibi\u00f3 durante esta semana (15 al 19 de enero) a un centenar de ni\u00f1os, ni\u00f1as y j\u00f3venes que participaron de la primera versi\u00f3n del Campamento Cient\u00edfico Escolar de Puerto Natales, organizado por el Proyecto Asociativo Regional (PAR) Explora de CONICYT Magallanes y de la Ant\u00e1rtica Chilena de la Universidad [&hellip;]<\/p>\n","protected":false},"author":2,"featured_media":887,"comment_status":"open","ping_status":"open","sticky":false,"template":"","format":"standard","meta":{"_acf_changed":false,"_exactmetrics_skip_tracking":false,"_exactmetrics_sitenote_active":false,"_exactmetrics_sitenote_note":"","_exactmetrics_sitenote_category":0,"footnotes":"","_links_to":"","_links_to_target":""},"categories":[4],"tags":[],"class_list":["post-886","post","type-post","status-publish","format-standard","has-post-thumbnail","hentry","category-noticias"],"acf":[],"yoast_head":"<!-- This site is optimized with the Yoast SEO plugin v26.7 - https:\/\/yoast.com\/wordpress\/plugins\/seo\/ -->\n<title>Exitosa primera versi\u00f3n del Campamento Cient\u00edfico Escolar en Puerto Natales reuni\u00f3 a m\u00e1s de 100 ni\u00f1os y j\u00f3venes en torno a la Ciencia - Magallanes<\/title>\n<meta name=\"robots\" content=\"index, follow, max-snippet:-1, max-image-preview:large, max-video-preview:-1\" \/>\n<link rel=\"canonical\" href=\"https:\/\/dev.explora.cl\/magallanes\/exitosa-primera-version-del-campamento-cientifico-escolar-en-puerto-natales-reunio-a-mas-de-100-ninos-y-jovenes-en-torno-a-la-ciencia\/\" class=\"yoast-seo-meta-tag\" \/>\n<meta property=\"og:locale\" content=\"es_ES\" class=\"yoast-seo-meta-tag\" \/>\n<meta property=\"og:type\" content=\"article\" class=\"yoast-seo-meta-tag\" \/>\n<meta property=\"og:title\" content=\"Exitosa primera versi\u00f3n del Campamento Cient\u00edfico Escolar en Puerto Natales reuni\u00f3 a m\u00e1s de 100 ni\u00f1os y j\u00f3venes en torno a la Ciencia - Magallanes\" class=\"yoast-seo-meta-tag\" \/>\n<meta property=\"og:description\" content=\"La Escuela E-3 Coronel Santiago Bueras recibi\u00f3 durante esta semana (15 al 19 de enero) a un centenar de ni\u00f1os, ni\u00f1as y j\u00f3venes que participaron de la primera versi\u00f3n del Campamento Cient\u00edfico Escolar de Puerto Natales, organizado por el Proyecto Asociativo Regional (PAR) Explora de CONICYT Magallanes y de la Ant\u00e1rtica Chilena de la Universidad [&hellip;]\" class=\"yoast-seo-meta-tag\" \/>\n<meta property=\"og:url\" content=\"https:\/\/dev.explora.cl\/magallanes\/exitosa-primera-version-del-campamento-cientifico-escolar-en-puerto-natales-reunio-a-mas-de-100-ninos-y-jovenes-en-torno-a-la-ciencia\/\" class=\"yoast-seo-meta-tag\" \/>\n<meta property=\"og:site_name\" content=\"Magallanes\" class=\"yoast-seo-meta-tag\" \/>\n<meta property=\"article:published_time\" content=\"2018-01-19T04:00:00+00:00\" class=\"yoast-seo-meta-tag\" \/>\n<meta property=\"article:modified_time\" content=\"2019-05-20T21:34:40+00:00\" class=\"yoast-seo-meta-tag\" \/>\n<meta property=\"og:image\" content=\"https:\/\/dev.explora.cl\/magallanes\/wp-content\/uploads\/sites\/19\/2018\/06\/Ni\u00f1os_del_Campamento_en_Torres_del_Paine.jpg\" class=\"yoast-seo-meta-tag\" \/>\n\t<meta property=\"og:image:width\" content=\"2048\" class=\"yoast-seo-meta-tag\" \/>\n\t<meta property=\"og:image:height\" content=\"1240\" class=\"yoast-seo-meta-tag\" \/>\n\t<meta property=\"og:image:type\" content=\"image\/jpeg\" class=\"yoast-seo-meta-tag\" \/>\n<meta name=\"author\" content=\"webman\" class=\"yoast-seo-meta-tag\" \/>\n<meta name=\"twitter:card\" content=\"summary_large_image\" class=\"yoast-seo-meta-tag\" \/>\n<meta name=\"twitter:label1\" content=\"Escrito por\" class=\"yoast-seo-meta-tag\" \/>\n\t<meta name=\"twitter:data1\" content=\"webman\" class=\"yoast-seo-meta-tag\" \/>\n\t<meta name=\"twitter:label2\" content=\"Tiempo estimado de lectura\" class=\"yoast-seo-meta-tag\" \/>\n\t<meta name=\"twitter:data2\" content=\"6 minutos\" class=\"yoast-seo-meta-tag\" \/>\n<script type=\"application\/ld+json\" class=\"yoast-schema-graph\">{\"@context\":\"https:\/\/schema.org\",\"@graph\":[{\"@type\":\"Article\",\"@id\":\"https:\/\/dev.explora.cl\/magallanes\/exitosa-primera-version-del-campamento-cientifico-escolar-en-puerto-natales-reunio-a-mas-de-100-ninos-y-jovenes-en-torno-a-la-ciencia\/#article\",\"isPartOf\":{\"@id\":\"https:\/\/dev.explora.cl\/magallanes\/exitosa-primera-version-del-campamento-cientifico-escolar-en-puerto-natales-reunio-a-mas-de-100-ninos-y-jovenes-en-torno-a-la-ciencia\/\"},\"author\":{\"name\":\"webman\",\"@id\":\"https:\/\/dev.explora.cl\/magallanes\/#\/schema\/person\/cb8349c13ea2d324080adf8480d7ba5d\"},\"headline\":\"Exitosa primera versi\u00f3n del Campamento Cient\u00edfico Escolar en Puerto Natales reuni\u00f3 a m\u00e1s de 100 ni\u00f1os y j\u00f3venes en torno a la Ciencia\",\"datePublished\":\"2018-01-19T04:00:00+00:00\",\"dateModified\":\"2019-05-20T21:34:40+00:00\",\"mainEntityOfPage\":{\"@id\":\"https:\/\/dev.explora.cl\/magallanes\/exitosa-primera-version-del-campamento-cientifico-escolar-en-puerto-natales-reunio-a-mas-de-100-ninos-y-jovenes-en-torno-a-la-ciencia\/\"},\"wordCount\":1261,\"commentCount\":0,\"publisher\":{\"@id\":\"https:\/\/dev.explora.cl\/magallanes\/#organization\"},\"image\":{\"@id\":\"https:\/\/dev.explora.cl\/magallanes\/exitosa-primera-version-del-campamento-cientifico-escolar-en-puerto-natales-reunio-a-mas-de-100-ninos-y-jovenes-en-torno-a-la-ciencia\/#primaryimage\"},\"thumbnailUrl\":\"https:\/\/dev.explora.cl\/magallanes\/wp-content\/uploads\/sites\/19\/2018\/06\/Ni\u00f1os_del_Campamento_en_Torres_del_Paine.jpg\",\"articleSection\":[\"Noticias\"],\"inLanguage\":\"es-CL\",\"potentialAction\":[{\"@type\":\"CommentAction\",\"name\":\"Comment\",\"target\":[\"https:\/\/dev.explora.cl\/magallanes\/exitosa-primera-version-del-campamento-cientifico-escolar-en-puerto-natales-reunio-a-mas-de-100-ninos-y-jovenes-en-torno-a-la-ciencia\/#respond\"]}]},{\"@type\":\"WebPage\",\"@id\":\"https:\/\/dev.explora.cl\/magallanes\/exitosa-primera-version-del-campamento-cientifico-escolar-en-puerto-natales-reunio-a-mas-de-100-ninos-y-jovenes-en-torno-a-la-ciencia\/\",\"url\":\"https:\/\/dev.explora.cl\/magallanes\/exitosa-primera-version-del-campamento-cientifico-escolar-en-puerto-natales-reunio-a-mas-de-100-ninos-y-jovenes-en-torno-a-la-ciencia\/\",\"name\":\"Exitosa primera versi\u00f3n del Campamento Cient\u00edfico Escolar en Puerto Natales reuni\u00f3 a m\u00e1s de 100 ni\u00f1os y j\u00f3venes en torno a la Ciencia - Magallanes\",\"isPartOf\":{\"@id\":\"https:\/\/dev.explora.cl\/magallanes\/#website\"},\"primaryImageOfPage\":{\"@id\":\"https:\/\/dev.explora.cl\/magallanes\/exitosa-primera-version-del-campamento-cientifico-escolar-en-puerto-natales-reunio-a-mas-de-100-ninos-y-jovenes-en-torno-a-la-ciencia\/#primaryimage\"},\"image\":{\"@id\":\"https:\/\/dev.explora.cl\/magallanes\/exitosa-primera-version-del-campamento-cientifico-escolar-en-puerto-natales-reunio-a-mas-de-100-ninos-y-jovenes-en-torno-a-la-ciencia\/#primaryimage\"},\"thumbnailUrl\":\"https:\/\/dev.explora.cl\/magallanes\/wp-content\/uploads\/sites\/19\/2018\/06\/Ni\u00f1os_del_Campamento_en_Torres_del_Paine.jpg\",\"datePublished\":\"2018-01-19T04:00:00+00:00\",\"dateModified\":\"2019-05-20T21:34:40+00:00\",\"breadcrumb\":{\"@id\":\"https:\/\/dev.explora.cl\/magallanes\/exitosa-primera-version-del-campamento-cientifico-escolar-en-puerto-natales-reunio-a-mas-de-100-ninos-y-jovenes-en-torno-a-la-ciencia\/#breadcrumb\"},\"inLanguage\":\"es-CL\",\"potentialAction\":[{\"@type\":\"ReadAction\",\"target\":[\"https:\/\/dev.explora.cl\/magallanes\/exitosa-primera-version-del-campamento-cientifico-escolar-en-puerto-natales-reunio-a-mas-de-100-ninos-y-jovenes-en-torno-a-la-ciencia\/\"]}]},{\"@type\":\"ImageObject\",\"inLanguage\":\"es-CL\",\"@id\":\"https:\/\/dev.explora.cl\/magallanes\/exitosa-primera-version-del-campamento-cientifico-escolar-en-puerto-natales-reunio-a-mas-de-100-ninos-y-jovenes-en-torno-a-la-ciencia\/#primaryimage\",\"url\":\"https:\/\/dev.explora.cl\/magallanes\/wp-content\/uploads\/sites\/19\/2018\/06\/Ni\u00f1os_del_Campamento_en_Torres_del_Paine.jpg\",\"contentUrl\":\"https:\/\/dev.explora.cl\/magallanes\/wp-content\/uploads\/sites\/19\/2018\/06\/Ni\u00f1os_del_Campamento_en_Torres_del_Paine.jpg\",\"width\":2048,\"height\":1240,\"caption\":\"Ni\u00f1os del Campamento Cient\u00edfico en Torres del Paine\"},{\"@type\":\"BreadcrumbList\",\"@id\":\"https:\/\/dev.explora.cl\/magallanes\/exitosa-primera-version-del-campamento-cientifico-escolar-en-puerto-natales-reunio-a-mas-de-100-ninos-y-jovenes-en-torno-a-la-ciencia\/#breadcrumb\",\"itemListElement\":[{\"@type\":\"ListItem\",\"position\":1,\"name\":\"Portada\",\"item\":\"https:\/\/dev.explora.cl\/magallanes\/\"},{\"@type\":\"ListItem\",\"position\":2,\"name\":\"Exitosa primera versi\u00f3n del Campamento Cient\u00edfico Escolar en Puerto Natales reuni\u00f3 a m\u00e1s de 100 ni\u00f1os y j\u00f3venes en torno a la Ciencia\"}]},{\"@type\":\"WebSite\",\"@id\":\"https:\/\/dev.explora.cl\/magallanes\/#website\",\"url\":\"https:\/\/dev.explora.cl\/magallanes\/\",\"name\":\"Magallanes\",\"description\":\"Otro sitio m\u00e1s de dev.explora.cl\",\"publisher\":{\"@id\":\"https:\/\/dev.explora.cl\/magallanes\/#organization\"},\"potentialAction\":[{\"@type\":\"SearchAction\",\"target\":{\"@type\":\"EntryPoint\",\"urlTemplate\":\"https:\/\/dev.explora.cl\/magallanes\/?s={search_term_string}\"},\"query-input\":{\"@type\":\"PropertyValueSpecification\",\"valueRequired\":true,\"valueName\":\"search_term_string\"}}],\"inLanguage\":\"es-CL\"},{\"@type\":\"Organization\",\"@id\":\"https:\/\/dev.explora.cl\/magallanes\/#organization\",\"name\":\"Magallanes\",\"url\":\"https:\/\/dev.explora.cl\/magallanes\/\",\"logo\":{\"@type\":\"ImageObject\",\"inLanguage\":\"es-CL\",\"@id\":\"https:\/\/dev.explora.cl\/magallanes\/#\/schema\/logo\/image\/\",\"url\":\"https:\/\/dev.explora.cl\/magallanes\/wp-content\/uploads\/sites\/19\/2021\/06\/cropped-ICONO-COLOR-2.jpg\",\"contentUrl\":\"https:\/\/dev.explora.cl\/magallanes\/wp-content\/uploads\/sites\/19\/2021\/06\/cropped-ICONO-COLOR-2.jpg\",\"width\":1181,\"height\":1181,\"caption\":\"Magallanes\"},\"image\":{\"@id\":\"https:\/\/dev.explora.cl\/magallanes\/#\/schema\/logo\/image\/\"}},{\"@type\":\"Person\",\"@id\":\"https:\/\/dev.explora.cl\/magallanes\/#\/schema\/person\/cb8349c13ea2d324080adf8480d7ba5d\",\"name\":\"webman\",\"image\":{\"@type\":\"ImageObject\",\"inLanguage\":\"es-CL\",\"@id\":\"https:\/\/dev.explora.cl\/magallanes\/#\/schema\/person\/image\/\",\"url\":\"https:\/\/secure.gravatar.com\/avatar\/eeff3c82f2c02f7177d13663b7e6f890e9a6a0647ce9bb29cae02dcb094c7312?s=96&d=mm&r=g\",\"contentUrl\":\"https:\/\/secure.gravatar.com\/avatar\/eeff3c82f2c02f7177d13663b7e6f890e9a6a0647ce9bb29cae02dcb094c7312?s=96&d=mm&r=g\",\"caption\":\"webman\"},\"url\":\"https:\/\/dev.explora.cl\/magallanes\/author\/webman\/\"}]}<\/script>\n<!-- \/ Yoast SEO plugin. -->","yoast_head_json":{"title":"Exitosa primera versi\u00f3n del Campamento Cient\u00edfico Escolar en Puerto Natales reuni\u00f3 a m\u00e1s de 100 ni\u00f1os y j\u00f3venes en torno a la Ciencia - Magallanes","robots":{"index":"index","follow":"follow","max-snippet":"max-snippet:-1","max-image-preview":"max-image-preview:large","max-video-preview":"max-video-preview:-1"},"canonical":"https:\/\/dev.explora.cl\/magallanes\/exitosa-primera-version-del-campamento-cientifico-escolar-en-puerto-natales-reunio-a-mas-de-100-ninos-y-jovenes-en-torno-a-la-ciencia\/","og_locale":"es_ES","og_type":"article","og_title":"Exitosa primera versi\u00f3n del Campamento Cient\u00edfico Escolar en Puerto Natales reuni\u00f3 a m\u00e1s de 100 ni\u00f1os y j\u00f3venes en torno a la Ciencia - Magallanes","og_description":"La Escuela E-3 Coronel Santiago Bueras recibi\u00f3 durante esta semana (15 al 19 de enero) a un centenar de ni\u00f1os, ni\u00f1as y j\u00f3venes que participaron de la primera versi\u00f3n del Campamento Cient\u00edfico Escolar de Puerto Natales, organizado por el Proyecto Asociativo Regional (PAR) Explora de CONICYT Magallanes y de la Ant\u00e1rtica Chilena de la Universidad [&hellip;]","og_url":"https:\/\/dev.explora.cl\/magallanes\/exitosa-primera-version-del-campamento-cientifico-escolar-en-puerto-natales-reunio-a-mas-de-100-ninos-y-jovenes-en-torno-a-la-ciencia\/","og_site_name":"Magallanes","article_published_time":"2018-01-19T04:00:00+00:00","article_modified_time":"2019-05-20T21:34:40+00:00","og_image":[{"width":2048,"height":1240,"url":"https:\/\/dev.explora.cl\/magallanes\/wp-content\/uploads\/sites\/19\/2018\/06\/Ni\u00f1os_del_Campamento_en_Torres_del_Paine.jpg","type":"image\/jpeg"}],"author":"webman","twitter_card":"summary_large_image","twitter_misc":{"Escrito por":"webman","Tiempo estimado de lectura":"6 minutos"},"schema":{"@context":"https:\/\/schema.org","@graph":[{"@type":"Article","@id":"https:\/\/dev.explora.cl\/magallanes\/exitosa-primera-version-del-campamento-cientifico-escolar-en-puerto-natales-reunio-a-mas-de-100-ninos-y-jovenes-en-torno-a-la-ciencia\/#article","isPartOf":{"@id":"https:\/\/dev.explora.cl\/magallanes\/exitosa-primera-version-del-campamento-cientifico-escolar-en-puerto-natales-reunio-a-mas-de-100-ninos-y-jovenes-en-torno-a-la-ciencia\/"},"author":{"name":"webman","@id":"https:\/\/dev.explora.cl\/magallanes\/#\/schema\/person\/cb8349c13ea2d324080adf8480d7ba5d"},"headline":"Exitosa primera versi\u00f3n del Campamento Cient\u00edfico Escolar en Puerto Natales reuni\u00f3 a m\u00e1s de 100 ni\u00f1os y j\u00f3venes en torno a la Ciencia","datePublished":"2018-01-19T04:00:00+00:00","dateModified":"2019-05-20T21:34:40+00:00","mainEntityOfPage":{"@id":"https:\/\/dev.explora.cl\/magallanes\/exitosa-primera-version-del-campamento-cientifico-escolar-en-puerto-natales-reunio-a-mas-de-100-ninos-y-jovenes-en-torno-a-la-ciencia\/"},"wordCount":1261,"commentCount":0,"publisher":{"@id":"https:\/\/dev.explora.cl\/magallanes\/#organization"},"image":{"@id":"https:\/\/dev.explora.cl\/magallanes\/exitosa-primera-version-del-campamento-cientifico-escolar-en-puerto-natales-reunio-a-mas-de-100-ninos-y-jovenes-en-torno-a-la-ciencia\/#primaryimage"},"thumbnailUrl":"https:\/\/dev.explora.cl\/magallanes\/wp-content\/uploads\/sites\/19\/2018\/06\/Ni\u00f1os_del_Campamento_en_Torres_del_Paine.jpg","articleSection":["Noticias"],"inLanguage":"es-CL","potentialAction":[{"@type":"CommentAction","name":"Comment","target":["https:\/\/dev.explora.cl\/magallanes\/exitosa-primera-version-del-campamento-cientifico-escolar-en-puerto-natales-reunio-a-mas-de-100-ninos-y-jovenes-en-torno-a-la-ciencia\/#respond"]}]},{"@type":"WebPage","@id":"https:\/\/dev.explora.cl\/magallanes\/exitosa-primera-version-del-campamento-cientifico-escolar-en-puerto-natales-reunio-a-mas-de-100-ninos-y-jovenes-en-torno-a-la-ciencia\/","url":"https:\/\/dev.explora.cl\/magallanes\/exitosa-primera-version-del-campamento-cientifico-escolar-en-puerto-natales-reunio-a-mas-de-100-ninos-y-jovenes-en-torno-a-la-ciencia\/","name":"Exitosa primera versi\u00f3n del Campamento Cient\u00edfico Escolar en Puerto Natales reuni\u00f3 a m\u00e1s de 100 ni\u00f1os y j\u00f3venes en torno a la Ciencia - Magallanes","isPartOf":{"@id":"https:\/\/dev.explora.cl\/magallanes\/#website"},"primaryImageOfPage":{"@id":"https:\/\/dev.explora.cl\/magallanes\/exitosa-primera-version-del-campamento-cientifico-escolar-en-puerto-natales-reunio-a-mas-de-100-ninos-y-jovenes-en-torno-a-la-ciencia\/#primaryimage"},"image":{"@id":"https:\/\/dev.explora.cl\/magallanes\/exitosa-primera-version-del-campamento-cientifico-escolar-en-puerto-natales-reunio-a-mas-de-100-ninos-y-jovenes-en-torno-a-la-ciencia\/#primaryimage"},"thumbnailUrl":"https:\/\/dev.explora.cl\/magallanes\/wp-content\/uploads\/sites\/19\/2018\/06\/Ni\u00f1os_del_Campamento_en_Torres_del_Paine.jpg","datePublished":"2018-01-19T04:00:00+00:00","dateModified":"2019-05-20T21:34:40+00:00","breadcrumb":{"@id":"https:\/\/dev.explora.cl\/magallanes\/exitosa-primera-version-del-campamento-cientifico-escolar-en-puerto-natales-reunio-a-mas-de-100-ninos-y-jovenes-en-torno-a-la-ciencia\/#breadcrumb"},"inLanguage":"es-CL","potentialAction":[{"@type":"ReadAction","target":["https:\/\/dev.explora.cl\/magallanes\/exitosa-primera-version-del-campamento-cientifico-escolar-en-puerto-natales-reunio-a-mas-de-100-ninos-y-jovenes-en-torno-a-la-ciencia\/"]}]},{"@type":"ImageObject","inLanguage":"es-CL","@id":"https:\/\/dev.explora.cl\/magallanes\/exitosa-primera-version-del-campamento-cientifico-escolar-en-puerto-natales-reunio-a-mas-de-100-ninos-y-jovenes-en-torno-a-la-ciencia\/#primaryimage","url":"https:\/\/dev.explora.cl\/magallanes\/wp-content\/uploads\/sites\/19\/2018\/06\/Ni\u00f1os_del_Campamento_en_Torres_del_Paine.jpg","contentUrl":"https:\/\/dev.explora.cl\/magallanes\/wp-content\/uploads\/sites\/19\/2018\/06\/Ni\u00f1os_del_Campamento_en_Torres_del_Paine.jpg","width":2048,"height":1240,"caption":"Ni\u00f1os del Campamento Cient\u00edfico en Torres del Paine"},{"@type":"BreadcrumbList","@id":"https:\/\/dev.explora.cl\/magallanes\/exitosa-primera-version-del-campamento-cientifico-escolar-en-puerto-natales-reunio-a-mas-de-100-ninos-y-jovenes-en-torno-a-la-ciencia\/#breadcrumb","itemListElement":[{"@type":"ListItem","position":1,"name":"Portada","item":"https:\/\/dev.explora.cl\/magallanes\/"},{"@type":"ListItem","position":2,"name":"Exitosa primera versi\u00f3n del Campamento Cient\u00edfico Escolar en Puerto Natales reuni\u00f3 a m\u00e1s de 100 ni\u00f1os y j\u00f3venes en torno a la Ciencia"}]},{"@type":"WebSite","@id":"https:\/\/dev.explora.cl\/magallanes\/#website","url":"https:\/\/dev.explora.cl\/magallanes\/","name":"Magallanes","description":"Otro sitio m\u00e1s de dev.explora.cl","publisher":{"@id":"https:\/\/dev.explora.cl\/magallanes\/#organization"},"potentialAction":[{"@type":"SearchAction","target":{"@type":"EntryPoint","urlTemplate":"https:\/\/dev.explora.cl\/magallanes\/?s={search_term_string}"},"query-input":{"@type":"PropertyValueSpecification","valueRequired":true,"valueName":"search_term_string"}}],"inLanguage":"es-CL"},{"@type":"Organization","@id":"https:\/\/dev.explora.cl\/magallanes\/#organization","name":"Magallanes","url":"https:\/\/dev.explora.cl\/magallanes\/","logo":{"@type":"ImageObject","inLanguage":"es-CL","@id":"https:\/\/dev.explora.cl\/magallanes\/#\/schema\/logo\/image\/","url":"https:\/\/dev.explora.cl\/magallanes\/wp-content\/uploads\/sites\/19\/2021\/06\/cropped-ICONO-COLOR-2.jpg","contentUrl":"https:\/\/dev.explora.cl\/magallanes\/wp-content\/uploads\/sites\/19\/2021\/06\/cropped-ICONO-COLOR-2.jpg","width":1181,"height":1181,"caption":"Magallanes"},"image":{"@id":"https:\/\/dev.explora.cl\/magallanes\/#\/schema\/logo\/image\/"}},{"@type":"Person","@id":"https:\/\/dev.explora.cl\/magallanes\/#\/schema\/person\/cb8349c13ea2d324080adf8480d7ba5d","name":"webman","image":{"@type":"ImageObject","inLanguage":"es-CL","@id":"https:\/\/dev.explora.cl\/magallanes\/#\/schema\/person\/image\/","url":"https:\/\/secure.gravatar.com\/avatar\/eeff3c82f2c02f7177d13663b7e6f890e9a6a0647ce9bb29cae02dcb094c7312?s=96&d=mm&r=g","contentUrl":"https:\/\/secure.gravatar.com\/avatar\/eeff3c82f2c02f7177d13663b7e6f890e9a6a0647ce9bb29cae02dcb094c7312?s=96&d=mm&r=g","caption":"webman"},"url":"https:\/\/dev.explora.cl\/magallanes\/author\/webman\/"}]}},"_links":{"self":[{"href":"https:\/\/dev.explora.cl\/magallanes\/wp-json\/wp\/v2\/posts\/886","targetHints":{"allow":["GET"]}}],"collection":[{"href":"https:\/\/dev.explora.cl\/magallanes\/wp-json\/wp\/v2\/posts"}],"about":[{"href":"https:\/\/dev.explora.cl\/magallanes\/wp-json\/wp\/v2\/types\/post"}],"author":[{"embeddable":true,"href":"https:\/\/dev.explora.cl\/magallanes\/wp-json\/wp\/v2\/users\/2"}],"replies":[{"embeddable":true,"href":"https:\/\/dev.explora.cl\/magallanes\/wp-json\/wp\/v2\/comments?post=886"}],"version-history":[{"count":1,"href":"https:\/\/dev.explora.cl\/magallanes\/wp-json\/wp\/v2\/posts\/886\/revisions"}],"predecessor-version":[{"id":37613,"href":"https:\/\/dev.explora.cl\/magallanes\/wp-json\/wp\/v2\/posts\/886\/revisions\/37613"}],"wp:featuredmedia":[{"embeddable":true,"href":"https:\/\/dev.explora.cl\/magallanes\/wp-json\/wp\/v2\/media\/887"}],"wp:attachment":[{"href":"https:\/\/dev.explora.cl\/magallanes\/wp-json\/wp\/v2\/media?parent=886"}],"wp:term":[{"taxonomy":"category","embeddable":true,"href":"https:\/\/dev.explora.cl\/magallanes\/wp-json\/wp\/v2\/categories?post=886"},{"taxonomy":"post_tag","embeddable":true,"href":"https:\/\/dev.explora.cl\/magallanes\/wp-json\/wp\/v2\/tags?post=886"}],"curies":[{"name":"wp","href":"https:\/\/api.w.org\/{rel}","templated":true}]}}