{"id":884,"date":"2018-01-17T00:00:00","date_gmt":"2018-01-17T04:00:00","guid":{"rendered":"https:\/\/dev.explora.cl\/magallanes\/blog\/2018\/01\/17\/campamento-cientifico-escolar-ninos-del-taller-pajareando-por-magallanes-conocieron-las-especies-de-aves-que-habitan-la-region\/"},"modified":"2019-05-20T21:34:40","modified_gmt":"2019-05-20T21:34:40","slug":"campamento-cientifico-escolar-ninos-del-taller-pajareando-por-magallanes-conocieron-las-especies-de-aves-que-habitan-la-region","status":"publish","type":"post","link":"https:\/\/dev.explora.cl\/magallanes\/campamento-cientifico-escolar-ninos-del-taller-pajareando-por-magallanes-conocieron-las-especies-de-aves-que-habitan-la-region\/","title":{"rendered":"Campamento Cient\u00edfico Escolar: Ni\u00f1os del Taller Pajareando por Magallanes conocieron las especies de aves que habitan la regi\u00f3n"},"content":{"rendered":"<p><img loading=\"lazy\" decoding=\"async\" class=\" size-full wp-image-29782\" src=\"http:\/\/ec2-54-245-22-188.us-west-2.compute.amazonaws.com\/wp-content\/uploads\/2018\/01\/Segunda_versi%C3%B3n_pajareando_1.jpg\" alt=\"\" width=\"1152\" height=\"864\" \/><\/p>\n<p>Por m\u00e1s de seis a\u00f1os que se imparte el Taller \u201cPajareando por Magallanes\u201d de la mano de la bi\u00f3loga marina y encargada de Educaci\u00f3n Ambiental del Centro Bah\u00eda Lomas, Jessica Paredes. Son decenas de escolares de 7 a 11 a\u00f1os que cada a\u00f1o buscan un cupo disponible para participar en el Campamento Cient\u00edfico Escolar del PAR Explora de CONICYT Regi\u00f3n de Magallanes y de la Ant\u00e1rtica Chilena de la Universidad de Magallanes.<\/p>\n<p>En esta oportunidad, fue tanto el inter\u00e9s en querer participar, que este curso se dict\u00f3 por segunda vez este 2018 (Pajareando 2.0), una instancia que se realiz\u00f3 durante la semana pasada donde participaron 23 ni\u00f1os, quienes pudieron aprender sobre aves de humedal, playeras y bosque.<\/p>\n<p>\u201cTuvimos la oportunidad de \u201cpajarear\u201d en varios lugares, comenzamos el primer d\u00eda con una introducci\u00f3n general sobre las aves, para lo cual visitamos el Instituto de la Patagonia como primer terreno y para hacer un acercamiento sobre la observaci\u00f3n,&nbsp; aprendieron cu\u00e1l es la conducta que los chicos tienen que tener para hacer avistamiento de aves, y luego de esto, en la tarde visitamos el Museo de Historia Natural de R\u00edo Seco, que adem\u00e1s de aprender sobre aves de la regi\u00f3n pudieron aprender sobre cet\u00e1ceos. El segundo d\u00eda estudiamos sobre las aves de humedal y fuimos hasta el Humedal Tres Puentes, donde vimos m\u00e1s de 19 especies, muchas de ellas con sus polluelos, as\u00ed que los ni\u00f1os pudieron ver de cerca c\u00f3mo los padres alimentaban a sus cr\u00edas, y como se desenvolv\u00edan en su ambiente natural, y entendieron que para poder ver esto ten\u00edan que tener una conducta adecuada, mantenerse en silencio y alejados, moverse lento\u201d, explic\u00f3 Jessica Paredes.<\/p>\n<p>En tanto, el tercer d\u00eda de taller pudieron dirigirse hasta la Reserva Nacional Laguna Parrillar de la Corporaci\u00f3n Nacional Forestal (CONAF), para observar especies de aves de bosque, \u201cTambi\u00e9n aqu\u00ed pudimos hacer avistamiento de varias especies, en total 12 (entre ellas rayaditos, chercanes, comesebos), y las que vimos se acercaron bastante a nosotros y los escuchamos cantar, lo que fue muy llamativo para ellos. Se cumplieron con creces los objetivos de la salida\u201d, coment\u00f3. &nbsp;<\/p>\n<p>En tanto, el cuarto d\u00eda estuvieron preparando el material para present\u00e1rselos a sus familias, y el d\u00eda viernes finaliz\u00f3 con una peque\u00f1a muestra donde los ni\u00f1os les mostraban a sus padres lo aprendido durante la semana.<\/p>\n<p>Una de estas 23 entusiastas de las aves, es Kiara \u00c1guila de 11 a\u00f1os, quien particip\u00f3 por tercera vez del Taller Pajareando, \u201cCada a\u00f1o que asisto aprendo mucho m\u00e1s, me interesa aprender sobre las aves y sobre la contaminaci\u00f3n de los humedales, es horrible porque se ve que las aves sufren demasiado. Tambi\u00e9n aprendo como se alimentan, cu\u00e1les son sus depredadores, es muy interesante ya que me gustar\u00eda en un futuro seguir investigando sobre su comportamiento. En mi colegio (Franc\u00e9s) tambi\u00e9n estudio sobre las aves ant\u00e1rticas y me encantar\u00eda aprender m\u00e1s sobre esto\u201d.<\/p>\n<p>Otra de las participantes es Julieta Castro de 8 a\u00f1os, quien coment\u00f3: \u201cEs primera vez que participo del taller, me gust\u00f3 mucho, aprend\u00ed mucho sobre las aves, mis favoritos fueron el rayadito y la golondrina chilena, tambi\u00e9n conocimos el Museo de R\u00edo Seco, vimos esqueletos de aves. Quiz\u00e1s el otro a\u00f1o vuelva a participar en el taller\u201d.<\/p>\n<p>Ella asisti\u00f3 a la muestra final de su taller en compa\u00f1\u00eda de su mam\u00e1, Patricia Donoso, qui\u00e9n opin\u00f3: \u201cA m\u00ed me gusta que se den estos espacios para que los ni\u00f1os puedan participar, se trabajan con contenidos que son interesantes para ellos, que cuando uno como pap\u00e1 no tiene los conocimientos de repente no se detiene en ense\u00f1arles, por mostrarle este tipo de actividades de conocimiento, esta no es primera vez que participamos, ya es tercer a\u00f1o que ellos participan y siempre estamos bien a gusto y es un agrado esta actividad, yo como mam\u00e1 por la responsabilidad con la que se organiza esta actividad y porque a los ni\u00f1os les gusta, lo disfrutan\u201d.<\/p>\n<p><strong>Todo terreno<\/strong><\/p>\n<p>Jessica Paredes, jefa de Taller explica que la f\u00f3rmula para que su taller sea tan atractivo es que se pone en pr\u00e1ctica lo aprendido en sala. \u201cNosotros salimos mucho a terreno, ponemos en pr\u00e1ctica nuestros conocimientos, y&nbsp; eso es muy entretenido para los ni\u00f1os, uno entiende que est\u00e1n de vacaciones y que ellos quieren pasarlo bien, estar al aire libre. Nosotros buscamos que ellos lo pasen bien, y adem\u00e1s acercarlos a su entorno, es una forma de valorar donde viven, que conozcan el lugar y eso hemos hecho llevarlos a lugares que son cercanos a su ciudad y que no les hab\u00edan prestado atenci\u00f3n o que no hab\u00edan tenido la oportunidad de visitar, ellos van, aprenden y lo pasan bien\u201d. &nbsp;<\/p>\n","protected":false},"excerpt":{"rendered":"<p>Por m\u00e1s de seis a\u00f1os que se imparte el Taller \u201cPajareando por Magallanes\u201d de la mano de la bi\u00f3loga marina y encargada de Educaci\u00f3n Ambiental del Centro Bah\u00eda Lomas, Jessica Paredes. Son decenas de escolares de 7 a 11 a\u00f1os que cada a\u00f1o buscan un cupo disponible para participar en el Campamento Cient\u00edfico Escolar del [&hellip;]<\/p>\n","protected":false},"author":2,"featured_media":885,"comment_status":"open","ping_status":"open","sticky":false,"template":"","format":"standard","meta":{"_acf_changed":false,"_exactmetrics_skip_tracking":false,"_exactmetrics_sitenote_active":false,"_exactmetrics_sitenote_note":"","_exactmetrics_sitenote_category":0,"footnotes":"","_links_to":"","_links_to_target":""},"categories":[4],"tags":[],"class_list":["post-884","post","type-post","status-publish","format-standard","has-post-thumbnail","hentry","category-noticias"],"acf":[],"yoast_head":"<!-- This site is optimized with the Yoast SEO plugin v26.7 - https:\/\/yoast.com\/wordpress\/plugins\/seo\/ -->\n<title>Campamento Cient\u00edfico Escolar: Ni\u00f1os del Taller Pajareando por Magallanes conocieron las especies de aves que habitan la regi\u00f3n - Magallanes<\/title>\n<meta name=\"robots\" content=\"index, follow, max-snippet:-1, max-image-preview:large, max-video-preview:-1\" \/>\n<link rel=\"canonical\" href=\"https:\/\/dev.explora.cl\/magallanes\/campamento-cientifico-escolar-ninos-del-taller-pajareando-por-magallanes-conocieron-las-especies-de-aves-que-habitan-la-region\/\" class=\"yoast-seo-meta-tag\" \/>\n<meta property=\"og:locale\" content=\"es_ES\" class=\"yoast-seo-meta-tag\" \/>\n<meta property=\"og:type\" content=\"article\" class=\"yoast-seo-meta-tag\" \/>\n<meta property=\"og:title\" content=\"Campamento Cient\u00edfico Escolar: Ni\u00f1os del Taller Pajareando por Magallanes conocieron las especies de aves que habitan la regi\u00f3n - Magallanes\" class=\"yoast-seo-meta-tag\" \/>\n<meta property=\"og:description\" content=\"Por m\u00e1s de seis a\u00f1os que se imparte el Taller \u201cPajareando por Magallanes\u201d de la mano de la bi\u00f3loga marina y encargada de Educaci\u00f3n Ambiental del Centro Bah\u00eda Lomas, Jessica Paredes. Son decenas de escolares de 7 a 11 a\u00f1os que cada a\u00f1o buscan un cupo disponible para participar en el Campamento Cient\u00edfico Escolar del [&hellip;]\" class=\"yoast-seo-meta-tag\" \/>\n<meta property=\"og:url\" content=\"https:\/\/dev.explora.cl\/magallanes\/campamento-cientifico-escolar-ninos-del-taller-pajareando-por-magallanes-conocieron-las-especies-de-aves-que-habitan-la-region\/\" class=\"yoast-seo-meta-tag\" \/>\n<meta property=\"og:site_name\" content=\"Magallanes\" class=\"yoast-seo-meta-tag\" \/>\n<meta property=\"article:published_time\" content=\"2018-01-17T04:00:00+00:00\" class=\"yoast-seo-meta-tag\" \/>\n<meta property=\"article:modified_time\" content=\"2019-05-20T21:34:40+00:00\" class=\"yoast-seo-meta-tag\" \/>\n<meta property=\"og:image\" content=\"https:\/\/dev.explora.cl\/magallanes\/wp-content\/uploads\/sites\/19\/2018\/06\/Segunda_versi\u00f3n_pajareando_1.jpg\" class=\"yoast-seo-meta-tag\" \/>\n\t<meta property=\"og:image:width\" content=\"1152\" class=\"yoast-seo-meta-tag\" \/>\n\t<meta property=\"og:image:height\" content=\"864\" class=\"yoast-seo-meta-tag\" \/>\n\t<meta property=\"og:image:type\" content=\"image\/jpeg\" class=\"yoast-seo-meta-tag\" \/>\n<meta name=\"author\" content=\"webman\" class=\"yoast-seo-meta-tag\" \/>\n<meta name=\"twitter:card\" content=\"summary_large_image\" class=\"yoast-seo-meta-tag\" \/>\n<meta name=\"twitter:label1\" content=\"Escrito por\" class=\"yoast-seo-meta-tag\" \/>\n\t<meta name=\"twitter:data1\" content=\"webman\" class=\"yoast-seo-meta-tag\" \/>\n\t<meta name=\"twitter:label2\" content=\"Tiempo estimado de lectura\" class=\"yoast-seo-meta-tag\" \/>\n\t<meta name=\"twitter:data2\" content=\"4 minutos\" class=\"yoast-seo-meta-tag\" \/>\n<script type=\"application\/ld+json\" class=\"yoast-schema-graph\">{\"@context\":\"https:\/\/schema.org\",\"@graph\":[{\"@type\":\"Article\",\"@id\":\"https:\/\/dev.explora.cl\/magallanes\/campamento-cientifico-escolar-ninos-del-taller-pajareando-por-magallanes-conocieron-las-especies-de-aves-que-habitan-la-region\/#article\",\"isPartOf\":{\"@id\":\"https:\/\/dev.explora.cl\/magallanes\/campamento-cientifico-escolar-ninos-del-taller-pajareando-por-magallanes-conocieron-las-especies-de-aves-que-habitan-la-region\/\"},\"author\":{\"name\":\"webman\",\"@id\":\"https:\/\/dev.explora.cl\/magallanes\/#\/schema\/person\/cb8349c13ea2d324080adf8480d7ba5d\"},\"headline\":\"Campamento Cient\u00edfico Escolar: Ni\u00f1os del Taller Pajareando por Magallanes conocieron las especies de aves que habitan la regi\u00f3n\",\"datePublished\":\"2018-01-17T04:00:00+00:00\",\"dateModified\":\"2019-05-20T21:34:40+00:00\",\"mainEntityOfPage\":{\"@id\":\"https:\/\/dev.explora.cl\/magallanes\/campamento-cientifico-escolar-ninos-del-taller-pajareando-por-magallanes-conocieron-las-especies-de-aves-que-habitan-la-region\/\"},\"wordCount\":853,\"commentCount\":0,\"publisher\":{\"@id\":\"https:\/\/dev.explora.cl\/magallanes\/#organization\"},\"image\":{\"@id\":\"https:\/\/dev.explora.cl\/magallanes\/campamento-cientifico-escolar-ninos-del-taller-pajareando-por-magallanes-conocieron-las-especies-de-aves-que-habitan-la-region\/#primaryimage\"},\"thumbnailUrl\":\"https:\/\/dev.explora.cl\/magallanes\/wp-content\/uploads\/sites\/19\/2018\/06\/Segunda_versi\u00f3n_pajareando_1.jpg\",\"articleSection\":[\"Noticias\"],\"inLanguage\":\"es-CL\",\"potentialAction\":[{\"@type\":\"CommentAction\",\"name\":\"Comment\",\"target\":[\"https:\/\/dev.explora.cl\/magallanes\/campamento-cientifico-escolar-ninos-del-taller-pajareando-por-magallanes-conocieron-las-especies-de-aves-que-habitan-la-region\/#respond\"]}]},{\"@type\":\"WebPage\",\"@id\":\"https:\/\/dev.explora.cl\/magallanes\/campamento-cientifico-escolar-ninos-del-taller-pajareando-por-magallanes-conocieron-las-especies-de-aves-que-habitan-la-region\/\",\"url\":\"https:\/\/dev.explora.cl\/magallanes\/campamento-cientifico-escolar-ninos-del-taller-pajareando-por-magallanes-conocieron-las-especies-de-aves-que-habitan-la-region\/\",\"name\":\"Campamento Cient\u00edfico Escolar: Ni\u00f1os del Taller Pajareando por Magallanes conocieron las especies de aves que habitan la regi\u00f3n - Magallanes\",\"isPartOf\":{\"@id\":\"https:\/\/dev.explora.cl\/magallanes\/#website\"},\"primaryImageOfPage\":{\"@id\":\"https:\/\/dev.explora.cl\/magallanes\/campamento-cientifico-escolar-ninos-del-taller-pajareando-por-magallanes-conocieron-las-especies-de-aves-que-habitan-la-region\/#primaryimage\"},\"image\":{\"@id\":\"https:\/\/dev.explora.cl\/magallanes\/campamento-cientifico-escolar-ninos-del-taller-pajareando-por-magallanes-conocieron-las-especies-de-aves-que-habitan-la-region\/#primaryimage\"},\"thumbnailUrl\":\"https:\/\/dev.explora.cl\/magallanes\/wp-content\/uploads\/sites\/19\/2018\/06\/Segunda_versi\u00f3n_pajareando_1.jpg\",\"datePublished\":\"2018-01-17T04:00:00+00:00\",\"dateModified\":\"2019-05-20T21:34:40+00:00\",\"breadcrumb\":{\"@id\":\"https:\/\/dev.explora.cl\/magallanes\/campamento-cientifico-escolar-ninos-del-taller-pajareando-por-magallanes-conocieron-las-especies-de-aves-que-habitan-la-region\/#breadcrumb\"},\"inLanguage\":\"es-CL\",\"potentialAction\":[{\"@type\":\"ReadAction\",\"target\":[\"https:\/\/dev.explora.cl\/magallanes\/campamento-cientifico-escolar-ninos-del-taller-pajareando-por-magallanes-conocieron-las-especies-de-aves-que-habitan-la-region\/\"]}]},{\"@type\":\"ImageObject\",\"inLanguage\":\"es-CL\",\"@id\":\"https:\/\/dev.explora.cl\/magallanes\/campamento-cientifico-escolar-ninos-del-taller-pajareando-por-magallanes-conocieron-las-especies-de-aves-que-habitan-la-region\/#primaryimage\",\"url\":\"https:\/\/dev.explora.cl\/magallanes\/wp-content\/uploads\/sites\/19\/2018\/06\/Segunda_versi\u00f3n_pajareando_1.jpg\",\"contentUrl\":\"https:\/\/dev.explora.cl\/magallanes\/wp-content\/uploads\/sites\/19\/2018\/06\/Segunda_versi\u00f3n_pajareando_1.jpg\",\"width\":1152,\"height\":864},{\"@type\":\"BreadcrumbList\",\"@id\":\"https:\/\/dev.explora.cl\/magallanes\/campamento-cientifico-escolar-ninos-del-taller-pajareando-por-magallanes-conocieron-las-especies-de-aves-que-habitan-la-region\/#breadcrumb\",\"itemListElement\":[{\"@type\":\"ListItem\",\"position\":1,\"name\":\"Portada\",\"item\":\"https:\/\/dev.explora.cl\/magallanes\/\"},{\"@type\":\"ListItem\",\"position\":2,\"name\":\"Campamento Cient\u00edfico Escolar: Ni\u00f1os del Taller Pajareando por Magallanes conocieron las especies de aves que habitan la regi\u00f3n\"}]},{\"@type\":\"WebSite\",\"@id\":\"https:\/\/dev.explora.cl\/magallanes\/#website\",\"url\":\"https:\/\/dev.explora.cl\/magallanes\/\",\"name\":\"Magallanes\",\"description\":\"Otro sitio m\u00e1s de dev.explora.cl\",\"publisher\":{\"@id\":\"https:\/\/dev.explora.cl\/magallanes\/#organization\"},\"potentialAction\":[{\"@type\":\"SearchAction\",\"target\":{\"@type\":\"EntryPoint\",\"urlTemplate\":\"https:\/\/dev.explora.cl\/magallanes\/?s={search_term_string}\"},\"query-input\":{\"@type\":\"PropertyValueSpecification\",\"valueRequired\":true,\"valueName\":\"search_term_string\"}}],\"inLanguage\":\"es-CL\"},{\"@type\":\"Organization\",\"@id\":\"https:\/\/dev.explora.cl\/magallanes\/#organization\",\"name\":\"Magallanes\",\"url\":\"https:\/\/dev.explora.cl\/magallanes\/\",\"logo\":{\"@type\":\"ImageObject\",\"inLanguage\":\"es-CL\",\"@id\":\"https:\/\/dev.explora.cl\/magallanes\/#\/schema\/logo\/image\/\",\"url\":\"https:\/\/dev.explora.cl\/magallanes\/wp-content\/uploads\/sites\/19\/2021\/06\/cropped-ICONO-COLOR-2.jpg\",\"contentUrl\":\"https:\/\/dev.explora.cl\/magallanes\/wp-content\/uploads\/sites\/19\/2021\/06\/cropped-ICONO-COLOR-2.jpg\",\"width\":1181,\"height\":1181,\"caption\":\"Magallanes\"},\"image\":{\"@id\":\"https:\/\/dev.explora.cl\/magallanes\/#\/schema\/logo\/image\/\"}},{\"@type\":\"Person\",\"@id\":\"https:\/\/dev.explora.cl\/magallanes\/#\/schema\/person\/cb8349c13ea2d324080adf8480d7ba5d\",\"name\":\"webman\",\"image\":{\"@type\":\"ImageObject\",\"inLanguage\":\"es-CL\",\"@id\":\"https:\/\/dev.explora.cl\/magallanes\/#\/schema\/person\/image\/\",\"url\":\"https:\/\/secure.gravatar.com\/avatar\/eeff3c82f2c02f7177d13663b7e6f890e9a6a0647ce9bb29cae02dcb094c7312?s=96&d=mm&r=g\",\"contentUrl\":\"https:\/\/secure.gravatar.com\/avatar\/eeff3c82f2c02f7177d13663b7e6f890e9a6a0647ce9bb29cae02dcb094c7312?s=96&d=mm&r=g\",\"caption\":\"webman\"},\"url\":\"https:\/\/dev.explora.cl\/magallanes\/author\/webman\/\"}]}<\/script>\n<!-- \/ Yoast SEO plugin. -->","yoast_head_json":{"title":"Campamento Cient\u00edfico Escolar: Ni\u00f1os del Taller Pajareando por Magallanes conocieron las especies de aves que habitan la regi\u00f3n - Magallanes","robots":{"index":"index","follow":"follow","max-snippet":"max-snippet:-1","max-image-preview":"max-image-preview:large","max-video-preview":"max-video-preview:-1"},"canonical":"https:\/\/dev.explora.cl\/magallanes\/campamento-cientifico-escolar-ninos-del-taller-pajareando-por-magallanes-conocieron-las-especies-de-aves-que-habitan-la-region\/","og_locale":"es_ES","og_type":"article","og_title":"Campamento Cient\u00edfico Escolar: Ni\u00f1os del Taller Pajareando por Magallanes conocieron las especies de aves que habitan la regi\u00f3n - Magallanes","og_description":"Por m\u00e1s de seis a\u00f1os que se imparte el Taller \u201cPajareando por Magallanes\u201d de la mano de la bi\u00f3loga marina y encargada de Educaci\u00f3n Ambiental del Centro Bah\u00eda Lomas, Jessica Paredes. Son decenas de escolares de 7 a 11 a\u00f1os que cada a\u00f1o buscan un cupo disponible para participar en el Campamento Cient\u00edfico Escolar del [&hellip;]","og_url":"https:\/\/dev.explora.cl\/magallanes\/campamento-cientifico-escolar-ninos-del-taller-pajareando-por-magallanes-conocieron-las-especies-de-aves-que-habitan-la-region\/","og_site_name":"Magallanes","article_published_time":"2018-01-17T04:00:00+00:00","article_modified_time":"2019-05-20T21:34:40+00:00","og_image":[{"width":1152,"height":864,"url":"https:\/\/dev.explora.cl\/magallanes\/wp-content\/uploads\/sites\/19\/2018\/06\/Segunda_versi\u00f3n_pajareando_1.jpg","type":"image\/jpeg"}],"author":"webman","twitter_card":"summary_large_image","twitter_misc":{"Escrito por":"webman","Tiempo estimado de lectura":"4 minutos"},"schema":{"@context":"https:\/\/schema.org","@graph":[{"@type":"Article","@id":"https:\/\/dev.explora.cl\/magallanes\/campamento-cientifico-escolar-ninos-del-taller-pajareando-por-magallanes-conocieron-las-especies-de-aves-que-habitan-la-region\/#article","isPartOf":{"@id":"https:\/\/dev.explora.cl\/magallanes\/campamento-cientifico-escolar-ninos-del-taller-pajareando-por-magallanes-conocieron-las-especies-de-aves-que-habitan-la-region\/"},"author":{"name":"webman","@id":"https:\/\/dev.explora.cl\/magallanes\/#\/schema\/person\/cb8349c13ea2d324080adf8480d7ba5d"},"headline":"Campamento Cient\u00edfico Escolar: Ni\u00f1os del Taller Pajareando por Magallanes conocieron las especies de aves que habitan la regi\u00f3n","datePublished":"2018-01-17T04:00:00+00:00","dateModified":"2019-05-20T21:34:40+00:00","mainEntityOfPage":{"@id":"https:\/\/dev.explora.cl\/magallanes\/campamento-cientifico-escolar-ninos-del-taller-pajareando-por-magallanes-conocieron-las-especies-de-aves-que-habitan-la-region\/"},"wordCount":853,"commentCount":0,"publisher":{"@id":"https:\/\/dev.explora.cl\/magallanes\/#organization"},"image":{"@id":"https:\/\/dev.explora.cl\/magallanes\/campamento-cientifico-escolar-ninos-del-taller-pajareando-por-magallanes-conocieron-las-especies-de-aves-que-habitan-la-region\/#primaryimage"},"thumbnailUrl":"https:\/\/dev.explora.cl\/magallanes\/wp-content\/uploads\/sites\/19\/2018\/06\/Segunda_versi\u00f3n_pajareando_1.jpg","articleSection":["Noticias"],"inLanguage":"es-CL","potentialAction":[{"@type":"CommentAction","name":"Comment","target":["https:\/\/dev.explora.cl\/magallanes\/campamento-cientifico-escolar-ninos-del-taller-pajareando-por-magallanes-conocieron-las-especies-de-aves-que-habitan-la-region\/#respond"]}]},{"@type":"WebPage","@id":"https:\/\/dev.explora.cl\/magallanes\/campamento-cientifico-escolar-ninos-del-taller-pajareando-por-magallanes-conocieron-las-especies-de-aves-que-habitan-la-region\/","url":"https:\/\/dev.explora.cl\/magallanes\/campamento-cientifico-escolar-ninos-del-taller-pajareando-por-magallanes-conocieron-las-especies-de-aves-que-habitan-la-region\/","name":"Campamento Cient\u00edfico Escolar: Ni\u00f1os del Taller Pajareando por Magallanes conocieron las especies de aves que habitan la regi\u00f3n - Magallanes","isPartOf":{"@id":"https:\/\/dev.explora.cl\/magallanes\/#website"},"primaryImageOfPage":{"@id":"https:\/\/dev.explora.cl\/magallanes\/campamento-cientifico-escolar-ninos-del-taller-pajareando-por-magallanes-conocieron-las-especies-de-aves-que-habitan-la-region\/#primaryimage"},"image":{"@id":"https:\/\/dev.explora.cl\/magallanes\/campamento-cientifico-escolar-ninos-del-taller-pajareando-por-magallanes-conocieron-las-especies-de-aves-que-habitan-la-region\/#primaryimage"},"thumbnailUrl":"https:\/\/dev.explora.cl\/magallanes\/wp-content\/uploads\/sites\/19\/2018\/06\/Segunda_versi\u00f3n_pajareando_1.jpg","datePublished":"2018-01-17T04:00:00+00:00","dateModified":"2019-05-20T21:34:40+00:00","breadcrumb":{"@id":"https:\/\/dev.explora.cl\/magallanes\/campamento-cientifico-escolar-ninos-del-taller-pajareando-por-magallanes-conocieron-las-especies-de-aves-que-habitan-la-region\/#breadcrumb"},"inLanguage":"es-CL","potentialAction":[{"@type":"ReadAction","target":["https:\/\/dev.explora.cl\/magallanes\/campamento-cientifico-escolar-ninos-del-taller-pajareando-por-magallanes-conocieron-las-especies-de-aves-que-habitan-la-region\/"]}]},{"@type":"ImageObject","inLanguage":"es-CL","@id":"https:\/\/dev.explora.cl\/magallanes\/campamento-cientifico-escolar-ninos-del-taller-pajareando-por-magallanes-conocieron-las-especies-de-aves-que-habitan-la-region\/#primaryimage","url":"https:\/\/dev.explora.cl\/magallanes\/wp-content\/uploads\/sites\/19\/2018\/06\/Segunda_versi\u00f3n_pajareando_1.jpg","contentUrl":"https:\/\/dev.explora.cl\/magallanes\/wp-content\/uploads\/sites\/19\/2018\/06\/Segunda_versi\u00f3n_pajareando_1.jpg","width":1152,"height":864},{"@type":"BreadcrumbList","@id":"https:\/\/dev.explora.cl\/magallanes\/campamento-cientifico-escolar-ninos-del-taller-pajareando-por-magallanes-conocieron-las-especies-de-aves-que-habitan-la-region\/#breadcrumb","itemListElement":[{"@type":"ListItem","position":1,"name":"Portada","item":"https:\/\/dev.explora.cl\/magallanes\/"},{"@type":"ListItem","position":2,"name":"Campamento Cient\u00edfico Escolar: Ni\u00f1os del Taller Pajareando por Magallanes conocieron las especies de aves que habitan la regi\u00f3n"}]},{"@type":"WebSite","@id":"https:\/\/dev.explora.cl\/magallanes\/#website","url":"https:\/\/dev.explora.cl\/magallanes\/","name":"Magallanes","description":"Otro sitio m\u00e1s de dev.explora.cl","publisher":{"@id":"https:\/\/dev.explora.cl\/magallanes\/#organization"},"potentialAction":[{"@type":"SearchAction","target":{"@type":"EntryPoint","urlTemplate":"https:\/\/dev.explora.cl\/magallanes\/?s={search_term_string}"},"query-input":{"@type":"PropertyValueSpecification","valueRequired":true,"valueName":"search_term_string"}}],"inLanguage":"es-CL"},{"@type":"Organization","@id":"https:\/\/dev.explora.cl\/magallanes\/#organization","name":"Magallanes","url":"https:\/\/dev.explora.cl\/magallanes\/","logo":{"@type":"ImageObject","inLanguage":"es-CL","@id":"https:\/\/dev.explora.cl\/magallanes\/#\/schema\/logo\/image\/","url":"https:\/\/dev.explora.cl\/magallanes\/wp-content\/uploads\/sites\/19\/2021\/06\/cropped-ICONO-COLOR-2.jpg","contentUrl":"https:\/\/dev.explora.cl\/magallanes\/wp-content\/uploads\/sites\/19\/2021\/06\/cropped-ICONO-COLOR-2.jpg","width":1181,"height":1181,"caption":"Magallanes"},"image":{"@id":"https:\/\/dev.explora.cl\/magallanes\/#\/schema\/logo\/image\/"}},{"@type":"Person","@id":"https:\/\/dev.explora.cl\/magallanes\/#\/schema\/person\/cb8349c13ea2d324080adf8480d7ba5d","name":"webman","image":{"@type":"ImageObject","inLanguage":"es-CL","@id":"https:\/\/dev.explora.cl\/magallanes\/#\/schema\/person\/image\/","url":"https:\/\/secure.gravatar.com\/avatar\/eeff3c82f2c02f7177d13663b7e6f890e9a6a0647ce9bb29cae02dcb094c7312?s=96&d=mm&r=g","contentUrl":"https:\/\/secure.gravatar.com\/avatar\/eeff3c82f2c02f7177d13663b7e6f890e9a6a0647ce9bb29cae02dcb094c7312?s=96&d=mm&r=g","caption":"webman"},"url":"https:\/\/dev.explora.cl\/magallanes\/author\/webman\/"}]}},"_links":{"self":[{"href":"https:\/\/dev.explora.cl\/magallanes\/wp-json\/wp\/v2\/posts\/884","targetHints":{"allow":["GET"]}}],"collection":[{"href":"https:\/\/dev.explora.cl\/magallanes\/wp-json\/wp\/v2\/posts"}],"about":[{"href":"https:\/\/dev.explora.cl\/magallanes\/wp-json\/wp\/v2\/types\/post"}],"author":[{"embeddable":true,"href":"https:\/\/dev.explora.cl\/magallanes\/wp-json\/wp\/v2\/users\/2"}],"replies":[{"embeddable":true,"href":"https:\/\/dev.explora.cl\/magallanes\/wp-json\/wp\/v2\/comments?post=884"}],"version-history":[{"count":1,"href":"https:\/\/dev.explora.cl\/magallanes\/wp-json\/wp\/v2\/posts\/884\/revisions"}],"predecessor-version":[{"id":37614,"href":"https:\/\/dev.explora.cl\/magallanes\/wp-json\/wp\/v2\/posts\/884\/revisions\/37614"}],"wp:featuredmedia":[{"embeddable":true,"href":"https:\/\/dev.explora.cl\/magallanes\/wp-json\/wp\/v2\/media\/885"}],"wp:attachment":[{"href":"https:\/\/dev.explora.cl\/magallanes\/wp-json\/wp\/v2\/media?parent=884"}],"wp:term":[{"taxonomy":"category","embeddable":true,"href":"https:\/\/dev.explora.cl\/magallanes\/wp-json\/wp\/v2\/categories?post=884"},{"taxonomy":"post_tag","embeddable":true,"href":"https:\/\/dev.explora.cl\/magallanes\/wp-json\/wp\/v2\/tags?post=884"}],"curies":[{"name":"wp","href":"https:\/\/api.w.org\/{rel}","templated":true}]}}