{"id":882,"date":"2018-01-16T00:00:00","date_gmt":"2018-01-16T04:00:00","guid":{"rendered":"https:\/\/dev.explora.cl\/magallanes\/blog\/2018\/01\/16\/ninos-y-jovenes-magallanicos-dialogaron-con-expositores-internacionales-en-el-congreso-del-futuro\/"},"modified":"2019-05-20T21:34:41","modified_gmt":"2019-05-20T21:34:41","slug":"ninos-y-jovenes-magallanicos-dialogaron-con-expositores-internacionales-en-el-congreso-del-futuro","status":"publish","type":"post","link":"https:\/\/dev.explora.cl\/magallanes\/ninos-y-jovenes-magallanicos-dialogaron-con-expositores-internacionales-en-el-congreso-del-futuro\/","title":{"rendered":"Ni\u00f1os y j\u00f3venes magall\u00e1nicos dialogaron con expositores internacionales en el Congreso del Futuro"},"content":{"rendered":"<p><img loading=\"lazy\" decoding=\"async\" class=\" size-full wp-image-29752\" src=\"http:\/\/ec2-54-245-22-188.us-west-2.compute.amazonaws.com\/wp-content\/uploads\/2018\/01\/congreso_futuro-min.jpg\" alt=\"congreso futuro min\" width=\"4103\" height=\"2430\" \/><\/p>\n<p>Con mucho entusiasmo, m\u00e1s de sesenta ni\u00f1os, ni\u00f1as y j\u00f3venes magall\u00e1nicos que participan de diversas iniciativas cient\u00edficas escolares a lo largo del a\u00f1o, tuvieron la grata oportunidad de conocer y conversar con los cuatro expositores invitados al Congreso del Futuro en la Regi\u00f3n de Magallanes.<\/p>\n<p>Fue as\u00ed como los participantes, acompa\u00f1ados de sus padres o familiares, pudieron interactuar con el profesor de Ciencia de Ecosistemas en la Universidad de Oxford, Yadvinder Malhi; con el activista medioambiental y fot\u00f3grafo estadounidense, Chris Jordan; con el doctor en qu\u00edmica computacional de la Academia de Ciencias de Beijing, Leming Shi; y finalmente con el profesor de Conservaci\u00f3n Marina del Departamento de Medio Ambiente de la Universidad de York, Callum Roberts.<\/p>\n<p>La coordinadora ejecutiva del Proyecto Asociativo Regional (PAR) Explora de CONICYT Magallanes y de la Ant\u00e1rtica Chilena, Claudia Salinas, fue la encargada de explicar la metodolog\u00eda de trabajo a los asistentes. Primero se separ\u00f3 a los participantes en cuatro grupos mediante stickers de colores, luego cada uno de ellos deb\u00eda dar respuesta a una pregunta, siendo apoyados por los cuatro expositores internacionales del Congreso del Futuro, quienes les otorgaban su respuesta de acuerdo a su \u00e1rea y a sus experiencias.&nbsp;<\/p>\n<p>Las interrogantes a responder durante la jornada fueron: \u201c\u00bfDe qu\u00e9 manera la ciencia y la tecnolog\u00eda pueden cambiar nuestra vida?\u201d, \u201c\u00bfQu\u00e9 es lo que caracteriza el pensamiento cient\u00edfico?\u201d, \u201c\u00bfC\u00f3mo esto puede ser \u00fatil para un ciudadano que no sea cient\u00edfico?\u201d, \u201c\u00bfQu\u00e9 significa vivir en un laboratorio natural?\u201d, \u201c\u00bfC\u00f3mo te imaginas una ciudad de la ciencia?\u201d, y por \u00faltimo: \u201c\u00bfC\u00f3mo aumentar el inter\u00e9s de los ciudadanos por la ciencia y la tecnolog\u00eda?\u201d.<\/p>\n<p>Precisamente este \u00faltimo fue el primer grupo en exponer, cuya representante Priscilla Espinoza coment\u00f3: \u201cNos toc\u00f3 responder c\u00f3mo hacer que la comunidad tenga una llegada con la Ciencia, la verdad es que no fue dif\u00edcil responder a la pregunta, sino que la motivaci\u00f3n de los chicos a c\u00f3mo responderla, y c\u00f3mo transcribir lo que los cient\u00edficos nos dec\u00edan. Eran opiniones muy diversas, desde el punto de vista de la qu\u00edmica hasta el arte y pasando por la biolog\u00eda marina, por lo que cost\u00f3 transcribir sus ideas. Seg\u00fan mi propia opini\u00f3n, se puede aumentar el inter\u00e9s por la ciencia, transmitiendo que es muy entretenido aprender cosas nuevas o experimentar, de por s\u00ed la Ciencia es muy entretenida, y no vi\u00e9ndola c\u00f3mo si fuera encerrarse en un laboratorio o estar todo el d\u00eda leyendo\u201d.<\/p>\n<p>Sobre el haber participado de esta importante cita con cient\u00edficos de renombre internacional, la joven expres\u00f3: \u201cLa pas\u00e9 s\u00faper bien, viendo los puntos de vista de otros cient\u00edficos, y lo que m\u00e1s me llam\u00f3 la atenci\u00f3n fue la conexi\u00f3n que hac\u00eda el fot\u00f3grafo Chris Jordan entre el arte y la Ciencia, es bastante emocionante ver que la Ciencia no tiene que estar solo en los libros, sino que se puede representar de diferentes maneras, por ejemplo con una tapa de encontr\u00e9 en la calle se pueden hacer cosas maravillosas, es demasiado emocionante\u201d.<\/p>\n<p>Luego fue el turno de dar respuesta a las preguntas: \u201c\u00bfQu\u00e9 significa vivir en un laboratorio natural? y \u00bfC\u00f3mo te imaginas una ciudad de la ciencia?\u201d. En este sentido, Camilo Fuentes resume su idea principal: \u201cLa vida no es solo ciencia, nos la imaginamos m\u00e1s all\u00e1, como una comunidad unida, como personas cuidando de su patrimonio. Y respecto a lo de laboratorio natural, somos todos, todo el mundo es un gran laboratorio natural, y como dije anteriormente, hay que cuidar lo que tenemos a nuestro alrededor\u201d. &nbsp;<\/p>\n<p>\u00bfDe qu\u00e9 manera la Ciencia y la Tecnolog\u00eda pueden cambiar nuestra vida? Fue el grupo siguiente representado por la joven Antonia Aliaga, qui\u00e9n primero valor\u00f3 esta instancia de conversaci\u00f3n: \u201cHa sido una experiencia muy buena, complementamos algunos de nuestros conocimientos con los cient\u00edficos que aqu\u00ed se presentaron y nos ayud\u00f3 para seguir este camino de la Ciencia. Nosotros tuvimos que trabajar con la pregunta de qu\u00e9 manera la Ciencia nos cambia la vida, la verdad es que hubo muchas respuesta,&nbsp; no existe una sola manera de c\u00f3mo nos puede cambiar la vida, entonces dependiendo del \u00e1rea nos iban entregando distintos ejemplos, son muchas las maneras y nos ayudan a conectarnos entre todos y con nuestro ambiente\u201d, opin\u00f3. &nbsp;&nbsp;<\/p>\n<p>El \u00faltimo grupo en pasar adelante fue el que desarroll\u00f3 las interrogantes: \u201c\u00bfQu\u00e9 es lo que caracteriza el pensamiento cient\u00edfico?\u201d, \u201c\u00bfC\u00f3mo esto puede ser \u00fatil para un ciudadano que no sea cient\u00edfico?\u201d, representados por Jos\u00e9 Alfaro, \u201cTenemos que tener pensamiento cr\u00edtico y saber qu\u00e9 est\u00e1 bien y que no (\u00e9tica), observar los fen\u00f3menos que ocurren a nuestro alrededor, tratar de darles explicaci\u00f3n, seguir investigando al respecto, no perder nunca la curiosidad, eso es lo que caracteriza a un cient\u00edfico\u201d, se\u00f1al\u00f3. &nbsp;<\/p>\n<p>Para \u00e9l fue interesante conocer sobre el trabajo del cient\u00edfico chino Leming Shi, centrado en la farmacogen\u00f3mica, la bioinform\u00e1tica y la quimioterapia con el objetivo de realizar una medicina personalizada mediante el desarrollo de biomarcadores para el diagn\u00f3stico precoz del c\u00e1ncer y la terapia dirigida. \u201cFue incre\u00edble porque aprendimos muchas cosas interesantes, primero estuvo el cient\u00edfico chino Leming Shi qui\u00e9n nos habl\u00f3 sobre su trabajo sobre la cura del c\u00e1ncer, \u00e9l investiga lo que es el genoma humano, me llam\u00f3 mucho la atenci\u00f3n lo que \u00e9l estudia. Adem\u00e1s de saber que todos tenemos un gen llamado oncoma que se puede activar en cualquier momento de la vida para generar tumores cancer\u00edgenos\u201d, dijo.<\/p>\n<p>\u201cEs importante que los j\u00f3venes participen en actividades como estas, porque ellos se dan cuenta que los cient\u00edficos son personas como todos nosotros, que al igual que ellos fueron ni\u00f1os y que mantienen hasta los d\u00edas de hoy, esa curiosidad, y eso es lo que queremos incentivar en las nuevas generaciones\u201d, concluye la coordinadora ejecutiva del PAR Explora Magallanes, Claudia Salinas.<\/p>\n<p><strong>Congreso del Futuro en Magallanes<\/strong><\/p>\n<p>Una enriquecedora instancia que permiti\u00f3 generar conciencia de la importancia del cuidado de la salud y el medio ambiente, se vivi\u00f3 este lunes 15 de enero en lo que fue el Congreso del Futuro Magallanes, que por tercer a\u00f1o consecutivo tuvo lugar en Punta Arenas.<\/p>\n<p>\u201cEs un evento de difusi\u00f3n cient\u00edfica de car\u00e1cter mundial, en que Chile est\u00e1 destacando por esta posibilidad de convocar a cient\u00edficos, premios nobeles en este territorio. Y Magallanes es una de las anclas para atraer. Los cient\u00edficos vienen a Chile b\u00e1sicamente por sus laboratorios naturales y probablemente, el laboratorio natural m\u00e1s importante del pa\u00eds est\u00e1 ac\u00e1\u201d, afirm\u00f3 el intendente de la Regi\u00f3n de Magallanes y Ant\u00e1rtica Chilena, Jorge Flies.<\/p>\n<p>El evento fue organizado por la Comisi\u00f3n Desaf\u00edos del Futuro del Senado, que es integrada por la parlamentaria magall\u00e1nica, Carolina Goic. \u201cNosotros aqu\u00ed en Magallanes partimos regionalizando este evento, y desde el d\u00eda viernes pudimos estar con buena parte de los cient\u00edficos que vienen de distintas partes del mundo en la Ant\u00e1rtica, recorriendo tambi\u00e9n los atractivos naturales. Ellos, de alguna manera, participan y no solamente comparten los resultados de sus investigaciones, sino tambi\u00e9n van fortaleciendo una comunidad global m\u00e1s amplia que nos permita pensar las claves para abordar los dilemas del futuro\u201d, precis\u00f3 la parlamentaria.<\/p>\n<p>Durante la jornada de la ma\u00f1ana, se efectuaron las exposiciones de los cuatro invitados internacionales: el fot\u00f3grafo y activista estadounidense, Chris Jordan; el profesor de conservaci\u00f3n marina, Callum Roberts (Inglaterra); el profesor de ciencia de ecosi<br \/>\nstemas, Yadvinder Malhi (Inglaterra); y el doctor en qu\u00edmica computacional de la Academia de Ciencias de Beijing, Leming Shi (China), todos quienes buscaron generar conciencia sobre temas relacionados con el Medio Ambiente y la salud humana.<\/p>\n<p>\u201cNosotros siempre tratamos de resolver los problemas en la fuente y si vemos, la gran mayor\u00eda de los problemas de nuestro mundo est\u00e1 en nuestra cabeza. Como artista, estoy tratando de hacer lo posible para que la humanidad cambie esa conciencia y el cambio es hacer que nosotros amemos nuestro mundo\u201d, expres\u00f3 Chris Jordan, quien en su exposici\u00f3n mostr\u00f3 parte de su documental \u201cAlbatross\u201d, que habla de c\u00f3mo estas aves mueren producto de la gran cantidad de pl\u00e1stico que consumen en las aguas del Pac\u00edfico.&nbsp;&nbsp;&nbsp;&nbsp;<\/p>\n<p>El profesor de conservaci\u00f3n marina en el Departamento de Medio Ambiente de la Universidad de York, Callum Roberts, tambi\u00e9n busc\u00f3 generar conciencia sobre la importancia de cuidar el oc\u00e9ano, a trav\u00e9s de su exposici\u00f3n \u201cEl oc\u00e9ano, el latido del planeta Tierra\u201d. \u201cHay dos cosas muy importantes al respecto, que el oc\u00e9ano es muy muy grande, pero no tanto para que nosotros le hagamos el impacto. As\u00ed que el pensar el oc\u00e9ano como algo grande nos ha llevado a pensar que podemos sacar cualquier cosa que necesitamos y poner cualquier cosa que no queramos, pero nos dimos cuenta que nada de eso es verdad. Tenemos que ser cuidadosos\u201d, indic\u00f3.<\/p>\n<p>Por su parte, el cient\u00edfico chino, Leming Shi, bas\u00f3 su ponencia sobre la \u201cMedicina personalizada para el diagn\u00f3stico y terapia temprana del c\u00e1ncer\u201d, donde aconsej\u00f3 a la comunidad a mantener una dieta saludable y realizar muchos ejercicios. \u201cEsto va a conllevar el tener una mayor conciencia y actuar bien, porque hay muchas cosas que nos hacen mal y nosotros las hacemos de igual manera\u201d, indic\u00f3.<\/p>\n<p>Finalmente, el Profesor de Ciencia de Ecosistemas en la Universidad de Oxford, Yadvinder Malhi, expuso sobre la historia de la influencia humana en el mundo desde la \u00e9poca romana hasta nuestros d\u00edas, y c\u00f3mo hoy la comunidad es mucho m\u00e1s influyente en el impacto que se genera en el medio ambiente a nivel mundial.<\/p>\n","protected":false},"excerpt":{"rendered":"<p>Con mucho entusiasmo, m\u00e1s de sesenta ni\u00f1os, ni\u00f1as y j\u00f3venes magall\u00e1nicos que participan de diversas iniciativas cient\u00edficas escolares a lo largo del a\u00f1o, tuvieron la grata oportunidad de conocer y conversar con los cuatro expositores invitados al Congreso del Futuro en la Regi\u00f3n de Magallanes. Fue as\u00ed como los participantes, acompa\u00f1ados de sus padres o [&hellip;]<\/p>\n","protected":false},"author":2,"featured_media":883,"comment_status":"open","ping_status":"open","sticky":false,"template":"","format":"standard","meta":{"_acf_changed":false,"_exactmetrics_skip_tracking":false,"_exactmetrics_sitenote_active":false,"_exactmetrics_sitenote_note":"","_exactmetrics_sitenote_category":0,"footnotes":"","_links_to":"","_links_to_target":""},"categories":[4],"tags":[],"class_list":["post-882","post","type-post","status-publish","format-standard","has-post-thumbnail","hentry","category-noticias"],"acf":[],"yoast_head":"<!-- This site is optimized with the Yoast SEO plugin v26.7 - https:\/\/yoast.com\/wordpress\/plugins\/seo\/ -->\n<title>Ni\u00f1os y j\u00f3venes magall\u00e1nicos dialogaron con expositores internacionales en el Congreso del Futuro - Magallanes<\/title>\n<meta name=\"robots\" content=\"index, follow, max-snippet:-1, max-image-preview:large, max-video-preview:-1\" \/>\n<link rel=\"canonical\" href=\"https:\/\/dev.explora.cl\/magallanes\/ninos-y-jovenes-magallanicos-dialogaron-con-expositores-internacionales-en-el-congreso-del-futuro\/\" class=\"yoast-seo-meta-tag\" \/>\n<meta property=\"og:locale\" content=\"es_ES\" class=\"yoast-seo-meta-tag\" \/>\n<meta property=\"og:type\" content=\"article\" class=\"yoast-seo-meta-tag\" \/>\n<meta property=\"og:title\" content=\"Ni\u00f1os y j\u00f3venes magall\u00e1nicos dialogaron con expositores internacionales en el Congreso del Futuro - Magallanes\" class=\"yoast-seo-meta-tag\" \/>\n<meta property=\"og:description\" content=\"Con mucho entusiasmo, m\u00e1s de sesenta ni\u00f1os, ni\u00f1as y j\u00f3venes magall\u00e1nicos que participan de diversas iniciativas cient\u00edficas escolares a lo largo del a\u00f1o, tuvieron la grata oportunidad de conocer y conversar con los cuatro expositores invitados al Congreso del Futuro en la Regi\u00f3n de Magallanes. Fue as\u00ed como los participantes, acompa\u00f1ados de sus padres o [&hellip;]\" class=\"yoast-seo-meta-tag\" \/>\n<meta property=\"og:url\" content=\"https:\/\/dev.explora.cl\/magallanes\/ninos-y-jovenes-magallanicos-dialogaron-con-expositores-internacionales-en-el-congreso-del-futuro\/\" class=\"yoast-seo-meta-tag\" \/>\n<meta property=\"og:site_name\" content=\"Magallanes\" class=\"yoast-seo-meta-tag\" \/>\n<meta property=\"article:published_time\" content=\"2018-01-16T04:00:00+00:00\" class=\"yoast-seo-meta-tag\" \/>\n<meta property=\"article:modified_time\" content=\"2019-05-20T21:34:41+00:00\" class=\"yoast-seo-meta-tag\" \/>\n<meta property=\"og:image\" content=\"https:\/\/dev.explora.cl\/magallanes\/wp-content\/uploads\/sites\/19\/2018\/06\/congreso_futuro-min.jpg\" class=\"yoast-seo-meta-tag\" \/>\n\t<meta property=\"og:image:width\" content=\"2048\" class=\"yoast-seo-meta-tag\" \/>\n\t<meta property=\"og:image:height\" content=\"1213\" class=\"yoast-seo-meta-tag\" \/>\n\t<meta property=\"og:image:type\" content=\"image\/jpeg\" class=\"yoast-seo-meta-tag\" \/>\n<meta name=\"author\" content=\"webman\" class=\"yoast-seo-meta-tag\" \/>\n<meta name=\"twitter:card\" content=\"summary_large_image\" class=\"yoast-seo-meta-tag\" \/>\n<meta name=\"twitter:label1\" content=\"Escrito por\" class=\"yoast-seo-meta-tag\" \/>\n\t<meta name=\"twitter:data1\" content=\"webman\" class=\"yoast-seo-meta-tag\" \/>\n\t<meta name=\"twitter:label2\" content=\"Tiempo estimado de lectura\" class=\"yoast-seo-meta-tag\" \/>\n\t<meta name=\"twitter:data2\" content=\"8 minutos\" class=\"yoast-seo-meta-tag\" \/>\n<script type=\"application\/ld+json\" class=\"yoast-schema-graph\">{\"@context\":\"https:\/\/schema.org\",\"@graph\":[{\"@type\":\"Article\",\"@id\":\"https:\/\/dev.explora.cl\/magallanes\/ninos-y-jovenes-magallanicos-dialogaron-con-expositores-internacionales-en-el-congreso-del-futuro\/#article\",\"isPartOf\":{\"@id\":\"https:\/\/dev.explora.cl\/magallanes\/ninos-y-jovenes-magallanicos-dialogaron-con-expositores-internacionales-en-el-congreso-del-futuro\/\"},\"author\":{\"name\":\"webman\",\"@id\":\"https:\/\/dev.explora.cl\/magallanes\/#\/schema\/person\/cb8349c13ea2d324080adf8480d7ba5d\"},\"headline\":\"Ni\u00f1os y j\u00f3venes magall\u00e1nicos dialogaron con expositores internacionales en el Congreso del Futuro\",\"datePublished\":\"2018-01-16T04:00:00+00:00\",\"dateModified\":\"2019-05-20T21:34:41+00:00\",\"mainEntityOfPage\":{\"@id\":\"https:\/\/dev.explora.cl\/magallanes\/ninos-y-jovenes-magallanicos-dialogaron-con-expositores-internacionales-en-el-congreso-del-futuro\/\"},\"wordCount\":1690,\"commentCount\":0,\"publisher\":{\"@id\":\"https:\/\/dev.explora.cl\/magallanes\/#organization\"},\"image\":{\"@id\":\"https:\/\/dev.explora.cl\/magallanes\/ninos-y-jovenes-magallanicos-dialogaron-con-expositores-internacionales-en-el-congreso-del-futuro\/#primaryimage\"},\"thumbnailUrl\":\"https:\/\/dev.explora.cl\/magallanes\/wp-content\/uploads\/sites\/19\/2018\/06\/congreso_futuro-min.jpg\",\"articleSection\":[\"Noticias\"],\"inLanguage\":\"es-CL\",\"potentialAction\":[{\"@type\":\"CommentAction\",\"name\":\"Comment\",\"target\":[\"https:\/\/dev.explora.cl\/magallanes\/ninos-y-jovenes-magallanicos-dialogaron-con-expositores-internacionales-en-el-congreso-del-futuro\/#respond\"]}]},{\"@type\":\"WebPage\",\"@id\":\"https:\/\/dev.explora.cl\/magallanes\/ninos-y-jovenes-magallanicos-dialogaron-con-expositores-internacionales-en-el-congreso-del-futuro\/\",\"url\":\"https:\/\/dev.explora.cl\/magallanes\/ninos-y-jovenes-magallanicos-dialogaron-con-expositores-internacionales-en-el-congreso-del-futuro\/\",\"name\":\"Ni\u00f1os y j\u00f3venes magall\u00e1nicos dialogaron con expositores internacionales en el Congreso del Futuro - Magallanes\",\"isPartOf\":{\"@id\":\"https:\/\/dev.explora.cl\/magallanes\/#website\"},\"primaryImageOfPage\":{\"@id\":\"https:\/\/dev.explora.cl\/magallanes\/ninos-y-jovenes-magallanicos-dialogaron-con-expositores-internacionales-en-el-congreso-del-futuro\/#primaryimage\"},\"image\":{\"@id\":\"https:\/\/dev.explora.cl\/magallanes\/ninos-y-jovenes-magallanicos-dialogaron-con-expositores-internacionales-en-el-congreso-del-futuro\/#primaryimage\"},\"thumbnailUrl\":\"https:\/\/dev.explora.cl\/magallanes\/wp-content\/uploads\/sites\/19\/2018\/06\/congreso_futuro-min.jpg\",\"datePublished\":\"2018-01-16T04:00:00+00:00\",\"dateModified\":\"2019-05-20T21:34:41+00:00\",\"breadcrumb\":{\"@id\":\"https:\/\/dev.explora.cl\/magallanes\/ninos-y-jovenes-magallanicos-dialogaron-con-expositores-internacionales-en-el-congreso-del-futuro\/#breadcrumb\"},\"inLanguage\":\"es-CL\",\"potentialAction\":[{\"@type\":\"ReadAction\",\"target\":[\"https:\/\/dev.explora.cl\/magallanes\/ninos-y-jovenes-magallanicos-dialogaron-con-expositores-internacionales-en-el-congreso-del-futuro\/\"]}]},{\"@type\":\"ImageObject\",\"inLanguage\":\"es-CL\",\"@id\":\"https:\/\/dev.explora.cl\/magallanes\/ninos-y-jovenes-magallanicos-dialogaron-con-expositores-internacionales-en-el-congreso-del-futuro\/#primaryimage\",\"url\":\"https:\/\/dev.explora.cl\/magallanes\/wp-content\/uploads\/sites\/19\/2018\/06\/congreso_futuro-min.jpg\",\"contentUrl\":\"https:\/\/dev.explora.cl\/magallanes\/wp-content\/uploads\/sites\/19\/2018\/06\/congreso_futuro-min.jpg\",\"width\":2048,\"height\":1213,\"caption\":\"congreso futuro min\"},{\"@type\":\"BreadcrumbList\",\"@id\":\"https:\/\/dev.explora.cl\/magallanes\/ninos-y-jovenes-magallanicos-dialogaron-con-expositores-internacionales-en-el-congreso-del-futuro\/#breadcrumb\",\"itemListElement\":[{\"@type\":\"ListItem\",\"position\":1,\"name\":\"Portada\",\"item\":\"https:\/\/dev.explora.cl\/magallanes\/\"},{\"@type\":\"ListItem\",\"position\":2,\"name\":\"Ni\u00f1os y j\u00f3venes magall\u00e1nicos dialogaron con expositores internacionales en el Congreso del Futuro\"}]},{\"@type\":\"WebSite\",\"@id\":\"https:\/\/dev.explora.cl\/magallanes\/#website\",\"url\":\"https:\/\/dev.explora.cl\/magallanes\/\",\"name\":\"Magallanes\",\"description\":\"Otro sitio m\u00e1s de dev.explora.cl\",\"publisher\":{\"@id\":\"https:\/\/dev.explora.cl\/magallanes\/#organization\"},\"potentialAction\":[{\"@type\":\"SearchAction\",\"target\":{\"@type\":\"EntryPoint\",\"urlTemplate\":\"https:\/\/dev.explora.cl\/magallanes\/?s={search_term_string}\"},\"query-input\":{\"@type\":\"PropertyValueSpecification\",\"valueRequired\":true,\"valueName\":\"search_term_string\"}}],\"inLanguage\":\"es-CL\"},{\"@type\":\"Organization\",\"@id\":\"https:\/\/dev.explora.cl\/magallanes\/#organization\",\"name\":\"Magallanes\",\"url\":\"https:\/\/dev.explora.cl\/magallanes\/\",\"logo\":{\"@type\":\"ImageObject\",\"inLanguage\":\"es-CL\",\"@id\":\"https:\/\/dev.explora.cl\/magallanes\/#\/schema\/logo\/image\/\",\"url\":\"https:\/\/dev.explora.cl\/magallanes\/wp-content\/uploads\/sites\/19\/2021\/06\/cropped-ICONO-COLOR-2.jpg\",\"contentUrl\":\"https:\/\/dev.explora.cl\/magallanes\/wp-content\/uploads\/sites\/19\/2021\/06\/cropped-ICONO-COLOR-2.jpg\",\"width\":1181,\"height\":1181,\"caption\":\"Magallanes\"},\"image\":{\"@id\":\"https:\/\/dev.explora.cl\/magallanes\/#\/schema\/logo\/image\/\"}},{\"@type\":\"Person\",\"@id\":\"https:\/\/dev.explora.cl\/magallanes\/#\/schema\/person\/cb8349c13ea2d324080adf8480d7ba5d\",\"name\":\"webman\",\"image\":{\"@type\":\"ImageObject\",\"inLanguage\":\"es-CL\",\"@id\":\"https:\/\/dev.explora.cl\/magallanes\/#\/schema\/person\/image\/\",\"url\":\"https:\/\/secure.gravatar.com\/avatar\/eeff3c82f2c02f7177d13663b7e6f890e9a6a0647ce9bb29cae02dcb094c7312?s=96&d=mm&r=g\",\"contentUrl\":\"https:\/\/secure.gravatar.com\/avatar\/eeff3c82f2c02f7177d13663b7e6f890e9a6a0647ce9bb29cae02dcb094c7312?s=96&d=mm&r=g\",\"caption\":\"webman\"},\"url\":\"https:\/\/dev.explora.cl\/magallanes\/author\/webman\/\"}]}<\/script>\n<!-- \/ Yoast SEO plugin. -->","yoast_head_json":{"title":"Ni\u00f1os y j\u00f3venes magall\u00e1nicos dialogaron con expositores internacionales en el Congreso del Futuro - Magallanes","robots":{"index":"index","follow":"follow","max-snippet":"max-snippet:-1","max-image-preview":"max-image-preview:large","max-video-preview":"max-video-preview:-1"},"canonical":"https:\/\/dev.explora.cl\/magallanes\/ninos-y-jovenes-magallanicos-dialogaron-con-expositores-internacionales-en-el-congreso-del-futuro\/","og_locale":"es_ES","og_type":"article","og_title":"Ni\u00f1os y j\u00f3venes magall\u00e1nicos dialogaron con expositores internacionales en el Congreso del Futuro - Magallanes","og_description":"Con mucho entusiasmo, m\u00e1s de sesenta ni\u00f1os, ni\u00f1as y j\u00f3venes magall\u00e1nicos que participan de diversas iniciativas cient\u00edficas escolares a lo largo del a\u00f1o, tuvieron la grata oportunidad de conocer y conversar con los cuatro expositores invitados al Congreso del Futuro en la Regi\u00f3n de Magallanes. Fue as\u00ed como los participantes, acompa\u00f1ados de sus padres o [&hellip;]","og_url":"https:\/\/dev.explora.cl\/magallanes\/ninos-y-jovenes-magallanicos-dialogaron-con-expositores-internacionales-en-el-congreso-del-futuro\/","og_site_name":"Magallanes","article_published_time":"2018-01-16T04:00:00+00:00","article_modified_time":"2019-05-20T21:34:41+00:00","og_image":[{"width":2048,"height":1213,"url":"https:\/\/dev.explora.cl\/magallanes\/wp-content\/uploads\/sites\/19\/2018\/06\/congreso_futuro-min.jpg","type":"image\/jpeg"}],"author":"webman","twitter_card":"summary_large_image","twitter_misc":{"Escrito por":"webman","Tiempo estimado de lectura":"8 minutos"},"schema":{"@context":"https:\/\/schema.org","@graph":[{"@type":"Article","@id":"https:\/\/dev.explora.cl\/magallanes\/ninos-y-jovenes-magallanicos-dialogaron-con-expositores-internacionales-en-el-congreso-del-futuro\/#article","isPartOf":{"@id":"https:\/\/dev.explora.cl\/magallanes\/ninos-y-jovenes-magallanicos-dialogaron-con-expositores-internacionales-en-el-congreso-del-futuro\/"},"author":{"name":"webman","@id":"https:\/\/dev.explora.cl\/magallanes\/#\/schema\/person\/cb8349c13ea2d324080adf8480d7ba5d"},"headline":"Ni\u00f1os y j\u00f3venes magall\u00e1nicos dialogaron con expositores internacionales en el Congreso del Futuro","datePublished":"2018-01-16T04:00:00+00:00","dateModified":"2019-05-20T21:34:41+00:00","mainEntityOfPage":{"@id":"https:\/\/dev.explora.cl\/magallanes\/ninos-y-jovenes-magallanicos-dialogaron-con-expositores-internacionales-en-el-congreso-del-futuro\/"},"wordCount":1690,"commentCount":0,"publisher":{"@id":"https:\/\/dev.explora.cl\/magallanes\/#organization"},"image":{"@id":"https:\/\/dev.explora.cl\/magallanes\/ninos-y-jovenes-magallanicos-dialogaron-con-expositores-internacionales-en-el-congreso-del-futuro\/#primaryimage"},"thumbnailUrl":"https:\/\/dev.explora.cl\/magallanes\/wp-content\/uploads\/sites\/19\/2018\/06\/congreso_futuro-min.jpg","articleSection":["Noticias"],"inLanguage":"es-CL","potentialAction":[{"@type":"CommentAction","name":"Comment","target":["https:\/\/dev.explora.cl\/magallanes\/ninos-y-jovenes-magallanicos-dialogaron-con-expositores-internacionales-en-el-congreso-del-futuro\/#respond"]}]},{"@type":"WebPage","@id":"https:\/\/dev.explora.cl\/magallanes\/ninos-y-jovenes-magallanicos-dialogaron-con-expositores-internacionales-en-el-congreso-del-futuro\/","url":"https:\/\/dev.explora.cl\/magallanes\/ninos-y-jovenes-magallanicos-dialogaron-con-expositores-internacionales-en-el-congreso-del-futuro\/","name":"Ni\u00f1os y j\u00f3venes magall\u00e1nicos dialogaron con expositores internacionales en el Congreso del Futuro - Magallanes","isPartOf":{"@id":"https:\/\/dev.explora.cl\/magallanes\/#website"},"primaryImageOfPage":{"@id":"https:\/\/dev.explora.cl\/magallanes\/ninos-y-jovenes-magallanicos-dialogaron-con-expositores-internacionales-en-el-congreso-del-futuro\/#primaryimage"},"image":{"@id":"https:\/\/dev.explora.cl\/magallanes\/ninos-y-jovenes-magallanicos-dialogaron-con-expositores-internacionales-en-el-congreso-del-futuro\/#primaryimage"},"thumbnailUrl":"https:\/\/dev.explora.cl\/magallanes\/wp-content\/uploads\/sites\/19\/2018\/06\/congreso_futuro-min.jpg","datePublished":"2018-01-16T04:00:00+00:00","dateModified":"2019-05-20T21:34:41+00:00","breadcrumb":{"@id":"https:\/\/dev.explora.cl\/magallanes\/ninos-y-jovenes-magallanicos-dialogaron-con-expositores-internacionales-en-el-congreso-del-futuro\/#breadcrumb"},"inLanguage":"es-CL","potentialAction":[{"@type":"ReadAction","target":["https:\/\/dev.explora.cl\/magallanes\/ninos-y-jovenes-magallanicos-dialogaron-con-expositores-internacionales-en-el-congreso-del-futuro\/"]}]},{"@type":"ImageObject","inLanguage":"es-CL","@id":"https:\/\/dev.explora.cl\/magallanes\/ninos-y-jovenes-magallanicos-dialogaron-con-expositores-internacionales-en-el-congreso-del-futuro\/#primaryimage","url":"https:\/\/dev.explora.cl\/magallanes\/wp-content\/uploads\/sites\/19\/2018\/06\/congreso_futuro-min.jpg","contentUrl":"https:\/\/dev.explora.cl\/magallanes\/wp-content\/uploads\/sites\/19\/2018\/06\/congreso_futuro-min.jpg","width":2048,"height":1213,"caption":"congreso futuro min"},{"@type":"BreadcrumbList","@id":"https:\/\/dev.explora.cl\/magallanes\/ninos-y-jovenes-magallanicos-dialogaron-con-expositores-internacionales-en-el-congreso-del-futuro\/#breadcrumb","itemListElement":[{"@type":"ListItem","position":1,"name":"Portada","item":"https:\/\/dev.explora.cl\/magallanes\/"},{"@type":"ListItem","position":2,"name":"Ni\u00f1os y j\u00f3venes magall\u00e1nicos dialogaron con expositores internacionales en el Congreso del Futuro"}]},{"@type":"WebSite","@id":"https:\/\/dev.explora.cl\/magallanes\/#website","url":"https:\/\/dev.explora.cl\/magallanes\/","name":"Magallanes","description":"Otro sitio m\u00e1s de dev.explora.cl","publisher":{"@id":"https:\/\/dev.explora.cl\/magallanes\/#organization"},"potentialAction":[{"@type":"SearchAction","target":{"@type":"EntryPoint","urlTemplate":"https:\/\/dev.explora.cl\/magallanes\/?s={search_term_string}"},"query-input":{"@type":"PropertyValueSpecification","valueRequired":true,"valueName":"search_term_string"}}],"inLanguage":"es-CL"},{"@type":"Organization","@id":"https:\/\/dev.explora.cl\/magallanes\/#organization","name":"Magallanes","url":"https:\/\/dev.explora.cl\/magallanes\/","logo":{"@type":"ImageObject","inLanguage":"es-CL","@id":"https:\/\/dev.explora.cl\/magallanes\/#\/schema\/logo\/image\/","url":"https:\/\/dev.explora.cl\/magallanes\/wp-content\/uploads\/sites\/19\/2021\/06\/cropped-ICONO-COLOR-2.jpg","contentUrl":"https:\/\/dev.explora.cl\/magallanes\/wp-content\/uploads\/sites\/19\/2021\/06\/cropped-ICONO-COLOR-2.jpg","width":1181,"height":1181,"caption":"Magallanes"},"image":{"@id":"https:\/\/dev.explora.cl\/magallanes\/#\/schema\/logo\/image\/"}},{"@type":"Person","@id":"https:\/\/dev.explora.cl\/magallanes\/#\/schema\/person\/cb8349c13ea2d324080adf8480d7ba5d","name":"webman","image":{"@type":"ImageObject","inLanguage":"es-CL","@id":"https:\/\/dev.explora.cl\/magallanes\/#\/schema\/person\/image\/","url":"https:\/\/secure.gravatar.com\/avatar\/eeff3c82f2c02f7177d13663b7e6f890e9a6a0647ce9bb29cae02dcb094c7312?s=96&d=mm&r=g","contentUrl":"https:\/\/secure.gravatar.com\/avatar\/eeff3c82f2c02f7177d13663b7e6f890e9a6a0647ce9bb29cae02dcb094c7312?s=96&d=mm&r=g","caption":"webman"},"url":"https:\/\/dev.explora.cl\/magallanes\/author\/webman\/"}]}},"_links":{"self":[{"href":"https:\/\/dev.explora.cl\/magallanes\/wp-json\/wp\/v2\/posts\/882","targetHints":{"allow":["GET"]}}],"collection":[{"href":"https:\/\/dev.explora.cl\/magallanes\/wp-json\/wp\/v2\/posts"}],"about":[{"href":"https:\/\/dev.explora.cl\/magallanes\/wp-json\/wp\/v2\/types\/post"}],"author":[{"embeddable":true,"href":"https:\/\/dev.explora.cl\/magallanes\/wp-json\/wp\/v2\/users\/2"}],"replies":[{"embeddable":true,"href":"https:\/\/dev.explora.cl\/magallanes\/wp-json\/wp\/v2\/comments?post=882"}],"version-history":[{"count":1,"href":"https:\/\/dev.explora.cl\/magallanes\/wp-json\/wp\/v2\/posts\/882\/revisions"}],"predecessor-version":[{"id":37615,"href":"https:\/\/dev.explora.cl\/magallanes\/wp-json\/wp\/v2\/posts\/882\/revisions\/37615"}],"wp:featuredmedia":[{"embeddable":true,"href":"https:\/\/dev.explora.cl\/magallanes\/wp-json\/wp\/v2\/media\/883"}],"wp:attachment":[{"href":"https:\/\/dev.explora.cl\/magallanes\/wp-json\/wp\/v2\/media?parent=882"}],"wp:term":[{"taxonomy":"category","embeddable":true,"href":"https:\/\/dev.explora.cl\/magallanes\/wp-json\/wp\/v2\/categories?post=882"},{"taxonomy":"post_tag","embeddable":true,"href":"https:\/\/dev.explora.cl\/magallanes\/wp-json\/wp\/v2\/tags?post=882"}],"curies":[{"name":"wp","href":"https:\/\/api.w.org\/{rel}","templated":true}]}}