{"id":878,"date":"2018-01-08T00:00:00","date_gmt":"2018-01-08T04:00:00","guid":{"rendered":"https:\/\/dev.explora.cl\/magallanes\/blog\/2018\/01\/08\/conservacion-de-ecosistemas-fotografia-y-salud-humana-temas-principales-del-congreso-futuro-2018\/"},"modified":"2019-05-20T21:34:43","modified_gmt":"2019-05-20T21:34:43","slug":"conservacion-de-ecosistemas-fotografia-y-salud-humana-temas-principales-del-congreso-futuro-2018","status":"publish","type":"post","link":"https:\/\/dev.explora.cl\/magallanes\/conservacion-de-ecosistemas-fotografia-y-salud-humana-temas-principales-del-congreso-futuro-2018\/","title":{"rendered":"Conservaci\u00f3n de ecosistemas, fotograf\u00eda y salud humana: temas principales del Congreso Futuro 2018"},"content":{"rendered":"<div><img loading=\"lazy\" decoding=\"async\" class=\" size-full wp-image-29665\" src=\"http:\/\/ec2-54-245-22-188.us-west-2.compute.amazonaws.com\/wp-content\/uploads\/2018\/01\/afiche_congreso_futuro_2018.jpg\" alt=\"afiche congreso futuro 2018\" width=\"720\" height=\"376\" \/><\/div>\n<div>&nbsp;<\/div>\n<div>Por tercer a\u00f1o consecutivo, Punta Arenas ser\u00e1 sede del Congreso Futuro 2018, iniciativa que se realizar\u00e1 el pr\u00f3ximo lunes 15 de enero, y que considera la participaci\u00f3n de importantes expositores de \u00edndole internacional.<\/div>\n<div>Ser\u00e1n cuatro los cient\u00edficos que llegar\u00e1n a la regi\u00f3n para exponer sobre una diversidad de temas de inter\u00e9s de la comunidad, donde destacan la conservaci\u00f3n de ecosistemas y salud humana.<\/div>\n<div>Es el caso del doctor en qu\u00edmica computacional de la Academia de Ciencias de Beijing, Leming Shi, quien es profesor en la Escuela de Ciencias de la Vida y en el Centro del C\u00e1ncer de la Universidad Fudan en Shangai, China, lugar donde fund\u00f3 y dirige el Centro de Farmacogen\u00f3mica. Adem\u00e1s, es cofundador de Chipscreen Biosciencies Ltda., a trav\u00e9s de la cual se ha generado una plataforma para investigar el desarrollo de f\u00e1rmacos ligados a la diabetes y el c\u00e1ncer.&nbsp;<\/div>\n<div>Otro de los expositores es el profesor de Ciencia de Ecosistemas en la Universidad de Oxford, Yadvinder Malhi, cuya investigaci\u00f3n se centra en comprender c\u00f3mo la biosfera est\u00e1 respondiendo al cambio global y c\u00f3mo se puede utilizar para adaptarse a dicho cambio.&nbsp;<\/div>\n<div>Tambi\u00e9n estar\u00e1 presente el destacado activista y fot\u00f3grafo estadounidense, Chris Jordan, cuyo trabajo consiste en hacer, a trav\u00e9s de montajes fotogr\u00e1ficos, una comparativa que despierte en el espectador el sentimiento que pretende transmitir con sus composiciones. Su m\u00e1s reciente trabajo se llama Albatross (2017), documental realizado en la Isla Midway, en el centro del oc\u00e9ano Pac\u00edfico Norte, a unos dos mil kil\u00f3metros de Alaska, donde plasm\u00f3 los efectos del pl\u00e1stico en las poblaciones de Albatros.<\/div>\n<div>Finalmente, destaca la presencia del profesor de Conservaci\u00f3n Marina del departamento de Medio Ambiente de la Universidad de York, Callum Roberts, cuya investigaci\u00f3n se centra en las amenazas a los ecosistemas marinos y las especies, adem\u00e1s de encontrar los medios para protegerlos, lo que incluye documentar los impactos de la pesca en la vida marina y explorar la efectividad de las \u00e1reas marinas protegidas.&nbsp;<\/div>\n<div>Los interesados en participar o en obtener mayores antecedentes, pueden acceder al sitio web&nbsp;<a href=\"http:\/\/www.congresofuturo.cl\/\" target=\"_blank\" rel=\"noopener noreferrer\" data-saferedirecturl=\"https:\/\/www.google.com\/url?hl=es&amp;q=http:\/\/www.congresofuturo.cl&amp;source=gmail&amp;ust=1515502109559000&amp;usg=AFQjCNF4dCQVepXBO6TnwLENmzWNTWi5_w\">www.congresofuturo.cl<\/a>.&nbsp;<\/div>\n<div>&nbsp;<\/div>\n<div><b>Actividades<\/b><\/div>\n<div>El programa de actividades contempla una serie de iniciativas, que comenzaron con el Congreso Futuro Junior, realizado el viernes 5 de enero, y contin\u00faan en los pr\u00f3ximos d\u00edas.<\/div>\n<div><span style=\"text-decoration: underline\">Mi\u00e9rcoles 10 de enero, 10 horas<\/span>: Avistamiento de aves en el humedal Tres Puentes, Costanera y Parque Mar\u00eda Behety, teniendo como punto de partida, la entrada del Instituto de la Patagonia, ubicado en&nbsp;<a href=\"https:\/\/maps.google.com\/?q=Avenida+Bulnes+01890&amp;entry=gmail&amp;source=g\">Avenida Bulnes 01890<\/a>. Inscripciones:&nbsp;<a href=\"http:\/\/www.escueladetemporada.cl\/\" target=\"_blank\" rel=\"noopener noreferrer\" data-saferedirecturl=\"https:\/\/www.google.com\/url?hl=es&amp;q=http:\/\/www.escueladetemporada.cl&amp;source=gmail&amp;ust=1515502109559000&amp;usg=AFQjCNEerxhSmcyT0l_R0M6y1HvrlGeApA\">www.escueladetemporada.cl<\/a>&nbsp;<\/div>\n<div><span style=\"text-decoration: underline\">Jueves 11 de enero, 16 horas<\/span>: F\u00e1brica de ideas y laboratorio m\u00f3vil Ecoscience. La actividad se realizar\u00e1 en la Junta de Vecinos Cardenal Ra\u00fal Silva Henr\u00edquez.&nbsp;<\/div>\n<div><span style=\"text-decoration: underline\">Viernes 12 de enero, 10 horas<\/span>: Actividad cient\u00edfico educativa \u201cGuido el Hadrosaurio\u201d, con pacientes pedi\u00e1tricos y del jard\u00edn infantil Girasol del Hospital Cl\u00ednico de Magallanes.<\/div>\n<div><span style=\"text-decoration: underline\">S\u00e1bado 13 de enero, 19 horas<\/span>: Concierto \u201cM\u00fasica del Territorio\u201d, en el Museo del Recuerdo del Instituto de la Patagonia, ubicado en&nbsp;<a href=\"https:\/\/maps.google.com\/?q=Avenida+Bulnes+01890&amp;entry=gmail&amp;source=g\">Avenida Bulnes 01890<\/a>.&nbsp;<\/div>\n","protected":false},"excerpt":{"rendered":"<p>&nbsp; Por tercer a\u00f1o consecutivo, Punta Arenas ser\u00e1 sede del Congreso Futuro 2018, iniciativa que se realizar\u00e1 el pr\u00f3ximo lunes 15 de enero, y que considera la participaci\u00f3n de importantes expositores de \u00edndole internacional. Ser\u00e1n cuatro los cient\u00edficos que llegar\u00e1n a la regi\u00f3n para exponer sobre una diversidad de temas de inter\u00e9s de la comunidad, [&hellip;]<\/p>\n","protected":false},"author":2,"featured_media":879,"comment_status":"open","ping_status":"open","sticky":false,"template":"","format":"standard","meta":{"_acf_changed":false,"_exactmetrics_skip_tracking":false,"_exactmetrics_sitenote_active":false,"_exactmetrics_sitenote_note":"","_exactmetrics_sitenote_category":0,"footnotes":"","_links_to":"","_links_to_target":""},"categories":[4],"tags":[],"class_list":["post-878","post","type-post","status-publish","format-standard","has-post-thumbnail","hentry","category-noticias"],"acf":[],"yoast_head":"<!-- This site is optimized with the Yoast SEO plugin v26.7 - https:\/\/yoast.com\/wordpress\/plugins\/seo\/ -->\n<title>Conservaci\u00f3n de ecosistemas, fotograf\u00eda y salud humana: temas principales del Congreso Futuro 2018 - Magallanes<\/title>\n<meta name=\"robots\" content=\"index, follow, max-snippet:-1, max-image-preview:large, max-video-preview:-1\" \/>\n<link rel=\"canonical\" href=\"https:\/\/dev.explora.cl\/magallanes\/conservacion-de-ecosistemas-fotografia-y-salud-humana-temas-principales-del-congreso-futuro-2018\/\" class=\"yoast-seo-meta-tag\" \/>\n<meta property=\"og:locale\" content=\"es_ES\" class=\"yoast-seo-meta-tag\" \/>\n<meta property=\"og:type\" content=\"article\" class=\"yoast-seo-meta-tag\" \/>\n<meta property=\"og:title\" content=\"Conservaci\u00f3n de ecosistemas, fotograf\u00eda y salud humana: temas principales del Congreso Futuro 2018 - Magallanes\" class=\"yoast-seo-meta-tag\" \/>\n<meta property=\"og:description\" content=\"&nbsp; Por tercer a\u00f1o consecutivo, Punta Arenas ser\u00e1 sede del Congreso Futuro 2018, iniciativa que se realizar\u00e1 el pr\u00f3ximo lunes 15 de enero, y que considera la participaci\u00f3n de importantes expositores de \u00edndole internacional. Ser\u00e1n cuatro los cient\u00edficos que llegar\u00e1n a la regi\u00f3n para exponer sobre una diversidad de temas de inter\u00e9s de la comunidad, [&hellip;]\" class=\"yoast-seo-meta-tag\" \/>\n<meta property=\"og:url\" content=\"https:\/\/dev.explora.cl\/magallanes\/conservacion-de-ecosistemas-fotografia-y-salud-humana-temas-principales-del-congreso-futuro-2018\/\" class=\"yoast-seo-meta-tag\" \/>\n<meta property=\"og:site_name\" content=\"Magallanes\" class=\"yoast-seo-meta-tag\" \/>\n<meta property=\"article:published_time\" content=\"2018-01-08T04:00:00+00:00\" class=\"yoast-seo-meta-tag\" \/>\n<meta property=\"article:modified_time\" content=\"2019-05-20T21:34:43+00:00\" class=\"yoast-seo-meta-tag\" \/>\n<meta property=\"og:image\" content=\"https:\/\/dev.explora.cl\/magallanes\/wp-content\/uploads\/sites\/19\/2018\/06\/afiche_congreso_futuro_2018.jpg\" class=\"yoast-seo-meta-tag\" \/>\n\t<meta property=\"og:image:width\" content=\"720\" class=\"yoast-seo-meta-tag\" \/>\n\t<meta property=\"og:image:height\" content=\"376\" class=\"yoast-seo-meta-tag\" \/>\n\t<meta property=\"og:image:type\" content=\"image\/jpeg\" class=\"yoast-seo-meta-tag\" \/>\n<meta name=\"author\" content=\"webman\" class=\"yoast-seo-meta-tag\" \/>\n<meta name=\"twitter:card\" content=\"summary_large_image\" class=\"yoast-seo-meta-tag\" \/>\n<meta name=\"twitter:label1\" content=\"Escrito por\" class=\"yoast-seo-meta-tag\" \/>\n\t<meta name=\"twitter:data1\" content=\"webman\" class=\"yoast-seo-meta-tag\" \/>\n\t<meta name=\"twitter:label2\" content=\"Tiempo estimado de lectura\" class=\"yoast-seo-meta-tag\" \/>\n\t<meta name=\"twitter:data2\" content=\"3 minutos\" class=\"yoast-seo-meta-tag\" \/>\n<script type=\"application\/ld+json\" class=\"yoast-schema-graph\">{\"@context\":\"https:\/\/schema.org\",\"@graph\":[{\"@type\":\"Article\",\"@id\":\"https:\/\/dev.explora.cl\/magallanes\/conservacion-de-ecosistemas-fotografia-y-salud-humana-temas-principales-del-congreso-futuro-2018\/#article\",\"isPartOf\":{\"@id\":\"https:\/\/dev.explora.cl\/magallanes\/conservacion-de-ecosistemas-fotografia-y-salud-humana-temas-principales-del-congreso-futuro-2018\/\"},\"author\":{\"name\":\"webman\",\"@id\":\"https:\/\/dev.explora.cl\/magallanes\/#\/schema\/person\/cb8349c13ea2d324080adf8480d7ba5d\"},\"headline\":\"Conservaci\u00f3n de ecosistemas, fotograf\u00eda y salud humana: temas principales del Congreso Futuro 2018\",\"datePublished\":\"2018-01-08T04:00:00+00:00\",\"dateModified\":\"2019-05-20T21:34:43+00:00\",\"mainEntityOfPage\":{\"@id\":\"https:\/\/dev.explora.cl\/magallanes\/conservacion-de-ecosistemas-fotografia-y-salud-humana-temas-principales-del-congreso-futuro-2018\/\"},\"wordCount\":545,\"commentCount\":0,\"publisher\":{\"@id\":\"https:\/\/dev.explora.cl\/magallanes\/#organization\"},\"image\":{\"@id\":\"https:\/\/dev.explora.cl\/magallanes\/conservacion-de-ecosistemas-fotografia-y-salud-humana-temas-principales-del-congreso-futuro-2018\/#primaryimage\"},\"thumbnailUrl\":\"https:\/\/dev.explora.cl\/magallanes\/wp-content\/uploads\/sites\/19\/2018\/06\/afiche_congreso_futuro_2018.jpg\",\"articleSection\":[\"Noticias\"],\"inLanguage\":\"es-CL\",\"potentialAction\":[{\"@type\":\"CommentAction\",\"name\":\"Comment\",\"target\":[\"https:\/\/dev.explora.cl\/magallanes\/conservacion-de-ecosistemas-fotografia-y-salud-humana-temas-principales-del-congreso-futuro-2018\/#respond\"]}]},{\"@type\":\"WebPage\",\"@id\":\"https:\/\/dev.explora.cl\/magallanes\/conservacion-de-ecosistemas-fotografia-y-salud-humana-temas-principales-del-congreso-futuro-2018\/\",\"url\":\"https:\/\/dev.explora.cl\/magallanes\/conservacion-de-ecosistemas-fotografia-y-salud-humana-temas-principales-del-congreso-futuro-2018\/\",\"name\":\"Conservaci\u00f3n de ecosistemas, fotograf\u00eda y salud humana: temas principales del Congreso Futuro 2018 - Magallanes\",\"isPartOf\":{\"@id\":\"https:\/\/dev.explora.cl\/magallanes\/#website\"},\"primaryImageOfPage\":{\"@id\":\"https:\/\/dev.explora.cl\/magallanes\/conservacion-de-ecosistemas-fotografia-y-salud-humana-temas-principales-del-congreso-futuro-2018\/#primaryimage\"},\"image\":{\"@id\":\"https:\/\/dev.explora.cl\/magallanes\/conservacion-de-ecosistemas-fotografia-y-salud-humana-temas-principales-del-congreso-futuro-2018\/#primaryimage\"},\"thumbnailUrl\":\"https:\/\/dev.explora.cl\/magallanes\/wp-content\/uploads\/sites\/19\/2018\/06\/afiche_congreso_futuro_2018.jpg\",\"datePublished\":\"2018-01-08T04:00:00+00:00\",\"dateModified\":\"2019-05-20T21:34:43+00:00\",\"breadcrumb\":{\"@id\":\"https:\/\/dev.explora.cl\/magallanes\/conservacion-de-ecosistemas-fotografia-y-salud-humana-temas-principales-del-congreso-futuro-2018\/#breadcrumb\"},\"inLanguage\":\"es-CL\",\"potentialAction\":[{\"@type\":\"ReadAction\",\"target\":[\"https:\/\/dev.explora.cl\/magallanes\/conservacion-de-ecosistemas-fotografia-y-salud-humana-temas-principales-del-congreso-futuro-2018\/\"]}]},{\"@type\":\"ImageObject\",\"inLanguage\":\"es-CL\",\"@id\":\"https:\/\/dev.explora.cl\/magallanes\/conservacion-de-ecosistemas-fotografia-y-salud-humana-temas-principales-del-congreso-futuro-2018\/#primaryimage\",\"url\":\"https:\/\/dev.explora.cl\/magallanes\/wp-content\/uploads\/sites\/19\/2018\/06\/afiche_congreso_futuro_2018.jpg\",\"contentUrl\":\"https:\/\/dev.explora.cl\/magallanes\/wp-content\/uploads\/sites\/19\/2018\/06\/afiche_congreso_futuro_2018.jpg\",\"width\":720,\"height\":376,\"caption\":\"afiche congreso futuro 2018\"},{\"@type\":\"BreadcrumbList\",\"@id\":\"https:\/\/dev.explora.cl\/magallanes\/conservacion-de-ecosistemas-fotografia-y-salud-humana-temas-principales-del-congreso-futuro-2018\/#breadcrumb\",\"itemListElement\":[{\"@type\":\"ListItem\",\"position\":1,\"name\":\"Portada\",\"item\":\"https:\/\/dev.explora.cl\/magallanes\/\"},{\"@type\":\"ListItem\",\"position\":2,\"name\":\"Conservaci\u00f3n de ecosistemas, fotograf\u00eda y salud humana: temas principales del Congreso Futuro 2018\"}]},{\"@type\":\"WebSite\",\"@id\":\"https:\/\/dev.explora.cl\/magallanes\/#website\",\"url\":\"https:\/\/dev.explora.cl\/magallanes\/\",\"name\":\"Magallanes\",\"description\":\"Otro sitio m\u00e1s de dev.explora.cl\",\"publisher\":{\"@id\":\"https:\/\/dev.explora.cl\/magallanes\/#organization\"},\"potentialAction\":[{\"@type\":\"SearchAction\",\"target\":{\"@type\":\"EntryPoint\",\"urlTemplate\":\"https:\/\/dev.explora.cl\/magallanes\/?s={search_term_string}\"},\"query-input\":{\"@type\":\"PropertyValueSpecification\",\"valueRequired\":true,\"valueName\":\"search_term_string\"}}],\"inLanguage\":\"es-CL\"},{\"@type\":\"Organization\",\"@id\":\"https:\/\/dev.explora.cl\/magallanes\/#organization\",\"name\":\"Magallanes\",\"url\":\"https:\/\/dev.explora.cl\/magallanes\/\",\"logo\":{\"@type\":\"ImageObject\",\"inLanguage\":\"es-CL\",\"@id\":\"https:\/\/dev.explora.cl\/magallanes\/#\/schema\/logo\/image\/\",\"url\":\"https:\/\/dev.explora.cl\/magallanes\/wp-content\/uploads\/sites\/19\/2021\/06\/cropped-ICONO-COLOR-2.jpg\",\"contentUrl\":\"https:\/\/dev.explora.cl\/magallanes\/wp-content\/uploads\/sites\/19\/2021\/06\/cropped-ICONO-COLOR-2.jpg\",\"width\":1181,\"height\":1181,\"caption\":\"Magallanes\"},\"image\":{\"@id\":\"https:\/\/dev.explora.cl\/magallanes\/#\/schema\/logo\/image\/\"}},{\"@type\":\"Person\",\"@id\":\"https:\/\/dev.explora.cl\/magallanes\/#\/schema\/person\/cb8349c13ea2d324080adf8480d7ba5d\",\"name\":\"webman\",\"image\":{\"@type\":\"ImageObject\",\"inLanguage\":\"es-CL\",\"@id\":\"https:\/\/dev.explora.cl\/magallanes\/#\/schema\/person\/image\/\",\"url\":\"https:\/\/secure.gravatar.com\/avatar\/eeff3c82f2c02f7177d13663b7e6f890e9a6a0647ce9bb29cae02dcb094c7312?s=96&d=mm&r=g\",\"contentUrl\":\"https:\/\/secure.gravatar.com\/avatar\/eeff3c82f2c02f7177d13663b7e6f890e9a6a0647ce9bb29cae02dcb094c7312?s=96&d=mm&r=g\",\"caption\":\"webman\"},\"url\":\"https:\/\/dev.explora.cl\/magallanes\/author\/webman\/\"}]}<\/script>\n<!-- \/ Yoast SEO plugin. -->","yoast_head_json":{"title":"Conservaci\u00f3n de ecosistemas, fotograf\u00eda y salud humana: temas principales del Congreso Futuro 2018 - Magallanes","robots":{"index":"index","follow":"follow","max-snippet":"max-snippet:-1","max-image-preview":"max-image-preview:large","max-video-preview":"max-video-preview:-1"},"canonical":"https:\/\/dev.explora.cl\/magallanes\/conservacion-de-ecosistemas-fotografia-y-salud-humana-temas-principales-del-congreso-futuro-2018\/","og_locale":"es_ES","og_type":"article","og_title":"Conservaci\u00f3n de ecosistemas, fotograf\u00eda y salud humana: temas principales del Congreso Futuro 2018 - Magallanes","og_description":"&nbsp; Por tercer a\u00f1o consecutivo, Punta Arenas ser\u00e1 sede del Congreso Futuro 2018, iniciativa que se realizar\u00e1 el pr\u00f3ximo lunes 15 de enero, y que considera la participaci\u00f3n de importantes expositores de \u00edndole internacional. Ser\u00e1n cuatro los cient\u00edficos que llegar\u00e1n a la regi\u00f3n para exponer sobre una diversidad de temas de inter\u00e9s de la comunidad, [&hellip;]","og_url":"https:\/\/dev.explora.cl\/magallanes\/conservacion-de-ecosistemas-fotografia-y-salud-humana-temas-principales-del-congreso-futuro-2018\/","og_site_name":"Magallanes","article_published_time":"2018-01-08T04:00:00+00:00","article_modified_time":"2019-05-20T21:34:43+00:00","og_image":[{"width":720,"height":376,"url":"https:\/\/dev.explora.cl\/magallanes\/wp-content\/uploads\/sites\/19\/2018\/06\/afiche_congreso_futuro_2018.jpg","type":"image\/jpeg"}],"author":"webman","twitter_card":"summary_large_image","twitter_misc":{"Escrito por":"webman","Tiempo estimado de lectura":"3 minutos"},"schema":{"@context":"https:\/\/schema.org","@graph":[{"@type":"Article","@id":"https:\/\/dev.explora.cl\/magallanes\/conservacion-de-ecosistemas-fotografia-y-salud-humana-temas-principales-del-congreso-futuro-2018\/#article","isPartOf":{"@id":"https:\/\/dev.explora.cl\/magallanes\/conservacion-de-ecosistemas-fotografia-y-salud-humana-temas-principales-del-congreso-futuro-2018\/"},"author":{"name":"webman","@id":"https:\/\/dev.explora.cl\/magallanes\/#\/schema\/person\/cb8349c13ea2d324080adf8480d7ba5d"},"headline":"Conservaci\u00f3n de ecosistemas, fotograf\u00eda y salud humana: temas principales del Congreso Futuro 2018","datePublished":"2018-01-08T04:00:00+00:00","dateModified":"2019-05-20T21:34:43+00:00","mainEntityOfPage":{"@id":"https:\/\/dev.explora.cl\/magallanes\/conservacion-de-ecosistemas-fotografia-y-salud-humana-temas-principales-del-congreso-futuro-2018\/"},"wordCount":545,"commentCount":0,"publisher":{"@id":"https:\/\/dev.explora.cl\/magallanes\/#organization"},"image":{"@id":"https:\/\/dev.explora.cl\/magallanes\/conservacion-de-ecosistemas-fotografia-y-salud-humana-temas-principales-del-congreso-futuro-2018\/#primaryimage"},"thumbnailUrl":"https:\/\/dev.explora.cl\/magallanes\/wp-content\/uploads\/sites\/19\/2018\/06\/afiche_congreso_futuro_2018.jpg","articleSection":["Noticias"],"inLanguage":"es-CL","potentialAction":[{"@type":"CommentAction","name":"Comment","target":["https:\/\/dev.explora.cl\/magallanes\/conservacion-de-ecosistemas-fotografia-y-salud-humana-temas-principales-del-congreso-futuro-2018\/#respond"]}]},{"@type":"WebPage","@id":"https:\/\/dev.explora.cl\/magallanes\/conservacion-de-ecosistemas-fotografia-y-salud-humana-temas-principales-del-congreso-futuro-2018\/","url":"https:\/\/dev.explora.cl\/magallanes\/conservacion-de-ecosistemas-fotografia-y-salud-humana-temas-principales-del-congreso-futuro-2018\/","name":"Conservaci\u00f3n de ecosistemas, fotograf\u00eda y salud humana: temas principales del Congreso Futuro 2018 - Magallanes","isPartOf":{"@id":"https:\/\/dev.explora.cl\/magallanes\/#website"},"primaryImageOfPage":{"@id":"https:\/\/dev.explora.cl\/magallanes\/conservacion-de-ecosistemas-fotografia-y-salud-humana-temas-principales-del-congreso-futuro-2018\/#primaryimage"},"image":{"@id":"https:\/\/dev.explora.cl\/magallanes\/conservacion-de-ecosistemas-fotografia-y-salud-humana-temas-principales-del-congreso-futuro-2018\/#primaryimage"},"thumbnailUrl":"https:\/\/dev.explora.cl\/magallanes\/wp-content\/uploads\/sites\/19\/2018\/06\/afiche_congreso_futuro_2018.jpg","datePublished":"2018-01-08T04:00:00+00:00","dateModified":"2019-05-20T21:34:43+00:00","breadcrumb":{"@id":"https:\/\/dev.explora.cl\/magallanes\/conservacion-de-ecosistemas-fotografia-y-salud-humana-temas-principales-del-congreso-futuro-2018\/#breadcrumb"},"inLanguage":"es-CL","potentialAction":[{"@type":"ReadAction","target":["https:\/\/dev.explora.cl\/magallanes\/conservacion-de-ecosistemas-fotografia-y-salud-humana-temas-principales-del-congreso-futuro-2018\/"]}]},{"@type":"ImageObject","inLanguage":"es-CL","@id":"https:\/\/dev.explora.cl\/magallanes\/conservacion-de-ecosistemas-fotografia-y-salud-humana-temas-principales-del-congreso-futuro-2018\/#primaryimage","url":"https:\/\/dev.explora.cl\/magallanes\/wp-content\/uploads\/sites\/19\/2018\/06\/afiche_congreso_futuro_2018.jpg","contentUrl":"https:\/\/dev.explora.cl\/magallanes\/wp-content\/uploads\/sites\/19\/2018\/06\/afiche_congreso_futuro_2018.jpg","width":720,"height":376,"caption":"afiche congreso futuro 2018"},{"@type":"BreadcrumbList","@id":"https:\/\/dev.explora.cl\/magallanes\/conservacion-de-ecosistemas-fotografia-y-salud-humana-temas-principales-del-congreso-futuro-2018\/#breadcrumb","itemListElement":[{"@type":"ListItem","position":1,"name":"Portada","item":"https:\/\/dev.explora.cl\/magallanes\/"},{"@type":"ListItem","position":2,"name":"Conservaci\u00f3n de ecosistemas, fotograf\u00eda y salud humana: temas principales del Congreso Futuro 2018"}]},{"@type":"WebSite","@id":"https:\/\/dev.explora.cl\/magallanes\/#website","url":"https:\/\/dev.explora.cl\/magallanes\/","name":"Magallanes","description":"Otro sitio m\u00e1s de dev.explora.cl","publisher":{"@id":"https:\/\/dev.explora.cl\/magallanes\/#organization"},"potentialAction":[{"@type":"SearchAction","target":{"@type":"EntryPoint","urlTemplate":"https:\/\/dev.explora.cl\/magallanes\/?s={search_term_string}"},"query-input":{"@type":"PropertyValueSpecification","valueRequired":true,"valueName":"search_term_string"}}],"inLanguage":"es-CL"},{"@type":"Organization","@id":"https:\/\/dev.explora.cl\/magallanes\/#organization","name":"Magallanes","url":"https:\/\/dev.explora.cl\/magallanes\/","logo":{"@type":"ImageObject","inLanguage":"es-CL","@id":"https:\/\/dev.explora.cl\/magallanes\/#\/schema\/logo\/image\/","url":"https:\/\/dev.explora.cl\/magallanes\/wp-content\/uploads\/sites\/19\/2021\/06\/cropped-ICONO-COLOR-2.jpg","contentUrl":"https:\/\/dev.explora.cl\/magallanes\/wp-content\/uploads\/sites\/19\/2021\/06\/cropped-ICONO-COLOR-2.jpg","width":1181,"height":1181,"caption":"Magallanes"},"image":{"@id":"https:\/\/dev.explora.cl\/magallanes\/#\/schema\/logo\/image\/"}},{"@type":"Person","@id":"https:\/\/dev.explora.cl\/magallanes\/#\/schema\/person\/cb8349c13ea2d324080adf8480d7ba5d","name":"webman","image":{"@type":"ImageObject","inLanguage":"es-CL","@id":"https:\/\/dev.explora.cl\/magallanes\/#\/schema\/person\/image\/","url":"https:\/\/secure.gravatar.com\/avatar\/eeff3c82f2c02f7177d13663b7e6f890e9a6a0647ce9bb29cae02dcb094c7312?s=96&d=mm&r=g","contentUrl":"https:\/\/secure.gravatar.com\/avatar\/eeff3c82f2c02f7177d13663b7e6f890e9a6a0647ce9bb29cae02dcb094c7312?s=96&d=mm&r=g","caption":"webman"},"url":"https:\/\/dev.explora.cl\/magallanes\/author\/webman\/"}]}},"_links":{"self":[{"href":"https:\/\/dev.explora.cl\/magallanes\/wp-json\/wp\/v2\/posts\/878","targetHints":{"allow":["GET"]}}],"collection":[{"href":"https:\/\/dev.explora.cl\/magallanes\/wp-json\/wp\/v2\/posts"}],"about":[{"href":"https:\/\/dev.explora.cl\/magallanes\/wp-json\/wp\/v2\/types\/post"}],"author":[{"embeddable":true,"href":"https:\/\/dev.explora.cl\/magallanes\/wp-json\/wp\/v2\/users\/2"}],"replies":[{"embeddable":true,"href":"https:\/\/dev.explora.cl\/magallanes\/wp-json\/wp\/v2\/comments?post=878"}],"version-history":[{"count":1,"href":"https:\/\/dev.explora.cl\/magallanes\/wp-json\/wp\/v2\/posts\/878\/revisions"}],"predecessor-version":[{"id":37619,"href":"https:\/\/dev.explora.cl\/magallanes\/wp-json\/wp\/v2\/posts\/878\/revisions\/37619"}],"wp:featuredmedia":[{"embeddable":true,"href":"https:\/\/dev.explora.cl\/magallanes\/wp-json\/wp\/v2\/media\/879"}],"wp:attachment":[{"href":"https:\/\/dev.explora.cl\/magallanes\/wp-json\/wp\/v2\/media?parent=878"}],"wp:term":[{"taxonomy":"category","embeddable":true,"href":"https:\/\/dev.explora.cl\/magallanes\/wp-json\/wp\/v2\/categories?post=878"},{"taxonomy":"post_tag","embeddable":true,"href":"https:\/\/dev.explora.cl\/magallanes\/wp-json\/wp\/v2\/tags?post=878"}],"curies":[{"name":"wp","href":"https:\/\/api.w.org\/{rel}","templated":true}]}}