{"id":876,"date":"2018-01-08T00:00:00","date_gmt":"2018-01-08T04:00:00","guid":{"rendered":"https:\/\/dev.explora.cl\/magallanes\/blog\/2018\/01\/08\/participantes-del-campamento-cientifico-escolar-2018-fueron-protagonistas-del-congreso-del-futuro-junior\/"},"modified":"2019-05-20T21:34:42","modified_gmt":"2019-05-20T21:34:42","slug":"participantes-del-campamento-cientifico-escolar-2018-fueron-protagonistas-del-congreso-del-futuro-junior","status":"publish","type":"post","link":"https:\/\/dev.explora.cl\/magallanes\/participantes-del-campamento-cientifico-escolar-2018-fueron-protagonistas-del-congreso-del-futuro-junior\/","title":{"rendered":"Participantes del Campamento Cient\u00edfico Escolar 2018 fueron protagonistas del Congreso del Futuro Junior"},"content":{"rendered":"<p><img loading=\"lazy\" decoding=\"async\" class=\" size-full wp-image-29662\" src=\"http:\/\/ec2-54-245-22-188.us-west-2.compute.amazonaws.com\/wp-content\/uploads\/2018\/01\/Congreso_Futuro_Junior.jpg\" alt=\"\" width=\"1068\" height=\"712\" \/><\/p>\n<p>Un centenar de ni\u00f1as, ni\u00f1os y j\u00f3venes aprendiendo y debatiendo sobre temas cient\u00edficos dieron vida al Congreso Futuro Junior, actividad que marc\u00f3 el inicio de lo que ser\u00e1 el Congreso Futuro 2018, que se realizar\u00e1 el 15 de enero pr\u00f3ximo y tendr\u00e1 a Magallanes y Ant\u00e1rtica Chilena entre sus regiones sede, por tercer a\u00f1o consecutivo.<\/p>\n<p>&nbsp;\u201cMagallanes ha definido el desarrollo cient\u00edfico como parte de su estrategia de desarrollo como regi\u00f3n. Y creo que eso es muy importante: c\u00f3mo preparamos aqu\u00ed las capacidades y armamos una comunidad m\u00e1s global\u201d, afirm\u00f3 la senadora magall\u00e1nica, Carolina Goic, quien desde la Comisi\u00f3n Desaf\u00edos del Futuro del Senado, ha liderado la actividad durante estos a\u00f1os.<\/p>\n<p>\u201cEste es un esfuerzo que se hace desde el Senado, de la Comisi\u00f3n Desaf\u00edos del Futuro, y se ha invitado a las regiones a participar. Esta es la tercera versi\u00f3n en Magallanes, donde cada vez el nivel de los expositores tambi\u00e9n ha ido aumentando, y el inter\u00e9s por venir a Magallanes. Y esto tambi\u00e9n coincide con la vocaci\u00f3n cient\u00edfica que hemos declarado como regi\u00f3n\u201d, indic\u00f3 la gobernadora de Magallanes, Paola Fern\u00e1ndez.<\/p>\n<p>El Congreso Futuro se efectuar\u00e1 el 15 de enero, con una serie de actividades previas, que se efect\u00faan gracias a una asociaci\u00f3n del Senado con distintos organismos regionales, como la Gobernaci\u00f3n de Magallanes, el Consejo de la Cultura y las Artes, el Instituto Ant\u00e1rtico Chileno, Sernatur, PAR Explora de CONICYT Magallanes y de la Ant\u00e1rtica Chilena, el Instituto de Fomento Pesquero, el Hospital Cl\u00ednico de Magallanes, la Empresa Nacional del Petr\u00f3leo, adem\u00e1s de empresas privadas (Gasco, Aguas Magallanes, Zona Austral, Dap), y la Fundaci\u00f3n Vive Chile y Eco Science.&nbsp;<\/p>\n<p><strong>Congreso Futuro Junior<\/strong><\/p>\n<p>A las 15 horas de este viernes 5 de enero, se dio inicio al Congreso Futuro Junior, donde los llamados &#8220;Cient\u00edficos Escolares&#8221; expusieron sus investigaciones a ni\u00f1as, ni\u00f1os y j\u00f3venes que forman parte del Campamento Cient\u00edfico Escolar 2018 que lleva adelante PAR Explora Magallanes.&nbsp;&nbsp;<\/p>\n<p>\u201cEs muy importante que los ni\u00f1os partan muy j\u00f3venes tomando conciencia de su entorno, porque as\u00ed se van a dar cuenta de lo que tienen y lo que pueden estudiar en ciencias. Hoy, con estos j\u00f3venes junior habl\u00e1ndole a los dem\u00e1s, lo que nosotros pretendemos es que se conozcan, se encuentren, y vean que es posible trabajar en ciencia tempranamente\u201d, puntualiz\u00f3 la directora regional del PAR Explora Magallanes, Margarita Garrido.<\/p>\n<p>Por su parte, los j\u00f3venes cient\u00edficos tambi\u00e9n valoraron la iniciativa. Fue el caso de Priscilla Espinoza, quien a sus 14 a\u00f1os, pertenece al Club Cient\u00edfico Explora con Lupa, junto a j\u00f3venes de distintos colegios. \u201cAl entrar al mundo de la ciencia, uno conoce muchas cosas, f\u00edsica, qu\u00edmica, biolog\u00eda, tecnolog\u00eda, y es un mundo nuevo. Creo que los ni\u00f1os deben interesarse m\u00e1s en la ciencia y el medio ambiente, que es lo que m\u00e1s se trata ahora, porque si descuidamos el lugar donde vivimos, se va a destruir y no es la idea\u201d, precis\u00f3 la estudiante del Liceo Juan Bautista Contardi.&nbsp;<\/p>\n<p>Para ver m\u00e1s im\u00e1genes pinche aqu\u00ed:&nbsp;https:\/\/www.facebook.com\/pg\/parexploramagallanes\/photos\/?tab=album&amp;album_id=2051123165124526<\/p>\n","protected":false},"excerpt":{"rendered":"<p>Un centenar de ni\u00f1as, ni\u00f1os y j\u00f3venes aprendiendo y debatiendo sobre temas cient\u00edficos dieron vida al Congreso Futuro Junior, actividad que marc\u00f3 el inicio de lo que ser\u00e1 el Congreso Futuro 2018, que se realizar\u00e1 el 15 de enero pr\u00f3ximo y tendr\u00e1 a Magallanes y Ant\u00e1rtica Chilena entre sus regiones sede, por tercer a\u00f1o consecutivo. [&hellip;]<\/p>\n","protected":false},"author":2,"featured_media":877,"comment_status":"open","ping_status":"open","sticky":false,"template":"","format":"standard","meta":{"_acf_changed":false,"_exactmetrics_skip_tracking":false,"_exactmetrics_sitenote_active":false,"_exactmetrics_sitenote_note":"","_exactmetrics_sitenote_category":0,"footnotes":"","_links_to":"","_links_to_target":""},"categories":[4],"tags":[],"class_list":["post-876","post","type-post","status-publish","format-standard","has-post-thumbnail","hentry","category-noticias"],"acf":[],"yoast_head":"<!-- This site is optimized with the Yoast SEO plugin v26.7 - https:\/\/yoast.com\/wordpress\/plugins\/seo\/ -->\n<title>Participantes del Campamento Cient\u00edfico Escolar 2018 fueron protagonistas del Congreso del Futuro Junior - Magallanes<\/title>\n<meta name=\"robots\" content=\"index, follow, max-snippet:-1, max-image-preview:large, max-video-preview:-1\" \/>\n<link rel=\"canonical\" href=\"https:\/\/dev.explora.cl\/magallanes\/participantes-del-campamento-cientifico-escolar-2018-fueron-protagonistas-del-congreso-del-futuro-junior\/\" class=\"yoast-seo-meta-tag\" \/>\n<meta property=\"og:locale\" content=\"es_ES\" class=\"yoast-seo-meta-tag\" \/>\n<meta property=\"og:type\" content=\"article\" class=\"yoast-seo-meta-tag\" \/>\n<meta property=\"og:title\" content=\"Participantes del Campamento Cient\u00edfico Escolar 2018 fueron protagonistas del Congreso del Futuro Junior - Magallanes\" class=\"yoast-seo-meta-tag\" \/>\n<meta property=\"og:description\" content=\"Un centenar de ni\u00f1as, ni\u00f1os y j\u00f3venes aprendiendo y debatiendo sobre temas cient\u00edficos dieron vida al Congreso Futuro Junior, actividad que marc\u00f3 el inicio de lo que ser\u00e1 el Congreso Futuro 2018, que se realizar\u00e1 el 15 de enero pr\u00f3ximo y tendr\u00e1 a Magallanes y Ant\u00e1rtica Chilena entre sus regiones sede, por tercer a\u00f1o consecutivo. [&hellip;]\" class=\"yoast-seo-meta-tag\" \/>\n<meta property=\"og:url\" content=\"https:\/\/dev.explora.cl\/magallanes\/participantes-del-campamento-cientifico-escolar-2018-fueron-protagonistas-del-congreso-del-futuro-junior\/\" class=\"yoast-seo-meta-tag\" \/>\n<meta property=\"og:site_name\" content=\"Magallanes\" class=\"yoast-seo-meta-tag\" \/>\n<meta property=\"article:published_time\" content=\"2018-01-08T04:00:00+00:00\" class=\"yoast-seo-meta-tag\" \/>\n<meta property=\"article:modified_time\" content=\"2019-05-20T21:34:42+00:00\" class=\"yoast-seo-meta-tag\" \/>\n<meta property=\"og:image\" content=\"https:\/\/dev.explora.cl\/magallanes\/wp-content\/uploads\/sites\/19\/2018\/06\/Congreso_Futuro_Junior.jpg\" class=\"yoast-seo-meta-tag\" \/>\n\t<meta property=\"og:image:width\" content=\"1068\" class=\"yoast-seo-meta-tag\" \/>\n\t<meta property=\"og:image:height\" content=\"712\" class=\"yoast-seo-meta-tag\" \/>\n\t<meta property=\"og:image:type\" content=\"image\/jpeg\" class=\"yoast-seo-meta-tag\" \/>\n<meta name=\"author\" content=\"webman\" class=\"yoast-seo-meta-tag\" \/>\n<meta name=\"twitter:card\" content=\"summary_large_image\" class=\"yoast-seo-meta-tag\" \/>\n<meta name=\"twitter:label1\" content=\"Escrito por\" class=\"yoast-seo-meta-tag\" \/>\n\t<meta name=\"twitter:data1\" content=\"webman\" class=\"yoast-seo-meta-tag\" \/>\n\t<meta name=\"twitter:label2\" content=\"Tiempo estimado de lectura\" class=\"yoast-seo-meta-tag\" \/>\n\t<meta name=\"twitter:data2\" content=\"3 minutos\" class=\"yoast-seo-meta-tag\" \/>\n<script type=\"application\/ld+json\" class=\"yoast-schema-graph\">{\"@context\":\"https:\/\/schema.org\",\"@graph\":[{\"@type\":\"Article\",\"@id\":\"https:\/\/dev.explora.cl\/magallanes\/participantes-del-campamento-cientifico-escolar-2018-fueron-protagonistas-del-congreso-del-futuro-junior\/#article\",\"isPartOf\":{\"@id\":\"https:\/\/dev.explora.cl\/magallanes\/participantes-del-campamento-cientifico-escolar-2018-fueron-protagonistas-del-congreso-del-futuro-junior\/\"},\"author\":{\"name\":\"webman\",\"@id\":\"https:\/\/dev.explora.cl\/magallanes\/#\/schema\/person\/cb8349c13ea2d324080adf8480d7ba5d\"},\"headline\":\"Participantes del Campamento Cient\u00edfico Escolar 2018 fueron protagonistas del Congreso del Futuro Junior\",\"datePublished\":\"2018-01-08T04:00:00+00:00\",\"dateModified\":\"2019-05-20T21:34:42+00:00\",\"mainEntityOfPage\":{\"@id\":\"https:\/\/dev.explora.cl\/magallanes\/participantes-del-campamento-cientifico-escolar-2018-fueron-protagonistas-del-congreso-del-futuro-junior\/\"},\"wordCount\":576,\"commentCount\":0,\"publisher\":{\"@id\":\"https:\/\/dev.explora.cl\/magallanes\/#organization\"},\"image\":{\"@id\":\"https:\/\/dev.explora.cl\/magallanes\/participantes-del-campamento-cientifico-escolar-2018-fueron-protagonistas-del-congreso-del-futuro-junior\/#primaryimage\"},\"thumbnailUrl\":\"https:\/\/dev.explora.cl\/magallanes\/wp-content\/uploads\/sites\/19\/2018\/06\/Congreso_Futuro_Junior.jpg\",\"articleSection\":[\"Noticias\"],\"inLanguage\":\"es-CL\",\"potentialAction\":[{\"@type\":\"CommentAction\",\"name\":\"Comment\",\"target\":[\"https:\/\/dev.explora.cl\/magallanes\/participantes-del-campamento-cientifico-escolar-2018-fueron-protagonistas-del-congreso-del-futuro-junior\/#respond\"]}]},{\"@type\":\"WebPage\",\"@id\":\"https:\/\/dev.explora.cl\/magallanes\/participantes-del-campamento-cientifico-escolar-2018-fueron-protagonistas-del-congreso-del-futuro-junior\/\",\"url\":\"https:\/\/dev.explora.cl\/magallanes\/participantes-del-campamento-cientifico-escolar-2018-fueron-protagonistas-del-congreso-del-futuro-junior\/\",\"name\":\"Participantes del Campamento Cient\u00edfico Escolar 2018 fueron protagonistas del Congreso del Futuro Junior - Magallanes\",\"isPartOf\":{\"@id\":\"https:\/\/dev.explora.cl\/magallanes\/#website\"},\"primaryImageOfPage\":{\"@id\":\"https:\/\/dev.explora.cl\/magallanes\/participantes-del-campamento-cientifico-escolar-2018-fueron-protagonistas-del-congreso-del-futuro-junior\/#primaryimage\"},\"image\":{\"@id\":\"https:\/\/dev.explora.cl\/magallanes\/participantes-del-campamento-cientifico-escolar-2018-fueron-protagonistas-del-congreso-del-futuro-junior\/#primaryimage\"},\"thumbnailUrl\":\"https:\/\/dev.explora.cl\/magallanes\/wp-content\/uploads\/sites\/19\/2018\/06\/Congreso_Futuro_Junior.jpg\",\"datePublished\":\"2018-01-08T04:00:00+00:00\",\"dateModified\":\"2019-05-20T21:34:42+00:00\",\"breadcrumb\":{\"@id\":\"https:\/\/dev.explora.cl\/magallanes\/participantes-del-campamento-cientifico-escolar-2018-fueron-protagonistas-del-congreso-del-futuro-junior\/#breadcrumb\"},\"inLanguage\":\"es-CL\",\"potentialAction\":[{\"@type\":\"ReadAction\",\"target\":[\"https:\/\/dev.explora.cl\/magallanes\/participantes-del-campamento-cientifico-escolar-2018-fueron-protagonistas-del-congreso-del-futuro-junior\/\"]}]},{\"@type\":\"ImageObject\",\"inLanguage\":\"es-CL\",\"@id\":\"https:\/\/dev.explora.cl\/magallanes\/participantes-del-campamento-cientifico-escolar-2018-fueron-protagonistas-del-congreso-del-futuro-junior\/#primaryimage\",\"url\":\"https:\/\/dev.explora.cl\/magallanes\/wp-content\/uploads\/sites\/19\/2018\/06\/Congreso_Futuro_Junior.jpg\",\"contentUrl\":\"https:\/\/dev.explora.cl\/magallanes\/wp-content\/uploads\/sites\/19\/2018\/06\/Congreso_Futuro_Junior.jpg\",\"width\":1068,\"height\":712},{\"@type\":\"BreadcrumbList\",\"@id\":\"https:\/\/dev.explora.cl\/magallanes\/participantes-del-campamento-cientifico-escolar-2018-fueron-protagonistas-del-congreso-del-futuro-junior\/#breadcrumb\",\"itemListElement\":[{\"@type\":\"ListItem\",\"position\":1,\"name\":\"Portada\",\"item\":\"https:\/\/dev.explora.cl\/magallanes\/\"},{\"@type\":\"ListItem\",\"position\":2,\"name\":\"Participantes del Campamento Cient\u00edfico Escolar 2018 fueron protagonistas del Congreso del Futuro Junior\"}]},{\"@type\":\"WebSite\",\"@id\":\"https:\/\/dev.explora.cl\/magallanes\/#website\",\"url\":\"https:\/\/dev.explora.cl\/magallanes\/\",\"name\":\"Magallanes\",\"description\":\"Otro sitio m\u00e1s de dev.explora.cl\",\"publisher\":{\"@id\":\"https:\/\/dev.explora.cl\/magallanes\/#organization\"},\"potentialAction\":[{\"@type\":\"SearchAction\",\"target\":{\"@type\":\"EntryPoint\",\"urlTemplate\":\"https:\/\/dev.explora.cl\/magallanes\/?s={search_term_string}\"},\"query-input\":{\"@type\":\"PropertyValueSpecification\",\"valueRequired\":true,\"valueName\":\"search_term_string\"}}],\"inLanguage\":\"es-CL\"},{\"@type\":\"Organization\",\"@id\":\"https:\/\/dev.explora.cl\/magallanes\/#organization\",\"name\":\"Magallanes\",\"url\":\"https:\/\/dev.explora.cl\/magallanes\/\",\"logo\":{\"@type\":\"ImageObject\",\"inLanguage\":\"es-CL\",\"@id\":\"https:\/\/dev.explora.cl\/magallanes\/#\/schema\/logo\/image\/\",\"url\":\"https:\/\/dev.explora.cl\/magallanes\/wp-content\/uploads\/sites\/19\/2021\/06\/cropped-ICONO-COLOR-2.jpg\",\"contentUrl\":\"https:\/\/dev.explora.cl\/magallanes\/wp-content\/uploads\/sites\/19\/2021\/06\/cropped-ICONO-COLOR-2.jpg\",\"width\":1181,\"height\":1181,\"caption\":\"Magallanes\"},\"image\":{\"@id\":\"https:\/\/dev.explora.cl\/magallanes\/#\/schema\/logo\/image\/\"}},{\"@type\":\"Person\",\"@id\":\"https:\/\/dev.explora.cl\/magallanes\/#\/schema\/person\/cb8349c13ea2d324080adf8480d7ba5d\",\"name\":\"webman\",\"image\":{\"@type\":\"ImageObject\",\"inLanguage\":\"es-CL\",\"@id\":\"https:\/\/dev.explora.cl\/magallanes\/#\/schema\/person\/image\/\",\"url\":\"https:\/\/secure.gravatar.com\/avatar\/eeff3c82f2c02f7177d13663b7e6f890e9a6a0647ce9bb29cae02dcb094c7312?s=96&d=mm&r=g\",\"contentUrl\":\"https:\/\/secure.gravatar.com\/avatar\/eeff3c82f2c02f7177d13663b7e6f890e9a6a0647ce9bb29cae02dcb094c7312?s=96&d=mm&r=g\",\"caption\":\"webman\"},\"url\":\"https:\/\/dev.explora.cl\/magallanes\/author\/webman\/\"}]}<\/script>\n<!-- \/ Yoast SEO plugin. -->","yoast_head_json":{"title":"Participantes del Campamento Cient\u00edfico Escolar 2018 fueron protagonistas del Congreso del Futuro Junior - Magallanes","robots":{"index":"index","follow":"follow","max-snippet":"max-snippet:-1","max-image-preview":"max-image-preview:large","max-video-preview":"max-video-preview:-1"},"canonical":"https:\/\/dev.explora.cl\/magallanes\/participantes-del-campamento-cientifico-escolar-2018-fueron-protagonistas-del-congreso-del-futuro-junior\/","og_locale":"es_ES","og_type":"article","og_title":"Participantes del Campamento Cient\u00edfico Escolar 2018 fueron protagonistas del Congreso del Futuro Junior - Magallanes","og_description":"Un centenar de ni\u00f1as, ni\u00f1os y j\u00f3venes aprendiendo y debatiendo sobre temas cient\u00edficos dieron vida al Congreso Futuro Junior, actividad que marc\u00f3 el inicio de lo que ser\u00e1 el Congreso Futuro 2018, que se realizar\u00e1 el 15 de enero pr\u00f3ximo y tendr\u00e1 a Magallanes y Ant\u00e1rtica Chilena entre sus regiones sede, por tercer a\u00f1o consecutivo. [&hellip;]","og_url":"https:\/\/dev.explora.cl\/magallanes\/participantes-del-campamento-cientifico-escolar-2018-fueron-protagonistas-del-congreso-del-futuro-junior\/","og_site_name":"Magallanes","article_published_time":"2018-01-08T04:00:00+00:00","article_modified_time":"2019-05-20T21:34:42+00:00","og_image":[{"width":1068,"height":712,"url":"https:\/\/dev.explora.cl\/magallanes\/wp-content\/uploads\/sites\/19\/2018\/06\/Congreso_Futuro_Junior.jpg","type":"image\/jpeg"}],"author":"webman","twitter_card":"summary_large_image","twitter_misc":{"Escrito por":"webman","Tiempo estimado de lectura":"3 minutos"},"schema":{"@context":"https:\/\/schema.org","@graph":[{"@type":"Article","@id":"https:\/\/dev.explora.cl\/magallanes\/participantes-del-campamento-cientifico-escolar-2018-fueron-protagonistas-del-congreso-del-futuro-junior\/#article","isPartOf":{"@id":"https:\/\/dev.explora.cl\/magallanes\/participantes-del-campamento-cientifico-escolar-2018-fueron-protagonistas-del-congreso-del-futuro-junior\/"},"author":{"name":"webman","@id":"https:\/\/dev.explora.cl\/magallanes\/#\/schema\/person\/cb8349c13ea2d324080adf8480d7ba5d"},"headline":"Participantes del Campamento Cient\u00edfico Escolar 2018 fueron protagonistas del Congreso del Futuro Junior","datePublished":"2018-01-08T04:00:00+00:00","dateModified":"2019-05-20T21:34:42+00:00","mainEntityOfPage":{"@id":"https:\/\/dev.explora.cl\/magallanes\/participantes-del-campamento-cientifico-escolar-2018-fueron-protagonistas-del-congreso-del-futuro-junior\/"},"wordCount":576,"commentCount":0,"publisher":{"@id":"https:\/\/dev.explora.cl\/magallanes\/#organization"},"image":{"@id":"https:\/\/dev.explora.cl\/magallanes\/participantes-del-campamento-cientifico-escolar-2018-fueron-protagonistas-del-congreso-del-futuro-junior\/#primaryimage"},"thumbnailUrl":"https:\/\/dev.explora.cl\/magallanes\/wp-content\/uploads\/sites\/19\/2018\/06\/Congreso_Futuro_Junior.jpg","articleSection":["Noticias"],"inLanguage":"es-CL","potentialAction":[{"@type":"CommentAction","name":"Comment","target":["https:\/\/dev.explora.cl\/magallanes\/participantes-del-campamento-cientifico-escolar-2018-fueron-protagonistas-del-congreso-del-futuro-junior\/#respond"]}]},{"@type":"WebPage","@id":"https:\/\/dev.explora.cl\/magallanes\/participantes-del-campamento-cientifico-escolar-2018-fueron-protagonistas-del-congreso-del-futuro-junior\/","url":"https:\/\/dev.explora.cl\/magallanes\/participantes-del-campamento-cientifico-escolar-2018-fueron-protagonistas-del-congreso-del-futuro-junior\/","name":"Participantes del Campamento Cient\u00edfico Escolar 2018 fueron protagonistas del Congreso del Futuro Junior - Magallanes","isPartOf":{"@id":"https:\/\/dev.explora.cl\/magallanes\/#website"},"primaryImageOfPage":{"@id":"https:\/\/dev.explora.cl\/magallanes\/participantes-del-campamento-cientifico-escolar-2018-fueron-protagonistas-del-congreso-del-futuro-junior\/#primaryimage"},"image":{"@id":"https:\/\/dev.explora.cl\/magallanes\/participantes-del-campamento-cientifico-escolar-2018-fueron-protagonistas-del-congreso-del-futuro-junior\/#primaryimage"},"thumbnailUrl":"https:\/\/dev.explora.cl\/magallanes\/wp-content\/uploads\/sites\/19\/2018\/06\/Congreso_Futuro_Junior.jpg","datePublished":"2018-01-08T04:00:00+00:00","dateModified":"2019-05-20T21:34:42+00:00","breadcrumb":{"@id":"https:\/\/dev.explora.cl\/magallanes\/participantes-del-campamento-cientifico-escolar-2018-fueron-protagonistas-del-congreso-del-futuro-junior\/#breadcrumb"},"inLanguage":"es-CL","potentialAction":[{"@type":"ReadAction","target":["https:\/\/dev.explora.cl\/magallanes\/participantes-del-campamento-cientifico-escolar-2018-fueron-protagonistas-del-congreso-del-futuro-junior\/"]}]},{"@type":"ImageObject","inLanguage":"es-CL","@id":"https:\/\/dev.explora.cl\/magallanes\/participantes-del-campamento-cientifico-escolar-2018-fueron-protagonistas-del-congreso-del-futuro-junior\/#primaryimage","url":"https:\/\/dev.explora.cl\/magallanes\/wp-content\/uploads\/sites\/19\/2018\/06\/Congreso_Futuro_Junior.jpg","contentUrl":"https:\/\/dev.explora.cl\/magallanes\/wp-content\/uploads\/sites\/19\/2018\/06\/Congreso_Futuro_Junior.jpg","width":1068,"height":712},{"@type":"BreadcrumbList","@id":"https:\/\/dev.explora.cl\/magallanes\/participantes-del-campamento-cientifico-escolar-2018-fueron-protagonistas-del-congreso-del-futuro-junior\/#breadcrumb","itemListElement":[{"@type":"ListItem","position":1,"name":"Portada","item":"https:\/\/dev.explora.cl\/magallanes\/"},{"@type":"ListItem","position":2,"name":"Participantes del Campamento Cient\u00edfico Escolar 2018 fueron protagonistas del Congreso del Futuro Junior"}]},{"@type":"WebSite","@id":"https:\/\/dev.explora.cl\/magallanes\/#website","url":"https:\/\/dev.explora.cl\/magallanes\/","name":"Magallanes","description":"Otro sitio m\u00e1s de dev.explora.cl","publisher":{"@id":"https:\/\/dev.explora.cl\/magallanes\/#organization"},"potentialAction":[{"@type":"SearchAction","target":{"@type":"EntryPoint","urlTemplate":"https:\/\/dev.explora.cl\/magallanes\/?s={search_term_string}"},"query-input":{"@type":"PropertyValueSpecification","valueRequired":true,"valueName":"search_term_string"}}],"inLanguage":"es-CL"},{"@type":"Organization","@id":"https:\/\/dev.explora.cl\/magallanes\/#organization","name":"Magallanes","url":"https:\/\/dev.explora.cl\/magallanes\/","logo":{"@type":"ImageObject","inLanguage":"es-CL","@id":"https:\/\/dev.explora.cl\/magallanes\/#\/schema\/logo\/image\/","url":"https:\/\/dev.explora.cl\/magallanes\/wp-content\/uploads\/sites\/19\/2021\/06\/cropped-ICONO-COLOR-2.jpg","contentUrl":"https:\/\/dev.explora.cl\/magallanes\/wp-content\/uploads\/sites\/19\/2021\/06\/cropped-ICONO-COLOR-2.jpg","width":1181,"height":1181,"caption":"Magallanes"},"image":{"@id":"https:\/\/dev.explora.cl\/magallanes\/#\/schema\/logo\/image\/"}},{"@type":"Person","@id":"https:\/\/dev.explora.cl\/magallanes\/#\/schema\/person\/cb8349c13ea2d324080adf8480d7ba5d","name":"webman","image":{"@type":"ImageObject","inLanguage":"es-CL","@id":"https:\/\/dev.explora.cl\/magallanes\/#\/schema\/person\/image\/","url":"https:\/\/secure.gravatar.com\/avatar\/eeff3c82f2c02f7177d13663b7e6f890e9a6a0647ce9bb29cae02dcb094c7312?s=96&d=mm&r=g","contentUrl":"https:\/\/secure.gravatar.com\/avatar\/eeff3c82f2c02f7177d13663b7e6f890e9a6a0647ce9bb29cae02dcb094c7312?s=96&d=mm&r=g","caption":"webman"},"url":"https:\/\/dev.explora.cl\/magallanes\/author\/webman\/"}]}},"_links":{"self":[{"href":"https:\/\/dev.explora.cl\/magallanes\/wp-json\/wp\/v2\/posts\/876","targetHints":{"allow":["GET"]}}],"collection":[{"href":"https:\/\/dev.explora.cl\/magallanes\/wp-json\/wp\/v2\/posts"}],"about":[{"href":"https:\/\/dev.explora.cl\/magallanes\/wp-json\/wp\/v2\/types\/post"}],"author":[{"embeddable":true,"href":"https:\/\/dev.explora.cl\/magallanes\/wp-json\/wp\/v2\/users\/2"}],"replies":[{"embeddable":true,"href":"https:\/\/dev.explora.cl\/magallanes\/wp-json\/wp\/v2\/comments?post=876"}],"version-history":[{"count":1,"href":"https:\/\/dev.explora.cl\/magallanes\/wp-json\/wp\/v2\/posts\/876\/revisions"}],"predecessor-version":[{"id":37618,"href":"https:\/\/dev.explora.cl\/magallanes\/wp-json\/wp\/v2\/posts\/876\/revisions\/37618"}],"wp:featuredmedia":[{"embeddable":true,"href":"https:\/\/dev.explora.cl\/magallanes\/wp-json\/wp\/v2\/media\/877"}],"wp:attachment":[{"href":"https:\/\/dev.explora.cl\/magallanes\/wp-json\/wp\/v2\/media?parent=876"}],"wp:term":[{"taxonomy":"category","embeddable":true,"href":"https:\/\/dev.explora.cl\/magallanes\/wp-json\/wp\/v2\/categories?post=876"},{"taxonomy":"post_tag","embeddable":true,"href":"https:\/\/dev.explora.cl\/magallanes\/wp-json\/wp\/v2\/tags?post=876"}],"curies":[{"name":"wp","href":"https:\/\/api.w.org\/{rel}","templated":true}]}}