{"id":874,"date":"2018-01-08T00:00:00","date_gmt":"2018-01-08T04:00:00","guid":{"rendered":"https:\/\/dev.explora.cl\/magallanes\/blog\/2018\/01\/08\/campamento-explora-2018-550-ninos-y-jovenes-vivieron-unas-vacaciones-entretenidas-y-cercanas-a-la-ciencia\/"},"modified":"2019-05-20T21:34:41","modified_gmt":"2019-05-20T21:34:41","slug":"campamento-explora-2018-550-ninos-y-jovenes-vivieron-unas-vacaciones-entretenidas-y-cercanas-a-la-ciencia","status":"publish","type":"post","link":"https:\/\/dev.explora.cl\/magallanes\/campamento-explora-2018-550-ninos-y-jovenes-vivieron-unas-vacaciones-entretenidas-y-cercanas-a-la-ciencia\/","title":{"rendered":"Campamento Cient\u00edfico Escolar 2018: 550 ni\u00f1os y j\u00f3venes vivieron unas vacaciones entretenidas y cercanas a la Ciencia"},"content":{"rendered":"<p><img loading=\"lazy\" decoding=\"async\" class=\" size-full wp-image-29655\" src=\"http:\/\/ec2-54-245-22-188.us-west-2.compute.amazonaws.com\/wp-content\/uploads\/2018\/01\/vicociencia.jpg\" alt=\"\" width=\"960\" height=\"538\" \/><\/p>\n<p>M\u00e1s de 550 ni\u00f1os y j\u00f3venes magall\u00e1nicos se inscribieron para participar de esta entretenida y ya tradicional actividad estival llamada Campamento Cient\u00edfico Escolar del PAR Explora de CONICYT Magallanes y Ant\u00e1rtica Chilena de la Universidad de Magallanes. Una incre\u00edble instancia para que ellos puedan aprendan sobre Ciencia de una manera entretenida mediante: experiencias innovadoras cercanas a la naturaleza y experimentando en laboratorio.&nbsp;<\/p>\n<p>En total fueron 21 fueron los talleres que dieron vida a esta gran actividad estival, los que llevan por nombre: Pajareando por Magallanes, F\u00edsica en la vida cotidiana, Bichitos bajo la lupa, Inventos fascinantes, H2Oc\u00e9anos, Peque\u00f1os Exploradores, Transmisi\u00f3n en la red con Raspberry Pi, VicoCiencia, Bajo la ola: Intervenci\u00f3n Urbana, Jugando con las matem\u00e1ticas, Explorines, Microcazadores de luz, Jard\u00edn Marino, Teatro Cient\u00edfico, Fascinaci\u00f3n por las plantas, Ant\u00e1rtica al l\u00edmite, Geolog\u00eda que nos rodea, Arteciklarte, F\u00e1rmacos en la Naturaleza, Explora Noticias y Detectives de la Ciencia.<\/p>\n<p>Durante la semana del 2 al 6 de enero todos los participantes tuvieron interesantes salidas a terreno, como por ejemplo fueron a la Reserva Forestal Magallanes, al Museo de Historia Natural de R\u00edo Seco, al Humedal Tres Puentes, al Instituto de la Patagonia o al Parque Mar\u00eda Behety, entre otros lugares aleda\u00f1os a Punta Arenas.<\/p>\n<p>La coordinadora ejecutiva del PAR Explora Magallanes, Claudia Salinas efectu\u00f3 un positivo balance de la actividad, indicando que: \u201cEste a\u00f1o ha sido bastante significativo, participaron 550 ni\u00f1os entre 5 y 17 a\u00f1os de edad, distribuidos en 21 talleres, todos impartidos por profesionales del \u00e1rea de la Ciencia, educadoras de p\u00e1rvulo, profesoras de Educaci\u00f3n General B\u00e1sica, entre otros. Si contamos a los participantes, m\u00e1s los jefes de taller, monitores y personal de log\u00edstica, son m\u00e1s de 600 personas las que est\u00e1n participando esta semana. Este Campamento lo que busca es que los ni\u00f1os aprendan sobre ciencia y tecnolog\u00eda de una manera entretenida, es decir,&nbsp; ellos aprenden sobre estas materias en forma de juego\u201d.&nbsp;&nbsp;&nbsp;<\/p>\n<p>Los asistentes se mostraron muy contentos por lo aprendido, es el caso de Francisco Mu\u00f1oz de H2Oc\u00e9anos, \u00e9l manifest\u00f3 sobre su taller: \u201cMuy linda experiencia, cuando empec\u00e9 no estaba muy motivado para ir, pero cuando vine supe que tendr\u00eda que volver de nuevo, es muy entretenido y aprend\u00ed mucho de la ciencia, cosas que uno no ten\u00eda conocimiento\u201d.<\/p>\n<p>Arantxa Araneda, del Taller de F\u00edsica en la Vida Cotidiana, expres\u00f3 \u201cMe pareci\u00f3 muy interesante, prefiero estos talleres en vez de estar encerrada en la casa, quer\u00eda aprender sobre f\u00edsica porque me parec\u00eda divertido y es algo totalmente nuevo para m\u00ed. Ha sido muy grata la experiencia de estar en el Campamento Explora, en mi taller he hecho muchos amigos, sin duda una experiencia inolvidable\u201d.<\/p>\n<p>Catalina Hern\u00e1ndez, una joven integrante del Taller Transmisi\u00f3n en la red con Raspberry Pi, coment\u00f3: \u201cAprend\u00ed cosas, que ni imaginaba aprender, como diversas actividades con la tecnolog\u00eda, que sin duda me servir\u00e1n mucho para el futuro\u201d.<\/p>\n<p>Para Le\u00f3n \u00c1lvarez del Taller Ant\u00e1rtica al L\u00edmite, fue una semana cargada de aprendizajes: \u201cEs muy divertido y aprendo cosas por ejemplo que la Ant\u00e1rtica se est\u00e1 derritiendo y&nbsp; tambi\u00e9n aprend\u00ed sobre los animales que hay ah\u00ed\u201d, que son muy fascinantes.<\/p>\n<p>Fernando Bobenrieth, un joven del taller de F\u00e1rmacos de la Naturaleza, manifest\u00f3: \u201cUno aprende mucho, tambi\u00e9n empieza a saber sobre c\u00f3mo trabajan los cient\u00edficos d\u00eda a d\u00eda creando experimentos fascinantes y fuera de lo com\u00fan.<\/p>\n<p>Finalmente, los talleres del Campamento Cient\u00edfico Escolar 2018 concluyeron con una muestra educativa de los trabajos que hicieron durante la semana, la que se mont\u00f3 en el Patio Cubierto de la Facultad de Ingenier\u00eda de la Universidad de Magallanes. Posterior a ello, los participantes y sus familias concurrieron hasta el Gimnasio de la Umag para presenciar la obra del Taller de Teatro Cient\u00edfico sobre el descubrimiento del Estrecho de Magalllanes.&nbsp;<\/p>\n","protected":false},"excerpt":{"rendered":"<p>M\u00e1s de 550 ni\u00f1os y j\u00f3venes magall\u00e1nicos se inscribieron para participar de esta entretenida y ya tradicional actividad estival llamada Campamento Cient\u00edfico Escolar del PAR Explora de CONICYT Magallanes y Ant\u00e1rtica Chilena de la Universidad de Magallanes. Una incre\u00edble instancia para que ellos puedan aprendan sobre Ciencia de una manera entretenida mediante: experiencias innovadoras cercanas [&hellip;]<\/p>\n","protected":false},"author":2,"featured_media":875,"comment_status":"open","ping_status":"open","sticky":false,"template":"","format":"standard","meta":{"_acf_changed":false,"_exactmetrics_skip_tracking":false,"_exactmetrics_sitenote_active":false,"_exactmetrics_sitenote_note":"","_exactmetrics_sitenote_category":0,"footnotes":"","_links_to":"","_links_to_target":""},"categories":[4],"tags":[],"class_list":["post-874","post","type-post","status-publish","format-standard","has-post-thumbnail","hentry","category-noticias"],"acf":[],"yoast_head":"<!-- This site is optimized with the Yoast SEO plugin v26.7 - https:\/\/yoast.com\/wordpress\/plugins\/seo\/ -->\n<title>Campamento Cient\u00edfico Escolar 2018: 550 ni\u00f1os y j\u00f3venes vivieron unas vacaciones entretenidas y cercanas a la Ciencia - Magallanes<\/title>\n<meta name=\"robots\" content=\"index, follow, max-snippet:-1, max-image-preview:large, max-video-preview:-1\" \/>\n<link rel=\"canonical\" href=\"https:\/\/dev.explora.cl\/magallanes\/campamento-explora-2018-550-ninos-y-jovenes-vivieron-unas-vacaciones-entretenidas-y-cercanas-a-la-ciencia\/\" class=\"yoast-seo-meta-tag\" \/>\n<meta property=\"og:locale\" content=\"es_ES\" class=\"yoast-seo-meta-tag\" \/>\n<meta property=\"og:type\" content=\"article\" class=\"yoast-seo-meta-tag\" \/>\n<meta property=\"og:title\" content=\"Campamento Cient\u00edfico Escolar 2018: 550 ni\u00f1os y j\u00f3venes vivieron unas vacaciones entretenidas y cercanas a la Ciencia - Magallanes\" class=\"yoast-seo-meta-tag\" \/>\n<meta property=\"og:description\" content=\"M\u00e1s de 550 ni\u00f1os y j\u00f3venes magall\u00e1nicos se inscribieron para participar de esta entretenida y ya tradicional actividad estival llamada Campamento Cient\u00edfico Escolar del PAR Explora de CONICYT Magallanes y Ant\u00e1rtica Chilena de la Universidad de Magallanes. Una incre\u00edble instancia para que ellos puedan aprendan sobre Ciencia de una manera entretenida mediante: experiencias innovadoras cercanas [&hellip;]\" class=\"yoast-seo-meta-tag\" \/>\n<meta property=\"og:url\" content=\"https:\/\/dev.explora.cl\/magallanes\/campamento-explora-2018-550-ninos-y-jovenes-vivieron-unas-vacaciones-entretenidas-y-cercanas-a-la-ciencia\/\" class=\"yoast-seo-meta-tag\" \/>\n<meta property=\"og:site_name\" content=\"Magallanes\" class=\"yoast-seo-meta-tag\" \/>\n<meta property=\"article:published_time\" content=\"2018-01-08T04:00:00+00:00\" class=\"yoast-seo-meta-tag\" \/>\n<meta property=\"article:modified_time\" content=\"2019-05-20T21:34:41+00:00\" class=\"yoast-seo-meta-tag\" \/>\n<meta property=\"og:image\" content=\"https:\/\/dev.explora.cl\/magallanes\/wp-content\/uploads\/sites\/19\/2018\/06\/vicociencia.jpg\" class=\"yoast-seo-meta-tag\" \/>\n\t<meta property=\"og:image:width\" content=\"960\" class=\"yoast-seo-meta-tag\" \/>\n\t<meta property=\"og:image:height\" content=\"538\" class=\"yoast-seo-meta-tag\" \/>\n\t<meta property=\"og:image:type\" content=\"image\/jpeg\" class=\"yoast-seo-meta-tag\" \/>\n<meta name=\"author\" content=\"webman\" class=\"yoast-seo-meta-tag\" \/>\n<meta name=\"twitter:card\" content=\"summary_large_image\" class=\"yoast-seo-meta-tag\" \/>\n<meta name=\"twitter:label1\" content=\"Escrito por\" class=\"yoast-seo-meta-tag\" \/>\n\t<meta name=\"twitter:data1\" content=\"webman\" class=\"yoast-seo-meta-tag\" \/>\n\t<meta name=\"twitter:label2\" content=\"Tiempo estimado de lectura\" class=\"yoast-seo-meta-tag\" \/>\n\t<meta name=\"twitter:data2\" content=\"3 minutos\" class=\"yoast-seo-meta-tag\" \/>\n<script type=\"application\/ld+json\" class=\"yoast-schema-graph\">{\"@context\":\"https:\/\/schema.org\",\"@graph\":[{\"@type\":\"Article\",\"@id\":\"https:\/\/dev.explora.cl\/magallanes\/campamento-explora-2018-550-ninos-y-jovenes-vivieron-unas-vacaciones-entretenidas-y-cercanas-a-la-ciencia\/#article\",\"isPartOf\":{\"@id\":\"https:\/\/dev.explora.cl\/magallanes\/campamento-explora-2018-550-ninos-y-jovenes-vivieron-unas-vacaciones-entretenidas-y-cercanas-a-la-ciencia\/\"},\"author\":{\"name\":\"webman\",\"@id\":\"https:\/\/dev.explora.cl\/magallanes\/#\/schema\/person\/cb8349c13ea2d324080adf8480d7ba5d\"},\"headline\":\"Campamento Cient\u00edfico Escolar 2018: 550 ni\u00f1os y j\u00f3venes vivieron unas vacaciones entretenidas y cercanas a la Ciencia\",\"datePublished\":\"2018-01-08T04:00:00+00:00\",\"dateModified\":\"2019-05-20T21:34:41+00:00\",\"mainEntityOfPage\":{\"@id\":\"https:\/\/dev.explora.cl\/magallanes\/campamento-explora-2018-550-ninos-y-jovenes-vivieron-unas-vacaciones-entretenidas-y-cercanas-a-la-ciencia\/\"},\"wordCount\":698,\"commentCount\":0,\"publisher\":{\"@id\":\"https:\/\/dev.explora.cl\/magallanes\/#organization\"},\"image\":{\"@id\":\"https:\/\/dev.explora.cl\/magallanes\/campamento-explora-2018-550-ninos-y-jovenes-vivieron-unas-vacaciones-entretenidas-y-cercanas-a-la-ciencia\/#primaryimage\"},\"thumbnailUrl\":\"https:\/\/dev.explora.cl\/magallanes\/wp-content\/uploads\/sites\/19\/2018\/06\/vicociencia.jpg\",\"articleSection\":[\"Noticias\"],\"inLanguage\":\"es-CL\",\"potentialAction\":[{\"@type\":\"CommentAction\",\"name\":\"Comment\",\"target\":[\"https:\/\/dev.explora.cl\/magallanes\/campamento-explora-2018-550-ninos-y-jovenes-vivieron-unas-vacaciones-entretenidas-y-cercanas-a-la-ciencia\/#respond\"]}]},{\"@type\":\"WebPage\",\"@id\":\"https:\/\/dev.explora.cl\/magallanes\/campamento-explora-2018-550-ninos-y-jovenes-vivieron-unas-vacaciones-entretenidas-y-cercanas-a-la-ciencia\/\",\"url\":\"https:\/\/dev.explora.cl\/magallanes\/campamento-explora-2018-550-ninos-y-jovenes-vivieron-unas-vacaciones-entretenidas-y-cercanas-a-la-ciencia\/\",\"name\":\"Campamento Cient\u00edfico Escolar 2018: 550 ni\u00f1os y j\u00f3venes vivieron unas vacaciones entretenidas y cercanas a la Ciencia - Magallanes\",\"isPartOf\":{\"@id\":\"https:\/\/dev.explora.cl\/magallanes\/#website\"},\"primaryImageOfPage\":{\"@id\":\"https:\/\/dev.explora.cl\/magallanes\/campamento-explora-2018-550-ninos-y-jovenes-vivieron-unas-vacaciones-entretenidas-y-cercanas-a-la-ciencia\/#primaryimage\"},\"image\":{\"@id\":\"https:\/\/dev.explora.cl\/magallanes\/campamento-explora-2018-550-ninos-y-jovenes-vivieron-unas-vacaciones-entretenidas-y-cercanas-a-la-ciencia\/#primaryimage\"},\"thumbnailUrl\":\"https:\/\/dev.explora.cl\/magallanes\/wp-content\/uploads\/sites\/19\/2018\/06\/vicociencia.jpg\",\"datePublished\":\"2018-01-08T04:00:00+00:00\",\"dateModified\":\"2019-05-20T21:34:41+00:00\",\"breadcrumb\":{\"@id\":\"https:\/\/dev.explora.cl\/magallanes\/campamento-explora-2018-550-ninos-y-jovenes-vivieron-unas-vacaciones-entretenidas-y-cercanas-a-la-ciencia\/#breadcrumb\"},\"inLanguage\":\"es-CL\",\"potentialAction\":[{\"@type\":\"ReadAction\",\"target\":[\"https:\/\/dev.explora.cl\/magallanes\/campamento-explora-2018-550-ninos-y-jovenes-vivieron-unas-vacaciones-entretenidas-y-cercanas-a-la-ciencia\/\"]}]},{\"@type\":\"ImageObject\",\"inLanguage\":\"es-CL\",\"@id\":\"https:\/\/dev.explora.cl\/magallanes\/campamento-explora-2018-550-ninos-y-jovenes-vivieron-unas-vacaciones-entretenidas-y-cercanas-a-la-ciencia\/#primaryimage\",\"url\":\"https:\/\/dev.explora.cl\/magallanes\/wp-content\/uploads\/sites\/19\/2018\/06\/vicociencia.jpg\",\"contentUrl\":\"https:\/\/dev.explora.cl\/magallanes\/wp-content\/uploads\/sites\/19\/2018\/06\/vicociencia.jpg\",\"width\":960,\"height\":538},{\"@type\":\"BreadcrumbList\",\"@id\":\"https:\/\/dev.explora.cl\/magallanes\/campamento-explora-2018-550-ninos-y-jovenes-vivieron-unas-vacaciones-entretenidas-y-cercanas-a-la-ciencia\/#breadcrumb\",\"itemListElement\":[{\"@type\":\"ListItem\",\"position\":1,\"name\":\"Portada\",\"item\":\"https:\/\/dev.explora.cl\/magallanes\/\"},{\"@type\":\"ListItem\",\"position\":2,\"name\":\"Campamento Cient\u00edfico Escolar 2018: 550 ni\u00f1os y j\u00f3venes vivieron unas vacaciones entretenidas y cercanas a la Ciencia\"}]},{\"@type\":\"WebSite\",\"@id\":\"https:\/\/dev.explora.cl\/magallanes\/#website\",\"url\":\"https:\/\/dev.explora.cl\/magallanes\/\",\"name\":\"Magallanes\",\"description\":\"Otro sitio m\u00e1s de dev.explora.cl\",\"publisher\":{\"@id\":\"https:\/\/dev.explora.cl\/magallanes\/#organization\"},\"potentialAction\":[{\"@type\":\"SearchAction\",\"target\":{\"@type\":\"EntryPoint\",\"urlTemplate\":\"https:\/\/dev.explora.cl\/magallanes\/?s={search_term_string}\"},\"query-input\":{\"@type\":\"PropertyValueSpecification\",\"valueRequired\":true,\"valueName\":\"search_term_string\"}}],\"inLanguage\":\"es-CL\"},{\"@type\":\"Organization\",\"@id\":\"https:\/\/dev.explora.cl\/magallanes\/#organization\",\"name\":\"Magallanes\",\"url\":\"https:\/\/dev.explora.cl\/magallanes\/\",\"logo\":{\"@type\":\"ImageObject\",\"inLanguage\":\"es-CL\",\"@id\":\"https:\/\/dev.explora.cl\/magallanes\/#\/schema\/logo\/image\/\",\"url\":\"https:\/\/dev.explora.cl\/magallanes\/wp-content\/uploads\/sites\/19\/2021\/06\/cropped-ICONO-COLOR-2.jpg\",\"contentUrl\":\"https:\/\/dev.explora.cl\/magallanes\/wp-content\/uploads\/sites\/19\/2021\/06\/cropped-ICONO-COLOR-2.jpg\",\"width\":1181,\"height\":1181,\"caption\":\"Magallanes\"},\"image\":{\"@id\":\"https:\/\/dev.explora.cl\/magallanes\/#\/schema\/logo\/image\/\"}},{\"@type\":\"Person\",\"@id\":\"https:\/\/dev.explora.cl\/magallanes\/#\/schema\/person\/cb8349c13ea2d324080adf8480d7ba5d\",\"name\":\"webman\",\"image\":{\"@type\":\"ImageObject\",\"inLanguage\":\"es-CL\",\"@id\":\"https:\/\/dev.explora.cl\/magallanes\/#\/schema\/person\/image\/\",\"url\":\"https:\/\/secure.gravatar.com\/avatar\/eeff3c82f2c02f7177d13663b7e6f890e9a6a0647ce9bb29cae02dcb094c7312?s=96&d=mm&r=g\",\"contentUrl\":\"https:\/\/secure.gravatar.com\/avatar\/eeff3c82f2c02f7177d13663b7e6f890e9a6a0647ce9bb29cae02dcb094c7312?s=96&d=mm&r=g\",\"caption\":\"webman\"},\"url\":\"https:\/\/dev.explora.cl\/magallanes\/author\/webman\/\"}]}<\/script>\n<!-- \/ Yoast SEO plugin. -->","yoast_head_json":{"title":"Campamento Cient\u00edfico Escolar 2018: 550 ni\u00f1os y j\u00f3venes vivieron unas vacaciones entretenidas y cercanas a la Ciencia - Magallanes","robots":{"index":"index","follow":"follow","max-snippet":"max-snippet:-1","max-image-preview":"max-image-preview:large","max-video-preview":"max-video-preview:-1"},"canonical":"https:\/\/dev.explora.cl\/magallanes\/campamento-explora-2018-550-ninos-y-jovenes-vivieron-unas-vacaciones-entretenidas-y-cercanas-a-la-ciencia\/","og_locale":"es_ES","og_type":"article","og_title":"Campamento Cient\u00edfico Escolar 2018: 550 ni\u00f1os y j\u00f3venes vivieron unas vacaciones entretenidas y cercanas a la Ciencia - Magallanes","og_description":"M\u00e1s de 550 ni\u00f1os y j\u00f3venes magall\u00e1nicos se inscribieron para participar de esta entretenida y ya tradicional actividad estival llamada Campamento Cient\u00edfico Escolar del PAR Explora de CONICYT Magallanes y Ant\u00e1rtica Chilena de la Universidad de Magallanes. Una incre\u00edble instancia para que ellos puedan aprendan sobre Ciencia de una manera entretenida mediante: experiencias innovadoras cercanas [&hellip;]","og_url":"https:\/\/dev.explora.cl\/magallanes\/campamento-explora-2018-550-ninos-y-jovenes-vivieron-unas-vacaciones-entretenidas-y-cercanas-a-la-ciencia\/","og_site_name":"Magallanes","article_published_time":"2018-01-08T04:00:00+00:00","article_modified_time":"2019-05-20T21:34:41+00:00","og_image":[{"width":960,"height":538,"url":"https:\/\/dev.explora.cl\/magallanes\/wp-content\/uploads\/sites\/19\/2018\/06\/vicociencia.jpg","type":"image\/jpeg"}],"author":"webman","twitter_card":"summary_large_image","twitter_misc":{"Escrito por":"webman","Tiempo estimado de lectura":"3 minutos"},"schema":{"@context":"https:\/\/schema.org","@graph":[{"@type":"Article","@id":"https:\/\/dev.explora.cl\/magallanes\/campamento-explora-2018-550-ninos-y-jovenes-vivieron-unas-vacaciones-entretenidas-y-cercanas-a-la-ciencia\/#article","isPartOf":{"@id":"https:\/\/dev.explora.cl\/magallanes\/campamento-explora-2018-550-ninos-y-jovenes-vivieron-unas-vacaciones-entretenidas-y-cercanas-a-la-ciencia\/"},"author":{"name":"webman","@id":"https:\/\/dev.explora.cl\/magallanes\/#\/schema\/person\/cb8349c13ea2d324080adf8480d7ba5d"},"headline":"Campamento Cient\u00edfico Escolar 2018: 550 ni\u00f1os y j\u00f3venes vivieron unas vacaciones entretenidas y cercanas a la Ciencia","datePublished":"2018-01-08T04:00:00+00:00","dateModified":"2019-05-20T21:34:41+00:00","mainEntityOfPage":{"@id":"https:\/\/dev.explora.cl\/magallanes\/campamento-explora-2018-550-ninos-y-jovenes-vivieron-unas-vacaciones-entretenidas-y-cercanas-a-la-ciencia\/"},"wordCount":698,"commentCount":0,"publisher":{"@id":"https:\/\/dev.explora.cl\/magallanes\/#organization"},"image":{"@id":"https:\/\/dev.explora.cl\/magallanes\/campamento-explora-2018-550-ninos-y-jovenes-vivieron-unas-vacaciones-entretenidas-y-cercanas-a-la-ciencia\/#primaryimage"},"thumbnailUrl":"https:\/\/dev.explora.cl\/magallanes\/wp-content\/uploads\/sites\/19\/2018\/06\/vicociencia.jpg","articleSection":["Noticias"],"inLanguage":"es-CL","potentialAction":[{"@type":"CommentAction","name":"Comment","target":["https:\/\/dev.explora.cl\/magallanes\/campamento-explora-2018-550-ninos-y-jovenes-vivieron-unas-vacaciones-entretenidas-y-cercanas-a-la-ciencia\/#respond"]}]},{"@type":"WebPage","@id":"https:\/\/dev.explora.cl\/magallanes\/campamento-explora-2018-550-ninos-y-jovenes-vivieron-unas-vacaciones-entretenidas-y-cercanas-a-la-ciencia\/","url":"https:\/\/dev.explora.cl\/magallanes\/campamento-explora-2018-550-ninos-y-jovenes-vivieron-unas-vacaciones-entretenidas-y-cercanas-a-la-ciencia\/","name":"Campamento Cient\u00edfico Escolar 2018: 550 ni\u00f1os y j\u00f3venes vivieron unas vacaciones entretenidas y cercanas a la Ciencia - Magallanes","isPartOf":{"@id":"https:\/\/dev.explora.cl\/magallanes\/#website"},"primaryImageOfPage":{"@id":"https:\/\/dev.explora.cl\/magallanes\/campamento-explora-2018-550-ninos-y-jovenes-vivieron-unas-vacaciones-entretenidas-y-cercanas-a-la-ciencia\/#primaryimage"},"image":{"@id":"https:\/\/dev.explora.cl\/magallanes\/campamento-explora-2018-550-ninos-y-jovenes-vivieron-unas-vacaciones-entretenidas-y-cercanas-a-la-ciencia\/#primaryimage"},"thumbnailUrl":"https:\/\/dev.explora.cl\/magallanes\/wp-content\/uploads\/sites\/19\/2018\/06\/vicociencia.jpg","datePublished":"2018-01-08T04:00:00+00:00","dateModified":"2019-05-20T21:34:41+00:00","breadcrumb":{"@id":"https:\/\/dev.explora.cl\/magallanes\/campamento-explora-2018-550-ninos-y-jovenes-vivieron-unas-vacaciones-entretenidas-y-cercanas-a-la-ciencia\/#breadcrumb"},"inLanguage":"es-CL","potentialAction":[{"@type":"ReadAction","target":["https:\/\/dev.explora.cl\/magallanes\/campamento-explora-2018-550-ninos-y-jovenes-vivieron-unas-vacaciones-entretenidas-y-cercanas-a-la-ciencia\/"]}]},{"@type":"ImageObject","inLanguage":"es-CL","@id":"https:\/\/dev.explora.cl\/magallanes\/campamento-explora-2018-550-ninos-y-jovenes-vivieron-unas-vacaciones-entretenidas-y-cercanas-a-la-ciencia\/#primaryimage","url":"https:\/\/dev.explora.cl\/magallanes\/wp-content\/uploads\/sites\/19\/2018\/06\/vicociencia.jpg","contentUrl":"https:\/\/dev.explora.cl\/magallanes\/wp-content\/uploads\/sites\/19\/2018\/06\/vicociencia.jpg","width":960,"height":538},{"@type":"BreadcrumbList","@id":"https:\/\/dev.explora.cl\/magallanes\/campamento-explora-2018-550-ninos-y-jovenes-vivieron-unas-vacaciones-entretenidas-y-cercanas-a-la-ciencia\/#breadcrumb","itemListElement":[{"@type":"ListItem","position":1,"name":"Portada","item":"https:\/\/dev.explora.cl\/magallanes\/"},{"@type":"ListItem","position":2,"name":"Campamento Cient\u00edfico Escolar 2018: 550 ni\u00f1os y j\u00f3venes vivieron unas vacaciones entretenidas y cercanas a la Ciencia"}]},{"@type":"WebSite","@id":"https:\/\/dev.explora.cl\/magallanes\/#website","url":"https:\/\/dev.explora.cl\/magallanes\/","name":"Magallanes","description":"Otro sitio m\u00e1s de dev.explora.cl","publisher":{"@id":"https:\/\/dev.explora.cl\/magallanes\/#organization"},"potentialAction":[{"@type":"SearchAction","target":{"@type":"EntryPoint","urlTemplate":"https:\/\/dev.explora.cl\/magallanes\/?s={search_term_string}"},"query-input":{"@type":"PropertyValueSpecification","valueRequired":true,"valueName":"search_term_string"}}],"inLanguage":"es-CL"},{"@type":"Organization","@id":"https:\/\/dev.explora.cl\/magallanes\/#organization","name":"Magallanes","url":"https:\/\/dev.explora.cl\/magallanes\/","logo":{"@type":"ImageObject","inLanguage":"es-CL","@id":"https:\/\/dev.explora.cl\/magallanes\/#\/schema\/logo\/image\/","url":"https:\/\/dev.explora.cl\/magallanes\/wp-content\/uploads\/sites\/19\/2021\/06\/cropped-ICONO-COLOR-2.jpg","contentUrl":"https:\/\/dev.explora.cl\/magallanes\/wp-content\/uploads\/sites\/19\/2021\/06\/cropped-ICONO-COLOR-2.jpg","width":1181,"height":1181,"caption":"Magallanes"},"image":{"@id":"https:\/\/dev.explora.cl\/magallanes\/#\/schema\/logo\/image\/"}},{"@type":"Person","@id":"https:\/\/dev.explora.cl\/magallanes\/#\/schema\/person\/cb8349c13ea2d324080adf8480d7ba5d","name":"webman","image":{"@type":"ImageObject","inLanguage":"es-CL","@id":"https:\/\/dev.explora.cl\/magallanes\/#\/schema\/person\/image\/","url":"https:\/\/secure.gravatar.com\/avatar\/eeff3c82f2c02f7177d13663b7e6f890e9a6a0647ce9bb29cae02dcb094c7312?s=96&d=mm&r=g","contentUrl":"https:\/\/secure.gravatar.com\/avatar\/eeff3c82f2c02f7177d13663b7e6f890e9a6a0647ce9bb29cae02dcb094c7312?s=96&d=mm&r=g","caption":"webman"},"url":"https:\/\/dev.explora.cl\/magallanes\/author\/webman\/"}]}},"_links":{"self":[{"href":"https:\/\/dev.explora.cl\/magallanes\/wp-json\/wp\/v2\/posts\/874","targetHints":{"allow":["GET"]}}],"collection":[{"href":"https:\/\/dev.explora.cl\/magallanes\/wp-json\/wp\/v2\/posts"}],"about":[{"href":"https:\/\/dev.explora.cl\/magallanes\/wp-json\/wp\/v2\/types\/post"}],"author":[{"embeddable":true,"href":"https:\/\/dev.explora.cl\/magallanes\/wp-json\/wp\/v2\/users\/2"}],"replies":[{"embeddable":true,"href":"https:\/\/dev.explora.cl\/magallanes\/wp-json\/wp\/v2\/comments?post=874"}],"version-history":[{"count":1,"href":"https:\/\/dev.explora.cl\/magallanes\/wp-json\/wp\/v2\/posts\/874\/revisions"}],"predecessor-version":[{"id":37617,"href":"https:\/\/dev.explora.cl\/magallanes\/wp-json\/wp\/v2\/posts\/874\/revisions\/37617"}],"wp:featuredmedia":[{"embeddable":true,"href":"https:\/\/dev.explora.cl\/magallanes\/wp-json\/wp\/v2\/media\/875"}],"wp:attachment":[{"href":"https:\/\/dev.explora.cl\/magallanes\/wp-json\/wp\/v2\/media?parent=874"}],"wp:term":[{"taxonomy":"category","embeddable":true,"href":"https:\/\/dev.explora.cl\/magallanes\/wp-json\/wp\/v2\/categories?post=874"},{"taxonomy":"post_tag","embeddable":true,"href":"https:\/\/dev.explora.cl\/magallanes\/wp-json\/wp\/v2\/tags?post=874"}],"curies":[{"name":"wp","href":"https:\/\/api.w.org\/{rel}","templated":true}]}}