{"id":873,"date":"2017-12-31T00:00:00","date_gmt":"2017-12-31T04:00:00","guid":{"rendered":"https:\/\/dev.explora.cl\/magallanes\/blog\/2017\/12\/31\/mas-de-500-estudiantes-magallanicos-participaran-en-el-campamento-cientifico-escolar-2018\/"},"modified":"2019-05-20T21:34:43","modified_gmt":"2019-05-20T21:34:43","slug":"mas-de-500-estudiantes-magallanicos-participaran-en-el-campamento-cientifico-escolar-2018","status":"publish","type":"post","link":"https:\/\/dev.explora.cl\/magallanes\/mas-de-500-estudiantes-magallanicos-participaran-en-el-campamento-cientifico-escolar-2018\/","title":{"rendered":"M\u00e1s de 500 estudiantes magall\u00e1nicos participar\u00e1n en el Campamento Cient\u00edfico Escolar 2018"},"content":{"rendered":"<p>M\u00e1s de 500 ni\u00f1os, ni\u00f1as y j\u00f3venes participar\u00e1n en una nueva versi\u00f3n del Campamento Cient\u00edfico Escolar 2018 del Proyecto Asociativo Regional (PAR) Explora de CONICYT Magallanes y de la Ant\u00e1rtica Chilena de la Universidad de Magallanes. Una intensa semana de aprendizajes cient\u00edficos que comenzar\u00e1 este martes 2 de enero a las 09.00 horas en el edificio de la Facultad de Ingenier\u00eda de la Universidad de Magallanes.<\/p>\n<p>21 son los talleres que dar\u00e1n vida a esta gran actividad estival, estos llevan por nombre: Pajareando por Magallanes, F\u00edsica en la vida cotidiana, Bichitos bajo la lupa, Inventos fascinantes, H2Oc\u00e9anos, Peque\u00f1os Exploradores, Transmisi\u00f3n en la red con Raspberry Pi, VicoCiencia, Bajo la ola: Intervenci\u00f3n Urbana, Jugando con las matem\u00e1ticas, Explorines, Microcazadores de luz, Jard\u00edn Marino, Teatro Cient\u00edfico, Fascinaci\u00f3n por las plantas, Ant\u00e1rtica al l\u00edmite, Geolog\u00eda que nos rodea, Arteciklarte, F\u00e1rmacos en la Naturaleza, Explora Noticias y Detectives de la Ciencia.<\/p>\n<p>Asistir\u00e1n estudiantes desde los cinco a los 17 a\u00f1os de edad, que podr\u00e1n aprender sobre ciencia de una manera entretenida; mediante salidas a terreno y experiencias en laboratorio.<\/p>\n<p>\u201cEl Campamento Cient\u00edfico Escolar busca que los ni\u00f1os que est\u00e9n en edad escolar aprendan de Ciencia de una forma entretenida, haciendo diversas actividades, y saliendo a terreno para conocer su entorno, tenemos 21 talleres, que est\u00e1n a cargo de profesionales de distintas \u00e1reas y tambi\u00e9n profesores de educaci\u00f3n b\u00e1sica, educaci\u00f3n parvularia, que nos colaboran con la ejecuci\u00f3n de estos talleres. Lo que buscamos es que los ni\u00f1os tengan unas vacaciones diferentes, vinculadas con la ciencia, con el arte, con la tecnolog\u00eda, y que por supuesto, puedan aprender cosas nuevas\u201d, detall\u00f3 la coordinadora ejecutiva del PAR Explora de CONICYT Regi\u00f3n de Magallanes y de la Ant\u00e1rtica Chilena, Claudia Salinas.<\/p>\n<p>Asimismo, los asistentes podr\u00e1n participar de actividades conjuntas como exhibici\u00f3n de cortos educativos y jugar en las alianzas. Concluyendo con una muestra final de todo lo que realizaron durante los talleres. Actividad que se efectuar\u00e1 el d\u00eda s\u00e1bado 6 de enero a contar de las 10 horas en dependencias del Edificio de Ingenier\u00eda de la Universidad de Magallanes.<\/p>\n","protected":false},"excerpt":{"rendered":"<p>M\u00e1s de 500 ni\u00f1os, ni\u00f1as y j\u00f3venes participar\u00e1n en una nueva versi\u00f3n del Campamento Cient\u00edfico Escolar 2018 del Proyecto Asociativo Regional (PAR) Explora de CONICYT Magallanes y de la Ant\u00e1rtica Chilena de la Universidad de Magallanes. Una intensa semana de aprendizajes cient\u00edficos que comenzar\u00e1 este martes 2 de enero a las 09.00 horas en el [&hellip;]<\/p>\n","protected":false},"author":2,"featured_media":562,"comment_status":"open","ping_status":"open","sticky":false,"template":"","format":"standard","meta":{"_acf_changed":false,"_exactmetrics_skip_tracking":false,"_exactmetrics_sitenote_active":false,"_exactmetrics_sitenote_note":"","_exactmetrics_sitenote_category":0,"footnotes":"","_links_to":"","_links_to_target":""},"categories":[4],"tags":[],"class_list":["post-873","post","type-post","status-publish","format-standard","has-post-thumbnail","hentry","category-noticias"],"acf":[],"yoast_head":"<!-- This site is optimized with the Yoast SEO plugin v26.7 - https:\/\/yoast.com\/wordpress\/plugins\/seo\/ -->\n<title>M\u00e1s de 500 estudiantes magall\u00e1nicos participar\u00e1n en el Campamento Cient\u00edfico Escolar 2018 - Magallanes<\/title>\n<meta name=\"robots\" content=\"index, follow, max-snippet:-1, max-image-preview:large, max-video-preview:-1\" \/>\n<link rel=\"canonical\" href=\"https:\/\/dev.explora.cl\/magallanes\/mas-de-500-estudiantes-magallanicos-participaran-en-el-campamento-cientifico-escolar-2018\/\" class=\"yoast-seo-meta-tag\" \/>\n<meta property=\"og:locale\" content=\"es_ES\" class=\"yoast-seo-meta-tag\" \/>\n<meta property=\"og:type\" content=\"article\" class=\"yoast-seo-meta-tag\" \/>\n<meta property=\"og:title\" content=\"M\u00e1s de 500 estudiantes magall\u00e1nicos participar\u00e1n en el Campamento Cient\u00edfico Escolar 2018 - Magallanes\" class=\"yoast-seo-meta-tag\" \/>\n<meta property=\"og:description\" content=\"M\u00e1s de 500 ni\u00f1os, ni\u00f1as y j\u00f3venes participar\u00e1n en una nueva versi\u00f3n del Campamento Cient\u00edfico Escolar 2018 del Proyecto Asociativo Regional (PAR) Explora de CONICYT Magallanes y de la Ant\u00e1rtica Chilena de la Universidad de Magallanes. Una intensa semana de aprendizajes cient\u00edficos que comenzar\u00e1 este martes 2 de enero a las 09.00 horas en el [&hellip;]\" class=\"yoast-seo-meta-tag\" \/>\n<meta property=\"og:url\" content=\"https:\/\/dev.explora.cl\/magallanes\/mas-de-500-estudiantes-magallanicos-participaran-en-el-campamento-cientifico-escolar-2018\/\" class=\"yoast-seo-meta-tag\" \/>\n<meta property=\"og:site_name\" content=\"Magallanes\" class=\"yoast-seo-meta-tag\" \/>\n<meta property=\"article:published_time\" content=\"2017-12-31T04:00:00+00:00\" class=\"yoast-seo-meta-tag\" \/>\n<meta property=\"article:modified_time\" content=\"2019-05-20T21:34:43+00:00\" class=\"yoast-seo-meta-tag\" \/>\n<meta property=\"og:image\" content=\"https:\/\/dev.explora.cl\/magallanes\/wp-content\/uploads\/sites\/19\/2018\/06\/Descubriendo-la-naturaleza-reserva.jpg\" class=\"yoast-seo-meta-tag\" \/>\n\t<meta property=\"og:image:width\" content=\"960\" class=\"yoast-seo-meta-tag\" \/>\n\t<meta property=\"og:image:height\" content=\"539\" class=\"yoast-seo-meta-tag\" \/>\n\t<meta property=\"og:image:type\" content=\"image\/jpeg\" class=\"yoast-seo-meta-tag\" \/>\n<meta name=\"author\" content=\"webman\" class=\"yoast-seo-meta-tag\" \/>\n<meta name=\"twitter:card\" content=\"summary_large_image\" class=\"yoast-seo-meta-tag\" \/>\n<meta name=\"twitter:label1\" content=\"Escrito por\" class=\"yoast-seo-meta-tag\" \/>\n\t<meta name=\"twitter:data1\" content=\"webman\" class=\"yoast-seo-meta-tag\" \/>\n\t<meta name=\"twitter:label2\" content=\"Tiempo estimado de lectura\" class=\"yoast-seo-meta-tag\" \/>\n\t<meta name=\"twitter:data2\" content=\"2 minutos\" class=\"yoast-seo-meta-tag\" \/>\n<script type=\"application\/ld+json\" class=\"yoast-schema-graph\">{\"@context\":\"https:\/\/schema.org\",\"@graph\":[{\"@type\":\"Article\",\"@id\":\"https:\/\/dev.explora.cl\/magallanes\/mas-de-500-estudiantes-magallanicos-participaran-en-el-campamento-cientifico-escolar-2018\/#article\",\"isPartOf\":{\"@id\":\"https:\/\/dev.explora.cl\/magallanes\/mas-de-500-estudiantes-magallanicos-participaran-en-el-campamento-cientifico-escolar-2018\/\"},\"author\":{\"name\":\"webman\",\"@id\":\"https:\/\/dev.explora.cl\/magallanes\/#\/schema\/person\/cb8349c13ea2d324080adf8480d7ba5d\"},\"headline\":\"M\u00e1s de 500 estudiantes magall\u00e1nicos participar\u00e1n en el Campamento Cient\u00edfico Escolar 2018\",\"datePublished\":\"2017-12-31T04:00:00+00:00\",\"dateModified\":\"2019-05-20T21:34:43+00:00\",\"mainEntityOfPage\":{\"@id\":\"https:\/\/dev.explora.cl\/magallanes\/mas-de-500-estudiantes-magallanicos-participaran-en-el-campamento-cientifico-escolar-2018\/\"},\"wordCount\":392,\"commentCount\":0,\"publisher\":{\"@id\":\"https:\/\/dev.explora.cl\/magallanes\/#organization\"},\"image\":{\"@id\":\"https:\/\/dev.explora.cl\/magallanes\/mas-de-500-estudiantes-magallanicos-participaran-en-el-campamento-cientifico-escolar-2018\/#primaryimage\"},\"thumbnailUrl\":\"https:\/\/dev.explora.cl\/magallanes\/wp-content\/uploads\/sites\/19\/2018\/06\/Descubriendo-la-naturaleza-reserva.jpg\",\"articleSection\":[\"Noticias\"],\"inLanguage\":\"es-CL\",\"potentialAction\":[{\"@type\":\"CommentAction\",\"name\":\"Comment\",\"target\":[\"https:\/\/dev.explora.cl\/magallanes\/mas-de-500-estudiantes-magallanicos-participaran-en-el-campamento-cientifico-escolar-2018\/#respond\"]}]},{\"@type\":\"WebPage\",\"@id\":\"https:\/\/dev.explora.cl\/magallanes\/mas-de-500-estudiantes-magallanicos-participaran-en-el-campamento-cientifico-escolar-2018\/\",\"url\":\"https:\/\/dev.explora.cl\/magallanes\/mas-de-500-estudiantes-magallanicos-participaran-en-el-campamento-cientifico-escolar-2018\/\",\"name\":\"M\u00e1s de 500 estudiantes magall\u00e1nicos participar\u00e1n en el Campamento Cient\u00edfico Escolar 2018 - Magallanes\",\"isPartOf\":{\"@id\":\"https:\/\/dev.explora.cl\/magallanes\/#website\"},\"primaryImageOfPage\":{\"@id\":\"https:\/\/dev.explora.cl\/magallanes\/mas-de-500-estudiantes-magallanicos-participaran-en-el-campamento-cientifico-escolar-2018\/#primaryimage\"},\"image\":{\"@id\":\"https:\/\/dev.explora.cl\/magallanes\/mas-de-500-estudiantes-magallanicos-participaran-en-el-campamento-cientifico-escolar-2018\/#primaryimage\"},\"thumbnailUrl\":\"https:\/\/dev.explora.cl\/magallanes\/wp-content\/uploads\/sites\/19\/2018\/06\/Descubriendo-la-naturaleza-reserva.jpg\",\"datePublished\":\"2017-12-31T04:00:00+00:00\",\"dateModified\":\"2019-05-20T21:34:43+00:00\",\"breadcrumb\":{\"@id\":\"https:\/\/dev.explora.cl\/magallanes\/mas-de-500-estudiantes-magallanicos-participaran-en-el-campamento-cientifico-escolar-2018\/#breadcrumb\"},\"inLanguage\":\"es-CL\",\"potentialAction\":[{\"@type\":\"ReadAction\",\"target\":[\"https:\/\/dev.explora.cl\/magallanes\/mas-de-500-estudiantes-magallanicos-participaran-en-el-campamento-cientifico-escolar-2018\/\"]}]},{\"@type\":\"ImageObject\",\"inLanguage\":\"es-CL\",\"@id\":\"https:\/\/dev.explora.cl\/magallanes\/mas-de-500-estudiantes-magallanicos-participaran-en-el-campamento-cientifico-escolar-2018\/#primaryimage\",\"url\":\"https:\/\/dev.explora.cl\/magallanes\/wp-content\/uploads\/sites\/19\/2018\/06\/Descubriendo-la-naturaleza-reserva.jpg\",\"contentUrl\":\"https:\/\/dev.explora.cl\/magallanes\/wp-content\/uploads\/sites\/19\/2018\/06\/Descubriendo-la-naturaleza-reserva.jpg\",\"width\":960,\"height\":539},{\"@type\":\"BreadcrumbList\",\"@id\":\"https:\/\/dev.explora.cl\/magallanes\/mas-de-500-estudiantes-magallanicos-participaran-en-el-campamento-cientifico-escolar-2018\/#breadcrumb\",\"itemListElement\":[{\"@type\":\"ListItem\",\"position\":1,\"name\":\"Portada\",\"item\":\"https:\/\/dev.explora.cl\/magallanes\/\"},{\"@type\":\"ListItem\",\"position\":2,\"name\":\"M\u00e1s de 500 estudiantes magall\u00e1nicos participar\u00e1n en el Campamento Cient\u00edfico Escolar 2018\"}]},{\"@type\":\"WebSite\",\"@id\":\"https:\/\/dev.explora.cl\/magallanes\/#website\",\"url\":\"https:\/\/dev.explora.cl\/magallanes\/\",\"name\":\"Magallanes\",\"description\":\"Otro sitio m\u00e1s de dev.explora.cl\",\"publisher\":{\"@id\":\"https:\/\/dev.explora.cl\/magallanes\/#organization\"},\"potentialAction\":[{\"@type\":\"SearchAction\",\"target\":{\"@type\":\"EntryPoint\",\"urlTemplate\":\"https:\/\/dev.explora.cl\/magallanes\/?s={search_term_string}\"},\"query-input\":{\"@type\":\"PropertyValueSpecification\",\"valueRequired\":true,\"valueName\":\"search_term_string\"}}],\"inLanguage\":\"es-CL\"},{\"@type\":\"Organization\",\"@id\":\"https:\/\/dev.explora.cl\/magallanes\/#organization\",\"name\":\"Magallanes\",\"url\":\"https:\/\/dev.explora.cl\/magallanes\/\",\"logo\":{\"@type\":\"ImageObject\",\"inLanguage\":\"es-CL\",\"@id\":\"https:\/\/dev.explora.cl\/magallanes\/#\/schema\/logo\/image\/\",\"url\":\"https:\/\/dev.explora.cl\/magallanes\/wp-content\/uploads\/sites\/19\/2021\/06\/cropped-ICONO-COLOR-2.jpg\",\"contentUrl\":\"https:\/\/dev.explora.cl\/magallanes\/wp-content\/uploads\/sites\/19\/2021\/06\/cropped-ICONO-COLOR-2.jpg\",\"width\":1181,\"height\":1181,\"caption\":\"Magallanes\"},\"image\":{\"@id\":\"https:\/\/dev.explora.cl\/magallanes\/#\/schema\/logo\/image\/\"}},{\"@type\":\"Person\",\"@id\":\"https:\/\/dev.explora.cl\/magallanes\/#\/schema\/person\/cb8349c13ea2d324080adf8480d7ba5d\",\"name\":\"webman\",\"image\":{\"@type\":\"ImageObject\",\"inLanguage\":\"es-CL\",\"@id\":\"https:\/\/dev.explora.cl\/magallanes\/#\/schema\/person\/image\/\",\"url\":\"https:\/\/secure.gravatar.com\/avatar\/eeff3c82f2c02f7177d13663b7e6f890e9a6a0647ce9bb29cae02dcb094c7312?s=96&d=mm&r=g\",\"contentUrl\":\"https:\/\/secure.gravatar.com\/avatar\/eeff3c82f2c02f7177d13663b7e6f890e9a6a0647ce9bb29cae02dcb094c7312?s=96&d=mm&r=g\",\"caption\":\"webman\"},\"url\":\"https:\/\/dev.explora.cl\/magallanes\/author\/webman\/\"}]}<\/script>\n<!-- \/ Yoast SEO plugin. -->","yoast_head_json":{"title":"M\u00e1s de 500 estudiantes magall\u00e1nicos participar\u00e1n en el Campamento Cient\u00edfico Escolar 2018 - Magallanes","robots":{"index":"index","follow":"follow","max-snippet":"max-snippet:-1","max-image-preview":"max-image-preview:large","max-video-preview":"max-video-preview:-1"},"canonical":"https:\/\/dev.explora.cl\/magallanes\/mas-de-500-estudiantes-magallanicos-participaran-en-el-campamento-cientifico-escolar-2018\/","og_locale":"es_ES","og_type":"article","og_title":"M\u00e1s de 500 estudiantes magall\u00e1nicos participar\u00e1n en el Campamento Cient\u00edfico Escolar 2018 - Magallanes","og_description":"M\u00e1s de 500 ni\u00f1os, ni\u00f1as y j\u00f3venes participar\u00e1n en una nueva versi\u00f3n del Campamento Cient\u00edfico Escolar 2018 del Proyecto Asociativo Regional (PAR) Explora de CONICYT Magallanes y de la Ant\u00e1rtica Chilena de la Universidad de Magallanes. Una intensa semana de aprendizajes cient\u00edficos que comenzar\u00e1 este martes 2 de enero a las 09.00 horas en el [&hellip;]","og_url":"https:\/\/dev.explora.cl\/magallanes\/mas-de-500-estudiantes-magallanicos-participaran-en-el-campamento-cientifico-escolar-2018\/","og_site_name":"Magallanes","article_published_time":"2017-12-31T04:00:00+00:00","article_modified_time":"2019-05-20T21:34:43+00:00","og_image":[{"width":960,"height":539,"url":"https:\/\/dev.explora.cl\/magallanes\/wp-content\/uploads\/sites\/19\/2018\/06\/Descubriendo-la-naturaleza-reserva.jpg","type":"image\/jpeg"}],"author":"webman","twitter_card":"summary_large_image","twitter_misc":{"Escrito por":"webman","Tiempo estimado de lectura":"2 minutos"},"schema":{"@context":"https:\/\/schema.org","@graph":[{"@type":"Article","@id":"https:\/\/dev.explora.cl\/magallanes\/mas-de-500-estudiantes-magallanicos-participaran-en-el-campamento-cientifico-escolar-2018\/#article","isPartOf":{"@id":"https:\/\/dev.explora.cl\/magallanes\/mas-de-500-estudiantes-magallanicos-participaran-en-el-campamento-cientifico-escolar-2018\/"},"author":{"name":"webman","@id":"https:\/\/dev.explora.cl\/magallanes\/#\/schema\/person\/cb8349c13ea2d324080adf8480d7ba5d"},"headline":"M\u00e1s de 500 estudiantes magall\u00e1nicos participar\u00e1n en el Campamento Cient\u00edfico Escolar 2018","datePublished":"2017-12-31T04:00:00+00:00","dateModified":"2019-05-20T21:34:43+00:00","mainEntityOfPage":{"@id":"https:\/\/dev.explora.cl\/magallanes\/mas-de-500-estudiantes-magallanicos-participaran-en-el-campamento-cientifico-escolar-2018\/"},"wordCount":392,"commentCount":0,"publisher":{"@id":"https:\/\/dev.explora.cl\/magallanes\/#organization"},"image":{"@id":"https:\/\/dev.explora.cl\/magallanes\/mas-de-500-estudiantes-magallanicos-participaran-en-el-campamento-cientifico-escolar-2018\/#primaryimage"},"thumbnailUrl":"https:\/\/dev.explora.cl\/magallanes\/wp-content\/uploads\/sites\/19\/2018\/06\/Descubriendo-la-naturaleza-reserva.jpg","articleSection":["Noticias"],"inLanguage":"es-CL","potentialAction":[{"@type":"CommentAction","name":"Comment","target":["https:\/\/dev.explora.cl\/magallanes\/mas-de-500-estudiantes-magallanicos-participaran-en-el-campamento-cientifico-escolar-2018\/#respond"]}]},{"@type":"WebPage","@id":"https:\/\/dev.explora.cl\/magallanes\/mas-de-500-estudiantes-magallanicos-participaran-en-el-campamento-cientifico-escolar-2018\/","url":"https:\/\/dev.explora.cl\/magallanes\/mas-de-500-estudiantes-magallanicos-participaran-en-el-campamento-cientifico-escolar-2018\/","name":"M\u00e1s de 500 estudiantes magall\u00e1nicos participar\u00e1n en el Campamento Cient\u00edfico Escolar 2018 - Magallanes","isPartOf":{"@id":"https:\/\/dev.explora.cl\/magallanes\/#website"},"primaryImageOfPage":{"@id":"https:\/\/dev.explora.cl\/magallanes\/mas-de-500-estudiantes-magallanicos-participaran-en-el-campamento-cientifico-escolar-2018\/#primaryimage"},"image":{"@id":"https:\/\/dev.explora.cl\/magallanes\/mas-de-500-estudiantes-magallanicos-participaran-en-el-campamento-cientifico-escolar-2018\/#primaryimage"},"thumbnailUrl":"https:\/\/dev.explora.cl\/magallanes\/wp-content\/uploads\/sites\/19\/2018\/06\/Descubriendo-la-naturaleza-reserva.jpg","datePublished":"2017-12-31T04:00:00+00:00","dateModified":"2019-05-20T21:34:43+00:00","breadcrumb":{"@id":"https:\/\/dev.explora.cl\/magallanes\/mas-de-500-estudiantes-magallanicos-participaran-en-el-campamento-cientifico-escolar-2018\/#breadcrumb"},"inLanguage":"es-CL","potentialAction":[{"@type":"ReadAction","target":["https:\/\/dev.explora.cl\/magallanes\/mas-de-500-estudiantes-magallanicos-participaran-en-el-campamento-cientifico-escolar-2018\/"]}]},{"@type":"ImageObject","inLanguage":"es-CL","@id":"https:\/\/dev.explora.cl\/magallanes\/mas-de-500-estudiantes-magallanicos-participaran-en-el-campamento-cientifico-escolar-2018\/#primaryimage","url":"https:\/\/dev.explora.cl\/magallanes\/wp-content\/uploads\/sites\/19\/2018\/06\/Descubriendo-la-naturaleza-reserva.jpg","contentUrl":"https:\/\/dev.explora.cl\/magallanes\/wp-content\/uploads\/sites\/19\/2018\/06\/Descubriendo-la-naturaleza-reserva.jpg","width":960,"height":539},{"@type":"BreadcrumbList","@id":"https:\/\/dev.explora.cl\/magallanes\/mas-de-500-estudiantes-magallanicos-participaran-en-el-campamento-cientifico-escolar-2018\/#breadcrumb","itemListElement":[{"@type":"ListItem","position":1,"name":"Portada","item":"https:\/\/dev.explora.cl\/magallanes\/"},{"@type":"ListItem","position":2,"name":"M\u00e1s de 500 estudiantes magall\u00e1nicos participar\u00e1n en el Campamento Cient\u00edfico Escolar 2018"}]},{"@type":"WebSite","@id":"https:\/\/dev.explora.cl\/magallanes\/#website","url":"https:\/\/dev.explora.cl\/magallanes\/","name":"Magallanes","description":"Otro sitio m\u00e1s de dev.explora.cl","publisher":{"@id":"https:\/\/dev.explora.cl\/magallanes\/#organization"},"potentialAction":[{"@type":"SearchAction","target":{"@type":"EntryPoint","urlTemplate":"https:\/\/dev.explora.cl\/magallanes\/?s={search_term_string}"},"query-input":{"@type":"PropertyValueSpecification","valueRequired":true,"valueName":"search_term_string"}}],"inLanguage":"es-CL"},{"@type":"Organization","@id":"https:\/\/dev.explora.cl\/magallanes\/#organization","name":"Magallanes","url":"https:\/\/dev.explora.cl\/magallanes\/","logo":{"@type":"ImageObject","inLanguage":"es-CL","@id":"https:\/\/dev.explora.cl\/magallanes\/#\/schema\/logo\/image\/","url":"https:\/\/dev.explora.cl\/magallanes\/wp-content\/uploads\/sites\/19\/2021\/06\/cropped-ICONO-COLOR-2.jpg","contentUrl":"https:\/\/dev.explora.cl\/magallanes\/wp-content\/uploads\/sites\/19\/2021\/06\/cropped-ICONO-COLOR-2.jpg","width":1181,"height":1181,"caption":"Magallanes"},"image":{"@id":"https:\/\/dev.explora.cl\/magallanes\/#\/schema\/logo\/image\/"}},{"@type":"Person","@id":"https:\/\/dev.explora.cl\/magallanes\/#\/schema\/person\/cb8349c13ea2d324080adf8480d7ba5d","name":"webman","image":{"@type":"ImageObject","inLanguage":"es-CL","@id":"https:\/\/dev.explora.cl\/magallanes\/#\/schema\/person\/image\/","url":"https:\/\/secure.gravatar.com\/avatar\/eeff3c82f2c02f7177d13663b7e6f890e9a6a0647ce9bb29cae02dcb094c7312?s=96&d=mm&r=g","contentUrl":"https:\/\/secure.gravatar.com\/avatar\/eeff3c82f2c02f7177d13663b7e6f890e9a6a0647ce9bb29cae02dcb094c7312?s=96&d=mm&r=g","caption":"webman"},"url":"https:\/\/dev.explora.cl\/magallanes\/author\/webman\/"}]}},"_links":{"self":[{"href":"https:\/\/dev.explora.cl\/magallanes\/wp-json\/wp\/v2\/posts\/873","targetHints":{"allow":["GET"]}}],"collection":[{"href":"https:\/\/dev.explora.cl\/magallanes\/wp-json\/wp\/v2\/posts"}],"about":[{"href":"https:\/\/dev.explora.cl\/magallanes\/wp-json\/wp\/v2\/types\/post"}],"author":[{"embeddable":true,"href":"https:\/\/dev.explora.cl\/magallanes\/wp-json\/wp\/v2\/users\/2"}],"replies":[{"embeddable":true,"href":"https:\/\/dev.explora.cl\/magallanes\/wp-json\/wp\/v2\/comments?post=873"}],"version-history":[{"count":1,"href":"https:\/\/dev.explora.cl\/magallanes\/wp-json\/wp\/v2\/posts\/873\/revisions"}],"predecessor-version":[{"id":37620,"href":"https:\/\/dev.explora.cl\/magallanes\/wp-json\/wp\/v2\/posts\/873\/revisions\/37620"}],"wp:featuredmedia":[{"embeddable":true,"href":"https:\/\/dev.explora.cl\/magallanes\/wp-json\/wp\/v2\/media\/562"}],"wp:attachment":[{"href":"https:\/\/dev.explora.cl\/magallanes\/wp-json\/wp\/v2\/media?parent=873"}],"wp:term":[{"taxonomy":"category","embeddable":true,"href":"https:\/\/dev.explora.cl\/magallanes\/wp-json\/wp\/v2\/categories?post=873"},{"taxonomy":"post_tag","embeddable":true,"href":"https:\/\/dev.explora.cl\/magallanes\/wp-json\/wp\/v2\/tags?post=873"}],"curies":[{"name":"wp","href":"https:\/\/api.w.org\/{rel}","templated":true}]}}