{"id":871,"date":"2017-12-28T00:00:00","date_gmt":"2017-12-28T04:00:00","guid":{"rendered":"https:\/\/dev.explora.cl\/magallanes\/blog\/2017\/12\/28\/puerto-natales-aun-quedan-cupos-disponibles-en-campamento-cientifico-escolar\/"},"modified":"2019-05-20T21:34:44","modified_gmt":"2019-05-20T21:34:44","slug":"puerto-natales-aun-quedan-cupos-disponibles-en-campamento-cientifico-escolar","status":"publish","type":"post","link":"https:\/\/dev.explora.cl\/magallanes\/puerto-natales-aun-quedan-cupos-disponibles-en-campamento-cientifico-escolar\/","title":{"rendered":"Puerto Natales: A\u00fan quedan cupos disponibles en Campamento Cient\u00edfico Escolar"},"content":{"rendered":"<p>Todav\u00eda quedan cupos disponibles en dos de los siete talleres que se dictar\u00e1n en el Campamento Cient\u00edfico Escolar 2018 de Puerto Natales. Se trata de \u201cCu\u00e9ntame un cuento reciclado\u201d enfocado en ni\u00f1os entre 5 a 7 a\u00f1os, y \u201cReciclarte\u201d que comprende desde los 10 a los 14 a\u00f1os de edad.<\/p>\n<p>El primero de ellos, consiste en la creaci\u00f3n de cuentos y dramatizaciones sencillas con tem\u00e1tica medioambiental, desarrollando el discurso narrativo de acuerdo a la edad de los participantes, y su respectiva puesta en escena. Creando para ello, sus propias ambientaciones y personajes, utilizando diversos elementos de la naturaleza y materiales factibles de ser reutilizados para este prop\u00f3sito. En tanto, el Taller Reciclarte, busca desarrolla la creatividad de los ni\u00f1os a trav\u00e9s de la expresi\u00f3n art\u00edstica, y de la reutilizaci\u00f3n de materiales como pl\u00e1stico, cart\u00f3n, papel y la creaci\u00f3n de subproductos. &nbsp;<\/p>\n<p>Es importante destacar que estas actividades son organizadas por el Proyecto Asociativo Regional Explora de CONICYT Magallanes y de la Ant\u00e1rtica Chilena de la Universidad de Magallanes, &nbsp;y se llevar\u00e1n a cabo entre el lunes 15 al viernes 19 de enero desde las 09 a las 17 horas en dependencias de la Escuela Coronel Santiago Bueras donde se realizar\u00e1n siete talleres que van desde los 5 a los 17 a\u00f1os de edad, los que comprenden entre otras actividades, salidas a terreno y experiencias en laboratorio.<\/p>\n<p>La inscripci\u00f3n a estos talleres puede hacerse v\u00eda formulario electr\u00f3nico disponible en: <a href=\"https:\/\/docs.google.com\/forms\/d\/1_YlhnMN9FappLGC22M7ywjZzH0HXMlIs0yKQvE6M5Jk\/viewform?edit_requested=true\">https:\/\/docs.google.com\/forms\/d\/1_YlhnMN9FappLGC22M7ywjZzH0HXMlIs0yKQvE6M5Jk\/viewform?edit_requested=true<\/a><\/p>\n<p>Los cursos tienen un valor \u00fanico de $3 mil pesos para estudiantes de establecimientos municipales, particulares y subvencionados, donde se incluye almuerzo, colaciones y materiales para los participantes.<\/p>\n<p>Para m\u00e1s informaci\u00f3n, los apoderados pueden remitir sus consultas al correo electr\u00f3nico: <a href=\"mailto:campamentoescolarexplora@gmail.com\">campamentoescolarexplora@gmail.com<\/a>, llamar al: 612207074 o visitar la p\u00e1gina web: dev.explora.cl\/magallanes,&nbsp; www.facebook.com\/parexploramagallanes y www.twitter.com\/exploramag &nbsp;<\/p>\n","protected":false},"excerpt":{"rendered":"<p>Todav\u00eda quedan cupos disponibles en dos de los siete talleres que se dictar\u00e1n en el Campamento Cient\u00edfico Escolar 2018 de Puerto Natales. Se trata de \u201cCu\u00e9ntame un cuento reciclado\u201d enfocado en ni\u00f1os entre 5 a 7 a\u00f1os, y \u201cReciclarte\u201d que comprende desde los 10 a los 14 a\u00f1os de edad. El primero de ellos, consiste [&hellip;]<\/p>\n","protected":false},"author":2,"featured_media":872,"comment_status":"open","ping_status":"open","sticky":false,"template":"","format":"standard","meta":{"_acf_changed":false,"_exactmetrics_skip_tracking":false,"_exactmetrics_sitenote_active":false,"_exactmetrics_sitenote_note":"","_exactmetrics_sitenote_category":0,"footnotes":"","_links_to":"","_links_to_target":""},"categories":[4],"tags":[],"class_list":["post-871","post","type-post","status-publish","format-standard","has-post-thumbnail","hentry","category-noticias"],"acf":[],"yoast_head":"<!-- This site is optimized with the Yoast SEO plugin v26.7 - https:\/\/yoast.com\/wordpress\/plugins\/seo\/ -->\n<title>Puerto Natales: A\u00fan quedan cupos disponibles en Campamento Cient\u00edfico Escolar - Magallanes<\/title>\n<meta name=\"robots\" content=\"index, follow, max-snippet:-1, max-image-preview:large, max-video-preview:-1\" \/>\n<link rel=\"canonical\" href=\"https:\/\/dev.explora.cl\/magallanes\/puerto-natales-aun-quedan-cupos-disponibles-en-campamento-cientifico-escolar\/\" class=\"yoast-seo-meta-tag\" \/>\n<meta property=\"og:locale\" content=\"es_ES\" class=\"yoast-seo-meta-tag\" \/>\n<meta property=\"og:type\" content=\"article\" class=\"yoast-seo-meta-tag\" \/>\n<meta property=\"og:title\" content=\"Puerto Natales: A\u00fan quedan cupos disponibles en Campamento Cient\u00edfico Escolar - Magallanes\" class=\"yoast-seo-meta-tag\" \/>\n<meta property=\"og:description\" content=\"Todav\u00eda quedan cupos disponibles en dos de los siete talleres que se dictar\u00e1n en el Campamento Cient\u00edfico Escolar 2018 de Puerto Natales. Se trata de \u201cCu\u00e9ntame un cuento reciclado\u201d enfocado en ni\u00f1os entre 5 a 7 a\u00f1os, y \u201cReciclarte\u201d que comprende desde los 10 a los 14 a\u00f1os de edad. El primero de ellos, consiste [&hellip;]\" class=\"yoast-seo-meta-tag\" \/>\n<meta property=\"og:url\" content=\"https:\/\/dev.explora.cl\/magallanes\/puerto-natales-aun-quedan-cupos-disponibles-en-campamento-cientifico-escolar\/\" class=\"yoast-seo-meta-tag\" \/>\n<meta property=\"og:site_name\" content=\"Magallanes\" class=\"yoast-seo-meta-tag\" \/>\n<meta property=\"article:published_time\" content=\"2017-12-28T04:00:00+00:00\" class=\"yoast-seo-meta-tag\" \/>\n<meta property=\"article:modified_time\" content=\"2019-05-20T21:34:44+00:00\" class=\"yoast-seo-meta-tag\" \/>\n<meta property=\"og:image\" content=\"https:\/\/dev.explora.cl\/magallanes\/wp-content\/uploads\/sites\/19\/2018\/06\/campamento_puerto_natales.jpg\" class=\"yoast-seo-meta-tag\" \/>\n\t<meta property=\"og:image:width\" content=\"2048\" class=\"yoast-seo-meta-tag\" \/>\n\t<meta property=\"og:image:height\" content=\"1536\" class=\"yoast-seo-meta-tag\" \/>\n\t<meta property=\"og:image:type\" content=\"image\/jpeg\" class=\"yoast-seo-meta-tag\" \/>\n<meta name=\"author\" content=\"webman\" class=\"yoast-seo-meta-tag\" \/>\n<meta name=\"twitter:card\" content=\"summary_large_image\" class=\"yoast-seo-meta-tag\" \/>\n<meta name=\"twitter:label1\" content=\"Escrito por\" class=\"yoast-seo-meta-tag\" \/>\n\t<meta name=\"twitter:data1\" content=\"webman\" class=\"yoast-seo-meta-tag\" \/>\n\t<meta name=\"twitter:label2\" content=\"Tiempo estimado de lectura\" class=\"yoast-seo-meta-tag\" \/>\n\t<meta name=\"twitter:data2\" content=\"2 minutos\" class=\"yoast-seo-meta-tag\" \/>\n<script type=\"application\/ld+json\" class=\"yoast-schema-graph\">{\"@context\":\"https:\/\/schema.org\",\"@graph\":[{\"@type\":\"Article\",\"@id\":\"https:\/\/dev.explora.cl\/magallanes\/puerto-natales-aun-quedan-cupos-disponibles-en-campamento-cientifico-escolar\/#article\",\"isPartOf\":{\"@id\":\"https:\/\/dev.explora.cl\/magallanes\/puerto-natales-aun-quedan-cupos-disponibles-en-campamento-cientifico-escolar\/\"},\"author\":{\"name\":\"webman\",\"@id\":\"https:\/\/dev.explora.cl\/magallanes\/#\/schema\/person\/cb8349c13ea2d324080adf8480d7ba5d\"},\"headline\":\"Puerto Natales: A\u00fan quedan cupos disponibles en Campamento Cient\u00edfico Escolar\",\"datePublished\":\"2017-12-28T04:00:00+00:00\",\"dateModified\":\"2019-05-20T21:34:44+00:00\",\"mainEntityOfPage\":{\"@id\":\"https:\/\/dev.explora.cl\/magallanes\/puerto-natales-aun-quedan-cupos-disponibles-en-campamento-cientifico-escolar\/\"},\"wordCount\":351,\"commentCount\":0,\"publisher\":{\"@id\":\"https:\/\/dev.explora.cl\/magallanes\/#organization\"},\"image\":{\"@id\":\"https:\/\/dev.explora.cl\/magallanes\/puerto-natales-aun-quedan-cupos-disponibles-en-campamento-cientifico-escolar\/#primaryimage\"},\"thumbnailUrl\":\"https:\/\/dev.explora.cl\/magallanes\/wp-content\/uploads\/sites\/19\/2018\/06\/campamento_puerto_natales.jpg\",\"articleSection\":[\"Noticias\"],\"inLanguage\":\"es-CL\",\"potentialAction\":[{\"@type\":\"CommentAction\",\"name\":\"Comment\",\"target\":[\"https:\/\/dev.explora.cl\/magallanes\/puerto-natales-aun-quedan-cupos-disponibles-en-campamento-cientifico-escolar\/#respond\"]}]},{\"@type\":\"WebPage\",\"@id\":\"https:\/\/dev.explora.cl\/magallanes\/puerto-natales-aun-quedan-cupos-disponibles-en-campamento-cientifico-escolar\/\",\"url\":\"https:\/\/dev.explora.cl\/magallanes\/puerto-natales-aun-quedan-cupos-disponibles-en-campamento-cientifico-escolar\/\",\"name\":\"Puerto Natales: A\u00fan quedan cupos disponibles en Campamento Cient\u00edfico Escolar - Magallanes\",\"isPartOf\":{\"@id\":\"https:\/\/dev.explora.cl\/magallanes\/#website\"},\"primaryImageOfPage\":{\"@id\":\"https:\/\/dev.explora.cl\/magallanes\/puerto-natales-aun-quedan-cupos-disponibles-en-campamento-cientifico-escolar\/#primaryimage\"},\"image\":{\"@id\":\"https:\/\/dev.explora.cl\/magallanes\/puerto-natales-aun-quedan-cupos-disponibles-en-campamento-cientifico-escolar\/#primaryimage\"},\"thumbnailUrl\":\"https:\/\/dev.explora.cl\/magallanes\/wp-content\/uploads\/sites\/19\/2018\/06\/campamento_puerto_natales.jpg\",\"datePublished\":\"2017-12-28T04:00:00+00:00\",\"dateModified\":\"2019-05-20T21:34:44+00:00\",\"breadcrumb\":{\"@id\":\"https:\/\/dev.explora.cl\/magallanes\/puerto-natales-aun-quedan-cupos-disponibles-en-campamento-cientifico-escolar\/#breadcrumb\"},\"inLanguage\":\"es-CL\",\"potentialAction\":[{\"@type\":\"ReadAction\",\"target\":[\"https:\/\/dev.explora.cl\/magallanes\/puerto-natales-aun-quedan-cupos-disponibles-en-campamento-cientifico-escolar\/\"]}]},{\"@type\":\"ImageObject\",\"inLanguage\":\"es-CL\",\"@id\":\"https:\/\/dev.explora.cl\/magallanes\/puerto-natales-aun-quedan-cupos-disponibles-en-campamento-cientifico-escolar\/#primaryimage\",\"url\":\"https:\/\/dev.explora.cl\/magallanes\/wp-content\/uploads\/sites\/19\/2018\/06\/campamento_puerto_natales.jpg\",\"contentUrl\":\"https:\/\/dev.explora.cl\/magallanes\/wp-content\/uploads\/sites\/19\/2018\/06\/campamento_puerto_natales.jpg\",\"width\":2048,\"height\":1536},{\"@type\":\"BreadcrumbList\",\"@id\":\"https:\/\/dev.explora.cl\/magallanes\/puerto-natales-aun-quedan-cupos-disponibles-en-campamento-cientifico-escolar\/#breadcrumb\",\"itemListElement\":[{\"@type\":\"ListItem\",\"position\":1,\"name\":\"Portada\",\"item\":\"https:\/\/dev.explora.cl\/magallanes\/\"},{\"@type\":\"ListItem\",\"position\":2,\"name\":\"Puerto Natales: A\u00fan quedan cupos disponibles en Campamento Cient\u00edfico Escolar\"}]},{\"@type\":\"WebSite\",\"@id\":\"https:\/\/dev.explora.cl\/magallanes\/#website\",\"url\":\"https:\/\/dev.explora.cl\/magallanes\/\",\"name\":\"Magallanes\",\"description\":\"Otro sitio m\u00e1s de dev.explora.cl\",\"publisher\":{\"@id\":\"https:\/\/dev.explora.cl\/magallanes\/#organization\"},\"potentialAction\":[{\"@type\":\"SearchAction\",\"target\":{\"@type\":\"EntryPoint\",\"urlTemplate\":\"https:\/\/dev.explora.cl\/magallanes\/?s={search_term_string}\"},\"query-input\":{\"@type\":\"PropertyValueSpecification\",\"valueRequired\":true,\"valueName\":\"search_term_string\"}}],\"inLanguage\":\"es-CL\"},{\"@type\":\"Organization\",\"@id\":\"https:\/\/dev.explora.cl\/magallanes\/#organization\",\"name\":\"Magallanes\",\"url\":\"https:\/\/dev.explora.cl\/magallanes\/\",\"logo\":{\"@type\":\"ImageObject\",\"inLanguage\":\"es-CL\",\"@id\":\"https:\/\/dev.explora.cl\/magallanes\/#\/schema\/logo\/image\/\",\"url\":\"https:\/\/dev.explora.cl\/magallanes\/wp-content\/uploads\/sites\/19\/2021\/06\/cropped-ICONO-COLOR-2.jpg\",\"contentUrl\":\"https:\/\/dev.explora.cl\/magallanes\/wp-content\/uploads\/sites\/19\/2021\/06\/cropped-ICONO-COLOR-2.jpg\",\"width\":1181,\"height\":1181,\"caption\":\"Magallanes\"},\"image\":{\"@id\":\"https:\/\/dev.explora.cl\/magallanes\/#\/schema\/logo\/image\/\"}},{\"@type\":\"Person\",\"@id\":\"https:\/\/dev.explora.cl\/magallanes\/#\/schema\/person\/cb8349c13ea2d324080adf8480d7ba5d\",\"name\":\"webman\",\"image\":{\"@type\":\"ImageObject\",\"inLanguage\":\"es-CL\",\"@id\":\"https:\/\/dev.explora.cl\/magallanes\/#\/schema\/person\/image\/\",\"url\":\"https:\/\/secure.gravatar.com\/avatar\/eeff3c82f2c02f7177d13663b7e6f890e9a6a0647ce9bb29cae02dcb094c7312?s=96&d=mm&r=g\",\"contentUrl\":\"https:\/\/secure.gravatar.com\/avatar\/eeff3c82f2c02f7177d13663b7e6f890e9a6a0647ce9bb29cae02dcb094c7312?s=96&d=mm&r=g\",\"caption\":\"webman\"},\"url\":\"https:\/\/dev.explora.cl\/magallanes\/author\/webman\/\"}]}<\/script>\n<!-- \/ Yoast SEO plugin. -->","yoast_head_json":{"title":"Puerto Natales: A\u00fan quedan cupos disponibles en Campamento Cient\u00edfico Escolar - Magallanes","robots":{"index":"index","follow":"follow","max-snippet":"max-snippet:-1","max-image-preview":"max-image-preview:large","max-video-preview":"max-video-preview:-1"},"canonical":"https:\/\/dev.explora.cl\/magallanes\/puerto-natales-aun-quedan-cupos-disponibles-en-campamento-cientifico-escolar\/","og_locale":"es_ES","og_type":"article","og_title":"Puerto Natales: A\u00fan quedan cupos disponibles en Campamento Cient\u00edfico Escolar - Magallanes","og_description":"Todav\u00eda quedan cupos disponibles en dos de los siete talleres que se dictar\u00e1n en el Campamento Cient\u00edfico Escolar 2018 de Puerto Natales. Se trata de \u201cCu\u00e9ntame un cuento reciclado\u201d enfocado en ni\u00f1os entre 5 a 7 a\u00f1os, y \u201cReciclarte\u201d que comprende desde los 10 a los 14 a\u00f1os de edad. El primero de ellos, consiste [&hellip;]","og_url":"https:\/\/dev.explora.cl\/magallanes\/puerto-natales-aun-quedan-cupos-disponibles-en-campamento-cientifico-escolar\/","og_site_name":"Magallanes","article_published_time":"2017-12-28T04:00:00+00:00","article_modified_time":"2019-05-20T21:34:44+00:00","og_image":[{"width":2048,"height":1536,"url":"https:\/\/dev.explora.cl\/magallanes\/wp-content\/uploads\/sites\/19\/2018\/06\/campamento_puerto_natales.jpg","type":"image\/jpeg"}],"author":"webman","twitter_card":"summary_large_image","twitter_misc":{"Escrito por":"webman","Tiempo estimado de lectura":"2 minutos"},"schema":{"@context":"https:\/\/schema.org","@graph":[{"@type":"Article","@id":"https:\/\/dev.explora.cl\/magallanes\/puerto-natales-aun-quedan-cupos-disponibles-en-campamento-cientifico-escolar\/#article","isPartOf":{"@id":"https:\/\/dev.explora.cl\/magallanes\/puerto-natales-aun-quedan-cupos-disponibles-en-campamento-cientifico-escolar\/"},"author":{"name":"webman","@id":"https:\/\/dev.explora.cl\/magallanes\/#\/schema\/person\/cb8349c13ea2d324080adf8480d7ba5d"},"headline":"Puerto Natales: A\u00fan quedan cupos disponibles en Campamento Cient\u00edfico Escolar","datePublished":"2017-12-28T04:00:00+00:00","dateModified":"2019-05-20T21:34:44+00:00","mainEntityOfPage":{"@id":"https:\/\/dev.explora.cl\/magallanes\/puerto-natales-aun-quedan-cupos-disponibles-en-campamento-cientifico-escolar\/"},"wordCount":351,"commentCount":0,"publisher":{"@id":"https:\/\/dev.explora.cl\/magallanes\/#organization"},"image":{"@id":"https:\/\/dev.explora.cl\/magallanes\/puerto-natales-aun-quedan-cupos-disponibles-en-campamento-cientifico-escolar\/#primaryimage"},"thumbnailUrl":"https:\/\/dev.explora.cl\/magallanes\/wp-content\/uploads\/sites\/19\/2018\/06\/campamento_puerto_natales.jpg","articleSection":["Noticias"],"inLanguage":"es-CL","potentialAction":[{"@type":"CommentAction","name":"Comment","target":["https:\/\/dev.explora.cl\/magallanes\/puerto-natales-aun-quedan-cupos-disponibles-en-campamento-cientifico-escolar\/#respond"]}]},{"@type":"WebPage","@id":"https:\/\/dev.explora.cl\/magallanes\/puerto-natales-aun-quedan-cupos-disponibles-en-campamento-cientifico-escolar\/","url":"https:\/\/dev.explora.cl\/magallanes\/puerto-natales-aun-quedan-cupos-disponibles-en-campamento-cientifico-escolar\/","name":"Puerto Natales: A\u00fan quedan cupos disponibles en Campamento Cient\u00edfico Escolar - Magallanes","isPartOf":{"@id":"https:\/\/dev.explora.cl\/magallanes\/#website"},"primaryImageOfPage":{"@id":"https:\/\/dev.explora.cl\/magallanes\/puerto-natales-aun-quedan-cupos-disponibles-en-campamento-cientifico-escolar\/#primaryimage"},"image":{"@id":"https:\/\/dev.explora.cl\/magallanes\/puerto-natales-aun-quedan-cupos-disponibles-en-campamento-cientifico-escolar\/#primaryimage"},"thumbnailUrl":"https:\/\/dev.explora.cl\/magallanes\/wp-content\/uploads\/sites\/19\/2018\/06\/campamento_puerto_natales.jpg","datePublished":"2017-12-28T04:00:00+00:00","dateModified":"2019-05-20T21:34:44+00:00","breadcrumb":{"@id":"https:\/\/dev.explora.cl\/magallanes\/puerto-natales-aun-quedan-cupos-disponibles-en-campamento-cientifico-escolar\/#breadcrumb"},"inLanguage":"es-CL","potentialAction":[{"@type":"ReadAction","target":["https:\/\/dev.explora.cl\/magallanes\/puerto-natales-aun-quedan-cupos-disponibles-en-campamento-cientifico-escolar\/"]}]},{"@type":"ImageObject","inLanguage":"es-CL","@id":"https:\/\/dev.explora.cl\/magallanes\/puerto-natales-aun-quedan-cupos-disponibles-en-campamento-cientifico-escolar\/#primaryimage","url":"https:\/\/dev.explora.cl\/magallanes\/wp-content\/uploads\/sites\/19\/2018\/06\/campamento_puerto_natales.jpg","contentUrl":"https:\/\/dev.explora.cl\/magallanes\/wp-content\/uploads\/sites\/19\/2018\/06\/campamento_puerto_natales.jpg","width":2048,"height":1536},{"@type":"BreadcrumbList","@id":"https:\/\/dev.explora.cl\/magallanes\/puerto-natales-aun-quedan-cupos-disponibles-en-campamento-cientifico-escolar\/#breadcrumb","itemListElement":[{"@type":"ListItem","position":1,"name":"Portada","item":"https:\/\/dev.explora.cl\/magallanes\/"},{"@type":"ListItem","position":2,"name":"Puerto Natales: A\u00fan quedan cupos disponibles en Campamento Cient\u00edfico Escolar"}]},{"@type":"WebSite","@id":"https:\/\/dev.explora.cl\/magallanes\/#website","url":"https:\/\/dev.explora.cl\/magallanes\/","name":"Magallanes","description":"Otro sitio m\u00e1s de dev.explora.cl","publisher":{"@id":"https:\/\/dev.explora.cl\/magallanes\/#organization"},"potentialAction":[{"@type":"SearchAction","target":{"@type":"EntryPoint","urlTemplate":"https:\/\/dev.explora.cl\/magallanes\/?s={search_term_string}"},"query-input":{"@type":"PropertyValueSpecification","valueRequired":true,"valueName":"search_term_string"}}],"inLanguage":"es-CL"},{"@type":"Organization","@id":"https:\/\/dev.explora.cl\/magallanes\/#organization","name":"Magallanes","url":"https:\/\/dev.explora.cl\/magallanes\/","logo":{"@type":"ImageObject","inLanguage":"es-CL","@id":"https:\/\/dev.explora.cl\/magallanes\/#\/schema\/logo\/image\/","url":"https:\/\/dev.explora.cl\/magallanes\/wp-content\/uploads\/sites\/19\/2021\/06\/cropped-ICONO-COLOR-2.jpg","contentUrl":"https:\/\/dev.explora.cl\/magallanes\/wp-content\/uploads\/sites\/19\/2021\/06\/cropped-ICONO-COLOR-2.jpg","width":1181,"height":1181,"caption":"Magallanes"},"image":{"@id":"https:\/\/dev.explora.cl\/magallanes\/#\/schema\/logo\/image\/"}},{"@type":"Person","@id":"https:\/\/dev.explora.cl\/magallanes\/#\/schema\/person\/cb8349c13ea2d324080adf8480d7ba5d","name":"webman","image":{"@type":"ImageObject","inLanguage":"es-CL","@id":"https:\/\/dev.explora.cl\/magallanes\/#\/schema\/person\/image\/","url":"https:\/\/secure.gravatar.com\/avatar\/eeff3c82f2c02f7177d13663b7e6f890e9a6a0647ce9bb29cae02dcb094c7312?s=96&d=mm&r=g","contentUrl":"https:\/\/secure.gravatar.com\/avatar\/eeff3c82f2c02f7177d13663b7e6f890e9a6a0647ce9bb29cae02dcb094c7312?s=96&d=mm&r=g","caption":"webman"},"url":"https:\/\/dev.explora.cl\/magallanes\/author\/webman\/"}]}},"_links":{"self":[{"href":"https:\/\/dev.explora.cl\/magallanes\/wp-json\/wp\/v2\/posts\/871","targetHints":{"allow":["GET"]}}],"collection":[{"href":"https:\/\/dev.explora.cl\/magallanes\/wp-json\/wp\/v2\/posts"}],"about":[{"href":"https:\/\/dev.explora.cl\/magallanes\/wp-json\/wp\/v2\/types\/post"}],"author":[{"embeddable":true,"href":"https:\/\/dev.explora.cl\/magallanes\/wp-json\/wp\/v2\/users\/2"}],"replies":[{"embeddable":true,"href":"https:\/\/dev.explora.cl\/magallanes\/wp-json\/wp\/v2\/comments?post=871"}],"version-history":[{"count":1,"href":"https:\/\/dev.explora.cl\/magallanes\/wp-json\/wp\/v2\/posts\/871\/revisions"}],"predecessor-version":[{"id":37621,"href":"https:\/\/dev.explora.cl\/magallanes\/wp-json\/wp\/v2\/posts\/871\/revisions\/37621"}],"wp:featuredmedia":[{"embeddable":true,"href":"https:\/\/dev.explora.cl\/magallanes\/wp-json\/wp\/v2\/media\/872"}],"wp:attachment":[{"href":"https:\/\/dev.explora.cl\/magallanes\/wp-json\/wp\/v2\/media?parent=871"}],"wp:term":[{"taxonomy":"category","embeddable":true,"href":"https:\/\/dev.explora.cl\/magallanes\/wp-json\/wp\/v2\/categories?post=871"},{"taxonomy":"post_tag","embeddable":true,"href":"https:\/\/dev.explora.cl\/magallanes\/wp-json\/wp\/v2\/tags?post=871"}],"curies":[{"name":"wp","href":"https:\/\/api.w.org\/{rel}","templated":true}]}}