{"id":869,"date":"2017-12-18T00:00:00","date_gmt":"2017-12-18T04:00:00","guid":{"rendered":"https:\/\/dev.explora.cl\/magallanes\/blog\/2017\/12\/18\/cierre-de-1000-cientificos-1000-aulas-reunio-a-investigadores-academicos-y-docentes-en-torno-a-conversatorio-cientifico\/"},"modified":"2019-05-20T21:34:45","modified_gmt":"2019-05-20T21:34:45","slug":"cierre-de-1000-cientificos-1000-aulas-reunio-a-investigadores-academicos-y-docentes-en-torno-a-conversatorio-cientifico","status":"publish","type":"post","link":"https:\/\/dev.explora.cl\/magallanes\/cierre-de-1000-cientificos-1000-aulas-reunio-a-investigadores-academicos-y-docentes-en-torno-a-conversatorio-cientifico\/","title":{"rendered":"Cierre de 1000 Cient\u00edficos 1000 Aulas reuni\u00f3 a investigadores, acad\u00e9micos y docentes en torno a conversatorio cient\u00edfico"},"content":{"rendered":"<p><img loading=\"lazy\" decoding=\"async\" class=\" size-full wp-image-29493\" src=\"http:\/\/ec2-54-245-22-188.us-west-2.compute.amazonaws.com\/wp-content\/uploads\/2017\/12\/Conversatorio_con_Cient%C3%ADficos-min.jpg\" alt=\"Conversatorio con Cient\u00edficos min\" width=\"4032\" height=\"3024\" \/><\/p>\n<p><em>Docentes y cient\u00edficos participaron de conversatorio y entrega de certificaci\u00f3n en la Sala Terra Australis de la Universidad de Magallanes.&nbsp;<\/em><\/p>\n<p>M\u00e1s de 4.700 estudiantes de Magallanes fueron beneficiados con el programa 1000 Cient\u00edficos 1000 Aulas, que llev\u00f3 m\u00e1s de 125 charlas a distintos establecimientos educacionales de la regi\u00f3n.<\/p>\n<p>Esta iniciativa del Programa Explora de CONICYT es coordinada a nivel regional por el Proyecto Asociativo Regional Explora de CONICYT Magallanes y de la Ant\u00e1rtica Chilena de la Universidad de Magallanes, y tiene como principal objetivo el poder acercar a los investigadores, acad\u00e9micos y otros profesionales al p\u00fablico escolar mediante charlas educativas relacionadas con su quehacer cient\u00edfico y tecnol\u00f3gico.<\/p>\n<p>De esta manera, los ni\u00f1os, j\u00f3venes y docentes pueden conocer y enterarse de primera fuente el trabajo que ellos (los cient\u00edficos) realizan en la regi\u00f3n, su relevancia para la sociedad y puedan vislumbrar la Ciencia como una actividad posible en su horizonte. &nbsp;&nbsp;&nbsp;&nbsp;&nbsp;<\/p>\n<p>Este 2017, se ampli\u00f3 la posibilidad de inscribir y fijar charlas durante todo el a\u00f1o acad\u00e9mico, a diferencia de las versiones anteriores donde esta actividad solo se llevaba a cabo durante el mes de octubre en el marco de las celebraciones de la Semana Nacional de la Ciencia y la Tecnolog\u00eda.<\/p>\n<p>\u201cEstamos muy orgullosos con el t\u00e9rmino de esta iniciativa, ya que pudimos superar en m\u00e1s de un 400% el n\u00famero del a\u00f1o pasado de charlas y n\u00famero de estudiantes que pudieron participar de 1000 Cient\u00edficos 1000 Aulas, adem\u00e1s tuvimos la participaci\u00f3n de m\u00e1s de veinte profesionales, investigadores de diferentes instituciones de la regi\u00f3n como la Universidad de Magallanes y Fundaci\u00f3n Cequa, adem\u00e1s de integrantes de nuestro equipo PAR Explora. En definitiva, hacemos un balance positivo de este ciclo 2017, ya que m\u00e1s de 4.700 estudiantes tuvieron a un cient\u00edfico en sus colegios y no solo en Punta Arenas, tambi\u00e9n estuvimos en Puerto Williams, Porvenir y Puerto Natales, incluimos a estas comunas que por su lejan\u00eda geogr\u00e1fica, generalmente se encuentran excluidas de este tipo de actividades\u201d, enfatiz\u00f3 la encargada de Vinculaci\u00f3n Escolar del PAR Explora Magallanes, Katherine Barr\u00eda Quintana.<\/p>\n<p><strong>Recepci\u00f3n positiva<\/strong><\/p>\n<p>Para cerrar con broche de oro las actividades correspondientes al ciclo 2017, es que se efectu\u00f3 un conversatorio con cient\u00edficos y profesores que fueron parte fundamental de esta iniciativa. Actividad que se llev\u00f3 a cabo el pasado viernes en la Sala Terra Australis de la Universidad de Magallanes. &nbsp;<\/p>\n<p>Uno de los asistentes a esta jornada de reflexi\u00f3n, fue el bi\u00f3logo de vida silvestre y asesor cient\u00edfico del PAR Explora Magallanes, Ricardo Guineo, quien aprovech\u00f3 la instancia para agradecer la recepci\u00f3n brindada en sus m\u00e1s de cuarenta charlas que dict\u00f3 en diferentes colegios de la regi\u00f3n. \u201cEstoy muy complacido con la recepci\u00f3n, a los estudiantes les gust\u00f3 mucho las charlas, me toc\u00f3 m\u00e1s de una oportunidad que ellos no quer\u00edan salir a recreo porque quer\u00edan seguir con la clase, lo que me impresion\u00f3 bastante, as\u00ed que definitivamente pienso seguir el pr\u00f3ximo a\u00f1o\u201d.<\/p>\n<p>Sobre la importancia que significa 1000C1000A, destac\u00f3: \u201cYo lo encontr\u00e9 muy interesante, es una de mis aspiraciones como cient\u00edfico porque en general en Ciencias, se crea esta suerte de burbuja entre los cient\u00edficos en que tu trabajo \u00fanicamente es traspasado a otros profesionales de la misma \u00e1rea y si bien esa informaci\u00f3n es importante para el resto de los investigadores, tambi\u00e9n es relevante traspasarla a la comunidad, cosa que no se hace tanto como se deber\u00eda. Entonces el hecho de poder ir a los colegios, conversar con los estudiantes y explicarles en qu\u00e9 consiste mi trabajo, da una informaci\u00f3n base que creo eventualmente a largo plazo tendr\u00e1 sus efectos\u201d.<\/p>\n<p>Seis investigadores de Fundaci\u00f3n Cequa, tambi\u00e9n colaboraron en 1000C 1000A, una de ellas, fue la Dra. Cristiane Carvalho, quien realiz\u00f3 charlas sobre la tem\u00e1tica del Calentamiento Global, y al respecto coment\u00f3: \u201cFue una experiencia que me enriqueci\u00f3 como investigadora, y fue la primera vez que participo con Explora, me gust\u00f3 la organizaci\u00f3n, siento que cuando llegaba a las escuelas ten\u00eda un contacto directo con el profesor que hizo la solicitud de la charla, eso hac\u00eda que facilitara un poco el tema de llegar al contenido con los estudiantes y eso me gust\u00f3 mucho. Adem\u00e1s la acogida con los estudiantes fue muy buena, diferente en cada uno de los colegios, diferente por el conocimiento y nivel acad\u00e9mico que cada uno ten\u00eda, pero todos estaban muy interesados y acogieron muy bien a los investigadores que llegaban a sus aulas\u201d. &nbsp;&nbsp;&nbsp;<\/p>\n<p>Los profesores tambi\u00e9n se mostraron muy contentos de solicitar estas charlas para sus estudiantes, tal como lo expresa la docente de Ciencias del Colegio Franc\u00e9s, Claudia Vera Aburto, \u201cEs una excelente experiencia, de la cual estoy muy agradecida, es una posibilidad que tenemos como establecimiento de poder recibir a los cient\u00edficos durante el a\u00f1o, quienes nos exponen a nosotros a trav\u00e9s de sus charlas, y les abren a nuestros ni\u00f1os y ni\u00f1as una mayor conciencia y amplitud de lo que es la Ciencia en terreno desde la pr\u00e1ctica. Lo que yo siento es que nosotros como profesores de Ciencias, lo que muchas veces hacemos es entregar el conocimiento, la base, pero esto hace que los estudiantes lo procesen, lo vinculan y apliquen. El contacto directo con los cient\u00edficos justamente crea un v\u00ednculo entre el conocimiento que ellos entregan y la aplicaci\u00f3n en el contexto externo\u201d. &nbsp;&nbsp;&nbsp;&nbsp;&nbsp;<\/p>\n","protected":false},"excerpt":{"rendered":"<p>Docentes y cient\u00edficos participaron de conversatorio y entrega de certificaci\u00f3n en la Sala Terra Australis de la Universidad de Magallanes.&nbsp; M\u00e1s de 4.700 estudiantes de Magallanes fueron beneficiados con el programa 1000 Cient\u00edficos 1000 Aulas, que llev\u00f3 m\u00e1s de 125 charlas a distintos establecimientos educacionales de la regi\u00f3n. Esta iniciativa del Programa Explora de CONICYT [&hellip;]<\/p>\n","protected":false},"author":2,"featured_media":870,"comment_status":"open","ping_status":"open","sticky":false,"template":"","format":"standard","meta":{"_acf_changed":false,"_exactmetrics_skip_tracking":false,"_exactmetrics_sitenote_active":false,"_exactmetrics_sitenote_note":"","_exactmetrics_sitenote_category":0,"footnotes":"","_links_to":"","_links_to_target":""},"categories":[4],"tags":[],"class_list":["post-869","post","type-post","status-publish","format-standard","has-post-thumbnail","hentry","category-noticias"],"acf":[],"yoast_head":"<!-- This site is optimized with the Yoast SEO plugin v26.7 - https:\/\/yoast.com\/wordpress\/plugins\/seo\/ -->\n<title>Cierre de 1000 Cient\u00edficos 1000 Aulas reuni\u00f3 a investigadores, acad\u00e9micos y docentes en torno a conversatorio cient\u00edfico - Magallanes<\/title>\n<meta name=\"robots\" content=\"index, follow, max-snippet:-1, max-image-preview:large, max-video-preview:-1\" \/>\n<link rel=\"canonical\" href=\"https:\/\/dev.explora.cl\/magallanes\/cierre-de-1000-cientificos-1000-aulas-reunio-a-investigadores-academicos-y-docentes-en-torno-a-conversatorio-cientifico\/\" class=\"yoast-seo-meta-tag\" \/>\n<meta property=\"og:locale\" content=\"es_ES\" class=\"yoast-seo-meta-tag\" \/>\n<meta property=\"og:type\" content=\"article\" class=\"yoast-seo-meta-tag\" \/>\n<meta property=\"og:title\" content=\"Cierre de 1000 Cient\u00edficos 1000 Aulas reuni\u00f3 a investigadores, acad\u00e9micos y docentes en torno a conversatorio cient\u00edfico - Magallanes\" class=\"yoast-seo-meta-tag\" \/>\n<meta property=\"og:description\" content=\"Docentes y cient\u00edficos participaron de conversatorio y entrega de certificaci\u00f3n en la Sala Terra Australis de la Universidad de Magallanes.&nbsp; M\u00e1s de 4.700 estudiantes de Magallanes fueron beneficiados con el programa 1000 Cient\u00edficos 1000 Aulas, que llev\u00f3 m\u00e1s de 125 charlas a distintos establecimientos educacionales de la regi\u00f3n. Esta iniciativa del Programa Explora de CONICYT [&hellip;]\" class=\"yoast-seo-meta-tag\" \/>\n<meta property=\"og:url\" content=\"https:\/\/dev.explora.cl\/magallanes\/cierre-de-1000-cientificos-1000-aulas-reunio-a-investigadores-academicos-y-docentes-en-torno-a-conversatorio-cientifico\/\" class=\"yoast-seo-meta-tag\" \/>\n<meta property=\"og:site_name\" content=\"Magallanes\" class=\"yoast-seo-meta-tag\" \/>\n<meta property=\"article:published_time\" content=\"2017-12-18T04:00:00+00:00\" class=\"yoast-seo-meta-tag\" \/>\n<meta property=\"article:modified_time\" content=\"2019-05-20T21:34:45+00:00\" class=\"yoast-seo-meta-tag\" \/>\n<meta property=\"og:image\" content=\"https:\/\/dev.explora.cl\/magallanes\/wp-content\/uploads\/sites\/19\/2018\/06\/Conversatorio_con_Cient\u00edficos-min.jpg\" class=\"yoast-seo-meta-tag\" \/>\n\t<meta property=\"og:image:width\" content=\"2048\" class=\"yoast-seo-meta-tag\" \/>\n\t<meta property=\"og:image:height\" content=\"1536\" class=\"yoast-seo-meta-tag\" \/>\n\t<meta property=\"og:image:type\" content=\"image\/jpeg\" class=\"yoast-seo-meta-tag\" \/>\n<meta name=\"author\" content=\"webman\" class=\"yoast-seo-meta-tag\" \/>\n<meta name=\"twitter:card\" content=\"summary_large_image\" class=\"yoast-seo-meta-tag\" \/>\n<meta name=\"twitter:label1\" content=\"Escrito por\" class=\"yoast-seo-meta-tag\" \/>\n\t<meta name=\"twitter:data1\" content=\"webman\" class=\"yoast-seo-meta-tag\" \/>\n\t<meta name=\"twitter:label2\" content=\"Tiempo estimado de lectura\" class=\"yoast-seo-meta-tag\" \/>\n\t<meta name=\"twitter:data2\" content=\"5 minutos\" class=\"yoast-seo-meta-tag\" \/>\n<script type=\"application\/ld+json\" class=\"yoast-schema-graph\">{\"@context\":\"https:\/\/schema.org\",\"@graph\":[{\"@type\":\"Article\",\"@id\":\"https:\/\/dev.explora.cl\/magallanes\/cierre-de-1000-cientificos-1000-aulas-reunio-a-investigadores-academicos-y-docentes-en-torno-a-conversatorio-cientifico\/#article\",\"isPartOf\":{\"@id\":\"https:\/\/dev.explora.cl\/magallanes\/cierre-de-1000-cientificos-1000-aulas-reunio-a-investigadores-academicos-y-docentes-en-torno-a-conversatorio-cientifico\/\"},\"author\":{\"name\":\"webman\",\"@id\":\"https:\/\/dev.explora.cl\/magallanes\/#\/schema\/person\/cb8349c13ea2d324080adf8480d7ba5d\"},\"headline\":\"Cierre de 1000 Cient\u00edficos 1000 Aulas reuni\u00f3 a investigadores, acad\u00e9micos y docentes en torno a conversatorio cient\u00edfico\",\"datePublished\":\"2017-12-18T04:00:00+00:00\",\"dateModified\":\"2019-05-20T21:34:45+00:00\",\"mainEntityOfPage\":{\"@id\":\"https:\/\/dev.explora.cl\/magallanes\/cierre-de-1000-cientificos-1000-aulas-reunio-a-investigadores-academicos-y-docentes-en-torno-a-conversatorio-cientifico\/\"},\"wordCount\":972,\"commentCount\":0,\"publisher\":{\"@id\":\"https:\/\/dev.explora.cl\/magallanes\/#organization\"},\"image\":{\"@id\":\"https:\/\/dev.explora.cl\/magallanes\/cierre-de-1000-cientificos-1000-aulas-reunio-a-investigadores-academicos-y-docentes-en-torno-a-conversatorio-cientifico\/#primaryimage\"},\"thumbnailUrl\":\"https:\/\/dev.explora.cl\/magallanes\/wp-content\/uploads\/sites\/19\/2018\/06\/Conversatorio_con_Cient\u00edficos-min.jpg\",\"articleSection\":[\"Noticias\"],\"inLanguage\":\"es-CL\",\"potentialAction\":[{\"@type\":\"CommentAction\",\"name\":\"Comment\",\"target\":[\"https:\/\/dev.explora.cl\/magallanes\/cierre-de-1000-cientificos-1000-aulas-reunio-a-investigadores-academicos-y-docentes-en-torno-a-conversatorio-cientifico\/#respond\"]}]},{\"@type\":\"WebPage\",\"@id\":\"https:\/\/dev.explora.cl\/magallanes\/cierre-de-1000-cientificos-1000-aulas-reunio-a-investigadores-academicos-y-docentes-en-torno-a-conversatorio-cientifico\/\",\"url\":\"https:\/\/dev.explora.cl\/magallanes\/cierre-de-1000-cientificos-1000-aulas-reunio-a-investigadores-academicos-y-docentes-en-torno-a-conversatorio-cientifico\/\",\"name\":\"Cierre de 1000 Cient\u00edficos 1000 Aulas reuni\u00f3 a investigadores, acad\u00e9micos y docentes en torno a conversatorio cient\u00edfico - Magallanes\",\"isPartOf\":{\"@id\":\"https:\/\/dev.explora.cl\/magallanes\/#website\"},\"primaryImageOfPage\":{\"@id\":\"https:\/\/dev.explora.cl\/magallanes\/cierre-de-1000-cientificos-1000-aulas-reunio-a-investigadores-academicos-y-docentes-en-torno-a-conversatorio-cientifico\/#primaryimage\"},\"image\":{\"@id\":\"https:\/\/dev.explora.cl\/magallanes\/cierre-de-1000-cientificos-1000-aulas-reunio-a-investigadores-academicos-y-docentes-en-torno-a-conversatorio-cientifico\/#primaryimage\"},\"thumbnailUrl\":\"https:\/\/dev.explora.cl\/magallanes\/wp-content\/uploads\/sites\/19\/2018\/06\/Conversatorio_con_Cient\u00edficos-min.jpg\",\"datePublished\":\"2017-12-18T04:00:00+00:00\",\"dateModified\":\"2019-05-20T21:34:45+00:00\",\"breadcrumb\":{\"@id\":\"https:\/\/dev.explora.cl\/magallanes\/cierre-de-1000-cientificos-1000-aulas-reunio-a-investigadores-academicos-y-docentes-en-torno-a-conversatorio-cientifico\/#breadcrumb\"},\"inLanguage\":\"es-CL\",\"potentialAction\":[{\"@type\":\"ReadAction\",\"target\":[\"https:\/\/dev.explora.cl\/magallanes\/cierre-de-1000-cientificos-1000-aulas-reunio-a-investigadores-academicos-y-docentes-en-torno-a-conversatorio-cientifico\/\"]}]},{\"@type\":\"ImageObject\",\"inLanguage\":\"es-CL\",\"@id\":\"https:\/\/dev.explora.cl\/magallanes\/cierre-de-1000-cientificos-1000-aulas-reunio-a-investigadores-academicos-y-docentes-en-torno-a-conversatorio-cientifico\/#primaryimage\",\"url\":\"https:\/\/dev.explora.cl\/magallanes\/wp-content\/uploads\/sites\/19\/2018\/06\/Conversatorio_con_Cient\u00edficos-min.jpg\",\"contentUrl\":\"https:\/\/dev.explora.cl\/magallanes\/wp-content\/uploads\/sites\/19\/2018\/06\/Conversatorio_con_Cient\u00edficos-min.jpg\",\"width\":2048,\"height\":1536,\"caption\":\"Conversatorio con Cient\u00edficos min\"},{\"@type\":\"BreadcrumbList\",\"@id\":\"https:\/\/dev.explora.cl\/magallanes\/cierre-de-1000-cientificos-1000-aulas-reunio-a-investigadores-academicos-y-docentes-en-torno-a-conversatorio-cientifico\/#breadcrumb\",\"itemListElement\":[{\"@type\":\"ListItem\",\"position\":1,\"name\":\"Portada\",\"item\":\"https:\/\/dev.explora.cl\/magallanes\/\"},{\"@type\":\"ListItem\",\"position\":2,\"name\":\"Cierre de 1000 Cient\u00edficos 1000 Aulas reuni\u00f3 a investigadores, acad\u00e9micos y docentes en torno a conversatorio cient\u00edfico\"}]},{\"@type\":\"WebSite\",\"@id\":\"https:\/\/dev.explora.cl\/magallanes\/#website\",\"url\":\"https:\/\/dev.explora.cl\/magallanes\/\",\"name\":\"Magallanes\",\"description\":\"Otro sitio m\u00e1s de dev.explora.cl\",\"publisher\":{\"@id\":\"https:\/\/dev.explora.cl\/magallanes\/#organization\"},\"potentialAction\":[{\"@type\":\"SearchAction\",\"target\":{\"@type\":\"EntryPoint\",\"urlTemplate\":\"https:\/\/dev.explora.cl\/magallanes\/?s={search_term_string}\"},\"query-input\":{\"@type\":\"PropertyValueSpecification\",\"valueRequired\":true,\"valueName\":\"search_term_string\"}}],\"inLanguage\":\"es-CL\"},{\"@type\":\"Organization\",\"@id\":\"https:\/\/dev.explora.cl\/magallanes\/#organization\",\"name\":\"Magallanes\",\"url\":\"https:\/\/dev.explora.cl\/magallanes\/\",\"logo\":{\"@type\":\"ImageObject\",\"inLanguage\":\"es-CL\",\"@id\":\"https:\/\/dev.explora.cl\/magallanes\/#\/schema\/logo\/image\/\",\"url\":\"https:\/\/dev.explora.cl\/magallanes\/wp-content\/uploads\/sites\/19\/2021\/06\/cropped-ICONO-COLOR-2.jpg\",\"contentUrl\":\"https:\/\/dev.explora.cl\/magallanes\/wp-content\/uploads\/sites\/19\/2021\/06\/cropped-ICONO-COLOR-2.jpg\",\"width\":1181,\"height\":1181,\"caption\":\"Magallanes\"},\"image\":{\"@id\":\"https:\/\/dev.explora.cl\/magallanes\/#\/schema\/logo\/image\/\"}},{\"@type\":\"Person\",\"@id\":\"https:\/\/dev.explora.cl\/magallanes\/#\/schema\/person\/cb8349c13ea2d324080adf8480d7ba5d\",\"name\":\"webman\",\"image\":{\"@type\":\"ImageObject\",\"inLanguage\":\"es-CL\",\"@id\":\"https:\/\/dev.explora.cl\/magallanes\/#\/schema\/person\/image\/\",\"url\":\"https:\/\/secure.gravatar.com\/avatar\/eeff3c82f2c02f7177d13663b7e6f890e9a6a0647ce9bb29cae02dcb094c7312?s=96&d=mm&r=g\",\"contentUrl\":\"https:\/\/secure.gravatar.com\/avatar\/eeff3c82f2c02f7177d13663b7e6f890e9a6a0647ce9bb29cae02dcb094c7312?s=96&d=mm&r=g\",\"caption\":\"webman\"},\"url\":\"https:\/\/dev.explora.cl\/magallanes\/author\/webman\/\"}]}<\/script>\n<!-- \/ Yoast SEO plugin. -->","yoast_head_json":{"title":"Cierre de 1000 Cient\u00edficos 1000 Aulas reuni\u00f3 a investigadores, acad\u00e9micos y docentes en torno a conversatorio cient\u00edfico - Magallanes","robots":{"index":"index","follow":"follow","max-snippet":"max-snippet:-1","max-image-preview":"max-image-preview:large","max-video-preview":"max-video-preview:-1"},"canonical":"https:\/\/dev.explora.cl\/magallanes\/cierre-de-1000-cientificos-1000-aulas-reunio-a-investigadores-academicos-y-docentes-en-torno-a-conversatorio-cientifico\/","og_locale":"es_ES","og_type":"article","og_title":"Cierre de 1000 Cient\u00edficos 1000 Aulas reuni\u00f3 a investigadores, acad\u00e9micos y docentes en torno a conversatorio cient\u00edfico - Magallanes","og_description":"Docentes y cient\u00edficos participaron de conversatorio y entrega de certificaci\u00f3n en la Sala Terra Australis de la Universidad de Magallanes.&nbsp; M\u00e1s de 4.700 estudiantes de Magallanes fueron beneficiados con el programa 1000 Cient\u00edficos 1000 Aulas, que llev\u00f3 m\u00e1s de 125 charlas a distintos establecimientos educacionales de la regi\u00f3n. Esta iniciativa del Programa Explora de CONICYT [&hellip;]","og_url":"https:\/\/dev.explora.cl\/magallanes\/cierre-de-1000-cientificos-1000-aulas-reunio-a-investigadores-academicos-y-docentes-en-torno-a-conversatorio-cientifico\/","og_site_name":"Magallanes","article_published_time":"2017-12-18T04:00:00+00:00","article_modified_time":"2019-05-20T21:34:45+00:00","og_image":[{"width":2048,"height":1536,"url":"https:\/\/dev.explora.cl\/magallanes\/wp-content\/uploads\/sites\/19\/2018\/06\/Conversatorio_con_Cient\u00edficos-min.jpg","type":"image\/jpeg"}],"author":"webman","twitter_card":"summary_large_image","twitter_misc":{"Escrito por":"webman","Tiempo estimado de lectura":"5 minutos"},"schema":{"@context":"https:\/\/schema.org","@graph":[{"@type":"Article","@id":"https:\/\/dev.explora.cl\/magallanes\/cierre-de-1000-cientificos-1000-aulas-reunio-a-investigadores-academicos-y-docentes-en-torno-a-conversatorio-cientifico\/#article","isPartOf":{"@id":"https:\/\/dev.explora.cl\/magallanes\/cierre-de-1000-cientificos-1000-aulas-reunio-a-investigadores-academicos-y-docentes-en-torno-a-conversatorio-cientifico\/"},"author":{"name":"webman","@id":"https:\/\/dev.explora.cl\/magallanes\/#\/schema\/person\/cb8349c13ea2d324080adf8480d7ba5d"},"headline":"Cierre de 1000 Cient\u00edficos 1000 Aulas reuni\u00f3 a investigadores, acad\u00e9micos y docentes en torno a conversatorio cient\u00edfico","datePublished":"2017-12-18T04:00:00+00:00","dateModified":"2019-05-20T21:34:45+00:00","mainEntityOfPage":{"@id":"https:\/\/dev.explora.cl\/magallanes\/cierre-de-1000-cientificos-1000-aulas-reunio-a-investigadores-academicos-y-docentes-en-torno-a-conversatorio-cientifico\/"},"wordCount":972,"commentCount":0,"publisher":{"@id":"https:\/\/dev.explora.cl\/magallanes\/#organization"},"image":{"@id":"https:\/\/dev.explora.cl\/magallanes\/cierre-de-1000-cientificos-1000-aulas-reunio-a-investigadores-academicos-y-docentes-en-torno-a-conversatorio-cientifico\/#primaryimage"},"thumbnailUrl":"https:\/\/dev.explora.cl\/magallanes\/wp-content\/uploads\/sites\/19\/2018\/06\/Conversatorio_con_Cient\u00edficos-min.jpg","articleSection":["Noticias"],"inLanguage":"es-CL","potentialAction":[{"@type":"CommentAction","name":"Comment","target":["https:\/\/dev.explora.cl\/magallanes\/cierre-de-1000-cientificos-1000-aulas-reunio-a-investigadores-academicos-y-docentes-en-torno-a-conversatorio-cientifico\/#respond"]}]},{"@type":"WebPage","@id":"https:\/\/dev.explora.cl\/magallanes\/cierre-de-1000-cientificos-1000-aulas-reunio-a-investigadores-academicos-y-docentes-en-torno-a-conversatorio-cientifico\/","url":"https:\/\/dev.explora.cl\/magallanes\/cierre-de-1000-cientificos-1000-aulas-reunio-a-investigadores-academicos-y-docentes-en-torno-a-conversatorio-cientifico\/","name":"Cierre de 1000 Cient\u00edficos 1000 Aulas reuni\u00f3 a investigadores, acad\u00e9micos y docentes en torno a conversatorio cient\u00edfico - Magallanes","isPartOf":{"@id":"https:\/\/dev.explora.cl\/magallanes\/#website"},"primaryImageOfPage":{"@id":"https:\/\/dev.explora.cl\/magallanes\/cierre-de-1000-cientificos-1000-aulas-reunio-a-investigadores-academicos-y-docentes-en-torno-a-conversatorio-cientifico\/#primaryimage"},"image":{"@id":"https:\/\/dev.explora.cl\/magallanes\/cierre-de-1000-cientificos-1000-aulas-reunio-a-investigadores-academicos-y-docentes-en-torno-a-conversatorio-cientifico\/#primaryimage"},"thumbnailUrl":"https:\/\/dev.explora.cl\/magallanes\/wp-content\/uploads\/sites\/19\/2018\/06\/Conversatorio_con_Cient\u00edficos-min.jpg","datePublished":"2017-12-18T04:00:00+00:00","dateModified":"2019-05-20T21:34:45+00:00","breadcrumb":{"@id":"https:\/\/dev.explora.cl\/magallanes\/cierre-de-1000-cientificos-1000-aulas-reunio-a-investigadores-academicos-y-docentes-en-torno-a-conversatorio-cientifico\/#breadcrumb"},"inLanguage":"es-CL","potentialAction":[{"@type":"ReadAction","target":["https:\/\/dev.explora.cl\/magallanes\/cierre-de-1000-cientificos-1000-aulas-reunio-a-investigadores-academicos-y-docentes-en-torno-a-conversatorio-cientifico\/"]}]},{"@type":"ImageObject","inLanguage":"es-CL","@id":"https:\/\/dev.explora.cl\/magallanes\/cierre-de-1000-cientificos-1000-aulas-reunio-a-investigadores-academicos-y-docentes-en-torno-a-conversatorio-cientifico\/#primaryimage","url":"https:\/\/dev.explora.cl\/magallanes\/wp-content\/uploads\/sites\/19\/2018\/06\/Conversatorio_con_Cient\u00edficos-min.jpg","contentUrl":"https:\/\/dev.explora.cl\/magallanes\/wp-content\/uploads\/sites\/19\/2018\/06\/Conversatorio_con_Cient\u00edficos-min.jpg","width":2048,"height":1536,"caption":"Conversatorio con Cient\u00edficos min"},{"@type":"BreadcrumbList","@id":"https:\/\/dev.explora.cl\/magallanes\/cierre-de-1000-cientificos-1000-aulas-reunio-a-investigadores-academicos-y-docentes-en-torno-a-conversatorio-cientifico\/#breadcrumb","itemListElement":[{"@type":"ListItem","position":1,"name":"Portada","item":"https:\/\/dev.explora.cl\/magallanes\/"},{"@type":"ListItem","position":2,"name":"Cierre de 1000 Cient\u00edficos 1000 Aulas reuni\u00f3 a investigadores, acad\u00e9micos y docentes en torno a conversatorio cient\u00edfico"}]},{"@type":"WebSite","@id":"https:\/\/dev.explora.cl\/magallanes\/#website","url":"https:\/\/dev.explora.cl\/magallanes\/","name":"Magallanes","description":"Otro sitio m\u00e1s de dev.explora.cl","publisher":{"@id":"https:\/\/dev.explora.cl\/magallanes\/#organization"},"potentialAction":[{"@type":"SearchAction","target":{"@type":"EntryPoint","urlTemplate":"https:\/\/dev.explora.cl\/magallanes\/?s={search_term_string}"},"query-input":{"@type":"PropertyValueSpecification","valueRequired":true,"valueName":"search_term_string"}}],"inLanguage":"es-CL"},{"@type":"Organization","@id":"https:\/\/dev.explora.cl\/magallanes\/#organization","name":"Magallanes","url":"https:\/\/dev.explora.cl\/magallanes\/","logo":{"@type":"ImageObject","inLanguage":"es-CL","@id":"https:\/\/dev.explora.cl\/magallanes\/#\/schema\/logo\/image\/","url":"https:\/\/dev.explora.cl\/magallanes\/wp-content\/uploads\/sites\/19\/2021\/06\/cropped-ICONO-COLOR-2.jpg","contentUrl":"https:\/\/dev.explora.cl\/magallanes\/wp-content\/uploads\/sites\/19\/2021\/06\/cropped-ICONO-COLOR-2.jpg","width":1181,"height":1181,"caption":"Magallanes"},"image":{"@id":"https:\/\/dev.explora.cl\/magallanes\/#\/schema\/logo\/image\/"}},{"@type":"Person","@id":"https:\/\/dev.explora.cl\/magallanes\/#\/schema\/person\/cb8349c13ea2d324080adf8480d7ba5d","name":"webman","image":{"@type":"ImageObject","inLanguage":"es-CL","@id":"https:\/\/dev.explora.cl\/magallanes\/#\/schema\/person\/image\/","url":"https:\/\/secure.gravatar.com\/avatar\/eeff3c82f2c02f7177d13663b7e6f890e9a6a0647ce9bb29cae02dcb094c7312?s=96&d=mm&r=g","contentUrl":"https:\/\/secure.gravatar.com\/avatar\/eeff3c82f2c02f7177d13663b7e6f890e9a6a0647ce9bb29cae02dcb094c7312?s=96&d=mm&r=g","caption":"webman"},"url":"https:\/\/dev.explora.cl\/magallanes\/author\/webman\/"}]}},"_links":{"self":[{"href":"https:\/\/dev.explora.cl\/magallanes\/wp-json\/wp\/v2\/posts\/869","targetHints":{"allow":["GET"]}}],"collection":[{"href":"https:\/\/dev.explora.cl\/magallanes\/wp-json\/wp\/v2\/posts"}],"about":[{"href":"https:\/\/dev.explora.cl\/magallanes\/wp-json\/wp\/v2\/types\/post"}],"author":[{"embeddable":true,"href":"https:\/\/dev.explora.cl\/magallanes\/wp-json\/wp\/v2\/users\/2"}],"replies":[{"embeddable":true,"href":"https:\/\/dev.explora.cl\/magallanes\/wp-json\/wp\/v2\/comments?post=869"}],"version-history":[{"count":1,"href":"https:\/\/dev.explora.cl\/magallanes\/wp-json\/wp\/v2\/posts\/869\/revisions"}],"predecessor-version":[{"id":37623,"href":"https:\/\/dev.explora.cl\/magallanes\/wp-json\/wp\/v2\/posts\/869\/revisions\/37623"}],"wp:featuredmedia":[{"embeddable":true,"href":"https:\/\/dev.explora.cl\/magallanes\/wp-json\/wp\/v2\/media\/870"}],"wp:attachment":[{"href":"https:\/\/dev.explora.cl\/magallanes\/wp-json\/wp\/v2\/media?parent=869"}],"wp:term":[{"taxonomy":"category","embeddable":true,"href":"https:\/\/dev.explora.cl\/magallanes\/wp-json\/wp\/v2\/categories?post=869"},{"taxonomy":"post_tag","embeddable":true,"href":"https:\/\/dev.explora.cl\/magallanes\/wp-json\/wp\/v2\/tags?post=869"}],"curies":[{"name":"wp","href":"https:\/\/api.w.org\/{rel}","templated":true}]}}