{"id":868,"date":"2017-12-18T00:00:00","date_gmt":"2017-12-18T04:00:00","guid":{"rendered":"https:\/\/dev.explora.cl\/magallanes\/blog\/2017\/12\/18\/atencion-puerto-natales-se-abren-inscripciones-para-el-campamento-cientifico-escolar-2018\/"},"modified":"2019-05-20T21:34:44","modified_gmt":"2019-05-20T21:34:44","slug":"atencion-puerto-natales-se-abren-inscripciones-para-el-campamento-cientifico-escolar-2018","status":"publish","type":"post","link":"https:\/\/dev.explora.cl\/magallanes\/atencion-puerto-natales-se-abren-inscripciones-para-el-campamento-cientifico-escolar-2018\/","title":{"rendered":"\u00a1Atenci\u00f3n Puerto Natales! Se abren inscripciones para el Campamento Cient\u00edfico Escolar 2018"},"content":{"rendered":"<p>A contar de este lunes 18 y hasta el viernes 22 (o hasta agotar cupos disponibles) se encuentra abierto el proceso de inscripci\u00f3n a los talleres del Campamento Cient\u00edfico Escolar 2018 en Puerto Natales. Evento que es organizado por el Proyecto Asociativo Regional (PAR) Explora de CONICYT Magallanes y Ant\u00e1rtica Chilena de la Universidad de Magallanes, y que por primera vez se realizar\u00e1 en la Provincia de \u00daltima Esperanza.<\/p>\n<p>Estas actividades se llevar\u00e1n a cabo entre el d\u00eda lunes 15 al viernes 19 de enero desde las 09 a las 17 horas en dependencias de la Escuela Coronel Santiago Bueras, y contemplan siete talleres que van desde los 5 a los 17 a\u00f1os de edad. Estos son: Vicociencia, Explorines, Microcazadores de luz, Geolog\u00eda que nos rodea, Reciclarte, Huerta Org\u00e1nica y Cu\u00e9ntame un cuento reciclado.<\/p>\n<p>La inscripci\u00f3n a estos talleres tiene un valor de $3 mil pesos para estudiantes de establecimientos municipales, particulares y subvencionados, donde se incluye almuerzo, colaciones y materiales para los participantes.<\/p>\n<p>El link para las inscripciones se encuentra disponible en: <a href=\"https:\/\/drive.google.com\/open?id=1_YlhnMN9FappLGC22M7ywjZzH0HXMlIs0yKQvE6M5Jk\">https:\/\/drive.google.com\/open?id=1_YlhnMN9FappLGC22M7ywjZzH0HXMlIs0yKQvE6M5Jk<\/a><\/p>\n<p>Para m\u00e1s informaci\u00f3n, los interesados pueden remitir sus consultas al correo electr\u00f3nico: <a href=\"mailto:campamentoescolarexplora@gmail.com\">campamentoescolarexplora@gmail.com<\/a>, llamar al: 612207074 o visitar la p\u00e1gina web: <a href=\"magallanes\">dev.explora.cl\/magallanes<\/a>, <a href=\"http:\/\/www.facebook.com\/parexploramagallanes\">www.facebook.com\/parexploramagallanes<\/a> &nbsp;y <a href=\"http:\/\/www.twitter.com\/exploramag\">www.twitter.com\/exploramag<\/a><\/p>\n<p>A continuaci\u00f3n, les dejamos n\u00f3mina de talleres y su respectiva descripci\u00f3n:<\/p>\n<table style=\"width: 589px\">\n<tbody>\n<tr>\n<td style=\"width: 30px\">\n<p><strong>N\u00b0<\/strong><\/p>\n<\/td>\n<td style=\"width: 121px\">\n<p><strong>Nombre Taller<\/strong><\/p>\n<\/td>\n<td style=\"width: 112px\">\n<p><strong>Jefe de Taller<\/strong><\/p>\n<\/td>\n<td style=\"width: 215px\">\n<p><strong>Descripci\u00f3n<\/strong><\/p>\n<\/td>\n<td style=\"width: 55px\">\n<p><strong>Edad<\/strong><\/p>\n<\/td>\n<td style=\"width: 55px\">\n<p><strong>Cupos<\/strong><\/p>\n<\/td>\n<\/tr>\n<tr>\n<td style=\"width: 30px\">\n<p>1<\/p>\n<\/td>\n<td style=\"width: 121px\">\n<p>Vicociencia<\/p>\n<\/td>\n<td style=\"width: 112px\">\n<p>Ricardo Guineo<\/p>\n<\/td>\n<td style=\"width: 215px\">\n<p>Resoluci\u00f3n de problemas cotidianos desde una mirada cient\u00edfica. El zorrito culpeo Vico, mascota del PAR EXPLORA Magallanes, nos acompa\u00f1ar\u00e1 a descubrir el mundo que nos rodea, a trav\u00e9s de la Biolog\u00eda, Qu\u00edmica, F\u00edsica y Ciencias de la Tierra. A trav\u00e9s de estas actividades, se da hincapi\u00e9 en que las ciencias pueden ser divertidas, asombrosas y entretenidas, y que la complejidad de las respuestas depende de las preguntas.<\/p>\n<\/td>\n<td style=\"width: 55px\">\n<p>10-17<\/p>\n<\/td>\n<td style=\"width: 55px\">\n<p>20<\/p>\n<\/td>\n<\/tr>\n<tr>\n<td style=\"width: 30px\">\n<p>2<\/p>\n<\/td>\n<td style=\"width: 121px\">\n<p>Explorines<\/p>\n<\/td>\n<td style=\"width: 112px\">\n<p>Silvia Benavides<\/p>\n<\/td>\n<td style=\"width: 215px\">\n<p>Promover el acercamiento a los diferentes \u00e1mbitos de la ciencia a trav\u00e9s de actividades l\u00fadicas, permitiendo desarrollar habilidades y actitudes cient\u00edficas en los participantes.<\/p>\n<\/td>\n<td style=\"width: 55px\">\n<p>5-7<\/p>\n<\/td>\n<td style=\"width: 55px\">\n<p>20<\/p>\n<\/td>\n<\/tr>\n<tr>\n<td style=\"width: 30px\">\n<p>3<\/p>\n<\/td>\n<td style=\"width: 121px\">\n<p>Microcazadores de Luz<\/p>\n<\/td>\n<td style=\"width: 112px\">\n<p>Gloria S\u00e1nchez<\/p>\n<\/td>\n<td style=\"width: 215px\">\n<p>Los participantes del taller podr\u00e1n conocer varios grupos de microalgas, sus caracter\u00edsticas y formas de vida, as\u00ed como su diversidad e importancia para los ecosistemas y para el hombre. Se usaran equipos de diversa sofisticaci\u00f3n; adem\u00e1s, visitaremos laboratorios y haremos salidas a terreno, en busca de estos min\u00fasculos organismos. Se realizar\u00e1 un viaje que nos llevar\u00e1 a conocer estos habitantes de la Patagonia chilena&nbsp; hasta las fr\u00edas tierras Ant\u00e1rticas.<\/p>\n<\/td>\n<td style=\"width: 55px\">\n<p>8-12<\/p>\n<\/td>\n<td style=\"width: 55px\">\n<p>20<\/p>\n<\/td>\n<\/tr>\n<tr>\n<td style=\"width: 30px\">\n<p>4<\/p>\n<\/td>\n<td style=\"width: 121px\">\n<p>Geolog\u00eda que nos rodea<\/p>\n<\/td>\n<td style=\"width: 112px\">\n<p>Alejandro P\u00e9rez<\/p>\n<\/td>\n<td style=\"width: 215px\">\n<p>Entender la evoluci\u00f3n del planeta y apreciar el tiempo geol\u00f3gico. Se realizar\u00e1n excursiones para observar a escala natural los fen\u00f3menos geol\u00f3gicos.<\/p>\n<\/td>\n<td style=\"width: 55px\">\n<p>10-15<\/p>\n<\/td>\n<td style=\"width: 55px\">\n<p>20<\/p>\n<\/td>\n<\/tr>\n<tr>\n<td style=\"width: 30px\">\n<p>5<\/p>\n<\/td>\n<td style=\"width: 121px\">\n<p>Reciclarte<\/p>\n<\/td>\n<td style=\"width: 112px\">\n<p>Claudia Almonacid<\/p>\n<\/td>\n<td style=\"width: 215px\">\n<p>El taller consiste en desarrollar la creatividad de los ni\u00f1os a trav\u00e9s de la expresi\u00f3n art\u00edstica, y de la reutilizaci\u00f3n de materiales como pl\u00e1stico, cart\u00f3n, papel y la creaci\u00f3n de subproductos.<\/p>\n<\/td>\n<td style=\"width: 55px\">\n<p>10-14<\/p>\n<\/td>\n<td style=\"width: 55px\">\n<p>20<\/p>\n<\/td>\n<\/tr>\n<tr>\n<td style=\"width: 30px\">\n<p>6<\/p>\n<\/td>\n<td style=\"width: 121px\">\n<p>Huerta Org\u00e1nica<\/p>\n<\/td>\n<td style=\"width: 112px\">\n<p>Jorge Nieto<\/p>\n<\/td>\n<td style=\"width: 215px\">\n<p>El objetivo del taller es que los ni\u00f1os en un ambiente de aula natural, a trav\u00e9s de la metodolog\u00eda del hacer y aprender&nbsp; puedan reconocer cuales son las principales hortalizas y hierbas medicinales que componen su alimentaci\u00f3n habitual, reconozcan sus propiedades, valoren su aporte nutritivo y el beneficio que estas tienen para una alimentaci\u00f3n saludable.<\/p>\n<p>Las acciones consistir\u00e1n en reconocer especies, preparar sustratos, elaborar alm\u00e1cigos, realizar trasplantes y riegos mientras se les educa en procesos de fotos\u00edntesis, compostaje, vermicompostaje, etc.<\/p>\n<\/td>\n<td style=\"width: 55px\">\n<p>8-11<\/p>\n<\/td>\n<td style=\"width: 55px\">\n<p>20<\/p>\n<\/td>\n<\/tr>\n<tr>\n<td style=\"width: 30px\">\n<p>7<\/p>\n<\/td>\n<td style=\"width: 121px\">\n<p>Cu\u00e9ntame un cuento reciclado<\/p>\n<\/td>\n<td style=\"width: 112px\">\n<p>Jessica Carrasco<\/p>\n<\/td>\n<td style=\"width: 215px\">\n<p>El taller&nbsp; consiste en la creaci\u00f3n de cuentos y dramatizaciones sencillas con tem\u00e1tica medio-ambiental desarrollando el discurso narrativo de acuerdo a la edad de los ni\u00f1os y ni\u00f1as participantes, y su respectiva puesta en escena. Creando para ello, sus propias ambientaciones y&nbsp; personajes utilizando diversos elementos de la naturaleza y materiales factibles de ser reutilizados para este prop\u00f3sito.<\/p>\n<\/td>\n<td style=\"width: 55px\">\n<p>5-6<\/p>\n<\/td>\n<td style=\"width: 55px\">\n<p>20<\/p>\n<\/td>\n<\/tr>\n<\/tbody>\n<\/table>\n","protected":false},"excerpt":{"rendered":"<p>A contar de este lunes 18 y hasta el viernes 22 (o hasta agotar cupos disponibles) se encuentra abierto el proceso de inscripci\u00f3n a los talleres del Campamento Cient\u00edfico Escolar 2018 en Puerto Natales. Evento que es organizado por el Proyecto Asociativo Regional (PAR) Explora de CONICYT Magallanes y Ant\u00e1rtica Chilena de la Universidad de [&hellip;]<\/p>\n","protected":false},"author":2,"featured_media":866,"comment_status":"open","ping_status":"open","sticky":false,"template":"","format":"standard","meta":{"_acf_changed":false,"_exactmetrics_skip_tracking":false,"_exactmetrics_sitenote_active":false,"_exactmetrics_sitenote_note":"","_exactmetrics_sitenote_category":0,"footnotes":"","_links_to":"","_links_to_target":""},"categories":[4],"tags":[],"class_list":["post-868","post","type-post","status-publish","format-standard","has-post-thumbnail","hentry","category-noticias"],"acf":[],"yoast_head":"<!-- This site is optimized with the Yoast SEO plugin v26.7 - https:\/\/yoast.com\/wordpress\/plugins\/seo\/ -->\n<title>\u00a1Atenci\u00f3n Puerto Natales! Se abren inscripciones para el Campamento Cient\u00edfico Escolar 2018 - Magallanes<\/title>\n<meta name=\"robots\" content=\"index, follow, max-snippet:-1, max-image-preview:large, max-video-preview:-1\" \/>\n<link rel=\"canonical\" href=\"https:\/\/dev.explora.cl\/magallanes\/atencion-puerto-natales-se-abren-inscripciones-para-el-campamento-cientifico-escolar-2018\/\" class=\"yoast-seo-meta-tag\" \/>\n<meta property=\"og:locale\" content=\"es_ES\" class=\"yoast-seo-meta-tag\" \/>\n<meta property=\"og:type\" content=\"article\" class=\"yoast-seo-meta-tag\" \/>\n<meta property=\"og:title\" content=\"\u00a1Atenci\u00f3n Puerto Natales! Se abren inscripciones para el Campamento Cient\u00edfico Escolar 2018 - Magallanes\" class=\"yoast-seo-meta-tag\" \/>\n<meta property=\"og:description\" content=\"A contar de este lunes 18 y hasta el viernes 22 (o hasta agotar cupos disponibles) se encuentra abierto el proceso de inscripci\u00f3n a los talleres del Campamento Cient\u00edfico Escolar 2018 en Puerto Natales. Evento que es organizado por el Proyecto Asociativo Regional (PAR) Explora de CONICYT Magallanes y Ant\u00e1rtica Chilena de la Universidad de [&hellip;]\" class=\"yoast-seo-meta-tag\" \/>\n<meta property=\"og:url\" content=\"https:\/\/dev.explora.cl\/magallanes\/atencion-puerto-natales-se-abren-inscripciones-para-el-campamento-cientifico-escolar-2018\/\" class=\"yoast-seo-meta-tag\" \/>\n<meta property=\"og:site_name\" content=\"Magallanes\" class=\"yoast-seo-meta-tag\" \/>\n<meta property=\"article:published_time\" content=\"2017-12-18T04:00:00+00:00\" class=\"yoast-seo-meta-tag\" \/>\n<meta property=\"article:modified_time\" content=\"2019-05-20T21:34:44+00:00\" class=\"yoast-seo-meta-tag\" \/>\n<meta property=\"og:image\" content=\"https:\/\/dev.explora.cl\/magallanes\/wp-content\/uploads\/sites\/19\/2018\/06\/web_campamento_natales.jpg\" class=\"yoast-seo-meta-tag\" \/>\n\t<meta property=\"og:image:width\" content=\"592\" class=\"yoast-seo-meta-tag\" \/>\n\t<meta property=\"og:image:height\" content=\"213\" class=\"yoast-seo-meta-tag\" \/>\n\t<meta property=\"og:image:type\" content=\"image\/jpeg\" class=\"yoast-seo-meta-tag\" \/>\n<meta name=\"author\" content=\"webman\" class=\"yoast-seo-meta-tag\" \/>\n<meta name=\"twitter:card\" content=\"summary_large_image\" class=\"yoast-seo-meta-tag\" \/>\n<meta name=\"twitter:label1\" content=\"Escrito por\" class=\"yoast-seo-meta-tag\" \/>\n\t<meta name=\"twitter:data1\" content=\"webman\" class=\"yoast-seo-meta-tag\" \/>\n\t<meta name=\"twitter:label2\" content=\"Tiempo estimado de lectura\" class=\"yoast-seo-meta-tag\" \/>\n\t<meta name=\"twitter:data2\" content=\"3 minutos\" class=\"yoast-seo-meta-tag\" \/>\n<script type=\"application\/ld+json\" class=\"yoast-schema-graph\">{\"@context\":\"https:\/\/schema.org\",\"@graph\":[{\"@type\":\"Article\",\"@id\":\"https:\/\/dev.explora.cl\/magallanes\/atencion-puerto-natales-se-abren-inscripciones-para-el-campamento-cientifico-escolar-2018\/#article\",\"isPartOf\":{\"@id\":\"https:\/\/dev.explora.cl\/magallanes\/atencion-puerto-natales-se-abren-inscripciones-para-el-campamento-cientifico-escolar-2018\/\"},\"author\":{\"name\":\"webman\",\"@id\":\"https:\/\/dev.explora.cl\/magallanes\/#\/schema\/person\/cb8349c13ea2d324080adf8480d7ba5d\"},\"headline\":\"\u00a1Atenci\u00f3n Puerto Natales! Se abren inscripciones para el Campamento Cient\u00edfico Escolar 2018\",\"datePublished\":\"2017-12-18T04:00:00+00:00\",\"dateModified\":\"2019-05-20T21:34:44+00:00\",\"mainEntityOfPage\":{\"@id\":\"https:\/\/dev.explora.cl\/magallanes\/atencion-puerto-natales-se-abren-inscripciones-para-el-campamento-cientifico-escolar-2018\/\"},\"wordCount\":704,\"commentCount\":0,\"publisher\":{\"@id\":\"https:\/\/dev.explora.cl\/magallanes\/#organization\"},\"image\":{\"@id\":\"https:\/\/dev.explora.cl\/magallanes\/atencion-puerto-natales-se-abren-inscripciones-para-el-campamento-cientifico-escolar-2018\/#primaryimage\"},\"thumbnailUrl\":\"https:\/\/dev.explora.cl\/magallanes\/wp-content\/uploads\/sites\/19\/2018\/06\/web_campamento_natales.jpg\",\"articleSection\":[\"Noticias\"],\"inLanguage\":\"es-CL\",\"potentialAction\":[{\"@type\":\"CommentAction\",\"name\":\"Comment\",\"target\":[\"https:\/\/dev.explora.cl\/magallanes\/atencion-puerto-natales-se-abren-inscripciones-para-el-campamento-cientifico-escolar-2018\/#respond\"]}]},{\"@type\":\"WebPage\",\"@id\":\"https:\/\/dev.explora.cl\/magallanes\/atencion-puerto-natales-se-abren-inscripciones-para-el-campamento-cientifico-escolar-2018\/\",\"url\":\"https:\/\/dev.explora.cl\/magallanes\/atencion-puerto-natales-se-abren-inscripciones-para-el-campamento-cientifico-escolar-2018\/\",\"name\":\"\u00a1Atenci\u00f3n Puerto Natales! Se abren inscripciones para el Campamento Cient\u00edfico Escolar 2018 - Magallanes\",\"isPartOf\":{\"@id\":\"https:\/\/dev.explora.cl\/magallanes\/#website\"},\"primaryImageOfPage\":{\"@id\":\"https:\/\/dev.explora.cl\/magallanes\/atencion-puerto-natales-se-abren-inscripciones-para-el-campamento-cientifico-escolar-2018\/#primaryimage\"},\"image\":{\"@id\":\"https:\/\/dev.explora.cl\/magallanes\/atencion-puerto-natales-se-abren-inscripciones-para-el-campamento-cientifico-escolar-2018\/#primaryimage\"},\"thumbnailUrl\":\"https:\/\/dev.explora.cl\/magallanes\/wp-content\/uploads\/sites\/19\/2018\/06\/web_campamento_natales.jpg\",\"datePublished\":\"2017-12-18T04:00:00+00:00\",\"dateModified\":\"2019-05-20T21:34:44+00:00\",\"breadcrumb\":{\"@id\":\"https:\/\/dev.explora.cl\/magallanes\/atencion-puerto-natales-se-abren-inscripciones-para-el-campamento-cientifico-escolar-2018\/#breadcrumb\"},\"inLanguage\":\"es-CL\",\"potentialAction\":[{\"@type\":\"ReadAction\",\"target\":[\"https:\/\/dev.explora.cl\/magallanes\/atencion-puerto-natales-se-abren-inscripciones-para-el-campamento-cientifico-escolar-2018\/\"]}]},{\"@type\":\"ImageObject\",\"inLanguage\":\"es-CL\",\"@id\":\"https:\/\/dev.explora.cl\/magallanes\/atencion-puerto-natales-se-abren-inscripciones-para-el-campamento-cientifico-escolar-2018\/#primaryimage\",\"url\":\"https:\/\/dev.explora.cl\/magallanes\/wp-content\/uploads\/sites\/19\/2018\/06\/web_campamento_natales.jpg\",\"contentUrl\":\"https:\/\/dev.explora.cl\/magallanes\/wp-content\/uploads\/sites\/19\/2018\/06\/web_campamento_natales.jpg\",\"width\":592,\"height\":213},{\"@type\":\"BreadcrumbList\",\"@id\":\"https:\/\/dev.explora.cl\/magallanes\/atencion-puerto-natales-se-abren-inscripciones-para-el-campamento-cientifico-escolar-2018\/#breadcrumb\",\"itemListElement\":[{\"@type\":\"ListItem\",\"position\":1,\"name\":\"Portada\",\"item\":\"https:\/\/dev.explora.cl\/magallanes\/\"},{\"@type\":\"ListItem\",\"position\":2,\"name\":\"\u00a1Atenci\u00f3n Puerto Natales! Se abren inscripciones para el Campamento Cient\u00edfico Escolar 2018\"}]},{\"@type\":\"WebSite\",\"@id\":\"https:\/\/dev.explora.cl\/magallanes\/#website\",\"url\":\"https:\/\/dev.explora.cl\/magallanes\/\",\"name\":\"Magallanes\",\"description\":\"Otro sitio m\u00e1s de dev.explora.cl\",\"publisher\":{\"@id\":\"https:\/\/dev.explora.cl\/magallanes\/#organization\"},\"potentialAction\":[{\"@type\":\"SearchAction\",\"target\":{\"@type\":\"EntryPoint\",\"urlTemplate\":\"https:\/\/dev.explora.cl\/magallanes\/?s={search_term_string}\"},\"query-input\":{\"@type\":\"PropertyValueSpecification\",\"valueRequired\":true,\"valueName\":\"search_term_string\"}}],\"inLanguage\":\"es-CL\"},{\"@type\":\"Organization\",\"@id\":\"https:\/\/dev.explora.cl\/magallanes\/#organization\",\"name\":\"Magallanes\",\"url\":\"https:\/\/dev.explora.cl\/magallanes\/\",\"logo\":{\"@type\":\"ImageObject\",\"inLanguage\":\"es-CL\",\"@id\":\"https:\/\/dev.explora.cl\/magallanes\/#\/schema\/logo\/image\/\",\"url\":\"https:\/\/dev.explora.cl\/magallanes\/wp-content\/uploads\/sites\/19\/2021\/06\/cropped-ICONO-COLOR-2.jpg\",\"contentUrl\":\"https:\/\/dev.explora.cl\/magallanes\/wp-content\/uploads\/sites\/19\/2021\/06\/cropped-ICONO-COLOR-2.jpg\",\"width\":1181,\"height\":1181,\"caption\":\"Magallanes\"},\"image\":{\"@id\":\"https:\/\/dev.explora.cl\/magallanes\/#\/schema\/logo\/image\/\"}},{\"@type\":\"Person\",\"@id\":\"https:\/\/dev.explora.cl\/magallanes\/#\/schema\/person\/cb8349c13ea2d324080adf8480d7ba5d\",\"name\":\"webman\",\"image\":{\"@type\":\"ImageObject\",\"inLanguage\":\"es-CL\",\"@id\":\"https:\/\/dev.explora.cl\/magallanes\/#\/schema\/person\/image\/\",\"url\":\"https:\/\/secure.gravatar.com\/avatar\/eeff3c82f2c02f7177d13663b7e6f890e9a6a0647ce9bb29cae02dcb094c7312?s=96&d=mm&r=g\",\"contentUrl\":\"https:\/\/secure.gravatar.com\/avatar\/eeff3c82f2c02f7177d13663b7e6f890e9a6a0647ce9bb29cae02dcb094c7312?s=96&d=mm&r=g\",\"caption\":\"webman\"},\"url\":\"https:\/\/dev.explora.cl\/magallanes\/author\/webman\/\"}]}<\/script>\n<!-- \/ Yoast SEO plugin. -->","yoast_head_json":{"title":"\u00a1Atenci\u00f3n Puerto Natales! Se abren inscripciones para el Campamento Cient\u00edfico Escolar 2018 - Magallanes","robots":{"index":"index","follow":"follow","max-snippet":"max-snippet:-1","max-image-preview":"max-image-preview:large","max-video-preview":"max-video-preview:-1"},"canonical":"https:\/\/dev.explora.cl\/magallanes\/atencion-puerto-natales-se-abren-inscripciones-para-el-campamento-cientifico-escolar-2018\/","og_locale":"es_ES","og_type":"article","og_title":"\u00a1Atenci\u00f3n Puerto Natales! Se abren inscripciones para el Campamento Cient\u00edfico Escolar 2018 - Magallanes","og_description":"A contar de este lunes 18 y hasta el viernes 22 (o hasta agotar cupos disponibles) se encuentra abierto el proceso de inscripci\u00f3n a los talleres del Campamento Cient\u00edfico Escolar 2018 en Puerto Natales. Evento que es organizado por el Proyecto Asociativo Regional (PAR) Explora de CONICYT Magallanes y Ant\u00e1rtica Chilena de la Universidad de [&hellip;]","og_url":"https:\/\/dev.explora.cl\/magallanes\/atencion-puerto-natales-se-abren-inscripciones-para-el-campamento-cientifico-escolar-2018\/","og_site_name":"Magallanes","article_published_time":"2017-12-18T04:00:00+00:00","article_modified_time":"2019-05-20T21:34:44+00:00","og_image":[{"width":592,"height":213,"url":"https:\/\/dev.explora.cl\/magallanes\/wp-content\/uploads\/sites\/19\/2018\/06\/web_campamento_natales.jpg","type":"image\/jpeg"}],"author":"webman","twitter_card":"summary_large_image","twitter_misc":{"Escrito por":"webman","Tiempo estimado de lectura":"3 minutos"},"schema":{"@context":"https:\/\/schema.org","@graph":[{"@type":"Article","@id":"https:\/\/dev.explora.cl\/magallanes\/atencion-puerto-natales-se-abren-inscripciones-para-el-campamento-cientifico-escolar-2018\/#article","isPartOf":{"@id":"https:\/\/dev.explora.cl\/magallanes\/atencion-puerto-natales-se-abren-inscripciones-para-el-campamento-cientifico-escolar-2018\/"},"author":{"name":"webman","@id":"https:\/\/dev.explora.cl\/magallanes\/#\/schema\/person\/cb8349c13ea2d324080adf8480d7ba5d"},"headline":"\u00a1Atenci\u00f3n Puerto Natales! Se abren inscripciones para el Campamento Cient\u00edfico Escolar 2018","datePublished":"2017-12-18T04:00:00+00:00","dateModified":"2019-05-20T21:34:44+00:00","mainEntityOfPage":{"@id":"https:\/\/dev.explora.cl\/magallanes\/atencion-puerto-natales-se-abren-inscripciones-para-el-campamento-cientifico-escolar-2018\/"},"wordCount":704,"commentCount":0,"publisher":{"@id":"https:\/\/dev.explora.cl\/magallanes\/#organization"},"image":{"@id":"https:\/\/dev.explora.cl\/magallanes\/atencion-puerto-natales-se-abren-inscripciones-para-el-campamento-cientifico-escolar-2018\/#primaryimage"},"thumbnailUrl":"https:\/\/dev.explora.cl\/magallanes\/wp-content\/uploads\/sites\/19\/2018\/06\/web_campamento_natales.jpg","articleSection":["Noticias"],"inLanguage":"es-CL","potentialAction":[{"@type":"CommentAction","name":"Comment","target":["https:\/\/dev.explora.cl\/magallanes\/atencion-puerto-natales-se-abren-inscripciones-para-el-campamento-cientifico-escolar-2018\/#respond"]}]},{"@type":"WebPage","@id":"https:\/\/dev.explora.cl\/magallanes\/atencion-puerto-natales-se-abren-inscripciones-para-el-campamento-cientifico-escolar-2018\/","url":"https:\/\/dev.explora.cl\/magallanes\/atencion-puerto-natales-se-abren-inscripciones-para-el-campamento-cientifico-escolar-2018\/","name":"\u00a1Atenci\u00f3n Puerto Natales! Se abren inscripciones para el Campamento Cient\u00edfico Escolar 2018 - Magallanes","isPartOf":{"@id":"https:\/\/dev.explora.cl\/magallanes\/#website"},"primaryImageOfPage":{"@id":"https:\/\/dev.explora.cl\/magallanes\/atencion-puerto-natales-se-abren-inscripciones-para-el-campamento-cientifico-escolar-2018\/#primaryimage"},"image":{"@id":"https:\/\/dev.explora.cl\/magallanes\/atencion-puerto-natales-se-abren-inscripciones-para-el-campamento-cientifico-escolar-2018\/#primaryimage"},"thumbnailUrl":"https:\/\/dev.explora.cl\/magallanes\/wp-content\/uploads\/sites\/19\/2018\/06\/web_campamento_natales.jpg","datePublished":"2017-12-18T04:00:00+00:00","dateModified":"2019-05-20T21:34:44+00:00","breadcrumb":{"@id":"https:\/\/dev.explora.cl\/magallanes\/atencion-puerto-natales-se-abren-inscripciones-para-el-campamento-cientifico-escolar-2018\/#breadcrumb"},"inLanguage":"es-CL","potentialAction":[{"@type":"ReadAction","target":["https:\/\/dev.explora.cl\/magallanes\/atencion-puerto-natales-se-abren-inscripciones-para-el-campamento-cientifico-escolar-2018\/"]}]},{"@type":"ImageObject","inLanguage":"es-CL","@id":"https:\/\/dev.explora.cl\/magallanes\/atencion-puerto-natales-se-abren-inscripciones-para-el-campamento-cientifico-escolar-2018\/#primaryimage","url":"https:\/\/dev.explora.cl\/magallanes\/wp-content\/uploads\/sites\/19\/2018\/06\/web_campamento_natales.jpg","contentUrl":"https:\/\/dev.explora.cl\/magallanes\/wp-content\/uploads\/sites\/19\/2018\/06\/web_campamento_natales.jpg","width":592,"height":213},{"@type":"BreadcrumbList","@id":"https:\/\/dev.explora.cl\/magallanes\/atencion-puerto-natales-se-abren-inscripciones-para-el-campamento-cientifico-escolar-2018\/#breadcrumb","itemListElement":[{"@type":"ListItem","position":1,"name":"Portada","item":"https:\/\/dev.explora.cl\/magallanes\/"},{"@type":"ListItem","position":2,"name":"\u00a1Atenci\u00f3n Puerto Natales! Se abren inscripciones para el Campamento Cient\u00edfico Escolar 2018"}]},{"@type":"WebSite","@id":"https:\/\/dev.explora.cl\/magallanes\/#website","url":"https:\/\/dev.explora.cl\/magallanes\/","name":"Magallanes","description":"Otro sitio m\u00e1s de dev.explora.cl","publisher":{"@id":"https:\/\/dev.explora.cl\/magallanes\/#organization"},"potentialAction":[{"@type":"SearchAction","target":{"@type":"EntryPoint","urlTemplate":"https:\/\/dev.explora.cl\/magallanes\/?s={search_term_string}"},"query-input":{"@type":"PropertyValueSpecification","valueRequired":true,"valueName":"search_term_string"}}],"inLanguage":"es-CL"},{"@type":"Organization","@id":"https:\/\/dev.explora.cl\/magallanes\/#organization","name":"Magallanes","url":"https:\/\/dev.explora.cl\/magallanes\/","logo":{"@type":"ImageObject","inLanguage":"es-CL","@id":"https:\/\/dev.explora.cl\/magallanes\/#\/schema\/logo\/image\/","url":"https:\/\/dev.explora.cl\/magallanes\/wp-content\/uploads\/sites\/19\/2021\/06\/cropped-ICONO-COLOR-2.jpg","contentUrl":"https:\/\/dev.explora.cl\/magallanes\/wp-content\/uploads\/sites\/19\/2021\/06\/cropped-ICONO-COLOR-2.jpg","width":1181,"height":1181,"caption":"Magallanes"},"image":{"@id":"https:\/\/dev.explora.cl\/magallanes\/#\/schema\/logo\/image\/"}},{"@type":"Person","@id":"https:\/\/dev.explora.cl\/magallanes\/#\/schema\/person\/cb8349c13ea2d324080adf8480d7ba5d","name":"webman","image":{"@type":"ImageObject","inLanguage":"es-CL","@id":"https:\/\/dev.explora.cl\/magallanes\/#\/schema\/person\/image\/","url":"https:\/\/secure.gravatar.com\/avatar\/eeff3c82f2c02f7177d13663b7e6f890e9a6a0647ce9bb29cae02dcb094c7312?s=96&d=mm&r=g","contentUrl":"https:\/\/secure.gravatar.com\/avatar\/eeff3c82f2c02f7177d13663b7e6f890e9a6a0647ce9bb29cae02dcb094c7312?s=96&d=mm&r=g","caption":"webman"},"url":"https:\/\/dev.explora.cl\/magallanes\/author\/webman\/"}]}},"_links":{"self":[{"href":"https:\/\/dev.explora.cl\/magallanes\/wp-json\/wp\/v2\/posts\/868","targetHints":{"allow":["GET"]}}],"collection":[{"href":"https:\/\/dev.explora.cl\/magallanes\/wp-json\/wp\/v2\/posts"}],"about":[{"href":"https:\/\/dev.explora.cl\/magallanes\/wp-json\/wp\/v2\/types\/post"}],"author":[{"embeddable":true,"href":"https:\/\/dev.explora.cl\/magallanes\/wp-json\/wp\/v2\/users\/2"}],"replies":[{"embeddable":true,"href":"https:\/\/dev.explora.cl\/magallanes\/wp-json\/wp\/v2\/comments?post=868"}],"version-history":[{"count":1,"href":"https:\/\/dev.explora.cl\/magallanes\/wp-json\/wp\/v2\/posts\/868\/revisions"}],"predecessor-version":[{"id":37622,"href":"https:\/\/dev.explora.cl\/magallanes\/wp-json\/wp\/v2\/posts\/868\/revisions\/37622"}],"wp:featuredmedia":[{"embeddable":true,"href":"https:\/\/dev.explora.cl\/magallanes\/wp-json\/wp\/v2\/media\/866"}],"wp:attachment":[{"href":"https:\/\/dev.explora.cl\/magallanes\/wp-json\/wp\/v2\/media?parent=868"}],"wp:term":[{"taxonomy":"category","embeddable":true,"href":"https:\/\/dev.explora.cl\/magallanes\/wp-json\/wp\/v2\/categories?post=868"},{"taxonomy":"post_tag","embeddable":true,"href":"https:\/\/dev.explora.cl\/magallanes\/wp-json\/wp\/v2\/tags?post=868"}],"curies":[{"name":"wp","href":"https:\/\/api.w.org\/{rel}","templated":true}]}}