{"id":860,"date":"2017-12-05T00:00:00","date_gmt":"2017-12-05T04:00:00","guid":{"rendered":"https:\/\/dev.explora.cl\/magallanes\/blog\/2017\/12\/05\/atencion-profesores-de-magallanes-convocatoria-para-participar-de-los-campamentos-explora-va-2018\/"},"modified":"2019-05-20T21:34:49","modified_gmt":"2019-05-20T21:34:49","slug":"atencion-profesores-de-magallanes-convocatoria-para-participar-de-los-campamentos-explora-va-2018","status":"publish","type":"post","link":"https:\/\/dev.explora.cl\/magallanes\/atencion-profesores-de-magallanes-convocatoria-para-participar-de-los-campamentos-explora-va-2018\/","title":{"rendered":"\u00a1Atenci\u00f3n profesores de Magallanes! Convocatoria para participar de los Campamentos Explora VA! 2018"},"content":{"rendered":"<p><img loading=\"lazy\" decoding=\"async\" class=\" size-full wp-image-29317\" src=\"http:\/\/ec2-54-245-22-188.us-west-2.compute.amazonaws.com\/wp-content\/uploads\/2017\/12\/1Campamento-2017-min-min-iloveimg-compressed.jpg\" alt=\"1Campamento 2017 min min iloveimg compressed\" width=\"3540\" height=\"2275\" \/><\/p>\n<p>Durante cinco d\u00edas y en modalidad internado, profesores podr\u00e1n vivir una experiencia \u00fanica de formaci\u00f3n profesional: los Campamentos de Educaci\u00f3n en Ciencias Explora VA! del Programa Explora de CONICYT, ejecutados por la Universidad de Chile a trav\u00e9s de su Fundaci\u00f3n Facultad de Ciencias Veterinarias y Pecuarias.<\/p>\n<p>Mediante esta experiencia, los profesionales de la educaci\u00f3n podr\u00e1n vivir el entorno natural reconoci\u00e9ndolo como un recurso efectivo de aprendizaje, para dar espacio a la indagaci\u00f3n con una mirada inclusiva y a la integraci\u00f3n del curr\u00edculum escolar.<\/p>\n<p>En estos campamentos, los participantes compartir\u00e1n espacios imperdibles de conversaci\u00f3n con otros docentes, a partir de los cuales se les invitar\u00e1 a reflexionar sobre la ense\u00f1anza de las ciencias y a desarrollar habilidades y estrategias que los impulsen a ser un agente de cambio en sus centros educativos.<\/p>\n<p>\u201cQueremos que quienes participen puedan descubrir la importancia de compartir sus experiencias, conocer su entorno e impactar, a trav\u00e9s de innovadoras pr\u00e1cticas, en sus escuelas. Tenemos talleres pedag\u00f3gicos, juegos colaborativos, actividades de aprendizaje y muchas otras actividades que finalmente impulsar\u00e1n a los docentes y educadoras a dise\u00f1ar una propuesta para el cambio, que puedan aplicar en sus establecimientos educacionales\u201d, sostuvo Macarena Oc\u00e1riz, directora de los Campamentos de Educaci\u00f3n en Ciencias Explora VA! 2018 I y III.<\/p>\n<p>Ser\u00e1n intensas jornadas de trabajo a todo terreno, que se desarrollar\u00e1n en las siguientes fechas:<\/p>\n<p>&#8211; Campamento I: <strong>desde el 2 al 6 de enero 2018:<\/strong> Rancho Alem\u00e1n, Colliguay, Regi\u00f3n de Valpara\u00edso.<br \/> &#8211; Campamento II: <strong>desde el 9 al 13 de enero 2018: <\/strong>Rancho Alem\u00e1n, Colliguay, Regi\u00f3n de Valpara\u00edso.<br \/> &#8211; Campamento III: <strong>desde el 9 al 13 de julio 2018:<\/strong> Caba\u00f1as Sol y Mar, Regi\u00f3n de Valpara\u00edso.<\/p>\n<p>Pueden participar de este llamado profesores y profesoras de educaci\u00f3n b\u00e1sica y media, de cualquier asignatura; educadores y educadoras de p\u00e1rvulos, jefes de Unidad T\u00e9cnica Pedag\u00f3gica y directivos de establecimientos educacionales de todo el pa\u00eds.<\/p>\n<p>Para postular, los interesados deben completar el formulario online publicado en el sitio web: <a href=\"https:\/\/dev.explora.cl\">dev.explora.cl<\/a><\/p>\n<p><strong>Las postulaciones son hasta el mi\u00e9rcoles 13 de diciembre. Para m\u00e1s i<\/strong><strong>nformaci\u00f3n escribir al correo: <\/strong><a href=\"mailto:campamentoprofes2018@gmail.com\"><strong>campamentoprofes2018@gmail.com<\/strong><\/a><\/p>\n","protected":false},"excerpt":{"rendered":"<p>Durante cinco d\u00edas y en modalidad internado, profesores podr\u00e1n vivir una experiencia \u00fanica de formaci\u00f3n profesional: los Campamentos de Educaci\u00f3n en Ciencias Explora VA! del Programa Explora de CONICYT, ejecutados por la Universidad de Chile a trav\u00e9s de su Fundaci\u00f3n Facultad de Ciencias Veterinarias y Pecuarias. Mediante esta experiencia, los profesionales de la educaci\u00f3n podr\u00e1n [&hellip;]<\/p>\n","protected":false},"author":2,"featured_media":861,"comment_status":"open","ping_status":"open","sticky":false,"template":"","format":"standard","meta":{"_acf_changed":false,"_exactmetrics_skip_tracking":false,"_exactmetrics_sitenote_active":false,"_exactmetrics_sitenote_note":"","_exactmetrics_sitenote_category":0,"footnotes":"","_links_to":"","_links_to_target":""},"categories":[4],"tags":[],"class_list":["post-860","post","type-post","status-publish","format-standard","has-post-thumbnail","hentry","category-noticias"],"acf":[],"yoast_head":"<!-- This site is optimized with the Yoast SEO plugin v26.7 - https:\/\/yoast.com\/wordpress\/plugins\/seo\/ -->\n<title>\u00a1Atenci\u00f3n profesores de Magallanes! Convocatoria para participar de los Campamentos Explora VA! 2018 - Magallanes<\/title>\n<meta name=\"robots\" content=\"index, follow, max-snippet:-1, max-image-preview:large, max-video-preview:-1\" \/>\n<link rel=\"canonical\" href=\"https:\/\/dev.explora.cl\/magallanes\/atencion-profesores-de-magallanes-convocatoria-para-participar-de-los-campamentos-explora-va-2018\/\" class=\"yoast-seo-meta-tag\" \/>\n<meta property=\"og:locale\" content=\"es_ES\" class=\"yoast-seo-meta-tag\" \/>\n<meta property=\"og:type\" content=\"article\" class=\"yoast-seo-meta-tag\" \/>\n<meta property=\"og:title\" content=\"\u00a1Atenci\u00f3n profesores de Magallanes! Convocatoria para participar de los Campamentos Explora VA! 2018 - Magallanes\" class=\"yoast-seo-meta-tag\" \/>\n<meta property=\"og:description\" content=\"Durante cinco d\u00edas y en modalidad internado, profesores podr\u00e1n vivir una experiencia \u00fanica de formaci\u00f3n profesional: los Campamentos de Educaci\u00f3n en Ciencias Explora VA! del Programa Explora de CONICYT, ejecutados por la Universidad de Chile a trav\u00e9s de su Fundaci\u00f3n Facultad de Ciencias Veterinarias y Pecuarias. Mediante esta experiencia, los profesionales de la educaci\u00f3n podr\u00e1n [&hellip;]\" class=\"yoast-seo-meta-tag\" \/>\n<meta property=\"og:url\" content=\"https:\/\/dev.explora.cl\/magallanes\/atencion-profesores-de-magallanes-convocatoria-para-participar-de-los-campamentos-explora-va-2018\/\" class=\"yoast-seo-meta-tag\" \/>\n<meta property=\"og:site_name\" content=\"Magallanes\" class=\"yoast-seo-meta-tag\" \/>\n<meta property=\"article:published_time\" content=\"2017-12-05T04:00:00+00:00\" class=\"yoast-seo-meta-tag\" \/>\n<meta property=\"article:modified_time\" content=\"2019-05-20T21:34:49+00:00\" class=\"yoast-seo-meta-tag\" \/>\n<meta property=\"og:image\" content=\"https:\/\/dev.explora.cl\/magallanes\/wp-content\/uploads\/sites\/19\/2018\/06\/1Campamento-2017-min-min-iloveimg-compressed.jpg\" class=\"yoast-seo-meta-tag\" \/>\n\t<meta property=\"og:image:width\" content=\"2048\" class=\"yoast-seo-meta-tag\" \/>\n\t<meta property=\"og:image:height\" content=\"1316\" class=\"yoast-seo-meta-tag\" \/>\n\t<meta property=\"og:image:type\" content=\"image\/jpeg\" class=\"yoast-seo-meta-tag\" \/>\n<meta name=\"author\" content=\"webman\" class=\"yoast-seo-meta-tag\" \/>\n<meta name=\"twitter:card\" content=\"summary_large_image\" class=\"yoast-seo-meta-tag\" \/>\n<meta name=\"twitter:label1\" content=\"Escrito por\" class=\"yoast-seo-meta-tag\" \/>\n\t<meta name=\"twitter:data1\" content=\"webman\" class=\"yoast-seo-meta-tag\" \/>\n\t<meta name=\"twitter:label2\" content=\"Tiempo estimado de lectura\" class=\"yoast-seo-meta-tag\" \/>\n\t<meta name=\"twitter:data2\" content=\"2 minutos\" class=\"yoast-seo-meta-tag\" \/>\n<script type=\"application\/ld+json\" class=\"yoast-schema-graph\">{\"@context\":\"https:\/\/schema.org\",\"@graph\":[{\"@type\":\"Article\",\"@id\":\"https:\/\/dev.explora.cl\/magallanes\/atencion-profesores-de-magallanes-convocatoria-para-participar-de-los-campamentos-explora-va-2018\/#article\",\"isPartOf\":{\"@id\":\"https:\/\/dev.explora.cl\/magallanes\/atencion-profesores-de-magallanes-convocatoria-para-participar-de-los-campamentos-explora-va-2018\/\"},\"author\":{\"name\":\"webman\",\"@id\":\"https:\/\/dev.explora.cl\/magallanes\/#\/schema\/person\/cb8349c13ea2d324080adf8480d7ba5d\"},\"headline\":\"\u00a1Atenci\u00f3n profesores de Magallanes! Convocatoria para participar de los Campamentos Explora VA! 2018\",\"datePublished\":\"2017-12-05T04:00:00+00:00\",\"dateModified\":\"2019-05-20T21:34:49+00:00\",\"mainEntityOfPage\":{\"@id\":\"https:\/\/dev.explora.cl\/magallanes\/atencion-profesores-de-magallanes-convocatoria-para-participar-de-los-campamentos-explora-va-2018\/\"},\"wordCount\":389,\"commentCount\":0,\"publisher\":{\"@id\":\"https:\/\/dev.explora.cl\/magallanes\/#organization\"},\"image\":{\"@id\":\"https:\/\/dev.explora.cl\/magallanes\/atencion-profesores-de-magallanes-convocatoria-para-participar-de-los-campamentos-explora-va-2018\/#primaryimage\"},\"thumbnailUrl\":\"https:\/\/dev.explora.cl\/magallanes\/wp-content\/uploads\/sites\/19\/2018\/06\/1Campamento-2017-min-min-iloveimg-compressed.jpg\",\"articleSection\":[\"Noticias\"],\"inLanguage\":\"es-CL\",\"potentialAction\":[{\"@type\":\"CommentAction\",\"name\":\"Comment\",\"target\":[\"https:\/\/dev.explora.cl\/magallanes\/atencion-profesores-de-magallanes-convocatoria-para-participar-de-los-campamentos-explora-va-2018\/#respond\"]}]},{\"@type\":\"WebPage\",\"@id\":\"https:\/\/dev.explora.cl\/magallanes\/atencion-profesores-de-magallanes-convocatoria-para-participar-de-los-campamentos-explora-va-2018\/\",\"url\":\"https:\/\/dev.explora.cl\/magallanes\/atencion-profesores-de-magallanes-convocatoria-para-participar-de-los-campamentos-explora-va-2018\/\",\"name\":\"\u00a1Atenci\u00f3n profesores de Magallanes! Convocatoria para participar de los Campamentos Explora VA! 2018 - Magallanes\",\"isPartOf\":{\"@id\":\"https:\/\/dev.explora.cl\/magallanes\/#website\"},\"primaryImageOfPage\":{\"@id\":\"https:\/\/dev.explora.cl\/magallanes\/atencion-profesores-de-magallanes-convocatoria-para-participar-de-los-campamentos-explora-va-2018\/#primaryimage\"},\"image\":{\"@id\":\"https:\/\/dev.explora.cl\/magallanes\/atencion-profesores-de-magallanes-convocatoria-para-participar-de-los-campamentos-explora-va-2018\/#primaryimage\"},\"thumbnailUrl\":\"https:\/\/dev.explora.cl\/magallanes\/wp-content\/uploads\/sites\/19\/2018\/06\/1Campamento-2017-min-min-iloveimg-compressed.jpg\",\"datePublished\":\"2017-12-05T04:00:00+00:00\",\"dateModified\":\"2019-05-20T21:34:49+00:00\",\"breadcrumb\":{\"@id\":\"https:\/\/dev.explora.cl\/magallanes\/atencion-profesores-de-magallanes-convocatoria-para-participar-de-los-campamentos-explora-va-2018\/#breadcrumb\"},\"inLanguage\":\"es-CL\",\"potentialAction\":[{\"@type\":\"ReadAction\",\"target\":[\"https:\/\/dev.explora.cl\/magallanes\/atencion-profesores-de-magallanes-convocatoria-para-participar-de-los-campamentos-explora-va-2018\/\"]}]},{\"@type\":\"ImageObject\",\"inLanguage\":\"es-CL\",\"@id\":\"https:\/\/dev.explora.cl\/magallanes\/atencion-profesores-de-magallanes-convocatoria-para-participar-de-los-campamentos-explora-va-2018\/#primaryimage\",\"url\":\"https:\/\/dev.explora.cl\/magallanes\/wp-content\/uploads\/sites\/19\/2018\/06\/1Campamento-2017-min-min-iloveimg-compressed.jpg\",\"contentUrl\":\"https:\/\/dev.explora.cl\/magallanes\/wp-content\/uploads\/sites\/19\/2018\/06\/1Campamento-2017-min-min-iloveimg-compressed.jpg\",\"width\":2048,\"height\":1316,\"caption\":\"1Campamento 2017 min min iloveimg compressed\"},{\"@type\":\"BreadcrumbList\",\"@id\":\"https:\/\/dev.explora.cl\/magallanes\/atencion-profesores-de-magallanes-convocatoria-para-participar-de-los-campamentos-explora-va-2018\/#breadcrumb\",\"itemListElement\":[{\"@type\":\"ListItem\",\"position\":1,\"name\":\"Portada\",\"item\":\"https:\/\/dev.explora.cl\/magallanes\/\"},{\"@type\":\"ListItem\",\"position\":2,\"name\":\"\u00a1Atenci\u00f3n profesores de Magallanes! Convocatoria para participar de los Campamentos Explora VA! 2018\"}]},{\"@type\":\"WebSite\",\"@id\":\"https:\/\/dev.explora.cl\/magallanes\/#website\",\"url\":\"https:\/\/dev.explora.cl\/magallanes\/\",\"name\":\"Magallanes\",\"description\":\"Otro sitio m\u00e1s de dev.explora.cl\",\"publisher\":{\"@id\":\"https:\/\/dev.explora.cl\/magallanes\/#organization\"},\"potentialAction\":[{\"@type\":\"SearchAction\",\"target\":{\"@type\":\"EntryPoint\",\"urlTemplate\":\"https:\/\/dev.explora.cl\/magallanes\/?s={search_term_string}\"},\"query-input\":{\"@type\":\"PropertyValueSpecification\",\"valueRequired\":true,\"valueName\":\"search_term_string\"}}],\"inLanguage\":\"es-CL\"},{\"@type\":\"Organization\",\"@id\":\"https:\/\/dev.explora.cl\/magallanes\/#organization\",\"name\":\"Magallanes\",\"url\":\"https:\/\/dev.explora.cl\/magallanes\/\",\"logo\":{\"@type\":\"ImageObject\",\"inLanguage\":\"es-CL\",\"@id\":\"https:\/\/dev.explora.cl\/magallanes\/#\/schema\/logo\/image\/\",\"url\":\"https:\/\/dev.explora.cl\/magallanes\/wp-content\/uploads\/sites\/19\/2021\/06\/cropped-ICONO-COLOR-2.jpg\",\"contentUrl\":\"https:\/\/dev.explora.cl\/magallanes\/wp-content\/uploads\/sites\/19\/2021\/06\/cropped-ICONO-COLOR-2.jpg\",\"width\":1181,\"height\":1181,\"caption\":\"Magallanes\"},\"image\":{\"@id\":\"https:\/\/dev.explora.cl\/magallanes\/#\/schema\/logo\/image\/\"}},{\"@type\":\"Person\",\"@id\":\"https:\/\/dev.explora.cl\/magallanes\/#\/schema\/person\/cb8349c13ea2d324080adf8480d7ba5d\",\"name\":\"webman\",\"image\":{\"@type\":\"ImageObject\",\"inLanguage\":\"es-CL\",\"@id\":\"https:\/\/dev.explora.cl\/magallanes\/#\/schema\/person\/image\/\",\"url\":\"https:\/\/secure.gravatar.com\/avatar\/eeff3c82f2c02f7177d13663b7e6f890e9a6a0647ce9bb29cae02dcb094c7312?s=96&d=mm&r=g\",\"contentUrl\":\"https:\/\/secure.gravatar.com\/avatar\/eeff3c82f2c02f7177d13663b7e6f890e9a6a0647ce9bb29cae02dcb094c7312?s=96&d=mm&r=g\",\"caption\":\"webman\"},\"url\":\"https:\/\/dev.explora.cl\/magallanes\/author\/webman\/\"}]}<\/script>\n<!-- \/ Yoast SEO plugin. -->","yoast_head_json":{"title":"\u00a1Atenci\u00f3n profesores de Magallanes! Convocatoria para participar de los Campamentos Explora VA! 2018 - Magallanes","robots":{"index":"index","follow":"follow","max-snippet":"max-snippet:-1","max-image-preview":"max-image-preview:large","max-video-preview":"max-video-preview:-1"},"canonical":"https:\/\/dev.explora.cl\/magallanes\/atencion-profesores-de-magallanes-convocatoria-para-participar-de-los-campamentos-explora-va-2018\/","og_locale":"es_ES","og_type":"article","og_title":"\u00a1Atenci\u00f3n profesores de Magallanes! Convocatoria para participar de los Campamentos Explora VA! 2018 - Magallanes","og_description":"Durante cinco d\u00edas y en modalidad internado, profesores podr\u00e1n vivir una experiencia \u00fanica de formaci\u00f3n profesional: los Campamentos de Educaci\u00f3n en Ciencias Explora VA! del Programa Explora de CONICYT, ejecutados por la Universidad de Chile a trav\u00e9s de su Fundaci\u00f3n Facultad de Ciencias Veterinarias y Pecuarias. Mediante esta experiencia, los profesionales de la educaci\u00f3n podr\u00e1n [&hellip;]","og_url":"https:\/\/dev.explora.cl\/magallanes\/atencion-profesores-de-magallanes-convocatoria-para-participar-de-los-campamentos-explora-va-2018\/","og_site_name":"Magallanes","article_published_time":"2017-12-05T04:00:00+00:00","article_modified_time":"2019-05-20T21:34:49+00:00","og_image":[{"width":2048,"height":1316,"url":"https:\/\/dev.explora.cl\/magallanes\/wp-content\/uploads\/sites\/19\/2018\/06\/1Campamento-2017-min-min-iloveimg-compressed.jpg","type":"image\/jpeg"}],"author":"webman","twitter_card":"summary_large_image","twitter_misc":{"Escrito por":"webman","Tiempo estimado de lectura":"2 minutos"},"schema":{"@context":"https:\/\/schema.org","@graph":[{"@type":"Article","@id":"https:\/\/dev.explora.cl\/magallanes\/atencion-profesores-de-magallanes-convocatoria-para-participar-de-los-campamentos-explora-va-2018\/#article","isPartOf":{"@id":"https:\/\/dev.explora.cl\/magallanes\/atencion-profesores-de-magallanes-convocatoria-para-participar-de-los-campamentos-explora-va-2018\/"},"author":{"name":"webman","@id":"https:\/\/dev.explora.cl\/magallanes\/#\/schema\/person\/cb8349c13ea2d324080adf8480d7ba5d"},"headline":"\u00a1Atenci\u00f3n profesores de Magallanes! Convocatoria para participar de los Campamentos Explora VA! 2018","datePublished":"2017-12-05T04:00:00+00:00","dateModified":"2019-05-20T21:34:49+00:00","mainEntityOfPage":{"@id":"https:\/\/dev.explora.cl\/magallanes\/atencion-profesores-de-magallanes-convocatoria-para-participar-de-los-campamentos-explora-va-2018\/"},"wordCount":389,"commentCount":0,"publisher":{"@id":"https:\/\/dev.explora.cl\/magallanes\/#organization"},"image":{"@id":"https:\/\/dev.explora.cl\/magallanes\/atencion-profesores-de-magallanes-convocatoria-para-participar-de-los-campamentos-explora-va-2018\/#primaryimage"},"thumbnailUrl":"https:\/\/dev.explora.cl\/magallanes\/wp-content\/uploads\/sites\/19\/2018\/06\/1Campamento-2017-min-min-iloveimg-compressed.jpg","articleSection":["Noticias"],"inLanguage":"es-CL","potentialAction":[{"@type":"CommentAction","name":"Comment","target":["https:\/\/dev.explora.cl\/magallanes\/atencion-profesores-de-magallanes-convocatoria-para-participar-de-los-campamentos-explora-va-2018\/#respond"]}]},{"@type":"WebPage","@id":"https:\/\/dev.explora.cl\/magallanes\/atencion-profesores-de-magallanes-convocatoria-para-participar-de-los-campamentos-explora-va-2018\/","url":"https:\/\/dev.explora.cl\/magallanes\/atencion-profesores-de-magallanes-convocatoria-para-participar-de-los-campamentos-explora-va-2018\/","name":"\u00a1Atenci\u00f3n profesores de Magallanes! Convocatoria para participar de los Campamentos Explora VA! 2018 - Magallanes","isPartOf":{"@id":"https:\/\/dev.explora.cl\/magallanes\/#website"},"primaryImageOfPage":{"@id":"https:\/\/dev.explora.cl\/magallanes\/atencion-profesores-de-magallanes-convocatoria-para-participar-de-los-campamentos-explora-va-2018\/#primaryimage"},"image":{"@id":"https:\/\/dev.explora.cl\/magallanes\/atencion-profesores-de-magallanes-convocatoria-para-participar-de-los-campamentos-explora-va-2018\/#primaryimage"},"thumbnailUrl":"https:\/\/dev.explora.cl\/magallanes\/wp-content\/uploads\/sites\/19\/2018\/06\/1Campamento-2017-min-min-iloveimg-compressed.jpg","datePublished":"2017-12-05T04:00:00+00:00","dateModified":"2019-05-20T21:34:49+00:00","breadcrumb":{"@id":"https:\/\/dev.explora.cl\/magallanes\/atencion-profesores-de-magallanes-convocatoria-para-participar-de-los-campamentos-explora-va-2018\/#breadcrumb"},"inLanguage":"es-CL","potentialAction":[{"@type":"ReadAction","target":["https:\/\/dev.explora.cl\/magallanes\/atencion-profesores-de-magallanes-convocatoria-para-participar-de-los-campamentos-explora-va-2018\/"]}]},{"@type":"ImageObject","inLanguage":"es-CL","@id":"https:\/\/dev.explora.cl\/magallanes\/atencion-profesores-de-magallanes-convocatoria-para-participar-de-los-campamentos-explora-va-2018\/#primaryimage","url":"https:\/\/dev.explora.cl\/magallanes\/wp-content\/uploads\/sites\/19\/2018\/06\/1Campamento-2017-min-min-iloveimg-compressed.jpg","contentUrl":"https:\/\/dev.explora.cl\/magallanes\/wp-content\/uploads\/sites\/19\/2018\/06\/1Campamento-2017-min-min-iloveimg-compressed.jpg","width":2048,"height":1316,"caption":"1Campamento 2017 min min iloveimg compressed"},{"@type":"BreadcrumbList","@id":"https:\/\/dev.explora.cl\/magallanes\/atencion-profesores-de-magallanes-convocatoria-para-participar-de-los-campamentos-explora-va-2018\/#breadcrumb","itemListElement":[{"@type":"ListItem","position":1,"name":"Portada","item":"https:\/\/dev.explora.cl\/magallanes\/"},{"@type":"ListItem","position":2,"name":"\u00a1Atenci\u00f3n profesores de Magallanes! Convocatoria para participar de los Campamentos Explora VA! 2018"}]},{"@type":"WebSite","@id":"https:\/\/dev.explora.cl\/magallanes\/#website","url":"https:\/\/dev.explora.cl\/magallanes\/","name":"Magallanes","description":"Otro sitio m\u00e1s de dev.explora.cl","publisher":{"@id":"https:\/\/dev.explora.cl\/magallanes\/#organization"},"potentialAction":[{"@type":"SearchAction","target":{"@type":"EntryPoint","urlTemplate":"https:\/\/dev.explora.cl\/magallanes\/?s={search_term_string}"},"query-input":{"@type":"PropertyValueSpecification","valueRequired":true,"valueName":"search_term_string"}}],"inLanguage":"es-CL"},{"@type":"Organization","@id":"https:\/\/dev.explora.cl\/magallanes\/#organization","name":"Magallanes","url":"https:\/\/dev.explora.cl\/magallanes\/","logo":{"@type":"ImageObject","inLanguage":"es-CL","@id":"https:\/\/dev.explora.cl\/magallanes\/#\/schema\/logo\/image\/","url":"https:\/\/dev.explora.cl\/magallanes\/wp-content\/uploads\/sites\/19\/2021\/06\/cropped-ICONO-COLOR-2.jpg","contentUrl":"https:\/\/dev.explora.cl\/magallanes\/wp-content\/uploads\/sites\/19\/2021\/06\/cropped-ICONO-COLOR-2.jpg","width":1181,"height":1181,"caption":"Magallanes"},"image":{"@id":"https:\/\/dev.explora.cl\/magallanes\/#\/schema\/logo\/image\/"}},{"@type":"Person","@id":"https:\/\/dev.explora.cl\/magallanes\/#\/schema\/person\/cb8349c13ea2d324080adf8480d7ba5d","name":"webman","image":{"@type":"ImageObject","inLanguage":"es-CL","@id":"https:\/\/dev.explora.cl\/magallanes\/#\/schema\/person\/image\/","url":"https:\/\/secure.gravatar.com\/avatar\/eeff3c82f2c02f7177d13663b7e6f890e9a6a0647ce9bb29cae02dcb094c7312?s=96&d=mm&r=g","contentUrl":"https:\/\/secure.gravatar.com\/avatar\/eeff3c82f2c02f7177d13663b7e6f890e9a6a0647ce9bb29cae02dcb094c7312?s=96&d=mm&r=g","caption":"webman"},"url":"https:\/\/dev.explora.cl\/magallanes\/author\/webman\/"}]}},"_links":{"self":[{"href":"https:\/\/dev.explora.cl\/magallanes\/wp-json\/wp\/v2\/posts\/860","targetHints":{"allow":["GET"]}}],"collection":[{"href":"https:\/\/dev.explora.cl\/magallanes\/wp-json\/wp\/v2\/posts"}],"about":[{"href":"https:\/\/dev.explora.cl\/magallanes\/wp-json\/wp\/v2\/types\/post"}],"author":[{"embeddable":true,"href":"https:\/\/dev.explora.cl\/magallanes\/wp-json\/wp\/v2\/users\/2"}],"replies":[{"embeddable":true,"href":"https:\/\/dev.explora.cl\/magallanes\/wp-json\/wp\/v2\/comments?post=860"}],"version-history":[{"count":1,"href":"https:\/\/dev.explora.cl\/magallanes\/wp-json\/wp\/v2\/posts\/860\/revisions"}],"predecessor-version":[{"id":37630,"href":"https:\/\/dev.explora.cl\/magallanes\/wp-json\/wp\/v2\/posts\/860\/revisions\/37630"}],"wp:featuredmedia":[{"embeddable":true,"href":"https:\/\/dev.explora.cl\/magallanes\/wp-json\/wp\/v2\/media\/861"}],"wp:attachment":[{"href":"https:\/\/dev.explora.cl\/magallanes\/wp-json\/wp\/v2\/media?parent=860"}],"wp:term":[{"taxonomy":"category","embeddable":true,"href":"https:\/\/dev.explora.cl\/magallanes\/wp-json\/wp\/v2\/categories?post=860"},{"taxonomy":"post_tag","embeddable":true,"href":"https:\/\/dev.explora.cl\/magallanes\/wp-json\/wp\/v2\/tags?post=860"}],"curies":[{"name":"wp","href":"https:\/\/api.w.org\/{rel}","templated":true}]}}