{"id":856,"date":"2017-12-05T00:00:00","date_gmt":"2017-12-05T04:00:00","guid":{"rendered":"https:\/\/dev.explora.cl\/magallanes\/blog\/2017\/12\/05\/actualizacion-talleres-disponibles-campamento-cientifico-escolar-2018\/"},"modified":"2019-05-20T21:34:48","modified_gmt":"2019-05-20T21:34:48","slug":"actualizacion-talleres-disponibles-campamento-cientifico-escolar-2018","status":"publish","type":"post","link":"https:\/\/dev.explora.cl\/magallanes\/actualizacion-talleres-disponibles-campamento-cientifico-escolar-2018\/","title":{"rendered":"Actualizaci\u00f3n talleres disponibles Campamento Cient\u00edfico Escolar 2018"},"content":{"rendered":"<p>Desde este viernes se encuentra abierto el proceso de inscripci\u00f3n a los Talleres del Campamento Cient\u00edfico Escolar 2018, evento organizado por el Proyecto Asociativo Regional (PAR) Explora de CONICYT Magallanes y Ant\u00e1rtica Chilena de la Universidad de Magallanes, y que re\u00fane a cerca de 500 ni\u00f1os, ni\u00f1as y j\u00f3venes de la regi\u00f3n en torno a la investigaci\u00f3n cient\u00edfica y tecnol\u00f3gica.<\/p>\n<p>Cabe destacar, que el Campamento Cient\u00edfico Escolar 2018, se llevar\u00e1 a cabo entre el d\u00eda martes 2 al s\u00e1bado 6 de enero entre las 09:00 horas y las 18:00 horas en dependencias de la Universidad de Magallanes. El valor de las inscripciones es de $8 mil pesos para estudiantes de establecimientos municipales y $18 mil pesos para quienes provengan de colegios particulares y subvencionados donde se incluye almuerzo, colaciones y materiales para los participantes.<\/p>\n<p>Para m\u00e1s informaci\u00f3n, los interesados pueden escribir al correo electr\u00f3nico: <a href=\"mailto:campamentoescolarexplora@gmail.com\">campamentoescolarexplora@gmail.com<\/a>, llamar al: 612207074 o visitar la p\u00e1gina web: <a href=\"magallanes\">dev.explora.cl\/magallanes<\/a><\/p>\n<p>Para inscripciones se encuentra disponible el link:&nbsp;<a href=\"https:\/\/docs.google.com\/forms\/d\/1yxeC7pL3bhFmSnUaHXqVyS-IfvepKWhUGVUrfWDKDnE\/edit?usp=sharing\" target=\"_blank\" rel=\"noopener noreferrer\" data-saferedirecturl=\"https:\/\/www.google.com\/url?hl=es&amp;q=https:\/\/docs.google.com\/forms\/d\/1yxeC7pL3bhFmSnUaHXqVyS-IfvepKWhUGVUrfWDKDnE\/edit?usp%3Dsharing&amp;source=gmail&amp;ust=1512563491778000&amp;usg=AFQjCNF0x5BqPQnMPtMOuQKSd4Rl0-H9rA\">https:\/\/docs.google.com\/forms\/d\/1yxeC7pL3bhFmSnUaHXqVyS-IfvepKWhUGVUrfWDKDnE\/edit?usp=sharing<\/a><\/p>\n<p>A continuaci\u00f3n, les presentamos la lista de los talleres que cuentan con cupos disponibles:<\/p>\n<table>\n<tbody>\n<tr>\n<td style=\"width: 31px\">\n<p><strong>N\u00b0<\/strong><\/p>\n<\/td>\n<td style=\"width: 122px\">\n<p><strong>Nombre Taller<\/strong><\/p>\n<\/td>\n<td style=\"width: 113px\">\n<p><strong>Jefe de Taller<\/strong><\/p>\n<\/td>\n<td style=\"width: 217px\">\n<p><strong>Descripci\u00f3n<\/strong><\/p>\n<\/td>\n<td style=\"width: 55px\">\n<p><strong>Edad<\/strong><\/p>\n<\/td>\n<td style=\"width: 57px\">\n<p><strong>Cupos<\/strong><\/p>\n<\/td>\n<\/tr>\n<tr>\n<td style=\"width: 31px\">\n<p>1<\/p>\n<\/td>\n<td style=\"width: 122px\">\n<p>F\u00edsica en la vida cotidiana<\/p>\n<\/td>\n<td style=\"width: 113px\">\n<p>Sabina Venegas<\/p>\n<\/td>\n<td style=\"width: 217px\">\n<p>El taller busca despertar el inter\u00e9s por la ciencia y sus distintas aplicaciones, desde una mirada proactiva y diversa, abarcando \u00e1reas de la F\u00edsica. Los participantes del taller deber\u00e1n construir distintos objetos f\u00edsicos, logrando entender su funcionamiento de forma pr\u00e1ctica y te\u00f3rica a partir de la formulaci\u00f3n de preguntas y b\u00fasqueda de respuestas por medio de la experimentaci\u00f3n y de este modo contribuir a la formaci\u00f3n de un ser humano independiente y creativo en el \u00e1mbito cient\u00edfico.<\/p>\n<\/td>\n<td style=\"width: 55px\">\n<p>12-14<\/p>\n<\/td>\n<td style=\"width: 57px\">\n<p>24<\/p>\n<\/td>\n<\/tr>\n<tr>\n<td style=\"width: 31px\">\n<p>2<\/p>\n<\/td>\n<td style=\"width: 122px\">\n<p>H2Oc\u00e9anos.<\/p>\n<\/td>\n<td style=\"width: 113px\">\n<p>Mat\u00edas \u00c1lvarez<\/p>\n<\/td>\n<td style=\"width: 217px\">\n<p>La idea es que el estudiante aprenda de las incidencias del ser humano en la contaminaci\u00f3n del sistema marino.<\/p>\n<p>Reconociendo conceptos te\u00f3ricos y realizando experiencias de laboratorio con las cuales se busca el poder comprobar o descartar la presencia de agentes contaminantes en las aguas del estrecho de Magallanes, reconociendo las posibles fuentes emisoras de contaminaci\u00f3n y plante\u00e1ndole un desaf\u00edo para poder ser una agente de cambio.<\/p>\n<p>Todo esto enmarcado en un contexto de din\u00e1micas que presentan una serie de desaf\u00edos entre los distintos equipos.<\/p>\n<\/td>\n<td style=\"width: 55px\">\n<p>11-17<\/p>\n<\/td>\n<td style=\"width: 57px\">\n<p>25<\/p>\n<\/td>\n<\/tr>\n<tr>\n<td style=\"width: 31px\">\n<p>3<\/p>\n<\/td>\n<td style=\"width: 122px\">\n<p>La Fascinaci\u00f3n por las plantas<\/p>\n<\/td>\n<td style=\"width: 113px\">\n<p>Claudia Salinas<\/p>\n<\/td>\n<td style=\"width: 217px\">\n<p>El taller busca que los participantes conozcan el mundo de las plantas a trav\u00e9s de la observaci\u00f3n, diferenciaci\u00f3n morfol\u00f3gica, usos en la vida cotidiana, beneficios a la salud, diversidad regional y su conservaci\u00f3n. Reconociendo la importancia de las plantas en el ecosistema y en la vida del planeta.<\/p>\n<\/td>\n<td style=\"width: 55px\">\n<p>12-17<\/p>\n<\/td>\n<td style=\"width: 57px\">\n<p>25<\/p>\n<\/td>\n<\/tr>\n<tr>\n<td style=\"width: 31px\">\n<p>4<\/p>\n<\/td>\n<td style=\"width: 122px\">\n<p>Explora Noticias<\/p>\n<\/td>\n<td style=\"width: 113px\">\n<p>Camila Buvinic<\/p>\n<\/td>\n<td style=\"width: 217px\">\n<p>El Taller Explora Noticias, centra su propuesta en el estudio y pr\u00e1ctica de los distintos g\u00e9neros y formatos que atraviesa el periodismo, permitiendo que los j\u00f3venes reporteros obtengan herramientas b\u00e1sicas sobre c\u00f3mo comunicar ciencia a trav\u00e9s de las distintas plataformas.<\/p>\n<\/td>\n<td style=\"width: 55px\">\n<p>11-16<\/p>\n<\/td>\n<td style=\"width: 57px\">\n<p>25<\/p>\n<\/td>\n<\/tr>\n<\/tbody>\n<\/table>\n","protected":false},"excerpt":{"rendered":"<p>Desde este viernes se encuentra abierto el proceso de inscripci\u00f3n a los Talleres del Campamento Cient\u00edfico Escolar 2018, evento organizado por el Proyecto Asociativo Regional (PAR) Explora de CONICYT Magallanes y Ant\u00e1rtica Chilena de la Universidad de Magallanes, y que re\u00fane a cerca de 500 ni\u00f1os, ni\u00f1as y j\u00f3venes de la regi\u00f3n en torno a [&hellip;]<\/p>\n","protected":false},"author":2,"featured_media":853,"comment_status":"open","ping_status":"open","sticky":false,"template":"","format":"standard","meta":{"_acf_changed":false,"_exactmetrics_skip_tracking":false,"_exactmetrics_sitenote_active":false,"_exactmetrics_sitenote_note":"","_exactmetrics_sitenote_category":0,"footnotes":"","_links_to":"","_links_to_target":""},"categories":[4],"tags":[],"class_list":["post-856","post","type-post","status-publish","format-standard","has-post-thumbnail","hentry","category-noticias"],"acf":[],"yoast_head":"<!-- This site is optimized with the Yoast SEO plugin v26.7 - https:\/\/yoast.com\/wordpress\/plugins\/seo\/ -->\n<title>Actualizaci\u00f3n talleres disponibles Campamento Cient\u00edfico Escolar 2018 - Magallanes<\/title>\n<meta name=\"robots\" content=\"index, follow, max-snippet:-1, max-image-preview:large, max-video-preview:-1\" \/>\n<link rel=\"canonical\" href=\"https:\/\/dev.explora.cl\/magallanes\/actualizacion-talleres-disponibles-campamento-cientifico-escolar-2018\/\" class=\"yoast-seo-meta-tag\" \/>\n<meta property=\"og:locale\" content=\"es_ES\" class=\"yoast-seo-meta-tag\" \/>\n<meta property=\"og:type\" content=\"article\" class=\"yoast-seo-meta-tag\" \/>\n<meta property=\"og:title\" content=\"Actualizaci\u00f3n talleres disponibles Campamento Cient\u00edfico Escolar 2018 - Magallanes\" class=\"yoast-seo-meta-tag\" \/>\n<meta property=\"og:description\" content=\"Desde este viernes se encuentra abierto el proceso de inscripci\u00f3n a los Talleres del Campamento Cient\u00edfico Escolar 2018, evento organizado por el Proyecto Asociativo Regional (PAR) Explora de CONICYT Magallanes y Ant\u00e1rtica Chilena de la Universidad de Magallanes, y que re\u00fane a cerca de 500 ni\u00f1os, ni\u00f1as y j\u00f3venes de la regi\u00f3n en torno a [&hellip;]\" class=\"yoast-seo-meta-tag\" \/>\n<meta property=\"og:url\" content=\"https:\/\/dev.explora.cl\/magallanes\/actualizacion-talleres-disponibles-campamento-cientifico-escolar-2018\/\" class=\"yoast-seo-meta-tag\" \/>\n<meta property=\"og:site_name\" content=\"Magallanes\" class=\"yoast-seo-meta-tag\" \/>\n<meta property=\"article:published_time\" content=\"2017-12-05T04:00:00+00:00\" class=\"yoast-seo-meta-tag\" \/>\n<meta property=\"article:modified_time\" content=\"2019-05-20T21:34:48+00:00\" class=\"yoast-seo-meta-tag\" \/>\n<meta property=\"og:image\" content=\"https:\/\/dev.explora.cl\/magallanes\/wp-content\/uploads\/sites\/19\/2018\/06\/Banner_web_campamento.jpg\" class=\"yoast-seo-meta-tag\" \/>\n\t<meta property=\"og:image:width\" content=\"590\" class=\"yoast-seo-meta-tag\" \/>\n\t<meta property=\"og:image:height\" content=\"213\" class=\"yoast-seo-meta-tag\" \/>\n\t<meta property=\"og:image:type\" content=\"image\/jpeg\" class=\"yoast-seo-meta-tag\" \/>\n<meta name=\"author\" content=\"webman\" class=\"yoast-seo-meta-tag\" \/>\n<meta name=\"twitter:card\" content=\"summary_large_image\" class=\"yoast-seo-meta-tag\" \/>\n<meta name=\"twitter:label1\" content=\"Escrito por\" class=\"yoast-seo-meta-tag\" \/>\n\t<meta name=\"twitter:data1\" content=\"webman\" class=\"yoast-seo-meta-tag\" \/>\n\t<meta name=\"twitter:label2\" content=\"Tiempo estimado de lectura\" class=\"yoast-seo-meta-tag\" \/>\n\t<meta name=\"twitter:data2\" content=\"3 minutos\" class=\"yoast-seo-meta-tag\" \/>\n<script type=\"application\/ld+json\" class=\"yoast-schema-graph\">{\"@context\":\"https:\/\/schema.org\",\"@graph\":[{\"@type\":\"Article\",\"@id\":\"https:\/\/dev.explora.cl\/magallanes\/actualizacion-talleres-disponibles-campamento-cientifico-escolar-2018\/#article\",\"isPartOf\":{\"@id\":\"https:\/\/dev.explora.cl\/magallanes\/actualizacion-talleres-disponibles-campamento-cientifico-escolar-2018\/\"},\"author\":{\"name\":\"webman\",\"@id\":\"https:\/\/dev.explora.cl\/magallanes\/#\/schema\/person\/cb8349c13ea2d324080adf8480d7ba5d\"},\"headline\":\"Actualizaci\u00f3n talleres disponibles Campamento Cient\u00edfico Escolar 2018\",\"datePublished\":\"2017-12-05T04:00:00+00:00\",\"dateModified\":\"2019-05-20T21:34:48+00:00\",\"mainEntityOfPage\":{\"@id\":\"https:\/\/dev.explora.cl\/magallanes\/actualizacion-talleres-disponibles-campamento-cientifico-escolar-2018\/\"},\"wordCount\":529,\"commentCount\":0,\"publisher\":{\"@id\":\"https:\/\/dev.explora.cl\/magallanes\/#organization\"},\"image\":{\"@id\":\"https:\/\/dev.explora.cl\/magallanes\/actualizacion-talleres-disponibles-campamento-cientifico-escolar-2018\/#primaryimage\"},\"thumbnailUrl\":\"https:\/\/dev.explora.cl\/magallanes\/wp-content\/uploads\/sites\/19\/2018\/06\/Banner_web_campamento.jpg\",\"articleSection\":[\"Noticias\"],\"inLanguage\":\"es-CL\",\"potentialAction\":[{\"@type\":\"CommentAction\",\"name\":\"Comment\",\"target\":[\"https:\/\/dev.explora.cl\/magallanes\/actualizacion-talleres-disponibles-campamento-cientifico-escolar-2018\/#respond\"]}]},{\"@type\":\"WebPage\",\"@id\":\"https:\/\/dev.explora.cl\/magallanes\/actualizacion-talleres-disponibles-campamento-cientifico-escolar-2018\/\",\"url\":\"https:\/\/dev.explora.cl\/magallanes\/actualizacion-talleres-disponibles-campamento-cientifico-escolar-2018\/\",\"name\":\"Actualizaci\u00f3n talleres disponibles Campamento Cient\u00edfico Escolar 2018 - Magallanes\",\"isPartOf\":{\"@id\":\"https:\/\/dev.explora.cl\/magallanes\/#website\"},\"primaryImageOfPage\":{\"@id\":\"https:\/\/dev.explora.cl\/magallanes\/actualizacion-talleres-disponibles-campamento-cientifico-escolar-2018\/#primaryimage\"},\"image\":{\"@id\":\"https:\/\/dev.explora.cl\/magallanes\/actualizacion-talleres-disponibles-campamento-cientifico-escolar-2018\/#primaryimage\"},\"thumbnailUrl\":\"https:\/\/dev.explora.cl\/magallanes\/wp-content\/uploads\/sites\/19\/2018\/06\/Banner_web_campamento.jpg\",\"datePublished\":\"2017-12-05T04:00:00+00:00\",\"dateModified\":\"2019-05-20T21:34:48+00:00\",\"breadcrumb\":{\"@id\":\"https:\/\/dev.explora.cl\/magallanes\/actualizacion-talleres-disponibles-campamento-cientifico-escolar-2018\/#breadcrumb\"},\"inLanguage\":\"es-CL\",\"potentialAction\":[{\"@type\":\"ReadAction\",\"target\":[\"https:\/\/dev.explora.cl\/magallanes\/actualizacion-talleres-disponibles-campamento-cientifico-escolar-2018\/\"]}]},{\"@type\":\"ImageObject\",\"inLanguage\":\"es-CL\",\"@id\":\"https:\/\/dev.explora.cl\/magallanes\/actualizacion-talleres-disponibles-campamento-cientifico-escolar-2018\/#primaryimage\",\"url\":\"https:\/\/dev.explora.cl\/magallanes\/wp-content\/uploads\/sites\/19\/2018\/06\/Banner_web_campamento.jpg\",\"contentUrl\":\"https:\/\/dev.explora.cl\/magallanes\/wp-content\/uploads\/sites\/19\/2018\/06\/Banner_web_campamento.jpg\",\"width\":590,\"height\":213},{\"@type\":\"BreadcrumbList\",\"@id\":\"https:\/\/dev.explora.cl\/magallanes\/actualizacion-talleres-disponibles-campamento-cientifico-escolar-2018\/#breadcrumb\",\"itemListElement\":[{\"@type\":\"ListItem\",\"position\":1,\"name\":\"Portada\",\"item\":\"https:\/\/dev.explora.cl\/magallanes\/\"},{\"@type\":\"ListItem\",\"position\":2,\"name\":\"Actualizaci\u00f3n talleres disponibles Campamento Cient\u00edfico Escolar 2018\"}]},{\"@type\":\"WebSite\",\"@id\":\"https:\/\/dev.explora.cl\/magallanes\/#website\",\"url\":\"https:\/\/dev.explora.cl\/magallanes\/\",\"name\":\"Magallanes\",\"description\":\"Otro sitio m\u00e1s de dev.explora.cl\",\"publisher\":{\"@id\":\"https:\/\/dev.explora.cl\/magallanes\/#organization\"},\"potentialAction\":[{\"@type\":\"SearchAction\",\"target\":{\"@type\":\"EntryPoint\",\"urlTemplate\":\"https:\/\/dev.explora.cl\/magallanes\/?s={search_term_string}\"},\"query-input\":{\"@type\":\"PropertyValueSpecification\",\"valueRequired\":true,\"valueName\":\"search_term_string\"}}],\"inLanguage\":\"es-CL\"},{\"@type\":\"Organization\",\"@id\":\"https:\/\/dev.explora.cl\/magallanes\/#organization\",\"name\":\"Magallanes\",\"url\":\"https:\/\/dev.explora.cl\/magallanes\/\",\"logo\":{\"@type\":\"ImageObject\",\"inLanguage\":\"es-CL\",\"@id\":\"https:\/\/dev.explora.cl\/magallanes\/#\/schema\/logo\/image\/\",\"url\":\"https:\/\/dev.explora.cl\/magallanes\/wp-content\/uploads\/sites\/19\/2021\/06\/cropped-ICONO-COLOR-2.jpg\",\"contentUrl\":\"https:\/\/dev.explora.cl\/magallanes\/wp-content\/uploads\/sites\/19\/2021\/06\/cropped-ICONO-COLOR-2.jpg\",\"width\":1181,\"height\":1181,\"caption\":\"Magallanes\"},\"image\":{\"@id\":\"https:\/\/dev.explora.cl\/magallanes\/#\/schema\/logo\/image\/\"}},{\"@type\":\"Person\",\"@id\":\"https:\/\/dev.explora.cl\/magallanes\/#\/schema\/person\/cb8349c13ea2d324080adf8480d7ba5d\",\"name\":\"webman\",\"image\":{\"@type\":\"ImageObject\",\"inLanguage\":\"es-CL\",\"@id\":\"https:\/\/dev.explora.cl\/magallanes\/#\/schema\/person\/image\/\",\"url\":\"https:\/\/secure.gravatar.com\/avatar\/eeff3c82f2c02f7177d13663b7e6f890e9a6a0647ce9bb29cae02dcb094c7312?s=96&d=mm&r=g\",\"contentUrl\":\"https:\/\/secure.gravatar.com\/avatar\/eeff3c82f2c02f7177d13663b7e6f890e9a6a0647ce9bb29cae02dcb094c7312?s=96&d=mm&r=g\",\"caption\":\"webman\"},\"url\":\"https:\/\/dev.explora.cl\/magallanes\/author\/webman\/\"}]}<\/script>\n<!-- \/ Yoast SEO plugin. -->","yoast_head_json":{"title":"Actualizaci\u00f3n talleres disponibles Campamento Cient\u00edfico Escolar 2018 - Magallanes","robots":{"index":"index","follow":"follow","max-snippet":"max-snippet:-1","max-image-preview":"max-image-preview:large","max-video-preview":"max-video-preview:-1"},"canonical":"https:\/\/dev.explora.cl\/magallanes\/actualizacion-talleres-disponibles-campamento-cientifico-escolar-2018\/","og_locale":"es_ES","og_type":"article","og_title":"Actualizaci\u00f3n talleres disponibles Campamento Cient\u00edfico Escolar 2018 - Magallanes","og_description":"Desde este viernes se encuentra abierto el proceso de inscripci\u00f3n a los Talleres del Campamento Cient\u00edfico Escolar 2018, evento organizado por el Proyecto Asociativo Regional (PAR) Explora de CONICYT Magallanes y Ant\u00e1rtica Chilena de la Universidad de Magallanes, y que re\u00fane a cerca de 500 ni\u00f1os, ni\u00f1as y j\u00f3venes de la regi\u00f3n en torno a [&hellip;]","og_url":"https:\/\/dev.explora.cl\/magallanes\/actualizacion-talleres-disponibles-campamento-cientifico-escolar-2018\/","og_site_name":"Magallanes","article_published_time":"2017-12-05T04:00:00+00:00","article_modified_time":"2019-05-20T21:34:48+00:00","og_image":[{"width":590,"height":213,"url":"https:\/\/dev.explora.cl\/magallanes\/wp-content\/uploads\/sites\/19\/2018\/06\/Banner_web_campamento.jpg","type":"image\/jpeg"}],"author":"webman","twitter_card":"summary_large_image","twitter_misc":{"Escrito por":"webman","Tiempo estimado de lectura":"3 minutos"},"schema":{"@context":"https:\/\/schema.org","@graph":[{"@type":"Article","@id":"https:\/\/dev.explora.cl\/magallanes\/actualizacion-talleres-disponibles-campamento-cientifico-escolar-2018\/#article","isPartOf":{"@id":"https:\/\/dev.explora.cl\/magallanes\/actualizacion-talleres-disponibles-campamento-cientifico-escolar-2018\/"},"author":{"name":"webman","@id":"https:\/\/dev.explora.cl\/magallanes\/#\/schema\/person\/cb8349c13ea2d324080adf8480d7ba5d"},"headline":"Actualizaci\u00f3n talleres disponibles Campamento Cient\u00edfico Escolar 2018","datePublished":"2017-12-05T04:00:00+00:00","dateModified":"2019-05-20T21:34:48+00:00","mainEntityOfPage":{"@id":"https:\/\/dev.explora.cl\/magallanes\/actualizacion-talleres-disponibles-campamento-cientifico-escolar-2018\/"},"wordCount":529,"commentCount":0,"publisher":{"@id":"https:\/\/dev.explora.cl\/magallanes\/#organization"},"image":{"@id":"https:\/\/dev.explora.cl\/magallanes\/actualizacion-talleres-disponibles-campamento-cientifico-escolar-2018\/#primaryimage"},"thumbnailUrl":"https:\/\/dev.explora.cl\/magallanes\/wp-content\/uploads\/sites\/19\/2018\/06\/Banner_web_campamento.jpg","articleSection":["Noticias"],"inLanguage":"es-CL","potentialAction":[{"@type":"CommentAction","name":"Comment","target":["https:\/\/dev.explora.cl\/magallanes\/actualizacion-talleres-disponibles-campamento-cientifico-escolar-2018\/#respond"]}]},{"@type":"WebPage","@id":"https:\/\/dev.explora.cl\/magallanes\/actualizacion-talleres-disponibles-campamento-cientifico-escolar-2018\/","url":"https:\/\/dev.explora.cl\/magallanes\/actualizacion-talleres-disponibles-campamento-cientifico-escolar-2018\/","name":"Actualizaci\u00f3n talleres disponibles Campamento Cient\u00edfico Escolar 2018 - Magallanes","isPartOf":{"@id":"https:\/\/dev.explora.cl\/magallanes\/#website"},"primaryImageOfPage":{"@id":"https:\/\/dev.explora.cl\/magallanes\/actualizacion-talleres-disponibles-campamento-cientifico-escolar-2018\/#primaryimage"},"image":{"@id":"https:\/\/dev.explora.cl\/magallanes\/actualizacion-talleres-disponibles-campamento-cientifico-escolar-2018\/#primaryimage"},"thumbnailUrl":"https:\/\/dev.explora.cl\/magallanes\/wp-content\/uploads\/sites\/19\/2018\/06\/Banner_web_campamento.jpg","datePublished":"2017-12-05T04:00:00+00:00","dateModified":"2019-05-20T21:34:48+00:00","breadcrumb":{"@id":"https:\/\/dev.explora.cl\/magallanes\/actualizacion-talleres-disponibles-campamento-cientifico-escolar-2018\/#breadcrumb"},"inLanguage":"es-CL","potentialAction":[{"@type":"ReadAction","target":["https:\/\/dev.explora.cl\/magallanes\/actualizacion-talleres-disponibles-campamento-cientifico-escolar-2018\/"]}]},{"@type":"ImageObject","inLanguage":"es-CL","@id":"https:\/\/dev.explora.cl\/magallanes\/actualizacion-talleres-disponibles-campamento-cientifico-escolar-2018\/#primaryimage","url":"https:\/\/dev.explora.cl\/magallanes\/wp-content\/uploads\/sites\/19\/2018\/06\/Banner_web_campamento.jpg","contentUrl":"https:\/\/dev.explora.cl\/magallanes\/wp-content\/uploads\/sites\/19\/2018\/06\/Banner_web_campamento.jpg","width":590,"height":213},{"@type":"BreadcrumbList","@id":"https:\/\/dev.explora.cl\/magallanes\/actualizacion-talleres-disponibles-campamento-cientifico-escolar-2018\/#breadcrumb","itemListElement":[{"@type":"ListItem","position":1,"name":"Portada","item":"https:\/\/dev.explora.cl\/magallanes\/"},{"@type":"ListItem","position":2,"name":"Actualizaci\u00f3n talleres disponibles Campamento Cient\u00edfico Escolar 2018"}]},{"@type":"WebSite","@id":"https:\/\/dev.explora.cl\/magallanes\/#website","url":"https:\/\/dev.explora.cl\/magallanes\/","name":"Magallanes","description":"Otro sitio m\u00e1s de dev.explora.cl","publisher":{"@id":"https:\/\/dev.explora.cl\/magallanes\/#organization"},"potentialAction":[{"@type":"SearchAction","target":{"@type":"EntryPoint","urlTemplate":"https:\/\/dev.explora.cl\/magallanes\/?s={search_term_string}"},"query-input":{"@type":"PropertyValueSpecification","valueRequired":true,"valueName":"search_term_string"}}],"inLanguage":"es-CL"},{"@type":"Organization","@id":"https:\/\/dev.explora.cl\/magallanes\/#organization","name":"Magallanes","url":"https:\/\/dev.explora.cl\/magallanes\/","logo":{"@type":"ImageObject","inLanguage":"es-CL","@id":"https:\/\/dev.explora.cl\/magallanes\/#\/schema\/logo\/image\/","url":"https:\/\/dev.explora.cl\/magallanes\/wp-content\/uploads\/sites\/19\/2021\/06\/cropped-ICONO-COLOR-2.jpg","contentUrl":"https:\/\/dev.explora.cl\/magallanes\/wp-content\/uploads\/sites\/19\/2021\/06\/cropped-ICONO-COLOR-2.jpg","width":1181,"height":1181,"caption":"Magallanes"},"image":{"@id":"https:\/\/dev.explora.cl\/magallanes\/#\/schema\/logo\/image\/"}},{"@type":"Person","@id":"https:\/\/dev.explora.cl\/magallanes\/#\/schema\/person\/cb8349c13ea2d324080adf8480d7ba5d","name":"webman","image":{"@type":"ImageObject","inLanguage":"es-CL","@id":"https:\/\/dev.explora.cl\/magallanes\/#\/schema\/person\/image\/","url":"https:\/\/secure.gravatar.com\/avatar\/eeff3c82f2c02f7177d13663b7e6f890e9a6a0647ce9bb29cae02dcb094c7312?s=96&d=mm&r=g","contentUrl":"https:\/\/secure.gravatar.com\/avatar\/eeff3c82f2c02f7177d13663b7e6f890e9a6a0647ce9bb29cae02dcb094c7312?s=96&d=mm&r=g","caption":"webman"},"url":"https:\/\/dev.explora.cl\/magallanes\/author\/webman\/"}]}},"_links":{"self":[{"href":"https:\/\/dev.explora.cl\/magallanes\/wp-json\/wp\/v2\/posts\/856","targetHints":{"allow":["GET"]}}],"collection":[{"href":"https:\/\/dev.explora.cl\/magallanes\/wp-json\/wp\/v2\/posts"}],"about":[{"href":"https:\/\/dev.explora.cl\/magallanes\/wp-json\/wp\/v2\/types\/post"}],"author":[{"embeddable":true,"href":"https:\/\/dev.explora.cl\/magallanes\/wp-json\/wp\/v2\/users\/2"}],"replies":[{"embeddable":true,"href":"https:\/\/dev.explora.cl\/magallanes\/wp-json\/wp\/v2\/comments?post=856"}],"version-history":[{"count":1,"href":"https:\/\/dev.explora.cl\/magallanes\/wp-json\/wp\/v2\/posts\/856\/revisions"}],"predecessor-version":[{"id":37628,"href":"https:\/\/dev.explora.cl\/magallanes\/wp-json\/wp\/v2\/posts\/856\/revisions\/37628"}],"wp:featuredmedia":[{"embeddable":true,"href":"https:\/\/dev.explora.cl\/magallanes\/wp-json\/wp\/v2\/media\/853"}],"wp:attachment":[{"href":"https:\/\/dev.explora.cl\/magallanes\/wp-json\/wp\/v2\/media?parent=856"}],"wp:term":[{"taxonomy":"category","embeddable":true,"href":"https:\/\/dev.explora.cl\/magallanes\/wp-json\/wp\/v2\/categories?post=856"},{"taxonomy":"post_tag","embeddable":true,"href":"https:\/\/dev.explora.cl\/magallanes\/wp-json\/wp\/v2\/tags?post=856"}],"curies":[{"name":"wp","href":"https:\/\/api.w.org\/{rel}","templated":true}]}}