{"id":854,"date":"2017-11-30T00:00:00","date_gmt":"2017-11-30T04:00:00","guid":{"rendered":"https:\/\/dev.explora.cl\/magallanes\/blog\/2017\/11\/30\/ganadores-del-album-un-gran-viaje-por-el-oceano-de-la-provincia-de-ultima-esperanza-visitan-el-parque-nacional-torres-del-paine\/"},"modified":"2019-05-20T21:34:50","modified_gmt":"2019-05-20T21:34:50","slug":"ganadores-del-album-un-gran-viaje-por-el-oceano-de-la-provincia-de-ultima-esperanza-visitan-el-parque-nacional-torres-del-paine","status":"publish","type":"post","link":"https:\/\/dev.explora.cl\/magallanes\/ganadores-del-album-un-gran-viaje-por-el-oceano-de-la-provincia-de-ultima-esperanza-visitan-el-parque-nacional-torres-del-paine\/","title":{"rendered":"Ganadores del \u00e1lbum \u201cUn gran viaje por el oc\u00e9ano\u201d de la Provincia de \u00daltima Esperanza visitan el Parque Nacional Torres del Paine"},"content":{"rendered":"<p><img loading=\"lazy\" decoding=\"async\" class=\" size-full wp-image-29229\" src=\"http:\/\/ec2-54-245-22-188.us-west-2.compute.amazonaws.com\/wp-content\/uploads\/2017\/11\/visitaalpaine.jpg\" alt=\"visitaalpaine\" width=\"960\" height=\"720\" \/><\/p>\n<p>M\u00e1s de cuarenta ni\u00f1os y ni\u00f1as del 5\u00b0 b\u00e1sico A de la Escuela Coronel Santiago Bueras de Puerto Natales y del multigrado de la Escuela Ram\u00f3n Serrano Montaner de Cerro Castillo efectuaron una visita educativa al Parque Nacional Torres del Paine. Oportunidad a la que accedieron tras resultar ganadores de la Provincia de \u00daltima Esperanza del \u00c1lbum del Programa Explora de CONICYT \u201cUn Gran Viaje por el Oc\u00e9ano\u201d.<\/p>\n<p>La salida a terreno fue coordinada por la encargada regional de \u00c1lbum, Constanza Jim\u00e9nez y guiada por los bi\u00f3logos especialistas en vida silvestre, Gladys Garay y Ricardo Guineo, quienes dirigieron al grupo por los &nbsp;sectores de Laguna Amarga y Lago Grey. Instancia donde los estudiantes y sus profesores pudieron aprender sobre flora y fauna existentes en esos sectores del Parque.<\/p>\n<p><strong>Escuela Coronel Santiago Bueras<\/strong><\/p>\n<p>Los ni\u00f1os fueron los m\u00e1s felices con esta actividad, tal como lo expresa la estudiante de la Escuela Coronel Santiago Bueras, Viviana Ruiz, quien coment\u00f3: \u201cMe gust\u00f3 mucho la excursi\u00f3n, pudimos ver la flora y la fauna, yo nunca hab\u00eda estado en el Parque Torres del Paine y me encant\u00f3, los t\u00edos que nos acompa\u00f1aron nos explicaron muy bien y nos dieron datos curiosos sobre las monta\u00f1as, el pasto mojado. Tambi\u00e9n vimos y escuchamos diferentes tipos de aves y tuvimos la oportunidad de ver un huemul\u201d.<\/p>\n<p>En tanto, su compa\u00f1ero de curso, Vicente Soto, opin\u00f3: \u201cNo hab\u00eda estado nunca en este sector de Torres del Paine, y me llam\u00f3 la atenci\u00f3n porque hab\u00eda diferentes tipos de animales y pudimos ver un huemul, tambi\u00e9n me gust\u00f3 el hecho de que personas que saben sobre fauna y flora nos viniesen a explicar, as\u00ed pudimos aprender muchas cosas que antes no sab\u00edamos\u201d<\/p>\n<p>El profesor jefe del 5\u00b0 b\u00e1sico A de la Escuela Coronel Santiago Bueras, Jos\u00e9 Emilio Oyarz\u00fan, se mostr\u00f3 muy agradecido por el premio del \u00c1lbum Un Gran Viaje por el Oc\u00e9ano y al respecto se\u00f1al\u00f3 que fue: \u201cuna bonita experiencia para compartir con mis estudiantes, &nbsp;ya que este es el primer a\u00f1o que estoy con ellos en la jefatura, y me ha parecido muy bueno que ellos salgan de la sala y conozcan el Parque Torres del Paine. Ahora, con respecto al \u00e1lbum nos sirvi\u00f3 para reafirmar lo que es el trabajo en equipo y para reforzar el quehacer educacional. As\u00ed que estoy muy agradecido del premio que logramos y esperamos participar el pr\u00f3ximo a\u00f1o\u201d.<\/p>\n<p>Tambi\u00e9n los acompa\u00f1\u00f3 el profesor Edmundo Barrientos, qui\u00e9n destac\u00f3: \u201cFue bastante linda la experiencia, el haber compartido con los ni\u00f1os, una actividad diferente a lo que ellos est\u00e1n acostumbrados en la escuela, ac\u00e1 est\u00e1n al aire libre en un lugar que muchos de los ni\u00f1os no conoc\u00edan a pesar de estar en su zona. Y ellos pusieron mucha atenci\u00f3n, escucharon bastante y el tiempo estuvo bonito, as\u00ed que result\u00f3 todo muy bien\u201d.<\/p>\n<p><strong>Escuela Ram\u00f3n Serrano Montaner<\/strong><\/p>\n<p>Los estudiantes del Multigrado de la Escuela Ram\u00f3n Serrano Montaner de Cerro Castillo realizaron con mucho entusiasmo todas las actividades del \u00c1lbum Explora Un Gran Viaje por el Oc\u00e9ano, lo que les vali\u00f3 ganar el premio de esta salida educativa al Parque Nacional Torres del Paine.<\/p>\n<p>Diego Mu\u00f1oz cursa 8\u00b0 b\u00e1sico en dicho establecimiento y se mostr\u00f3 muy contento por participar de la excursi\u00f3n cient\u00edfica junto a sus compa\u00f1eros de colegio, \u201cMe llamaron la atenci\u00f3n los glaciares, primera vez que los veo tan cerca solo por fotograf\u00edas, y la verdad es que nunca hab\u00eda venido al Parque Torres del Paine, me gust\u00f3 que tuvi\u00e9ramos un gu\u00eda que nos fuera explicando, conoc\u00eda algunas cosas ya que soy de campo pero nunca tanto como lo que aprendimos hoy. Adem\u00e1s, que tener un premio tan grande e importante como este por completar un \u00e1lbum, es algo muy llamativo\u201d, expres\u00f3.<\/p>\n<p>Sirena S\u00e1nchez, concord\u00f3 con la opini\u00f3n de su compa\u00f1ero y al respecto se\u00f1al\u00f3: \u201cMe gust\u00f3 harto, me encant\u00f3 pese a que ya hab\u00eda venido, no con un gu\u00eda que explicara tanto y aprend\u00ed m\u00e1s sobre los c\u00f3ndores, guanacos y huemules\u201d.<\/p>\n<p>\u201cFue una gran instancia y oportunidad para compartir con bi\u00f3logos y poder acercarse al medio ambiente en terreno\u201d, enfatiz\u00f3 Marisa Ojeda, profesora de la Escuela Ram\u00f3n Serrano Montaner, quien agrega: \u201cNos gustar\u00eda participar nuevamente con el \u00e1lbum, y esta vez en lo posible con todo el colegio\u201d.<\/p>\n<p>Adem\u00e1s de los estudiantes de \u00daltima Esperanza, tambi\u00e9n se premi\u00f3 a los ganadores de la Provincia de Magallanes y Tierra del Fuego, quienes fueron a la Reserva Nacional Magallanes.<\/p>\n","protected":false},"excerpt":{"rendered":"<p>M\u00e1s de cuarenta ni\u00f1os y ni\u00f1as del 5\u00b0 b\u00e1sico A de la Escuela Coronel Santiago Bueras de Puerto Natales y del multigrado de la Escuela Ram\u00f3n Serrano Montaner de Cerro Castillo efectuaron una visita educativa al Parque Nacional Torres del Paine. Oportunidad a la que accedieron tras resultar ganadores de la Provincia de \u00daltima Esperanza [&hellip;]<\/p>\n","protected":false},"author":2,"featured_media":855,"comment_status":"open","ping_status":"open","sticky":false,"template":"","format":"standard","meta":{"_acf_changed":false,"_exactmetrics_skip_tracking":false,"_exactmetrics_sitenote_active":false,"_exactmetrics_sitenote_note":"","_exactmetrics_sitenote_category":0,"footnotes":"","_links_to":"","_links_to_target":""},"categories":[4],"tags":[],"class_list":["post-854","post","type-post","status-publish","format-standard","has-post-thumbnail","hentry","category-noticias"],"acf":[],"yoast_head":"<!-- This site is optimized with the Yoast SEO plugin v26.7 - https:\/\/yoast.com\/wordpress\/plugins\/seo\/ -->\n<title>Ganadores del \u00e1lbum \u201cUn gran viaje por el oc\u00e9ano\u201d de la Provincia de \u00daltima Esperanza visitan el Parque Nacional Torres del Paine - Magallanes<\/title>\n<meta name=\"robots\" content=\"index, follow, max-snippet:-1, max-image-preview:large, max-video-preview:-1\" \/>\n<link rel=\"canonical\" href=\"https:\/\/dev.explora.cl\/magallanes\/ganadores-del-album-un-gran-viaje-por-el-oceano-de-la-provincia-de-ultima-esperanza-visitan-el-parque-nacional-torres-del-paine\/\" class=\"yoast-seo-meta-tag\" \/>\n<meta property=\"og:locale\" content=\"es_ES\" class=\"yoast-seo-meta-tag\" \/>\n<meta property=\"og:type\" content=\"article\" class=\"yoast-seo-meta-tag\" \/>\n<meta property=\"og:title\" content=\"Ganadores del \u00e1lbum \u201cUn gran viaje por el oc\u00e9ano\u201d de la Provincia de \u00daltima Esperanza visitan el Parque Nacional Torres del Paine - Magallanes\" class=\"yoast-seo-meta-tag\" \/>\n<meta property=\"og:description\" content=\"M\u00e1s de cuarenta ni\u00f1os y ni\u00f1as del 5\u00b0 b\u00e1sico A de la Escuela Coronel Santiago Bueras de Puerto Natales y del multigrado de la Escuela Ram\u00f3n Serrano Montaner de Cerro Castillo efectuaron una visita educativa al Parque Nacional Torres del Paine. Oportunidad a la que accedieron tras resultar ganadores de la Provincia de \u00daltima Esperanza [&hellip;]\" class=\"yoast-seo-meta-tag\" \/>\n<meta property=\"og:url\" content=\"https:\/\/dev.explora.cl\/magallanes\/ganadores-del-album-un-gran-viaje-por-el-oceano-de-la-provincia-de-ultima-esperanza-visitan-el-parque-nacional-torres-del-paine\/\" class=\"yoast-seo-meta-tag\" \/>\n<meta property=\"og:site_name\" content=\"Magallanes\" class=\"yoast-seo-meta-tag\" \/>\n<meta property=\"article:published_time\" content=\"2017-11-30T04:00:00+00:00\" class=\"yoast-seo-meta-tag\" \/>\n<meta property=\"article:modified_time\" content=\"2019-05-20T21:34:50+00:00\" class=\"yoast-seo-meta-tag\" \/>\n<meta property=\"og:image\" content=\"https:\/\/dev.explora.cl\/magallanes\/wp-content\/uploads\/sites\/19\/2018\/06\/visitaalpaine.jpg\" class=\"yoast-seo-meta-tag\" \/>\n\t<meta property=\"og:image:width\" content=\"960\" class=\"yoast-seo-meta-tag\" \/>\n\t<meta property=\"og:image:height\" content=\"720\" class=\"yoast-seo-meta-tag\" \/>\n\t<meta property=\"og:image:type\" content=\"image\/jpeg\" class=\"yoast-seo-meta-tag\" \/>\n<meta name=\"author\" content=\"webman\" class=\"yoast-seo-meta-tag\" \/>\n<meta name=\"twitter:card\" content=\"summary_large_image\" class=\"yoast-seo-meta-tag\" \/>\n<meta name=\"twitter:label1\" content=\"Escrito por\" class=\"yoast-seo-meta-tag\" \/>\n\t<meta name=\"twitter:data1\" content=\"webman\" class=\"yoast-seo-meta-tag\" \/>\n\t<meta name=\"twitter:label2\" content=\"Tiempo estimado de lectura\" class=\"yoast-seo-meta-tag\" \/>\n\t<meta name=\"twitter:data2\" content=\"4 minutos\" class=\"yoast-seo-meta-tag\" \/>\n<script type=\"application\/ld+json\" class=\"yoast-schema-graph\">{\"@context\":\"https:\/\/schema.org\",\"@graph\":[{\"@type\":\"Article\",\"@id\":\"https:\/\/dev.explora.cl\/magallanes\/ganadores-del-album-un-gran-viaje-por-el-oceano-de-la-provincia-de-ultima-esperanza-visitan-el-parque-nacional-torres-del-paine\/#article\",\"isPartOf\":{\"@id\":\"https:\/\/dev.explora.cl\/magallanes\/ganadores-del-album-un-gran-viaje-por-el-oceano-de-la-provincia-de-ultima-esperanza-visitan-el-parque-nacional-torres-del-paine\/\"},\"author\":{\"name\":\"webman\",\"@id\":\"https:\/\/dev.explora.cl\/magallanes\/#\/schema\/person\/cb8349c13ea2d324080adf8480d7ba5d\"},\"headline\":\"Ganadores del \u00e1lbum \u201cUn gran viaje por el oc\u00e9ano\u201d de la Provincia de \u00daltima Esperanza visitan el Parque Nacional Torres del Paine\",\"datePublished\":\"2017-11-30T04:00:00+00:00\",\"dateModified\":\"2019-05-20T21:34:50+00:00\",\"mainEntityOfPage\":{\"@id\":\"https:\/\/dev.explora.cl\/magallanes\/ganadores-del-album-un-gran-viaje-por-el-oceano-de-la-provincia-de-ultima-esperanza-visitan-el-parque-nacional-torres-del-paine\/\"},\"wordCount\":821,\"commentCount\":0,\"publisher\":{\"@id\":\"https:\/\/dev.explora.cl\/magallanes\/#organization\"},\"image\":{\"@id\":\"https:\/\/dev.explora.cl\/magallanes\/ganadores-del-album-un-gran-viaje-por-el-oceano-de-la-provincia-de-ultima-esperanza-visitan-el-parque-nacional-torres-del-paine\/#primaryimage\"},\"thumbnailUrl\":\"https:\/\/dev.explora.cl\/magallanes\/wp-content\/uploads\/sites\/19\/2018\/06\/visitaalpaine.jpg\",\"articleSection\":[\"Noticias\"],\"inLanguage\":\"es-CL\",\"potentialAction\":[{\"@type\":\"CommentAction\",\"name\":\"Comment\",\"target\":[\"https:\/\/dev.explora.cl\/magallanes\/ganadores-del-album-un-gran-viaje-por-el-oceano-de-la-provincia-de-ultima-esperanza-visitan-el-parque-nacional-torres-del-paine\/#respond\"]}]},{\"@type\":\"WebPage\",\"@id\":\"https:\/\/dev.explora.cl\/magallanes\/ganadores-del-album-un-gran-viaje-por-el-oceano-de-la-provincia-de-ultima-esperanza-visitan-el-parque-nacional-torres-del-paine\/\",\"url\":\"https:\/\/dev.explora.cl\/magallanes\/ganadores-del-album-un-gran-viaje-por-el-oceano-de-la-provincia-de-ultima-esperanza-visitan-el-parque-nacional-torres-del-paine\/\",\"name\":\"Ganadores del \u00e1lbum \u201cUn gran viaje por el oc\u00e9ano\u201d de la Provincia de \u00daltima Esperanza visitan el Parque Nacional Torres del Paine - Magallanes\",\"isPartOf\":{\"@id\":\"https:\/\/dev.explora.cl\/magallanes\/#website\"},\"primaryImageOfPage\":{\"@id\":\"https:\/\/dev.explora.cl\/magallanes\/ganadores-del-album-un-gran-viaje-por-el-oceano-de-la-provincia-de-ultima-esperanza-visitan-el-parque-nacional-torres-del-paine\/#primaryimage\"},\"image\":{\"@id\":\"https:\/\/dev.explora.cl\/magallanes\/ganadores-del-album-un-gran-viaje-por-el-oceano-de-la-provincia-de-ultima-esperanza-visitan-el-parque-nacional-torres-del-paine\/#primaryimage\"},\"thumbnailUrl\":\"https:\/\/dev.explora.cl\/magallanes\/wp-content\/uploads\/sites\/19\/2018\/06\/visitaalpaine.jpg\",\"datePublished\":\"2017-11-30T04:00:00+00:00\",\"dateModified\":\"2019-05-20T21:34:50+00:00\",\"breadcrumb\":{\"@id\":\"https:\/\/dev.explora.cl\/magallanes\/ganadores-del-album-un-gran-viaje-por-el-oceano-de-la-provincia-de-ultima-esperanza-visitan-el-parque-nacional-torres-del-paine\/#breadcrumb\"},\"inLanguage\":\"es-CL\",\"potentialAction\":[{\"@type\":\"ReadAction\",\"target\":[\"https:\/\/dev.explora.cl\/magallanes\/ganadores-del-album-un-gran-viaje-por-el-oceano-de-la-provincia-de-ultima-esperanza-visitan-el-parque-nacional-torres-del-paine\/\"]}]},{\"@type\":\"ImageObject\",\"inLanguage\":\"es-CL\",\"@id\":\"https:\/\/dev.explora.cl\/magallanes\/ganadores-del-album-un-gran-viaje-por-el-oceano-de-la-provincia-de-ultima-esperanza-visitan-el-parque-nacional-torres-del-paine\/#primaryimage\",\"url\":\"https:\/\/dev.explora.cl\/magallanes\/wp-content\/uploads\/sites\/19\/2018\/06\/visitaalpaine.jpg\",\"contentUrl\":\"https:\/\/dev.explora.cl\/magallanes\/wp-content\/uploads\/sites\/19\/2018\/06\/visitaalpaine.jpg\",\"width\":960,\"height\":720,\"caption\":\"visitaalpaine\"},{\"@type\":\"BreadcrumbList\",\"@id\":\"https:\/\/dev.explora.cl\/magallanes\/ganadores-del-album-un-gran-viaje-por-el-oceano-de-la-provincia-de-ultima-esperanza-visitan-el-parque-nacional-torres-del-paine\/#breadcrumb\",\"itemListElement\":[{\"@type\":\"ListItem\",\"position\":1,\"name\":\"Portada\",\"item\":\"https:\/\/dev.explora.cl\/magallanes\/\"},{\"@type\":\"ListItem\",\"position\":2,\"name\":\"Ganadores del \u00e1lbum \u201cUn gran viaje por el oc\u00e9ano\u201d de la Provincia de \u00daltima Esperanza visitan el Parque Nacional Torres del Paine\"}]},{\"@type\":\"WebSite\",\"@id\":\"https:\/\/dev.explora.cl\/magallanes\/#website\",\"url\":\"https:\/\/dev.explora.cl\/magallanes\/\",\"name\":\"Magallanes\",\"description\":\"Otro sitio m\u00e1s de dev.explora.cl\",\"publisher\":{\"@id\":\"https:\/\/dev.explora.cl\/magallanes\/#organization\"},\"potentialAction\":[{\"@type\":\"SearchAction\",\"target\":{\"@type\":\"EntryPoint\",\"urlTemplate\":\"https:\/\/dev.explora.cl\/magallanes\/?s={search_term_string}\"},\"query-input\":{\"@type\":\"PropertyValueSpecification\",\"valueRequired\":true,\"valueName\":\"search_term_string\"}}],\"inLanguage\":\"es-CL\"},{\"@type\":\"Organization\",\"@id\":\"https:\/\/dev.explora.cl\/magallanes\/#organization\",\"name\":\"Magallanes\",\"url\":\"https:\/\/dev.explora.cl\/magallanes\/\",\"logo\":{\"@type\":\"ImageObject\",\"inLanguage\":\"es-CL\",\"@id\":\"https:\/\/dev.explora.cl\/magallanes\/#\/schema\/logo\/image\/\",\"url\":\"https:\/\/dev.explora.cl\/magallanes\/wp-content\/uploads\/sites\/19\/2021\/06\/cropped-ICONO-COLOR-2.jpg\",\"contentUrl\":\"https:\/\/dev.explora.cl\/magallanes\/wp-content\/uploads\/sites\/19\/2021\/06\/cropped-ICONO-COLOR-2.jpg\",\"width\":1181,\"height\":1181,\"caption\":\"Magallanes\"},\"image\":{\"@id\":\"https:\/\/dev.explora.cl\/magallanes\/#\/schema\/logo\/image\/\"}},{\"@type\":\"Person\",\"@id\":\"https:\/\/dev.explora.cl\/magallanes\/#\/schema\/person\/cb8349c13ea2d324080adf8480d7ba5d\",\"name\":\"webman\",\"image\":{\"@type\":\"ImageObject\",\"inLanguage\":\"es-CL\",\"@id\":\"https:\/\/dev.explora.cl\/magallanes\/#\/schema\/person\/image\/\",\"url\":\"https:\/\/secure.gravatar.com\/avatar\/eeff3c82f2c02f7177d13663b7e6f890e9a6a0647ce9bb29cae02dcb094c7312?s=96&d=mm&r=g\",\"contentUrl\":\"https:\/\/secure.gravatar.com\/avatar\/eeff3c82f2c02f7177d13663b7e6f890e9a6a0647ce9bb29cae02dcb094c7312?s=96&d=mm&r=g\",\"caption\":\"webman\"},\"url\":\"https:\/\/dev.explora.cl\/magallanes\/author\/webman\/\"}]}<\/script>\n<!-- \/ Yoast SEO plugin. -->","yoast_head_json":{"title":"Ganadores del \u00e1lbum \u201cUn gran viaje por el oc\u00e9ano\u201d de la Provincia de \u00daltima Esperanza visitan el Parque Nacional Torres del Paine - Magallanes","robots":{"index":"index","follow":"follow","max-snippet":"max-snippet:-1","max-image-preview":"max-image-preview:large","max-video-preview":"max-video-preview:-1"},"canonical":"https:\/\/dev.explora.cl\/magallanes\/ganadores-del-album-un-gran-viaje-por-el-oceano-de-la-provincia-de-ultima-esperanza-visitan-el-parque-nacional-torres-del-paine\/","og_locale":"es_ES","og_type":"article","og_title":"Ganadores del \u00e1lbum \u201cUn gran viaje por el oc\u00e9ano\u201d de la Provincia de \u00daltima Esperanza visitan el Parque Nacional Torres del Paine - Magallanes","og_description":"M\u00e1s de cuarenta ni\u00f1os y ni\u00f1as del 5\u00b0 b\u00e1sico A de la Escuela Coronel Santiago Bueras de Puerto Natales y del multigrado de la Escuela Ram\u00f3n Serrano Montaner de Cerro Castillo efectuaron una visita educativa al Parque Nacional Torres del Paine. Oportunidad a la que accedieron tras resultar ganadores de la Provincia de \u00daltima Esperanza [&hellip;]","og_url":"https:\/\/dev.explora.cl\/magallanes\/ganadores-del-album-un-gran-viaje-por-el-oceano-de-la-provincia-de-ultima-esperanza-visitan-el-parque-nacional-torres-del-paine\/","og_site_name":"Magallanes","article_published_time":"2017-11-30T04:00:00+00:00","article_modified_time":"2019-05-20T21:34:50+00:00","og_image":[{"width":960,"height":720,"url":"https:\/\/dev.explora.cl\/magallanes\/wp-content\/uploads\/sites\/19\/2018\/06\/visitaalpaine.jpg","type":"image\/jpeg"}],"author":"webman","twitter_card":"summary_large_image","twitter_misc":{"Escrito por":"webman","Tiempo estimado de lectura":"4 minutos"},"schema":{"@context":"https:\/\/schema.org","@graph":[{"@type":"Article","@id":"https:\/\/dev.explora.cl\/magallanes\/ganadores-del-album-un-gran-viaje-por-el-oceano-de-la-provincia-de-ultima-esperanza-visitan-el-parque-nacional-torres-del-paine\/#article","isPartOf":{"@id":"https:\/\/dev.explora.cl\/magallanes\/ganadores-del-album-un-gran-viaje-por-el-oceano-de-la-provincia-de-ultima-esperanza-visitan-el-parque-nacional-torres-del-paine\/"},"author":{"name":"webman","@id":"https:\/\/dev.explora.cl\/magallanes\/#\/schema\/person\/cb8349c13ea2d324080adf8480d7ba5d"},"headline":"Ganadores del \u00e1lbum \u201cUn gran viaje por el oc\u00e9ano\u201d de la Provincia de \u00daltima Esperanza visitan el Parque Nacional Torres del Paine","datePublished":"2017-11-30T04:00:00+00:00","dateModified":"2019-05-20T21:34:50+00:00","mainEntityOfPage":{"@id":"https:\/\/dev.explora.cl\/magallanes\/ganadores-del-album-un-gran-viaje-por-el-oceano-de-la-provincia-de-ultima-esperanza-visitan-el-parque-nacional-torres-del-paine\/"},"wordCount":821,"commentCount":0,"publisher":{"@id":"https:\/\/dev.explora.cl\/magallanes\/#organization"},"image":{"@id":"https:\/\/dev.explora.cl\/magallanes\/ganadores-del-album-un-gran-viaje-por-el-oceano-de-la-provincia-de-ultima-esperanza-visitan-el-parque-nacional-torres-del-paine\/#primaryimage"},"thumbnailUrl":"https:\/\/dev.explora.cl\/magallanes\/wp-content\/uploads\/sites\/19\/2018\/06\/visitaalpaine.jpg","articleSection":["Noticias"],"inLanguage":"es-CL","potentialAction":[{"@type":"CommentAction","name":"Comment","target":["https:\/\/dev.explora.cl\/magallanes\/ganadores-del-album-un-gran-viaje-por-el-oceano-de-la-provincia-de-ultima-esperanza-visitan-el-parque-nacional-torres-del-paine\/#respond"]}]},{"@type":"WebPage","@id":"https:\/\/dev.explora.cl\/magallanes\/ganadores-del-album-un-gran-viaje-por-el-oceano-de-la-provincia-de-ultima-esperanza-visitan-el-parque-nacional-torres-del-paine\/","url":"https:\/\/dev.explora.cl\/magallanes\/ganadores-del-album-un-gran-viaje-por-el-oceano-de-la-provincia-de-ultima-esperanza-visitan-el-parque-nacional-torres-del-paine\/","name":"Ganadores del \u00e1lbum \u201cUn gran viaje por el oc\u00e9ano\u201d de la Provincia de \u00daltima Esperanza visitan el Parque Nacional Torres del Paine - Magallanes","isPartOf":{"@id":"https:\/\/dev.explora.cl\/magallanes\/#website"},"primaryImageOfPage":{"@id":"https:\/\/dev.explora.cl\/magallanes\/ganadores-del-album-un-gran-viaje-por-el-oceano-de-la-provincia-de-ultima-esperanza-visitan-el-parque-nacional-torres-del-paine\/#primaryimage"},"image":{"@id":"https:\/\/dev.explora.cl\/magallanes\/ganadores-del-album-un-gran-viaje-por-el-oceano-de-la-provincia-de-ultima-esperanza-visitan-el-parque-nacional-torres-del-paine\/#primaryimage"},"thumbnailUrl":"https:\/\/dev.explora.cl\/magallanes\/wp-content\/uploads\/sites\/19\/2018\/06\/visitaalpaine.jpg","datePublished":"2017-11-30T04:00:00+00:00","dateModified":"2019-05-20T21:34:50+00:00","breadcrumb":{"@id":"https:\/\/dev.explora.cl\/magallanes\/ganadores-del-album-un-gran-viaje-por-el-oceano-de-la-provincia-de-ultima-esperanza-visitan-el-parque-nacional-torres-del-paine\/#breadcrumb"},"inLanguage":"es-CL","potentialAction":[{"@type":"ReadAction","target":["https:\/\/dev.explora.cl\/magallanes\/ganadores-del-album-un-gran-viaje-por-el-oceano-de-la-provincia-de-ultima-esperanza-visitan-el-parque-nacional-torres-del-paine\/"]}]},{"@type":"ImageObject","inLanguage":"es-CL","@id":"https:\/\/dev.explora.cl\/magallanes\/ganadores-del-album-un-gran-viaje-por-el-oceano-de-la-provincia-de-ultima-esperanza-visitan-el-parque-nacional-torres-del-paine\/#primaryimage","url":"https:\/\/dev.explora.cl\/magallanes\/wp-content\/uploads\/sites\/19\/2018\/06\/visitaalpaine.jpg","contentUrl":"https:\/\/dev.explora.cl\/magallanes\/wp-content\/uploads\/sites\/19\/2018\/06\/visitaalpaine.jpg","width":960,"height":720,"caption":"visitaalpaine"},{"@type":"BreadcrumbList","@id":"https:\/\/dev.explora.cl\/magallanes\/ganadores-del-album-un-gran-viaje-por-el-oceano-de-la-provincia-de-ultima-esperanza-visitan-el-parque-nacional-torres-del-paine\/#breadcrumb","itemListElement":[{"@type":"ListItem","position":1,"name":"Portada","item":"https:\/\/dev.explora.cl\/magallanes\/"},{"@type":"ListItem","position":2,"name":"Ganadores del \u00e1lbum \u201cUn gran viaje por el oc\u00e9ano\u201d de la Provincia de \u00daltima Esperanza visitan el Parque Nacional Torres del Paine"}]},{"@type":"WebSite","@id":"https:\/\/dev.explora.cl\/magallanes\/#website","url":"https:\/\/dev.explora.cl\/magallanes\/","name":"Magallanes","description":"Otro sitio m\u00e1s de dev.explora.cl","publisher":{"@id":"https:\/\/dev.explora.cl\/magallanes\/#organization"},"potentialAction":[{"@type":"SearchAction","target":{"@type":"EntryPoint","urlTemplate":"https:\/\/dev.explora.cl\/magallanes\/?s={search_term_string}"},"query-input":{"@type":"PropertyValueSpecification","valueRequired":true,"valueName":"search_term_string"}}],"inLanguage":"es-CL"},{"@type":"Organization","@id":"https:\/\/dev.explora.cl\/magallanes\/#organization","name":"Magallanes","url":"https:\/\/dev.explora.cl\/magallanes\/","logo":{"@type":"ImageObject","inLanguage":"es-CL","@id":"https:\/\/dev.explora.cl\/magallanes\/#\/schema\/logo\/image\/","url":"https:\/\/dev.explora.cl\/magallanes\/wp-content\/uploads\/sites\/19\/2021\/06\/cropped-ICONO-COLOR-2.jpg","contentUrl":"https:\/\/dev.explora.cl\/magallanes\/wp-content\/uploads\/sites\/19\/2021\/06\/cropped-ICONO-COLOR-2.jpg","width":1181,"height":1181,"caption":"Magallanes"},"image":{"@id":"https:\/\/dev.explora.cl\/magallanes\/#\/schema\/logo\/image\/"}},{"@type":"Person","@id":"https:\/\/dev.explora.cl\/magallanes\/#\/schema\/person\/cb8349c13ea2d324080adf8480d7ba5d","name":"webman","image":{"@type":"ImageObject","inLanguage":"es-CL","@id":"https:\/\/dev.explora.cl\/magallanes\/#\/schema\/person\/image\/","url":"https:\/\/secure.gravatar.com\/avatar\/eeff3c82f2c02f7177d13663b7e6f890e9a6a0647ce9bb29cae02dcb094c7312?s=96&d=mm&r=g","contentUrl":"https:\/\/secure.gravatar.com\/avatar\/eeff3c82f2c02f7177d13663b7e6f890e9a6a0647ce9bb29cae02dcb094c7312?s=96&d=mm&r=g","caption":"webman"},"url":"https:\/\/dev.explora.cl\/magallanes\/author\/webman\/"}]}},"_links":{"self":[{"href":"https:\/\/dev.explora.cl\/magallanes\/wp-json\/wp\/v2\/posts\/854","targetHints":{"allow":["GET"]}}],"collection":[{"href":"https:\/\/dev.explora.cl\/magallanes\/wp-json\/wp\/v2\/posts"}],"about":[{"href":"https:\/\/dev.explora.cl\/magallanes\/wp-json\/wp\/v2\/types\/post"}],"author":[{"embeddable":true,"href":"https:\/\/dev.explora.cl\/magallanes\/wp-json\/wp\/v2\/users\/2"}],"replies":[{"embeddable":true,"href":"https:\/\/dev.explora.cl\/magallanes\/wp-json\/wp\/v2\/comments?post=854"}],"version-history":[{"count":1,"href":"https:\/\/dev.explora.cl\/magallanes\/wp-json\/wp\/v2\/posts\/854\/revisions"}],"predecessor-version":[{"id":37631,"href":"https:\/\/dev.explora.cl\/magallanes\/wp-json\/wp\/v2\/posts\/854\/revisions\/37631"}],"wp:featuredmedia":[{"embeddable":true,"href":"https:\/\/dev.explora.cl\/magallanes\/wp-json\/wp\/v2\/media\/855"}],"wp:attachment":[{"href":"https:\/\/dev.explora.cl\/magallanes\/wp-json\/wp\/v2\/media?parent=854"}],"wp:term":[{"taxonomy":"category","embeddable":true,"href":"https:\/\/dev.explora.cl\/magallanes\/wp-json\/wp\/v2\/categories?post=854"},{"taxonomy":"post_tag","embeddable":true,"href":"https:\/\/dev.explora.cl\/magallanes\/wp-json\/wp\/v2\/tags?post=854"}],"curies":[{"name":"wp","href":"https:\/\/api.w.org\/{rel}","templated":true}]}}