{"id":850,"date":"2017-11-29T00:00:00","date_gmt":"2017-11-29T04:00:00","guid":{"rendered":"https:\/\/dev.explora.cl\/magallanes\/blog\/2017\/11\/29\/invitan-a-participar-del-curso-biodiversidad-y-conservacion-de-humedales-en-la-region-de-magallanes\/"},"modified":"2019-05-20T21:34:51","modified_gmt":"2019-05-20T21:34:51","slug":"invitan-a-participar-del-curso-biodiversidad-y-conservacion-de-humedales-en-la-region-de-magallanes","status":"publish","type":"post","link":"https:\/\/dev.explora.cl\/magallanes\/invitan-a-participar-del-curso-biodiversidad-y-conservacion-de-humedales-en-la-region-de-magallanes\/","title":{"rendered":"Invitan a participar del curso Biodiversidad y Conservaci\u00f3n de Humedales en la Regi\u00f3n de Magallanes"},"content":{"rendered":"<p><img loading=\"lazy\" decoding=\"async\" class=\" size-full wp-image-29179\" src=\"http:\/\/ec2-54-245-22-188.us-west-2.compute.amazonaws.com\/wp-content\/uploads\/2017\/11\/Poster_CURSO_BIODIVERSIDAD_Y_CONSERVACI%C3%93N_DE_HUMEDALES_001.jpg\" alt=\"Poster CURSO BIODIVERSIDAD Y CONSERVACI\u00d3N DE HUMEDALES 001\" width=\"1020\" height=\"1318\" \/><\/p>\n<p>Se invita a estudiantes universitarios y profesionales a participar de la versi\u00f3n n\u00b021 del curso Biodiversidad y Conservaci\u00f3n de Humedales en&nbsp;la Regi\u00f3n&nbsp;de Magallanes, actividad que&nbsp;se&nbsp;efectuar\u00e1 entre los d\u00edas 11 al 16 diciembre en la Sala Terra Australis de la&nbsp;Universidad de Magallanes (Avenida Bulnes 01855).<\/p>\n<p>El curso entrega elementos conceptuales y metodol\u00f3gicos para analizar, comprender y gestionar la conservaci\u00f3n de los humedales en la Regi\u00f3n de Magallanes, identificando las amenazas, efectos o procesos que la acci\u00f3n del hombre provoca sobre los mismos. Se procura capacitar a los participantes al t\u00e9rmino del programa que reconozcan e identifiquen la importancia de los humedales como activos naturales y fuente de servicios ecosist\u00e9micos, buscando soluciones para gestionar su conservaci\u00f3n en el marco de un desarrollo sustentable.<\/p>\n<p>El programa est\u00e1 dirigido a estudiantes universitarios y profesionales que se desempe\u00f1en en el sector p\u00fablico, privado, municipalidades, universidades, colegios, entre otros afines, cuya actividad o inter\u00e9s est\u00e9n relacionados con la gesti\u00f3n y conservaci\u00f3n de los humedales.<\/p>\n<p>La actividad es dictada por diez especialistas en la tem\u00e1tica relacionada con los humedales de la regi\u00f3n, entregando desde sus experiencias y estudios una extensa visi\u00f3n sobre estos importantes ecosistemas. Tiene un total de 44 horas distribuidas en 38 horas pedag\u00f3gicas entre los d\u00edas 11 y 15 de diciembre, en horario de 15 a 21.15 horas. Adem\u00e1s de seis horas de terreno el d\u00eda s\u00e1bado 16, donde se visitar\u00e1 el Humedal San Gregorio entre las 8.30 y 16 horas.<\/p>\n<p>El curso tiene un cupo para cincuenta alumnos, donde podr\u00e1n participar 25 estudiantes y 25 profesionales adem\u00e1s de p\u00fablico en general. El valor es de $70.000 pesos para los profesionales y p\u00fablico en general y $35.000 pesos para estudiantes universitarios.<\/p>\n<p>Para m\u00e1s informaci\u00f3n pueden escribir al correo: <a href=\"mailto:cursomagallanes@gmail.com\">cursomagallanes@gmail.com<\/a> o visitar el sitio web:&nbsp;<a href=\"http:\/\/cursohumedales.blogspot.com\">http:\/\/cursohumedales.blogspot.com<\/a>&nbsp;&nbsp;&nbsp;<\/p>\n","protected":false},"excerpt":{"rendered":"<p>Se invita a estudiantes universitarios y profesionales a participar de la versi\u00f3n n\u00b021 del curso Biodiversidad y Conservaci\u00f3n de Humedales en&nbsp;la Regi\u00f3n&nbsp;de Magallanes, actividad que&nbsp;se&nbsp;efectuar\u00e1 entre los d\u00edas 11 al 16 diciembre en la Sala Terra Australis de la&nbsp;Universidad de Magallanes (Avenida Bulnes 01855). El curso entrega elementos conceptuales y metodol\u00f3gicos para analizar, comprender y [&hellip;]<\/p>\n","protected":false},"author":2,"featured_media":851,"comment_status":"open","ping_status":"open","sticky":false,"template":"","format":"standard","meta":{"_acf_changed":false,"_exactmetrics_skip_tracking":false,"_exactmetrics_sitenote_active":false,"_exactmetrics_sitenote_note":"","_exactmetrics_sitenote_category":0,"footnotes":"","_links_to":"","_links_to_target":""},"categories":[4],"tags":[],"class_list":["post-850","post","type-post","status-publish","format-standard","has-post-thumbnail","hentry","category-noticias"],"acf":[],"yoast_head":"<!-- This site is optimized with the Yoast SEO plugin v26.7 - https:\/\/yoast.com\/wordpress\/plugins\/seo\/ -->\n<title>Invitan a participar del curso Biodiversidad y Conservaci\u00f3n de Humedales en la Regi\u00f3n de Magallanes - Magallanes<\/title>\n<meta name=\"robots\" content=\"index, follow, max-snippet:-1, max-image-preview:large, max-video-preview:-1\" \/>\n<link rel=\"canonical\" href=\"https:\/\/dev.explora.cl\/magallanes\/invitan-a-participar-del-curso-biodiversidad-y-conservacion-de-humedales-en-la-region-de-magallanes\/\" class=\"yoast-seo-meta-tag\" \/>\n<meta property=\"og:locale\" content=\"es_ES\" class=\"yoast-seo-meta-tag\" \/>\n<meta property=\"og:type\" content=\"article\" class=\"yoast-seo-meta-tag\" \/>\n<meta property=\"og:title\" content=\"Invitan a participar del curso Biodiversidad y Conservaci\u00f3n de Humedales en la Regi\u00f3n de Magallanes - Magallanes\" class=\"yoast-seo-meta-tag\" \/>\n<meta property=\"og:description\" content=\"Se invita a estudiantes universitarios y profesionales a participar de la versi\u00f3n n\u00b021 del curso Biodiversidad y Conservaci\u00f3n de Humedales en&nbsp;la Regi\u00f3n&nbsp;de Magallanes, actividad que&nbsp;se&nbsp;efectuar\u00e1 entre los d\u00edas 11 al 16 diciembre en la Sala Terra Australis de la&nbsp;Universidad de Magallanes (Avenida Bulnes 01855). El curso entrega elementos conceptuales y metodol\u00f3gicos para analizar, comprender y [&hellip;]\" class=\"yoast-seo-meta-tag\" \/>\n<meta property=\"og:url\" content=\"https:\/\/dev.explora.cl\/magallanes\/invitan-a-participar-del-curso-biodiversidad-y-conservacion-de-humedales-en-la-region-de-magallanes\/\" class=\"yoast-seo-meta-tag\" \/>\n<meta property=\"og:site_name\" content=\"Magallanes\" class=\"yoast-seo-meta-tag\" \/>\n<meta property=\"article:published_time\" content=\"2017-11-29T04:00:00+00:00\" class=\"yoast-seo-meta-tag\" \/>\n<meta property=\"article:modified_time\" content=\"2019-05-20T21:34:51+00:00\" class=\"yoast-seo-meta-tag\" \/>\n<meta property=\"og:image\" content=\"https:\/\/dev.explora.cl\/magallanes\/wp-content\/uploads\/sites\/19\/2018\/06\/Poster_CURSO_BIODIVERSIDAD_Y_CONSERVACI\u00d3N_DE_HUMEDALES_001.jpg\" class=\"yoast-seo-meta-tag\" \/>\n\t<meta property=\"og:image:width\" content=\"1020\" class=\"yoast-seo-meta-tag\" \/>\n\t<meta property=\"og:image:height\" content=\"1318\" class=\"yoast-seo-meta-tag\" \/>\n\t<meta property=\"og:image:type\" content=\"image\/jpeg\" class=\"yoast-seo-meta-tag\" \/>\n<meta name=\"author\" content=\"webman\" class=\"yoast-seo-meta-tag\" \/>\n<meta name=\"twitter:card\" content=\"summary_large_image\" class=\"yoast-seo-meta-tag\" \/>\n<meta name=\"twitter:label1\" content=\"Escrito por\" class=\"yoast-seo-meta-tag\" \/>\n\t<meta name=\"twitter:data1\" content=\"webman\" class=\"yoast-seo-meta-tag\" \/>\n\t<meta name=\"twitter:label2\" content=\"Tiempo estimado de lectura\" class=\"yoast-seo-meta-tag\" \/>\n\t<meta name=\"twitter:data2\" content=\"2 minutos\" class=\"yoast-seo-meta-tag\" \/>\n<script type=\"application\/ld+json\" class=\"yoast-schema-graph\">{\"@context\":\"https:\/\/schema.org\",\"@graph\":[{\"@type\":\"Article\",\"@id\":\"https:\/\/dev.explora.cl\/magallanes\/invitan-a-participar-del-curso-biodiversidad-y-conservacion-de-humedales-en-la-region-de-magallanes\/#article\",\"isPartOf\":{\"@id\":\"https:\/\/dev.explora.cl\/magallanes\/invitan-a-participar-del-curso-biodiversidad-y-conservacion-de-humedales-en-la-region-de-magallanes\/\"},\"author\":{\"name\":\"webman\",\"@id\":\"https:\/\/dev.explora.cl\/magallanes\/#\/schema\/person\/cb8349c13ea2d324080adf8480d7ba5d\"},\"headline\":\"Invitan a participar del curso Biodiversidad y Conservaci\u00f3n de Humedales en la Regi\u00f3n de Magallanes\",\"datePublished\":\"2017-11-29T04:00:00+00:00\",\"dateModified\":\"2019-05-20T21:34:51+00:00\",\"mainEntityOfPage\":{\"@id\":\"https:\/\/dev.explora.cl\/magallanes\/invitan-a-participar-del-curso-biodiversidad-y-conservacion-de-humedales-en-la-region-de-magallanes\/\"},\"wordCount\":342,\"commentCount\":0,\"publisher\":{\"@id\":\"https:\/\/dev.explora.cl\/magallanes\/#organization\"},\"image\":{\"@id\":\"https:\/\/dev.explora.cl\/magallanes\/invitan-a-participar-del-curso-biodiversidad-y-conservacion-de-humedales-en-la-region-de-magallanes\/#primaryimage\"},\"thumbnailUrl\":\"https:\/\/dev.explora.cl\/magallanes\/wp-content\/uploads\/sites\/19\/2018\/06\/Poster_CURSO_BIODIVERSIDAD_Y_CONSERVACI\u00d3N_DE_HUMEDALES_001.jpg\",\"articleSection\":[\"Noticias\"],\"inLanguage\":\"es-CL\",\"potentialAction\":[{\"@type\":\"CommentAction\",\"name\":\"Comment\",\"target\":[\"https:\/\/dev.explora.cl\/magallanes\/invitan-a-participar-del-curso-biodiversidad-y-conservacion-de-humedales-en-la-region-de-magallanes\/#respond\"]}]},{\"@type\":\"WebPage\",\"@id\":\"https:\/\/dev.explora.cl\/magallanes\/invitan-a-participar-del-curso-biodiversidad-y-conservacion-de-humedales-en-la-region-de-magallanes\/\",\"url\":\"https:\/\/dev.explora.cl\/magallanes\/invitan-a-participar-del-curso-biodiversidad-y-conservacion-de-humedales-en-la-region-de-magallanes\/\",\"name\":\"Invitan a participar del curso Biodiversidad y Conservaci\u00f3n de Humedales en la Regi\u00f3n de Magallanes - Magallanes\",\"isPartOf\":{\"@id\":\"https:\/\/dev.explora.cl\/magallanes\/#website\"},\"primaryImageOfPage\":{\"@id\":\"https:\/\/dev.explora.cl\/magallanes\/invitan-a-participar-del-curso-biodiversidad-y-conservacion-de-humedales-en-la-region-de-magallanes\/#primaryimage\"},\"image\":{\"@id\":\"https:\/\/dev.explora.cl\/magallanes\/invitan-a-participar-del-curso-biodiversidad-y-conservacion-de-humedales-en-la-region-de-magallanes\/#primaryimage\"},\"thumbnailUrl\":\"https:\/\/dev.explora.cl\/magallanes\/wp-content\/uploads\/sites\/19\/2018\/06\/Poster_CURSO_BIODIVERSIDAD_Y_CONSERVACI\u00d3N_DE_HUMEDALES_001.jpg\",\"datePublished\":\"2017-11-29T04:00:00+00:00\",\"dateModified\":\"2019-05-20T21:34:51+00:00\",\"breadcrumb\":{\"@id\":\"https:\/\/dev.explora.cl\/magallanes\/invitan-a-participar-del-curso-biodiversidad-y-conservacion-de-humedales-en-la-region-de-magallanes\/#breadcrumb\"},\"inLanguage\":\"es-CL\",\"potentialAction\":[{\"@type\":\"ReadAction\",\"target\":[\"https:\/\/dev.explora.cl\/magallanes\/invitan-a-participar-del-curso-biodiversidad-y-conservacion-de-humedales-en-la-region-de-magallanes\/\"]}]},{\"@type\":\"ImageObject\",\"inLanguage\":\"es-CL\",\"@id\":\"https:\/\/dev.explora.cl\/magallanes\/invitan-a-participar-del-curso-biodiversidad-y-conservacion-de-humedales-en-la-region-de-magallanes\/#primaryimage\",\"url\":\"https:\/\/dev.explora.cl\/magallanes\/wp-content\/uploads\/sites\/19\/2018\/06\/Poster_CURSO_BIODIVERSIDAD_Y_CONSERVACI\u00d3N_DE_HUMEDALES_001.jpg\",\"contentUrl\":\"https:\/\/dev.explora.cl\/magallanes\/wp-content\/uploads\/sites\/19\/2018\/06\/Poster_CURSO_BIODIVERSIDAD_Y_CONSERVACI\u00d3N_DE_HUMEDALES_001.jpg\",\"width\":1020,\"height\":1318},{\"@type\":\"BreadcrumbList\",\"@id\":\"https:\/\/dev.explora.cl\/magallanes\/invitan-a-participar-del-curso-biodiversidad-y-conservacion-de-humedales-en-la-region-de-magallanes\/#breadcrumb\",\"itemListElement\":[{\"@type\":\"ListItem\",\"position\":1,\"name\":\"Portada\",\"item\":\"https:\/\/dev.explora.cl\/magallanes\/\"},{\"@type\":\"ListItem\",\"position\":2,\"name\":\"Invitan a participar del curso Biodiversidad y Conservaci\u00f3n de Humedales en la Regi\u00f3n de Magallanes\"}]},{\"@type\":\"WebSite\",\"@id\":\"https:\/\/dev.explora.cl\/magallanes\/#website\",\"url\":\"https:\/\/dev.explora.cl\/magallanes\/\",\"name\":\"Magallanes\",\"description\":\"Otro sitio m\u00e1s de dev.explora.cl\",\"publisher\":{\"@id\":\"https:\/\/dev.explora.cl\/magallanes\/#organization\"},\"potentialAction\":[{\"@type\":\"SearchAction\",\"target\":{\"@type\":\"EntryPoint\",\"urlTemplate\":\"https:\/\/dev.explora.cl\/magallanes\/?s={search_term_string}\"},\"query-input\":{\"@type\":\"PropertyValueSpecification\",\"valueRequired\":true,\"valueName\":\"search_term_string\"}}],\"inLanguage\":\"es-CL\"},{\"@type\":\"Organization\",\"@id\":\"https:\/\/dev.explora.cl\/magallanes\/#organization\",\"name\":\"Magallanes\",\"url\":\"https:\/\/dev.explora.cl\/magallanes\/\",\"logo\":{\"@type\":\"ImageObject\",\"inLanguage\":\"es-CL\",\"@id\":\"https:\/\/dev.explora.cl\/magallanes\/#\/schema\/logo\/image\/\",\"url\":\"https:\/\/dev.explora.cl\/magallanes\/wp-content\/uploads\/sites\/19\/2021\/06\/cropped-ICONO-COLOR-2.jpg\",\"contentUrl\":\"https:\/\/dev.explora.cl\/magallanes\/wp-content\/uploads\/sites\/19\/2021\/06\/cropped-ICONO-COLOR-2.jpg\",\"width\":1181,\"height\":1181,\"caption\":\"Magallanes\"},\"image\":{\"@id\":\"https:\/\/dev.explora.cl\/magallanes\/#\/schema\/logo\/image\/\"}},{\"@type\":\"Person\",\"@id\":\"https:\/\/dev.explora.cl\/magallanes\/#\/schema\/person\/cb8349c13ea2d324080adf8480d7ba5d\",\"name\":\"webman\",\"image\":{\"@type\":\"ImageObject\",\"inLanguage\":\"es-CL\",\"@id\":\"https:\/\/dev.explora.cl\/magallanes\/#\/schema\/person\/image\/\",\"url\":\"https:\/\/secure.gravatar.com\/avatar\/eeff3c82f2c02f7177d13663b7e6f890e9a6a0647ce9bb29cae02dcb094c7312?s=96&d=mm&r=g\",\"contentUrl\":\"https:\/\/secure.gravatar.com\/avatar\/eeff3c82f2c02f7177d13663b7e6f890e9a6a0647ce9bb29cae02dcb094c7312?s=96&d=mm&r=g\",\"caption\":\"webman\"},\"url\":\"https:\/\/dev.explora.cl\/magallanes\/author\/webman\/\"}]}<\/script>\n<!-- \/ Yoast SEO plugin. -->","yoast_head_json":{"title":"Invitan a participar del curso Biodiversidad y Conservaci\u00f3n de Humedales en la Regi\u00f3n de Magallanes - Magallanes","robots":{"index":"index","follow":"follow","max-snippet":"max-snippet:-1","max-image-preview":"max-image-preview:large","max-video-preview":"max-video-preview:-1"},"canonical":"https:\/\/dev.explora.cl\/magallanes\/invitan-a-participar-del-curso-biodiversidad-y-conservacion-de-humedales-en-la-region-de-magallanes\/","og_locale":"es_ES","og_type":"article","og_title":"Invitan a participar del curso Biodiversidad y Conservaci\u00f3n de Humedales en la Regi\u00f3n de Magallanes - Magallanes","og_description":"Se invita a estudiantes universitarios y profesionales a participar de la versi\u00f3n n\u00b021 del curso Biodiversidad y Conservaci\u00f3n de Humedales en&nbsp;la Regi\u00f3n&nbsp;de Magallanes, actividad que&nbsp;se&nbsp;efectuar\u00e1 entre los d\u00edas 11 al 16 diciembre en la Sala Terra Australis de la&nbsp;Universidad de Magallanes (Avenida Bulnes 01855). El curso entrega elementos conceptuales y metodol\u00f3gicos para analizar, comprender y [&hellip;]","og_url":"https:\/\/dev.explora.cl\/magallanes\/invitan-a-participar-del-curso-biodiversidad-y-conservacion-de-humedales-en-la-region-de-magallanes\/","og_site_name":"Magallanes","article_published_time":"2017-11-29T04:00:00+00:00","article_modified_time":"2019-05-20T21:34:51+00:00","og_image":[{"width":1020,"height":1318,"url":"https:\/\/dev.explora.cl\/magallanes\/wp-content\/uploads\/sites\/19\/2018\/06\/Poster_CURSO_BIODIVERSIDAD_Y_CONSERVACI\u00d3N_DE_HUMEDALES_001.jpg","type":"image\/jpeg"}],"author":"webman","twitter_card":"summary_large_image","twitter_misc":{"Escrito por":"webman","Tiempo estimado de lectura":"2 minutos"},"schema":{"@context":"https:\/\/schema.org","@graph":[{"@type":"Article","@id":"https:\/\/dev.explora.cl\/magallanes\/invitan-a-participar-del-curso-biodiversidad-y-conservacion-de-humedales-en-la-region-de-magallanes\/#article","isPartOf":{"@id":"https:\/\/dev.explora.cl\/magallanes\/invitan-a-participar-del-curso-biodiversidad-y-conservacion-de-humedales-en-la-region-de-magallanes\/"},"author":{"name":"webman","@id":"https:\/\/dev.explora.cl\/magallanes\/#\/schema\/person\/cb8349c13ea2d324080adf8480d7ba5d"},"headline":"Invitan a participar del curso Biodiversidad y Conservaci\u00f3n de Humedales en la Regi\u00f3n de Magallanes","datePublished":"2017-11-29T04:00:00+00:00","dateModified":"2019-05-20T21:34:51+00:00","mainEntityOfPage":{"@id":"https:\/\/dev.explora.cl\/magallanes\/invitan-a-participar-del-curso-biodiversidad-y-conservacion-de-humedales-en-la-region-de-magallanes\/"},"wordCount":342,"commentCount":0,"publisher":{"@id":"https:\/\/dev.explora.cl\/magallanes\/#organization"},"image":{"@id":"https:\/\/dev.explora.cl\/magallanes\/invitan-a-participar-del-curso-biodiversidad-y-conservacion-de-humedales-en-la-region-de-magallanes\/#primaryimage"},"thumbnailUrl":"https:\/\/dev.explora.cl\/magallanes\/wp-content\/uploads\/sites\/19\/2018\/06\/Poster_CURSO_BIODIVERSIDAD_Y_CONSERVACI\u00d3N_DE_HUMEDALES_001.jpg","articleSection":["Noticias"],"inLanguage":"es-CL","potentialAction":[{"@type":"CommentAction","name":"Comment","target":["https:\/\/dev.explora.cl\/magallanes\/invitan-a-participar-del-curso-biodiversidad-y-conservacion-de-humedales-en-la-region-de-magallanes\/#respond"]}]},{"@type":"WebPage","@id":"https:\/\/dev.explora.cl\/magallanes\/invitan-a-participar-del-curso-biodiversidad-y-conservacion-de-humedales-en-la-region-de-magallanes\/","url":"https:\/\/dev.explora.cl\/magallanes\/invitan-a-participar-del-curso-biodiversidad-y-conservacion-de-humedales-en-la-region-de-magallanes\/","name":"Invitan a participar del curso Biodiversidad y Conservaci\u00f3n de Humedales en la Regi\u00f3n de Magallanes - Magallanes","isPartOf":{"@id":"https:\/\/dev.explora.cl\/magallanes\/#website"},"primaryImageOfPage":{"@id":"https:\/\/dev.explora.cl\/magallanes\/invitan-a-participar-del-curso-biodiversidad-y-conservacion-de-humedales-en-la-region-de-magallanes\/#primaryimage"},"image":{"@id":"https:\/\/dev.explora.cl\/magallanes\/invitan-a-participar-del-curso-biodiversidad-y-conservacion-de-humedales-en-la-region-de-magallanes\/#primaryimage"},"thumbnailUrl":"https:\/\/dev.explora.cl\/magallanes\/wp-content\/uploads\/sites\/19\/2018\/06\/Poster_CURSO_BIODIVERSIDAD_Y_CONSERVACI\u00d3N_DE_HUMEDALES_001.jpg","datePublished":"2017-11-29T04:00:00+00:00","dateModified":"2019-05-20T21:34:51+00:00","breadcrumb":{"@id":"https:\/\/dev.explora.cl\/magallanes\/invitan-a-participar-del-curso-biodiversidad-y-conservacion-de-humedales-en-la-region-de-magallanes\/#breadcrumb"},"inLanguage":"es-CL","potentialAction":[{"@type":"ReadAction","target":["https:\/\/dev.explora.cl\/magallanes\/invitan-a-participar-del-curso-biodiversidad-y-conservacion-de-humedales-en-la-region-de-magallanes\/"]}]},{"@type":"ImageObject","inLanguage":"es-CL","@id":"https:\/\/dev.explora.cl\/magallanes\/invitan-a-participar-del-curso-biodiversidad-y-conservacion-de-humedales-en-la-region-de-magallanes\/#primaryimage","url":"https:\/\/dev.explora.cl\/magallanes\/wp-content\/uploads\/sites\/19\/2018\/06\/Poster_CURSO_BIODIVERSIDAD_Y_CONSERVACI\u00d3N_DE_HUMEDALES_001.jpg","contentUrl":"https:\/\/dev.explora.cl\/magallanes\/wp-content\/uploads\/sites\/19\/2018\/06\/Poster_CURSO_BIODIVERSIDAD_Y_CONSERVACI\u00d3N_DE_HUMEDALES_001.jpg","width":1020,"height":1318},{"@type":"BreadcrumbList","@id":"https:\/\/dev.explora.cl\/magallanes\/invitan-a-participar-del-curso-biodiversidad-y-conservacion-de-humedales-en-la-region-de-magallanes\/#breadcrumb","itemListElement":[{"@type":"ListItem","position":1,"name":"Portada","item":"https:\/\/dev.explora.cl\/magallanes\/"},{"@type":"ListItem","position":2,"name":"Invitan a participar del curso Biodiversidad y Conservaci\u00f3n de Humedales en la Regi\u00f3n de Magallanes"}]},{"@type":"WebSite","@id":"https:\/\/dev.explora.cl\/magallanes\/#website","url":"https:\/\/dev.explora.cl\/magallanes\/","name":"Magallanes","description":"Otro sitio m\u00e1s de dev.explora.cl","publisher":{"@id":"https:\/\/dev.explora.cl\/magallanes\/#organization"},"potentialAction":[{"@type":"SearchAction","target":{"@type":"EntryPoint","urlTemplate":"https:\/\/dev.explora.cl\/magallanes\/?s={search_term_string}"},"query-input":{"@type":"PropertyValueSpecification","valueRequired":true,"valueName":"search_term_string"}}],"inLanguage":"es-CL"},{"@type":"Organization","@id":"https:\/\/dev.explora.cl\/magallanes\/#organization","name":"Magallanes","url":"https:\/\/dev.explora.cl\/magallanes\/","logo":{"@type":"ImageObject","inLanguage":"es-CL","@id":"https:\/\/dev.explora.cl\/magallanes\/#\/schema\/logo\/image\/","url":"https:\/\/dev.explora.cl\/magallanes\/wp-content\/uploads\/sites\/19\/2021\/06\/cropped-ICONO-COLOR-2.jpg","contentUrl":"https:\/\/dev.explora.cl\/magallanes\/wp-content\/uploads\/sites\/19\/2021\/06\/cropped-ICONO-COLOR-2.jpg","width":1181,"height":1181,"caption":"Magallanes"},"image":{"@id":"https:\/\/dev.explora.cl\/magallanes\/#\/schema\/logo\/image\/"}},{"@type":"Person","@id":"https:\/\/dev.explora.cl\/magallanes\/#\/schema\/person\/cb8349c13ea2d324080adf8480d7ba5d","name":"webman","image":{"@type":"ImageObject","inLanguage":"es-CL","@id":"https:\/\/dev.explora.cl\/magallanes\/#\/schema\/person\/image\/","url":"https:\/\/secure.gravatar.com\/avatar\/eeff3c82f2c02f7177d13663b7e6f890e9a6a0647ce9bb29cae02dcb094c7312?s=96&d=mm&r=g","contentUrl":"https:\/\/secure.gravatar.com\/avatar\/eeff3c82f2c02f7177d13663b7e6f890e9a6a0647ce9bb29cae02dcb094c7312?s=96&d=mm&r=g","caption":"webman"},"url":"https:\/\/dev.explora.cl\/magallanes\/author\/webman\/"}]}},"_links":{"self":[{"href":"https:\/\/dev.explora.cl\/magallanes\/wp-json\/wp\/v2\/posts\/850","targetHints":{"allow":["GET"]}}],"collection":[{"href":"https:\/\/dev.explora.cl\/magallanes\/wp-json\/wp\/v2\/posts"}],"about":[{"href":"https:\/\/dev.explora.cl\/magallanes\/wp-json\/wp\/v2\/types\/post"}],"author":[{"embeddable":true,"href":"https:\/\/dev.explora.cl\/magallanes\/wp-json\/wp\/v2\/users\/2"}],"replies":[{"embeddable":true,"href":"https:\/\/dev.explora.cl\/magallanes\/wp-json\/wp\/v2\/comments?post=850"}],"version-history":[{"count":1,"href":"https:\/\/dev.explora.cl\/magallanes\/wp-json\/wp\/v2\/posts\/850\/revisions"}],"predecessor-version":[{"id":37633,"href":"https:\/\/dev.explora.cl\/magallanes\/wp-json\/wp\/v2\/posts\/850\/revisions\/37633"}],"wp:featuredmedia":[{"embeddable":true,"href":"https:\/\/dev.explora.cl\/magallanes\/wp-json\/wp\/v2\/media\/851"}],"wp:attachment":[{"href":"https:\/\/dev.explora.cl\/magallanes\/wp-json\/wp\/v2\/media?parent=850"}],"wp:term":[{"taxonomy":"category","embeddable":true,"href":"https:\/\/dev.explora.cl\/magallanes\/wp-json\/wp\/v2\/categories?post=850"},{"taxonomy":"post_tag","embeddable":true,"href":"https:\/\/dev.explora.cl\/magallanes\/wp-json\/wp\/v2\/tags?post=850"}],"curies":[{"name":"wp","href":"https:\/\/api.w.org\/{rel}","templated":true}]}}