{"id":843,"date":"2017-11-27T00:00:00","date_gmt":"2017-11-27T04:00:00","guid":{"rendered":"https:\/\/dev.explora.cl\/magallanes\/blog\/2017\/11\/27\/las-investigaciones-que-representan-a-magallanes-en-el-xviii-congreso-nacional-escolar-de-la-ciencia-y-la-tecnologia\/"},"modified":"2019-05-20T21:34:52","modified_gmt":"2019-05-20T21:34:52","slug":"las-investigaciones-que-representan-a-magallanes-en-el-xviii-congreso-nacional-escolar-de-la-ciencia-y-la-tecnologia","status":"publish","type":"post","link":"https:\/\/dev.explora.cl\/magallanes\/las-investigaciones-que-representan-a-magallanes-en-el-xviii-congreso-nacional-escolar-de-la-ciencia-y-la-tecnologia\/","title":{"rendered":"Las investigaciones que representan a Magallanes en el XVIII Congreso Nacional Escolar de la Ciencia y la Tecnolog\u00eda"},"content":{"rendered":"<p>Este martes 28 comienza la XVIII versi\u00f3n del Congreso Nacional Escolar de la Ciencia y la Tecnolog\u00eda del Programa Explora de CONICYT, instancia donde 54 equipos de todo el pa\u00eds presentar\u00e1n los resultados de sus investigaciones cient\u00edficas escolares en la Plaza Vicu\u00f1a Mackenna de Arica. En el caso particular de Magallanes se presentan cinco grupos: dos son de Punta Arenas, otros dos de Puerto Natales y uno de Puerto Williams.<\/p>\n<p>Ellos llegan a esta instancia tras ganar uno de estos cupos por haber obtenido una destacada participaci\u00f3n en el XX Congreso Regional Escolar de la Ciencia y la Tecnolog\u00eda del PAR Explora de CONICYT Regi\u00f3n de Magallanes y de la Ant\u00e1rtica Chilena que se efectu\u00f3 a mediados del mes de octubre en la Universidad de Magallanes. &nbsp;<\/p>\n<p><strong>\u201cHormigas, m\u00e1s cerca de lo que cre\u00edas\u201d<\/strong><\/p>\n<p><img loading=\"lazy\" decoding=\"async\" class=\" size-full wp-image-29128\" src=\"http:\/\/ec2-54-245-22-188.us-west-2.compute.amazonaws.com\/wp-content\/uploads\/2017\/11\/Escuela_Pedro_Pablo_Lemaitre.jpg\" alt=\"\" width=\"1109\" height=\"810\" \/><\/p>\n<p>Javiera Alvarado y Valentina Velqu\u00e9n de la Escuela Pedro Pablo Lemaitre<\/p>\n<p>El primer lugar de la Categor\u00eda Educaci\u00f3n B\u00e1sica lo obtuvieron las estudiantes de la Escuela Pedro Pablo Lemaitre de Punta Arenas, Javiera Alvarado y Valentina Velqu\u00e9n con su investigaci\u00f3n \u201cHormigas, m\u00e1s cerca de lo que cre\u00edas\u201d. Ellas fueron asesoradas por su profesora Paola Vidal y por los cient\u00edficos Ernesto Teneb y Eduardo Fa\u00fandez.<\/p>\n<p>El estudio da cuenta de la presencia de las hormigas <em>Lasiophanes picinus<\/em> en la zona norte de Tierra del Fuego, y adem\u00e1s busca saber qu\u00e9 tanto saben los habitantes de la existencia estos insectos. \u201cNuestro proyecto surge porque un conocido nuestro nos manda fotograf\u00edas de hormigas deambulando por una zona de Tierra del Fuego, espec\u00edficamente Cerro Sombrero, entonces nos empezaron a surgir muchas preguntas y nos entusiasmamos por el tema. Lo mejor es que el tema lo escogimos nosotras y no nuestra profesora, dijimos \u201cqueremos investigar esto\u201d porque nos interes\u00f3\u201d, destacan las estudiantes. &nbsp;<\/p>\n<p>Para efectos de su investigaci\u00f3n, viajaron hasta Porvenir para aplicar una encuesta a 120 residentes, la cual determin\u00f3 que m\u00e1s de un 70% de la poblaci\u00f3n desconoce la presencia de hormigas en su isla, dejando en evidencia el desconocimiento en biodiversidad de insectos.<\/p>\n<p>\u201cVamos a seguir investigando todo sobre las hormigas, por ejemplo su taxonom\u00eda, queremos comparar adem\u00e1s las hormigas que hay en el norte del pa\u00eds, con las que hay ac\u00e1, porque supuestamente nacen de una manera distinta y es la misma especie\u201d, puntualizan. &nbsp;<\/p>\n<p><strong>\u201cDeterminaci\u00f3n de la calidad de los cielos de Puerto Natales para la observaci\u00f3n astron\u00f3mica\u201d<\/strong><\/p>\n<p><img loading=\"lazy\" decoding=\"async\" class=\" size-full wp-image-29129\" src=\"http:\/\/ec2-54-245-22-188.us-west-2.compute.amazonaws.com\/wp-content\/uploads\/2017\/11\/Colegio_Puerto_Natales.jpg\" alt=\"\" width=\"1146\" height=\"859\" \/><\/p>\n<p>Coni Oyarz\u00fan y Jos\u00e9 Ignacio Oyarz\u00fan del Colegio Puerto Natales<\/p>\n<p>En tanto, el primer lugar en Ense\u00f1anza Media, fue para los estudiantes del Colegio Puerto Natales, Coni Oyarz\u00fan y Jos\u00e9 Ignacio Oyarz\u00fan con el proyecto \u201cDeterminaci\u00f3n de la calidad de los cielos de Puerto Natales para la observaci\u00f3n astron\u00f3mica\u201d, que desarrollaron con su profesora Marcela Galindo.<\/p>\n<p>Investigaci\u00f3n que se inicia bajo la premisa de que la observaci\u00f3n de los cuerpos celestes en la capital de \u00daltima Esperanza es un campo poco explorado, que presenta varios obst\u00e1culos y dificultades para los aficionados a la astronom\u00eda. Para lo cual, les surgi\u00f3 la inquietud de evaluar la calidad de sus cielos para la observaci\u00f3n astron\u00f3mica.<\/p>\n<p>\u201cLos cielos chilenos en la zona norte como Atacama son bastante utilizados, ya que son la capital mundial de la astronom\u00eda, por ejemplo ah\u00ed se encuentra ALMA, uno de los radiotelescopios m\u00e1s importantes del mundo, y nosotros nos hemos preguntado por qu\u00e9 tanto hay inter\u00e9s en el norte y no en el sur, que es un campo poco explorado, y de ah\u00ed surgi\u00f3 nuestra investigaci\u00f3n cient\u00edfica que trataba de calcular la calidad de los cielos de Puerto Natales\u201d, explic\u00f3 Jos\u00e9 Ignacio. &nbsp;<\/p>\n<p>Para obtener estos datos, se realizaron observaciones peri\u00f3dicas durante cuatro meses. Posteriormente con estos registros obtenidos se calcul\u00f3 la Magnitud del L\u00edmite Estelar, m\u00e1s conocido como MALE, y el nivel de brillo de cielo nocturno en base a la escala de Bortle.<\/p>\n<p>Los resultados obtenidos dan cuenta que el cielo de Puerto Natales tiene una calidad intermedia para la observaci\u00f3n astron\u00f3mica, siendo la transparencia atmosf\u00e9rica y la contaminaci\u00f3n lum\u00ednica, los principales factores que la afectan.<\/p>\n<p><strong>&nbsp;\u201cComportamiento etol\u00f3gico del Cygnus melancoryphus\u201d<\/strong><\/p>\n<p><img loading=\"lazy\" decoding=\"async\" class=\" size-full wp-image-29130\" src=\"http:\/\/ec2-54-245-22-188.us-west-2.compute.amazonaws.com\/wp-content\/uploads\/2017\/11\/Liceo_Mar%C3%ADa_Mazzarello.jpg\" alt=\"\" width=\"1105\" height=\"830\" \/><\/p>\n<p>Javiera Christie y Karina Torres del Liceo Mar\u00eda Mazzarello de Puerto Natales.<\/p>\n<p>Otro proyecto destacado a nivel regional fue el de Javiera Christie y Karina Torres del Liceo Mar\u00eda Mazzarello de Puerto Natales, quienes junto a su profesora Mar\u00eda Camblor desarrollan una investigaci\u00f3n para determinar el comportamiento etol\u00f3gico del cisne de cuello negro (Cygnus melancoryphus), especie que se considera como un herb\u00edvoro generalista que se alimenta de las algas y pastos marinos.<\/p>\n<p>\u201cVimos al cisne de cuello negro en la Costanera de Puerto Natales, vimos su comportamiento desde mayo a octubre, y est\u00e1bamos por periodos de una hora observ\u00e1ndolos, anotando todo su comportamiento, las diferencias entre los cambios de estaci\u00f3n. Como partimos en oto\u00f1o, queremos ver c\u00f3mo se comportan los cisnes en verano, y tambi\u00e9n observar m\u00e1s sobre sus cr\u00edas, reci\u00e9n estamos en la primera etapa de nuestro proyecto, as\u00ed que tenemos para mucho tiempo m\u00e1s\u201d, detalla Karina Torres.<\/p>\n<p>Las estudiantes efectuaron 18 muestreos de una hora cada uno en horarios desde las 11 a las 19 horas, en sectores espec\u00edficos de la costanera de Puerto Natales, utilizando bit\u00e1cora, cron\u00f3metro y binoculares. Los meses de muestreo se dividieron en el periodo invernal y estival, con la finalidad de observar cambios de comportamiento del cisne con relaci\u00f3n a su alimentaci\u00f3n, acicalamiento o descanso de acuerdo a los meses del a\u00f1o, y tal como se\u00f1al\u00f3 la joven, los de la temporada estival a\u00fan se est\u00e1n estudiando.&nbsp;<\/p>\n<p><strong>\u201c\u00bfLos macroinvertebrados dulceacu\u00edcolas son afectados por la presencia del castor?\u201d<\/strong><\/p>\n<p><img loading=\"lazy\" decoding=\"async\" class=\" size-full wp-image-29131\" src=\"http:\/\/ec2-54-245-22-188.us-west-2.compute.amazonaws.com\/wp-content\/uploads\/2017\/11\/Liceo_Donald_McIntyre_Griffiths.jpg\" alt=\"Liceo Donald McIntyre Griffiths\" width=\"1190\" height=\"815\" \/><\/p>\n<p>Sophia Troncoso y Yael Marchant del Liceo Donald Mc Intyre Griffiths de Puerto Williams.&nbsp;<\/p>\n<p>La plaga del castor en Magallanes ha sido una preocupaci\u00f3n permanente de las autoridades durante los \u00faltimos a\u00f1os, y precisamente este tema motiv\u00f3 a los integrantes del Club Omora del Liceo Donald Mc Intyre Griffiths de Puerto Williams. Las estudiantes Sophia Troncoso y Yael Marchant ser\u00e1n las encargadas de exponer en Arica su investigaci\u00f3n \u201c\u00bfLos macroinvertebrados dulceacu\u00edcolas son afectados por la presencia del castor?\u201d.<\/p>\n<p>\u201cEl castor, es una especie ex\u00f3tica introducida que se ha propagado de forma exitosa en nuestra zona, causando graves da\u00f1os, en un principio se crey\u00f3 que desde Tierra del Fuego no cruzar\u00eda el canal Beagle, pero al contrario de lo imaginado, nadaron hasta las costas de Isla Navarino e invadieron gran parte de la isla, perjudicando el ecosistema marino\u201d, explican.<\/p>\n<p>Bajo esta premisa, desde mayo quisieron indagar sobre los efectos perjudiciales del castor, cuando recibieron la invitaci\u00f3n de la investigadora Dra. Tamara Contador que ha desarrollado estudios asociados a los macroinvertebrados dulceacu\u00edcolas. As\u00ed que despu\u00e9s d<br \/>\ne aprender y entender m\u00e1s sobre la importancia de la comunidad de vida de los de los r\u00edos, decidieron relacionar ambos conocimientos visitando cursos de agua afectados y no afectados por castores y registrando las especies y cantidades de macroinvertebrados que encontraban.<\/p>\n<p>\u201cHemos ido a ver castores, hemos investigado sobre ellos y sobre los macroinvertebrados, nuestro inter\u00e9s surgi\u00f3 gracias a otro trabajo del Taller Omora sobre las chaquetas amarillas, lo cual nos dio la idea de indagar sobre otra especie invasora, en este caso el castor. Hicimos una clase de \u201cSumergidos con lupa\u201d con la Dra. Tamara Contador, y quisimos complementar las dos ideas y as\u00ed surgi\u00f3 nuestra investigaci\u00f3n\u201d, cuentan. &nbsp;<\/p>\n<p><strong>\u201cBombus dahlbomii \u00bfun nativo en adaptaci\u00f3n?\u201d<\/strong><\/p>\n<p><img loading=\"lazy\" decoding=\"async\" class=\" size-full wp-image-29132\" src=\"http:\/\/ec2-54-245-22-188.us-west-2.compute.amazonaws.com\/wp-content\/uploads\/2017\/11\/Colegio_Luterano.jpg\" alt=\"\" width=\"1096\" height=\"827\" \/><\/p>\n<p>Gianfranco Cavallieri y Pablo Sanhueza del Colegio Luterano.<\/p>\n<p>Cierra esta lista de equipos magall\u00e1nicos en competencia, el de los estudiantes de 3\u00b0 medio del Colegio Luterano e integrantes del Taller Ecoinvestigadores Australes, Pablo Sanhueza y Gianfranco Cavallieri, quienes fueron los ganadores del \u00faltimo Congreso Nacional Escolar de la Ciencia y la Tecnolog\u00eda, y que por cuarta vez llegan a esta instancia para mostrar los avances de su investigaci\u00f3n sobre los abejorros.<\/p>\n<p>A diferencia de los a\u00f1os anteriores donde su investigaci\u00f3n se centra en la introducci\u00f3n del <em>Bombus terrestris<\/em> como polinizador de cultivos frutales, y c\u00f3mo esta especie se va registrando de manera silvestre desde el 2013 al a\u00f1o en curso. Afirman que existe un grado de asentamiento de B. terrestris, lo que plantea una superposici\u00f3n de nichos con la especie nativa, obligando a este \u00faltimo adaptarse a la competencia por recurso a la hora de forrajear.<\/p>\n<p>\u201cNos dimos cuenta de algo nuevo que no estaba registrado en la literatura, que era el robo de la especie nativa <em>Bombus dahlbomii<\/em> hacia <em>Fuchsia magellanica<\/em> que es el chilco, este es un robo de n\u00e9ctar, lo cual es que el abejorro extrae el n\u00e9ctar por un orificio de la planta que se llama nectario y no la poliniza, solo se alimenta. Anteriormente observ\u00e1bamos esto en el Bombus terrestris, pero ahora podemos ver una conducta en la especie nativa\u201d, detallan. &nbsp;&nbsp;<\/p>\n<p>En esta nueva arista han estado trabajando desde el a\u00f1o pasado, \u201cdesde el estudio del a\u00f1o anterior que nos dimos cuenta de esta conducta, vimos que era una adaptaci\u00f3n que ten\u00eda la especie nativa, as\u00ed que decidimos investigar m\u00e1s, eso es lo que nos gusta de la ecolog\u00eda que siempre puedes abarcar m\u00e1s aspectos de tu investigaci\u00f3n\u201d, concluyen.<\/p>\n","protected":false},"excerpt":{"rendered":"<p>Este martes 28 comienza la XVIII versi\u00f3n del Congreso Nacional Escolar de la Ciencia y la Tecnolog\u00eda del Programa Explora de CONICYT, instancia donde 54 equipos de todo el pa\u00eds presentar\u00e1n los resultados de sus investigaciones cient\u00edficas escolares en la Plaza Vicu\u00f1a Mackenna de Arica. En el caso particular de Magallanes se presentan cinco grupos: [&hellip;]<\/p>\n","protected":false},"author":2,"featured_media":813,"comment_status":"open","ping_status":"open","sticky":false,"template":"","format":"standard","meta":{"_acf_changed":false,"_exactmetrics_skip_tracking":false,"_exactmetrics_sitenote_active":false,"_exactmetrics_sitenote_note":"","_exactmetrics_sitenote_category":0,"footnotes":"","_links_to":"","_links_to_target":""},"categories":[4],"tags":[],"class_list":["post-843","post","type-post","status-publish","format-standard","has-post-thumbnail","hentry","category-noticias"],"acf":[],"yoast_head":"<!-- This site is optimized with the Yoast SEO plugin v26.7 - https:\/\/yoast.com\/wordpress\/plugins\/seo\/ -->\n<title>Las investigaciones que representan a Magallanes en el XVIII Congreso Nacional Escolar de la Ciencia y la Tecnolog\u00eda - Magallanes<\/title>\n<meta name=\"robots\" content=\"index, follow, max-snippet:-1, max-image-preview:large, max-video-preview:-1\" \/>\n<link rel=\"canonical\" href=\"https:\/\/dev.explora.cl\/magallanes\/las-investigaciones-que-representan-a-magallanes-en-el-xviii-congreso-nacional-escolar-de-la-ciencia-y-la-tecnologia\/\" class=\"yoast-seo-meta-tag\" \/>\n<meta property=\"og:locale\" content=\"es_ES\" class=\"yoast-seo-meta-tag\" \/>\n<meta property=\"og:type\" content=\"article\" class=\"yoast-seo-meta-tag\" \/>\n<meta property=\"og:title\" content=\"Las investigaciones que representan a Magallanes en el XVIII Congreso Nacional Escolar de la Ciencia y la Tecnolog\u00eda - Magallanes\" class=\"yoast-seo-meta-tag\" \/>\n<meta property=\"og:description\" content=\"Este martes 28 comienza la XVIII versi\u00f3n del Congreso Nacional Escolar de la Ciencia y la Tecnolog\u00eda del Programa Explora de CONICYT, instancia donde 54 equipos de todo el pa\u00eds presentar\u00e1n los resultados de sus investigaciones cient\u00edficas escolares en la Plaza Vicu\u00f1a Mackenna de Arica. En el caso particular de Magallanes se presentan cinco grupos: [&hellip;]\" class=\"yoast-seo-meta-tag\" \/>\n<meta property=\"og:url\" content=\"https:\/\/dev.explora.cl\/magallanes\/las-investigaciones-que-representan-a-magallanes-en-el-xviii-congreso-nacional-escolar-de-la-ciencia-y-la-tecnologia\/\" class=\"yoast-seo-meta-tag\" \/>\n<meta property=\"og:site_name\" content=\"Magallanes\" class=\"yoast-seo-meta-tag\" \/>\n<meta property=\"article:published_time\" content=\"2017-11-27T04:00:00+00:00\" class=\"yoast-seo-meta-tag\" \/>\n<meta property=\"article:modified_time\" content=\"2019-05-20T21:34:52+00:00\" class=\"yoast-seo-meta-tag\" \/>\n<meta property=\"og:image\" content=\"https:\/\/dev.explora.cl\/magallanes\/wp-content\/uploads\/sites\/19\/2018\/06\/ganadoresxxcongreso.jpg\" class=\"yoast-seo-meta-tag\" \/>\n\t<meta property=\"og:image:width\" content=\"1024\" class=\"yoast-seo-meta-tag\" \/>\n\t<meta property=\"og:image:height\" content=\"624\" class=\"yoast-seo-meta-tag\" \/>\n\t<meta property=\"og:image:type\" content=\"image\/jpeg\" class=\"yoast-seo-meta-tag\" \/>\n<meta name=\"author\" content=\"webman\" class=\"yoast-seo-meta-tag\" \/>\n<meta name=\"twitter:card\" content=\"summary_large_image\" class=\"yoast-seo-meta-tag\" \/>\n<meta name=\"twitter:label1\" content=\"Escrito por\" class=\"yoast-seo-meta-tag\" \/>\n\t<meta name=\"twitter:data1\" content=\"webman\" class=\"yoast-seo-meta-tag\" \/>\n\t<meta name=\"twitter:label2\" content=\"Tiempo estimado de lectura\" class=\"yoast-seo-meta-tag\" \/>\n\t<meta name=\"twitter:data2\" content=\"8 minutos\" class=\"yoast-seo-meta-tag\" \/>\n<script type=\"application\/ld+json\" class=\"yoast-schema-graph\">{\"@context\":\"https:\/\/schema.org\",\"@graph\":[{\"@type\":\"Article\",\"@id\":\"https:\/\/dev.explora.cl\/magallanes\/las-investigaciones-que-representan-a-magallanes-en-el-xviii-congreso-nacional-escolar-de-la-ciencia-y-la-tecnologia\/#article\",\"isPartOf\":{\"@id\":\"https:\/\/dev.explora.cl\/magallanes\/las-investigaciones-que-representan-a-magallanes-en-el-xviii-congreso-nacional-escolar-de-la-ciencia-y-la-tecnologia\/\"},\"author\":{\"name\":\"webman\",\"@id\":\"https:\/\/dev.explora.cl\/magallanes\/#\/schema\/person\/cb8349c13ea2d324080adf8480d7ba5d\"},\"headline\":\"Las investigaciones que representan a Magallanes en el XVIII Congreso Nacional Escolar de la Ciencia y la Tecnolog\u00eda\",\"datePublished\":\"2017-11-27T04:00:00+00:00\",\"dateModified\":\"2019-05-20T21:34:52+00:00\",\"mainEntityOfPage\":{\"@id\":\"https:\/\/dev.explora.cl\/magallanes\/las-investigaciones-que-representan-a-magallanes-en-el-xviii-congreso-nacional-escolar-de-la-ciencia-y-la-tecnologia\/\"},\"wordCount\":1624,\"commentCount\":0,\"publisher\":{\"@id\":\"https:\/\/dev.explora.cl\/magallanes\/#organization\"},\"image\":{\"@id\":\"https:\/\/dev.explora.cl\/magallanes\/las-investigaciones-que-representan-a-magallanes-en-el-xviii-congreso-nacional-escolar-de-la-ciencia-y-la-tecnologia\/#primaryimage\"},\"thumbnailUrl\":\"https:\/\/dev.explora.cl\/magallanes\/wp-content\/uploads\/sites\/19\/2018\/06\/ganadoresxxcongreso.jpg\",\"articleSection\":[\"Noticias\"],\"inLanguage\":\"es-CL\",\"potentialAction\":[{\"@type\":\"CommentAction\",\"name\":\"Comment\",\"target\":[\"https:\/\/dev.explora.cl\/magallanes\/las-investigaciones-que-representan-a-magallanes-en-el-xviii-congreso-nacional-escolar-de-la-ciencia-y-la-tecnologia\/#respond\"]}]},{\"@type\":\"WebPage\",\"@id\":\"https:\/\/dev.explora.cl\/magallanes\/las-investigaciones-que-representan-a-magallanes-en-el-xviii-congreso-nacional-escolar-de-la-ciencia-y-la-tecnologia\/\",\"url\":\"https:\/\/dev.explora.cl\/magallanes\/las-investigaciones-que-representan-a-magallanes-en-el-xviii-congreso-nacional-escolar-de-la-ciencia-y-la-tecnologia\/\",\"name\":\"Las investigaciones que representan a Magallanes en el XVIII Congreso Nacional Escolar de la Ciencia y la Tecnolog\u00eda - Magallanes\",\"isPartOf\":{\"@id\":\"https:\/\/dev.explora.cl\/magallanes\/#website\"},\"primaryImageOfPage\":{\"@id\":\"https:\/\/dev.explora.cl\/magallanes\/las-investigaciones-que-representan-a-magallanes-en-el-xviii-congreso-nacional-escolar-de-la-ciencia-y-la-tecnologia\/#primaryimage\"},\"image\":{\"@id\":\"https:\/\/dev.explora.cl\/magallanes\/las-investigaciones-que-representan-a-magallanes-en-el-xviii-congreso-nacional-escolar-de-la-ciencia-y-la-tecnologia\/#primaryimage\"},\"thumbnailUrl\":\"https:\/\/dev.explora.cl\/magallanes\/wp-content\/uploads\/sites\/19\/2018\/06\/ganadoresxxcongreso.jpg\",\"datePublished\":\"2017-11-27T04:00:00+00:00\",\"dateModified\":\"2019-05-20T21:34:52+00:00\",\"breadcrumb\":{\"@id\":\"https:\/\/dev.explora.cl\/magallanes\/las-investigaciones-que-representan-a-magallanes-en-el-xviii-congreso-nacional-escolar-de-la-ciencia-y-la-tecnologia\/#breadcrumb\"},\"inLanguage\":\"es-CL\",\"potentialAction\":[{\"@type\":\"ReadAction\",\"target\":[\"https:\/\/dev.explora.cl\/magallanes\/las-investigaciones-que-representan-a-magallanes-en-el-xviii-congreso-nacional-escolar-de-la-ciencia-y-la-tecnologia\/\"]}]},{\"@type\":\"ImageObject\",\"inLanguage\":\"es-CL\",\"@id\":\"https:\/\/dev.explora.cl\/magallanes\/las-investigaciones-que-representan-a-magallanes-en-el-xviii-congreso-nacional-escolar-de-la-ciencia-y-la-tecnologia\/#primaryimage\",\"url\":\"https:\/\/dev.explora.cl\/magallanes\/wp-content\/uploads\/sites\/19\/2018\/06\/ganadoresxxcongreso.jpg\",\"contentUrl\":\"https:\/\/dev.explora.cl\/magallanes\/wp-content\/uploads\/sites\/19\/2018\/06\/ganadoresxxcongreso.jpg\",\"width\":1024,\"height\":624},{\"@type\":\"BreadcrumbList\",\"@id\":\"https:\/\/dev.explora.cl\/magallanes\/las-investigaciones-que-representan-a-magallanes-en-el-xviii-congreso-nacional-escolar-de-la-ciencia-y-la-tecnologia\/#breadcrumb\",\"itemListElement\":[{\"@type\":\"ListItem\",\"position\":1,\"name\":\"Portada\",\"item\":\"https:\/\/dev.explora.cl\/magallanes\/\"},{\"@type\":\"ListItem\",\"position\":2,\"name\":\"Las investigaciones que representan a Magallanes en el XVIII Congreso Nacional Escolar de la Ciencia y la Tecnolog\u00eda\"}]},{\"@type\":\"WebSite\",\"@id\":\"https:\/\/dev.explora.cl\/magallanes\/#website\",\"url\":\"https:\/\/dev.explora.cl\/magallanes\/\",\"name\":\"Magallanes\",\"description\":\"Otro sitio m\u00e1s de dev.explora.cl\",\"publisher\":{\"@id\":\"https:\/\/dev.explora.cl\/magallanes\/#organization\"},\"potentialAction\":[{\"@type\":\"SearchAction\",\"target\":{\"@type\":\"EntryPoint\",\"urlTemplate\":\"https:\/\/dev.explora.cl\/magallanes\/?s={search_term_string}\"},\"query-input\":{\"@type\":\"PropertyValueSpecification\",\"valueRequired\":true,\"valueName\":\"search_term_string\"}}],\"inLanguage\":\"es-CL\"},{\"@type\":\"Organization\",\"@id\":\"https:\/\/dev.explora.cl\/magallanes\/#organization\",\"name\":\"Magallanes\",\"url\":\"https:\/\/dev.explora.cl\/magallanes\/\",\"logo\":{\"@type\":\"ImageObject\",\"inLanguage\":\"es-CL\",\"@id\":\"https:\/\/dev.explora.cl\/magallanes\/#\/schema\/logo\/image\/\",\"url\":\"https:\/\/dev.explora.cl\/magallanes\/wp-content\/uploads\/sites\/19\/2021\/06\/cropped-ICONO-COLOR-2.jpg\",\"contentUrl\":\"https:\/\/dev.explora.cl\/magallanes\/wp-content\/uploads\/sites\/19\/2021\/06\/cropped-ICONO-COLOR-2.jpg\",\"width\":1181,\"height\":1181,\"caption\":\"Magallanes\"},\"image\":{\"@id\":\"https:\/\/dev.explora.cl\/magallanes\/#\/schema\/logo\/image\/\"}},{\"@type\":\"Person\",\"@id\":\"https:\/\/dev.explora.cl\/magallanes\/#\/schema\/person\/cb8349c13ea2d324080adf8480d7ba5d\",\"name\":\"webman\",\"image\":{\"@type\":\"ImageObject\",\"inLanguage\":\"es-CL\",\"@id\":\"https:\/\/dev.explora.cl\/magallanes\/#\/schema\/person\/image\/\",\"url\":\"https:\/\/secure.gravatar.com\/avatar\/eeff3c82f2c02f7177d13663b7e6f890e9a6a0647ce9bb29cae02dcb094c7312?s=96&d=mm&r=g\",\"contentUrl\":\"https:\/\/secure.gravatar.com\/avatar\/eeff3c82f2c02f7177d13663b7e6f890e9a6a0647ce9bb29cae02dcb094c7312?s=96&d=mm&r=g\",\"caption\":\"webman\"},\"url\":\"https:\/\/dev.explora.cl\/magallanes\/author\/webman\/\"}]}<\/script>\n<!-- \/ Yoast SEO plugin. -->","yoast_head_json":{"title":"Las investigaciones que representan a Magallanes en el XVIII Congreso Nacional Escolar de la Ciencia y la Tecnolog\u00eda - Magallanes","robots":{"index":"index","follow":"follow","max-snippet":"max-snippet:-1","max-image-preview":"max-image-preview:large","max-video-preview":"max-video-preview:-1"},"canonical":"https:\/\/dev.explora.cl\/magallanes\/las-investigaciones-que-representan-a-magallanes-en-el-xviii-congreso-nacional-escolar-de-la-ciencia-y-la-tecnologia\/","og_locale":"es_ES","og_type":"article","og_title":"Las investigaciones que representan a Magallanes en el XVIII Congreso Nacional Escolar de la Ciencia y la Tecnolog\u00eda - Magallanes","og_description":"Este martes 28 comienza la XVIII versi\u00f3n del Congreso Nacional Escolar de la Ciencia y la Tecnolog\u00eda del Programa Explora de CONICYT, instancia donde 54 equipos de todo el pa\u00eds presentar\u00e1n los resultados de sus investigaciones cient\u00edficas escolares en la Plaza Vicu\u00f1a Mackenna de Arica. En el caso particular de Magallanes se presentan cinco grupos: [&hellip;]","og_url":"https:\/\/dev.explora.cl\/magallanes\/las-investigaciones-que-representan-a-magallanes-en-el-xviii-congreso-nacional-escolar-de-la-ciencia-y-la-tecnologia\/","og_site_name":"Magallanes","article_published_time":"2017-11-27T04:00:00+00:00","article_modified_time":"2019-05-20T21:34:52+00:00","og_image":[{"width":1024,"height":624,"url":"https:\/\/dev.explora.cl\/magallanes\/wp-content\/uploads\/sites\/19\/2018\/06\/ganadoresxxcongreso.jpg","type":"image\/jpeg"}],"author":"webman","twitter_card":"summary_large_image","twitter_misc":{"Escrito por":"webman","Tiempo estimado de lectura":"8 minutos"},"schema":{"@context":"https:\/\/schema.org","@graph":[{"@type":"Article","@id":"https:\/\/dev.explora.cl\/magallanes\/las-investigaciones-que-representan-a-magallanes-en-el-xviii-congreso-nacional-escolar-de-la-ciencia-y-la-tecnologia\/#article","isPartOf":{"@id":"https:\/\/dev.explora.cl\/magallanes\/las-investigaciones-que-representan-a-magallanes-en-el-xviii-congreso-nacional-escolar-de-la-ciencia-y-la-tecnologia\/"},"author":{"name":"webman","@id":"https:\/\/dev.explora.cl\/magallanes\/#\/schema\/person\/cb8349c13ea2d324080adf8480d7ba5d"},"headline":"Las investigaciones que representan a Magallanes en el XVIII Congreso Nacional Escolar de la Ciencia y la Tecnolog\u00eda","datePublished":"2017-11-27T04:00:00+00:00","dateModified":"2019-05-20T21:34:52+00:00","mainEntityOfPage":{"@id":"https:\/\/dev.explora.cl\/magallanes\/las-investigaciones-que-representan-a-magallanes-en-el-xviii-congreso-nacional-escolar-de-la-ciencia-y-la-tecnologia\/"},"wordCount":1624,"commentCount":0,"publisher":{"@id":"https:\/\/dev.explora.cl\/magallanes\/#organization"},"image":{"@id":"https:\/\/dev.explora.cl\/magallanes\/las-investigaciones-que-representan-a-magallanes-en-el-xviii-congreso-nacional-escolar-de-la-ciencia-y-la-tecnologia\/#primaryimage"},"thumbnailUrl":"https:\/\/dev.explora.cl\/magallanes\/wp-content\/uploads\/sites\/19\/2018\/06\/ganadoresxxcongreso.jpg","articleSection":["Noticias"],"inLanguage":"es-CL","potentialAction":[{"@type":"CommentAction","name":"Comment","target":["https:\/\/dev.explora.cl\/magallanes\/las-investigaciones-que-representan-a-magallanes-en-el-xviii-congreso-nacional-escolar-de-la-ciencia-y-la-tecnologia\/#respond"]}]},{"@type":"WebPage","@id":"https:\/\/dev.explora.cl\/magallanes\/las-investigaciones-que-representan-a-magallanes-en-el-xviii-congreso-nacional-escolar-de-la-ciencia-y-la-tecnologia\/","url":"https:\/\/dev.explora.cl\/magallanes\/las-investigaciones-que-representan-a-magallanes-en-el-xviii-congreso-nacional-escolar-de-la-ciencia-y-la-tecnologia\/","name":"Las investigaciones que representan a Magallanes en el XVIII Congreso Nacional Escolar de la Ciencia y la Tecnolog\u00eda - Magallanes","isPartOf":{"@id":"https:\/\/dev.explora.cl\/magallanes\/#website"},"primaryImageOfPage":{"@id":"https:\/\/dev.explora.cl\/magallanes\/las-investigaciones-que-representan-a-magallanes-en-el-xviii-congreso-nacional-escolar-de-la-ciencia-y-la-tecnologia\/#primaryimage"},"image":{"@id":"https:\/\/dev.explora.cl\/magallanes\/las-investigaciones-que-representan-a-magallanes-en-el-xviii-congreso-nacional-escolar-de-la-ciencia-y-la-tecnologia\/#primaryimage"},"thumbnailUrl":"https:\/\/dev.explora.cl\/magallanes\/wp-content\/uploads\/sites\/19\/2018\/06\/ganadoresxxcongreso.jpg","datePublished":"2017-11-27T04:00:00+00:00","dateModified":"2019-05-20T21:34:52+00:00","breadcrumb":{"@id":"https:\/\/dev.explora.cl\/magallanes\/las-investigaciones-que-representan-a-magallanes-en-el-xviii-congreso-nacional-escolar-de-la-ciencia-y-la-tecnologia\/#breadcrumb"},"inLanguage":"es-CL","potentialAction":[{"@type":"ReadAction","target":["https:\/\/dev.explora.cl\/magallanes\/las-investigaciones-que-representan-a-magallanes-en-el-xviii-congreso-nacional-escolar-de-la-ciencia-y-la-tecnologia\/"]}]},{"@type":"ImageObject","inLanguage":"es-CL","@id":"https:\/\/dev.explora.cl\/magallanes\/las-investigaciones-que-representan-a-magallanes-en-el-xviii-congreso-nacional-escolar-de-la-ciencia-y-la-tecnologia\/#primaryimage","url":"https:\/\/dev.explora.cl\/magallanes\/wp-content\/uploads\/sites\/19\/2018\/06\/ganadoresxxcongreso.jpg","contentUrl":"https:\/\/dev.explora.cl\/magallanes\/wp-content\/uploads\/sites\/19\/2018\/06\/ganadoresxxcongreso.jpg","width":1024,"height":624},{"@type":"BreadcrumbList","@id":"https:\/\/dev.explora.cl\/magallanes\/las-investigaciones-que-representan-a-magallanes-en-el-xviii-congreso-nacional-escolar-de-la-ciencia-y-la-tecnologia\/#breadcrumb","itemListElement":[{"@type":"ListItem","position":1,"name":"Portada","item":"https:\/\/dev.explora.cl\/magallanes\/"},{"@type":"ListItem","position":2,"name":"Las investigaciones que representan a Magallanes en el XVIII Congreso Nacional Escolar de la Ciencia y la Tecnolog\u00eda"}]},{"@type":"WebSite","@id":"https:\/\/dev.explora.cl\/magallanes\/#website","url":"https:\/\/dev.explora.cl\/magallanes\/","name":"Magallanes","description":"Otro sitio m\u00e1s de dev.explora.cl","publisher":{"@id":"https:\/\/dev.explora.cl\/magallanes\/#organization"},"potentialAction":[{"@type":"SearchAction","target":{"@type":"EntryPoint","urlTemplate":"https:\/\/dev.explora.cl\/magallanes\/?s={search_term_string}"},"query-input":{"@type":"PropertyValueSpecification","valueRequired":true,"valueName":"search_term_string"}}],"inLanguage":"es-CL"},{"@type":"Organization","@id":"https:\/\/dev.explora.cl\/magallanes\/#organization","name":"Magallanes","url":"https:\/\/dev.explora.cl\/magallanes\/","logo":{"@type":"ImageObject","inLanguage":"es-CL","@id":"https:\/\/dev.explora.cl\/magallanes\/#\/schema\/logo\/image\/","url":"https:\/\/dev.explora.cl\/magallanes\/wp-content\/uploads\/sites\/19\/2021\/06\/cropped-ICONO-COLOR-2.jpg","contentUrl":"https:\/\/dev.explora.cl\/magallanes\/wp-content\/uploads\/sites\/19\/2021\/06\/cropped-ICONO-COLOR-2.jpg","width":1181,"height":1181,"caption":"Magallanes"},"image":{"@id":"https:\/\/dev.explora.cl\/magallanes\/#\/schema\/logo\/image\/"}},{"@type":"Person","@id":"https:\/\/dev.explora.cl\/magallanes\/#\/schema\/person\/cb8349c13ea2d324080adf8480d7ba5d","name":"webman","image":{"@type":"ImageObject","inLanguage":"es-CL","@id":"https:\/\/dev.explora.cl\/magallanes\/#\/schema\/person\/image\/","url":"https:\/\/secure.gravatar.com\/avatar\/eeff3c82f2c02f7177d13663b7e6f890e9a6a0647ce9bb29cae02dcb094c7312?s=96&d=mm&r=g","contentUrl":"https:\/\/secure.gravatar.com\/avatar\/eeff3c82f2c02f7177d13663b7e6f890e9a6a0647ce9bb29cae02dcb094c7312?s=96&d=mm&r=g","caption":"webman"},"url":"https:\/\/dev.explora.cl\/magallanes\/author\/webman\/"}]}},"_links":{"self":[{"href":"https:\/\/dev.explora.cl\/magallanes\/wp-json\/wp\/v2\/posts\/843","targetHints":{"allow":["GET"]}}],"collection":[{"href":"https:\/\/dev.explora.cl\/magallanes\/wp-json\/wp\/v2\/posts"}],"about":[{"href":"https:\/\/dev.explora.cl\/magallanes\/wp-json\/wp\/v2\/types\/post"}],"author":[{"embeddable":true,"href":"https:\/\/dev.explora.cl\/magallanes\/wp-json\/wp\/v2\/users\/2"}],"replies":[{"embeddable":true,"href":"https:\/\/dev.explora.cl\/magallanes\/wp-json\/wp\/v2\/comments?post=843"}],"version-history":[{"count":1,"href":"https:\/\/dev.explora.cl\/magallanes\/wp-json\/wp\/v2\/posts\/843\/revisions"}],"predecessor-version":[{"id":37635,"href":"https:\/\/dev.explora.cl\/magallanes\/wp-json\/wp\/v2\/posts\/843\/revisions\/37635"}],"wp:featuredmedia":[{"embeddable":true,"href":"https:\/\/dev.explora.cl\/magallanes\/wp-json\/wp\/v2\/media\/813"}],"wp:attachment":[{"href":"https:\/\/dev.explora.cl\/magallanes\/wp-json\/wp\/v2\/media?parent=843"}],"wp:term":[{"taxonomy":"category","embeddable":true,"href":"https:\/\/dev.explora.cl\/magallanes\/wp-json\/wp\/v2\/categories?post=843"},{"taxonomy":"post_tag","embeddable":true,"href":"https:\/\/dev.explora.cl\/magallanes\/wp-json\/wp\/v2\/tags?post=843"}],"curies":[{"name":"wp","href":"https:\/\/api.w.org\/{rel}","templated":true}]}}