{"id":841,"date":"2017-11-23T00:00:00","date_gmt":"2017-11-23T04:00:00","guid":{"rendered":"https:\/\/dev.explora.cl\/magallanes\/blog\/2017\/11\/23\/ganadores-del-album-explora-un-gran-viaje-por-el-oceano-de-punta-arenas-visitaron-la-reserva-nacional-magallanes\/"},"modified":"2019-05-20T21:34:53","modified_gmt":"2019-05-20T21:34:53","slug":"ganadores-del-album-explora-un-gran-viaje-por-el-oceano-de-punta-arenas-visitaron-la-reserva-nacional-magallanes","status":"publish","type":"post","link":"https:\/\/dev.explora.cl\/magallanes\/ganadores-del-album-explora-un-gran-viaje-por-el-oceano-de-punta-arenas-visitaron-la-reserva-nacional-magallanes\/","title":{"rendered":"Ganadores del \u00c1lbum Explora \u201cUn gran viaje por el oc\u00e9ano\u201d de Punta Arenas visitaron la Reserva Nacional Magallanes"},"content":{"rendered":"<p><img loading=\"lazy\" decoding=\"async\" class=\" size-full wp-image-29090\" src=\"http:\/\/ec2-54-245-22-188.us-west-2.compute.amazonaws.com\/wp-content\/uploads\/2017\/11\/Grupal_Cruz_del_Sur-min.JPG\" alt=\"Grupal Cruz del Sur min\" width=\"5184\" height=\"3456\" \/><\/p>\n<p>Una entretenida excursi\u00f3n a una de las aulas naturales m\u00e1s importantes de nuestra regi\u00f3n, realizaron 22 estudiantes del 2\u00b0 b\u00e1sico A del Colegio Cruz del Sur. Muy temprano por la ma\u00f1ana, los estudiantes, sus profesora jefe y parte del equipo PAR Explora de CONICYT Magallanes se trasladaron hasta las dependencias de la Reserva Nacional Magallanes de la Corporaci\u00f3n Nacional Forestal (CONAF), situada a solo cinco kil\u00f3metros al oeste de Punta Arenas por la prolongaci\u00f3n de la Avenida Salvador Allende.<\/p>\n<p>Para los asistentes lo m\u00e1s interesante fue el hecho de poder aprender el terreno las diferencias entre la lenga magall\u00e1nica (Nothofagus pumilio) el coig\u00fce (Nothofagus betuloides) y \u00f1irre (Nothofagus ant\u00e1rctica), y conocer arbustos como el calafate, romerillo, michay y zarzaparrilla. Sumado a ello, pudieron avistar y escuchar sonidos de diferentes especies de aves. Tambi\u00e9n pudieron visitar la sala de informaciones con datos relevantes del sector, fotograf\u00edas de la flora y fauna nativa y una maqueta del lugar.<\/p>\n<p>\u201cMe gust\u00f3 cuando vimos las lengas, vimos los \u00e1rboles y pudimos reconocerlos por la forma de sus hojas, nosotros no hab\u00edamos podido aprender mucho sobre esto, pero lo que vimos hoy muy interesante. Tambi\u00e9n pudimos encontrar muchos bichitos\u201d,&nbsp; coment\u00f3 la estudiante Helena Pezo.<\/p>\n<p>En tanto su compa\u00f1era de curso, Martina Guinado opin\u00f3: \u201cMe llam\u00f3 la atenci\u00f3n toda la vegetaci\u00f3n en especial los frutos que estaban abajo, adem\u00e1s de poder escuchar los pajaritos, yo nunca hab\u00eda estado en la Reserva y me pareci\u00f3 un bonito lugar.<\/p>\n<p>Su profesora jefe, Jeannette Catal\u00e1n, agradeci\u00f3 la instancia de poder acompa\u00f1ar a sus estudiantes, \u201cEllos est\u00e1n s\u00faper entretenidos, estaban entusiasmados toda la semana por venir, ellos lo pasan s\u00faper bien, es importante que ellos aprendan en terreno sobre flora y fauna de nuestra regi\u00f3n, la mayor\u00eda de los ni\u00f1os provienen de otras regiones del pa\u00eds a Magallanes por traslado de sus padres, entonces tambi\u00e9n para ellos es importante conocer, y aparte que ellos han venido desarrollando un trabajo de investigaci\u00f3n han conocido algunos tipos de plantas, entonces es importante que los vean en terreno. Estoy muy contenta por esta oportunidad que se nos dio a trav\u00e9s del \u00c1lbum Explora\u201d, expres\u00f3.<\/p>\n<p><strong>\u00c1lbum Explora <\/strong><\/p>\n<p>Es importante destacar, que esta actividad la pudieron realizar por haber resultado ganadores de la Provincia de Magallanes del \u00e1lbum \u201cUn gran viaje por el oc\u00e9ano\u201d del Programa Explora de CONICYT, y ejecutado a nivel regional por el PAR Explora de CONICYT Magallanes y de la Ant\u00e1rtica Chilena de la Universidad de Magallanes.<\/p>\n<p>M\u00e1s de 1.500 ni\u00f1os de las provincias de Magallanes, \u00daltima Esperanza, Tierra del Fuego y Ant\u00e1rtica, pudieron aprender sobre las diferentes especies marinas que habitan las costas de Chile, sobre la acidificaci\u00f3n de los oc\u00e9anos, la influencia de la luna sobre las mareas, la cadena tr\u00f3fica, las corrientes marinas, entre otros contenidos.<\/p>\n<p>La encargada regional del \u00e1lbum y bi\u00f3loga marina, Constanza Jim\u00e9nez efectu\u00f3 un positivo balance de la participaci\u00f3n de los colegios magall\u00e1nicos en esta actividad. \u201cLa idea de esta visita, es que los estudiantes pudieran conozcan m\u00e1s sobre su comuna. Ellos, adem\u00e1s, por medio de este \u00e1lbum pudieron aprender sobre los diferentes fen\u00f3menos adem\u00e1s de las especies marinas existentes en cada zona, entonces el \u00e1lbum fue una forma muy entretenida de poder acercar estos conocimientos, raz\u00f3n por la cual participaron m\u00e1s de 1.500 ni\u00f1os de la Regi\u00f3n, lo que demuestra lo importante que fue, entonces esperamos que para el pr\u00f3ximo a\u00f1o se sumen m\u00e1s colegios y m\u00e1s profesores quieran trabajar con el \u00e1lbum Explora. Nosotros como equipo PAR, les entregamos todas las herramientas para que puedan realizar las actividades\u201d, destac\u00f3.<\/p>\n<p>Adem\u00e1s de la excursi\u00f3n de estos escolares, este viernes 24 se llevar\u00e1 a cabo la visita de los ganadores de la Provincia de \u00daltima Esperanza al Parque Nacional Torres del Paine, ellos son el 5\u00b0 b\u00e1sico de la Escuela Coronel Santiago Bueras de Puerto Natales y el Multigrado de la Escuela Ram\u00f3n Serrano de Cerro Castillo. &nbsp;<\/p>\n<p>En tanto, el d\u00eda mi\u00e9rcoles 29, se realizar\u00e1 la visita del 3\u00b0 b\u00e1sico A de la Escuela Libertador General Bernardo O\u2019Higgins Riquelme de Porvenir a la Reserva Nacional Magallanes.<\/p>\n<p>Por \u00faltimo, los estudiantes del 3\u00b0 b\u00e1sico A del Liceo Donald Mc Intyre Griffiths efectuar\u00e1n una visita al Parque Etnobot\u00e1nico Omora en fecha a\u00fan por confirmar.<\/p>\n","protected":false},"excerpt":{"rendered":"<p>Una entretenida excursi\u00f3n a una de las aulas naturales m\u00e1s importantes de nuestra regi\u00f3n, realizaron 22 estudiantes del 2\u00b0 b\u00e1sico A del Colegio Cruz del Sur. Muy temprano por la ma\u00f1ana, los estudiantes, sus profesora jefe y parte del equipo PAR Explora de CONICYT Magallanes se trasladaron hasta las dependencias de la Reserva Nacional Magallanes [&hellip;]<\/p>\n","protected":false},"author":2,"featured_media":842,"comment_status":"open","ping_status":"open","sticky":false,"template":"","format":"standard","meta":{"_acf_changed":false,"_exactmetrics_skip_tracking":false,"_exactmetrics_sitenote_active":false,"_exactmetrics_sitenote_note":"","_exactmetrics_sitenote_category":0,"footnotes":"","_links_to":"","_links_to_target":""},"categories":[4],"tags":[],"class_list":["post-841","post","type-post","status-publish","format-standard","has-post-thumbnail","hentry","category-noticias"],"acf":[],"yoast_head":"<!-- This site is optimized with the Yoast SEO plugin v26.7 - https:\/\/yoast.com\/wordpress\/plugins\/seo\/ -->\n<title>Ganadores del \u00c1lbum Explora \u201cUn gran viaje por el oc\u00e9ano\u201d de Punta Arenas visitaron la Reserva Nacional Magallanes - Magallanes<\/title>\n<meta name=\"robots\" content=\"index, follow, max-snippet:-1, max-image-preview:large, max-video-preview:-1\" \/>\n<link rel=\"canonical\" href=\"https:\/\/dev.explora.cl\/magallanes\/ganadores-del-album-explora-un-gran-viaje-por-el-oceano-de-punta-arenas-visitaron-la-reserva-nacional-magallanes\/\" class=\"yoast-seo-meta-tag\" \/>\n<meta property=\"og:locale\" content=\"es_ES\" class=\"yoast-seo-meta-tag\" \/>\n<meta property=\"og:type\" content=\"article\" class=\"yoast-seo-meta-tag\" \/>\n<meta property=\"og:title\" content=\"Ganadores del \u00c1lbum Explora \u201cUn gran viaje por el oc\u00e9ano\u201d de Punta Arenas visitaron la Reserva Nacional Magallanes - Magallanes\" class=\"yoast-seo-meta-tag\" \/>\n<meta property=\"og:description\" content=\"Una entretenida excursi\u00f3n a una de las aulas naturales m\u00e1s importantes de nuestra regi\u00f3n, realizaron 22 estudiantes del 2\u00b0 b\u00e1sico A del Colegio Cruz del Sur. Muy temprano por la ma\u00f1ana, los estudiantes, sus profesora jefe y parte del equipo PAR Explora de CONICYT Magallanes se trasladaron hasta las dependencias de la Reserva Nacional Magallanes [&hellip;]\" class=\"yoast-seo-meta-tag\" \/>\n<meta property=\"og:url\" content=\"https:\/\/dev.explora.cl\/magallanes\/ganadores-del-album-explora-un-gran-viaje-por-el-oceano-de-punta-arenas-visitaron-la-reserva-nacional-magallanes\/\" class=\"yoast-seo-meta-tag\" \/>\n<meta property=\"og:site_name\" content=\"Magallanes\" class=\"yoast-seo-meta-tag\" \/>\n<meta property=\"article:published_time\" content=\"2017-11-23T04:00:00+00:00\" class=\"yoast-seo-meta-tag\" \/>\n<meta property=\"article:modified_time\" content=\"2019-05-20T21:34:53+00:00\" class=\"yoast-seo-meta-tag\" \/>\n<meta property=\"og:image\" content=\"https:\/\/dev.explora.cl\/magallanes\/wp-content\/uploads\/sites\/19\/2018\/06\/Grupal_Cruz_del_Sur-min.jpg\" class=\"yoast-seo-meta-tag\" \/>\n\t<meta property=\"og:image:width\" content=\"2048\" class=\"yoast-seo-meta-tag\" \/>\n\t<meta property=\"og:image:height\" content=\"1365\" class=\"yoast-seo-meta-tag\" \/>\n\t<meta property=\"og:image:type\" content=\"image\/jpeg\" class=\"yoast-seo-meta-tag\" \/>\n<meta name=\"author\" content=\"webman\" class=\"yoast-seo-meta-tag\" \/>\n<meta name=\"twitter:card\" content=\"summary_large_image\" class=\"yoast-seo-meta-tag\" \/>\n<meta name=\"twitter:label1\" content=\"Escrito por\" class=\"yoast-seo-meta-tag\" \/>\n\t<meta name=\"twitter:data1\" content=\"webman\" class=\"yoast-seo-meta-tag\" \/>\n\t<meta name=\"twitter:label2\" content=\"Tiempo estimado de lectura\" class=\"yoast-seo-meta-tag\" \/>\n\t<meta name=\"twitter:data2\" content=\"4 minutos\" class=\"yoast-seo-meta-tag\" \/>\n<script type=\"application\/ld+json\" class=\"yoast-schema-graph\">{\"@context\":\"https:\/\/schema.org\",\"@graph\":[{\"@type\":\"Article\",\"@id\":\"https:\/\/dev.explora.cl\/magallanes\/ganadores-del-album-explora-un-gran-viaje-por-el-oceano-de-punta-arenas-visitaron-la-reserva-nacional-magallanes\/#article\",\"isPartOf\":{\"@id\":\"https:\/\/dev.explora.cl\/magallanes\/ganadores-del-album-explora-un-gran-viaje-por-el-oceano-de-punta-arenas-visitaron-la-reserva-nacional-magallanes\/\"},\"author\":{\"name\":\"webman\",\"@id\":\"https:\/\/dev.explora.cl\/magallanes\/#\/schema\/person\/cb8349c13ea2d324080adf8480d7ba5d\"},\"headline\":\"Ganadores del \u00c1lbum Explora \u201cUn gran viaje por el oc\u00e9ano\u201d de Punta Arenas visitaron la Reserva Nacional Magallanes\",\"datePublished\":\"2017-11-23T04:00:00+00:00\",\"dateModified\":\"2019-05-20T21:34:53+00:00\",\"mainEntityOfPage\":{\"@id\":\"https:\/\/dev.explora.cl\/magallanes\/ganadores-del-album-explora-un-gran-viaje-por-el-oceano-de-punta-arenas-visitaron-la-reserva-nacional-magallanes\/\"},\"wordCount\":779,\"commentCount\":0,\"publisher\":{\"@id\":\"https:\/\/dev.explora.cl\/magallanes\/#organization\"},\"image\":{\"@id\":\"https:\/\/dev.explora.cl\/magallanes\/ganadores-del-album-explora-un-gran-viaje-por-el-oceano-de-punta-arenas-visitaron-la-reserva-nacional-magallanes\/#primaryimage\"},\"thumbnailUrl\":\"https:\/\/dev.explora.cl\/magallanes\/wp-content\/uploads\/sites\/19\/2018\/06\/Grupal_Cruz_del_Sur-min.jpg\",\"articleSection\":[\"Noticias\"],\"inLanguage\":\"es-CL\",\"potentialAction\":[{\"@type\":\"CommentAction\",\"name\":\"Comment\",\"target\":[\"https:\/\/dev.explora.cl\/magallanes\/ganadores-del-album-explora-un-gran-viaje-por-el-oceano-de-punta-arenas-visitaron-la-reserva-nacional-magallanes\/#respond\"]}]},{\"@type\":\"WebPage\",\"@id\":\"https:\/\/dev.explora.cl\/magallanes\/ganadores-del-album-explora-un-gran-viaje-por-el-oceano-de-punta-arenas-visitaron-la-reserva-nacional-magallanes\/\",\"url\":\"https:\/\/dev.explora.cl\/magallanes\/ganadores-del-album-explora-un-gran-viaje-por-el-oceano-de-punta-arenas-visitaron-la-reserva-nacional-magallanes\/\",\"name\":\"Ganadores del \u00c1lbum Explora \u201cUn gran viaje por el oc\u00e9ano\u201d de Punta Arenas visitaron la Reserva Nacional Magallanes - Magallanes\",\"isPartOf\":{\"@id\":\"https:\/\/dev.explora.cl\/magallanes\/#website\"},\"primaryImageOfPage\":{\"@id\":\"https:\/\/dev.explora.cl\/magallanes\/ganadores-del-album-explora-un-gran-viaje-por-el-oceano-de-punta-arenas-visitaron-la-reserva-nacional-magallanes\/#primaryimage\"},\"image\":{\"@id\":\"https:\/\/dev.explora.cl\/magallanes\/ganadores-del-album-explora-un-gran-viaje-por-el-oceano-de-punta-arenas-visitaron-la-reserva-nacional-magallanes\/#primaryimage\"},\"thumbnailUrl\":\"https:\/\/dev.explora.cl\/magallanes\/wp-content\/uploads\/sites\/19\/2018\/06\/Grupal_Cruz_del_Sur-min.jpg\",\"datePublished\":\"2017-11-23T04:00:00+00:00\",\"dateModified\":\"2019-05-20T21:34:53+00:00\",\"breadcrumb\":{\"@id\":\"https:\/\/dev.explora.cl\/magallanes\/ganadores-del-album-explora-un-gran-viaje-por-el-oceano-de-punta-arenas-visitaron-la-reserva-nacional-magallanes\/#breadcrumb\"},\"inLanguage\":\"es-CL\",\"potentialAction\":[{\"@type\":\"ReadAction\",\"target\":[\"https:\/\/dev.explora.cl\/magallanes\/ganadores-del-album-explora-un-gran-viaje-por-el-oceano-de-punta-arenas-visitaron-la-reserva-nacional-magallanes\/\"]}]},{\"@type\":\"ImageObject\",\"inLanguage\":\"es-CL\",\"@id\":\"https:\/\/dev.explora.cl\/magallanes\/ganadores-del-album-explora-un-gran-viaje-por-el-oceano-de-punta-arenas-visitaron-la-reserva-nacional-magallanes\/#primaryimage\",\"url\":\"https:\/\/dev.explora.cl\/magallanes\/wp-content\/uploads\/sites\/19\/2018\/06\/Grupal_Cruz_del_Sur-min.jpg\",\"contentUrl\":\"https:\/\/dev.explora.cl\/magallanes\/wp-content\/uploads\/sites\/19\/2018\/06\/Grupal_Cruz_del_Sur-min.jpg\",\"width\":2048,\"height\":1365},{\"@type\":\"BreadcrumbList\",\"@id\":\"https:\/\/dev.explora.cl\/magallanes\/ganadores-del-album-explora-un-gran-viaje-por-el-oceano-de-punta-arenas-visitaron-la-reserva-nacional-magallanes\/#breadcrumb\",\"itemListElement\":[{\"@type\":\"ListItem\",\"position\":1,\"name\":\"Portada\",\"item\":\"https:\/\/dev.explora.cl\/magallanes\/\"},{\"@type\":\"ListItem\",\"position\":2,\"name\":\"Ganadores del \u00c1lbum Explora \u201cUn gran viaje por el oc\u00e9ano\u201d de Punta Arenas visitaron la Reserva Nacional Magallanes\"}]},{\"@type\":\"WebSite\",\"@id\":\"https:\/\/dev.explora.cl\/magallanes\/#website\",\"url\":\"https:\/\/dev.explora.cl\/magallanes\/\",\"name\":\"Magallanes\",\"description\":\"Otro sitio m\u00e1s de dev.explora.cl\",\"publisher\":{\"@id\":\"https:\/\/dev.explora.cl\/magallanes\/#organization\"},\"potentialAction\":[{\"@type\":\"SearchAction\",\"target\":{\"@type\":\"EntryPoint\",\"urlTemplate\":\"https:\/\/dev.explora.cl\/magallanes\/?s={search_term_string}\"},\"query-input\":{\"@type\":\"PropertyValueSpecification\",\"valueRequired\":true,\"valueName\":\"search_term_string\"}}],\"inLanguage\":\"es-CL\"},{\"@type\":\"Organization\",\"@id\":\"https:\/\/dev.explora.cl\/magallanes\/#organization\",\"name\":\"Magallanes\",\"url\":\"https:\/\/dev.explora.cl\/magallanes\/\",\"logo\":{\"@type\":\"ImageObject\",\"inLanguage\":\"es-CL\",\"@id\":\"https:\/\/dev.explora.cl\/magallanes\/#\/schema\/logo\/image\/\",\"url\":\"https:\/\/dev.explora.cl\/magallanes\/wp-content\/uploads\/sites\/19\/2021\/06\/cropped-ICONO-COLOR-2.jpg\",\"contentUrl\":\"https:\/\/dev.explora.cl\/magallanes\/wp-content\/uploads\/sites\/19\/2021\/06\/cropped-ICONO-COLOR-2.jpg\",\"width\":1181,\"height\":1181,\"caption\":\"Magallanes\"},\"image\":{\"@id\":\"https:\/\/dev.explora.cl\/magallanes\/#\/schema\/logo\/image\/\"}},{\"@type\":\"Person\",\"@id\":\"https:\/\/dev.explora.cl\/magallanes\/#\/schema\/person\/cb8349c13ea2d324080adf8480d7ba5d\",\"name\":\"webman\",\"image\":{\"@type\":\"ImageObject\",\"inLanguage\":\"es-CL\",\"@id\":\"https:\/\/dev.explora.cl\/magallanes\/#\/schema\/person\/image\/\",\"url\":\"https:\/\/secure.gravatar.com\/avatar\/eeff3c82f2c02f7177d13663b7e6f890e9a6a0647ce9bb29cae02dcb094c7312?s=96&d=mm&r=g\",\"contentUrl\":\"https:\/\/secure.gravatar.com\/avatar\/eeff3c82f2c02f7177d13663b7e6f890e9a6a0647ce9bb29cae02dcb094c7312?s=96&d=mm&r=g\",\"caption\":\"webman\"},\"url\":\"https:\/\/dev.explora.cl\/magallanes\/author\/webman\/\"}]}<\/script>\n<!-- \/ Yoast SEO plugin. -->","yoast_head_json":{"title":"Ganadores del \u00c1lbum Explora \u201cUn gran viaje por el oc\u00e9ano\u201d de Punta Arenas visitaron la Reserva Nacional Magallanes - Magallanes","robots":{"index":"index","follow":"follow","max-snippet":"max-snippet:-1","max-image-preview":"max-image-preview:large","max-video-preview":"max-video-preview:-1"},"canonical":"https:\/\/dev.explora.cl\/magallanes\/ganadores-del-album-explora-un-gran-viaje-por-el-oceano-de-punta-arenas-visitaron-la-reserva-nacional-magallanes\/","og_locale":"es_ES","og_type":"article","og_title":"Ganadores del \u00c1lbum Explora \u201cUn gran viaje por el oc\u00e9ano\u201d de Punta Arenas visitaron la Reserva Nacional Magallanes - Magallanes","og_description":"Una entretenida excursi\u00f3n a una de las aulas naturales m\u00e1s importantes de nuestra regi\u00f3n, realizaron 22 estudiantes del 2\u00b0 b\u00e1sico A del Colegio Cruz del Sur. Muy temprano por la ma\u00f1ana, los estudiantes, sus profesora jefe y parte del equipo PAR Explora de CONICYT Magallanes se trasladaron hasta las dependencias de la Reserva Nacional Magallanes [&hellip;]","og_url":"https:\/\/dev.explora.cl\/magallanes\/ganadores-del-album-explora-un-gran-viaje-por-el-oceano-de-punta-arenas-visitaron-la-reserva-nacional-magallanes\/","og_site_name":"Magallanes","article_published_time":"2017-11-23T04:00:00+00:00","article_modified_time":"2019-05-20T21:34:53+00:00","og_image":[{"width":2048,"height":1365,"url":"https:\/\/dev.explora.cl\/magallanes\/wp-content\/uploads\/sites\/19\/2018\/06\/Grupal_Cruz_del_Sur-min.jpg","type":"image\/jpeg"}],"author":"webman","twitter_card":"summary_large_image","twitter_misc":{"Escrito por":"webman","Tiempo estimado de lectura":"4 minutos"},"schema":{"@context":"https:\/\/schema.org","@graph":[{"@type":"Article","@id":"https:\/\/dev.explora.cl\/magallanes\/ganadores-del-album-explora-un-gran-viaje-por-el-oceano-de-punta-arenas-visitaron-la-reserva-nacional-magallanes\/#article","isPartOf":{"@id":"https:\/\/dev.explora.cl\/magallanes\/ganadores-del-album-explora-un-gran-viaje-por-el-oceano-de-punta-arenas-visitaron-la-reserva-nacional-magallanes\/"},"author":{"name":"webman","@id":"https:\/\/dev.explora.cl\/magallanes\/#\/schema\/person\/cb8349c13ea2d324080adf8480d7ba5d"},"headline":"Ganadores del \u00c1lbum Explora \u201cUn gran viaje por el oc\u00e9ano\u201d de Punta Arenas visitaron la Reserva Nacional Magallanes","datePublished":"2017-11-23T04:00:00+00:00","dateModified":"2019-05-20T21:34:53+00:00","mainEntityOfPage":{"@id":"https:\/\/dev.explora.cl\/magallanes\/ganadores-del-album-explora-un-gran-viaje-por-el-oceano-de-punta-arenas-visitaron-la-reserva-nacional-magallanes\/"},"wordCount":779,"commentCount":0,"publisher":{"@id":"https:\/\/dev.explora.cl\/magallanes\/#organization"},"image":{"@id":"https:\/\/dev.explora.cl\/magallanes\/ganadores-del-album-explora-un-gran-viaje-por-el-oceano-de-punta-arenas-visitaron-la-reserva-nacional-magallanes\/#primaryimage"},"thumbnailUrl":"https:\/\/dev.explora.cl\/magallanes\/wp-content\/uploads\/sites\/19\/2018\/06\/Grupal_Cruz_del_Sur-min.jpg","articleSection":["Noticias"],"inLanguage":"es-CL","potentialAction":[{"@type":"CommentAction","name":"Comment","target":["https:\/\/dev.explora.cl\/magallanes\/ganadores-del-album-explora-un-gran-viaje-por-el-oceano-de-punta-arenas-visitaron-la-reserva-nacional-magallanes\/#respond"]}]},{"@type":"WebPage","@id":"https:\/\/dev.explora.cl\/magallanes\/ganadores-del-album-explora-un-gran-viaje-por-el-oceano-de-punta-arenas-visitaron-la-reserva-nacional-magallanes\/","url":"https:\/\/dev.explora.cl\/magallanes\/ganadores-del-album-explora-un-gran-viaje-por-el-oceano-de-punta-arenas-visitaron-la-reserva-nacional-magallanes\/","name":"Ganadores del \u00c1lbum Explora \u201cUn gran viaje por el oc\u00e9ano\u201d de Punta Arenas visitaron la Reserva Nacional Magallanes - Magallanes","isPartOf":{"@id":"https:\/\/dev.explora.cl\/magallanes\/#website"},"primaryImageOfPage":{"@id":"https:\/\/dev.explora.cl\/magallanes\/ganadores-del-album-explora-un-gran-viaje-por-el-oceano-de-punta-arenas-visitaron-la-reserva-nacional-magallanes\/#primaryimage"},"image":{"@id":"https:\/\/dev.explora.cl\/magallanes\/ganadores-del-album-explora-un-gran-viaje-por-el-oceano-de-punta-arenas-visitaron-la-reserva-nacional-magallanes\/#primaryimage"},"thumbnailUrl":"https:\/\/dev.explora.cl\/magallanes\/wp-content\/uploads\/sites\/19\/2018\/06\/Grupal_Cruz_del_Sur-min.jpg","datePublished":"2017-11-23T04:00:00+00:00","dateModified":"2019-05-20T21:34:53+00:00","breadcrumb":{"@id":"https:\/\/dev.explora.cl\/magallanes\/ganadores-del-album-explora-un-gran-viaje-por-el-oceano-de-punta-arenas-visitaron-la-reserva-nacional-magallanes\/#breadcrumb"},"inLanguage":"es-CL","potentialAction":[{"@type":"ReadAction","target":["https:\/\/dev.explora.cl\/magallanes\/ganadores-del-album-explora-un-gran-viaje-por-el-oceano-de-punta-arenas-visitaron-la-reserva-nacional-magallanes\/"]}]},{"@type":"ImageObject","inLanguage":"es-CL","@id":"https:\/\/dev.explora.cl\/magallanes\/ganadores-del-album-explora-un-gran-viaje-por-el-oceano-de-punta-arenas-visitaron-la-reserva-nacional-magallanes\/#primaryimage","url":"https:\/\/dev.explora.cl\/magallanes\/wp-content\/uploads\/sites\/19\/2018\/06\/Grupal_Cruz_del_Sur-min.jpg","contentUrl":"https:\/\/dev.explora.cl\/magallanes\/wp-content\/uploads\/sites\/19\/2018\/06\/Grupal_Cruz_del_Sur-min.jpg","width":2048,"height":1365},{"@type":"BreadcrumbList","@id":"https:\/\/dev.explora.cl\/magallanes\/ganadores-del-album-explora-un-gran-viaje-por-el-oceano-de-punta-arenas-visitaron-la-reserva-nacional-magallanes\/#breadcrumb","itemListElement":[{"@type":"ListItem","position":1,"name":"Portada","item":"https:\/\/dev.explora.cl\/magallanes\/"},{"@type":"ListItem","position":2,"name":"Ganadores del \u00c1lbum Explora \u201cUn gran viaje por el oc\u00e9ano\u201d de Punta Arenas visitaron la Reserva Nacional Magallanes"}]},{"@type":"WebSite","@id":"https:\/\/dev.explora.cl\/magallanes\/#website","url":"https:\/\/dev.explora.cl\/magallanes\/","name":"Magallanes","description":"Otro sitio m\u00e1s de dev.explora.cl","publisher":{"@id":"https:\/\/dev.explora.cl\/magallanes\/#organization"},"potentialAction":[{"@type":"SearchAction","target":{"@type":"EntryPoint","urlTemplate":"https:\/\/dev.explora.cl\/magallanes\/?s={search_term_string}"},"query-input":{"@type":"PropertyValueSpecification","valueRequired":true,"valueName":"search_term_string"}}],"inLanguage":"es-CL"},{"@type":"Organization","@id":"https:\/\/dev.explora.cl\/magallanes\/#organization","name":"Magallanes","url":"https:\/\/dev.explora.cl\/magallanes\/","logo":{"@type":"ImageObject","inLanguage":"es-CL","@id":"https:\/\/dev.explora.cl\/magallanes\/#\/schema\/logo\/image\/","url":"https:\/\/dev.explora.cl\/magallanes\/wp-content\/uploads\/sites\/19\/2021\/06\/cropped-ICONO-COLOR-2.jpg","contentUrl":"https:\/\/dev.explora.cl\/magallanes\/wp-content\/uploads\/sites\/19\/2021\/06\/cropped-ICONO-COLOR-2.jpg","width":1181,"height":1181,"caption":"Magallanes"},"image":{"@id":"https:\/\/dev.explora.cl\/magallanes\/#\/schema\/logo\/image\/"}},{"@type":"Person","@id":"https:\/\/dev.explora.cl\/magallanes\/#\/schema\/person\/cb8349c13ea2d324080adf8480d7ba5d","name":"webman","image":{"@type":"ImageObject","inLanguage":"es-CL","@id":"https:\/\/dev.explora.cl\/magallanes\/#\/schema\/person\/image\/","url":"https:\/\/secure.gravatar.com\/avatar\/eeff3c82f2c02f7177d13663b7e6f890e9a6a0647ce9bb29cae02dcb094c7312?s=96&d=mm&r=g","contentUrl":"https:\/\/secure.gravatar.com\/avatar\/eeff3c82f2c02f7177d13663b7e6f890e9a6a0647ce9bb29cae02dcb094c7312?s=96&d=mm&r=g","caption":"webman"},"url":"https:\/\/dev.explora.cl\/magallanes\/author\/webman\/"}]}},"_links":{"self":[{"href":"https:\/\/dev.explora.cl\/magallanes\/wp-json\/wp\/v2\/posts\/841","targetHints":{"allow":["GET"]}}],"collection":[{"href":"https:\/\/dev.explora.cl\/magallanes\/wp-json\/wp\/v2\/posts"}],"about":[{"href":"https:\/\/dev.explora.cl\/magallanes\/wp-json\/wp\/v2\/types\/post"}],"author":[{"embeddable":true,"href":"https:\/\/dev.explora.cl\/magallanes\/wp-json\/wp\/v2\/users\/2"}],"replies":[{"embeddable":true,"href":"https:\/\/dev.explora.cl\/magallanes\/wp-json\/wp\/v2\/comments?post=841"}],"version-history":[{"count":1,"href":"https:\/\/dev.explora.cl\/magallanes\/wp-json\/wp\/v2\/posts\/841\/revisions"}],"predecessor-version":[{"id":37636,"href":"https:\/\/dev.explora.cl\/magallanes\/wp-json\/wp\/v2\/posts\/841\/revisions\/37636"}],"wp:featuredmedia":[{"embeddable":true,"href":"https:\/\/dev.explora.cl\/magallanes\/wp-json\/wp\/v2\/media\/842"}],"wp:attachment":[{"href":"https:\/\/dev.explora.cl\/magallanes\/wp-json\/wp\/v2\/media?parent=841"}],"wp:term":[{"taxonomy":"category","embeddable":true,"href":"https:\/\/dev.explora.cl\/magallanes\/wp-json\/wp\/v2\/categories?post=841"},{"taxonomy":"post_tag","embeddable":true,"href":"https:\/\/dev.explora.cl\/magallanes\/wp-json\/wp\/v2\/tags?post=841"}],"curies":[{"name":"wp","href":"https:\/\/api.w.org\/{rel}","templated":true}]}}