{"id":839,"date":"2017-11-21T00:00:00","date_gmt":"2017-11-21T04:00:00","guid":{"rendered":"https:\/\/dev.explora.cl\/magallanes\/blog\/2017\/11\/21\/conoce-los-talleres-disponibles-para-el-campamento-cientifico-escolar-2018\/"},"modified":"2019-05-20T21:34:54","modified_gmt":"2019-05-20T21:34:54","slug":"conoce-los-talleres-disponibles-para-el-campamento-cientifico-escolar-2018","status":"publish","type":"post","link":"https:\/\/dev.explora.cl\/magallanes\/conoce-los-talleres-disponibles-para-el-campamento-cientifico-escolar-2018\/","title":{"rendered":"Conoce los talleres disponibles para el Campamento Cient\u00edfico Escolar 2018"},"content":{"rendered":"<p>Uno de los eventos del verano m\u00e1s esperados por ni\u00f1os y j\u00f3venes est\u00e1 a pocas semanas de comenzar, nos referimos al Campamento Cient\u00edfico Escolar que es organizado por el Proyecto Asociativo Regional (PAR) Explora de CONICYT Magallanes y de la Ant\u00e1rtica Chilena de la Universidad de Magallanes.<\/p>\n<p>Gran evento que cada a\u00f1o congrega a cerca de 500 escolares de la regi\u00f3n en torno a la investigaci\u00f3n cient\u00edfica y tecnol\u00f3gica. En esta oportunidad, se dispone de un total de 21 talleres, en tem\u00e1ticas tan diversas como: geolog\u00eda, observaci\u00f3n de aves, juegos matem\u00e1ticos, ingenier\u00eda, f\u00edsica, biodiversidad, biolog\u00eda marina, qu\u00edmica, entre otras.<\/p>\n<p>Es por ello, que se invita a participar a estudiantes que tengan entre 5 y 17 a\u00f1os de edad a inscribirse en diferentes talleres que incluyen entre otras actividades, salidas a terreno y experiencias en laboratorios.<\/p>\n<p>Es importante destacar, que el Campamento Cient\u00edfico Escolar, se desarrollar\u00e1 entre el d\u00eda martes 2 al s\u00e1bado 6 de enero entre las 09 y las 18 horas en la Universidad de Magallanes, para lo cual se incluye almuerzo y colaciones para los participantes.<\/p>\n<p>Los valores de los talleres van de los $8.000 pesos para los escolares que provengan de establecimientos municipales y $18.000 para los de colegios particulares subvencionados y particulares pagados.<\/p>\n<p>Para m\u00e1s informaci\u00f3n pueden escribir al correo electr\u00f3nico: <a href=\"mailto:campamentoescolarexplora@gmail.com\">campamentoescolarexplora@gmail.com<\/a>, llamar al: 612207074 o visitar la p\u00e1gina web: dev.explora.cl\/magallanes<\/p>\n<p>A continuaci\u00f3n, les dejamos la n\u00f3mina de talleres disponibles, para los que podr\u00e1n inscribirse a contar del d\u00eda viernes 01 de diciembre.<\/p>\n<table>\n<tbody>\n<tr>\n<td style=\"width: 29px\">\n<p><strong>N\u00b0<\/strong><\/p>\n<\/td>\n<td style=\"width: 192px\">\n<p><strong>Nombre Taller<\/strong><\/p>\n<\/td>\n<td style=\"width: 122px\">\n<p><strong>Jefe de Taller<\/strong><\/p>\n<\/td>\n<td style=\"width: 259px\">\n<p><strong>Descripci\u00f3n<\/strong><\/p>\n<\/td>\n<td style=\"width: 52px\">\n<p><strong>Edad<\/strong><\/p>\n<\/td>\n<td style=\"width: 53px\">\n<p><strong>Cupos<\/strong><\/p>\n<\/td>\n<\/tr>\n<tr>\n<td style=\"width: 29px\">\n<p>1<\/p>\n<\/td>\n<td style=\"width: 192px\">\n<p>Pajareando por Magallanes<\/p>\n<\/td>\n<td style=\"width: 122px\">\n<p>Jessica Paredes<\/p>\n<\/td>\n<td style=\"width: 259px\">\n<p>Tiene como objetivo ense\u00f1ar a los estudiantes los grupos de aves que se encuentran en diferentes h\u00e1bitats en la&nbsp; regi\u00f3n de Magallanes, a trav\u00e9s de actividades did\u00e1cticas y pr\u00e1cticas, que ser\u00e1n reforzadas con la experiencia obtenida en salidas a terreno. &nbsp;Esto permitir\u00e1 poner en valor el patrimonio natural de la regi\u00f3n representado, en este caso, por las aves.<\/p>\n<\/td>\n<td style=\"width: 52px\">\n<p>7-11<\/p>\n<\/td>\n<td style=\"width: 53px\">\n<p>20<\/p>\n<\/td>\n<\/tr>\n<tr>\n<td style=\"width: 29px\">\n<p>2<\/p>\n<\/td>\n<td style=\"width: 192px\">\n<p>F\u00edsica en la vida cotidiana<\/p>\n<\/td>\n<td style=\"width: 122px\">\n<p>Sabina Venegas<\/p>\n<\/td>\n<td style=\"width: 259px\">\n<p>El taller busca despertar el inter\u00e9s por la ciencia y sus distintas aplicaciones, desde una mirada proactiva y diversa, abarcando \u00e1reas de la F\u00edsica. Los participantes del taller deber\u00e1n construir distintos objetos f\u00edsicos, logrando entender su funcionamiento de forma pr\u00e1ctica y te\u00f3rica a partir de la formulaci\u00f3n de preguntas y b\u00fasqueda de respuestas por medio de la experimentaci\u00f3n y de este modo contribuir a la formaci\u00f3n de un ser humano independiente y creativo en el \u00e1mbito cient\u00edfico.<\/p>\n<\/td>\n<td style=\"width: 52px\">\n<p>12-14<\/p>\n<\/td>\n<td style=\"width: 53px\">\n<p>24<\/p>\n<\/td>\n<\/tr>\n<tr>\n<td style=\"width: 29px\">\n<p>3<\/p>\n<\/td>\n<td style=\"width: 192px\">\n<p>Bichitos Bajo la Lupa<\/p>\n<\/td>\n<td style=\"width: 122px\">\n<p>Cecilia Montenegro<\/p>\n<\/td>\n<td style=\"width: 259px\">\n<p>Los estudiantes reconocen el ambiente en el que viven los invertebrados de la turbera usando como herramienta una lupa y desarrollando como habilidad principal para la investigaci\u00f3n el trabajo en equipo.<\/p>\n<\/td>\n<td style=\"width: 52px\">\n<p>9-11<\/p>\n<\/td>\n<td style=\"width: 53px\">\n<p>20<\/p>\n<\/td>\n<\/tr>\n<tr>\n<td style=\"width: 29px\">\n<p>4<\/p>\n<\/td>\n<td style=\"width: 192px\">\n<p>Inventos Fascinantes<\/p>\n<\/td>\n<td style=\"width: 122px\">\n<p>Sebasti\u00e1n Gallardo<\/p>\n<\/td>\n<td style=\"width: 259px\">\n<p>El taller buscar\u00e1 ense\u00f1ar al participante los principios b\u00e1sicos de algunos desarrollos tecnol\u00f3gicos que a lo largo de la historia han significado un cambio en la industria y en la calidad de vida de personas y como se refleja en la actualidad, tanto en escala industrial 5como a nivel dom\u00e9stico, por medio de la entrega de conocimientos de ciencias y la aplicaci\u00f3n de los mismos a un nivel escala.<\/p>\n<\/td>\n<td style=\"width: 52px\">\n<p>12-15<\/p>\n<\/td>\n<td style=\"width: 53px\">\n<p>30<\/p>\n<\/td>\n<\/tr>\n<tr>\n<td style=\"width: 29px\">\n<p>5<\/p>\n<\/td>\n<td style=\"width: 192px\">\n<p>H2Oceanos.<\/p>\n<\/td>\n<td style=\"width: 122px\">\n<p>Mat\u00edas \u00c1lvarez<\/p>\n<\/td>\n<td style=\"width: 259px\">\n<p>La idea es que el estudiante aprenda de las incidencias del ser humano en la contaminaci\u00f3n del sistema marino.<\/p>\n<p>Reconociendo conceptos te\u00f3ricos y realizando experiencias de laboratorio con las cuales se busca el poder comprobar o descartar la presencia de agentes contaminantes en las aguas del estrecho de Magallanes, reconociendo las posibles fuentes emisoras de contaminaci\u00f3n y plante\u00e1ndole un desaf\u00edo para poder ser una agente de cambio.<\/p>\n<p>Todo esto enmarcado en un contexto de din\u00e1micas que presentan una serie de desaf\u00edos entre los distintos equipos.<\/p>\n<\/td>\n<td style=\"width: 52px\">\n<p>13-17<\/p>\n<\/td>\n<td style=\"width: 53px\">\n<p>25<\/p>\n<\/td>\n<\/tr>\n<tr>\n<td style=\"width: 29px\">\n<p>6<\/p>\n<\/td>\n<td style=\"width: 192px\">\n<p>Peque\u00f1os Exploradores<\/p>\n<\/td>\n<td style=\"width: 122px\">\n<p>Macarena Oyarz\u00fan<\/p>\n<\/td>\n<td style=\"width: 259px\">\n<p>El Taller Peque\u00f1os Exploradores busca promover e incentivar en los ni\u00f1os\/as el gusto por indagar diferentes acontecimientos o fen\u00f3menos que se desarrollen en su entorno a trav\u00e9s de experimentos e investigaciones sencillas y adem\u00e1s desarrollar diferentes habilidades y actitudes cient\u00edficas.<\/p>\n<\/td>\n<td style=\"width: 52px\">\n<p>5-7<\/p>\n<\/td>\n<td style=\"width: 53px\">\n<p>40<\/p>\n<\/td>\n<\/tr>\n<tr>\n<td style=\"width: 29px\">\n<p>7<\/p>\n<\/td>\n<td style=\"width: 192px\">\n<p>Transmisi\u00f3n en la red (streaming) con Rasperry Pi<\/p>\n<\/td>\n<td style=\"width: 122px\">\n<p>Alejandra P\u00e9rez<\/p>\n<\/td>\n<td style=\"width: 259px\">\n<p><em>La transmisi\u00f3n en la red (streaming media), utilizando tecnolog\u00edas libres, nos permiten realizar experiencias de radio y comunicaci\u00f3n interactiva en internet. El taller es una forma de conocer el mini computador Raspberry Pi a trav\u00e9s de experiencias colectivas de transmisi\u00f3n en la red.<\/em><\/p>\n<\/td>\n<td style=\"width: 52px\">\n<p>12-15<\/p>\n<\/td>\n<td style=\"width: 53px\">\n<p>15<\/p>\n<\/td>\n<\/tr>\n<tr>\n<td style=\"width: 29px\">\n<p>8<\/p>\n<\/td>\n<td style=\"width: 192px\">\n<p>Vicociencia<\/p>\n<\/td>\n<td style=\"width: 122px\">\n<p>Ricardo Guineo<\/p>\n<\/td>\n<td style=\"width: 259px\">\n<p>Resoluci\u00f3n de problemas cotidianos desde una mirada cient\u00edfica. El zorrito culpeo Vico, mascota del PAR EXPLORA Magallanes, nos acompa\u00f1ar\u00e1 a descubrir el mundo que nos rodea, a trav\u00e9s de la Biolog\u00eda, Qu\u00edmica, F\u00edsica y Ciencias de la Tierra. A trav\u00e9s de estas actividades, se da hincapi\u00e9 en que las ciencias pueden ser divertidas, asombrosas y entretenidas, y que la complejidad de las respuestas depende de la complejidad de las preguntas.<\/p>\n<\/td>\n<td style=\"width: 52px\">\n<p>10-17<\/p>\n<\/td>\n<td style=\"width: 53px\">\n<p>30<\/p>\n<\/td>\n<\/tr>\n<tr>\n<td style=\"width: 29px\">\n<p>9<\/p>\n<\/td>\n<td style=\"width: 192px\">\n<p>Bajo la Ola\u2026 Intervenci\u00f3n Urbana<\/p>\n<\/td>\n<td style=\"width: 122px\">\n<p>Nicol\u00e1s Cofr\u00e9<\/p>\n<\/td>\n<td style=\"width: 259px\">\n<p>El Taller se enfocara en esta versi\u00f3n, en difundir la ciencia de una forma diferente y llamativa, espec\u00edficamente del \u00e1rea marina, realizando una intervenci\u00f3n urbana.<\/p>\n<p>Aprender acerca de flora y fauna marina caracter\u00edstica de la regi\u00f3n, y de su cuidado.\n<\/p>\n<\/td>\n<td style=\"width: 52px\">\n<p>10-14<\/p>\n<\/td>\n<td style=\"width: 53px\">\n<p>30<\/p>\n<\/td>\n<\/tr>\n<tr>\n<td style=\"width: 29px\">\n<p>10<\/p>\n<\/td>\n<td style=\"width: 192px\">\n<p>Jugando con las matem\u00e1ticas<\/p>\n<\/td>\n<td style=\"width: 122px\">\n<p>Solange Etcheverry<\/p>\n<\/td>\n<td style=\"width: 259px\">\n<p>Psicomotricidad y juegos individuales y colectivos para el desarrollo de habilidades asociadas al aprendizaje de las matem\u00e1ticas y la resoluci\u00f3n de problemas.<\/p>\n<p>Los estudiantes se separar\u00e1n en grupos por edades realizando actividades acordes a las mismas. Alternar\u00e1n juegos y actividades en sala con el gimnasio y el aire libre<\/p>\n<\/td>\n<td style=\"width: 52px\">\n<p>5-6<\/p>\n<\/td>\n<td style=\"width: 53px\">\n<p>30<\/p>\n<\/td>\n<\/tr>\n<tr>\n<td style=\"width: 29px\">\n<p>11<\/p>\n<\/td>\n<td style=\"width: 192px\">\n<p>Explorines<\/p>\n<\/td>\n<td style=\"width: 122px\">\n<p>Silvia Benavides<\/p>\n<\/td>\n<td style=\"width: 259px\">\n<p>Promover el acercamiento a los diferentes \u00e1mbitos de la ciencia a trav\u00e9s de actividades l\u00fadicas, permitiendo desarrollar habilidades y actitudes cient\u00edficas en los participantes.<\/p>\n<\/td>\n<td style=\"width: 52px\">\n<p>5-7<\/p>\n<\/td>\n<td style=\"width: 53px\">\n<p>40<\/p>\n<\/td>\n<\/tr>\n<tr>\n<td style=\"width: 29px\">\n<p>12<\/p>\n<\/td>\n<td style=\"width: 192px\">\n<p>Microcazadores de Luz<\/p>\n<\/td>\n<td style=\"width: 122px\">\n<p>Gloria S\u00e1nchez<\/p>\n<\/td>\n<td style=\"width: 259px\">\n<p>Los participantes del taller podr\u00e1n conocer varios grupos de microalgas, sus caracter\u00edsticas y formas de vida, as\u00ed como su diversidad e importancia para los ecosistemas y para el hombre. Se usaran equipos de diversa sofisticaci\u00f3n; adem\u00e1s, visitaremos laboratorios y haremos salidas a terreno, en busca de estos min\u00fasculos organismos. Se realizar\u00e1 un viaje que nos llevar\u00e1 a conocer estos habitantes de la Patagonia chilena&nbsp; hasta las fr\u00edas tierras Ant\u00e1rticas.<\/p>\n<\/td>\n<td style=\"width: 52px\">\n<p>8-12<\/p>\n<\/td>\n<td style=\"width: 53px\">\n<p>25<\/p>\n<\/td>\n<\/tr>\n<tr>\n<td style=\"width: 29px\">\n<p>13<\/p>\n<\/td>\n<td style=\"width: 192px\">\n<p>Jard\u00edn Marino<\/p>\n<\/td>\n<td style=\"width: 122px\">\n<p>Romina L\u00f3pez<\/p>\n<\/td>\n<td style=\"width: 259px\">\n<p>Los ni\u00f1os(as) podr\u00e1n conocer acerca de las macroalgas del borde costero de Magallanes (chlorophytas, rodophytas y phaeophytas), colectando ellos mismos el material para luego identificarlo en laboratorio y realizar sus propios algarios, aparte de conocer la importancia para la cadena tr\u00f3fica y sus diversos usos.<\/p>\n<\/td>\n<td style=\"width: 52px\">\n<p>7-9<\/p>\n<\/td>\n<td style=\"width: 53px\">\n<p>15<\/p>\n<\/td>\n<\/tr>\n<tr>\n<td style=\"width: 29px\">\n<p>14<\/p>\n<\/td>\n<td style=\"width: 192px\">\n<p>Teatro Cient\u00edfico<\/p>\n<\/td>\n<td style=\"width: 122px\">\n<p>Andrea Pereda<\/p>\n<\/td>\n<td style=\"width: 259px\">\n<p>Busca entregar herramientas de desarrollo creativo, social y expresivo mediante la importancia del v\u00ednculo grupal, el juego l\u00fadico, la improvisaci\u00f3n teatral y el respeto mutuo.<\/p>\n<p>Es a trav\u00e9s de esta t\u00e9cnica de trabajo que se logra potenciar las habilidades art\u00edsticas de los estudiantes, convirti\u00e9ndolas en resultados tangibles: Un montaje teatral que ense\u00f1a sobre tem\u00e1ticas cient\u00edficas y medioambientales.<\/p>\n<\/td>\n<td style=\"width: 52px\">\n<p>8-16<\/p>\n<\/td>\n<td style=\"width: 53px\">\n<p>30<\/p>\n<\/td>\n<\/tr>\n<tr>\n<td style=\"width: 29px\">\n<p>15<\/p>\n<\/td>\n<td style=\"width: 192px\">\n<p>La Fascinaci\u00f3n por las plantas<\/p>\n<\/td>\n<td style=\"width: 122px\">\n<p>Claudia Salinas<\/p>\n<\/td>\n<td style=\"width: 259px\">\n<p>El taller busca que los participantes conozcan el mundo de las plantas a trav\u00e9s de la observaci\u00f3n, diferenciaci\u00f3n morfol\u00f3gica, usos en la vida cotidiana, beneficios a la salud, diversidad regional y su conservaci\u00f3n. Reconociendo la importancia de las plantas en el ecosistema y en la vida del planeta.<\/p>\n<\/td>\n<td style=\"width: 52px\">\n<p>14-17<\/p>\n<\/td>\n<td style=\"width: 53px\">\n<p>25<\/p>\n<\/td>\n<\/tr>\n<tr>\n<td style=\"width: 29px\">\n<p>16<\/p>\n<\/td>\n<td style=\"width: 192px\">\n<p>Ant\u00e1rtica al L\u00edmite<\/p>\n<\/td>\n<td style=\"width: 122px\">\n<p>Katherine Barr\u00eda<\/p>\n<\/td>\n<td style=\"width: 259px\">\n<p>El taller se enfoca en que los estudiantes de b\u00e1sica (1er ciclo) aprendan y conozcan el continente ant\u00e1rtico, el cual tiene mucho que ofrecer en \u00e1mbito cient\u00edfico y tecnol\u00f3gico. Junto con materiales did\u00e1cticos y elementos reutilizables los estudiantes aprendan de manera l\u00fadica y manual la importancia de la Ant\u00e1rtica con el resto del mundo y como nuestra ciudad Punta Arenas, es una entrada para este continente<\/p>\n<\/td>\n<td style=\"width: 52px\">\n<p>7-9<\/p>\n<\/td>\n<td style=\"width: 53px\">\n<p>40<\/p>\n<\/td>\n<\/tr>\n<tr>\n<td style=\"width: 29px\">\n<p>17<\/p>\n<\/td>\n<td style=\"width: 192px\">\n<p>Geolog\u00eda que nos rodea<\/p>\n<\/td>\n<td style=\"width: 122px\">\n<p>Alejandro P\u00e9rez<\/p>\n<\/td>\n<td style=\"width: 259px\">\n<p>Entender la evoluci\u00f3n del planeta y apreciar el tiempo geol\u00f3gico. Se realizar\u00e1n excursiones para observar a escala natural los fen\u00f3menos geol\u00f3gicos.<\/p>\n<\/td>\n<td style=\"width: 52px\">\n<p>10-15<\/p>\n<\/td>\n<td style=\"width: 53px\">\n<p>30<\/p>\n<\/td>\n<\/tr>\n<tr>\n<td style=\"width: 29px\">\n<p>18<\/p>\n<\/td>\n<td style=\"width: 192px\">\n<p>Artereciklarte<\/p>\n<\/td>\n<td style=\"width: 122px\">\n<p>Jessica Carrasco<\/p>\n<\/td>\n<td style=\"width: 259px\">\n<p>El taller consiste en la realizaci\u00f3n de obras de arte y manualidades, con distintas t\u00e9cnicas art\u00edsticas y utilizando para ello diversos elementos de la naturaleza y materiales factibles de ser utilizados para este prop\u00f3sito.<\/p>\n<\/td>\n<td style=\"width: 52px\">\n<p>5-6<\/p>\n<\/td>\n<td style=\"width: 53px\">\n<p>20<\/p>\n<\/td>\n<\/tr>\n<tr>\n<td style=\"width: 29px\">\n<p>19<\/p>\n<\/td>\n<td style=\"width: 192px\">\n<p>F\u00e1rmacos en la Naturaleza<\/p>\n<\/td>\n<td style=\"width: 122px\">\n<p>Juan Andrades<\/p>\n<\/td>\n<td style=\"width: 259px\">\n<p>A lo largo de la historia el hombre ha tratado de curar las enfermedades utilizando diferentes plantas, esto cimento las bases de la farmacolog\u00eda. En el taller los estudiantes podr\u00e1n aprender c\u00f3mo tratar y extraer compuestos qu\u00edmicos desde diferentes plantas, tambi\u00e9n aprender\u00e1n como realizar ensayos para probarlos como f\u00e1rmacos antibacterianos.<\/p>\n<\/td>\n<td style=\"width: 52px\">\n<p>13-17<\/p>\n<\/td>\n<td style=\"width: 53px\">\n<p>30<\/p>\n<\/td>\n<\/tr>\n<tr>\n<td style=\"width: 29px\">\n<p>20<\/p>\n<\/td>\n<td style=\"width: 192px\">\n<p>Explora Noticias<\/p>\n<\/td>\n<td style=\"width: 122px\">\n<p>Camila Buvinic<\/p>\n<\/td>\n<td style=\"width: 259px\">\n<p>El Taller Explora Noticias, centra su propuesta en el estudio y pr\u00e1ctica de los distintos g\u00e9neros y formatos que atraviesa el periodismo, permitiendo que los j\u00f3venes reporteros obtengan herramientas b\u00e1sicas sobre c\u00f3mo comunicar ciencia a trav\u00e9s de las distintas plataformas.<\/p>\n<\/td>\n<td style=\"width: 52px\">\n<p>12-16<\/p>\n<\/td>\n<td style=\"width: 53px\">\n<p>25<\/p>\n<\/td>\n<\/tr>\n<tr>\n<td style=\"width: 29px\">\n<p>21<\/p>\n<\/td>\n<td style=\"width: 192px\">\n<p>Detectives de la Ciencia<\/p>\n<\/td>\n<td style=\"width: 122px\">\n<p>Hilda Carrera<\/p>\n<\/td>\n<td style=\"width: 259px\">\n<p>A trav\u00e9s de una serie de actividades de observaci\u00f3n, toma de muestras y pistas que conducen a desarrollar paso a paso el modelo cient\u00edfico de indagaci\u00f3n, haciendo aplicaci\u00f3n del m\u00e9todo cient\u00edfico en la resoluci\u00f3n de problemas.<\/p>\n<\/td>\n<td style=\"width: 52px\">\n<p>10-13<\/p>\n<\/td>\n<td style=\"width: 53px\">\n<p>20<\/p>\n<\/td>\n<\/tr>\n<\/tbody>\n<\/table>\n","protected":false},"excerpt":{"rendered":"<p>Uno de los eventos del verano m\u00e1s esperados por ni\u00f1os y j\u00f3venes est\u00e1 a pocas semanas de comenzar, nos referimos al Campamento Cient\u00edfico Escolar que es organizado por el Proyecto Asociativo Regional (PAR) Explora de CONICYT Magallanes y de la Ant\u00e1rtica Chilena de la Universidad de Magallanes. Gran evento que cada a\u00f1o congrega a cerca [&hellip;]<\/p>\n","protected":false},"author":2,"featured_media":840,"comment_status":"open","ping_status":"open","sticky":false,"template":"","format":"standard","meta":{"_acf_changed":false,"_exactmetrics_skip_tracking":false,"_exactmetrics_sitenote_active":false,"_exactmetrics_sitenote_note":"","_exactmetrics_sitenote_category":0,"footnotes":"","_links_to":"","_links_to_target":""},"categories":[4],"tags":[],"class_list":["post-839","post","type-post","status-publish","format-standard","has-post-thumbnail","hentry","category-noticias"],"acf":[],"yoast_head":"<!-- This site is optimized with the Yoast SEO plugin v26.7 - https:\/\/yoast.com\/wordpress\/plugins\/seo\/ -->\n<title>Conoce los talleres disponibles para el Campamento Cient\u00edfico Escolar 2018 - Magallanes<\/title>\n<meta name=\"robots\" content=\"index, follow, max-snippet:-1, max-image-preview:large, max-video-preview:-1\" \/>\n<link rel=\"canonical\" href=\"https:\/\/dev.explora.cl\/magallanes\/conoce-los-talleres-disponibles-para-el-campamento-cientifico-escolar-2018\/\" class=\"yoast-seo-meta-tag\" \/>\n<meta property=\"og:locale\" content=\"es_ES\" class=\"yoast-seo-meta-tag\" \/>\n<meta property=\"og:type\" content=\"article\" class=\"yoast-seo-meta-tag\" \/>\n<meta property=\"og:title\" content=\"Conoce los talleres disponibles para el Campamento Cient\u00edfico Escolar 2018 - Magallanes\" class=\"yoast-seo-meta-tag\" \/>\n<meta property=\"og:description\" content=\"Uno de los eventos del verano m\u00e1s esperados por ni\u00f1os y j\u00f3venes est\u00e1 a pocas semanas de comenzar, nos referimos al Campamento Cient\u00edfico Escolar que es organizado por el Proyecto Asociativo Regional (PAR) Explora de CONICYT Magallanes y de la Ant\u00e1rtica Chilena de la Universidad de Magallanes. Gran evento que cada a\u00f1o congrega a cerca [&hellip;]\" class=\"yoast-seo-meta-tag\" \/>\n<meta property=\"og:url\" content=\"https:\/\/dev.explora.cl\/magallanes\/conoce-los-talleres-disponibles-para-el-campamento-cientifico-escolar-2018\/\" class=\"yoast-seo-meta-tag\" \/>\n<meta property=\"og:site_name\" content=\"Magallanes\" class=\"yoast-seo-meta-tag\" \/>\n<meta property=\"article:published_time\" content=\"2017-11-21T04:00:00+00:00\" class=\"yoast-seo-meta-tag\" \/>\n<meta property=\"article:modified_time\" content=\"2019-05-20T21:34:54+00:00\" class=\"yoast-seo-meta-tag\" \/>\n<meta property=\"og:image\" content=\"https:\/\/dev.explora.cl\/magallanes\/wp-content\/uploads\/sites\/19\/2018\/06\/Banner_facebook_campamento-min.jpg\" class=\"yoast-seo-meta-tag\" \/>\n\t<meta property=\"og:image:width\" content=\"2048\" class=\"yoast-seo-meta-tag\" \/>\n\t<meta property=\"og:image:height\" content=\"758\" class=\"yoast-seo-meta-tag\" \/>\n\t<meta property=\"og:image:type\" content=\"image\/jpeg\" class=\"yoast-seo-meta-tag\" \/>\n<meta name=\"author\" content=\"webman\" class=\"yoast-seo-meta-tag\" \/>\n<meta name=\"twitter:card\" content=\"summary_large_image\" class=\"yoast-seo-meta-tag\" \/>\n<meta name=\"twitter:label1\" content=\"Escrito por\" class=\"yoast-seo-meta-tag\" \/>\n\t<meta name=\"twitter:data1\" content=\"webman\" class=\"yoast-seo-meta-tag\" \/>\n\t<meta name=\"twitter:label2\" content=\"Tiempo estimado de lectura\" class=\"yoast-seo-meta-tag\" \/>\n\t<meta name=\"twitter:data2\" content=\"8 minutos\" class=\"yoast-seo-meta-tag\" \/>\n<script type=\"application\/ld+json\" class=\"yoast-schema-graph\">{\"@context\":\"https:\/\/schema.org\",\"@graph\":[{\"@type\":\"Article\",\"@id\":\"https:\/\/dev.explora.cl\/magallanes\/conoce-los-talleres-disponibles-para-el-campamento-cientifico-escolar-2018\/#article\",\"isPartOf\":{\"@id\":\"https:\/\/dev.explora.cl\/magallanes\/conoce-los-talleres-disponibles-para-el-campamento-cientifico-escolar-2018\/\"},\"author\":{\"name\":\"webman\",\"@id\":\"https:\/\/dev.explora.cl\/magallanes\/#\/schema\/person\/cb8349c13ea2d324080adf8480d7ba5d\"},\"headline\":\"Conoce los talleres disponibles para el Campamento Cient\u00edfico Escolar 2018\",\"datePublished\":\"2017-11-21T04:00:00+00:00\",\"dateModified\":\"2019-05-20T21:34:54+00:00\",\"mainEntityOfPage\":{\"@id\":\"https:\/\/dev.explora.cl\/magallanes\/conoce-los-talleres-disponibles-para-el-campamento-cientifico-escolar-2018\/\"},\"wordCount\":1623,\"commentCount\":0,\"publisher\":{\"@id\":\"https:\/\/dev.explora.cl\/magallanes\/#organization\"},\"image\":{\"@id\":\"https:\/\/dev.explora.cl\/magallanes\/conoce-los-talleres-disponibles-para-el-campamento-cientifico-escolar-2018\/#primaryimage\"},\"thumbnailUrl\":\"https:\/\/dev.explora.cl\/magallanes\/wp-content\/uploads\/sites\/19\/2018\/06\/Banner_facebook_campamento-min.jpg\",\"articleSection\":[\"Noticias\"],\"inLanguage\":\"es-CL\",\"potentialAction\":[{\"@type\":\"CommentAction\",\"name\":\"Comment\",\"target\":[\"https:\/\/dev.explora.cl\/magallanes\/conoce-los-talleres-disponibles-para-el-campamento-cientifico-escolar-2018\/#respond\"]}]},{\"@type\":\"WebPage\",\"@id\":\"https:\/\/dev.explora.cl\/magallanes\/conoce-los-talleres-disponibles-para-el-campamento-cientifico-escolar-2018\/\",\"url\":\"https:\/\/dev.explora.cl\/magallanes\/conoce-los-talleres-disponibles-para-el-campamento-cientifico-escolar-2018\/\",\"name\":\"Conoce los talleres disponibles para el Campamento Cient\u00edfico Escolar 2018 - Magallanes\",\"isPartOf\":{\"@id\":\"https:\/\/dev.explora.cl\/magallanes\/#website\"},\"primaryImageOfPage\":{\"@id\":\"https:\/\/dev.explora.cl\/magallanes\/conoce-los-talleres-disponibles-para-el-campamento-cientifico-escolar-2018\/#primaryimage\"},\"image\":{\"@id\":\"https:\/\/dev.explora.cl\/magallanes\/conoce-los-talleres-disponibles-para-el-campamento-cientifico-escolar-2018\/#primaryimage\"},\"thumbnailUrl\":\"https:\/\/dev.explora.cl\/magallanes\/wp-content\/uploads\/sites\/19\/2018\/06\/Banner_facebook_campamento-min.jpg\",\"datePublished\":\"2017-11-21T04:00:00+00:00\",\"dateModified\":\"2019-05-20T21:34:54+00:00\",\"breadcrumb\":{\"@id\":\"https:\/\/dev.explora.cl\/magallanes\/conoce-los-talleres-disponibles-para-el-campamento-cientifico-escolar-2018\/#breadcrumb\"},\"inLanguage\":\"es-CL\",\"potentialAction\":[{\"@type\":\"ReadAction\",\"target\":[\"https:\/\/dev.explora.cl\/magallanes\/conoce-los-talleres-disponibles-para-el-campamento-cientifico-escolar-2018\/\"]}]},{\"@type\":\"ImageObject\",\"inLanguage\":\"es-CL\",\"@id\":\"https:\/\/dev.explora.cl\/magallanes\/conoce-los-talleres-disponibles-para-el-campamento-cientifico-escolar-2018\/#primaryimage\",\"url\":\"https:\/\/dev.explora.cl\/magallanes\/wp-content\/uploads\/sites\/19\/2018\/06\/Banner_facebook_campamento-min.jpg\",\"contentUrl\":\"https:\/\/dev.explora.cl\/magallanes\/wp-content\/uploads\/sites\/19\/2018\/06\/Banner_facebook_campamento-min.jpg\",\"width\":2048,\"height\":758},{\"@type\":\"BreadcrumbList\",\"@id\":\"https:\/\/dev.explora.cl\/magallanes\/conoce-los-talleres-disponibles-para-el-campamento-cientifico-escolar-2018\/#breadcrumb\",\"itemListElement\":[{\"@type\":\"ListItem\",\"position\":1,\"name\":\"Portada\",\"item\":\"https:\/\/dev.explora.cl\/magallanes\/\"},{\"@type\":\"ListItem\",\"position\":2,\"name\":\"Conoce los talleres disponibles para el Campamento Cient\u00edfico Escolar 2018\"}]},{\"@type\":\"WebSite\",\"@id\":\"https:\/\/dev.explora.cl\/magallanes\/#website\",\"url\":\"https:\/\/dev.explora.cl\/magallanes\/\",\"name\":\"Magallanes\",\"description\":\"Otro sitio m\u00e1s de dev.explora.cl\",\"publisher\":{\"@id\":\"https:\/\/dev.explora.cl\/magallanes\/#organization\"},\"potentialAction\":[{\"@type\":\"SearchAction\",\"target\":{\"@type\":\"EntryPoint\",\"urlTemplate\":\"https:\/\/dev.explora.cl\/magallanes\/?s={search_term_string}\"},\"query-input\":{\"@type\":\"PropertyValueSpecification\",\"valueRequired\":true,\"valueName\":\"search_term_string\"}}],\"inLanguage\":\"es-CL\"},{\"@type\":\"Organization\",\"@id\":\"https:\/\/dev.explora.cl\/magallanes\/#organization\",\"name\":\"Magallanes\",\"url\":\"https:\/\/dev.explora.cl\/magallanes\/\",\"logo\":{\"@type\":\"ImageObject\",\"inLanguage\":\"es-CL\",\"@id\":\"https:\/\/dev.explora.cl\/magallanes\/#\/schema\/logo\/image\/\",\"url\":\"https:\/\/dev.explora.cl\/magallanes\/wp-content\/uploads\/sites\/19\/2021\/06\/cropped-ICONO-COLOR-2.jpg\",\"contentUrl\":\"https:\/\/dev.explora.cl\/magallanes\/wp-content\/uploads\/sites\/19\/2021\/06\/cropped-ICONO-COLOR-2.jpg\",\"width\":1181,\"height\":1181,\"caption\":\"Magallanes\"},\"image\":{\"@id\":\"https:\/\/dev.explora.cl\/magallanes\/#\/schema\/logo\/image\/\"}},{\"@type\":\"Person\",\"@id\":\"https:\/\/dev.explora.cl\/magallanes\/#\/schema\/person\/cb8349c13ea2d324080adf8480d7ba5d\",\"name\":\"webman\",\"image\":{\"@type\":\"ImageObject\",\"inLanguage\":\"es-CL\",\"@id\":\"https:\/\/dev.explora.cl\/magallanes\/#\/schema\/person\/image\/\",\"url\":\"https:\/\/secure.gravatar.com\/avatar\/eeff3c82f2c02f7177d13663b7e6f890e9a6a0647ce9bb29cae02dcb094c7312?s=96&d=mm&r=g\",\"contentUrl\":\"https:\/\/secure.gravatar.com\/avatar\/eeff3c82f2c02f7177d13663b7e6f890e9a6a0647ce9bb29cae02dcb094c7312?s=96&d=mm&r=g\",\"caption\":\"webman\"},\"url\":\"https:\/\/dev.explora.cl\/magallanes\/author\/webman\/\"}]}<\/script>\n<!-- \/ Yoast SEO plugin. -->","yoast_head_json":{"title":"Conoce los talleres disponibles para el Campamento Cient\u00edfico Escolar 2018 - Magallanes","robots":{"index":"index","follow":"follow","max-snippet":"max-snippet:-1","max-image-preview":"max-image-preview:large","max-video-preview":"max-video-preview:-1"},"canonical":"https:\/\/dev.explora.cl\/magallanes\/conoce-los-talleres-disponibles-para-el-campamento-cientifico-escolar-2018\/","og_locale":"es_ES","og_type":"article","og_title":"Conoce los talleres disponibles para el Campamento Cient\u00edfico Escolar 2018 - Magallanes","og_description":"Uno de los eventos del verano m\u00e1s esperados por ni\u00f1os y j\u00f3venes est\u00e1 a pocas semanas de comenzar, nos referimos al Campamento Cient\u00edfico Escolar que es organizado por el Proyecto Asociativo Regional (PAR) Explora de CONICYT Magallanes y de la Ant\u00e1rtica Chilena de la Universidad de Magallanes. Gran evento que cada a\u00f1o congrega a cerca [&hellip;]","og_url":"https:\/\/dev.explora.cl\/magallanes\/conoce-los-talleres-disponibles-para-el-campamento-cientifico-escolar-2018\/","og_site_name":"Magallanes","article_published_time":"2017-11-21T04:00:00+00:00","article_modified_time":"2019-05-20T21:34:54+00:00","og_image":[{"width":2048,"height":758,"url":"https:\/\/dev.explora.cl\/magallanes\/wp-content\/uploads\/sites\/19\/2018\/06\/Banner_facebook_campamento-min.jpg","type":"image\/jpeg"}],"author":"webman","twitter_card":"summary_large_image","twitter_misc":{"Escrito por":"webman","Tiempo estimado de lectura":"8 minutos"},"schema":{"@context":"https:\/\/schema.org","@graph":[{"@type":"Article","@id":"https:\/\/dev.explora.cl\/magallanes\/conoce-los-talleres-disponibles-para-el-campamento-cientifico-escolar-2018\/#article","isPartOf":{"@id":"https:\/\/dev.explora.cl\/magallanes\/conoce-los-talleres-disponibles-para-el-campamento-cientifico-escolar-2018\/"},"author":{"name":"webman","@id":"https:\/\/dev.explora.cl\/magallanes\/#\/schema\/person\/cb8349c13ea2d324080adf8480d7ba5d"},"headline":"Conoce los talleres disponibles para el Campamento Cient\u00edfico Escolar 2018","datePublished":"2017-11-21T04:00:00+00:00","dateModified":"2019-05-20T21:34:54+00:00","mainEntityOfPage":{"@id":"https:\/\/dev.explora.cl\/magallanes\/conoce-los-talleres-disponibles-para-el-campamento-cientifico-escolar-2018\/"},"wordCount":1623,"commentCount":0,"publisher":{"@id":"https:\/\/dev.explora.cl\/magallanes\/#organization"},"image":{"@id":"https:\/\/dev.explora.cl\/magallanes\/conoce-los-talleres-disponibles-para-el-campamento-cientifico-escolar-2018\/#primaryimage"},"thumbnailUrl":"https:\/\/dev.explora.cl\/magallanes\/wp-content\/uploads\/sites\/19\/2018\/06\/Banner_facebook_campamento-min.jpg","articleSection":["Noticias"],"inLanguage":"es-CL","potentialAction":[{"@type":"CommentAction","name":"Comment","target":["https:\/\/dev.explora.cl\/magallanes\/conoce-los-talleres-disponibles-para-el-campamento-cientifico-escolar-2018\/#respond"]}]},{"@type":"WebPage","@id":"https:\/\/dev.explora.cl\/magallanes\/conoce-los-talleres-disponibles-para-el-campamento-cientifico-escolar-2018\/","url":"https:\/\/dev.explora.cl\/magallanes\/conoce-los-talleres-disponibles-para-el-campamento-cientifico-escolar-2018\/","name":"Conoce los talleres disponibles para el Campamento Cient\u00edfico Escolar 2018 - Magallanes","isPartOf":{"@id":"https:\/\/dev.explora.cl\/magallanes\/#website"},"primaryImageOfPage":{"@id":"https:\/\/dev.explora.cl\/magallanes\/conoce-los-talleres-disponibles-para-el-campamento-cientifico-escolar-2018\/#primaryimage"},"image":{"@id":"https:\/\/dev.explora.cl\/magallanes\/conoce-los-talleres-disponibles-para-el-campamento-cientifico-escolar-2018\/#primaryimage"},"thumbnailUrl":"https:\/\/dev.explora.cl\/magallanes\/wp-content\/uploads\/sites\/19\/2018\/06\/Banner_facebook_campamento-min.jpg","datePublished":"2017-11-21T04:00:00+00:00","dateModified":"2019-05-20T21:34:54+00:00","breadcrumb":{"@id":"https:\/\/dev.explora.cl\/magallanes\/conoce-los-talleres-disponibles-para-el-campamento-cientifico-escolar-2018\/#breadcrumb"},"inLanguage":"es-CL","potentialAction":[{"@type":"ReadAction","target":["https:\/\/dev.explora.cl\/magallanes\/conoce-los-talleres-disponibles-para-el-campamento-cientifico-escolar-2018\/"]}]},{"@type":"ImageObject","inLanguage":"es-CL","@id":"https:\/\/dev.explora.cl\/magallanes\/conoce-los-talleres-disponibles-para-el-campamento-cientifico-escolar-2018\/#primaryimage","url":"https:\/\/dev.explora.cl\/magallanes\/wp-content\/uploads\/sites\/19\/2018\/06\/Banner_facebook_campamento-min.jpg","contentUrl":"https:\/\/dev.explora.cl\/magallanes\/wp-content\/uploads\/sites\/19\/2018\/06\/Banner_facebook_campamento-min.jpg","width":2048,"height":758},{"@type":"BreadcrumbList","@id":"https:\/\/dev.explora.cl\/magallanes\/conoce-los-talleres-disponibles-para-el-campamento-cientifico-escolar-2018\/#breadcrumb","itemListElement":[{"@type":"ListItem","position":1,"name":"Portada","item":"https:\/\/dev.explora.cl\/magallanes\/"},{"@type":"ListItem","position":2,"name":"Conoce los talleres disponibles para el Campamento Cient\u00edfico Escolar 2018"}]},{"@type":"WebSite","@id":"https:\/\/dev.explora.cl\/magallanes\/#website","url":"https:\/\/dev.explora.cl\/magallanes\/","name":"Magallanes","description":"Otro sitio m\u00e1s de dev.explora.cl","publisher":{"@id":"https:\/\/dev.explora.cl\/magallanes\/#organization"},"potentialAction":[{"@type":"SearchAction","target":{"@type":"EntryPoint","urlTemplate":"https:\/\/dev.explora.cl\/magallanes\/?s={search_term_string}"},"query-input":{"@type":"PropertyValueSpecification","valueRequired":true,"valueName":"search_term_string"}}],"inLanguage":"es-CL"},{"@type":"Organization","@id":"https:\/\/dev.explora.cl\/magallanes\/#organization","name":"Magallanes","url":"https:\/\/dev.explora.cl\/magallanes\/","logo":{"@type":"ImageObject","inLanguage":"es-CL","@id":"https:\/\/dev.explora.cl\/magallanes\/#\/schema\/logo\/image\/","url":"https:\/\/dev.explora.cl\/magallanes\/wp-content\/uploads\/sites\/19\/2021\/06\/cropped-ICONO-COLOR-2.jpg","contentUrl":"https:\/\/dev.explora.cl\/magallanes\/wp-content\/uploads\/sites\/19\/2021\/06\/cropped-ICONO-COLOR-2.jpg","width":1181,"height":1181,"caption":"Magallanes"},"image":{"@id":"https:\/\/dev.explora.cl\/magallanes\/#\/schema\/logo\/image\/"}},{"@type":"Person","@id":"https:\/\/dev.explora.cl\/magallanes\/#\/schema\/person\/cb8349c13ea2d324080adf8480d7ba5d","name":"webman","image":{"@type":"ImageObject","inLanguage":"es-CL","@id":"https:\/\/dev.explora.cl\/magallanes\/#\/schema\/person\/image\/","url":"https:\/\/secure.gravatar.com\/avatar\/eeff3c82f2c02f7177d13663b7e6f890e9a6a0647ce9bb29cae02dcb094c7312?s=96&d=mm&r=g","contentUrl":"https:\/\/secure.gravatar.com\/avatar\/eeff3c82f2c02f7177d13663b7e6f890e9a6a0647ce9bb29cae02dcb094c7312?s=96&d=mm&r=g","caption":"webman"},"url":"https:\/\/dev.explora.cl\/magallanes\/author\/webman\/"}]}},"_links":{"self":[{"href":"https:\/\/dev.explora.cl\/magallanes\/wp-json\/wp\/v2\/posts\/839","targetHints":{"allow":["GET"]}}],"collection":[{"href":"https:\/\/dev.explora.cl\/magallanes\/wp-json\/wp\/v2\/posts"}],"about":[{"href":"https:\/\/dev.explora.cl\/magallanes\/wp-json\/wp\/v2\/types\/post"}],"author":[{"embeddable":true,"href":"https:\/\/dev.explora.cl\/magallanes\/wp-json\/wp\/v2\/users\/2"}],"replies":[{"embeddable":true,"href":"https:\/\/dev.explora.cl\/magallanes\/wp-json\/wp\/v2\/comments?post=839"}],"version-history":[{"count":1,"href":"https:\/\/dev.explora.cl\/magallanes\/wp-json\/wp\/v2\/posts\/839\/revisions"}],"predecessor-version":[{"id":37638,"href":"https:\/\/dev.explora.cl\/magallanes\/wp-json\/wp\/v2\/posts\/839\/revisions\/37638"}],"wp:featuredmedia":[{"embeddable":true,"href":"https:\/\/dev.explora.cl\/magallanes\/wp-json\/wp\/v2\/media\/840"}],"wp:attachment":[{"href":"https:\/\/dev.explora.cl\/magallanes\/wp-json\/wp\/v2\/media?parent=839"}],"wp:term":[{"taxonomy":"category","embeddable":true,"href":"https:\/\/dev.explora.cl\/magallanes\/wp-json\/wp\/v2\/categories?post=839"},{"taxonomy":"post_tag","embeddable":true,"href":"https:\/\/dev.explora.cl\/magallanes\/wp-json\/wp\/v2\/tags?post=839"}],"curies":[{"name":"wp","href":"https:\/\/api.w.org\/{rel}","templated":true}]}}