{"id":837,"date":"2017-11-21T00:00:00","date_gmt":"2017-11-21T04:00:00","guid":{"rendered":"https:\/\/dev.explora.cl\/magallanes\/blog\/2017\/11\/21\/equipo-del-liceo-san-jose-obtiene-primer-lugar-en-final-interregional-de-debates-escolares-en-ciencia-y-tecnologia\/"},"modified":"2019-05-20T21:34:53","modified_gmt":"2019-05-20T21:34:53","slug":"equipo-del-liceo-san-jose-obtiene-primer-lugar-en-final-interregional-de-debates-escolares-en-ciencia-y-tecnologia","status":"publish","type":"post","link":"https:\/\/dev.explora.cl\/magallanes\/equipo-del-liceo-san-jose-obtiene-primer-lugar-en-final-interregional-de-debates-escolares-en-ciencia-y-tecnologia\/","title":{"rendered":"Equipo del Liceo San Jos\u00e9 obtiene primer lugar en Final Interregional de Debates Escolares en Ciencia y Tecnolog\u00eda"},"content":{"rendered":"<p><img loading=\"lazy\" decoding=\"async\" class=\" size-full wp-image-29007\" src=\"http:\/\/ec2-54-245-22-188.us-west-2.compute.amazonaws.com\/wp-content\/uploads\/2017\/11\/debates_explora-min.PNG\" alt=\"debates explora min\" width=\"1201\" height=\"897\" \/><\/p>\n<p>Una enriquecedora experiencia vivieron los estudiantes del Liceo San Jos\u00e9 que viajaron a Iquique para representar a la regi\u00f3n en la Sexta Final Interregional de Debates Escolares en Ciencia y Tecnolog\u00eda. Instancia organizada por el Proyecto Asociativo Regional (PAR) Explora de CONICYT Tarapac\u00e1, y que convoc\u00f3 a representantes de las regiones de Tarapac\u00e1, Metropolitana, Ays\u00e9n y Magallanes, divididos en dos categor\u00edas: bancada investigadora y debatiente.<\/p>\n<p>El equipo investigador que represent\u00f3 a Magallanes estaba compuesto por los estudiantes Felipe Navarro, Felipe Levicoy y Rodrigo N\u00fa\u00f1ez, junto a la docente Katherine Vidal, quienes obtuvieron un cuarto lugar. En tanto, la bancada debatiente integrada por Iv\u00e1n Uribe, Vicente Villagr\u00e1n y Vicente Guti\u00e9rrez, acompa\u00f1ados por su profesora Valeria Gonz\u00e1lez, se adjudicaron el primer lugar de su categor\u00eda.<\/p>\n<p>Una felicidad inmensa, afirman, ya que es un premio a su constancia, a sus extensas horas de estudio, a preparar sus argumentos apoyados en diversos profesionales de su establecimiento y a mejorar sus habilidades en el arte de la oratoria.<\/p>\n<p>\u201cDe verdad que no lo podemos creer, la competencia estaba muy re\u00f1ida, de muy buen nivel, en un momento pensamos que la hab\u00eda ganado el colegio de Ays\u00e9n, en especial, porque nos cost\u00f3 estar en una posici\u00f3n en contra de la educaci\u00f3n c\u00edvica. Estamos muy contentos por el triunfo, ya que trabajamos muy duro para ello\u201d, se\u00f1alan los estudiantes v\u00eda telef\u00f3nica tras haber resultado vencedores del certamen.<\/p>\n<p>En primer t\u00e9rmino les toc\u00f3 debatir sobre si el proyecto minero Dominga debi\u00f3 aprobarse en las condiciones en las que fue presentado, adoptando en esta tem\u00e1tica una postura a favor. Posteriormente, defendieron la postura en contra de que si se llega a incorporar la asignatura de la educaci\u00f3n c\u00edvica al curr\u00edculo aumentar\u00eda el inter\u00e9s de los j\u00f3venes en la pol\u00edtica.&nbsp;<\/p>\n<p>Es importante destacar, que ellos llegaron a esta Final Interregional tras competir en el Primer Torneo de Debates Cient\u00edficos Escolares Maggiorino Borgatello, organizado por el Liceo San Jos\u00e9 y el PAR Explora de CONICYT Magallanes de la Universidad de Magallanes, que cont\u00f3 tambi\u00e9n con el gentil apoyo de la empresa regional Aguas Magallanes.<\/p>\n<p>Dicha instancia, ten\u00eda como objetivo principal, el poder incentivar y fortalecer en los j\u00f3venes las habilidades de pensamiento cr\u00edtico, en el contexto de discusi\u00f3n sobre temas contingentes, relacionados principalmente al \u00e1rea de la Ciencia y la Tecnolog\u00eda. Lo anterior, mediante la elaboraci\u00f3n de discursos argumentativos basados en informaci\u00f3n cient\u00edfica, orientados a la resoluci\u00f3n razonada del problema, as\u00ed como desarrollar habilidades para la resoluci\u00f3n pac\u00edfica de conflictos y formaci\u00f3n de ciudadanos y ciudadanas por la paz.<\/p>\n","protected":false},"excerpt":{"rendered":"<p>Una enriquecedora experiencia vivieron los estudiantes del Liceo San Jos\u00e9 que viajaron a Iquique para representar a la regi\u00f3n en la Sexta Final Interregional de Debates Escolares en Ciencia y Tecnolog\u00eda. Instancia organizada por el Proyecto Asociativo Regional (PAR) Explora de CONICYT Tarapac\u00e1, y que convoc\u00f3 a representantes de las regiones de Tarapac\u00e1, Metropolitana, Ays\u00e9n [&hellip;]<\/p>\n","protected":false},"author":2,"featured_media":838,"comment_status":"open","ping_status":"open","sticky":false,"template":"","format":"standard","meta":{"_acf_changed":false,"_exactmetrics_skip_tracking":false,"_exactmetrics_sitenote_active":false,"_exactmetrics_sitenote_note":"","_exactmetrics_sitenote_category":0,"footnotes":"","_links_to":"","_links_to_target":""},"categories":[4],"tags":[],"class_list":["post-837","post","type-post","status-publish","format-standard","has-post-thumbnail","hentry","category-noticias"],"acf":[],"yoast_head":"<!-- This site is optimized with the Yoast SEO plugin v26.7 - https:\/\/yoast.com\/wordpress\/plugins\/seo\/ -->\n<title>Equipo del Liceo San Jos\u00e9 obtiene primer lugar en Final Interregional de Debates Escolares en Ciencia y Tecnolog\u00eda - Magallanes<\/title>\n<meta name=\"robots\" content=\"index, follow, max-snippet:-1, max-image-preview:large, max-video-preview:-1\" \/>\n<link rel=\"canonical\" href=\"https:\/\/dev.explora.cl\/magallanes\/equipo-del-liceo-san-jose-obtiene-primer-lugar-en-final-interregional-de-debates-escolares-en-ciencia-y-tecnologia\/\" class=\"yoast-seo-meta-tag\" \/>\n<meta property=\"og:locale\" content=\"es_ES\" class=\"yoast-seo-meta-tag\" \/>\n<meta property=\"og:type\" content=\"article\" class=\"yoast-seo-meta-tag\" \/>\n<meta property=\"og:title\" content=\"Equipo del Liceo San Jos\u00e9 obtiene primer lugar en Final Interregional de Debates Escolares en Ciencia y Tecnolog\u00eda - Magallanes\" class=\"yoast-seo-meta-tag\" \/>\n<meta property=\"og:description\" content=\"Una enriquecedora experiencia vivieron los estudiantes del Liceo San Jos\u00e9 que viajaron a Iquique para representar a la regi\u00f3n en la Sexta Final Interregional de Debates Escolares en Ciencia y Tecnolog\u00eda. Instancia organizada por el Proyecto Asociativo Regional (PAR) Explora de CONICYT Tarapac\u00e1, y que convoc\u00f3 a representantes de las regiones de Tarapac\u00e1, Metropolitana, Ays\u00e9n [&hellip;]\" class=\"yoast-seo-meta-tag\" \/>\n<meta property=\"og:url\" content=\"https:\/\/dev.explora.cl\/magallanes\/equipo-del-liceo-san-jose-obtiene-primer-lugar-en-final-interregional-de-debates-escolares-en-ciencia-y-tecnologia\/\" class=\"yoast-seo-meta-tag\" \/>\n<meta property=\"og:site_name\" content=\"Magallanes\" class=\"yoast-seo-meta-tag\" \/>\n<meta property=\"article:published_time\" content=\"2017-11-21T04:00:00+00:00\" class=\"yoast-seo-meta-tag\" \/>\n<meta property=\"article:modified_time\" content=\"2019-05-20T21:34:53+00:00\" class=\"yoast-seo-meta-tag\" \/>\n<meta property=\"og:image\" content=\"https:\/\/dev.explora.cl\/magallanes\/wp-content\/uploads\/sites\/19\/2018\/06\/debates_explora-min.png\" class=\"yoast-seo-meta-tag\" \/>\n\t<meta property=\"og:image:width\" content=\"1201\" class=\"yoast-seo-meta-tag\" \/>\n\t<meta property=\"og:image:height\" content=\"897\" class=\"yoast-seo-meta-tag\" \/>\n\t<meta property=\"og:image:type\" content=\"image\/png\" class=\"yoast-seo-meta-tag\" \/>\n<meta name=\"author\" content=\"webman\" class=\"yoast-seo-meta-tag\" \/>\n<meta name=\"twitter:card\" content=\"summary_large_image\" class=\"yoast-seo-meta-tag\" \/>\n<meta name=\"twitter:label1\" content=\"Escrito por\" class=\"yoast-seo-meta-tag\" \/>\n\t<meta name=\"twitter:data1\" content=\"webman\" class=\"yoast-seo-meta-tag\" \/>\n\t<meta name=\"twitter:label2\" content=\"Tiempo estimado de lectura\" class=\"yoast-seo-meta-tag\" \/>\n\t<meta name=\"twitter:data2\" content=\"2 minutos\" class=\"yoast-seo-meta-tag\" \/>\n<script type=\"application\/ld+json\" class=\"yoast-schema-graph\">{\"@context\":\"https:\/\/schema.org\",\"@graph\":[{\"@type\":\"Article\",\"@id\":\"https:\/\/dev.explora.cl\/magallanes\/equipo-del-liceo-san-jose-obtiene-primer-lugar-en-final-interregional-de-debates-escolares-en-ciencia-y-tecnologia\/#article\",\"isPartOf\":{\"@id\":\"https:\/\/dev.explora.cl\/magallanes\/equipo-del-liceo-san-jose-obtiene-primer-lugar-en-final-interregional-de-debates-escolares-en-ciencia-y-tecnologia\/\"},\"author\":{\"name\":\"webman\",\"@id\":\"https:\/\/dev.explora.cl\/magallanes\/#\/schema\/person\/cb8349c13ea2d324080adf8480d7ba5d\"},\"headline\":\"Equipo del Liceo San Jos\u00e9 obtiene primer lugar en Final Interregional de Debates Escolares en Ciencia y Tecnolog\u00eda\",\"datePublished\":\"2017-11-21T04:00:00+00:00\",\"dateModified\":\"2019-05-20T21:34:53+00:00\",\"mainEntityOfPage\":{\"@id\":\"https:\/\/dev.explora.cl\/magallanes\/equipo-del-liceo-san-jose-obtiene-primer-lugar-en-final-interregional-de-debates-escolares-en-ciencia-y-tecnologia\/\"},\"wordCount\":481,\"commentCount\":0,\"publisher\":{\"@id\":\"https:\/\/dev.explora.cl\/magallanes\/#organization\"},\"image\":{\"@id\":\"https:\/\/dev.explora.cl\/magallanes\/equipo-del-liceo-san-jose-obtiene-primer-lugar-en-final-interregional-de-debates-escolares-en-ciencia-y-tecnologia\/#primaryimage\"},\"thumbnailUrl\":\"https:\/\/dev.explora.cl\/magallanes\/wp-content\/uploads\/sites\/19\/2018\/06\/debates_explora-min.png\",\"articleSection\":[\"Noticias\"],\"inLanguage\":\"es-CL\",\"potentialAction\":[{\"@type\":\"CommentAction\",\"name\":\"Comment\",\"target\":[\"https:\/\/dev.explora.cl\/magallanes\/equipo-del-liceo-san-jose-obtiene-primer-lugar-en-final-interregional-de-debates-escolares-en-ciencia-y-tecnologia\/#respond\"]}]},{\"@type\":\"WebPage\",\"@id\":\"https:\/\/dev.explora.cl\/magallanes\/equipo-del-liceo-san-jose-obtiene-primer-lugar-en-final-interregional-de-debates-escolares-en-ciencia-y-tecnologia\/\",\"url\":\"https:\/\/dev.explora.cl\/magallanes\/equipo-del-liceo-san-jose-obtiene-primer-lugar-en-final-interregional-de-debates-escolares-en-ciencia-y-tecnologia\/\",\"name\":\"Equipo del Liceo San Jos\u00e9 obtiene primer lugar en Final Interregional de Debates Escolares en Ciencia y Tecnolog\u00eda - Magallanes\",\"isPartOf\":{\"@id\":\"https:\/\/dev.explora.cl\/magallanes\/#website\"},\"primaryImageOfPage\":{\"@id\":\"https:\/\/dev.explora.cl\/magallanes\/equipo-del-liceo-san-jose-obtiene-primer-lugar-en-final-interregional-de-debates-escolares-en-ciencia-y-tecnologia\/#primaryimage\"},\"image\":{\"@id\":\"https:\/\/dev.explora.cl\/magallanes\/equipo-del-liceo-san-jose-obtiene-primer-lugar-en-final-interregional-de-debates-escolares-en-ciencia-y-tecnologia\/#primaryimage\"},\"thumbnailUrl\":\"https:\/\/dev.explora.cl\/magallanes\/wp-content\/uploads\/sites\/19\/2018\/06\/debates_explora-min.png\",\"datePublished\":\"2017-11-21T04:00:00+00:00\",\"dateModified\":\"2019-05-20T21:34:53+00:00\",\"breadcrumb\":{\"@id\":\"https:\/\/dev.explora.cl\/magallanes\/equipo-del-liceo-san-jose-obtiene-primer-lugar-en-final-interregional-de-debates-escolares-en-ciencia-y-tecnologia\/#breadcrumb\"},\"inLanguage\":\"es-CL\",\"potentialAction\":[{\"@type\":\"ReadAction\",\"target\":[\"https:\/\/dev.explora.cl\/magallanes\/equipo-del-liceo-san-jose-obtiene-primer-lugar-en-final-interregional-de-debates-escolares-en-ciencia-y-tecnologia\/\"]}]},{\"@type\":\"ImageObject\",\"inLanguage\":\"es-CL\",\"@id\":\"https:\/\/dev.explora.cl\/magallanes\/equipo-del-liceo-san-jose-obtiene-primer-lugar-en-final-interregional-de-debates-escolares-en-ciencia-y-tecnologia\/#primaryimage\",\"url\":\"https:\/\/dev.explora.cl\/magallanes\/wp-content\/uploads\/sites\/19\/2018\/06\/debates_explora-min.png\",\"contentUrl\":\"https:\/\/dev.explora.cl\/magallanes\/wp-content\/uploads\/sites\/19\/2018\/06\/debates_explora-min.png\",\"width\":1201,\"height\":897,\"caption\":\"debates explora min\"},{\"@type\":\"BreadcrumbList\",\"@id\":\"https:\/\/dev.explora.cl\/magallanes\/equipo-del-liceo-san-jose-obtiene-primer-lugar-en-final-interregional-de-debates-escolares-en-ciencia-y-tecnologia\/#breadcrumb\",\"itemListElement\":[{\"@type\":\"ListItem\",\"position\":1,\"name\":\"Portada\",\"item\":\"https:\/\/dev.explora.cl\/magallanes\/\"},{\"@type\":\"ListItem\",\"position\":2,\"name\":\"Equipo del Liceo San Jos\u00e9 obtiene primer lugar en Final Interregional de Debates Escolares en Ciencia y Tecnolog\u00eda\"}]},{\"@type\":\"WebSite\",\"@id\":\"https:\/\/dev.explora.cl\/magallanes\/#website\",\"url\":\"https:\/\/dev.explora.cl\/magallanes\/\",\"name\":\"Magallanes\",\"description\":\"Otro sitio m\u00e1s de dev.explora.cl\",\"publisher\":{\"@id\":\"https:\/\/dev.explora.cl\/magallanes\/#organization\"},\"potentialAction\":[{\"@type\":\"SearchAction\",\"target\":{\"@type\":\"EntryPoint\",\"urlTemplate\":\"https:\/\/dev.explora.cl\/magallanes\/?s={search_term_string}\"},\"query-input\":{\"@type\":\"PropertyValueSpecification\",\"valueRequired\":true,\"valueName\":\"search_term_string\"}}],\"inLanguage\":\"es-CL\"},{\"@type\":\"Organization\",\"@id\":\"https:\/\/dev.explora.cl\/magallanes\/#organization\",\"name\":\"Magallanes\",\"url\":\"https:\/\/dev.explora.cl\/magallanes\/\",\"logo\":{\"@type\":\"ImageObject\",\"inLanguage\":\"es-CL\",\"@id\":\"https:\/\/dev.explora.cl\/magallanes\/#\/schema\/logo\/image\/\",\"url\":\"https:\/\/dev.explora.cl\/magallanes\/wp-content\/uploads\/sites\/19\/2021\/06\/cropped-ICONO-COLOR-2.jpg\",\"contentUrl\":\"https:\/\/dev.explora.cl\/magallanes\/wp-content\/uploads\/sites\/19\/2021\/06\/cropped-ICONO-COLOR-2.jpg\",\"width\":1181,\"height\":1181,\"caption\":\"Magallanes\"},\"image\":{\"@id\":\"https:\/\/dev.explora.cl\/magallanes\/#\/schema\/logo\/image\/\"}},{\"@type\":\"Person\",\"@id\":\"https:\/\/dev.explora.cl\/magallanes\/#\/schema\/person\/cb8349c13ea2d324080adf8480d7ba5d\",\"name\":\"webman\",\"image\":{\"@type\":\"ImageObject\",\"inLanguage\":\"es-CL\",\"@id\":\"https:\/\/dev.explora.cl\/magallanes\/#\/schema\/person\/image\/\",\"url\":\"https:\/\/secure.gravatar.com\/avatar\/eeff3c82f2c02f7177d13663b7e6f890e9a6a0647ce9bb29cae02dcb094c7312?s=96&d=mm&r=g\",\"contentUrl\":\"https:\/\/secure.gravatar.com\/avatar\/eeff3c82f2c02f7177d13663b7e6f890e9a6a0647ce9bb29cae02dcb094c7312?s=96&d=mm&r=g\",\"caption\":\"webman\"},\"url\":\"https:\/\/dev.explora.cl\/magallanes\/author\/webman\/\"}]}<\/script>\n<!-- \/ Yoast SEO plugin. -->","yoast_head_json":{"title":"Equipo del Liceo San Jos\u00e9 obtiene primer lugar en Final Interregional de Debates Escolares en Ciencia y Tecnolog\u00eda - Magallanes","robots":{"index":"index","follow":"follow","max-snippet":"max-snippet:-1","max-image-preview":"max-image-preview:large","max-video-preview":"max-video-preview:-1"},"canonical":"https:\/\/dev.explora.cl\/magallanes\/equipo-del-liceo-san-jose-obtiene-primer-lugar-en-final-interregional-de-debates-escolares-en-ciencia-y-tecnologia\/","og_locale":"es_ES","og_type":"article","og_title":"Equipo del Liceo San Jos\u00e9 obtiene primer lugar en Final Interregional de Debates Escolares en Ciencia y Tecnolog\u00eda - Magallanes","og_description":"Una enriquecedora experiencia vivieron los estudiantes del Liceo San Jos\u00e9 que viajaron a Iquique para representar a la regi\u00f3n en la Sexta Final Interregional de Debates Escolares en Ciencia y Tecnolog\u00eda. Instancia organizada por el Proyecto Asociativo Regional (PAR) Explora de CONICYT Tarapac\u00e1, y que convoc\u00f3 a representantes de las regiones de Tarapac\u00e1, Metropolitana, Ays\u00e9n [&hellip;]","og_url":"https:\/\/dev.explora.cl\/magallanes\/equipo-del-liceo-san-jose-obtiene-primer-lugar-en-final-interregional-de-debates-escolares-en-ciencia-y-tecnologia\/","og_site_name":"Magallanes","article_published_time":"2017-11-21T04:00:00+00:00","article_modified_time":"2019-05-20T21:34:53+00:00","og_image":[{"width":1201,"height":897,"url":"https:\/\/dev.explora.cl\/magallanes\/wp-content\/uploads\/sites\/19\/2018\/06\/debates_explora-min.png","type":"image\/png"}],"author":"webman","twitter_card":"summary_large_image","twitter_misc":{"Escrito por":"webman","Tiempo estimado de lectura":"2 minutos"},"schema":{"@context":"https:\/\/schema.org","@graph":[{"@type":"Article","@id":"https:\/\/dev.explora.cl\/magallanes\/equipo-del-liceo-san-jose-obtiene-primer-lugar-en-final-interregional-de-debates-escolares-en-ciencia-y-tecnologia\/#article","isPartOf":{"@id":"https:\/\/dev.explora.cl\/magallanes\/equipo-del-liceo-san-jose-obtiene-primer-lugar-en-final-interregional-de-debates-escolares-en-ciencia-y-tecnologia\/"},"author":{"name":"webman","@id":"https:\/\/dev.explora.cl\/magallanes\/#\/schema\/person\/cb8349c13ea2d324080adf8480d7ba5d"},"headline":"Equipo del Liceo San Jos\u00e9 obtiene primer lugar en Final Interregional de Debates Escolares en Ciencia y Tecnolog\u00eda","datePublished":"2017-11-21T04:00:00+00:00","dateModified":"2019-05-20T21:34:53+00:00","mainEntityOfPage":{"@id":"https:\/\/dev.explora.cl\/magallanes\/equipo-del-liceo-san-jose-obtiene-primer-lugar-en-final-interregional-de-debates-escolares-en-ciencia-y-tecnologia\/"},"wordCount":481,"commentCount":0,"publisher":{"@id":"https:\/\/dev.explora.cl\/magallanes\/#organization"},"image":{"@id":"https:\/\/dev.explora.cl\/magallanes\/equipo-del-liceo-san-jose-obtiene-primer-lugar-en-final-interregional-de-debates-escolares-en-ciencia-y-tecnologia\/#primaryimage"},"thumbnailUrl":"https:\/\/dev.explora.cl\/magallanes\/wp-content\/uploads\/sites\/19\/2018\/06\/debates_explora-min.png","articleSection":["Noticias"],"inLanguage":"es-CL","potentialAction":[{"@type":"CommentAction","name":"Comment","target":["https:\/\/dev.explora.cl\/magallanes\/equipo-del-liceo-san-jose-obtiene-primer-lugar-en-final-interregional-de-debates-escolares-en-ciencia-y-tecnologia\/#respond"]}]},{"@type":"WebPage","@id":"https:\/\/dev.explora.cl\/magallanes\/equipo-del-liceo-san-jose-obtiene-primer-lugar-en-final-interregional-de-debates-escolares-en-ciencia-y-tecnologia\/","url":"https:\/\/dev.explora.cl\/magallanes\/equipo-del-liceo-san-jose-obtiene-primer-lugar-en-final-interregional-de-debates-escolares-en-ciencia-y-tecnologia\/","name":"Equipo del Liceo San Jos\u00e9 obtiene primer lugar en Final Interregional de Debates Escolares en Ciencia y Tecnolog\u00eda - Magallanes","isPartOf":{"@id":"https:\/\/dev.explora.cl\/magallanes\/#website"},"primaryImageOfPage":{"@id":"https:\/\/dev.explora.cl\/magallanes\/equipo-del-liceo-san-jose-obtiene-primer-lugar-en-final-interregional-de-debates-escolares-en-ciencia-y-tecnologia\/#primaryimage"},"image":{"@id":"https:\/\/dev.explora.cl\/magallanes\/equipo-del-liceo-san-jose-obtiene-primer-lugar-en-final-interregional-de-debates-escolares-en-ciencia-y-tecnologia\/#primaryimage"},"thumbnailUrl":"https:\/\/dev.explora.cl\/magallanes\/wp-content\/uploads\/sites\/19\/2018\/06\/debates_explora-min.png","datePublished":"2017-11-21T04:00:00+00:00","dateModified":"2019-05-20T21:34:53+00:00","breadcrumb":{"@id":"https:\/\/dev.explora.cl\/magallanes\/equipo-del-liceo-san-jose-obtiene-primer-lugar-en-final-interregional-de-debates-escolares-en-ciencia-y-tecnologia\/#breadcrumb"},"inLanguage":"es-CL","potentialAction":[{"@type":"ReadAction","target":["https:\/\/dev.explora.cl\/magallanes\/equipo-del-liceo-san-jose-obtiene-primer-lugar-en-final-interregional-de-debates-escolares-en-ciencia-y-tecnologia\/"]}]},{"@type":"ImageObject","inLanguage":"es-CL","@id":"https:\/\/dev.explora.cl\/magallanes\/equipo-del-liceo-san-jose-obtiene-primer-lugar-en-final-interregional-de-debates-escolares-en-ciencia-y-tecnologia\/#primaryimage","url":"https:\/\/dev.explora.cl\/magallanes\/wp-content\/uploads\/sites\/19\/2018\/06\/debates_explora-min.png","contentUrl":"https:\/\/dev.explora.cl\/magallanes\/wp-content\/uploads\/sites\/19\/2018\/06\/debates_explora-min.png","width":1201,"height":897,"caption":"debates explora min"},{"@type":"BreadcrumbList","@id":"https:\/\/dev.explora.cl\/magallanes\/equipo-del-liceo-san-jose-obtiene-primer-lugar-en-final-interregional-de-debates-escolares-en-ciencia-y-tecnologia\/#breadcrumb","itemListElement":[{"@type":"ListItem","position":1,"name":"Portada","item":"https:\/\/dev.explora.cl\/magallanes\/"},{"@type":"ListItem","position":2,"name":"Equipo del Liceo San Jos\u00e9 obtiene primer lugar en Final Interregional de Debates Escolares en Ciencia y Tecnolog\u00eda"}]},{"@type":"WebSite","@id":"https:\/\/dev.explora.cl\/magallanes\/#website","url":"https:\/\/dev.explora.cl\/magallanes\/","name":"Magallanes","description":"Otro sitio m\u00e1s de dev.explora.cl","publisher":{"@id":"https:\/\/dev.explora.cl\/magallanes\/#organization"},"potentialAction":[{"@type":"SearchAction","target":{"@type":"EntryPoint","urlTemplate":"https:\/\/dev.explora.cl\/magallanes\/?s={search_term_string}"},"query-input":{"@type":"PropertyValueSpecification","valueRequired":true,"valueName":"search_term_string"}}],"inLanguage":"es-CL"},{"@type":"Organization","@id":"https:\/\/dev.explora.cl\/magallanes\/#organization","name":"Magallanes","url":"https:\/\/dev.explora.cl\/magallanes\/","logo":{"@type":"ImageObject","inLanguage":"es-CL","@id":"https:\/\/dev.explora.cl\/magallanes\/#\/schema\/logo\/image\/","url":"https:\/\/dev.explora.cl\/magallanes\/wp-content\/uploads\/sites\/19\/2021\/06\/cropped-ICONO-COLOR-2.jpg","contentUrl":"https:\/\/dev.explora.cl\/magallanes\/wp-content\/uploads\/sites\/19\/2021\/06\/cropped-ICONO-COLOR-2.jpg","width":1181,"height":1181,"caption":"Magallanes"},"image":{"@id":"https:\/\/dev.explora.cl\/magallanes\/#\/schema\/logo\/image\/"}},{"@type":"Person","@id":"https:\/\/dev.explora.cl\/magallanes\/#\/schema\/person\/cb8349c13ea2d324080adf8480d7ba5d","name":"webman","image":{"@type":"ImageObject","inLanguage":"es-CL","@id":"https:\/\/dev.explora.cl\/magallanes\/#\/schema\/person\/image\/","url":"https:\/\/secure.gravatar.com\/avatar\/eeff3c82f2c02f7177d13663b7e6f890e9a6a0647ce9bb29cae02dcb094c7312?s=96&d=mm&r=g","contentUrl":"https:\/\/secure.gravatar.com\/avatar\/eeff3c82f2c02f7177d13663b7e6f890e9a6a0647ce9bb29cae02dcb094c7312?s=96&d=mm&r=g","caption":"webman"},"url":"https:\/\/dev.explora.cl\/magallanes\/author\/webman\/"}]}},"_links":{"self":[{"href":"https:\/\/dev.explora.cl\/magallanes\/wp-json\/wp\/v2\/posts\/837","targetHints":{"allow":["GET"]}}],"collection":[{"href":"https:\/\/dev.explora.cl\/magallanes\/wp-json\/wp\/v2\/posts"}],"about":[{"href":"https:\/\/dev.explora.cl\/magallanes\/wp-json\/wp\/v2\/types\/post"}],"author":[{"embeddable":true,"href":"https:\/\/dev.explora.cl\/magallanes\/wp-json\/wp\/v2\/users\/2"}],"replies":[{"embeddable":true,"href":"https:\/\/dev.explora.cl\/magallanes\/wp-json\/wp\/v2\/comments?post=837"}],"version-history":[{"count":1,"href":"https:\/\/dev.explora.cl\/magallanes\/wp-json\/wp\/v2\/posts\/837\/revisions"}],"predecessor-version":[{"id":37637,"href":"https:\/\/dev.explora.cl\/magallanes\/wp-json\/wp\/v2\/posts\/837\/revisions\/37637"}],"wp:featuredmedia":[{"embeddable":true,"href":"https:\/\/dev.explora.cl\/magallanes\/wp-json\/wp\/v2\/media\/838"}],"wp:attachment":[{"href":"https:\/\/dev.explora.cl\/magallanes\/wp-json\/wp\/v2\/media?parent=837"}],"wp:term":[{"taxonomy":"category","embeddable":true,"href":"https:\/\/dev.explora.cl\/magallanes\/wp-json\/wp\/v2\/categories?post=837"},{"taxonomy":"post_tag","embeddable":true,"href":"https:\/\/dev.explora.cl\/magallanes\/wp-json\/wp\/v2\/tags?post=837"}],"curies":[{"name":"wp","href":"https:\/\/api.w.org\/{rel}","templated":true}]}}