{"id":834,"date":"2017-11-12T00:00:00","date_gmt":"2017-11-12T04:00:00","guid":{"rendered":"https:\/\/dev.explora.cl\/magallanes\/blog\/2017\/11\/12\/reconocen-a-estudiantes-natalinos-que-ganaron-el-congreso-regional-escolar-de-la-ciencia-y-la-tecnologia\/"},"modified":"2019-05-20T21:34:55","modified_gmt":"2019-05-20T21:34:55","slug":"reconocen-a-estudiantes-natalinos-que-ganaron-el-congreso-regional-escolar-de-la-ciencia-y-la-tecnologia","status":"publish","type":"post","link":"https:\/\/dev.explora.cl\/magallanes\/reconocen-a-estudiantes-natalinos-que-ganaron-el-congreso-regional-escolar-de-la-ciencia-y-la-tecnologia\/","title":{"rendered":"Reconocen a estudiantes natalinos que ganaron el Congreso Regional Escolar de la Ciencia y la Tecnolog\u00eda"},"content":{"rendered":"<p>&nbsp;<\/p>\n<p><img loading=\"lazy\" decoding=\"async\" class=\" size-full wp-image-28874\" src=\"http:\/\/ec2-54-245-22-188.us-west-2.compute.amazonaws.com\/wp-content\/uploads\/2017\/11\/Cores_y_Liceo_Maria_Mazzarello.JPG\" alt=\"Cores y Liceo Maria Mazzarello\" width=\"720\" height=\"480\" \/><\/p>\n<p>En el Centro Universitario UMAG Puerto Natales se efectu\u00f3 la ceremonia de premiaci\u00f3n a los estudiantes natalinos que ganaron la vig\u00e9sima versi\u00f3n del Congreso Regional de la Ciencia y la Tecnolog\u00eda (CRECyT) del Proyecto Asociativo Regional (PAR) Explora de CONICYT Magallanes y de la Ant\u00e1rtica Chilena de la Universidad de Magallanes.<\/p>\n<p>Recibieron este reconocimiento, los estudiantes de 3\u00ba medio del Colegio Puerto Natales, Coni Oyarz\u00fan M\u00e1rquez y Jos\u00e9 Ignacio Oyarz\u00fan Correa, quienes junto a su profesora Marcela Galindo, desarrollan la investigaci\u00f3n: \u201cDeterminaci\u00f3n de la calidad de los cielos de Puerto Natales para la observaci\u00f3n astron\u00f3mica\u201d. Trabajo que les vali\u00f3 el primer lugar de la categor\u00eda Educaci\u00f3n Media, y donde explican que los cielos de la capital provincial de \u00daltima Esperanza tienen una calidad intermedia para la observaci\u00f3n astron\u00f3mica debido a las condiciones atmosf\u00e9ricas y a la contaminaci\u00f3n lum\u00ednica existente. Lo anterior se calcul\u00f3 por medio de las escalas Magnitud del Limite Estelar (MALE) y el nivel de brillo del cielo nocturno en base a la escala de Bortle.<\/p>\n<p>Tambi\u00e9n se premi\u00f3 el trabajo de las estudiantes de 7\u00ba b\u00e1sico del Liceo Mar\u00eda Mazzarello, Javiera Christie \u00c1lvarez y Karina Torres Vargas, quienes asesoradas por la docente Mar\u00eda Camblor, llevan a cabo la investigaci\u00f3n, \u201cComportamiento etol\u00f3gico del <em>Cygnus melancoryphus<\/em>\u201d, nombre com\u00fan del cisne de cuello negro, para lo cual ellas observaron su comportamiento desde mayo a octubre en la costanera de Puerto Natales.<\/p>\n<p>El reconocimiento fue entregado por el rector de la Universidad de Magallanes, Juan Oyarzo P\u00e9rez y por los consejeros regionales, Antonieta Oyarzo y Tolentino Soto. En la instancia, participaron tambi\u00e9n los directores y profesores de los establecimientos ganadores, adem\u00e1s de familiares de los estudiantes destacados.<\/p>\n<p>Estos j\u00f3venes, junto a los seleccionados de Punta Arenas (Escuela Pedro Pablo Lemaitre y Colegio Luterano) y Puerto Williams (Liceo Donald Mc Intyre Griffiths) representar\u00e1n a Magallanes en el XVIII Congreso Nacional Escolar de la Ciencia y la Tecnolog\u00eda del Programa Explora de CONICYT a realizarse en Arica, los d\u00edas 28 al 30 de noviembre.<\/p>\n","protected":false},"excerpt":{"rendered":"<p>&nbsp; En el Centro Universitario UMAG Puerto Natales se efectu\u00f3 la ceremonia de premiaci\u00f3n a los estudiantes natalinos que ganaron la vig\u00e9sima versi\u00f3n del Congreso Regional de la Ciencia y la Tecnolog\u00eda (CRECyT) del Proyecto Asociativo Regional (PAR) Explora de CONICYT Magallanes y de la Ant\u00e1rtica Chilena de la Universidad de Magallanes. Recibieron este reconocimiento, [&hellip;]<\/p>\n","protected":false},"author":2,"featured_media":835,"comment_status":"open","ping_status":"open","sticky":false,"template":"","format":"standard","meta":{"_acf_changed":false,"_exactmetrics_skip_tracking":false,"_exactmetrics_sitenote_active":false,"_exactmetrics_sitenote_note":"","_exactmetrics_sitenote_category":0,"footnotes":"","_links_to":"","_links_to_target":""},"categories":[4],"tags":[],"class_list":["post-834","post","type-post","status-publish","format-standard","has-post-thumbnail","hentry","category-noticias"],"acf":[],"yoast_head":"<!-- This site is optimized with the Yoast SEO plugin v26.7 - https:\/\/yoast.com\/wordpress\/plugins\/seo\/ -->\n<title>Reconocen a estudiantes natalinos que ganaron el Congreso Regional Escolar de la Ciencia y la Tecnolog\u00eda - Magallanes<\/title>\n<meta name=\"robots\" content=\"index, follow, max-snippet:-1, max-image-preview:large, max-video-preview:-1\" \/>\n<link rel=\"canonical\" href=\"https:\/\/dev.explora.cl\/magallanes\/reconocen-a-estudiantes-natalinos-que-ganaron-el-congreso-regional-escolar-de-la-ciencia-y-la-tecnologia\/\" class=\"yoast-seo-meta-tag\" \/>\n<meta property=\"og:locale\" content=\"es_ES\" class=\"yoast-seo-meta-tag\" \/>\n<meta property=\"og:type\" content=\"article\" class=\"yoast-seo-meta-tag\" \/>\n<meta property=\"og:title\" content=\"Reconocen a estudiantes natalinos que ganaron el Congreso Regional Escolar de la Ciencia y la Tecnolog\u00eda - Magallanes\" class=\"yoast-seo-meta-tag\" \/>\n<meta property=\"og:description\" content=\"&nbsp; En el Centro Universitario UMAG Puerto Natales se efectu\u00f3 la ceremonia de premiaci\u00f3n a los estudiantes natalinos que ganaron la vig\u00e9sima versi\u00f3n del Congreso Regional de la Ciencia y la Tecnolog\u00eda (CRECyT) del Proyecto Asociativo Regional (PAR) Explora de CONICYT Magallanes y de la Ant\u00e1rtica Chilena de la Universidad de Magallanes. Recibieron este reconocimiento, [&hellip;]\" class=\"yoast-seo-meta-tag\" \/>\n<meta property=\"og:url\" content=\"https:\/\/dev.explora.cl\/magallanes\/reconocen-a-estudiantes-natalinos-que-ganaron-el-congreso-regional-escolar-de-la-ciencia-y-la-tecnologia\/\" class=\"yoast-seo-meta-tag\" \/>\n<meta property=\"og:site_name\" content=\"Magallanes\" class=\"yoast-seo-meta-tag\" \/>\n<meta property=\"article:published_time\" content=\"2017-11-12T04:00:00+00:00\" class=\"yoast-seo-meta-tag\" \/>\n<meta property=\"article:modified_time\" content=\"2019-05-20T21:34:55+00:00\" class=\"yoast-seo-meta-tag\" \/>\n<meta property=\"og:image\" content=\"https:\/\/dev.explora.cl\/magallanes\/wp-content\/uploads\/sites\/19\/2018\/06\/Cores_y_Colegio_Puerto_Natales.jpg\" class=\"yoast-seo-meta-tag\" \/>\n\t<meta property=\"og:image:width\" content=\"720\" class=\"yoast-seo-meta-tag\" \/>\n\t<meta property=\"og:image:height\" content=\"480\" class=\"yoast-seo-meta-tag\" \/>\n\t<meta property=\"og:image:type\" content=\"image\/jpeg\" class=\"yoast-seo-meta-tag\" \/>\n<meta name=\"author\" content=\"webman\" class=\"yoast-seo-meta-tag\" \/>\n<meta name=\"twitter:card\" content=\"summary_large_image\" class=\"yoast-seo-meta-tag\" \/>\n<meta name=\"twitter:label1\" content=\"Escrito por\" class=\"yoast-seo-meta-tag\" \/>\n\t<meta name=\"twitter:data1\" content=\"webman\" class=\"yoast-seo-meta-tag\" \/>\n\t<meta name=\"twitter:label2\" content=\"Tiempo estimado de lectura\" class=\"yoast-seo-meta-tag\" \/>\n\t<meta name=\"twitter:data2\" content=\"2 minutos\" class=\"yoast-seo-meta-tag\" \/>\n<script type=\"application\/ld+json\" class=\"yoast-schema-graph\">{\"@context\":\"https:\/\/schema.org\",\"@graph\":[{\"@type\":\"Article\",\"@id\":\"https:\/\/dev.explora.cl\/magallanes\/reconocen-a-estudiantes-natalinos-que-ganaron-el-congreso-regional-escolar-de-la-ciencia-y-la-tecnologia\/#article\",\"isPartOf\":{\"@id\":\"https:\/\/dev.explora.cl\/magallanes\/reconocen-a-estudiantes-natalinos-que-ganaron-el-congreso-regional-escolar-de-la-ciencia-y-la-tecnologia\/\"},\"author\":{\"name\":\"webman\",\"@id\":\"https:\/\/dev.explora.cl\/magallanes\/#\/schema\/person\/cb8349c13ea2d324080adf8480d7ba5d\"},\"headline\":\"Reconocen a estudiantes natalinos que ganaron el Congreso Regional Escolar de la Ciencia y la Tecnolog\u00eda\",\"datePublished\":\"2017-11-12T04:00:00+00:00\",\"dateModified\":\"2019-05-20T21:34:55+00:00\",\"mainEntityOfPage\":{\"@id\":\"https:\/\/dev.explora.cl\/magallanes\/reconocen-a-estudiantes-natalinos-que-ganaron-el-congreso-regional-escolar-de-la-ciencia-y-la-tecnologia\/\"},\"wordCount\":378,\"commentCount\":0,\"publisher\":{\"@id\":\"https:\/\/dev.explora.cl\/magallanes\/#organization\"},\"image\":{\"@id\":\"https:\/\/dev.explora.cl\/magallanes\/reconocen-a-estudiantes-natalinos-que-ganaron-el-congreso-regional-escolar-de-la-ciencia-y-la-tecnologia\/#primaryimage\"},\"thumbnailUrl\":\"https:\/\/dev.explora.cl\/magallanes\/wp-content\/uploads\/sites\/19\/2018\/06\/Cores_y_Colegio_Puerto_Natales.jpg\",\"articleSection\":[\"Noticias\"],\"inLanguage\":\"es-CL\",\"potentialAction\":[{\"@type\":\"CommentAction\",\"name\":\"Comment\",\"target\":[\"https:\/\/dev.explora.cl\/magallanes\/reconocen-a-estudiantes-natalinos-que-ganaron-el-congreso-regional-escolar-de-la-ciencia-y-la-tecnologia\/#respond\"]}]},{\"@type\":\"WebPage\",\"@id\":\"https:\/\/dev.explora.cl\/magallanes\/reconocen-a-estudiantes-natalinos-que-ganaron-el-congreso-regional-escolar-de-la-ciencia-y-la-tecnologia\/\",\"url\":\"https:\/\/dev.explora.cl\/magallanes\/reconocen-a-estudiantes-natalinos-que-ganaron-el-congreso-regional-escolar-de-la-ciencia-y-la-tecnologia\/\",\"name\":\"Reconocen a estudiantes natalinos que ganaron el Congreso Regional Escolar de la Ciencia y la Tecnolog\u00eda - Magallanes\",\"isPartOf\":{\"@id\":\"https:\/\/dev.explora.cl\/magallanes\/#website\"},\"primaryImageOfPage\":{\"@id\":\"https:\/\/dev.explora.cl\/magallanes\/reconocen-a-estudiantes-natalinos-que-ganaron-el-congreso-regional-escolar-de-la-ciencia-y-la-tecnologia\/#primaryimage\"},\"image\":{\"@id\":\"https:\/\/dev.explora.cl\/magallanes\/reconocen-a-estudiantes-natalinos-que-ganaron-el-congreso-regional-escolar-de-la-ciencia-y-la-tecnologia\/#primaryimage\"},\"thumbnailUrl\":\"https:\/\/dev.explora.cl\/magallanes\/wp-content\/uploads\/sites\/19\/2018\/06\/Cores_y_Colegio_Puerto_Natales.jpg\",\"datePublished\":\"2017-11-12T04:00:00+00:00\",\"dateModified\":\"2019-05-20T21:34:55+00:00\",\"breadcrumb\":{\"@id\":\"https:\/\/dev.explora.cl\/magallanes\/reconocen-a-estudiantes-natalinos-que-ganaron-el-congreso-regional-escolar-de-la-ciencia-y-la-tecnologia\/#breadcrumb\"},\"inLanguage\":\"es-CL\",\"potentialAction\":[{\"@type\":\"ReadAction\",\"target\":[\"https:\/\/dev.explora.cl\/magallanes\/reconocen-a-estudiantes-natalinos-que-ganaron-el-congreso-regional-escolar-de-la-ciencia-y-la-tecnologia\/\"]}]},{\"@type\":\"ImageObject\",\"inLanguage\":\"es-CL\",\"@id\":\"https:\/\/dev.explora.cl\/magallanes\/reconocen-a-estudiantes-natalinos-que-ganaron-el-congreso-regional-escolar-de-la-ciencia-y-la-tecnologia\/#primaryimage\",\"url\":\"https:\/\/dev.explora.cl\/magallanes\/wp-content\/uploads\/sites\/19\/2018\/06\/Cores_y_Colegio_Puerto_Natales.jpg\",\"contentUrl\":\"https:\/\/dev.explora.cl\/magallanes\/wp-content\/uploads\/sites\/19\/2018\/06\/Cores_y_Colegio_Puerto_Natales.jpg\",\"width\":720,\"height\":480},{\"@type\":\"BreadcrumbList\",\"@id\":\"https:\/\/dev.explora.cl\/magallanes\/reconocen-a-estudiantes-natalinos-que-ganaron-el-congreso-regional-escolar-de-la-ciencia-y-la-tecnologia\/#breadcrumb\",\"itemListElement\":[{\"@type\":\"ListItem\",\"position\":1,\"name\":\"Portada\",\"item\":\"https:\/\/dev.explora.cl\/magallanes\/\"},{\"@type\":\"ListItem\",\"position\":2,\"name\":\"Reconocen a estudiantes natalinos que ganaron el Congreso Regional Escolar de la Ciencia y la Tecnolog\u00eda\"}]},{\"@type\":\"WebSite\",\"@id\":\"https:\/\/dev.explora.cl\/magallanes\/#website\",\"url\":\"https:\/\/dev.explora.cl\/magallanes\/\",\"name\":\"Magallanes\",\"description\":\"Otro sitio m\u00e1s de dev.explora.cl\",\"publisher\":{\"@id\":\"https:\/\/dev.explora.cl\/magallanes\/#organization\"},\"potentialAction\":[{\"@type\":\"SearchAction\",\"target\":{\"@type\":\"EntryPoint\",\"urlTemplate\":\"https:\/\/dev.explora.cl\/magallanes\/?s={search_term_string}\"},\"query-input\":{\"@type\":\"PropertyValueSpecification\",\"valueRequired\":true,\"valueName\":\"search_term_string\"}}],\"inLanguage\":\"es-CL\"},{\"@type\":\"Organization\",\"@id\":\"https:\/\/dev.explora.cl\/magallanes\/#organization\",\"name\":\"Magallanes\",\"url\":\"https:\/\/dev.explora.cl\/magallanes\/\",\"logo\":{\"@type\":\"ImageObject\",\"inLanguage\":\"es-CL\",\"@id\":\"https:\/\/dev.explora.cl\/magallanes\/#\/schema\/logo\/image\/\",\"url\":\"https:\/\/dev.explora.cl\/magallanes\/wp-content\/uploads\/sites\/19\/2021\/06\/cropped-ICONO-COLOR-2.jpg\",\"contentUrl\":\"https:\/\/dev.explora.cl\/magallanes\/wp-content\/uploads\/sites\/19\/2021\/06\/cropped-ICONO-COLOR-2.jpg\",\"width\":1181,\"height\":1181,\"caption\":\"Magallanes\"},\"image\":{\"@id\":\"https:\/\/dev.explora.cl\/magallanes\/#\/schema\/logo\/image\/\"}},{\"@type\":\"Person\",\"@id\":\"https:\/\/dev.explora.cl\/magallanes\/#\/schema\/person\/cb8349c13ea2d324080adf8480d7ba5d\",\"name\":\"webman\",\"image\":{\"@type\":\"ImageObject\",\"inLanguage\":\"es-CL\",\"@id\":\"https:\/\/dev.explora.cl\/magallanes\/#\/schema\/person\/image\/\",\"url\":\"https:\/\/secure.gravatar.com\/avatar\/eeff3c82f2c02f7177d13663b7e6f890e9a6a0647ce9bb29cae02dcb094c7312?s=96&d=mm&r=g\",\"contentUrl\":\"https:\/\/secure.gravatar.com\/avatar\/eeff3c82f2c02f7177d13663b7e6f890e9a6a0647ce9bb29cae02dcb094c7312?s=96&d=mm&r=g\",\"caption\":\"webman\"},\"url\":\"https:\/\/dev.explora.cl\/magallanes\/author\/webman\/\"}]}<\/script>\n<!-- \/ Yoast SEO plugin. -->","yoast_head_json":{"title":"Reconocen a estudiantes natalinos que ganaron el Congreso Regional Escolar de la Ciencia y la Tecnolog\u00eda - Magallanes","robots":{"index":"index","follow":"follow","max-snippet":"max-snippet:-1","max-image-preview":"max-image-preview:large","max-video-preview":"max-video-preview:-1"},"canonical":"https:\/\/dev.explora.cl\/magallanes\/reconocen-a-estudiantes-natalinos-que-ganaron-el-congreso-regional-escolar-de-la-ciencia-y-la-tecnologia\/","og_locale":"es_ES","og_type":"article","og_title":"Reconocen a estudiantes natalinos que ganaron el Congreso Regional Escolar de la Ciencia y la Tecnolog\u00eda - Magallanes","og_description":"&nbsp; En el Centro Universitario UMAG Puerto Natales se efectu\u00f3 la ceremonia de premiaci\u00f3n a los estudiantes natalinos que ganaron la vig\u00e9sima versi\u00f3n del Congreso Regional de la Ciencia y la Tecnolog\u00eda (CRECyT) del Proyecto Asociativo Regional (PAR) Explora de CONICYT Magallanes y de la Ant\u00e1rtica Chilena de la Universidad de Magallanes. Recibieron este reconocimiento, [&hellip;]","og_url":"https:\/\/dev.explora.cl\/magallanes\/reconocen-a-estudiantes-natalinos-que-ganaron-el-congreso-regional-escolar-de-la-ciencia-y-la-tecnologia\/","og_site_name":"Magallanes","article_published_time":"2017-11-12T04:00:00+00:00","article_modified_time":"2019-05-20T21:34:55+00:00","og_image":[{"width":720,"height":480,"url":"https:\/\/dev.explora.cl\/magallanes\/wp-content\/uploads\/sites\/19\/2018\/06\/Cores_y_Colegio_Puerto_Natales.jpg","type":"image\/jpeg"}],"author":"webman","twitter_card":"summary_large_image","twitter_misc":{"Escrito por":"webman","Tiempo estimado de lectura":"2 minutos"},"schema":{"@context":"https:\/\/schema.org","@graph":[{"@type":"Article","@id":"https:\/\/dev.explora.cl\/magallanes\/reconocen-a-estudiantes-natalinos-que-ganaron-el-congreso-regional-escolar-de-la-ciencia-y-la-tecnologia\/#article","isPartOf":{"@id":"https:\/\/dev.explora.cl\/magallanes\/reconocen-a-estudiantes-natalinos-que-ganaron-el-congreso-regional-escolar-de-la-ciencia-y-la-tecnologia\/"},"author":{"name":"webman","@id":"https:\/\/dev.explora.cl\/magallanes\/#\/schema\/person\/cb8349c13ea2d324080adf8480d7ba5d"},"headline":"Reconocen a estudiantes natalinos que ganaron el Congreso Regional Escolar de la Ciencia y la Tecnolog\u00eda","datePublished":"2017-11-12T04:00:00+00:00","dateModified":"2019-05-20T21:34:55+00:00","mainEntityOfPage":{"@id":"https:\/\/dev.explora.cl\/magallanes\/reconocen-a-estudiantes-natalinos-que-ganaron-el-congreso-regional-escolar-de-la-ciencia-y-la-tecnologia\/"},"wordCount":378,"commentCount":0,"publisher":{"@id":"https:\/\/dev.explora.cl\/magallanes\/#organization"},"image":{"@id":"https:\/\/dev.explora.cl\/magallanes\/reconocen-a-estudiantes-natalinos-que-ganaron-el-congreso-regional-escolar-de-la-ciencia-y-la-tecnologia\/#primaryimage"},"thumbnailUrl":"https:\/\/dev.explora.cl\/magallanes\/wp-content\/uploads\/sites\/19\/2018\/06\/Cores_y_Colegio_Puerto_Natales.jpg","articleSection":["Noticias"],"inLanguage":"es-CL","potentialAction":[{"@type":"CommentAction","name":"Comment","target":["https:\/\/dev.explora.cl\/magallanes\/reconocen-a-estudiantes-natalinos-que-ganaron-el-congreso-regional-escolar-de-la-ciencia-y-la-tecnologia\/#respond"]}]},{"@type":"WebPage","@id":"https:\/\/dev.explora.cl\/magallanes\/reconocen-a-estudiantes-natalinos-que-ganaron-el-congreso-regional-escolar-de-la-ciencia-y-la-tecnologia\/","url":"https:\/\/dev.explora.cl\/magallanes\/reconocen-a-estudiantes-natalinos-que-ganaron-el-congreso-regional-escolar-de-la-ciencia-y-la-tecnologia\/","name":"Reconocen a estudiantes natalinos que ganaron el Congreso Regional Escolar de la Ciencia y la Tecnolog\u00eda - Magallanes","isPartOf":{"@id":"https:\/\/dev.explora.cl\/magallanes\/#website"},"primaryImageOfPage":{"@id":"https:\/\/dev.explora.cl\/magallanes\/reconocen-a-estudiantes-natalinos-que-ganaron-el-congreso-regional-escolar-de-la-ciencia-y-la-tecnologia\/#primaryimage"},"image":{"@id":"https:\/\/dev.explora.cl\/magallanes\/reconocen-a-estudiantes-natalinos-que-ganaron-el-congreso-regional-escolar-de-la-ciencia-y-la-tecnologia\/#primaryimage"},"thumbnailUrl":"https:\/\/dev.explora.cl\/magallanes\/wp-content\/uploads\/sites\/19\/2018\/06\/Cores_y_Colegio_Puerto_Natales.jpg","datePublished":"2017-11-12T04:00:00+00:00","dateModified":"2019-05-20T21:34:55+00:00","breadcrumb":{"@id":"https:\/\/dev.explora.cl\/magallanes\/reconocen-a-estudiantes-natalinos-que-ganaron-el-congreso-regional-escolar-de-la-ciencia-y-la-tecnologia\/#breadcrumb"},"inLanguage":"es-CL","potentialAction":[{"@type":"ReadAction","target":["https:\/\/dev.explora.cl\/magallanes\/reconocen-a-estudiantes-natalinos-que-ganaron-el-congreso-regional-escolar-de-la-ciencia-y-la-tecnologia\/"]}]},{"@type":"ImageObject","inLanguage":"es-CL","@id":"https:\/\/dev.explora.cl\/magallanes\/reconocen-a-estudiantes-natalinos-que-ganaron-el-congreso-regional-escolar-de-la-ciencia-y-la-tecnologia\/#primaryimage","url":"https:\/\/dev.explora.cl\/magallanes\/wp-content\/uploads\/sites\/19\/2018\/06\/Cores_y_Colegio_Puerto_Natales.jpg","contentUrl":"https:\/\/dev.explora.cl\/magallanes\/wp-content\/uploads\/sites\/19\/2018\/06\/Cores_y_Colegio_Puerto_Natales.jpg","width":720,"height":480},{"@type":"BreadcrumbList","@id":"https:\/\/dev.explora.cl\/magallanes\/reconocen-a-estudiantes-natalinos-que-ganaron-el-congreso-regional-escolar-de-la-ciencia-y-la-tecnologia\/#breadcrumb","itemListElement":[{"@type":"ListItem","position":1,"name":"Portada","item":"https:\/\/dev.explora.cl\/magallanes\/"},{"@type":"ListItem","position":2,"name":"Reconocen a estudiantes natalinos que ganaron el Congreso Regional Escolar de la Ciencia y la Tecnolog\u00eda"}]},{"@type":"WebSite","@id":"https:\/\/dev.explora.cl\/magallanes\/#website","url":"https:\/\/dev.explora.cl\/magallanes\/","name":"Magallanes","description":"Otro sitio m\u00e1s de dev.explora.cl","publisher":{"@id":"https:\/\/dev.explora.cl\/magallanes\/#organization"},"potentialAction":[{"@type":"SearchAction","target":{"@type":"EntryPoint","urlTemplate":"https:\/\/dev.explora.cl\/magallanes\/?s={search_term_string}"},"query-input":{"@type":"PropertyValueSpecification","valueRequired":true,"valueName":"search_term_string"}}],"inLanguage":"es-CL"},{"@type":"Organization","@id":"https:\/\/dev.explora.cl\/magallanes\/#organization","name":"Magallanes","url":"https:\/\/dev.explora.cl\/magallanes\/","logo":{"@type":"ImageObject","inLanguage":"es-CL","@id":"https:\/\/dev.explora.cl\/magallanes\/#\/schema\/logo\/image\/","url":"https:\/\/dev.explora.cl\/magallanes\/wp-content\/uploads\/sites\/19\/2021\/06\/cropped-ICONO-COLOR-2.jpg","contentUrl":"https:\/\/dev.explora.cl\/magallanes\/wp-content\/uploads\/sites\/19\/2021\/06\/cropped-ICONO-COLOR-2.jpg","width":1181,"height":1181,"caption":"Magallanes"},"image":{"@id":"https:\/\/dev.explora.cl\/magallanes\/#\/schema\/logo\/image\/"}},{"@type":"Person","@id":"https:\/\/dev.explora.cl\/magallanes\/#\/schema\/person\/cb8349c13ea2d324080adf8480d7ba5d","name":"webman","image":{"@type":"ImageObject","inLanguage":"es-CL","@id":"https:\/\/dev.explora.cl\/magallanes\/#\/schema\/person\/image\/","url":"https:\/\/secure.gravatar.com\/avatar\/eeff3c82f2c02f7177d13663b7e6f890e9a6a0647ce9bb29cae02dcb094c7312?s=96&d=mm&r=g","contentUrl":"https:\/\/secure.gravatar.com\/avatar\/eeff3c82f2c02f7177d13663b7e6f890e9a6a0647ce9bb29cae02dcb094c7312?s=96&d=mm&r=g","caption":"webman"},"url":"https:\/\/dev.explora.cl\/magallanes\/author\/webman\/"}]}},"_links":{"self":[{"href":"https:\/\/dev.explora.cl\/magallanes\/wp-json\/wp\/v2\/posts\/834","targetHints":{"allow":["GET"]}}],"collection":[{"href":"https:\/\/dev.explora.cl\/magallanes\/wp-json\/wp\/v2\/posts"}],"about":[{"href":"https:\/\/dev.explora.cl\/magallanes\/wp-json\/wp\/v2\/types\/post"}],"author":[{"embeddable":true,"href":"https:\/\/dev.explora.cl\/magallanes\/wp-json\/wp\/v2\/users\/2"}],"replies":[{"embeddable":true,"href":"https:\/\/dev.explora.cl\/magallanes\/wp-json\/wp\/v2\/comments?post=834"}],"version-history":[{"count":1,"href":"https:\/\/dev.explora.cl\/magallanes\/wp-json\/wp\/v2\/posts\/834\/revisions"}],"predecessor-version":[{"id":37639,"href":"https:\/\/dev.explora.cl\/magallanes\/wp-json\/wp\/v2\/posts\/834\/revisions\/37639"}],"wp:featuredmedia":[{"embeddable":true,"href":"https:\/\/dev.explora.cl\/magallanes\/wp-json\/wp\/v2\/media\/835"}],"wp:attachment":[{"href":"https:\/\/dev.explora.cl\/magallanes\/wp-json\/wp\/v2\/media?parent=834"}],"wp:term":[{"taxonomy":"category","embeddable":true,"href":"https:\/\/dev.explora.cl\/magallanes\/wp-json\/wp\/v2\/categories?post=834"},{"taxonomy":"post_tag","embeddable":true,"href":"https:\/\/dev.explora.cl\/magallanes\/wp-json\/wp\/v2\/tags?post=834"}],"curies":[{"name":"wp","href":"https:\/\/api.w.org\/{rel}","templated":true}]}}