{"id":830,"date":"2017-11-08T00:00:00","date_gmt":"2017-11-08T04:00:00","guid":{"rendered":"https:\/\/dev.explora.cl\/magallanes\/blog\/2017\/11\/08\/distinguen-a-margarita-garrido-directora-par-explora-magallanes-con-el-premio-accion-educativa-en-gala-antartica-de-inach\/"},"modified":"2019-05-20T21:34:56","modified_gmt":"2019-05-20T21:34:56","slug":"distinguen-a-margarita-garrido-directora-par-explora-magallanes-con-el-premio-accion-educativa-en-gala-antartica-de-inach","status":"publish","type":"post","link":"https:\/\/dev.explora.cl\/magallanes\/distinguen-a-margarita-garrido-directora-par-explora-magallanes-con-el-premio-accion-educativa-en-gala-antartica-de-inach\/","title":{"rendered":"Distinguen a Margarita Garrido, directora PAR Explora Magallanes, con el Premio Acci\u00f3n Educativa en Gala Ant\u00e1rtica de INACH"},"content":{"rendered":"<p><img loading=\"lazy\" decoding=\"async\" class=\" size-full wp-image-28805\" src=\"http:\/\/ec2-54-245-22-188.us-west-2.compute.amazonaws.com\/wp-content\/uploads\/2017\/11\/G26.jpg\" alt=\"\" width=\"1519\" height=\"1009\" \/><\/p>\n<p>Fotograf\u00eda gentileza de INACH<\/p>\n<p>Desde abril a septiembre de este a\u00f1o, la exposici\u00f3n itinerante Ant\u00e1rtica Extrema estuvo presente en las cuatro capitales provinciales de la Regi\u00f3n de Magallanes (Punta Arenas, Puerto Natales, Porvenir y Puerto Williams), y acerc\u00f3 las maravillas del Continente Blanco a las comunidades educativas, familias y p\u00fablico en general.<\/p>\n<p>Gran labor que es llevada a cabo por los profesionales del Proyecto Asociativo Regional (PAR) de CONICYT Regi\u00f3n de Magallanes y de la Ant\u00e1rtica Chilena de la Universidad de Magallanes, y que fue reconocida por el Instituto Ant\u00e1rtico Chileno (INACH) en su Gala Ant\u00e1rtica con el premio en la categor\u00eda \u201cAcci\u00f3n Educativa\u201d.<\/p>\n<p>Recibi\u00f3 este galard\u00f3n en nombre de todo el equipo, la directora del PAR Explora Magallanes, Margarita Garrido, quien se mostr\u00f3 bastante emocionada y contenta por el reconocimiento, y aprovech\u00f3 la instancia para brindar algunas palabras de agradecimiento a la entidad organizadora del evento, y por supuesto a su equipo de trabajo.<\/p>\n<p>\u201cPara m\u00ed es un honor y es un agrado recibir en nombre del equipo PAR Explora Magallanes esta distinci\u00f3n, quisiera contarles que los sue\u00f1os se hacen realidad, hace unos cinco a\u00f1os con un colega, Am\u00e9rico Montiel, quer\u00edamos hacer una exposici\u00f3n. Solamente hace un par de a\u00f1os buscamos apoyo y lo encontramos en el conocimiento de los investigadores de INACH y de sus autoridades como el Dr. Edgardo Vega, o como Paulina (Rojas) que nos ayud\u00f3, y junto con el PAR Explora y la Universidad de Magallanes pudimos construir una exposici\u00f3n Ant\u00e1rtica en 2016. Despu\u00e9s vino la itinerancia y no hemos escatimado esfuerzos en llevarla a Puerto Williams, Porvenir, Puerto Natales y en Punta Arenas, solo en esta \u00faltima se atendieron cuatro mil personas. Entonces el sentimiento y la alegr\u00eda de difundir la Ant\u00e1rtica en los ni\u00f1os, es realmente emocionante\u201d, expres\u00f3 en su discurso. &nbsp;<\/p>\n<p>La Gala Ant\u00e1rtica del INACH se efectu\u00f3 en el marco del D\u00eda de la Ant\u00e1rtica Chilena, que se conmemora cada 6 de noviembre y que reconoce la importancia de este Continente para nuestro pa\u00eds, a 77 a\u00f1os de la firma del decreto por parte del Presidente Pedro Aguirre Cerda, que fija los l\u00edmites del Territorio Ant\u00e1rtico Chileno (meridianos 53\u00b0 longitud oeste de Greenwich y 90\u00b0 longitud oeste de Greenwich). 25 a\u00f1os m\u00e1s tarde, en el gobierno del Presidente Eduardo Frei Montalva se instaura esta efem\u00e9ride.<\/p>\n<p>En esta ceremonia, efectuada en el Teatro Municipal de Punta Arenas Jos\u00e9 Bohr, tambi\u00e9n se destac\u00f3 el trabajo de los operadores ant\u00e1rticos de las Fuerzas Armadas, investigadores,&nbsp; a los artistas que crean un v\u00ednculo entre la ciencia y el arte, a los artesanos que participaron en el Proyecto Antartikanos y a la labor que cumplen los medios de comunicaci\u00f3n a nivel internacional, nacional y regional. Asimismo, amenizaron la jornada el d\u00fao magall\u00e1nico Lluvia \u00c1cida y el cantautor nacional Fernando Milagros.<\/p>\n","protected":false},"excerpt":{"rendered":"<p>Fotograf\u00eda gentileza de INACH Desde abril a septiembre de este a\u00f1o, la exposici\u00f3n itinerante Ant\u00e1rtica Extrema estuvo presente en las cuatro capitales provinciales de la Regi\u00f3n de Magallanes (Punta Arenas, Puerto Natales, Porvenir y Puerto Williams), y acerc\u00f3 las maravillas del Continente Blanco a las comunidades educativas, familias y p\u00fablico en general. Gran labor que [&hellip;]<\/p>\n","protected":false},"author":2,"featured_media":831,"comment_status":"open","ping_status":"open","sticky":false,"template":"","format":"standard","meta":{"_acf_changed":false,"_exactmetrics_skip_tracking":false,"_exactmetrics_sitenote_active":false,"_exactmetrics_sitenote_note":"","_exactmetrics_sitenote_category":0,"footnotes":"","_links_to":"","_links_to_target":""},"categories":[4],"tags":[],"class_list":["post-830","post","type-post","status-publish","format-standard","has-post-thumbnail","hentry","category-noticias"],"acf":[],"yoast_head":"<!-- This site is optimized with the Yoast SEO plugin v26.7 - https:\/\/yoast.com\/wordpress\/plugins\/seo\/ -->\n<title>Distinguen a Margarita Garrido, directora PAR Explora Magallanes, con el Premio Acci\u00f3n Educativa en Gala Ant\u00e1rtica de INACH - Magallanes<\/title>\n<meta name=\"robots\" content=\"index, follow, max-snippet:-1, max-image-preview:large, max-video-preview:-1\" \/>\n<link rel=\"canonical\" href=\"https:\/\/dev.explora.cl\/magallanes\/distinguen-a-margarita-garrido-directora-par-explora-magallanes-con-el-premio-accion-educativa-en-gala-antartica-de-inach\/\" class=\"yoast-seo-meta-tag\" \/>\n<meta property=\"og:locale\" content=\"es_ES\" class=\"yoast-seo-meta-tag\" \/>\n<meta property=\"og:type\" content=\"article\" class=\"yoast-seo-meta-tag\" \/>\n<meta property=\"og:title\" content=\"Distinguen a Margarita Garrido, directora PAR Explora Magallanes, con el Premio Acci\u00f3n Educativa en Gala Ant\u00e1rtica de INACH - Magallanes\" class=\"yoast-seo-meta-tag\" \/>\n<meta property=\"og:description\" content=\"Fotograf\u00eda gentileza de INACH Desde abril a septiembre de este a\u00f1o, la exposici\u00f3n itinerante Ant\u00e1rtica Extrema estuvo presente en las cuatro capitales provinciales de la Regi\u00f3n de Magallanes (Punta Arenas, Puerto Natales, Porvenir y Puerto Williams), y acerc\u00f3 las maravillas del Continente Blanco a las comunidades educativas, familias y p\u00fablico en general. Gran labor que [&hellip;]\" class=\"yoast-seo-meta-tag\" \/>\n<meta property=\"og:url\" content=\"https:\/\/dev.explora.cl\/magallanes\/distinguen-a-margarita-garrido-directora-par-explora-magallanes-con-el-premio-accion-educativa-en-gala-antartica-de-inach\/\" class=\"yoast-seo-meta-tag\" \/>\n<meta property=\"og:site_name\" content=\"Magallanes\" class=\"yoast-seo-meta-tag\" \/>\n<meta property=\"article:published_time\" content=\"2017-11-08T04:00:00+00:00\" class=\"yoast-seo-meta-tag\" \/>\n<meta property=\"article:modified_time\" content=\"2019-05-20T21:34:56+00:00\" class=\"yoast-seo-meta-tag\" \/>\n<meta property=\"og:image\" content=\"https:\/\/dev.explora.cl\/magallanes\/wp-content\/uploads\/sites\/19\/2018\/06\/G26.jpg\" class=\"yoast-seo-meta-tag\" \/>\n\t<meta property=\"og:image:width\" content=\"1519\" class=\"yoast-seo-meta-tag\" \/>\n\t<meta property=\"og:image:height\" content=\"1009\" class=\"yoast-seo-meta-tag\" \/>\n\t<meta property=\"og:image:type\" content=\"image\/jpeg\" class=\"yoast-seo-meta-tag\" \/>\n<meta name=\"author\" content=\"webman\" class=\"yoast-seo-meta-tag\" \/>\n<meta name=\"twitter:card\" content=\"summary_large_image\" class=\"yoast-seo-meta-tag\" \/>\n<meta name=\"twitter:label1\" content=\"Escrito por\" class=\"yoast-seo-meta-tag\" \/>\n\t<meta name=\"twitter:data1\" content=\"webman\" class=\"yoast-seo-meta-tag\" \/>\n\t<meta name=\"twitter:label2\" content=\"Tiempo estimado de lectura\" class=\"yoast-seo-meta-tag\" \/>\n\t<meta name=\"twitter:data2\" content=\"3 minutos\" class=\"yoast-seo-meta-tag\" \/>\n<script type=\"application\/ld+json\" class=\"yoast-schema-graph\">{\"@context\":\"https:\/\/schema.org\",\"@graph\":[{\"@type\":\"Article\",\"@id\":\"https:\/\/dev.explora.cl\/magallanes\/distinguen-a-margarita-garrido-directora-par-explora-magallanes-con-el-premio-accion-educativa-en-gala-antartica-de-inach\/#article\",\"isPartOf\":{\"@id\":\"https:\/\/dev.explora.cl\/magallanes\/distinguen-a-margarita-garrido-directora-par-explora-magallanes-con-el-premio-accion-educativa-en-gala-antartica-de-inach\/\"},\"author\":{\"name\":\"webman\",\"@id\":\"https:\/\/dev.explora.cl\/magallanes\/#\/schema\/person\/cb8349c13ea2d324080adf8480d7ba5d\"},\"headline\":\"Distinguen a Margarita Garrido, directora PAR Explora Magallanes, con el Premio Acci\u00f3n Educativa en Gala Ant\u00e1rtica de INACH\",\"datePublished\":\"2017-11-08T04:00:00+00:00\",\"dateModified\":\"2019-05-20T21:34:56+00:00\",\"mainEntityOfPage\":{\"@id\":\"https:\/\/dev.explora.cl\/magallanes\/distinguen-a-margarita-garrido-directora-par-explora-magallanes-con-el-premio-accion-educativa-en-gala-antartica-de-inach\/\"},\"wordCount\":521,\"commentCount\":0,\"publisher\":{\"@id\":\"https:\/\/dev.explora.cl\/magallanes\/#organization\"},\"image\":{\"@id\":\"https:\/\/dev.explora.cl\/magallanes\/distinguen-a-margarita-garrido-directora-par-explora-magallanes-con-el-premio-accion-educativa-en-gala-antartica-de-inach\/#primaryimage\"},\"thumbnailUrl\":\"https:\/\/dev.explora.cl\/magallanes\/wp-content\/uploads\/sites\/19\/2018\/06\/G26.jpg\",\"articleSection\":[\"Noticias\"],\"inLanguage\":\"es-CL\",\"potentialAction\":[{\"@type\":\"CommentAction\",\"name\":\"Comment\",\"target\":[\"https:\/\/dev.explora.cl\/magallanes\/distinguen-a-margarita-garrido-directora-par-explora-magallanes-con-el-premio-accion-educativa-en-gala-antartica-de-inach\/#respond\"]}]},{\"@type\":\"WebPage\",\"@id\":\"https:\/\/dev.explora.cl\/magallanes\/distinguen-a-margarita-garrido-directora-par-explora-magallanes-con-el-premio-accion-educativa-en-gala-antartica-de-inach\/\",\"url\":\"https:\/\/dev.explora.cl\/magallanes\/distinguen-a-margarita-garrido-directora-par-explora-magallanes-con-el-premio-accion-educativa-en-gala-antartica-de-inach\/\",\"name\":\"Distinguen a Margarita Garrido, directora PAR Explora Magallanes, con el Premio Acci\u00f3n Educativa en Gala Ant\u00e1rtica de INACH - Magallanes\",\"isPartOf\":{\"@id\":\"https:\/\/dev.explora.cl\/magallanes\/#website\"},\"primaryImageOfPage\":{\"@id\":\"https:\/\/dev.explora.cl\/magallanes\/distinguen-a-margarita-garrido-directora-par-explora-magallanes-con-el-premio-accion-educativa-en-gala-antartica-de-inach\/#primaryimage\"},\"image\":{\"@id\":\"https:\/\/dev.explora.cl\/magallanes\/distinguen-a-margarita-garrido-directora-par-explora-magallanes-con-el-premio-accion-educativa-en-gala-antartica-de-inach\/#primaryimage\"},\"thumbnailUrl\":\"https:\/\/dev.explora.cl\/magallanes\/wp-content\/uploads\/sites\/19\/2018\/06\/G26.jpg\",\"datePublished\":\"2017-11-08T04:00:00+00:00\",\"dateModified\":\"2019-05-20T21:34:56+00:00\",\"breadcrumb\":{\"@id\":\"https:\/\/dev.explora.cl\/magallanes\/distinguen-a-margarita-garrido-directora-par-explora-magallanes-con-el-premio-accion-educativa-en-gala-antartica-de-inach\/#breadcrumb\"},\"inLanguage\":\"es-CL\",\"potentialAction\":[{\"@type\":\"ReadAction\",\"target\":[\"https:\/\/dev.explora.cl\/magallanes\/distinguen-a-margarita-garrido-directora-par-explora-magallanes-con-el-premio-accion-educativa-en-gala-antartica-de-inach\/\"]}]},{\"@type\":\"ImageObject\",\"inLanguage\":\"es-CL\",\"@id\":\"https:\/\/dev.explora.cl\/magallanes\/distinguen-a-margarita-garrido-directora-par-explora-magallanes-con-el-premio-accion-educativa-en-gala-antartica-de-inach\/#primaryimage\",\"url\":\"https:\/\/dev.explora.cl\/magallanes\/wp-content\/uploads\/sites\/19\/2018\/06\/G26.jpg\",\"contentUrl\":\"https:\/\/dev.explora.cl\/magallanes\/wp-content\/uploads\/sites\/19\/2018\/06\/G26.jpg\",\"width\":1519,\"height\":1009},{\"@type\":\"BreadcrumbList\",\"@id\":\"https:\/\/dev.explora.cl\/magallanes\/distinguen-a-margarita-garrido-directora-par-explora-magallanes-con-el-premio-accion-educativa-en-gala-antartica-de-inach\/#breadcrumb\",\"itemListElement\":[{\"@type\":\"ListItem\",\"position\":1,\"name\":\"Portada\",\"item\":\"https:\/\/dev.explora.cl\/magallanes\/\"},{\"@type\":\"ListItem\",\"position\":2,\"name\":\"Distinguen a Margarita Garrido, directora PAR Explora Magallanes, con el Premio Acci\u00f3n Educativa en Gala Ant\u00e1rtica de INACH\"}]},{\"@type\":\"WebSite\",\"@id\":\"https:\/\/dev.explora.cl\/magallanes\/#website\",\"url\":\"https:\/\/dev.explora.cl\/magallanes\/\",\"name\":\"Magallanes\",\"description\":\"Otro sitio m\u00e1s de dev.explora.cl\",\"publisher\":{\"@id\":\"https:\/\/dev.explora.cl\/magallanes\/#organization\"},\"potentialAction\":[{\"@type\":\"SearchAction\",\"target\":{\"@type\":\"EntryPoint\",\"urlTemplate\":\"https:\/\/dev.explora.cl\/magallanes\/?s={search_term_string}\"},\"query-input\":{\"@type\":\"PropertyValueSpecification\",\"valueRequired\":true,\"valueName\":\"search_term_string\"}}],\"inLanguage\":\"es-CL\"},{\"@type\":\"Organization\",\"@id\":\"https:\/\/dev.explora.cl\/magallanes\/#organization\",\"name\":\"Magallanes\",\"url\":\"https:\/\/dev.explora.cl\/magallanes\/\",\"logo\":{\"@type\":\"ImageObject\",\"inLanguage\":\"es-CL\",\"@id\":\"https:\/\/dev.explora.cl\/magallanes\/#\/schema\/logo\/image\/\",\"url\":\"https:\/\/dev.explora.cl\/magallanes\/wp-content\/uploads\/sites\/19\/2021\/06\/cropped-ICONO-COLOR-2.jpg\",\"contentUrl\":\"https:\/\/dev.explora.cl\/magallanes\/wp-content\/uploads\/sites\/19\/2021\/06\/cropped-ICONO-COLOR-2.jpg\",\"width\":1181,\"height\":1181,\"caption\":\"Magallanes\"},\"image\":{\"@id\":\"https:\/\/dev.explora.cl\/magallanes\/#\/schema\/logo\/image\/\"}},{\"@type\":\"Person\",\"@id\":\"https:\/\/dev.explora.cl\/magallanes\/#\/schema\/person\/cb8349c13ea2d324080adf8480d7ba5d\",\"name\":\"webman\",\"image\":{\"@type\":\"ImageObject\",\"inLanguage\":\"es-CL\",\"@id\":\"https:\/\/dev.explora.cl\/magallanes\/#\/schema\/person\/image\/\",\"url\":\"https:\/\/secure.gravatar.com\/avatar\/eeff3c82f2c02f7177d13663b7e6f890e9a6a0647ce9bb29cae02dcb094c7312?s=96&d=mm&r=g\",\"contentUrl\":\"https:\/\/secure.gravatar.com\/avatar\/eeff3c82f2c02f7177d13663b7e6f890e9a6a0647ce9bb29cae02dcb094c7312?s=96&d=mm&r=g\",\"caption\":\"webman\"},\"url\":\"https:\/\/dev.explora.cl\/magallanes\/author\/webman\/\"}]}<\/script>\n<!-- \/ Yoast SEO plugin. -->","yoast_head_json":{"title":"Distinguen a Margarita Garrido, directora PAR Explora Magallanes, con el Premio Acci\u00f3n Educativa en Gala Ant\u00e1rtica de INACH - Magallanes","robots":{"index":"index","follow":"follow","max-snippet":"max-snippet:-1","max-image-preview":"max-image-preview:large","max-video-preview":"max-video-preview:-1"},"canonical":"https:\/\/dev.explora.cl\/magallanes\/distinguen-a-margarita-garrido-directora-par-explora-magallanes-con-el-premio-accion-educativa-en-gala-antartica-de-inach\/","og_locale":"es_ES","og_type":"article","og_title":"Distinguen a Margarita Garrido, directora PAR Explora Magallanes, con el Premio Acci\u00f3n Educativa en Gala Ant\u00e1rtica de INACH - Magallanes","og_description":"Fotograf\u00eda gentileza de INACH Desde abril a septiembre de este a\u00f1o, la exposici\u00f3n itinerante Ant\u00e1rtica Extrema estuvo presente en las cuatro capitales provinciales de la Regi\u00f3n de Magallanes (Punta Arenas, Puerto Natales, Porvenir y Puerto Williams), y acerc\u00f3 las maravillas del Continente Blanco a las comunidades educativas, familias y p\u00fablico en general. Gran labor que [&hellip;]","og_url":"https:\/\/dev.explora.cl\/magallanes\/distinguen-a-margarita-garrido-directora-par-explora-magallanes-con-el-premio-accion-educativa-en-gala-antartica-de-inach\/","og_site_name":"Magallanes","article_published_time":"2017-11-08T04:00:00+00:00","article_modified_time":"2019-05-20T21:34:56+00:00","og_image":[{"width":1519,"height":1009,"url":"https:\/\/dev.explora.cl\/magallanes\/wp-content\/uploads\/sites\/19\/2018\/06\/G26.jpg","type":"image\/jpeg"}],"author":"webman","twitter_card":"summary_large_image","twitter_misc":{"Escrito por":"webman","Tiempo estimado de lectura":"3 minutos"},"schema":{"@context":"https:\/\/schema.org","@graph":[{"@type":"Article","@id":"https:\/\/dev.explora.cl\/magallanes\/distinguen-a-margarita-garrido-directora-par-explora-magallanes-con-el-premio-accion-educativa-en-gala-antartica-de-inach\/#article","isPartOf":{"@id":"https:\/\/dev.explora.cl\/magallanes\/distinguen-a-margarita-garrido-directora-par-explora-magallanes-con-el-premio-accion-educativa-en-gala-antartica-de-inach\/"},"author":{"name":"webman","@id":"https:\/\/dev.explora.cl\/magallanes\/#\/schema\/person\/cb8349c13ea2d324080adf8480d7ba5d"},"headline":"Distinguen a Margarita Garrido, directora PAR Explora Magallanes, con el Premio Acci\u00f3n Educativa en Gala Ant\u00e1rtica de INACH","datePublished":"2017-11-08T04:00:00+00:00","dateModified":"2019-05-20T21:34:56+00:00","mainEntityOfPage":{"@id":"https:\/\/dev.explora.cl\/magallanes\/distinguen-a-margarita-garrido-directora-par-explora-magallanes-con-el-premio-accion-educativa-en-gala-antartica-de-inach\/"},"wordCount":521,"commentCount":0,"publisher":{"@id":"https:\/\/dev.explora.cl\/magallanes\/#organization"},"image":{"@id":"https:\/\/dev.explora.cl\/magallanes\/distinguen-a-margarita-garrido-directora-par-explora-magallanes-con-el-premio-accion-educativa-en-gala-antartica-de-inach\/#primaryimage"},"thumbnailUrl":"https:\/\/dev.explora.cl\/magallanes\/wp-content\/uploads\/sites\/19\/2018\/06\/G26.jpg","articleSection":["Noticias"],"inLanguage":"es-CL","potentialAction":[{"@type":"CommentAction","name":"Comment","target":["https:\/\/dev.explora.cl\/magallanes\/distinguen-a-margarita-garrido-directora-par-explora-magallanes-con-el-premio-accion-educativa-en-gala-antartica-de-inach\/#respond"]}]},{"@type":"WebPage","@id":"https:\/\/dev.explora.cl\/magallanes\/distinguen-a-margarita-garrido-directora-par-explora-magallanes-con-el-premio-accion-educativa-en-gala-antartica-de-inach\/","url":"https:\/\/dev.explora.cl\/magallanes\/distinguen-a-margarita-garrido-directora-par-explora-magallanes-con-el-premio-accion-educativa-en-gala-antartica-de-inach\/","name":"Distinguen a Margarita Garrido, directora PAR Explora Magallanes, con el Premio Acci\u00f3n Educativa en Gala Ant\u00e1rtica de INACH - Magallanes","isPartOf":{"@id":"https:\/\/dev.explora.cl\/magallanes\/#website"},"primaryImageOfPage":{"@id":"https:\/\/dev.explora.cl\/magallanes\/distinguen-a-margarita-garrido-directora-par-explora-magallanes-con-el-premio-accion-educativa-en-gala-antartica-de-inach\/#primaryimage"},"image":{"@id":"https:\/\/dev.explora.cl\/magallanes\/distinguen-a-margarita-garrido-directora-par-explora-magallanes-con-el-premio-accion-educativa-en-gala-antartica-de-inach\/#primaryimage"},"thumbnailUrl":"https:\/\/dev.explora.cl\/magallanes\/wp-content\/uploads\/sites\/19\/2018\/06\/G26.jpg","datePublished":"2017-11-08T04:00:00+00:00","dateModified":"2019-05-20T21:34:56+00:00","breadcrumb":{"@id":"https:\/\/dev.explora.cl\/magallanes\/distinguen-a-margarita-garrido-directora-par-explora-magallanes-con-el-premio-accion-educativa-en-gala-antartica-de-inach\/#breadcrumb"},"inLanguage":"es-CL","potentialAction":[{"@type":"ReadAction","target":["https:\/\/dev.explora.cl\/magallanes\/distinguen-a-margarita-garrido-directora-par-explora-magallanes-con-el-premio-accion-educativa-en-gala-antartica-de-inach\/"]}]},{"@type":"ImageObject","inLanguage":"es-CL","@id":"https:\/\/dev.explora.cl\/magallanes\/distinguen-a-margarita-garrido-directora-par-explora-magallanes-con-el-premio-accion-educativa-en-gala-antartica-de-inach\/#primaryimage","url":"https:\/\/dev.explora.cl\/magallanes\/wp-content\/uploads\/sites\/19\/2018\/06\/G26.jpg","contentUrl":"https:\/\/dev.explora.cl\/magallanes\/wp-content\/uploads\/sites\/19\/2018\/06\/G26.jpg","width":1519,"height":1009},{"@type":"BreadcrumbList","@id":"https:\/\/dev.explora.cl\/magallanes\/distinguen-a-margarita-garrido-directora-par-explora-magallanes-con-el-premio-accion-educativa-en-gala-antartica-de-inach\/#breadcrumb","itemListElement":[{"@type":"ListItem","position":1,"name":"Portada","item":"https:\/\/dev.explora.cl\/magallanes\/"},{"@type":"ListItem","position":2,"name":"Distinguen a Margarita Garrido, directora PAR Explora Magallanes, con el Premio Acci\u00f3n Educativa en Gala Ant\u00e1rtica de INACH"}]},{"@type":"WebSite","@id":"https:\/\/dev.explora.cl\/magallanes\/#website","url":"https:\/\/dev.explora.cl\/magallanes\/","name":"Magallanes","description":"Otro sitio m\u00e1s de dev.explora.cl","publisher":{"@id":"https:\/\/dev.explora.cl\/magallanes\/#organization"},"potentialAction":[{"@type":"SearchAction","target":{"@type":"EntryPoint","urlTemplate":"https:\/\/dev.explora.cl\/magallanes\/?s={search_term_string}"},"query-input":{"@type":"PropertyValueSpecification","valueRequired":true,"valueName":"search_term_string"}}],"inLanguage":"es-CL"},{"@type":"Organization","@id":"https:\/\/dev.explora.cl\/magallanes\/#organization","name":"Magallanes","url":"https:\/\/dev.explora.cl\/magallanes\/","logo":{"@type":"ImageObject","inLanguage":"es-CL","@id":"https:\/\/dev.explora.cl\/magallanes\/#\/schema\/logo\/image\/","url":"https:\/\/dev.explora.cl\/magallanes\/wp-content\/uploads\/sites\/19\/2021\/06\/cropped-ICONO-COLOR-2.jpg","contentUrl":"https:\/\/dev.explora.cl\/magallanes\/wp-content\/uploads\/sites\/19\/2021\/06\/cropped-ICONO-COLOR-2.jpg","width":1181,"height":1181,"caption":"Magallanes"},"image":{"@id":"https:\/\/dev.explora.cl\/magallanes\/#\/schema\/logo\/image\/"}},{"@type":"Person","@id":"https:\/\/dev.explora.cl\/magallanes\/#\/schema\/person\/cb8349c13ea2d324080adf8480d7ba5d","name":"webman","image":{"@type":"ImageObject","inLanguage":"es-CL","@id":"https:\/\/dev.explora.cl\/magallanes\/#\/schema\/person\/image\/","url":"https:\/\/secure.gravatar.com\/avatar\/eeff3c82f2c02f7177d13663b7e6f890e9a6a0647ce9bb29cae02dcb094c7312?s=96&d=mm&r=g","contentUrl":"https:\/\/secure.gravatar.com\/avatar\/eeff3c82f2c02f7177d13663b7e6f890e9a6a0647ce9bb29cae02dcb094c7312?s=96&d=mm&r=g","caption":"webman"},"url":"https:\/\/dev.explora.cl\/magallanes\/author\/webman\/"}]}},"_links":{"self":[{"href":"https:\/\/dev.explora.cl\/magallanes\/wp-json\/wp\/v2\/posts\/830","targetHints":{"allow":["GET"]}}],"collection":[{"href":"https:\/\/dev.explora.cl\/magallanes\/wp-json\/wp\/v2\/posts"}],"about":[{"href":"https:\/\/dev.explora.cl\/magallanes\/wp-json\/wp\/v2\/types\/post"}],"author":[{"embeddable":true,"href":"https:\/\/dev.explora.cl\/magallanes\/wp-json\/wp\/v2\/users\/2"}],"replies":[{"embeddable":true,"href":"https:\/\/dev.explora.cl\/magallanes\/wp-json\/wp\/v2\/comments?post=830"}],"version-history":[{"count":1,"href":"https:\/\/dev.explora.cl\/magallanes\/wp-json\/wp\/v2\/posts\/830\/revisions"}],"predecessor-version":[{"id":37641,"href":"https:\/\/dev.explora.cl\/magallanes\/wp-json\/wp\/v2\/posts\/830\/revisions\/37641"}],"wp:featuredmedia":[{"embeddable":true,"href":"https:\/\/dev.explora.cl\/magallanes\/wp-json\/wp\/v2\/media\/831"}],"wp:attachment":[{"href":"https:\/\/dev.explora.cl\/magallanes\/wp-json\/wp\/v2\/media?parent=830"}],"wp:term":[{"taxonomy":"category","embeddable":true,"href":"https:\/\/dev.explora.cl\/magallanes\/wp-json\/wp\/v2\/categories?post=830"},{"taxonomy":"post_tag","embeddable":true,"href":"https:\/\/dev.explora.cl\/magallanes\/wp-json\/wp\/v2\/tags?post=830"}],"curies":[{"name":"wp","href":"https:\/\/api.w.org\/{rel}","templated":true}]}}