{"id":828,"date":"2017-11-07T00:00:00","date_gmt":"2017-11-07T04:00:00","guid":{"rendered":"https:\/\/dev.explora.cl\/magallanes\/blog\/2017\/11\/07\/consejo-regional-brinda-reconocimiento-a-ganadores-del-congreso-regional-escolar-de-la-ciencia-y-la-tecnologia\/"},"modified":"2019-05-20T21:34:58","modified_gmt":"2019-05-20T21:34:58","slug":"consejo-regional-brinda-reconocimiento-a-ganadores-del-congreso-regional-escolar-de-la-ciencia-y-la-tecnologia","status":"publish","type":"post","link":"https:\/\/dev.explora.cl\/magallanes\/consejo-regional-brinda-reconocimiento-a-ganadores-del-congreso-regional-escolar-de-la-ciencia-y-la-tecnologia\/","title":{"rendered":"Consejo Regional brinda reconocimiento a ganadores del Congreso Regional Escolar de la Ciencia y la Tecnolog\u00eda"},"content":{"rendered":"<p><img loading=\"lazy\" decoding=\"async\" class=\" size-full wp-image-28798\" src=\"http:\/\/ec2-54-245-22-188.us-west-2.compute.amazonaws.com\/wp-content\/uploads\/2017\/11\/Reconocimiento_CORE.jpg\" alt=\"Reconocimiento CORE\" width=\"1200\" height=\"900\" \/><\/p>\n<p>Minutos antes de empezar con la sesi\u00f3n del Consejo Regional (CORE) de Magallanes en el Sal\u00f3n Nelda Panicucci de la Intendencia Regional, se reconoci\u00f3 a los estudiantes ganadores del XX Congreso Regional de la Ciencia y la Tecnolog\u00eda (CRECyT) que organiza el PAR Explora de CONICYT Magallanes y de la Ant\u00e1rtica Chilena de la Universidad de Magallanes.<\/p>\n<p>El presidente de la Comisi\u00f3n de Ciencias del CORE, Roberto Sahr, fue el encargado de entregar esta distinci\u00f3n, qui\u00e9n en la oportunidad tuvo palabras de apoyo para los estudiantes que se preparan para representar a la regi\u00f3n en el Congreso Nacional Escolar de la Ciencia y la Tecnolog\u00eda (CNECyT) a efectuarse la \u00faltima semana de noviembre en Arica.<\/p>\n<p>\u201cEs muy importante destacar a todos quienes hacen Ciencia en nuestra regi\u00f3n, nuestro futuro est\u00e1 en la investigaci\u00f3n, en la innovaci\u00f3n y en la tecnolog\u00eda, y creo que falta mucho por hacer, falta mucho financiamiento. De verdad llena de orgullo cuando gente con un futuro tan provisorio como ustedes participa en esto, y para nosotros como magall\u00e1nicos, es un verdadero honor que estos j\u00f3venes est\u00e9n representando a nuestra regi\u00f3n en competencias de Ciencias a nivel nacional\u201d, destac\u00f3 en la reuni\u00f3n. &nbsp;<\/p>\n<p>En la oportunidad, se premi\u00f3 a las estudiantes de 8\u00b0 b\u00e1sico de la Escuela Pedro Pablo Lemaitre, Javiera Alvarado y Valentina Velqu\u00e9n, junto a su profesora Paola Vidal, quienes desarrollan la investigaci\u00f3n \u201cHormigas, m\u00e1s cerca de lo que cre\u00edas\u201d; y a los estudiantes de 3\u00b0 medio del Colegio Luterano, Pablo Sanhueza y Gianfranco Cavallieri, quienes junto a su profesor Alan Maldonado trabajan en la investigaci\u00f3n \u201c\u00bf<em>Bombus dahlbomii, <\/em>un nativo en adaptaci\u00f3n?\u201d.<\/p>\n<p>\u201cDe verdad que no nos esper\u00e1bamos un reconocimiento tan importante, fue como que de repente nuestra t\u00eda (Paola Vidal) nos dijo que ten\u00edamos que estar con el uniforme. Fue una sorpresa totalmente\u201d, comentaron Javiera y Valentina.<\/p>\n<p>Con respecto a los avances de su investigaci\u00f3n, relataron: \u201cNosotras hemos estado trabajando a full para el Congreso Nacional, ahora vamos a hacer una salida a terreno ya que los d\u00edas est\u00e1n m\u00e1s lindos, entonces esperamos encontrar m\u00e1s hormigas. Adem\u00e1s estamos haciendo encuestas en Magallanes. Nuestra profesora se fue a Torres del Paine y encontr\u00f3 hormigas, y hoy pudimos verlas, las tocamos, as\u00ed que estamos muy contentas por eso, es como un sue\u00f1o. Tenemos casi todo listo\u201d.<\/p>\n<p>Por su parte, Gianfranco y Pablo, quienes ganaron la versi\u00f3n pasada del CNECyT, se mostraron muy contentos por la distinci\u00f3n, \u201cMe pareci\u00f3 muy bonito que nos reconozcan antes de partir al Nacional en Arica, est\u00e1 muy bien porque se reconoce el trabajo que uno hace durante el a\u00f1o y se ve que otra gente conoce lo que estamos haciendo\u201d, opinan.<\/p>\n<p>Durante estas \u00faltimas semanas, los j\u00f3venes han continuado trabajando arduamente en su presentaci\u00f3n \u201cEstamos viendo c\u00f3mo mejorar nuestro stand, como hacerlo m\u00e1s llamativo para la gente, para que entiendan m\u00e1s f\u00e1cil nuestra presentaci\u00f3n. Esta vez solo eval\u00faan stand, por eso estamos concentrando fuerzas en ver c\u00f3mo podemos mejorar nuestro stand para hacerlo m\u00e1s llamativo y atractivo al p\u00fablico\u201d, comentan.<\/p>\n<p>La delegaci\u00f3n que viajar\u00e1 a Arica se completa con dos equipos de Puerto Natales del Liceo Mar\u00eda Mazzarello y Colegio Puerto Natales, m\u00e1s una delegaci\u00f3n del Liceo Donald Mc Intyre Griffiths de Puerto Williams, estas tres \u00faltimas no pudieron asistir por temas de tiempo y distancia, y se les har\u00e1 llegar sus respectivos reconocimientos.&nbsp; Estos cinco grupos ser\u00e1n los encargados de representar a Magallanes y presentar los avances de sus investigaciones en el Congreso Nacional Escolar del Programa Explora de CONICYT a finales de este mes.<\/p>\n","protected":false},"excerpt":{"rendered":"<p>Minutos antes de empezar con la sesi\u00f3n del Consejo Regional (CORE) de Magallanes en el Sal\u00f3n Nelda Panicucci de la Intendencia Regional, se reconoci\u00f3 a los estudiantes ganadores del XX Congreso Regional de la Ciencia y la Tecnolog\u00eda (CRECyT) que organiza el PAR Explora de CONICYT Magallanes y de la Ant\u00e1rtica Chilena de la Universidad [&hellip;]<\/p>\n","protected":false},"author":2,"featured_media":829,"comment_status":"open","ping_status":"open","sticky":false,"template":"","format":"standard","meta":{"_acf_changed":false,"_exactmetrics_skip_tracking":false,"_exactmetrics_sitenote_active":false,"_exactmetrics_sitenote_note":"","_exactmetrics_sitenote_category":0,"footnotes":"","_links_to":"","_links_to_target":""},"categories":[4],"tags":[],"class_list":["post-828","post","type-post","status-publish","format-standard","has-post-thumbnail","hentry","category-noticias"],"acf":[],"yoast_head":"<!-- This site is optimized with the Yoast SEO plugin v26.7 - https:\/\/yoast.com\/wordpress\/plugins\/seo\/ -->\n<title>Consejo Regional brinda reconocimiento a ganadores del Congreso Regional Escolar de la Ciencia y la Tecnolog\u00eda - Magallanes<\/title>\n<meta name=\"robots\" content=\"index, follow, max-snippet:-1, max-image-preview:large, max-video-preview:-1\" \/>\n<link rel=\"canonical\" href=\"https:\/\/dev.explora.cl\/magallanes\/consejo-regional-brinda-reconocimiento-a-ganadores-del-congreso-regional-escolar-de-la-ciencia-y-la-tecnologia\/\" class=\"yoast-seo-meta-tag\" \/>\n<meta property=\"og:locale\" content=\"es_ES\" class=\"yoast-seo-meta-tag\" \/>\n<meta property=\"og:type\" content=\"article\" class=\"yoast-seo-meta-tag\" \/>\n<meta property=\"og:title\" content=\"Consejo Regional brinda reconocimiento a ganadores del Congreso Regional Escolar de la Ciencia y la Tecnolog\u00eda - Magallanes\" class=\"yoast-seo-meta-tag\" \/>\n<meta property=\"og:description\" content=\"Minutos antes de empezar con la sesi\u00f3n del Consejo Regional (CORE) de Magallanes en el Sal\u00f3n Nelda Panicucci de la Intendencia Regional, se reconoci\u00f3 a los estudiantes ganadores del XX Congreso Regional de la Ciencia y la Tecnolog\u00eda (CRECyT) que organiza el PAR Explora de CONICYT Magallanes y de la Ant\u00e1rtica Chilena de la Universidad [&hellip;]\" class=\"yoast-seo-meta-tag\" \/>\n<meta property=\"og:url\" content=\"https:\/\/dev.explora.cl\/magallanes\/consejo-regional-brinda-reconocimiento-a-ganadores-del-congreso-regional-escolar-de-la-ciencia-y-la-tecnologia\/\" class=\"yoast-seo-meta-tag\" \/>\n<meta property=\"og:site_name\" content=\"Magallanes\" class=\"yoast-seo-meta-tag\" \/>\n<meta property=\"article:published_time\" content=\"2017-11-07T04:00:00+00:00\" class=\"yoast-seo-meta-tag\" \/>\n<meta property=\"article:modified_time\" content=\"2019-05-20T21:34:58+00:00\" class=\"yoast-seo-meta-tag\" \/>\n<meta property=\"og:image\" content=\"https:\/\/dev.explora.cl\/magallanes\/wp-content\/uploads\/sites\/19\/2018\/06\/Reconocimiento_CORE.jpg\" class=\"yoast-seo-meta-tag\" \/>\n\t<meta property=\"og:image:width\" content=\"1200\" class=\"yoast-seo-meta-tag\" \/>\n\t<meta property=\"og:image:height\" content=\"900\" class=\"yoast-seo-meta-tag\" \/>\n\t<meta property=\"og:image:type\" content=\"image\/jpeg\" class=\"yoast-seo-meta-tag\" \/>\n<meta name=\"author\" content=\"webman\" class=\"yoast-seo-meta-tag\" \/>\n<meta name=\"twitter:card\" content=\"summary_large_image\" class=\"yoast-seo-meta-tag\" \/>\n<meta name=\"twitter:label1\" content=\"Escrito por\" class=\"yoast-seo-meta-tag\" \/>\n\t<meta name=\"twitter:data1\" content=\"webman\" class=\"yoast-seo-meta-tag\" \/>\n\t<meta name=\"twitter:label2\" content=\"Tiempo estimado de lectura\" class=\"yoast-seo-meta-tag\" \/>\n\t<meta name=\"twitter:data2\" content=\"3 minutos\" class=\"yoast-seo-meta-tag\" \/>\n<script type=\"application\/ld+json\" class=\"yoast-schema-graph\">{\"@context\":\"https:\/\/schema.org\",\"@graph\":[{\"@type\":\"Article\",\"@id\":\"https:\/\/dev.explora.cl\/magallanes\/consejo-regional-brinda-reconocimiento-a-ganadores-del-congreso-regional-escolar-de-la-ciencia-y-la-tecnologia\/#article\",\"isPartOf\":{\"@id\":\"https:\/\/dev.explora.cl\/magallanes\/consejo-regional-brinda-reconocimiento-a-ganadores-del-congreso-regional-escolar-de-la-ciencia-y-la-tecnologia\/\"},\"author\":{\"name\":\"webman\",\"@id\":\"https:\/\/dev.explora.cl\/magallanes\/#\/schema\/person\/cb8349c13ea2d324080adf8480d7ba5d\"},\"headline\":\"Consejo Regional brinda reconocimiento a ganadores del Congreso Regional Escolar de la Ciencia y la Tecnolog\u00eda\",\"datePublished\":\"2017-11-07T04:00:00+00:00\",\"dateModified\":\"2019-05-20T21:34:58+00:00\",\"mainEntityOfPage\":{\"@id\":\"https:\/\/dev.explora.cl\/magallanes\/consejo-regional-brinda-reconocimiento-a-ganadores-del-congreso-regional-escolar-de-la-ciencia-y-la-tecnologia\/\"},\"wordCount\":655,\"commentCount\":0,\"publisher\":{\"@id\":\"https:\/\/dev.explora.cl\/magallanes\/#organization\"},\"image\":{\"@id\":\"https:\/\/dev.explora.cl\/magallanes\/consejo-regional-brinda-reconocimiento-a-ganadores-del-congreso-regional-escolar-de-la-ciencia-y-la-tecnologia\/#primaryimage\"},\"thumbnailUrl\":\"https:\/\/dev.explora.cl\/magallanes\/wp-content\/uploads\/sites\/19\/2018\/06\/Reconocimiento_CORE.jpg\",\"articleSection\":[\"Noticias\"],\"inLanguage\":\"es-CL\",\"potentialAction\":[{\"@type\":\"CommentAction\",\"name\":\"Comment\",\"target\":[\"https:\/\/dev.explora.cl\/magallanes\/consejo-regional-brinda-reconocimiento-a-ganadores-del-congreso-regional-escolar-de-la-ciencia-y-la-tecnologia\/#respond\"]}]},{\"@type\":\"WebPage\",\"@id\":\"https:\/\/dev.explora.cl\/magallanes\/consejo-regional-brinda-reconocimiento-a-ganadores-del-congreso-regional-escolar-de-la-ciencia-y-la-tecnologia\/\",\"url\":\"https:\/\/dev.explora.cl\/magallanes\/consejo-regional-brinda-reconocimiento-a-ganadores-del-congreso-regional-escolar-de-la-ciencia-y-la-tecnologia\/\",\"name\":\"Consejo Regional brinda reconocimiento a ganadores del Congreso Regional Escolar de la Ciencia y la Tecnolog\u00eda - Magallanes\",\"isPartOf\":{\"@id\":\"https:\/\/dev.explora.cl\/magallanes\/#website\"},\"primaryImageOfPage\":{\"@id\":\"https:\/\/dev.explora.cl\/magallanes\/consejo-regional-brinda-reconocimiento-a-ganadores-del-congreso-regional-escolar-de-la-ciencia-y-la-tecnologia\/#primaryimage\"},\"image\":{\"@id\":\"https:\/\/dev.explora.cl\/magallanes\/consejo-regional-brinda-reconocimiento-a-ganadores-del-congreso-regional-escolar-de-la-ciencia-y-la-tecnologia\/#primaryimage\"},\"thumbnailUrl\":\"https:\/\/dev.explora.cl\/magallanes\/wp-content\/uploads\/sites\/19\/2018\/06\/Reconocimiento_CORE.jpg\",\"datePublished\":\"2017-11-07T04:00:00+00:00\",\"dateModified\":\"2019-05-20T21:34:58+00:00\",\"breadcrumb\":{\"@id\":\"https:\/\/dev.explora.cl\/magallanes\/consejo-regional-brinda-reconocimiento-a-ganadores-del-congreso-regional-escolar-de-la-ciencia-y-la-tecnologia\/#breadcrumb\"},\"inLanguage\":\"es-CL\",\"potentialAction\":[{\"@type\":\"ReadAction\",\"target\":[\"https:\/\/dev.explora.cl\/magallanes\/consejo-regional-brinda-reconocimiento-a-ganadores-del-congreso-regional-escolar-de-la-ciencia-y-la-tecnologia\/\"]}]},{\"@type\":\"ImageObject\",\"inLanguage\":\"es-CL\",\"@id\":\"https:\/\/dev.explora.cl\/magallanes\/consejo-regional-brinda-reconocimiento-a-ganadores-del-congreso-regional-escolar-de-la-ciencia-y-la-tecnologia\/#primaryimage\",\"url\":\"https:\/\/dev.explora.cl\/magallanes\/wp-content\/uploads\/sites\/19\/2018\/06\/Reconocimiento_CORE.jpg\",\"contentUrl\":\"https:\/\/dev.explora.cl\/magallanes\/wp-content\/uploads\/sites\/19\/2018\/06\/Reconocimiento_CORE.jpg\",\"width\":1200,\"height\":900,\"caption\":\"Reconocimiento CORE\"},{\"@type\":\"BreadcrumbList\",\"@id\":\"https:\/\/dev.explora.cl\/magallanes\/consejo-regional-brinda-reconocimiento-a-ganadores-del-congreso-regional-escolar-de-la-ciencia-y-la-tecnologia\/#breadcrumb\",\"itemListElement\":[{\"@type\":\"ListItem\",\"position\":1,\"name\":\"Portada\",\"item\":\"https:\/\/dev.explora.cl\/magallanes\/\"},{\"@type\":\"ListItem\",\"position\":2,\"name\":\"Consejo Regional brinda reconocimiento a ganadores del Congreso Regional Escolar de la Ciencia y la Tecnolog\u00eda\"}]},{\"@type\":\"WebSite\",\"@id\":\"https:\/\/dev.explora.cl\/magallanes\/#website\",\"url\":\"https:\/\/dev.explora.cl\/magallanes\/\",\"name\":\"Magallanes\",\"description\":\"Otro sitio m\u00e1s de dev.explora.cl\",\"publisher\":{\"@id\":\"https:\/\/dev.explora.cl\/magallanes\/#organization\"},\"potentialAction\":[{\"@type\":\"SearchAction\",\"target\":{\"@type\":\"EntryPoint\",\"urlTemplate\":\"https:\/\/dev.explora.cl\/magallanes\/?s={search_term_string}\"},\"query-input\":{\"@type\":\"PropertyValueSpecification\",\"valueRequired\":true,\"valueName\":\"search_term_string\"}}],\"inLanguage\":\"es-CL\"},{\"@type\":\"Organization\",\"@id\":\"https:\/\/dev.explora.cl\/magallanes\/#organization\",\"name\":\"Magallanes\",\"url\":\"https:\/\/dev.explora.cl\/magallanes\/\",\"logo\":{\"@type\":\"ImageObject\",\"inLanguage\":\"es-CL\",\"@id\":\"https:\/\/dev.explora.cl\/magallanes\/#\/schema\/logo\/image\/\",\"url\":\"https:\/\/dev.explora.cl\/magallanes\/wp-content\/uploads\/sites\/19\/2021\/06\/cropped-ICONO-COLOR-2.jpg\",\"contentUrl\":\"https:\/\/dev.explora.cl\/magallanes\/wp-content\/uploads\/sites\/19\/2021\/06\/cropped-ICONO-COLOR-2.jpg\",\"width\":1181,\"height\":1181,\"caption\":\"Magallanes\"},\"image\":{\"@id\":\"https:\/\/dev.explora.cl\/magallanes\/#\/schema\/logo\/image\/\"}},{\"@type\":\"Person\",\"@id\":\"https:\/\/dev.explora.cl\/magallanes\/#\/schema\/person\/cb8349c13ea2d324080adf8480d7ba5d\",\"name\":\"webman\",\"image\":{\"@type\":\"ImageObject\",\"inLanguage\":\"es-CL\",\"@id\":\"https:\/\/dev.explora.cl\/magallanes\/#\/schema\/person\/image\/\",\"url\":\"https:\/\/secure.gravatar.com\/avatar\/eeff3c82f2c02f7177d13663b7e6f890e9a6a0647ce9bb29cae02dcb094c7312?s=96&d=mm&r=g\",\"contentUrl\":\"https:\/\/secure.gravatar.com\/avatar\/eeff3c82f2c02f7177d13663b7e6f890e9a6a0647ce9bb29cae02dcb094c7312?s=96&d=mm&r=g\",\"caption\":\"webman\"},\"url\":\"https:\/\/dev.explora.cl\/magallanes\/author\/webman\/\"}]}<\/script>\n<!-- \/ Yoast SEO plugin. -->","yoast_head_json":{"title":"Consejo Regional brinda reconocimiento a ganadores del Congreso Regional Escolar de la Ciencia y la Tecnolog\u00eda - Magallanes","robots":{"index":"index","follow":"follow","max-snippet":"max-snippet:-1","max-image-preview":"max-image-preview:large","max-video-preview":"max-video-preview:-1"},"canonical":"https:\/\/dev.explora.cl\/magallanes\/consejo-regional-brinda-reconocimiento-a-ganadores-del-congreso-regional-escolar-de-la-ciencia-y-la-tecnologia\/","og_locale":"es_ES","og_type":"article","og_title":"Consejo Regional brinda reconocimiento a ganadores del Congreso Regional Escolar de la Ciencia y la Tecnolog\u00eda - Magallanes","og_description":"Minutos antes de empezar con la sesi\u00f3n del Consejo Regional (CORE) de Magallanes en el Sal\u00f3n Nelda Panicucci de la Intendencia Regional, se reconoci\u00f3 a los estudiantes ganadores del XX Congreso Regional de la Ciencia y la Tecnolog\u00eda (CRECyT) que organiza el PAR Explora de CONICYT Magallanes y de la Ant\u00e1rtica Chilena de la Universidad [&hellip;]","og_url":"https:\/\/dev.explora.cl\/magallanes\/consejo-regional-brinda-reconocimiento-a-ganadores-del-congreso-regional-escolar-de-la-ciencia-y-la-tecnologia\/","og_site_name":"Magallanes","article_published_time":"2017-11-07T04:00:00+00:00","article_modified_time":"2019-05-20T21:34:58+00:00","og_image":[{"width":1200,"height":900,"url":"https:\/\/dev.explora.cl\/magallanes\/wp-content\/uploads\/sites\/19\/2018\/06\/Reconocimiento_CORE.jpg","type":"image\/jpeg"}],"author":"webman","twitter_card":"summary_large_image","twitter_misc":{"Escrito por":"webman","Tiempo estimado de lectura":"3 minutos"},"schema":{"@context":"https:\/\/schema.org","@graph":[{"@type":"Article","@id":"https:\/\/dev.explora.cl\/magallanes\/consejo-regional-brinda-reconocimiento-a-ganadores-del-congreso-regional-escolar-de-la-ciencia-y-la-tecnologia\/#article","isPartOf":{"@id":"https:\/\/dev.explora.cl\/magallanes\/consejo-regional-brinda-reconocimiento-a-ganadores-del-congreso-regional-escolar-de-la-ciencia-y-la-tecnologia\/"},"author":{"name":"webman","@id":"https:\/\/dev.explora.cl\/magallanes\/#\/schema\/person\/cb8349c13ea2d324080adf8480d7ba5d"},"headline":"Consejo Regional brinda reconocimiento a ganadores del Congreso Regional Escolar de la Ciencia y la Tecnolog\u00eda","datePublished":"2017-11-07T04:00:00+00:00","dateModified":"2019-05-20T21:34:58+00:00","mainEntityOfPage":{"@id":"https:\/\/dev.explora.cl\/magallanes\/consejo-regional-brinda-reconocimiento-a-ganadores-del-congreso-regional-escolar-de-la-ciencia-y-la-tecnologia\/"},"wordCount":655,"commentCount":0,"publisher":{"@id":"https:\/\/dev.explora.cl\/magallanes\/#organization"},"image":{"@id":"https:\/\/dev.explora.cl\/magallanes\/consejo-regional-brinda-reconocimiento-a-ganadores-del-congreso-regional-escolar-de-la-ciencia-y-la-tecnologia\/#primaryimage"},"thumbnailUrl":"https:\/\/dev.explora.cl\/magallanes\/wp-content\/uploads\/sites\/19\/2018\/06\/Reconocimiento_CORE.jpg","articleSection":["Noticias"],"inLanguage":"es-CL","potentialAction":[{"@type":"CommentAction","name":"Comment","target":["https:\/\/dev.explora.cl\/magallanes\/consejo-regional-brinda-reconocimiento-a-ganadores-del-congreso-regional-escolar-de-la-ciencia-y-la-tecnologia\/#respond"]}]},{"@type":"WebPage","@id":"https:\/\/dev.explora.cl\/magallanes\/consejo-regional-brinda-reconocimiento-a-ganadores-del-congreso-regional-escolar-de-la-ciencia-y-la-tecnologia\/","url":"https:\/\/dev.explora.cl\/magallanes\/consejo-regional-brinda-reconocimiento-a-ganadores-del-congreso-regional-escolar-de-la-ciencia-y-la-tecnologia\/","name":"Consejo Regional brinda reconocimiento a ganadores del Congreso Regional Escolar de la Ciencia y la Tecnolog\u00eda - Magallanes","isPartOf":{"@id":"https:\/\/dev.explora.cl\/magallanes\/#website"},"primaryImageOfPage":{"@id":"https:\/\/dev.explora.cl\/magallanes\/consejo-regional-brinda-reconocimiento-a-ganadores-del-congreso-regional-escolar-de-la-ciencia-y-la-tecnologia\/#primaryimage"},"image":{"@id":"https:\/\/dev.explora.cl\/magallanes\/consejo-regional-brinda-reconocimiento-a-ganadores-del-congreso-regional-escolar-de-la-ciencia-y-la-tecnologia\/#primaryimage"},"thumbnailUrl":"https:\/\/dev.explora.cl\/magallanes\/wp-content\/uploads\/sites\/19\/2018\/06\/Reconocimiento_CORE.jpg","datePublished":"2017-11-07T04:00:00+00:00","dateModified":"2019-05-20T21:34:58+00:00","breadcrumb":{"@id":"https:\/\/dev.explora.cl\/magallanes\/consejo-regional-brinda-reconocimiento-a-ganadores-del-congreso-regional-escolar-de-la-ciencia-y-la-tecnologia\/#breadcrumb"},"inLanguage":"es-CL","potentialAction":[{"@type":"ReadAction","target":["https:\/\/dev.explora.cl\/magallanes\/consejo-regional-brinda-reconocimiento-a-ganadores-del-congreso-regional-escolar-de-la-ciencia-y-la-tecnologia\/"]}]},{"@type":"ImageObject","inLanguage":"es-CL","@id":"https:\/\/dev.explora.cl\/magallanes\/consejo-regional-brinda-reconocimiento-a-ganadores-del-congreso-regional-escolar-de-la-ciencia-y-la-tecnologia\/#primaryimage","url":"https:\/\/dev.explora.cl\/magallanes\/wp-content\/uploads\/sites\/19\/2018\/06\/Reconocimiento_CORE.jpg","contentUrl":"https:\/\/dev.explora.cl\/magallanes\/wp-content\/uploads\/sites\/19\/2018\/06\/Reconocimiento_CORE.jpg","width":1200,"height":900,"caption":"Reconocimiento CORE"},{"@type":"BreadcrumbList","@id":"https:\/\/dev.explora.cl\/magallanes\/consejo-regional-brinda-reconocimiento-a-ganadores-del-congreso-regional-escolar-de-la-ciencia-y-la-tecnologia\/#breadcrumb","itemListElement":[{"@type":"ListItem","position":1,"name":"Portada","item":"https:\/\/dev.explora.cl\/magallanes\/"},{"@type":"ListItem","position":2,"name":"Consejo Regional brinda reconocimiento a ganadores del Congreso Regional Escolar de la Ciencia y la Tecnolog\u00eda"}]},{"@type":"WebSite","@id":"https:\/\/dev.explora.cl\/magallanes\/#website","url":"https:\/\/dev.explora.cl\/magallanes\/","name":"Magallanes","description":"Otro sitio m\u00e1s de dev.explora.cl","publisher":{"@id":"https:\/\/dev.explora.cl\/magallanes\/#organization"},"potentialAction":[{"@type":"SearchAction","target":{"@type":"EntryPoint","urlTemplate":"https:\/\/dev.explora.cl\/magallanes\/?s={search_term_string}"},"query-input":{"@type":"PropertyValueSpecification","valueRequired":true,"valueName":"search_term_string"}}],"inLanguage":"es-CL"},{"@type":"Organization","@id":"https:\/\/dev.explora.cl\/magallanes\/#organization","name":"Magallanes","url":"https:\/\/dev.explora.cl\/magallanes\/","logo":{"@type":"ImageObject","inLanguage":"es-CL","@id":"https:\/\/dev.explora.cl\/magallanes\/#\/schema\/logo\/image\/","url":"https:\/\/dev.explora.cl\/magallanes\/wp-content\/uploads\/sites\/19\/2021\/06\/cropped-ICONO-COLOR-2.jpg","contentUrl":"https:\/\/dev.explora.cl\/magallanes\/wp-content\/uploads\/sites\/19\/2021\/06\/cropped-ICONO-COLOR-2.jpg","width":1181,"height":1181,"caption":"Magallanes"},"image":{"@id":"https:\/\/dev.explora.cl\/magallanes\/#\/schema\/logo\/image\/"}},{"@type":"Person","@id":"https:\/\/dev.explora.cl\/magallanes\/#\/schema\/person\/cb8349c13ea2d324080adf8480d7ba5d","name":"webman","image":{"@type":"ImageObject","inLanguage":"es-CL","@id":"https:\/\/dev.explora.cl\/magallanes\/#\/schema\/person\/image\/","url":"https:\/\/secure.gravatar.com\/avatar\/eeff3c82f2c02f7177d13663b7e6f890e9a6a0647ce9bb29cae02dcb094c7312?s=96&d=mm&r=g","contentUrl":"https:\/\/secure.gravatar.com\/avatar\/eeff3c82f2c02f7177d13663b7e6f890e9a6a0647ce9bb29cae02dcb094c7312?s=96&d=mm&r=g","caption":"webman"},"url":"https:\/\/dev.explora.cl\/magallanes\/author\/webman\/"}]}},"_links":{"self":[{"href":"https:\/\/dev.explora.cl\/magallanes\/wp-json\/wp\/v2\/posts\/828","targetHints":{"allow":["GET"]}}],"collection":[{"href":"https:\/\/dev.explora.cl\/magallanes\/wp-json\/wp\/v2\/posts"}],"about":[{"href":"https:\/\/dev.explora.cl\/magallanes\/wp-json\/wp\/v2\/types\/post"}],"author":[{"embeddable":true,"href":"https:\/\/dev.explora.cl\/magallanes\/wp-json\/wp\/v2\/users\/2"}],"replies":[{"embeddable":true,"href":"https:\/\/dev.explora.cl\/magallanes\/wp-json\/wp\/v2\/comments?post=828"}],"version-history":[{"count":1,"href":"https:\/\/dev.explora.cl\/magallanes\/wp-json\/wp\/v2\/posts\/828\/revisions"}],"predecessor-version":[{"id":37642,"href":"https:\/\/dev.explora.cl\/magallanes\/wp-json\/wp\/v2\/posts\/828\/revisions\/37642"}],"wp:featuredmedia":[{"embeddable":true,"href":"https:\/\/dev.explora.cl\/magallanes\/wp-json\/wp\/v2\/media\/829"}],"wp:attachment":[{"href":"https:\/\/dev.explora.cl\/magallanes\/wp-json\/wp\/v2\/media?parent=828"}],"wp:term":[{"taxonomy":"category","embeddable":true,"href":"https:\/\/dev.explora.cl\/magallanes\/wp-json\/wp\/v2\/categories?post=828"},{"taxonomy":"post_tag","embeddable":true,"href":"https:\/\/dev.explora.cl\/magallanes\/wp-json\/wp\/v2\/tags?post=828"}],"curies":[{"name":"wp","href":"https:\/\/api.w.org\/{rel}","templated":true}]}}