{"id":826,"date":"2017-11-06T00:00:00","date_gmt":"2017-11-06T04:00:00","guid":{"rendered":"https:\/\/dev.explora.cl\/magallanes\/blog\/2017\/11\/06\/ganadores-regionales-del-album-explora-un-gran-viaje-por-el-oceano\/"},"modified":"2019-05-20T21:34:59","modified_gmt":"2019-05-20T21:34:59","slug":"ganadores-regionales-del-album-explora-un-gran-viaje-por-el-oceano","status":"publish","type":"post","link":"https:\/\/dev.explora.cl\/magallanes\/ganadores-regionales-del-album-explora-un-gran-viaje-por-el-oceano\/","title":{"rendered":"Ganadores regionales del \u00c1lbum Explora \u201cUn gran viaje por el oc\u00e9ano\u201d"},"content":{"rendered":"<p><img loading=\"lazy\" decoding=\"async\" class=\" size-full wp-image-28736\" src=\"http:\/\/ec2-54-245-22-188.us-west-2.compute.amazonaws.com\/wp-content\/uploads\/2017\/11\/ganadoresalbumpuntaarenas.jpg\" alt=\"\" width=\"1200\" height=\"900\" \/><\/p>\n<p><img loading=\"lazy\" decoding=\"async\" class=\" size-full wp-image-28736\" src=\"http:\/\/ec2-54-245-22-188.us-west-2.compute.amazonaws.com\/wp-content\/uploads\/2017\/11\/ganadoresalbumpuntaarenas.jpg\" alt=\"ganadoresalbumpuntaarenas\" width=\"1200\" height=\"900\" \/><\/p>\n<p>Enorme inter\u00e9s entre los escolares magall\u00e1nicos gener\u00f3 el \u00e1lbum del Programa Explora de CONICYT \u201cUn Gran Viaje por el Oc\u00e9ano\u201d. La publicaci\u00f3n relata el \u00e9pico viaje emprendido por un ping\u00fcino de Humboldt, llamado Frodi y sus amigos por las costas de Chile, una entretenida traves\u00eda en la cual conocieron los fen\u00f3menos y especies caracter\u00edsticas de nuestro mar.<\/p>\n<p>Se lanz\u00f3 oficialmente a principios de agosto, y durante los meses de septiembre y octubre, los estudiantes de distintos establecimientos educacionales de Magallanes, realizaron con mucho entusiasmo &#8211; y con el apoyo de sus profesores jefes y\/o de ciencias naturales &#8211; &nbsp;las ocho actividades educativas de ese \u00e1lbum, las cuales contaban con videos y orientaciones pedag\u00f3gicas en el sitio web www.albumdev.explora.cl.<\/p>\n<p>Para obtener el \u00e1lbum, los docentes deb\u00edan inscribir a su curso en dicha plataforma, y a medida que iban cumpliendo con las actividades deb\u00edan publicar las evidencias que les permit\u00edan obtener las l\u00e1minas.<\/p>\n<p>En la Provincia de \u00daltima Esperanza, resultaron ganadores los estudiantes de 5\u00ba b\u00e1sico de la Escuela Coronel Santiago Bueras de Puerto Natales y su profesor Emilio Oyarz\u00fan C\u00e1rdenas. Adem\u00e1s, se reconoci\u00f3 el trabajo y el esfuerzo realizado por los ni\u00f1os del multigrado de la Escuela Ram\u00f3n Serrano Montaner de la apartada localidad de Cerro Castillo, junto a su profesora Marisa Ojeda Pincol.<\/p>\n<p>Mientras que en la Provincia de Tierra del Fuego, el curso ganador fue el 3\u00ba b\u00e1sico A de la Escuela Libertador Capit\u00e1n General Bernardo O\u2019Higgins Riquelme de Porvenir, junto con la docente Daniela Carre\u00f1o Barr\u00eda. En tanto, en la Provincia Ant\u00e1rtica, se distingui\u00f3 al 3\u00ba b\u00e1sico A del Liceo Donald Mc Intyre Griffiths de Puerto Williams y a su profesora Jeannette Quiroz Mardones. &nbsp;<\/p>\n<p>Finalmente en la Provincia de Magallanes, se premi\u00f3 a los ni\u00f1os y ni\u00f1as del 2\u00ba b\u00e1sico del Colegio Cruz del Sur y a su profesora Jeannette Catal\u00e1n. Estos \u00faltimos adem\u00e1s, fueron galardonados por su desempe\u00f1o en la ceremonia de premiaci\u00f3n y clausura del Primer Congresito de Explorines.<\/p>\n<p>Isidora Barrientos y Vicente Franulic, representantes del curso ganador, comentaron que les encant\u00f3 la historia, las actividades y los personajes del \u00e1lbum: \u201cFue s\u00faper buena onda el \u00e1lbum porque nos gustaron las actividades, aprendimos con \u00e9l, &nbsp;y &nbsp;lo que m\u00e1s me llam\u00f3 la atenci\u00f3n fueron los personajes que aparec\u00edan en las l\u00e1minas, mi personaje favorito fue Lara la Langosta, el m\u00edo fue Octavio el Pulpo\u201d.<\/p>\n<p>Tambi\u00e9n destacan que adquirieron muchos conocimientos nuevos en torno al cuidado de nuestros oc\u00e9anos, \u201cMe llam\u00f3 la atenci\u00f3n el mensaje que deja, que no hay que arrojar basura en nuestras cosas, siempre al basurero, que hay que cuidar nuestro medio ambiente, y que por culpa de los humanos las aguas se est\u00e1n acidificando y causando da\u00f1o a todos los animales que viven en los oc\u00e9anos\u201d.<\/p>\n<p>\u201cEllos est\u00e1n muy felices, todas las semanas realiz\u00e1bamos una actividad distinta para poder obtener las l\u00e1minas\u201d, destac\u00f3 la profesora Jeannette Catal\u00e1n, qui\u00e9n agreg\u00f3: \u201cAvanzamos s\u00faper r\u00e1pido, gracias a que estaban muy interesados y pendientes de hacer las actividades para que llegaran pronto las l\u00e1minas, en la segunda entrega de l\u00e1minas ya hab\u00edamos hecho casi todas las actividades e incluso yo complet\u00e9 mi \u00e1lbum\u201d.<\/p>\n<p>La docente recalc\u00f3 la importancia de este material educativo: \u201cEs excelente porque aparte de ver la parte biol\u00f3gica, los tipos de especies que se mostraban, tambi\u00e9n trataba otras tem\u00e1ticas relevantes como el cuidado del medioambiente, por ejemplo en el experimento de la acidificaci\u00f3n de los oc\u00e9anos donde ellos vieron que las conchitas de mar estaban m\u00e1s deterioradas por el vinagre y el agua caliente. A trav\u00e9s de este \u00e1lbum se les fue ense\u00f1ando otro tipo de temas importantes para su formaci\u00f3n, contenidos que el curriculum de su nivel, segundo b\u00e1sico, no trabaja\u201d, concluy\u00f3. &nbsp;&nbsp;&nbsp;<\/p>\n","protected":false},"excerpt":{"rendered":"<p>Enorme inter\u00e9s entre los escolares magall\u00e1nicos gener\u00f3 el \u00e1lbum del Programa Explora de CONICYT \u201cUn Gran Viaje por el Oc\u00e9ano\u201d. La publicaci\u00f3n relata el \u00e9pico viaje emprendido por un ping\u00fcino de Humboldt, llamado Frodi y sus amigos por las costas de Chile, una entretenida traves\u00eda en la cual conocieron los fen\u00f3menos y especies caracter\u00edsticas de [&hellip;]<\/p>\n","protected":false},"author":2,"featured_media":827,"comment_status":"open","ping_status":"open","sticky":false,"template":"","format":"standard","meta":{"_acf_changed":false,"_exactmetrics_skip_tracking":false,"_exactmetrics_sitenote_active":false,"_exactmetrics_sitenote_note":"","_exactmetrics_sitenote_category":0,"footnotes":"","_links_to":"","_links_to_target":""},"categories":[4],"tags":[],"class_list":["post-826","post","type-post","status-publish","format-standard","has-post-thumbnail","hentry","category-noticias"],"acf":[],"yoast_head":"<!-- This site is optimized with the Yoast SEO plugin v26.7 - https:\/\/yoast.com\/wordpress\/plugins\/seo\/ -->\n<title>Ganadores regionales del \u00c1lbum Explora \u201cUn gran viaje por el oc\u00e9ano\u201d - Magallanes<\/title>\n<meta name=\"robots\" content=\"index, follow, max-snippet:-1, max-image-preview:large, max-video-preview:-1\" \/>\n<link rel=\"canonical\" href=\"https:\/\/dev.explora.cl\/magallanes\/ganadores-regionales-del-album-explora-un-gran-viaje-por-el-oceano\/\" class=\"yoast-seo-meta-tag\" \/>\n<meta property=\"og:locale\" content=\"es_ES\" class=\"yoast-seo-meta-tag\" \/>\n<meta property=\"og:type\" content=\"article\" class=\"yoast-seo-meta-tag\" \/>\n<meta property=\"og:title\" content=\"Ganadores regionales del \u00c1lbum Explora \u201cUn gran viaje por el oc\u00e9ano\u201d - Magallanes\" class=\"yoast-seo-meta-tag\" \/>\n<meta property=\"og:description\" content=\"Enorme inter\u00e9s entre los escolares magall\u00e1nicos gener\u00f3 el \u00e1lbum del Programa Explora de CONICYT \u201cUn Gran Viaje por el Oc\u00e9ano\u201d. La publicaci\u00f3n relata el \u00e9pico viaje emprendido por un ping\u00fcino de Humboldt, llamado Frodi y sus amigos por las costas de Chile, una entretenida traves\u00eda en la cual conocieron los fen\u00f3menos y especies caracter\u00edsticas de [&hellip;]\" class=\"yoast-seo-meta-tag\" \/>\n<meta property=\"og:url\" content=\"https:\/\/dev.explora.cl\/magallanes\/ganadores-regionales-del-album-explora-un-gran-viaje-por-el-oceano\/\" class=\"yoast-seo-meta-tag\" \/>\n<meta property=\"og:site_name\" content=\"Magallanes\" class=\"yoast-seo-meta-tag\" \/>\n<meta property=\"article:published_time\" content=\"2017-11-06T04:00:00+00:00\" class=\"yoast-seo-meta-tag\" \/>\n<meta property=\"article:modified_time\" content=\"2019-05-20T21:34:59+00:00\" class=\"yoast-seo-meta-tag\" \/>\n<meta property=\"og:image\" content=\"https:\/\/dev.explora.cl\/magallanes\/wp-content\/uploads\/sites\/19\/2018\/06\/ganadoresalbumpuntaarenas.jpg\" class=\"yoast-seo-meta-tag\" \/>\n\t<meta property=\"og:image:width\" content=\"1200\" class=\"yoast-seo-meta-tag\" \/>\n\t<meta property=\"og:image:height\" content=\"900\" class=\"yoast-seo-meta-tag\" \/>\n\t<meta property=\"og:image:type\" content=\"image\/jpeg\" class=\"yoast-seo-meta-tag\" \/>\n<meta name=\"author\" content=\"webman\" class=\"yoast-seo-meta-tag\" \/>\n<meta name=\"twitter:card\" content=\"summary_large_image\" class=\"yoast-seo-meta-tag\" \/>\n<meta name=\"twitter:label1\" content=\"Escrito por\" class=\"yoast-seo-meta-tag\" \/>\n\t<meta name=\"twitter:data1\" content=\"webman\" class=\"yoast-seo-meta-tag\" \/>\n\t<meta name=\"twitter:label2\" content=\"Tiempo estimado de lectura\" class=\"yoast-seo-meta-tag\" \/>\n\t<meta name=\"twitter:data2\" content=\"3 minutos\" class=\"yoast-seo-meta-tag\" \/>\n<script type=\"application\/ld+json\" class=\"yoast-schema-graph\">{\"@context\":\"https:\/\/schema.org\",\"@graph\":[{\"@type\":\"Article\",\"@id\":\"https:\/\/dev.explora.cl\/magallanes\/ganadores-regionales-del-album-explora-un-gran-viaje-por-el-oceano\/#article\",\"isPartOf\":{\"@id\":\"https:\/\/dev.explora.cl\/magallanes\/ganadores-regionales-del-album-explora-un-gran-viaje-por-el-oceano\/\"},\"author\":{\"name\":\"webman\",\"@id\":\"https:\/\/dev.explora.cl\/magallanes\/#\/schema\/person\/cb8349c13ea2d324080adf8480d7ba5d\"},\"headline\":\"Ganadores regionales del \u00c1lbum Explora \u201cUn gran viaje por el oc\u00e9ano\u201d\",\"datePublished\":\"2017-11-06T04:00:00+00:00\",\"dateModified\":\"2019-05-20T21:34:59+00:00\",\"mainEntityOfPage\":{\"@id\":\"https:\/\/dev.explora.cl\/magallanes\/ganadores-regionales-del-album-explora-un-gran-viaje-por-el-oceano\/\"},\"wordCount\":693,\"commentCount\":0,\"publisher\":{\"@id\":\"https:\/\/dev.explora.cl\/magallanes\/#organization\"},\"image\":{\"@id\":\"https:\/\/dev.explora.cl\/magallanes\/ganadores-regionales-del-album-explora-un-gran-viaje-por-el-oceano\/#primaryimage\"},\"thumbnailUrl\":\"https:\/\/dev.explora.cl\/magallanes\/wp-content\/uploads\/sites\/19\/2018\/06\/ganadoresalbumpuntaarenas.jpg\",\"articleSection\":[\"Noticias\"],\"inLanguage\":\"es-CL\",\"potentialAction\":[{\"@type\":\"CommentAction\",\"name\":\"Comment\",\"target\":[\"https:\/\/dev.explora.cl\/magallanes\/ganadores-regionales-del-album-explora-un-gran-viaje-por-el-oceano\/#respond\"]}]},{\"@type\":\"WebPage\",\"@id\":\"https:\/\/dev.explora.cl\/magallanes\/ganadores-regionales-del-album-explora-un-gran-viaje-por-el-oceano\/\",\"url\":\"https:\/\/dev.explora.cl\/magallanes\/ganadores-regionales-del-album-explora-un-gran-viaje-por-el-oceano\/\",\"name\":\"Ganadores regionales del \u00c1lbum Explora \u201cUn gran viaje por el oc\u00e9ano\u201d - Magallanes\",\"isPartOf\":{\"@id\":\"https:\/\/dev.explora.cl\/magallanes\/#website\"},\"primaryImageOfPage\":{\"@id\":\"https:\/\/dev.explora.cl\/magallanes\/ganadores-regionales-del-album-explora-un-gran-viaje-por-el-oceano\/#primaryimage\"},\"image\":{\"@id\":\"https:\/\/dev.explora.cl\/magallanes\/ganadores-regionales-del-album-explora-un-gran-viaje-por-el-oceano\/#primaryimage\"},\"thumbnailUrl\":\"https:\/\/dev.explora.cl\/magallanes\/wp-content\/uploads\/sites\/19\/2018\/06\/ganadoresalbumpuntaarenas.jpg\",\"datePublished\":\"2017-11-06T04:00:00+00:00\",\"dateModified\":\"2019-05-20T21:34:59+00:00\",\"breadcrumb\":{\"@id\":\"https:\/\/dev.explora.cl\/magallanes\/ganadores-regionales-del-album-explora-un-gran-viaje-por-el-oceano\/#breadcrumb\"},\"inLanguage\":\"es-CL\",\"potentialAction\":[{\"@type\":\"ReadAction\",\"target\":[\"https:\/\/dev.explora.cl\/magallanes\/ganadores-regionales-del-album-explora-un-gran-viaje-por-el-oceano\/\"]}]},{\"@type\":\"ImageObject\",\"inLanguage\":\"es-CL\",\"@id\":\"https:\/\/dev.explora.cl\/magallanes\/ganadores-regionales-del-album-explora-un-gran-viaje-por-el-oceano\/#primaryimage\",\"url\":\"https:\/\/dev.explora.cl\/magallanes\/wp-content\/uploads\/sites\/19\/2018\/06\/ganadoresalbumpuntaarenas.jpg\",\"contentUrl\":\"https:\/\/dev.explora.cl\/magallanes\/wp-content\/uploads\/sites\/19\/2018\/06\/ganadoresalbumpuntaarenas.jpg\",\"width\":1200,\"height\":900,\"caption\":\"ganadoresalbumpuntaarenas\"},{\"@type\":\"BreadcrumbList\",\"@id\":\"https:\/\/dev.explora.cl\/magallanes\/ganadores-regionales-del-album-explora-un-gran-viaje-por-el-oceano\/#breadcrumb\",\"itemListElement\":[{\"@type\":\"ListItem\",\"position\":1,\"name\":\"Portada\",\"item\":\"https:\/\/dev.explora.cl\/magallanes\/\"},{\"@type\":\"ListItem\",\"position\":2,\"name\":\"Ganadores regionales del \u00c1lbum Explora \u201cUn gran viaje por el oc\u00e9ano\u201d\"}]},{\"@type\":\"WebSite\",\"@id\":\"https:\/\/dev.explora.cl\/magallanes\/#website\",\"url\":\"https:\/\/dev.explora.cl\/magallanes\/\",\"name\":\"Magallanes\",\"description\":\"Otro sitio m\u00e1s de dev.explora.cl\",\"publisher\":{\"@id\":\"https:\/\/dev.explora.cl\/magallanes\/#organization\"},\"potentialAction\":[{\"@type\":\"SearchAction\",\"target\":{\"@type\":\"EntryPoint\",\"urlTemplate\":\"https:\/\/dev.explora.cl\/magallanes\/?s={search_term_string}\"},\"query-input\":{\"@type\":\"PropertyValueSpecification\",\"valueRequired\":true,\"valueName\":\"search_term_string\"}}],\"inLanguage\":\"es-CL\"},{\"@type\":\"Organization\",\"@id\":\"https:\/\/dev.explora.cl\/magallanes\/#organization\",\"name\":\"Magallanes\",\"url\":\"https:\/\/dev.explora.cl\/magallanes\/\",\"logo\":{\"@type\":\"ImageObject\",\"inLanguage\":\"es-CL\",\"@id\":\"https:\/\/dev.explora.cl\/magallanes\/#\/schema\/logo\/image\/\",\"url\":\"https:\/\/dev.explora.cl\/magallanes\/wp-content\/uploads\/sites\/19\/2021\/06\/cropped-ICONO-COLOR-2.jpg\",\"contentUrl\":\"https:\/\/dev.explora.cl\/magallanes\/wp-content\/uploads\/sites\/19\/2021\/06\/cropped-ICONO-COLOR-2.jpg\",\"width\":1181,\"height\":1181,\"caption\":\"Magallanes\"},\"image\":{\"@id\":\"https:\/\/dev.explora.cl\/magallanes\/#\/schema\/logo\/image\/\"}},{\"@type\":\"Person\",\"@id\":\"https:\/\/dev.explora.cl\/magallanes\/#\/schema\/person\/cb8349c13ea2d324080adf8480d7ba5d\",\"name\":\"webman\",\"image\":{\"@type\":\"ImageObject\",\"inLanguage\":\"es-CL\",\"@id\":\"https:\/\/dev.explora.cl\/magallanes\/#\/schema\/person\/image\/\",\"url\":\"https:\/\/secure.gravatar.com\/avatar\/eeff3c82f2c02f7177d13663b7e6f890e9a6a0647ce9bb29cae02dcb094c7312?s=96&d=mm&r=g\",\"contentUrl\":\"https:\/\/secure.gravatar.com\/avatar\/eeff3c82f2c02f7177d13663b7e6f890e9a6a0647ce9bb29cae02dcb094c7312?s=96&d=mm&r=g\",\"caption\":\"webman\"},\"url\":\"https:\/\/dev.explora.cl\/magallanes\/author\/webman\/\"}]}<\/script>\n<!-- \/ Yoast SEO plugin. -->","yoast_head_json":{"title":"Ganadores regionales del \u00c1lbum Explora \u201cUn gran viaje por el oc\u00e9ano\u201d - Magallanes","robots":{"index":"index","follow":"follow","max-snippet":"max-snippet:-1","max-image-preview":"max-image-preview:large","max-video-preview":"max-video-preview:-1"},"canonical":"https:\/\/dev.explora.cl\/magallanes\/ganadores-regionales-del-album-explora-un-gran-viaje-por-el-oceano\/","og_locale":"es_ES","og_type":"article","og_title":"Ganadores regionales del \u00c1lbum Explora \u201cUn gran viaje por el oc\u00e9ano\u201d - Magallanes","og_description":"Enorme inter\u00e9s entre los escolares magall\u00e1nicos gener\u00f3 el \u00e1lbum del Programa Explora de CONICYT \u201cUn Gran Viaje por el Oc\u00e9ano\u201d. La publicaci\u00f3n relata el \u00e9pico viaje emprendido por un ping\u00fcino de Humboldt, llamado Frodi y sus amigos por las costas de Chile, una entretenida traves\u00eda en la cual conocieron los fen\u00f3menos y especies caracter\u00edsticas de [&hellip;]","og_url":"https:\/\/dev.explora.cl\/magallanes\/ganadores-regionales-del-album-explora-un-gran-viaje-por-el-oceano\/","og_site_name":"Magallanes","article_published_time":"2017-11-06T04:00:00+00:00","article_modified_time":"2019-05-20T21:34:59+00:00","og_image":[{"width":1200,"height":900,"url":"https:\/\/dev.explora.cl\/magallanes\/wp-content\/uploads\/sites\/19\/2018\/06\/ganadoresalbumpuntaarenas.jpg","type":"image\/jpeg"}],"author":"webman","twitter_card":"summary_large_image","twitter_misc":{"Escrito por":"webman","Tiempo estimado de lectura":"3 minutos"},"schema":{"@context":"https:\/\/schema.org","@graph":[{"@type":"Article","@id":"https:\/\/dev.explora.cl\/magallanes\/ganadores-regionales-del-album-explora-un-gran-viaje-por-el-oceano\/#article","isPartOf":{"@id":"https:\/\/dev.explora.cl\/magallanes\/ganadores-regionales-del-album-explora-un-gran-viaje-por-el-oceano\/"},"author":{"name":"webman","@id":"https:\/\/dev.explora.cl\/magallanes\/#\/schema\/person\/cb8349c13ea2d324080adf8480d7ba5d"},"headline":"Ganadores regionales del \u00c1lbum Explora \u201cUn gran viaje por el oc\u00e9ano\u201d","datePublished":"2017-11-06T04:00:00+00:00","dateModified":"2019-05-20T21:34:59+00:00","mainEntityOfPage":{"@id":"https:\/\/dev.explora.cl\/magallanes\/ganadores-regionales-del-album-explora-un-gran-viaje-por-el-oceano\/"},"wordCount":693,"commentCount":0,"publisher":{"@id":"https:\/\/dev.explora.cl\/magallanes\/#organization"},"image":{"@id":"https:\/\/dev.explora.cl\/magallanes\/ganadores-regionales-del-album-explora-un-gran-viaje-por-el-oceano\/#primaryimage"},"thumbnailUrl":"https:\/\/dev.explora.cl\/magallanes\/wp-content\/uploads\/sites\/19\/2018\/06\/ganadoresalbumpuntaarenas.jpg","articleSection":["Noticias"],"inLanguage":"es-CL","potentialAction":[{"@type":"CommentAction","name":"Comment","target":["https:\/\/dev.explora.cl\/magallanes\/ganadores-regionales-del-album-explora-un-gran-viaje-por-el-oceano\/#respond"]}]},{"@type":"WebPage","@id":"https:\/\/dev.explora.cl\/magallanes\/ganadores-regionales-del-album-explora-un-gran-viaje-por-el-oceano\/","url":"https:\/\/dev.explora.cl\/magallanes\/ganadores-regionales-del-album-explora-un-gran-viaje-por-el-oceano\/","name":"Ganadores regionales del \u00c1lbum Explora \u201cUn gran viaje por el oc\u00e9ano\u201d - Magallanes","isPartOf":{"@id":"https:\/\/dev.explora.cl\/magallanes\/#website"},"primaryImageOfPage":{"@id":"https:\/\/dev.explora.cl\/magallanes\/ganadores-regionales-del-album-explora-un-gran-viaje-por-el-oceano\/#primaryimage"},"image":{"@id":"https:\/\/dev.explora.cl\/magallanes\/ganadores-regionales-del-album-explora-un-gran-viaje-por-el-oceano\/#primaryimage"},"thumbnailUrl":"https:\/\/dev.explora.cl\/magallanes\/wp-content\/uploads\/sites\/19\/2018\/06\/ganadoresalbumpuntaarenas.jpg","datePublished":"2017-11-06T04:00:00+00:00","dateModified":"2019-05-20T21:34:59+00:00","breadcrumb":{"@id":"https:\/\/dev.explora.cl\/magallanes\/ganadores-regionales-del-album-explora-un-gran-viaje-por-el-oceano\/#breadcrumb"},"inLanguage":"es-CL","potentialAction":[{"@type":"ReadAction","target":["https:\/\/dev.explora.cl\/magallanes\/ganadores-regionales-del-album-explora-un-gran-viaje-por-el-oceano\/"]}]},{"@type":"ImageObject","inLanguage":"es-CL","@id":"https:\/\/dev.explora.cl\/magallanes\/ganadores-regionales-del-album-explora-un-gran-viaje-por-el-oceano\/#primaryimage","url":"https:\/\/dev.explora.cl\/magallanes\/wp-content\/uploads\/sites\/19\/2018\/06\/ganadoresalbumpuntaarenas.jpg","contentUrl":"https:\/\/dev.explora.cl\/magallanes\/wp-content\/uploads\/sites\/19\/2018\/06\/ganadoresalbumpuntaarenas.jpg","width":1200,"height":900,"caption":"ganadoresalbumpuntaarenas"},{"@type":"BreadcrumbList","@id":"https:\/\/dev.explora.cl\/magallanes\/ganadores-regionales-del-album-explora-un-gran-viaje-por-el-oceano\/#breadcrumb","itemListElement":[{"@type":"ListItem","position":1,"name":"Portada","item":"https:\/\/dev.explora.cl\/magallanes\/"},{"@type":"ListItem","position":2,"name":"Ganadores regionales del \u00c1lbum Explora \u201cUn gran viaje por el oc\u00e9ano\u201d"}]},{"@type":"WebSite","@id":"https:\/\/dev.explora.cl\/magallanes\/#website","url":"https:\/\/dev.explora.cl\/magallanes\/","name":"Magallanes","description":"Otro sitio m\u00e1s de dev.explora.cl","publisher":{"@id":"https:\/\/dev.explora.cl\/magallanes\/#organization"},"potentialAction":[{"@type":"SearchAction","target":{"@type":"EntryPoint","urlTemplate":"https:\/\/dev.explora.cl\/magallanes\/?s={search_term_string}"},"query-input":{"@type":"PropertyValueSpecification","valueRequired":true,"valueName":"search_term_string"}}],"inLanguage":"es-CL"},{"@type":"Organization","@id":"https:\/\/dev.explora.cl\/magallanes\/#organization","name":"Magallanes","url":"https:\/\/dev.explora.cl\/magallanes\/","logo":{"@type":"ImageObject","inLanguage":"es-CL","@id":"https:\/\/dev.explora.cl\/magallanes\/#\/schema\/logo\/image\/","url":"https:\/\/dev.explora.cl\/magallanes\/wp-content\/uploads\/sites\/19\/2021\/06\/cropped-ICONO-COLOR-2.jpg","contentUrl":"https:\/\/dev.explora.cl\/magallanes\/wp-content\/uploads\/sites\/19\/2021\/06\/cropped-ICONO-COLOR-2.jpg","width":1181,"height":1181,"caption":"Magallanes"},"image":{"@id":"https:\/\/dev.explora.cl\/magallanes\/#\/schema\/logo\/image\/"}},{"@type":"Person","@id":"https:\/\/dev.explora.cl\/magallanes\/#\/schema\/person\/cb8349c13ea2d324080adf8480d7ba5d","name":"webman","image":{"@type":"ImageObject","inLanguage":"es-CL","@id":"https:\/\/dev.explora.cl\/magallanes\/#\/schema\/person\/image\/","url":"https:\/\/secure.gravatar.com\/avatar\/eeff3c82f2c02f7177d13663b7e6f890e9a6a0647ce9bb29cae02dcb094c7312?s=96&d=mm&r=g","contentUrl":"https:\/\/secure.gravatar.com\/avatar\/eeff3c82f2c02f7177d13663b7e6f890e9a6a0647ce9bb29cae02dcb094c7312?s=96&d=mm&r=g","caption":"webman"},"url":"https:\/\/dev.explora.cl\/magallanes\/author\/webman\/"}]}},"_links":{"self":[{"href":"https:\/\/dev.explora.cl\/magallanes\/wp-json\/wp\/v2\/posts\/826","targetHints":{"allow":["GET"]}}],"collection":[{"href":"https:\/\/dev.explora.cl\/magallanes\/wp-json\/wp\/v2\/posts"}],"about":[{"href":"https:\/\/dev.explora.cl\/magallanes\/wp-json\/wp\/v2\/types\/post"}],"author":[{"embeddable":true,"href":"https:\/\/dev.explora.cl\/magallanes\/wp-json\/wp\/v2\/users\/2"}],"replies":[{"embeddable":true,"href":"https:\/\/dev.explora.cl\/magallanes\/wp-json\/wp\/v2\/comments?post=826"}],"version-history":[{"count":1,"href":"https:\/\/dev.explora.cl\/magallanes\/wp-json\/wp\/v2\/posts\/826\/revisions"}],"predecessor-version":[{"id":37643,"href":"https:\/\/dev.explora.cl\/magallanes\/wp-json\/wp\/v2\/posts\/826\/revisions\/37643"}],"wp:featuredmedia":[{"embeddable":true,"href":"https:\/\/dev.explora.cl\/magallanes\/wp-json\/wp\/v2\/media\/827"}],"wp:attachment":[{"href":"https:\/\/dev.explora.cl\/magallanes\/wp-json\/wp\/v2\/media?parent=826"}],"wp:term":[{"taxonomy":"category","embeddable":true,"href":"https:\/\/dev.explora.cl\/magallanes\/wp-json\/wp\/v2\/categories?post=826"},{"taxonomy":"post_tag","embeddable":true,"href":"https:\/\/dev.explora.cl\/magallanes\/wp-json\/wp\/v2\/tags?post=826"}],"curies":[{"name":"wp","href":"https:\/\/api.w.org\/{rel}","templated":true}]}}