{"id":824,"date":"2017-11-04T00:00:00","date_gmt":"2017-11-04T04:00:00","guid":{"rendered":"https:\/\/dev.explora.cl\/magallanes\/blog\/2017\/11\/04\/primer-congresito-de-explorines-reunio-a-parvulos-y-escolares-en-torno-a-la-ciencia\/"},"modified":"2019-05-20T21:35:00","modified_gmt":"2019-05-20T21:35:00","slug":"primer-congresito-de-explorines-reunio-a-parvulos-y-escolares-en-torno-a-la-ciencia","status":"publish","type":"post","link":"https:\/\/dev.explora.cl\/magallanes\/primer-congresito-de-explorines-reunio-a-parvulos-y-escolares-en-torno-a-la-ciencia\/","title":{"rendered":"Primer Congresito de Explorines reuni\u00f3 a p\u00e1rvulos y escolares en torno a la Ciencia"},"content":{"rendered":"<p><img loading=\"lazy\" decoding=\"async\" class=\" size-full wp-image-28734\" src=\"http:\/\/ec2-54-245-22-188.us-west-2.compute.amazonaws.com\/wp-content\/uploads\/2017\/11\/congresitoexplorines.jpg\" alt=\"\" width=\"2048\" height=\"1536\" \/><\/p>\n<p>Ni\u00f1os y ni\u00f1as que participan de las iniciativas Tus Competencias en Ciencias (TCC) para Educaci\u00f3n Parvularia y Primer Ciclo B\u00e1sico y Clubes de Apoyo a la Investigaci\u00f3n (CAICE), ambas del Programa Explora CONICYT, se congregaron en el Patio Cubierto de las Facultades de Ingenier\u00eda y Ciencias de la Universidad de Magallanes, para dar a conocer los avances de sus primeros trabajos y proyectos cient\u00edficos.<\/p>\n<p>Lo anterior, en el marco del Primer Congresito de Explorines para en Educaci\u00f3n Especial, Parvularia y Primer Ciclo B\u00e1sico, que organiz\u00f3 en conjunto el PAR Explora de CONICYT Magallanes y de la Ant\u00e1rtica Chilena de la Universidad de Magallanes con la Escuela Especial de Lenguaje Ierun Talj.<\/p>\n<p>Instancia donde se presentaron los jardines infantiles My Little House, Peque\u00f1os Artistas, Plasticina, Sinfon\u00eda de los Sue\u00f1os, colegios Cruz del Sur y Juan Bautista Contardi, Escuela Patagonia, Escuelita Bamb\u00fa Libre y Feliz, y el establecimiento organizador. Adem\u00e1s se presentaron con un stand, la Corporaci\u00f3n Nacional Forestal (CONAF) y el PAR Explora Magallanes con la iniciativa M\u00e1gico ChileMIO, completando as\u00ed un total de 18 puestos. &nbsp;<\/p>\n<p>La jornada comenz\u00f3 a las 15 horas con los saludos protocolares por parte de los organizadores y la presentaci\u00f3n de la obra de teatro de t\u00edteres \u201cAnt\u00e1rtica, el show\u201d, parte de la exposici\u00f3n itinerante Ant\u00e1rtica Extrema, donde de forma entretenida los ni\u00f1os asistentes pudieron aprender sobre el cuidado del medio ambiente. Posteriormente, las delegaciones se dirigieron hasta sus respectivos stands ubicados en el el Patio Cubierto de la Universidad de Magallanes, donde los peque\u00f1os expositores pudieron presentar ante el p\u00fablico asistente sus experiencias educativas en el \u00e1rea de la Ciencia.<\/p>\n<p>\u201cMe pareci\u00f3 fabuloso porque me gustan mucho las plantas, y en lo que consiste nuestro proyecto \u201cConociendo la flora que est\u00e1 ubicada en el sector del sendero del Parque Mar\u00eda Behety\u201d, en el que estamos trabajando desde principio de este a\u00f1o, fuimos una sola vez, pero el pr\u00f3ximo a\u00f1o vamos a ir todos los meses para ver los cambios en la naturaleza. Nos gust\u00f3 mucho participar y nos ayud\u00f3 nuestro asesor cient\u00edfico Ricardo Guineo\u201d, se\u00f1alaron Isidora Barrientos y Vicente Franulic, representantes del 2\u00ba b\u00e1sico A del Colegio Cruz del Sur.<\/p>\n<p>Magdalena Madrid, Felipe Caro, Tiare Vera y Monserrat Caro, todos estudiantes del Colegio Juan Bautista Contardi e integrantes del Club CAICE del establecimiento, pudieron presentar los avances de su trabajo de todo el a\u00f1o, y al respecto comentan: \u201cEstamos aprendiendo sobre los diferentes tipos de plantas, y ahora estamos cultivando albahaca, ceboll\u00edn y perejil, y tambi\u00e9n hemos te\u00f1ido lanas con c\u00e1scaras de betarragas, lechuga y cebolla. Tambi\u00e9n aprendimos sobre el ciclo de vida de las plantas, los dibujamos y vimos los tipos de ra\u00edces, de hojas, e investigamos sobre las cebollas, betarragas y aprendiendo sobre su nombre cient\u00edfico y adem\u00e1s fuimos viendo c\u00f3mo nos sirven a nosotros. Nuestra meta es ir teniendo un invernadero m\u00e1s grande\u201d, explican. &nbsp;&nbsp;<\/p>\n<p>La coordinadora ejecutiva del PAR Explora Magallanes, Claudia Salinas, valor\u00f3 la importancia de efectuar una gran feria cient\u00edfica que invita a participar a ni\u00f1os y ni\u00f1as de Jardines Infantiles y primer ciclo b\u00e1sico de los colegios: \u201cNosotros estamos acostumbrados a ver a los ni\u00f1os m\u00e1s grandes y j\u00f3venes presentar sus proyectos de investigaci\u00f3n en un gran evento llamado Congreso Regional Escolar de la Ciencia y la Tecnolog\u00eda, pero Explora CONICYT a nivel nacional ha pensado que debe fomentarse la observaci\u00f3n, la indagaci\u00f3n e investigaci\u00f3n a edades m\u00e1s tempranas, y esta es una posibilidad que ellos tienen de hacer actividades durante todo el a\u00f1o en sus aulas por medio de las iniciativas CAICE y TCC. Y en esta oportunidad se lo muestran a sus compa\u00f1eros, esto no es competitivo, es participativo donde todos los p\u00e1rvulos y escolares pueden mostrar sus experiencias cient\u00edficas\u201d.<\/p>\n<p>Por su parte, la educadora de la Escuela Especial Ierun Talj y gestora de este evento, Jessica Carrasco, efectu\u00f3 un positivo balance de esta actividad, \u201cLa verdad es que estamos felices porque result\u00f3 todo, estuvo muy bonito, hubo una gran asistencia de p\u00fablico, se vio una amplia participaci\u00f3n de los jardines y de los colegios. Estuvo CONAF con Forest\u00edn, tambi\u00e9n el show de t\u00edteres estuvo maravilloso. Nuestro balance es definitivamente muy positivo y de todas maneras esperamos seguir replicando este tipo de instancias porque es muy enriquecedor para los ni\u00f1os, para que aprendan de los proyectos de sus pares y vayan poco a poco teniendo contacto con la Ciencia, con el medioambiente. As\u00ed que estamos muy conformes\u201d, opin\u00f3. &nbsp;&nbsp;&nbsp;<\/p>\n<p>Tras la presentaci\u00f3n de los stands, se efectu\u00f3 la ceremonia de premiaci\u00f3n donde se entregaron medallas a todos los ni\u00f1os participantes, destacando adem\u00e1s, a los ni\u00f1os ganadores de los Concursos \u201cDibuja y Pinta tus oc\u00e9anos\u201d, \u201cPinta tu calle: Oc\u00e9anos\u201d y del \u00c1lbum Explora \u201cUn gran viaje por el oc\u00e9ano\u201d.<\/p>\n<p>&nbsp;<\/p>\n","protected":false},"excerpt":{"rendered":"<p>Ni\u00f1os y ni\u00f1as que participan de las iniciativas Tus Competencias en Ciencias (TCC) para Educaci\u00f3n Parvularia y Primer Ciclo B\u00e1sico y Clubes de Apoyo a la Investigaci\u00f3n (CAICE), ambas del Programa Explora CONICYT, se congregaron en el Patio Cubierto de las Facultades de Ingenier\u00eda y Ciencias de la Universidad de Magallanes, para dar a conocer [&hellip;]<\/p>\n","protected":false},"author":2,"featured_media":825,"comment_status":"open","ping_status":"open","sticky":false,"template":"","format":"standard","meta":{"_acf_changed":false,"_exactmetrics_skip_tracking":false,"_exactmetrics_sitenote_active":false,"_exactmetrics_sitenote_note":"","_exactmetrics_sitenote_category":0,"footnotes":"","_links_to":"","_links_to_target":""},"categories":[4],"tags":[],"class_list":["post-824","post","type-post","status-publish","format-standard","has-post-thumbnail","hentry","category-noticias"],"acf":[],"yoast_head":"<!-- This site is optimized with the Yoast SEO plugin v26.7 - https:\/\/yoast.com\/wordpress\/plugins\/seo\/ -->\n<title>Primer Congresito de Explorines reuni\u00f3 a p\u00e1rvulos y escolares en torno a la Ciencia - Magallanes<\/title>\n<meta name=\"robots\" content=\"index, follow, max-snippet:-1, max-image-preview:large, max-video-preview:-1\" \/>\n<link rel=\"canonical\" href=\"https:\/\/dev.explora.cl\/magallanes\/primer-congresito-de-explorines-reunio-a-parvulos-y-escolares-en-torno-a-la-ciencia\/\" class=\"yoast-seo-meta-tag\" \/>\n<meta property=\"og:locale\" content=\"es_ES\" class=\"yoast-seo-meta-tag\" \/>\n<meta property=\"og:type\" content=\"article\" class=\"yoast-seo-meta-tag\" \/>\n<meta property=\"og:title\" content=\"Primer Congresito de Explorines reuni\u00f3 a p\u00e1rvulos y escolares en torno a la Ciencia - Magallanes\" class=\"yoast-seo-meta-tag\" \/>\n<meta property=\"og:description\" content=\"Ni\u00f1os y ni\u00f1as que participan de las iniciativas Tus Competencias en Ciencias (TCC) para Educaci\u00f3n Parvularia y Primer Ciclo B\u00e1sico y Clubes de Apoyo a la Investigaci\u00f3n (CAICE), ambas del Programa Explora CONICYT, se congregaron en el Patio Cubierto de las Facultades de Ingenier\u00eda y Ciencias de la Universidad de Magallanes, para dar a conocer [&hellip;]\" class=\"yoast-seo-meta-tag\" \/>\n<meta property=\"og:url\" content=\"https:\/\/dev.explora.cl\/magallanes\/primer-congresito-de-explorines-reunio-a-parvulos-y-escolares-en-torno-a-la-ciencia\/\" class=\"yoast-seo-meta-tag\" \/>\n<meta property=\"og:site_name\" content=\"Magallanes\" class=\"yoast-seo-meta-tag\" \/>\n<meta property=\"article:published_time\" content=\"2017-11-04T04:00:00+00:00\" class=\"yoast-seo-meta-tag\" \/>\n<meta property=\"article:modified_time\" content=\"2019-05-20T21:35:00+00:00\" class=\"yoast-seo-meta-tag\" \/>\n<meta property=\"og:image\" content=\"https:\/\/dev.explora.cl\/magallanes\/wp-content\/uploads\/sites\/19\/2018\/06\/congresitoexplorines.jpg\" class=\"yoast-seo-meta-tag\" \/>\n\t<meta property=\"og:image:width\" content=\"2048\" class=\"yoast-seo-meta-tag\" \/>\n\t<meta property=\"og:image:height\" content=\"1536\" class=\"yoast-seo-meta-tag\" \/>\n\t<meta property=\"og:image:type\" content=\"image\/jpeg\" class=\"yoast-seo-meta-tag\" \/>\n<meta name=\"author\" content=\"webman\" class=\"yoast-seo-meta-tag\" \/>\n<meta name=\"twitter:card\" content=\"summary_large_image\" class=\"yoast-seo-meta-tag\" \/>\n<meta name=\"twitter:label1\" content=\"Escrito por\" class=\"yoast-seo-meta-tag\" \/>\n\t<meta name=\"twitter:data1\" content=\"webman\" class=\"yoast-seo-meta-tag\" \/>\n\t<meta name=\"twitter:label2\" content=\"Tiempo estimado de lectura\" class=\"yoast-seo-meta-tag\" \/>\n\t<meta name=\"twitter:data2\" content=\"4 minutos\" class=\"yoast-seo-meta-tag\" \/>\n<script type=\"application\/ld+json\" class=\"yoast-schema-graph\">{\"@context\":\"https:\/\/schema.org\",\"@graph\":[{\"@type\":\"Article\",\"@id\":\"https:\/\/dev.explora.cl\/magallanes\/primer-congresito-de-explorines-reunio-a-parvulos-y-escolares-en-torno-a-la-ciencia\/#article\",\"isPartOf\":{\"@id\":\"https:\/\/dev.explora.cl\/magallanes\/primer-congresito-de-explorines-reunio-a-parvulos-y-escolares-en-torno-a-la-ciencia\/\"},\"author\":{\"name\":\"webman\",\"@id\":\"https:\/\/dev.explora.cl\/magallanes\/#\/schema\/person\/cb8349c13ea2d324080adf8480d7ba5d\"},\"headline\":\"Primer Congresito de Explorines reuni\u00f3 a p\u00e1rvulos y escolares en torno a la Ciencia\",\"datePublished\":\"2017-11-04T04:00:00+00:00\",\"dateModified\":\"2019-05-20T21:35:00+00:00\",\"mainEntityOfPage\":{\"@id\":\"https:\/\/dev.explora.cl\/magallanes\/primer-congresito-de-explorines-reunio-a-parvulos-y-escolares-en-torno-a-la-ciencia\/\"},\"wordCount\":872,\"commentCount\":0,\"publisher\":{\"@id\":\"https:\/\/dev.explora.cl\/magallanes\/#organization\"},\"image\":{\"@id\":\"https:\/\/dev.explora.cl\/magallanes\/primer-congresito-de-explorines-reunio-a-parvulos-y-escolares-en-torno-a-la-ciencia\/#primaryimage\"},\"thumbnailUrl\":\"https:\/\/dev.explora.cl\/magallanes\/wp-content\/uploads\/sites\/19\/2018\/06\/congresitoexplorines.jpg\",\"articleSection\":[\"Noticias\"],\"inLanguage\":\"es-CL\",\"potentialAction\":[{\"@type\":\"CommentAction\",\"name\":\"Comment\",\"target\":[\"https:\/\/dev.explora.cl\/magallanes\/primer-congresito-de-explorines-reunio-a-parvulos-y-escolares-en-torno-a-la-ciencia\/#respond\"]}]},{\"@type\":\"WebPage\",\"@id\":\"https:\/\/dev.explora.cl\/magallanes\/primer-congresito-de-explorines-reunio-a-parvulos-y-escolares-en-torno-a-la-ciencia\/\",\"url\":\"https:\/\/dev.explora.cl\/magallanes\/primer-congresito-de-explorines-reunio-a-parvulos-y-escolares-en-torno-a-la-ciencia\/\",\"name\":\"Primer Congresito de Explorines reuni\u00f3 a p\u00e1rvulos y escolares en torno a la Ciencia - Magallanes\",\"isPartOf\":{\"@id\":\"https:\/\/dev.explora.cl\/magallanes\/#website\"},\"primaryImageOfPage\":{\"@id\":\"https:\/\/dev.explora.cl\/magallanes\/primer-congresito-de-explorines-reunio-a-parvulos-y-escolares-en-torno-a-la-ciencia\/#primaryimage\"},\"image\":{\"@id\":\"https:\/\/dev.explora.cl\/magallanes\/primer-congresito-de-explorines-reunio-a-parvulos-y-escolares-en-torno-a-la-ciencia\/#primaryimage\"},\"thumbnailUrl\":\"https:\/\/dev.explora.cl\/magallanes\/wp-content\/uploads\/sites\/19\/2018\/06\/congresitoexplorines.jpg\",\"datePublished\":\"2017-11-04T04:00:00+00:00\",\"dateModified\":\"2019-05-20T21:35:00+00:00\",\"breadcrumb\":{\"@id\":\"https:\/\/dev.explora.cl\/magallanes\/primer-congresito-de-explorines-reunio-a-parvulos-y-escolares-en-torno-a-la-ciencia\/#breadcrumb\"},\"inLanguage\":\"es-CL\",\"potentialAction\":[{\"@type\":\"ReadAction\",\"target\":[\"https:\/\/dev.explora.cl\/magallanes\/primer-congresito-de-explorines-reunio-a-parvulos-y-escolares-en-torno-a-la-ciencia\/\"]}]},{\"@type\":\"ImageObject\",\"inLanguage\":\"es-CL\",\"@id\":\"https:\/\/dev.explora.cl\/magallanes\/primer-congresito-de-explorines-reunio-a-parvulos-y-escolares-en-torno-a-la-ciencia\/#primaryimage\",\"url\":\"https:\/\/dev.explora.cl\/magallanes\/wp-content\/uploads\/sites\/19\/2018\/06\/congresitoexplorines.jpg\",\"contentUrl\":\"https:\/\/dev.explora.cl\/magallanes\/wp-content\/uploads\/sites\/19\/2018\/06\/congresitoexplorines.jpg\",\"width\":2048,\"height\":1536},{\"@type\":\"BreadcrumbList\",\"@id\":\"https:\/\/dev.explora.cl\/magallanes\/primer-congresito-de-explorines-reunio-a-parvulos-y-escolares-en-torno-a-la-ciencia\/#breadcrumb\",\"itemListElement\":[{\"@type\":\"ListItem\",\"position\":1,\"name\":\"Portada\",\"item\":\"https:\/\/dev.explora.cl\/magallanes\/\"},{\"@type\":\"ListItem\",\"position\":2,\"name\":\"Primer Congresito de Explorines reuni\u00f3 a p\u00e1rvulos y escolares en torno a la Ciencia\"}]},{\"@type\":\"WebSite\",\"@id\":\"https:\/\/dev.explora.cl\/magallanes\/#website\",\"url\":\"https:\/\/dev.explora.cl\/magallanes\/\",\"name\":\"Magallanes\",\"description\":\"Otro sitio m\u00e1s de dev.explora.cl\",\"publisher\":{\"@id\":\"https:\/\/dev.explora.cl\/magallanes\/#organization\"},\"potentialAction\":[{\"@type\":\"SearchAction\",\"target\":{\"@type\":\"EntryPoint\",\"urlTemplate\":\"https:\/\/dev.explora.cl\/magallanes\/?s={search_term_string}\"},\"query-input\":{\"@type\":\"PropertyValueSpecification\",\"valueRequired\":true,\"valueName\":\"search_term_string\"}}],\"inLanguage\":\"es-CL\"},{\"@type\":\"Organization\",\"@id\":\"https:\/\/dev.explora.cl\/magallanes\/#organization\",\"name\":\"Magallanes\",\"url\":\"https:\/\/dev.explora.cl\/magallanes\/\",\"logo\":{\"@type\":\"ImageObject\",\"inLanguage\":\"es-CL\",\"@id\":\"https:\/\/dev.explora.cl\/magallanes\/#\/schema\/logo\/image\/\",\"url\":\"https:\/\/dev.explora.cl\/magallanes\/wp-content\/uploads\/sites\/19\/2021\/06\/cropped-ICONO-COLOR-2.jpg\",\"contentUrl\":\"https:\/\/dev.explora.cl\/magallanes\/wp-content\/uploads\/sites\/19\/2021\/06\/cropped-ICONO-COLOR-2.jpg\",\"width\":1181,\"height\":1181,\"caption\":\"Magallanes\"},\"image\":{\"@id\":\"https:\/\/dev.explora.cl\/magallanes\/#\/schema\/logo\/image\/\"}},{\"@type\":\"Person\",\"@id\":\"https:\/\/dev.explora.cl\/magallanes\/#\/schema\/person\/cb8349c13ea2d324080adf8480d7ba5d\",\"name\":\"webman\",\"image\":{\"@type\":\"ImageObject\",\"inLanguage\":\"es-CL\",\"@id\":\"https:\/\/dev.explora.cl\/magallanes\/#\/schema\/person\/image\/\",\"url\":\"https:\/\/secure.gravatar.com\/avatar\/eeff3c82f2c02f7177d13663b7e6f890e9a6a0647ce9bb29cae02dcb094c7312?s=96&d=mm&r=g\",\"contentUrl\":\"https:\/\/secure.gravatar.com\/avatar\/eeff3c82f2c02f7177d13663b7e6f890e9a6a0647ce9bb29cae02dcb094c7312?s=96&d=mm&r=g\",\"caption\":\"webman\"},\"url\":\"https:\/\/dev.explora.cl\/magallanes\/author\/webman\/\"}]}<\/script>\n<!-- \/ Yoast SEO plugin. -->","yoast_head_json":{"title":"Primer Congresito de Explorines reuni\u00f3 a p\u00e1rvulos y escolares en torno a la Ciencia - Magallanes","robots":{"index":"index","follow":"follow","max-snippet":"max-snippet:-1","max-image-preview":"max-image-preview:large","max-video-preview":"max-video-preview:-1"},"canonical":"https:\/\/dev.explora.cl\/magallanes\/primer-congresito-de-explorines-reunio-a-parvulos-y-escolares-en-torno-a-la-ciencia\/","og_locale":"es_ES","og_type":"article","og_title":"Primer Congresito de Explorines reuni\u00f3 a p\u00e1rvulos y escolares en torno a la Ciencia - Magallanes","og_description":"Ni\u00f1os y ni\u00f1as que participan de las iniciativas Tus Competencias en Ciencias (TCC) para Educaci\u00f3n Parvularia y Primer Ciclo B\u00e1sico y Clubes de Apoyo a la Investigaci\u00f3n (CAICE), ambas del Programa Explora CONICYT, se congregaron en el Patio Cubierto de las Facultades de Ingenier\u00eda y Ciencias de la Universidad de Magallanes, para dar a conocer [&hellip;]","og_url":"https:\/\/dev.explora.cl\/magallanes\/primer-congresito-de-explorines-reunio-a-parvulos-y-escolares-en-torno-a-la-ciencia\/","og_site_name":"Magallanes","article_published_time":"2017-11-04T04:00:00+00:00","article_modified_time":"2019-05-20T21:35:00+00:00","og_image":[{"width":2048,"height":1536,"url":"https:\/\/dev.explora.cl\/magallanes\/wp-content\/uploads\/sites\/19\/2018\/06\/congresitoexplorines.jpg","type":"image\/jpeg"}],"author":"webman","twitter_card":"summary_large_image","twitter_misc":{"Escrito por":"webman","Tiempo estimado de lectura":"4 minutos"},"schema":{"@context":"https:\/\/schema.org","@graph":[{"@type":"Article","@id":"https:\/\/dev.explora.cl\/magallanes\/primer-congresito-de-explorines-reunio-a-parvulos-y-escolares-en-torno-a-la-ciencia\/#article","isPartOf":{"@id":"https:\/\/dev.explora.cl\/magallanes\/primer-congresito-de-explorines-reunio-a-parvulos-y-escolares-en-torno-a-la-ciencia\/"},"author":{"name":"webman","@id":"https:\/\/dev.explora.cl\/magallanes\/#\/schema\/person\/cb8349c13ea2d324080adf8480d7ba5d"},"headline":"Primer Congresito de Explorines reuni\u00f3 a p\u00e1rvulos y escolares en torno a la Ciencia","datePublished":"2017-11-04T04:00:00+00:00","dateModified":"2019-05-20T21:35:00+00:00","mainEntityOfPage":{"@id":"https:\/\/dev.explora.cl\/magallanes\/primer-congresito-de-explorines-reunio-a-parvulos-y-escolares-en-torno-a-la-ciencia\/"},"wordCount":872,"commentCount":0,"publisher":{"@id":"https:\/\/dev.explora.cl\/magallanes\/#organization"},"image":{"@id":"https:\/\/dev.explora.cl\/magallanes\/primer-congresito-de-explorines-reunio-a-parvulos-y-escolares-en-torno-a-la-ciencia\/#primaryimage"},"thumbnailUrl":"https:\/\/dev.explora.cl\/magallanes\/wp-content\/uploads\/sites\/19\/2018\/06\/congresitoexplorines.jpg","articleSection":["Noticias"],"inLanguage":"es-CL","potentialAction":[{"@type":"CommentAction","name":"Comment","target":["https:\/\/dev.explora.cl\/magallanes\/primer-congresito-de-explorines-reunio-a-parvulos-y-escolares-en-torno-a-la-ciencia\/#respond"]}]},{"@type":"WebPage","@id":"https:\/\/dev.explora.cl\/magallanes\/primer-congresito-de-explorines-reunio-a-parvulos-y-escolares-en-torno-a-la-ciencia\/","url":"https:\/\/dev.explora.cl\/magallanes\/primer-congresito-de-explorines-reunio-a-parvulos-y-escolares-en-torno-a-la-ciencia\/","name":"Primer Congresito de Explorines reuni\u00f3 a p\u00e1rvulos y escolares en torno a la Ciencia - Magallanes","isPartOf":{"@id":"https:\/\/dev.explora.cl\/magallanes\/#website"},"primaryImageOfPage":{"@id":"https:\/\/dev.explora.cl\/magallanes\/primer-congresito-de-explorines-reunio-a-parvulos-y-escolares-en-torno-a-la-ciencia\/#primaryimage"},"image":{"@id":"https:\/\/dev.explora.cl\/magallanes\/primer-congresito-de-explorines-reunio-a-parvulos-y-escolares-en-torno-a-la-ciencia\/#primaryimage"},"thumbnailUrl":"https:\/\/dev.explora.cl\/magallanes\/wp-content\/uploads\/sites\/19\/2018\/06\/congresitoexplorines.jpg","datePublished":"2017-11-04T04:00:00+00:00","dateModified":"2019-05-20T21:35:00+00:00","breadcrumb":{"@id":"https:\/\/dev.explora.cl\/magallanes\/primer-congresito-de-explorines-reunio-a-parvulos-y-escolares-en-torno-a-la-ciencia\/#breadcrumb"},"inLanguage":"es-CL","potentialAction":[{"@type":"ReadAction","target":["https:\/\/dev.explora.cl\/magallanes\/primer-congresito-de-explorines-reunio-a-parvulos-y-escolares-en-torno-a-la-ciencia\/"]}]},{"@type":"ImageObject","inLanguage":"es-CL","@id":"https:\/\/dev.explora.cl\/magallanes\/primer-congresito-de-explorines-reunio-a-parvulos-y-escolares-en-torno-a-la-ciencia\/#primaryimage","url":"https:\/\/dev.explora.cl\/magallanes\/wp-content\/uploads\/sites\/19\/2018\/06\/congresitoexplorines.jpg","contentUrl":"https:\/\/dev.explora.cl\/magallanes\/wp-content\/uploads\/sites\/19\/2018\/06\/congresitoexplorines.jpg","width":2048,"height":1536},{"@type":"BreadcrumbList","@id":"https:\/\/dev.explora.cl\/magallanes\/primer-congresito-de-explorines-reunio-a-parvulos-y-escolares-en-torno-a-la-ciencia\/#breadcrumb","itemListElement":[{"@type":"ListItem","position":1,"name":"Portada","item":"https:\/\/dev.explora.cl\/magallanes\/"},{"@type":"ListItem","position":2,"name":"Primer Congresito de Explorines reuni\u00f3 a p\u00e1rvulos y escolares en torno a la Ciencia"}]},{"@type":"WebSite","@id":"https:\/\/dev.explora.cl\/magallanes\/#website","url":"https:\/\/dev.explora.cl\/magallanes\/","name":"Magallanes","description":"Otro sitio m\u00e1s de dev.explora.cl","publisher":{"@id":"https:\/\/dev.explora.cl\/magallanes\/#organization"},"potentialAction":[{"@type":"SearchAction","target":{"@type":"EntryPoint","urlTemplate":"https:\/\/dev.explora.cl\/magallanes\/?s={search_term_string}"},"query-input":{"@type":"PropertyValueSpecification","valueRequired":true,"valueName":"search_term_string"}}],"inLanguage":"es-CL"},{"@type":"Organization","@id":"https:\/\/dev.explora.cl\/magallanes\/#organization","name":"Magallanes","url":"https:\/\/dev.explora.cl\/magallanes\/","logo":{"@type":"ImageObject","inLanguage":"es-CL","@id":"https:\/\/dev.explora.cl\/magallanes\/#\/schema\/logo\/image\/","url":"https:\/\/dev.explora.cl\/magallanes\/wp-content\/uploads\/sites\/19\/2021\/06\/cropped-ICONO-COLOR-2.jpg","contentUrl":"https:\/\/dev.explora.cl\/magallanes\/wp-content\/uploads\/sites\/19\/2021\/06\/cropped-ICONO-COLOR-2.jpg","width":1181,"height":1181,"caption":"Magallanes"},"image":{"@id":"https:\/\/dev.explora.cl\/magallanes\/#\/schema\/logo\/image\/"}},{"@type":"Person","@id":"https:\/\/dev.explora.cl\/magallanes\/#\/schema\/person\/cb8349c13ea2d324080adf8480d7ba5d","name":"webman","image":{"@type":"ImageObject","inLanguage":"es-CL","@id":"https:\/\/dev.explora.cl\/magallanes\/#\/schema\/person\/image\/","url":"https:\/\/secure.gravatar.com\/avatar\/eeff3c82f2c02f7177d13663b7e6f890e9a6a0647ce9bb29cae02dcb094c7312?s=96&d=mm&r=g","contentUrl":"https:\/\/secure.gravatar.com\/avatar\/eeff3c82f2c02f7177d13663b7e6f890e9a6a0647ce9bb29cae02dcb094c7312?s=96&d=mm&r=g","caption":"webman"},"url":"https:\/\/dev.explora.cl\/magallanes\/author\/webman\/"}]}},"_links":{"self":[{"href":"https:\/\/dev.explora.cl\/magallanes\/wp-json\/wp\/v2\/posts\/824","targetHints":{"allow":["GET"]}}],"collection":[{"href":"https:\/\/dev.explora.cl\/magallanes\/wp-json\/wp\/v2\/posts"}],"about":[{"href":"https:\/\/dev.explora.cl\/magallanes\/wp-json\/wp\/v2\/types\/post"}],"author":[{"embeddable":true,"href":"https:\/\/dev.explora.cl\/magallanes\/wp-json\/wp\/v2\/users\/2"}],"replies":[{"embeddable":true,"href":"https:\/\/dev.explora.cl\/magallanes\/wp-json\/wp\/v2\/comments?post=824"}],"version-history":[{"count":1,"href":"https:\/\/dev.explora.cl\/magallanes\/wp-json\/wp\/v2\/posts\/824\/revisions"}],"predecessor-version":[{"id":37644,"href":"https:\/\/dev.explora.cl\/magallanes\/wp-json\/wp\/v2\/posts\/824\/revisions\/37644"}],"wp:featuredmedia":[{"embeddable":true,"href":"https:\/\/dev.explora.cl\/magallanes\/wp-json\/wp\/v2\/media\/825"}],"wp:attachment":[{"href":"https:\/\/dev.explora.cl\/magallanes\/wp-json\/wp\/v2\/media?parent=824"}],"wp:term":[{"taxonomy":"category","embeddable":true,"href":"https:\/\/dev.explora.cl\/magallanes\/wp-json\/wp\/v2\/categories?post=824"},{"taxonomy":"post_tag","embeddable":true,"href":"https:\/\/dev.explora.cl\/magallanes\/wp-json\/wp\/v2\/tags?post=824"}],"curies":[{"name":"wp","href":"https:\/\/api.w.org\/{rel}","templated":true}]}}