{"id":822,"date":"2017-10-31T00:00:00","date_gmt":"2017-10-31T04:00:00","guid":{"rendered":"https:\/\/dev.explora.cl\/magallanes\/blog\/2017\/10\/31\/distinguen-a-margarita-garrido-directora-par-explora-magallanes-con-el-premio-mujer-pionera-2017\/"},"modified":"2019-05-20T21:35:02","modified_gmt":"2019-05-20T21:35:02","slug":"distinguen-a-margarita-garrido-directora-par-explora-magallanes-con-el-premio-mujer-pionera-2017","status":"publish","type":"post","link":"https:\/\/dev.explora.cl\/magallanes\/distinguen-a-margarita-garrido-directora-par-explora-magallanes-con-el-premio-mujer-pionera-2017\/","title":{"rendered":"Distinguen a Margarita Garrido, directora PAR Explora Magallanes con el premio Mujer Pionera 2017"},"content":{"rendered":"<p><img loading=\"lazy\" decoding=\"async\" class=\" size-full wp-image-28644\" src=\"http:\/\/ec2-54-245-22-188.us-west-2.compute.amazonaws.com\/wp-content\/uploads\/2017\/10\/distincionmargarita-min.jpg\" alt=\"\" width=\"4116\" height=\"2967\" \/><\/p>\n<p>Cuarenta y tres a\u00f1os como acad\u00e9mica e investigadora de la Universidad de Magallanes, y veinte de ellos liderando el Proyecto Asociativo Regional (PAR) Explora de CONICYT Regi\u00f3n de Magallanes y de la Ant\u00e1rtica Chilena. Una larga trayectoria avala a la profesora Margarita Garrido Espinoza como una verdadera \u201cMujer Pionera 2017\u201d, precursora en el desarrollo de la Ciencia Escolar en Magallanes, razones de sobra para merecer la distinci\u00f3n otorgada por el Servicio Nacional de la Mujer y Equidad de G\u00e9nero, y que se entreg\u00f3 a quince trabajadoras y profesionales que se han destacado en puestos laborales que a trav\u00e9s de los a\u00f1os han sido desempe\u00f1ados por hombres.<\/p>\n<p>El mismo rector de la Universidad de Magallanes, Juan Oyarzo P\u00e9rez, fue qui\u00e9n postul\u00f3 a Margarita para que obtuviera este galard\u00f3n, alabando en la ceremonia de premiaci\u00f3n sus cualidades y aptitudes: \u201cLa verdad es que Margarita, no solo se merece este premio, creo que ella y la labor que desarrolla es muy importante, que quiz\u00e1s no es muy visible, es una funci\u00f3n m\u00e1s bien silenciosa, pero cuando uno ve el trabajo que desarrolla durante el a\u00f1o con los estudiantes de los distintos colegios en el Programa Explora de CONICYT. Ella distribuye los recursos, y logra poder desarrollar estas iniciativas con los estudiantes y&nbsp; profesores en los colegios. El otro d\u00eda en el Congreso Regional cuando estuvimos entregando los premios me di cuenta como ella es tan feliz haciendo lo que hace, y se reconforta con esto, y la verdad es una labor tan importante la que ella lidera de acercar la Ciencia y la Tecnolog\u00eda a los establecimientos educacionales de nuestra regi\u00f3n\u201d.<\/p>\n<p>Muy emocionada se mostr\u00f3 Margarita Garrido, por esta nueva distinci\u00f3n y retribuy\u00f3 con palabras de agradecimiento a las autoridades universitarias por esta nominaci\u00f3n: \u201cEn primer lugar, agradezco a la Universidad de Magallanes, especialmente al rector y a las autoridades por haberme nominado y postularme a este premio de Mujer Pionera, pues yo siento que somos muchas las mujeres pioneras en distintas \u00e1reas, y vemos distintas realidades las que se han presentado. Tomo esto con cari\u00f1o y con agradecimiento\u201d, coment\u00f3.<\/p>\n<p>Tambi\u00e9n destaca el hecho de que muchas personas, le han se\u00f1alado que ha sembrado la \u201csemilla\u201d de la Ciencia en sus vidas. J\u00f3venes que han participado en Explora en los Congresos Regionales Escolares o como sus estudiantes y monitores universitarios, y que hoy son profesionales, investigadores y\/o acad\u00e9micos y ligados fuertemente a la Ciencia. Sin lugar a dudas, una huella imborrable que la profesora Margarita ha dejado en sus vidas. \u201cSiendo sincera reci\u00e9n me doy cuenta de lo que he hecho. Me lo han hecho ver, realmente, porque cada uno de los miembros de mi equipo es testigo de que no tomaba en cuenta esta situaci\u00f3n, pero en general todo el mundo me ha dicho que sembr\u00e9 en tierra f\u00e9rtil y floreci\u00f3, ya estos momentos estoy mirando la salida y he dejado un camino, y creo que la gente joven lo va a hacer mucho mejor. Y en este sentido, les deseo lo mejor a todas estas personas que van a continuar esta senda\u201d, expres\u00f3.<\/p>\n","protected":false},"excerpt":{"rendered":"<p>Cuarenta y tres a\u00f1os como acad\u00e9mica e investigadora de la Universidad de Magallanes, y veinte de ellos liderando el Proyecto Asociativo Regional (PAR) Explora de CONICYT Regi\u00f3n de Magallanes y de la Ant\u00e1rtica Chilena. Una larga trayectoria avala a la profesora Margarita Garrido Espinoza como una verdadera \u201cMujer Pionera 2017\u201d, precursora en el desarrollo de [&hellip;]<\/p>\n","protected":false},"author":2,"featured_media":823,"comment_status":"open","ping_status":"open","sticky":false,"template":"","format":"standard","meta":{"_acf_changed":false,"_exactmetrics_skip_tracking":false,"_exactmetrics_sitenote_active":false,"_exactmetrics_sitenote_note":"","_exactmetrics_sitenote_category":0,"footnotes":"","_links_to":"","_links_to_target":""},"categories":[4],"tags":[],"class_list":["post-822","post","type-post","status-publish","format-standard","has-post-thumbnail","hentry","category-noticias"],"acf":[],"yoast_head":"<!-- This site is optimized with the Yoast SEO plugin v26.7 - https:\/\/yoast.com\/wordpress\/plugins\/seo\/ -->\n<title>Distinguen a Margarita Garrido, directora PAR Explora Magallanes con el premio Mujer Pionera 2017 - Magallanes<\/title>\n<meta name=\"robots\" content=\"index, follow, max-snippet:-1, max-image-preview:large, max-video-preview:-1\" \/>\n<link rel=\"canonical\" href=\"https:\/\/dev.explora.cl\/magallanes\/distinguen-a-margarita-garrido-directora-par-explora-magallanes-con-el-premio-mujer-pionera-2017\/\" class=\"yoast-seo-meta-tag\" \/>\n<meta property=\"og:locale\" content=\"es_ES\" class=\"yoast-seo-meta-tag\" \/>\n<meta property=\"og:type\" content=\"article\" class=\"yoast-seo-meta-tag\" \/>\n<meta property=\"og:title\" content=\"Distinguen a Margarita Garrido, directora PAR Explora Magallanes con el premio Mujer Pionera 2017 - Magallanes\" class=\"yoast-seo-meta-tag\" \/>\n<meta property=\"og:description\" content=\"Cuarenta y tres a\u00f1os como acad\u00e9mica e investigadora de la Universidad de Magallanes, y veinte de ellos liderando el Proyecto Asociativo Regional (PAR) Explora de CONICYT Regi\u00f3n de Magallanes y de la Ant\u00e1rtica Chilena. Una larga trayectoria avala a la profesora Margarita Garrido Espinoza como una verdadera \u201cMujer Pionera 2017\u201d, precursora en el desarrollo de [&hellip;]\" class=\"yoast-seo-meta-tag\" \/>\n<meta property=\"og:url\" content=\"https:\/\/dev.explora.cl\/magallanes\/distinguen-a-margarita-garrido-directora-par-explora-magallanes-con-el-premio-mujer-pionera-2017\/\" class=\"yoast-seo-meta-tag\" \/>\n<meta property=\"og:site_name\" content=\"Magallanes\" class=\"yoast-seo-meta-tag\" \/>\n<meta property=\"article:published_time\" content=\"2017-10-31T04:00:00+00:00\" class=\"yoast-seo-meta-tag\" \/>\n<meta property=\"article:modified_time\" content=\"2019-05-20T21:35:02+00:00\" class=\"yoast-seo-meta-tag\" \/>\n<meta property=\"og:image\" content=\"https:\/\/dev.explora.cl\/magallanes\/wp-content\/uploads\/sites\/19\/2018\/06\/distincionmargarita-min.jpg\" class=\"yoast-seo-meta-tag\" \/>\n\t<meta property=\"og:image:width\" content=\"2048\" class=\"yoast-seo-meta-tag\" \/>\n\t<meta property=\"og:image:height\" content=\"1476\" class=\"yoast-seo-meta-tag\" \/>\n\t<meta property=\"og:image:type\" content=\"image\/jpeg\" class=\"yoast-seo-meta-tag\" \/>\n<meta name=\"author\" content=\"webman\" class=\"yoast-seo-meta-tag\" \/>\n<meta name=\"twitter:card\" content=\"summary_large_image\" class=\"yoast-seo-meta-tag\" \/>\n<meta name=\"twitter:label1\" content=\"Escrito por\" class=\"yoast-seo-meta-tag\" \/>\n\t<meta name=\"twitter:data1\" content=\"webman\" class=\"yoast-seo-meta-tag\" \/>\n\t<meta name=\"twitter:label2\" content=\"Tiempo estimado de lectura\" class=\"yoast-seo-meta-tag\" \/>\n\t<meta name=\"twitter:data2\" content=\"3 minutos\" class=\"yoast-seo-meta-tag\" \/>\n<script type=\"application\/ld+json\" class=\"yoast-schema-graph\">{\"@context\":\"https:\/\/schema.org\",\"@graph\":[{\"@type\":\"Article\",\"@id\":\"https:\/\/dev.explora.cl\/magallanes\/distinguen-a-margarita-garrido-directora-par-explora-magallanes-con-el-premio-mujer-pionera-2017\/#article\",\"isPartOf\":{\"@id\":\"https:\/\/dev.explora.cl\/magallanes\/distinguen-a-margarita-garrido-directora-par-explora-magallanes-con-el-premio-mujer-pionera-2017\/\"},\"author\":{\"name\":\"webman\",\"@id\":\"https:\/\/dev.explora.cl\/magallanes\/#\/schema\/person\/cb8349c13ea2d324080adf8480d7ba5d\"},\"headline\":\"Distinguen a Margarita Garrido, directora PAR Explora Magallanes con el premio Mujer Pionera 2017\",\"datePublished\":\"2017-10-31T04:00:00+00:00\",\"dateModified\":\"2019-05-20T21:35:02+00:00\",\"mainEntityOfPage\":{\"@id\":\"https:\/\/dev.explora.cl\/magallanes\/distinguen-a-margarita-garrido-directora-par-explora-magallanes-con-el-premio-mujer-pionera-2017\/\"},\"wordCount\":556,\"commentCount\":0,\"publisher\":{\"@id\":\"https:\/\/dev.explora.cl\/magallanes\/#organization\"},\"image\":{\"@id\":\"https:\/\/dev.explora.cl\/magallanes\/distinguen-a-margarita-garrido-directora-par-explora-magallanes-con-el-premio-mujer-pionera-2017\/#primaryimage\"},\"thumbnailUrl\":\"https:\/\/dev.explora.cl\/magallanes\/wp-content\/uploads\/sites\/19\/2018\/06\/distincionmargarita-min.jpg\",\"articleSection\":[\"Noticias\"],\"inLanguage\":\"es-CL\",\"potentialAction\":[{\"@type\":\"CommentAction\",\"name\":\"Comment\",\"target\":[\"https:\/\/dev.explora.cl\/magallanes\/distinguen-a-margarita-garrido-directora-par-explora-magallanes-con-el-premio-mujer-pionera-2017\/#respond\"]}]},{\"@type\":\"WebPage\",\"@id\":\"https:\/\/dev.explora.cl\/magallanes\/distinguen-a-margarita-garrido-directora-par-explora-magallanes-con-el-premio-mujer-pionera-2017\/\",\"url\":\"https:\/\/dev.explora.cl\/magallanes\/distinguen-a-margarita-garrido-directora-par-explora-magallanes-con-el-premio-mujer-pionera-2017\/\",\"name\":\"Distinguen a Margarita Garrido, directora PAR Explora Magallanes con el premio Mujer Pionera 2017 - Magallanes\",\"isPartOf\":{\"@id\":\"https:\/\/dev.explora.cl\/magallanes\/#website\"},\"primaryImageOfPage\":{\"@id\":\"https:\/\/dev.explora.cl\/magallanes\/distinguen-a-margarita-garrido-directora-par-explora-magallanes-con-el-premio-mujer-pionera-2017\/#primaryimage\"},\"image\":{\"@id\":\"https:\/\/dev.explora.cl\/magallanes\/distinguen-a-margarita-garrido-directora-par-explora-magallanes-con-el-premio-mujer-pionera-2017\/#primaryimage\"},\"thumbnailUrl\":\"https:\/\/dev.explora.cl\/magallanes\/wp-content\/uploads\/sites\/19\/2018\/06\/distincionmargarita-min.jpg\",\"datePublished\":\"2017-10-31T04:00:00+00:00\",\"dateModified\":\"2019-05-20T21:35:02+00:00\",\"breadcrumb\":{\"@id\":\"https:\/\/dev.explora.cl\/magallanes\/distinguen-a-margarita-garrido-directora-par-explora-magallanes-con-el-premio-mujer-pionera-2017\/#breadcrumb\"},\"inLanguage\":\"es-CL\",\"potentialAction\":[{\"@type\":\"ReadAction\",\"target\":[\"https:\/\/dev.explora.cl\/magallanes\/distinguen-a-margarita-garrido-directora-par-explora-magallanes-con-el-premio-mujer-pionera-2017\/\"]}]},{\"@type\":\"ImageObject\",\"inLanguage\":\"es-CL\",\"@id\":\"https:\/\/dev.explora.cl\/magallanes\/distinguen-a-margarita-garrido-directora-par-explora-magallanes-con-el-premio-mujer-pionera-2017\/#primaryimage\",\"url\":\"https:\/\/dev.explora.cl\/magallanes\/wp-content\/uploads\/sites\/19\/2018\/06\/distincionmargarita-min.jpg\",\"contentUrl\":\"https:\/\/dev.explora.cl\/magallanes\/wp-content\/uploads\/sites\/19\/2018\/06\/distincionmargarita-min.jpg\",\"width\":2048,\"height\":1476},{\"@type\":\"BreadcrumbList\",\"@id\":\"https:\/\/dev.explora.cl\/magallanes\/distinguen-a-margarita-garrido-directora-par-explora-magallanes-con-el-premio-mujer-pionera-2017\/#breadcrumb\",\"itemListElement\":[{\"@type\":\"ListItem\",\"position\":1,\"name\":\"Portada\",\"item\":\"https:\/\/dev.explora.cl\/magallanes\/\"},{\"@type\":\"ListItem\",\"position\":2,\"name\":\"Distinguen a Margarita Garrido, directora PAR Explora Magallanes con el premio Mujer Pionera 2017\"}]},{\"@type\":\"WebSite\",\"@id\":\"https:\/\/dev.explora.cl\/magallanes\/#website\",\"url\":\"https:\/\/dev.explora.cl\/magallanes\/\",\"name\":\"Magallanes\",\"description\":\"Otro sitio m\u00e1s de dev.explora.cl\",\"publisher\":{\"@id\":\"https:\/\/dev.explora.cl\/magallanes\/#organization\"},\"potentialAction\":[{\"@type\":\"SearchAction\",\"target\":{\"@type\":\"EntryPoint\",\"urlTemplate\":\"https:\/\/dev.explora.cl\/magallanes\/?s={search_term_string}\"},\"query-input\":{\"@type\":\"PropertyValueSpecification\",\"valueRequired\":true,\"valueName\":\"search_term_string\"}}],\"inLanguage\":\"es-CL\"},{\"@type\":\"Organization\",\"@id\":\"https:\/\/dev.explora.cl\/magallanes\/#organization\",\"name\":\"Magallanes\",\"url\":\"https:\/\/dev.explora.cl\/magallanes\/\",\"logo\":{\"@type\":\"ImageObject\",\"inLanguage\":\"es-CL\",\"@id\":\"https:\/\/dev.explora.cl\/magallanes\/#\/schema\/logo\/image\/\",\"url\":\"https:\/\/dev.explora.cl\/magallanes\/wp-content\/uploads\/sites\/19\/2021\/06\/cropped-ICONO-COLOR-2.jpg\",\"contentUrl\":\"https:\/\/dev.explora.cl\/magallanes\/wp-content\/uploads\/sites\/19\/2021\/06\/cropped-ICONO-COLOR-2.jpg\",\"width\":1181,\"height\":1181,\"caption\":\"Magallanes\"},\"image\":{\"@id\":\"https:\/\/dev.explora.cl\/magallanes\/#\/schema\/logo\/image\/\"}},{\"@type\":\"Person\",\"@id\":\"https:\/\/dev.explora.cl\/magallanes\/#\/schema\/person\/cb8349c13ea2d324080adf8480d7ba5d\",\"name\":\"webman\",\"image\":{\"@type\":\"ImageObject\",\"inLanguage\":\"es-CL\",\"@id\":\"https:\/\/dev.explora.cl\/magallanes\/#\/schema\/person\/image\/\",\"url\":\"https:\/\/secure.gravatar.com\/avatar\/eeff3c82f2c02f7177d13663b7e6f890e9a6a0647ce9bb29cae02dcb094c7312?s=96&d=mm&r=g\",\"contentUrl\":\"https:\/\/secure.gravatar.com\/avatar\/eeff3c82f2c02f7177d13663b7e6f890e9a6a0647ce9bb29cae02dcb094c7312?s=96&d=mm&r=g\",\"caption\":\"webman\"},\"url\":\"https:\/\/dev.explora.cl\/magallanes\/author\/webman\/\"}]}<\/script>\n<!-- \/ Yoast SEO plugin. -->","yoast_head_json":{"title":"Distinguen a Margarita Garrido, directora PAR Explora Magallanes con el premio Mujer Pionera 2017 - Magallanes","robots":{"index":"index","follow":"follow","max-snippet":"max-snippet:-1","max-image-preview":"max-image-preview:large","max-video-preview":"max-video-preview:-1"},"canonical":"https:\/\/dev.explora.cl\/magallanes\/distinguen-a-margarita-garrido-directora-par-explora-magallanes-con-el-premio-mujer-pionera-2017\/","og_locale":"es_ES","og_type":"article","og_title":"Distinguen a Margarita Garrido, directora PAR Explora Magallanes con el premio Mujer Pionera 2017 - Magallanes","og_description":"Cuarenta y tres a\u00f1os como acad\u00e9mica e investigadora de la Universidad de Magallanes, y veinte de ellos liderando el Proyecto Asociativo Regional (PAR) Explora de CONICYT Regi\u00f3n de Magallanes y de la Ant\u00e1rtica Chilena. Una larga trayectoria avala a la profesora Margarita Garrido Espinoza como una verdadera \u201cMujer Pionera 2017\u201d, precursora en el desarrollo de [&hellip;]","og_url":"https:\/\/dev.explora.cl\/magallanes\/distinguen-a-margarita-garrido-directora-par-explora-magallanes-con-el-premio-mujer-pionera-2017\/","og_site_name":"Magallanes","article_published_time":"2017-10-31T04:00:00+00:00","article_modified_time":"2019-05-20T21:35:02+00:00","og_image":[{"width":2048,"height":1476,"url":"https:\/\/dev.explora.cl\/magallanes\/wp-content\/uploads\/sites\/19\/2018\/06\/distincionmargarita-min.jpg","type":"image\/jpeg"}],"author":"webman","twitter_card":"summary_large_image","twitter_misc":{"Escrito por":"webman","Tiempo estimado de lectura":"3 minutos"},"schema":{"@context":"https:\/\/schema.org","@graph":[{"@type":"Article","@id":"https:\/\/dev.explora.cl\/magallanes\/distinguen-a-margarita-garrido-directora-par-explora-magallanes-con-el-premio-mujer-pionera-2017\/#article","isPartOf":{"@id":"https:\/\/dev.explora.cl\/magallanes\/distinguen-a-margarita-garrido-directora-par-explora-magallanes-con-el-premio-mujer-pionera-2017\/"},"author":{"name":"webman","@id":"https:\/\/dev.explora.cl\/magallanes\/#\/schema\/person\/cb8349c13ea2d324080adf8480d7ba5d"},"headline":"Distinguen a Margarita Garrido, directora PAR Explora Magallanes con el premio Mujer Pionera 2017","datePublished":"2017-10-31T04:00:00+00:00","dateModified":"2019-05-20T21:35:02+00:00","mainEntityOfPage":{"@id":"https:\/\/dev.explora.cl\/magallanes\/distinguen-a-margarita-garrido-directora-par-explora-magallanes-con-el-premio-mujer-pionera-2017\/"},"wordCount":556,"commentCount":0,"publisher":{"@id":"https:\/\/dev.explora.cl\/magallanes\/#organization"},"image":{"@id":"https:\/\/dev.explora.cl\/magallanes\/distinguen-a-margarita-garrido-directora-par-explora-magallanes-con-el-premio-mujer-pionera-2017\/#primaryimage"},"thumbnailUrl":"https:\/\/dev.explora.cl\/magallanes\/wp-content\/uploads\/sites\/19\/2018\/06\/distincionmargarita-min.jpg","articleSection":["Noticias"],"inLanguage":"es-CL","potentialAction":[{"@type":"CommentAction","name":"Comment","target":["https:\/\/dev.explora.cl\/magallanes\/distinguen-a-margarita-garrido-directora-par-explora-magallanes-con-el-premio-mujer-pionera-2017\/#respond"]}]},{"@type":"WebPage","@id":"https:\/\/dev.explora.cl\/magallanes\/distinguen-a-margarita-garrido-directora-par-explora-magallanes-con-el-premio-mujer-pionera-2017\/","url":"https:\/\/dev.explora.cl\/magallanes\/distinguen-a-margarita-garrido-directora-par-explora-magallanes-con-el-premio-mujer-pionera-2017\/","name":"Distinguen a Margarita Garrido, directora PAR Explora Magallanes con el premio Mujer Pionera 2017 - Magallanes","isPartOf":{"@id":"https:\/\/dev.explora.cl\/magallanes\/#website"},"primaryImageOfPage":{"@id":"https:\/\/dev.explora.cl\/magallanes\/distinguen-a-margarita-garrido-directora-par-explora-magallanes-con-el-premio-mujer-pionera-2017\/#primaryimage"},"image":{"@id":"https:\/\/dev.explora.cl\/magallanes\/distinguen-a-margarita-garrido-directora-par-explora-magallanes-con-el-premio-mujer-pionera-2017\/#primaryimage"},"thumbnailUrl":"https:\/\/dev.explora.cl\/magallanes\/wp-content\/uploads\/sites\/19\/2018\/06\/distincionmargarita-min.jpg","datePublished":"2017-10-31T04:00:00+00:00","dateModified":"2019-05-20T21:35:02+00:00","breadcrumb":{"@id":"https:\/\/dev.explora.cl\/magallanes\/distinguen-a-margarita-garrido-directora-par-explora-magallanes-con-el-premio-mujer-pionera-2017\/#breadcrumb"},"inLanguage":"es-CL","potentialAction":[{"@type":"ReadAction","target":["https:\/\/dev.explora.cl\/magallanes\/distinguen-a-margarita-garrido-directora-par-explora-magallanes-con-el-premio-mujer-pionera-2017\/"]}]},{"@type":"ImageObject","inLanguage":"es-CL","@id":"https:\/\/dev.explora.cl\/magallanes\/distinguen-a-margarita-garrido-directora-par-explora-magallanes-con-el-premio-mujer-pionera-2017\/#primaryimage","url":"https:\/\/dev.explora.cl\/magallanes\/wp-content\/uploads\/sites\/19\/2018\/06\/distincionmargarita-min.jpg","contentUrl":"https:\/\/dev.explora.cl\/magallanes\/wp-content\/uploads\/sites\/19\/2018\/06\/distincionmargarita-min.jpg","width":2048,"height":1476},{"@type":"BreadcrumbList","@id":"https:\/\/dev.explora.cl\/magallanes\/distinguen-a-margarita-garrido-directora-par-explora-magallanes-con-el-premio-mujer-pionera-2017\/#breadcrumb","itemListElement":[{"@type":"ListItem","position":1,"name":"Portada","item":"https:\/\/dev.explora.cl\/magallanes\/"},{"@type":"ListItem","position":2,"name":"Distinguen a Margarita Garrido, directora PAR Explora Magallanes con el premio Mujer Pionera 2017"}]},{"@type":"WebSite","@id":"https:\/\/dev.explora.cl\/magallanes\/#website","url":"https:\/\/dev.explora.cl\/magallanes\/","name":"Magallanes","description":"Otro sitio m\u00e1s de dev.explora.cl","publisher":{"@id":"https:\/\/dev.explora.cl\/magallanes\/#organization"},"potentialAction":[{"@type":"SearchAction","target":{"@type":"EntryPoint","urlTemplate":"https:\/\/dev.explora.cl\/magallanes\/?s={search_term_string}"},"query-input":{"@type":"PropertyValueSpecification","valueRequired":true,"valueName":"search_term_string"}}],"inLanguage":"es-CL"},{"@type":"Organization","@id":"https:\/\/dev.explora.cl\/magallanes\/#organization","name":"Magallanes","url":"https:\/\/dev.explora.cl\/magallanes\/","logo":{"@type":"ImageObject","inLanguage":"es-CL","@id":"https:\/\/dev.explora.cl\/magallanes\/#\/schema\/logo\/image\/","url":"https:\/\/dev.explora.cl\/magallanes\/wp-content\/uploads\/sites\/19\/2021\/06\/cropped-ICONO-COLOR-2.jpg","contentUrl":"https:\/\/dev.explora.cl\/magallanes\/wp-content\/uploads\/sites\/19\/2021\/06\/cropped-ICONO-COLOR-2.jpg","width":1181,"height":1181,"caption":"Magallanes"},"image":{"@id":"https:\/\/dev.explora.cl\/magallanes\/#\/schema\/logo\/image\/"}},{"@type":"Person","@id":"https:\/\/dev.explora.cl\/magallanes\/#\/schema\/person\/cb8349c13ea2d324080adf8480d7ba5d","name":"webman","image":{"@type":"ImageObject","inLanguage":"es-CL","@id":"https:\/\/dev.explora.cl\/magallanes\/#\/schema\/person\/image\/","url":"https:\/\/secure.gravatar.com\/avatar\/eeff3c82f2c02f7177d13663b7e6f890e9a6a0647ce9bb29cae02dcb094c7312?s=96&d=mm&r=g","contentUrl":"https:\/\/secure.gravatar.com\/avatar\/eeff3c82f2c02f7177d13663b7e6f890e9a6a0647ce9bb29cae02dcb094c7312?s=96&d=mm&r=g","caption":"webman"},"url":"https:\/\/dev.explora.cl\/magallanes\/author\/webman\/"}]}},"_links":{"self":[{"href":"https:\/\/dev.explora.cl\/magallanes\/wp-json\/wp\/v2\/posts\/822","targetHints":{"allow":["GET"]}}],"collection":[{"href":"https:\/\/dev.explora.cl\/magallanes\/wp-json\/wp\/v2\/posts"}],"about":[{"href":"https:\/\/dev.explora.cl\/magallanes\/wp-json\/wp\/v2\/types\/post"}],"author":[{"embeddable":true,"href":"https:\/\/dev.explora.cl\/magallanes\/wp-json\/wp\/v2\/users\/2"}],"replies":[{"embeddable":true,"href":"https:\/\/dev.explora.cl\/magallanes\/wp-json\/wp\/v2\/comments?post=822"}],"version-history":[{"count":1,"href":"https:\/\/dev.explora.cl\/magallanes\/wp-json\/wp\/v2\/posts\/822\/revisions"}],"predecessor-version":[{"id":37648,"href":"https:\/\/dev.explora.cl\/magallanes\/wp-json\/wp\/v2\/posts\/822\/revisions\/37648"}],"wp:featuredmedia":[{"embeddable":true,"href":"https:\/\/dev.explora.cl\/magallanes\/wp-json\/wp\/v2\/media\/823"}],"wp:attachment":[{"href":"https:\/\/dev.explora.cl\/magallanes\/wp-json\/wp\/v2\/media?parent=822"}],"wp:term":[{"taxonomy":"category","embeddable":true,"href":"https:\/\/dev.explora.cl\/magallanes\/wp-json\/wp\/v2\/categories?post=822"},{"taxonomy":"post_tag","embeddable":true,"href":"https:\/\/dev.explora.cl\/magallanes\/wp-json\/wp\/v2\/tags?post=822"}],"curies":[{"name":"wp","href":"https:\/\/api.w.org\/{rel}","templated":true}]}}