{"id":820,"date":"2017-10-31T00:00:00","date_gmt":"2017-10-31T04:00:00","guid":{"rendered":"https:\/\/dev.explora.cl\/magallanes\/blog\/2017\/10\/31\/pequenos-cientificos-de-puerto-natales-mostraron-sus-proyectos-en-feria-de-ciencias-de-la-escuela-coronel-santiago-bueras\/"},"modified":"2019-05-20T21:35:02","modified_gmt":"2019-05-20T21:35:02","slug":"pequenos-cientificos-de-puerto-natales-mostraron-sus-proyectos-en-feria-de-ciencias-de-la-escuela-coronel-santiago-bueras","status":"publish","type":"post","link":"https:\/\/dev.explora.cl\/magallanes\/pequenos-cientificos-de-puerto-natales-mostraron-sus-proyectos-en-feria-de-ciencias-de-la-escuela-coronel-santiago-bueras\/","title":{"rendered":"\u201cPeque\u00f1os Cient\u00edficos\u201d de Puerto Natales mostraron sus proyectos en Feria de Ciencias de la Escuela Coronel Santiago Bueras"},"content":{"rendered":"<p><img loading=\"lazy\" decoding=\"async\" class=\" size-full wp-image-28642\" src=\"http:\/\/ec2-54-245-22-188.us-west-2.compute.amazonaws.com\/wp-content\/uploads\/2017\/10\/Peque%C3%B1os_Cient%C3%ADficos_2.jpg\" alt=\"\" width=\"1280\" height=\"960\" \/><\/p>\n<p>P\u00e1rvulos y escolares de primer ciclo b\u00e1sico pudieron presentar sus experiencias educativas en el \u00e1rea de la Ciencia a las comunidades educativas de Puerto Natales. En un gran evento denominado como \u201cPeque\u00f1os Cient\u00edficos en Acci\u00f3n\u201d organizado por la Escuela Coronel Santiago Bueras, y donde en su mayor\u00eda participaron establecimientos que se encuentran trabajando con las iniciativas Tus Competencias en Ciencias para Educaci\u00f3n Parvularia y Primer Ciclo B\u00e1sico y Clubes de Apoyo a la Investigaci\u00f3n Cient\u00edfica Escolar (CAICE) del Programa Explora de CONICYT.<\/p>\n<p>Adem\u00e1s de mostrar sus trabajos, los ni\u00f1os participantes pudieron ver y aprender sobre el cuidado del medioambiente con el Teatro de T\u00edteres \u201cAnt\u00e1rtica, el Show\u201d, parte de la exposici\u00f3n itinerante Ant\u00e1rtica Extrema del Proyecto Asociativo Regional (PAR) Explora de CONICYT Magallanes y de la Ant\u00e1rtica Chilena de la Universidad de Magallanes.<\/p>\n<p>La organizadora de este evento y tambi\u00e9n educadora de p\u00e1rvulos de la Escuela Coronel Santiago Bueras, Lorena Santana, efectu\u00f3 un positivo balance de la actividad y al respecto indic\u00f3: \u201cSeis a\u00f1os llevamos haciendo esta feria como establecimiento, con la participaci\u00f3n de ni\u00f1os y ni\u00f1as de educaci\u00f3n parvularia y b\u00e1sica, que presentan diferentes experiencias cient\u00edficas. Lo evaluamos positivamente, ya que vemos que hay mucho inter\u00e9s y motivaci\u00f3n de parte de las educadoras, y de los ni\u00f1os y ni\u00f1as tambi\u00e9n, ya que hemos visto avances en lo que es el conocimiento de la Ciencias, en utilizar diferentes conceptos o el lenguaje que ellos van ocupando, porque conocen muchas palabras nuevas a trav\u00e9s de la experimentaci\u00f3n, la indagaci\u00f3n y de todas las experiencias educativas que Tus Competencias en Ciencias nos ofrece, han podido aprender\u201d.<\/p>\n<p><strong>Diferentes experiencias educativas <\/strong><\/p>\n<p>Los ni\u00f1os Alejandro Montiel, Constanza Sep\u00falveda y Mabel Carrasco de los niveles pre k\u00ednder y k\u00ednder de la Escuela Bernardo O\u2019Higgins de Puerto Natales, relataron en qu\u00e9 consisti\u00f3 su experimento: \u201cNosotros vinimos a mostrar un experimento, que se llama: \u00bfC\u00f3mo hacer flotar una pelota?, para lo cual usamos cartulina, cinta adhesiva, una bombilla, una pelotita, cortamos la cartulina, hicimos un hoyito, pegamos con cinta adhesiva la bombilla, como ya est\u00e1 listo, entonces soplamos y flota. Si lo hacemos con un secador de pelo se quedar\u00e1 flotando todo el rato, si lo apagamos entonces se cae. Nos gust\u00f3 mucho participar y que la gente nos viniera a ver\u201d.<\/p>\n<p>La Escuela de Lenguaje \u00daltima Esperanza tambi\u00e9n se hizo presente en esta Feria de Peque\u00f1os Cient\u00edficos. De igual forma, presentaron experiencias cient\u00edficas de Tus Competencias en Ciencias (TCC) para Educaci\u00f3n Parvularia y Primer Ciclo B\u00e1sico. \u201cEn la Feria Cient\u00edfica de la Escuela E-3 llevamos participando alrededor de cuatro a\u00f1os, desde este a\u00f1o estamos en TCC aplicando los experimentos, las experiencias de aprendizajes que involucran lo que es Tus Competencias en Ciencias, en esta oportunidad participamos con ni\u00f1os de transici\u00f3n 1 con la experiencia \u201cCon los pelos parados\u201d, donde se experimenta con la est\u00e1tica, uno de los ni\u00f1os se prepar\u00f3 para contarles a los otros estudiantes en qu\u00e9 consiste, y as\u00ed empezar con la experiencia de indagaci\u00f3n, en cu\u00e1nto a por qu\u00e9 suceden estas cosas\u201d, destac\u00f3 la jefa de la Unidad T\u00e9cnica Pedag\u00f3gica de la Escuela de Lenguaje \u00daltima Esperanza y educadora, Margarita Villalobos.<\/p>\n<p>De igual forma, ella valor\u00f3 el avance de sus peque\u00f1os cient\u00edficos y el gran inter\u00e9s por realizar las actividades de TCC, \u201cHa sido maravilloso, es incre\u00edble ver que en la medida que avanzamos en las experiencias, los ni\u00f1os van desarrollando su capacidad y su curiosidad, cada vez proponen m\u00e1s ideas, plantean sus hip\u00f3tesis, se atreven m\u00e1s a tocar, a indagar, desarrollan m\u00e1s habilidades que uno a veces creen que no existen en ellos por la edad que tienen, pero nos damos cuenta que la edad no es una limitante para que puedan desarrollar experiencias cient\u00edficas y me he dado cuenta de que si empezamos bien peque\u00f1os, podemos lograr muchas m\u00e1s cosas a medida que van creciendo y eso es lo que m\u00e1s me gusta de esta iniciativa de Explora, que da la oportunidad de trabajar en las escuelas y en los jardines infantiles con ni\u00f1os peque\u00f1os este tipo de habilidades, conocimientos y aptitudes\u201d, coment\u00f3.<\/p>\n<p>Para la profesora jefe del 3\u00ba b\u00e1sico de la Escuela Baudilia Avenda\u00f1o de Yousuff, Valeria G\u00f3mez, es primera vez que participa mostrando el quehacer de sus estudiantes en la iniciativa Tus Competencias en Ciencias, y en este sentido, expresa: \u201cNos ha parecido s\u00faper interesante, es primera vez que participo en Explora, y en Tus Competencias en Ciencias, lo cual ha significado un gran aporte este kit, que est\u00e1 lleno de actividades, el cual los ni\u00f1os han podido disfrutar a lo largo del semestre, y durante cada semana, ha sido muy entretenido, han aprendido sobre diversas tem\u00e1ticas, y en esta oportunidad hemos venido a presentar, lo que son las ondas. En general, en las distintas actividades est\u00e1n tan relacionadas a la vida cotidiana, que ellos pueden reflexionar sobre los fen\u00f3menos que ocurren a su alrededor, les ha incrementado la curiosidad e inter\u00e9s por lo que les rodea, las actividades han hecho que los ni\u00f1os pregunten m\u00e1s, que opinen y que participen, no solo en Ciencias, sino en todas las asignaturas, tambi\u00e9n les ha ayudado a desarrollar su personalidad\u201d.&nbsp;<\/p>\n<p>Sus estudiantes, \u00c1mbar Jim\u00e9nez, Tadish Bustos y Jazm\u00edn Saldivia, fueron los encargados de mostrar el stand de su escuela, \u201cNuestro proyecto trata de las ondas mec\u00e1nicas, una onda comienza a partir de una vibraci\u00f3n, y de ah\u00ed salen miles de ondas, una de ellas se llama transversal y la otra longitudinal. Nos gusta la Ciencia y participar de estas ferias donde mostramos lo que hacemos, el a\u00f1o pasado participamos tambi\u00e9n de esa misma feria, en esa oportunidad hablamos sobre el estado l\u00edquido, s\u00f3lido y gaseoso, pero esta vez es de las ondas\u201d,<\/p>\n","protected":false},"excerpt":{"rendered":"<p>P\u00e1rvulos y escolares de primer ciclo b\u00e1sico pudieron presentar sus experiencias educativas en el \u00e1rea de la Ciencia a las comunidades educativas de Puerto Natales. En un gran evento denominado como \u201cPeque\u00f1os Cient\u00edficos en Acci\u00f3n\u201d organizado por la Escuela Coronel Santiago Bueras, y donde en su mayor\u00eda participaron establecimientos que se encuentran trabajando con las [&hellip;]<\/p>\n","protected":false},"author":2,"featured_media":821,"comment_status":"open","ping_status":"open","sticky":false,"template":"","format":"standard","meta":{"_acf_changed":false,"_exactmetrics_skip_tracking":false,"_exactmetrics_sitenote_active":false,"_exactmetrics_sitenote_note":"","_exactmetrics_sitenote_category":0,"footnotes":"","_links_to":"","_links_to_target":""},"categories":[4],"tags":[],"class_list":["post-820","post","type-post","status-publish","format-standard","has-post-thumbnail","hentry","category-noticias"],"acf":[],"yoast_head":"<!-- This site is optimized with the Yoast SEO plugin v26.7 - https:\/\/yoast.com\/wordpress\/plugins\/seo\/ -->\n<title>\u201cPeque\u00f1os Cient\u00edficos\u201d de Puerto Natales mostraron sus proyectos en Feria de Ciencias de la Escuela Coronel Santiago Bueras - Magallanes<\/title>\n<meta name=\"robots\" content=\"index, follow, max-snippet:-1, max-image-preview:large, max-video-preview:-1\" \/>\n<link rel=\"canonical\" href=\"https:\/\/dev.explora.cl\/magallanes\/pequenos-cientificos-de-puerto-natales-mostraron-sus-proyectos-en-feria-de-ciencias-de-la-escuela-coronel-santiago-bueras\/\" class=\"yoast-seo-meta-tag\" \/>\n<meta property=\"og:locale\" content=\"es_ES\" class=\"yoast-seo-meta-tag\" \/>\n<meta property=\"og:type\" content=\"article\" class=\"yoast-seo-meta-tag\" \/>\n<meta property=\"og:title\" content=\"\u201cPeque\u00f1os Cient\u00edficos\u201d de Puerto Natales mostraron sus proyectos en Feria de Ciencias de la Escuela Coronel Santiago Bueras - Magallanes\" class=\"yoast-seo-meta-tag\" \/>\n<meta property=\"og:description\" content=\"P\u00e1rvulos y escolares de primer ciclo b\u00e1sico pudieron presentar sus experiencias educativas en el \u00e1rea de la Ciencia a las comunidades educativas de Puerto Natales. En un gran evento denominado como \u201cPeque\u00f1os Cient\u00edficos en Acci\u00f3n\u201d organizado por la Escuela Coronel Santiago Bueras, y donde en su mayor\u00eda participaron establecimientos que se encuentran trabajando con las [&hellip;]\" class=\"yoast-seo-meta-tag\" \/>\n<meta property=\"og:url\" content=\"https:\/\/dev.explora.cl\/magallanes\/pequenos-cientificos-de-puerto-natales-mostraron-sus-proyectos-en-feria-de-ciencias-de-la-escuela-coronel-santiago-bueras\/\" class=\"yoast-seo-meta-tag\" \/>\n<meta property=\"og:site_name\" content=\"Magallanes\" class=\"yoast-seo-meta-tag\" \/>\n<meta property=\"article:published_time\" content=\"2017-10-31T04:00:00+00:00\" class=\"yoast-seo-meta-tag\" \/>\n<meta property=\"article:modified_time\" content=\"2019-05-20T21:35:02+00:00\" class=\"yoast-seo-meta-tag\" \/>\n<meta property=\"og:image\" content=\"https:\/\/dev.explora.cl\/magallanes\/wp-content\/uploads\/sites\/19\/2018\/06\/Peque\u00f1os_Cient\u00edficos_2.jpg\" class=\"yoast-seo-meta-tag\" \/>\n\t<meta property=\"og:image:width\" content=\"1280\" class=\"yoast-seo-meta-tag\" \/>\n\t<meta property=\"og:image:height\" content=\"960\" class=\"yoast-seo-meta-tag\" \/>\n\t<meta property=\"og:image:type\" content=\"image\/jpeg\" class=\"yoast-seo-meta-tag\" \/>\n<meta name=\"author\" content=\"webman\" class=\"yoast-seo-meta-tag\" \/>\n<meta name=\"twitter:card\" content=\"summary_large_image\" class=\"yoast-seo-meta-tag\" \/>\n<meta name=\"twitter:label1\" content=\"Escrito por\" class=\"yoast-seo-meta-tag\" \/>\n\t<meta name=\"twitter:data1\" content=\"webman\" class=\"yoast-seo-meta-tag\" \/>\n\t<meta name=\"twitter:label2\" content=\"Tiempo estimado de lectura\" class=\"yoast-seo-meta-tag\" \/>\n\t<meta name=\"twitter:data2\" content=\"5 minutos\" class=\"yoast-seo-meta-tag\" \/>\n<script type=\"application\/ld+json\" class=\"yoast-schema-graph\">{\"@context\":\"https:\/\/schema.org\",\"@graph\":[{\"@type\":\"Article\",\"@id\":\"https:\/\/dev.explora.cl\/magallanes\/pequenos-cientificos-de-puerto-natales-mostraron-sus-proyectos-en-feria-de-ciencias-de-la-escuela-coronel-santiago-bueras\/#article\",\"isPartOf\":{\"@id\":\"https:\/\/dev.explora.cl\/magallanes\/pequenos-cientificos-de-puerto-natales-mostraron-sus-proyectos-en-feria-de-ciencias-de-la-escuela-coronel-santiago-bueras\/\"},\"author\":{\"name\":\"webman\",\"@id\":\"https:\/\/dev.explora.cl\/magallanes\/#\/schema\/person\/cb8349c13ea2d324080adf8480d7ba5d\"},\"headline\":\"\u201cPeque\u00f1os Cient\u00edficos\u201d de Puerto Natales mostraron sus proyectos en Feria de Ciencias de la Escuela Coronel Santiago Bueras\",\"datePublished\":\"2017-10-31T04:00:00+00:00\",\"dateModified\":\"2019-05-20T21:35:02+00:00\",\"mainEntityOfPage\":{\"@id\":\"https:\/\/dev.explora.cl\/magallanes\/pequenos-cientificos-de-puerto-natales-mostraron-sus-proyectos-en-feria-de-ciencias-de-la-escuela-coronel-santiago-bueras\/\"},\"wordCount\":1051,\"commentCount\":0,\"publisher\":{\"@id\":\"https:\/\/dev.explora.cl\/magallanes\/#organization\"},\"image\":{\"@id\":\"https:\/\/dev.explora.cl\/magallanes\/pequenos-cientificos-de-puerto-natales-mostraron-sus-proyectos-en-feria-de-ciencias-de-la-escuela-coronel-santiago-bueras\/#primaryimage\"},\"thumbnailUrl\":\"https:\/\/dev.explora.cl\/magallanes\/wp-content\/uploads\/sites\/19\/2018\/06\/Peque\u00f1os_Cient\u00edficos_2.jpg\",\"articleSection\":[\"Noticias\"],\"inLanguage\":\"es-CL\",\"potentialAction\":[{\"@type\":\"CommentAction\",\"name\":\"Comment\",\"target\":[\"https:\/\/dev.explora.cl\/magallanes\/pequenos-cientificos-de-puerto-natales-mostraron-sus-proyectos-en-feria-de-ciencias-de-la-escuela-coronel-santiago-bueras\/#respond\"]}]},{\"@type\":\"WebPage\",\"@id\":\"https:\/\/dev.explora.cl\/magallanes\/pequenos-cientificos-de-puerto-natales-mostraron-sus-proyectos-en-feria-de-ciencias-de-la-escuela-coronel-santiago-bueras\/\",\"url\":\"https:\/\/dev.explora.cl\/magallanes\/pequenos-cientificos-de-puerto-natales-mostraron-sus-proyectos-en-feria-de-ciencias-de-la-escuela-coronel-santiago-bueras\/\",\"name\":\"\u201cPeque\u00f1os Cient\u00edficos\u201d de Puerto Natales mostraron sus proyectos en Feria de Ciencias de la Escuela Coronel Santiago Bueras - Magallanes\",\"isPartOf\":{\"@id\":\"https:\/\/dev.explora.cl\/magallanes\/#website\"},\"primaryImageOfPage\":{\"@id\":\"https:\/\/dev.explora.cl\/magallanes\/pequenos-cientificos-de-puerto-natales-mostraron-sus-proyectos-en-feria-de-ciencias-de-la-escuela-coronel-santiago-bueras\/#primaryimage\"},\"image\":{\"@id\":\"https:\/\/dev.explora.cl\/magallanes\/pequenos-cientificos-de-puerto-natales-mostraron-sus-proyectos-en-feria-de-ciencias-de-la-escuela-coronel-santiago-bueras\/#primaryimage\"},\"thumbnailUrl\":\"https:\/\/dev.explora.cl\/magallanes\/wp-content\/uploads\/sites\/19\/2018\/06\/Peque\u00f1os_Cient\u00edficos_2.jpg\",\"datePublished\":\"2017-10-31T04:00:00+00:00\",\"dateModified\":\"2019-05-20T21:35:02+00:00\",\"breadcrumb\":{\"@id\":\"https:\/\/dev.explora.cl\/magallanes\/pequenos-cientificos-de-puerto-natales-mostraron-sus-proyectos-en-feria-de-ciencias-de-la-escuela-coronel-santiago-bueras\/#breadcrumb\"},\"inLanguage\":\"es-CL\",\"potentialAction\":[{\"@type\":\"ReadAction\",\"target\":[\"https:\/\/dev.explora.cl\/magallanes\/pequenos-cientificos-de-puerto-natales-mostraron-sus-proyectos-en-feria-de-ciencias-de-la-escuela-coronel-santiago-bueras\/\"]}]},{\"@type\":\"ImageObject\",\"inLanguage\":\"es-CL\",\"@id\":\"https:\/\/dev.explora.cl\/magallanes\/pequenos-cientificos-de-puerto-natales-mostraron-sus-proyectos-en-feria-de-ciencias-de-la-escuela-coronel-santiago-bueras\/#primaryimage\",\"url\":\"https:\/\/dev.explora.cl\/magallanes\/wp-content\/uploads\/sites\/19\/2018\/06\/Peque\u00f1os_Cient\u00edficos_2.jpg\",\"contentUrl\":\"https:\/\/dev.explora.cl\/magallanes\/wp-content\/uploads\/sites\/19\/2018\/06\/Peque\u00f1os_Cient\u00edficos_2.jpg\",\"width\":1280,\"height\":960},{\"@type\":\"BreadcrumbList\",\"@id\":\"https:\/\/dev.explora.cl\/magallanes\/pequenos-cientificos-de-puerto-natales-mostraron-sus-proyectos-en-feria-de-ciencias-de-la-escuela-coronel-santiago-bueras\/#breadcrumb\",\"itemListElement\":[{\"@type\":\"ListItem\",\"position\":1,\"name\":\"Portada\",\"item\":\"https:\/\/dev.explora.cl\/magallanes\/\"},{\"@type\":\"ListItem\",\"position\":2,\"name\":\"\u201cPeque\u00f1os Cient\u00edficos\u201d de Puerto Natales mostraron sus proyectos en Feria de Ciencias de la Escuela Coronel Santiago Bueras\"}]},{\"@type\":\"WebSite\",\"@id\":\"https:\/\/dev.explora.cl\/magallanes\/#website\",\"url\":\"https:\/\/dev.explora.cl\/magallanes\/\",\"name\":\"Magallanes\",\"description\":\"Otro sitio m\u00e1s de dev.explora.cl\",\"publisher\":{\"@id\":\"https:\/\/dev.explora.cl\/magallanes\/#organization\"},\"potentialAction\":[{\"@type\":\"SearchAction\",\"target\":{\"@type\":\"EntryPoint\",\"urlTemplate\":\"https:\/\/dev.explora.cl\/magallanes\/?s={search_term_string}\"},\"query-input\":{\"@type\":\"PropertyValueSpecification\",\"valueRequired\":true,\"valueName\":\"search_term_string\"}}],\"inLanguage\":\"es-CL\"},{\"@type\":\"Organization\",\"@id\":\"https:\/\/dev.explora.cl\/magallanes\/#organization\",\"name\":\"Magallanes\",\"url\":\"https:\/\/dev.explora.cl\/magallanes\/\",\"logo\":{\"@type\":\"ImageObject\",\"inLanguage\":\"es-CL\",\"@id\":\"https:\/\/dev.explora.cl\/magallanes\/#\/schema\/logo\/image\/\",\"url\":\"https:\/\/dev.explora.cl\/magallanes\/wp-content\/uploads\/sites\/19\/2021\/06\/cropped-ICONO-COLOR-2.jpg\",\"contentUrl\":\"https:\/\/dev.explora.cl\/magallanes\/wp-content\/uploads\/sites\/19\/2021\/06\/cropped-ICONO-COLOR-2.jpg\",\"width\":1181,\"height\":1181,\"caption\":\"Magallanes\"},\"image\":{\"@id\":\"https:\/\/dev.explora.cl\/magallanes\/#\/schema\/logo\/image\/\"}},{\"@type\":\"Person\",\"@id\":\"https:\/\/dev.explora.cl\/magallanes\/#\/schema\/person\/cb8349c13ea2d324080adf8480d7ba5d\",\"name\":\"webman\",\"image\":{\"@type\":\"ImageObject\",\"inLanguage\":\"es-CL\",\"@id\":\"https:\/\/dev.explora.cl\/magallanes\/#\/schema\/person\/image\/\",\"url\":\"https:\/\/secure.gravatar.com\/avatar\/eeff3c82f2c02f7177d13663b7e6f890e9a6a0647ce9bb29cae02dcb094c7312?s=96&d=mm&r=g\",\"contentUrl\":\"https:\/\/secure.gravatar.com\/avatar\/eeff3c82f2c02f7177d13663b7e6f890e9a6a0647ce9bb29cae02dcb094c7312?s=96&d=mm&r=g\",\"caption\":\"webman\"},\"url\":\"https:\/\/dev.explora.cl\/magallanes\/author\/webman\/\"}]}<\/script>\n<!-- \/ Yoast SEO plugin. -->","yoast_head_json":{"title":"\u201cPeque\u00f1os Cient\u00edficos\u201d de Puerto Natales mostraron sus proyectos en Feria de Ciencias de la Escuela Coronel Santiago Bueras - Magallanes","robots":{"index":"index","follow":"follow","max-snippet":"max-snippet:-1","max-image-preview":"max-image-preview:large","max-video-preview":"max-video-preview:-1"},"canonical":"https:\/\/dev.explora.cl\/magallanes\/pequenos-cientificos-de-puerto-natales-mostraron-sus-proyectos-en-feria-de-ciencias-de-la-escuela-coronel-santiago-bueras\/","og_locale":"es_ES","og_type":"article","og_title":"\u201cPeque\u00f1os Cient\u00edficos\u201d de Puerto Natales mostraron sus proyectos en Feria de Ciencias de la Escuela Coronel Santiago Bueras - Magallanes","og_description":"P\u00e1rvulos y escolares de primer ciclo b\u00e1sico pudieron presentar sus experiencias educativas en el \u00e1rea de la Ciencia a las comunidades educativas de Puerto Natales. En un gran evento denominado como \u201cPeque\u00f1os Cient\u00edficos en Acci\u00f3n\u201d organizado por la Escuela Coronel Santiago Bueras, y donde en su mayor\u00eda participaron establecimientos que se encuentran trabajando con las [&hellip;]","og_url":"https:\/\/dev.explora.cl\/magallanes\/pequenos-cientificos-de-puerto-natales-mostraron-sus-proyectos-en-feria-de-ciencias-de-la-escuela-coronel-santiago-bueras\/","og_site_name":"Magallanes","article_published_time":"2017-10-31T04:00:00+00:00","article_modified_time":"2019-05-20T21:35:02+00:00","og_image":[{"width":1280,"height":960,"url":"https:\/\/dev.explora.cl\/magallanes\/wp-content\/uploads\/sites\/19\/2018\/06\/Peque\u00f1os_Cient\u00edficos_2.jpg","type":"image\/jpeg"}],"author":"webman","twitter_card":"summary_large_image","twitter_misc":{"Escrito por":"webman","Tiempo estimado de lectura":"5 minutos"},"schema":{"@context":"https:\/\/schema.org","@graph":[{"@type":"Article","@id":"https:\/\/dev.explora.cl\/magallanes\/pequenos-cientificos-de-puerto-natales-mostraron-sus-proyectos-en-feria-de-ciencias-de-la-escuela-coronel-santiago-bueras\/#article","isPartOf":{"@id":"https:\/\/dev.explora.cl\/magallanes\/pequenos-cientificos-de-puerto-natales-mostraron-sus-proyectos-en-feria-de-ciencias-de-la-escuela-coronel-santiago-bueras\/"},"author":{"name":"webman","@id":"https:\/\/dev.explora.cl\/magallanes\/#\/schema\/person\/cb8349c13ea2d324080adf8480d7ba5d"},"headline":"\u201cPeque\u00f1os Cient\u00edficos\u201d de Puerto Natales mostraron sus proyectos en Feria de Ciencias de la Escuela Coronel Santiago Bueras","datePublished":"2017-10-31T04:00:00+00:00","dateModified":"2019-05-20T21:35:02+00:00","mainEntityOfPage":{"@id":"https:\/\/dev.explora.cl\/magallanes\/pequenos-cientificos-de-puerto-natales-mostraron-sus-proyectos-en-feria-de-ciencias-de-la-escuela-coronel-santiago-bueras\/"},"wordCount":1051,"commentCount":0,"publisher":{"@id":"https:\/\/dev.explora.cl\/magallanes\/#organization"},"image":{"@id":"https:\/\/dev.explora.cl\/magallanes\/pequenos-cientificos-de-puerto-natales-mostraron-sus-proyectos-en-feria-de-ciencias-de-la-escuela-coronel-santiago-bueras\/#primaryimage"},"thumbnailUrl":"https:\/\/dev.explora.cl\/magallanes\/wp-content\/uploads\/sites\/19\/2018\/06\/Peque\u00f1os_Cient\u00edficos_2.jpg","articleSection":["Noticias"],"inLanguage":"es-CL","potentialAction":[{"@type":"CommentAction","name":"Comment","target":["https:\/\/dev.explora.cl\/magallanes\/pequenos-cientificos-de-puerto-natales-mostraron-sus-proyectos-en-feria-de-ciencias-de-la-escuela-coronel-santiago-bueras\/#respond"]}]},{"@type":"WebPage","@id":"https:\/\/dev.explora.cl\/magallanes\/pequenos-cientificos-de-puerto-natales-mostraron-sus-proyectos-en-feria-de-ciencias-de-la-escuela-coronel-santiago-bueras\/","url":"https:\/\/dev.explora.cl\/magallanes\/pequenos-cientificos-de-puerto-natales-mostraron-sus-proyectos-en-feria-de-ciencias-de-la-escuela-coronel-santiago-bueras\/","name":"\u201cPeque\u00f1os Cient\u00edficos\u201d de Puerto Natales mostraron sus proyectos en Feria de Ciencias de la Escuela Coronel Santiago Bueras - Magallanes","isPartOf":{"@id":"https:\/\/dev.explora.cl\/magallanes\/#website"},"primaryImageOfPage":{"@id":"https:\/\/dev.explora.cl\/magallanes\/pequenos-cientificos-de-puerto-natales-mostraron-sus-proyectos-en-feria-de-ciencias-de-la-escuela-coronel-santiago-bueras\/#primaryimage"},"image":{"@id":"https:\/\/dev.explora.cl\/magallanes\/pequenos-cientificos-de-puerto-natales-mostraron-sus-proyectos-en-feria-de-ciencias-de-la-escuela-coronel-santiago-bueras\/#primaryimage"},"thumbnailUrl":"https:\/\/dev.explora.cl\/magallanes\/wp-content\/uploads\/sites\/19\/2018\/06\/Peque\u00f1os_Cient\u00edficos_2.jpg","datePublished":"2017-10-31T04:00:00+00:00","dateModified":"2019-05-20T21:35:02+00:00","breadcrumb":{"@id":"https:\/\/dev.explora.cl\/magallanes\/pequenos-cientificos-de-puerto-natales-mostraron-sus-proyectos-en-feria-de-ciencias-de-la-escuela-coronel-santiago-bueras\/#breadcrumb"},"inLanguage":"es-CL","potentialAction":[{"@type":"ReadAction","target":["https:\/\/dev.explora.cl\/magallanes\/pequenos-cientificos-de-puerto-natales-mostraron-sus-proyectos-en-feria-de-ciencias-de-la-escuela-coronel-santiago-bueras\/"]}]},{"@type":"ImageObject","inLanguage":"es-CL","@id":"https:\/\/dev.explora.cl\/magallanes\/pequenos-cientificos-de-puerto-natales-mostraron-sus-proyectos-en-feria-de-ciencias-de-la-escuela-coronel-santiago-bueras\/#primaryimage","url":"https:\/\/dev.explora.cl\/magallanes\/wp-content\/uploads\/sites\/19\/2018\/06\/Peque\u00f1os_Cient\u00edficos_2.jpg","contentUrl":"https:\/\/dev.explora.cl\/magallanes\/wp-content\/uploads\/sites\/19\/2018\/06\/Peque\u00f1os_Cient\u00edficos_2.jpg","width":1280,"height":960},{"@type":"BreadcrumbList","@id":"https:\/\/dev.explora.cl\/magallanes\/pequenos-cientificos-de-puerto-natales-mostraron-sus-proyectos-en-feria-de-ciencias-de-la-escuela-coronel-santiago-bueras\/#breadcrumb","itemListElement":[{"@type":"ListItem","position":1,"name":"Portada","item":"https:\/\/dev.explora.cl\/magallanes\/"},{"@type":"ListItem","position":2,"name":"\u201cPeque\u00f1os Cient\u00edficos\u201d de Puerto Natales mostraron sus proyectos en Feria de Ciencias de la Escuela Coronel Santiago Bueras"}]},{"@type":"WebSite","@id":"https:\/\/dev.explora.cl\/magallanes\/#website","url":"https:\/\/dev.explora.cl\/magallanes\/","name":"Magallanes","description":"Otro sitio m\u00e1s de dev.explora.cl","publisher":{"@id":"https:\/\/dev.explora.cl\/magallanes\/#organization"},"potentialAction":[{"@type":"SearchAction","target":{"@type":"EntryPoint","urlTemplate":"https:\/\/dev.explora.cl\/magallanes\/?s={search_term_string}"},"query-input":{"@type":"PropertyValueSpecification","valueRequired":true,"valueName":"search_term_string"}}],"inLanguage":"es-CL"},{"@type":"Organization","@id":"https:\/\/dev.explora.cl\/magallanes\/#organization","name":"Magallanes","url":"https:\/\/dev.explora.cl\/magallanes\/","logo":{"@type":"ImageObject","inLanguage":"es-CL","@id":"https:\/\/dev.explora.cl\/magallanes\/#\/schema\/logo\/image\/","url":"https:\/\/dev.explora.cl\/magallanes\/wp-content\/uploads\/sites\/19\/2021\/06\/cropped-ICONO-COLOR-2.jpg","contentUrl":"https:\/\/dev.explora.cl\/magallanes\/wp-content\/uploads\/sites\/19\/2021\/06\/cropped-ICONO-COLOR-2.jpg","width":1181,"height":1181,"caption":"Magallanes"},"image":{"@id":"https:\/\/dev.explora.cl\/magallanes\/#\/schema\/logo\/image\/"}},{"@type":"Person","@id":"https:\/\/dev.explora.cl\/magallanes\/#\/schema\/person\/cb8349c13ea2d324080adf8480d7ba5d","name":"webman","image":{"@type":"ImageObject","inLanguage":"es-CL","@id":"https:\/\/dev.explora.cl\/magallanes\/#\/schema\/person\/image\/","url":"https:\/\/secure.gravatar.com\/avatar\/eeff3c82f2c02f7177d13663b7e6f890e9a6a0647ce9bb29cae02dcb094c7312?s=96&d=mm&r=g","contentUrl":"https:\/\/secure.gravatar.com\/avatar\/eeff3c82f2c02f7177d13663b7e6f890e9a6a0647ce9bb29cae02dcb094c7312?s=96&d=mm&r=g","caption":"webman"},"url":"https:\/\/dev.explora.cl\/magallanes\/author\/webman\/"}]}},"_links":{"self":[{"href":"https:\/\/dev.explora.cl\/magallanes\/wp-json\/wp\/v2\/posts\/820","targetHints":{"allow":["GET"]}}],"collection":[{"href":"https:\/\/dev.explora.cl\/magallanes\/wp-json\/wp\/v2\/posts"}],"about":[{"href":"https:\/\/dev.explora.cl\/magallanes\/wp-json\/wp\/v2\/types\/post"}],"author":[{"embeddable":true,"href":"https:\/\/dev.explora.cl\/magallanes\/wp-json\/wp\/v2\/users\/2"}],"replies":[{"embeddable":true,"href":"https:\/\/dev.explora.cl\/magallanes\/wp-json\/wp\/v2\/comments?post=820"}],"version-history":[{"count":1,"href":"https:\/\/dev.explora.cl\/magallanes\/wp-json\/wp\/v2\/posts\/820\/revisions"}],"predecessor-version":[{"id":37647,"href":"https:\/\/dev.explora.cl\/magallanes\/wp-json\/wp\/v2\/posts\/820\/revisions\/37647"}],"wp:featuredmedia":[{"embeddable":true,"href":"https:\/\/dev.explora.cl\/magallanes\/wp-json\/wp\/v2\/media\/821"}],"wp:attachment":[{"href":"https:\/\/dev.explora.cl\/magallanes\/wp-json\/wp\/v2\/media?parent=820"}],"wp:term":[{"taxonomy":"category","embeddable":true,"href":"https:\/\/dev.explora.cl\/magallanes\/wp-json\/wp\/v2\/categories?post=820"},{"taxonomy":"post_tag","embeddable":true,"href":"https:\/\/dev.explora.cl\/magallanes\/wp-json\/wp\/v2\/tags?post=820"}],"curies":[{"name":"wp","href":"https:\/\/api.w.org\/{rel}","templated":true}]}}