{"id":816,"date":"2017-10-31T00:00:00","date_gmt":"2017-10-31T04:00:00","guid":{"rendered":"https:\/\/dev.explora.cl\/magallanes\/blog\/2017\/10\/31\/charlas-disponibles-1000-cientificos-1000-aulas-en-magallanes-2\/"},"modified":"2019-05-20T21:35:00","modified_gmt":"2019-05-20T21:35:00","slug":"charlas-disponibles-1000-cientificos-1000-aulas-en-magallanes-2","status":"publish","type":"post","link":"https:\/\/dev.explora.cl\/magallanes\/charlas-disponibles-1000-cientificos-1000-aulas-en-magallanes-2\/","title":{"rendered":"Charlas disponibles 1000 Cient\u00edficos 1000 Aulas en Magallanes"},"content":{"rendered":"<p>La iniciativa 1000 Cient\u00edficos 1000 Aulas del Programa Explora de CONICYT busca acercar a los cient\u00edficos, investigadores, acad\u00e9micos y otros profesionales con el p\u00fablico escolar a trav\u00e9s de charlas relacionadas con su quehacer cient\u00edfico u tecnol\u00f3gico. Adem\u00e1s de lograr cercan\u00eda compartiendo sus experiencias de vida ligadas a su profesi\u00f3n. Lo anterior, permite generar inter\u00e9s y vocaci\u00f3n por la ciencia al interior de las comunidades educativas.<\/p>\n<p>Por lo que los establecimientos interesados pueden solicitar m\u00e1s de una charla, y por otra parte, los cient\u00edficos interesados tendr\u00e1n la posibilidad de presentar varias exposiciones en distintos establecimientos de toda la regi\u00f3n. Este tr\u00e1mite puede realizarse v\u00eda online en: <a href=\"http:\/\/www.1000cientificos.dev.explora.cl\">www.1000cientificos.dev.explora.cl<\/a> o contactarse con la encargada de Vinculaci\u00f3n Escolar del PAR Explora de CONICYT Regi\u00f3n de Magallanes y de la Ant\u00e1rtica Chilena, Katherine Barr\u00eda Quintana al correo: <a href=\"mailto:vinculacionescolar.exploramag@gmail.com\">vinculacionescolar.exploramag@gmail.com<\/a><\/p>\n<p>En este sentido, ella realiza una invitaci\u00f3n a los colegios y expositores a sumarse a esta iniciativa: \u201c1000 Cient\u00edficos 1000 Aulas consiste en acercar a los estudiantes al quehacer de los cient\u00edficos de nuestra regi\u00f3n y a sus investigaciones. En este sentido, nosotros como PAR Explora Magallanes abrimos la invitaci\u00f3n a los establecimientos educacionales, particularmente a los profesores y directivos para que agenden charlas en la plataforma o directamente al correo electr\u00f3nico, la idea es que conozcan lo que significa hacer ciencia en la regi\u00f3n y ampliar el conocimiento a la mayor cantidad de estudiantes, y de paso tambi\u00e9n invitar a los cient\u00edficos, investigadores y acad\u00e9micos para que se inscriban en nuestra plataforma\u201d.<\/p>\n<p>Por el momento, las charlas disponibles son:<\/p>\n<table>\n<tbody>\n<tr>\n<td style=\"width: 29px\">&nbsp;<\/td>\n<td style=\"width: 130px\">\n<p><strong><em>Nombre de la charla<\/em><\/strong><\/p>\n<\/td>\n<td style=\"width: 92px\">\n<p><strong><em>Cient\u00edfico <\/em><\/strong><\/p>\n<\/td>\n<td style=\"width: 240px\">\n<p><strong><em>Descripci\u00f3n de la charla<\/em><\/strong><\/p>\n<\/td>\n<td style=\"width: 122px\">\n<p><strong><em>Curso al cual va dirigido<\/em><\/strong><\/p>\n<\/td>\n<td style=\"width: 93px\">\n<p><strong><em>Comuna<\/em><\/strong><\/p>\n<\/td>\n<\/tr>\n<tr>\n<td style=\"width: 29px\">\n<p><strong><em>1<\/em><\/strong><\/p>\n<\/td>\n<td style=\"width: 130px\">\n<p>Conociendo el c\u00f3ndor andino<\/p>\n<\/td>\n<td style=\"width: 92px\">\n<p>Ricardo Guineo Garay<\/p>\n<\/td>\n<td style=\"width: 240px\">\n<p>Una charla sobre conocimientos generales acerca del c\u00f3ndor andino (Vultur gryphus). Se hace una descripci\u00f3n sobre las caracter\u00edsticas de la especie y se toma como estudio de caso, una investigaci\u00f3n sobre relaci\u00f3n entre clima y actividad de vuelo, realizada en el Parque Nacional Torres<\/p>\n<\/td>\n<td style=\"width: 122px\">\n<p>Desde 1ero b\u00e1sico a 4to medio (esta charla se puede ajustar dependiendo del curso receptor.<\/p>\n<\/td>\n<td style=\"width: 93px\">\n<p>Punta Arenas<\/p>\n<p>Porvenir<\/p>\n<p>Puerto Natales<\/p>\n<\/td>\n<\/tr>\n<tr>\n<td style=\"width: 29px\">\n<p><strong><em>2<\/em><\/strong><\/p>\n<\/td>\n<td style=\"width: 130px\">\n<p>Termitas: una historia disney en la vida real<\/p>\n<\/td>\n<td style=\"width: 92px\">\n<p>Jos\u00e9 Rizo Massu<\/p>\n<\/td>\n<td style=\"width: 240px\">\n<p>La historia de un poderoso reino, que expulsa a la princesa heredera. Ella debe sortear una serie de peligros y en medio de sus aventuras, conoce un pretendiente con quien puede compartir su vida, aunque los peligros no cesan en un mundo hostil. \u00bfUna historia Disney? No. Es la historia de una termita y su ciclo de vida. Y es parte de la investigaci\u00f3n que se desarroll\u00f3 respecto a la agresividad de termitas de colonias distintas<\/p>\n<\/td>\n<td style=\"width: 122px\">\n<p>Desde 5to b\u00e1sico a 4to medio (esta charla se puede ajustar dependiendo del curso receptor.<\/p>\n<\/td>\n<td style=\"width: 93px\">\n<p>Punta Arenas<\/p>\n<p>Porvenir<\/p>\n<p>Puerto Natales<\/p>\n<\/td>\n<\/tr>\n<tr>\n<td style=\"width: 29px\">\n<p><strong><em>3<\/em><\/strong><\/p>\n<\/td>\n<td style=\"width: 130px\">\n<p>Iniciaci\u00f3n a la Ciencia del Cambio clim\u00e1tico<\/p>\n<\/td>\n<td style=\"width: 92px\">\n<p>Cristiane Carvalho<\/p>\n<\/td>\n<td style=\"width: 240px\">\n<p>Considerando que una de las \u201cacciones clim\u00e1ticas\u201d del gobierno de Chile es incluir en la malla curricular de los colegios del pa\u00eds, se hace imprescindible que los estudiantes empiecen a familiarizarse con la tem\u00e1tica.<\/p>\n<p>As\u00ed, la charla \u201cIniciaci\u00f3n a la ciencia del cambio clim\u00e1tico\u201d tiene el objetivo de introducir los conceptos b\u00e1sicos sobre cambio clim\u00e1tico, con un lenguaje simple y cercano, a los estudiantes de media de liceos e institutos de Punta Arenas.&nbsp;<\/p>\n<\/td>\n<td style=\"width: 122px\">\n<p>13ro medio b\u00e1sico a 4to medio (esta charla se puede ajustar dependiendo del curso receptor.<\/p>\n<\/td>\n<td style=\"width: 93px\">\n<p>Punta Arenas<\/p>\n<\/td>\n<\/tr>\n<tr>\n<td style=\"width: 29px\">\n<p><strong><em>4<\/em><\/strong><\/p>\n<\/td>\n<td style=\"width: 130px\">\n<p>Pinceladas de Ecolog\u00eda<\/p>\n<\/td>\n<td style=\"width: 92px\">\n<p>Ricardo Guineo<\/p>\n<\/td>\n<td style=\"width: 240px\">\n<p>Una clase introductoria a la ecolog\u00eda como ciencia y el entendimiento de la naturaleza. Se tratan brevemente temas diversos como: taxonom\u00eda, especies en peligro, fisiolog\u00eda, ecolog\u00eda de poblaciones, ecolog\u00eda de comunidades y amenazas a la conservaci\u00f3n. La charla es apta para todo p\u00fablico, pues la forma de exposici\u00f3n es adecuada al nivel escolar receptor.<\/p>\n<\/td>\n<td style=\"width: 122px\">\n<p>Desde 1ero b\u00e1sico a 4to medio (esta charla se puede ajustar dependiendo del curso receptor.<\/p>\n<\/td>\n<td style=\"width: 93px\">\n<p>Punta Arenas<\/p>\n<p>Puerto Natales<\/p>\n<p>Porvenir<\/p>\n<\/td>\n<\/tr>\n<tr>\n<td style=\"width: 29px\">\n<p><strong><em>5<\/em><\/strong><\/p>\n<\/td>\n<td style=\"width: 130px\">\n<p>Entre animales y aventuras<\/p>\n<\/td>\n<td style=\"width: 92px\">\n<p>Ricardo Guineo<\/p>\n<\/td>\n<td style=\"width: 240px\">\n<p>Una charla sobre el trabajo del bi\u00f3logo de vida silvestre en terreno. Enfocado en la fauna magall\u00e1nica, se hace una muestra de las distintas especies regionales, a la vez que se educa sobre las formas de estudio de la vida silvestre. La charla es apta para todo p\u00fablico, pues la forma de exposici\u00f3n es adecuada al nivel escolar receptor. Al mismo tiempo, la duraci\u00f3n de la misma es regulada seg\u00fan los requisitos del establecimiento<\/p>\n<\/td>\n<td style=\"width: 122px\">\n<p>Desde 1ero b\u00e1sico a 4to medio (esta charla se puede ajustar dependiendo del curso receptor.<\/p>\n<\/td>\n<td style=\"width: 93px\">\n<p>Punta Arenas<\/p>\n<p>Puerto Natales<\/p>\n<p>Porvenir<\/p>\n<\/td>\n<\/tr>\n<tr>\n<td style=\"width: 29px\">\n<p><strong><em>6<\/em><\/strong><\/p>\n<\/td>\n<td style=\"width: 130px\">\n<p>La Sociedad de los huemules<\/p>\n<\/td>\n<td style=\"width: 92px\">\n<p>Ricardo Guineo<\/p>\n<\/td>\n<td style=\"width: 240px\">\n<p>Se hace una breve introducci\u00f3n al huemul como especie, sobre sus caracter\u00edsticas y h\u00e1bitat. La charla se concentra en la socioecolog\u00eda de la especie, o dicho de otra forma, c\u00f3mo se relacionan los huemules entre ellos. La charla es apta para todo p\u00fablico, pues la forma de exposici\u00f3n es adecuada al nivel escolar receptor. Al mismo tiempo, la duraci\u00f3n de la misma es regulada seg\u00fan los requisitos del establecimiento<\/p>\n<\/td>\n<td style=\"width: 122px\">\n<p>Desde 1ero b\u00e1sico a 4to medio (esta charla se puede ajustar dependiendo del curso receptor.<\/p>\n<\/td>\n<td style=\"width: 93px\">\n<p>Punta Arenas<\/p>\n<p>Puerto Natales<\/p>\n<p>Porvenir<\/p>\n<\/td>\n<\/tr>\n<tr>\n<td style=\"width: 29px\">\n<p><strong><em>7<\/em><\/strong><\/p>\n<\/td>\n<td style=\"width: 130px\">\n<p>Tu perrito y la naturaleza<\/p>\n<\/td>\n<td style=\"width: 92px\">\n<p>Ricardo Guineo<\/p>\n<\/td>\n<td style=\"width: 240px\">\n<p>Esta charla trata sobre los problemas que puede traer la liberaci\u00f3n de un perrito. Se explican, por una parte, los problemas que enfrenta para poder sobrevivir, al mismo tiempo que se hace notar el impacto que tiene sobre la fauna silvestre. La charla viene como parte de un material educativo sobre tenencia respo<br \/>\nnsable, disponible en DVD y de divulgaci\u00f3n gratuita. El material es de tipo digital e interactivo. La charla es apta para todo p\u00fablico, pues la forma de exposici\u00f3n es adecuada al nivel escolar receptor.<\/p>\n<\/td>\n<td style=\"width: 122px\">\n<p>Desde 1ero b\u00e1sico a 4to medio (esta charla se puede ajustar dependiendo del curso receptor.<\/p>\n<\/td>\n<td style=\"width: 93px\">\n<p>Punta Arenas<\/p>\n<p>Puerto Natales<\/p>\n<p>Porvenir<\/p>\n<\/td>\n<\/tr>\n<tr>\n<td style=\"width: 29px\">\n<p><strong><em>8<\/em><\/strong><\/p>\n<\/td>\n<td style=\"width: 130px\">\n<p>Cordillera Darwin: explorando el secreto de sus hielos.<\/p>\n<\/td>\n<td style=\"width: 92px\">\n<p>Juan Carlos Aravena<\/p>\n<\/td>\n<td style=\"width: 240px\">\n<p>Los resultados de 4 a\u00f1os de investigaci\u00f3n en los cambios de los glaciares de la Cordillera Darwin para los \u00faltimos miles de a\u00f1os.<\/p>\n<\/td>\n<td style=\"width: 122px\">\n<p>De 1ero medio 4to medio<\/p>\n<\/td>\n<td style=\"width: 93px\">\n<p>Primavera,<\/p>\n<p>Porvenir<\/p>\n<p>Punta Arenas<\/p>\n<p>Torres del Paine<\/p>\n<p>Timaukel<\/p>\n<p>Puerto Natales<\/p>\n<\/td>\n<\/tr>\n<tr>\n<td style=\"width: 29px\">\n<p><strong><em>9<\/em><\/strong><\/p>\n<\/td>\n<td style=\"width: 130px\">\n<p>El mundo de la ingenier\u00eda el\u00e9ctrica<\/p>\n<\/td>\n<td style=\"width: 92px\">\n<p>Eduardo Reyes<\/p>\n<\/td>\n<td style=\"width: 240px\">\n<p>Esta charla entrega una introducci\u00f3n al mundo de la Ingenier\u00eda El\u00e9ctrica. Se tratan las distintas \u00e1reas y diferentes carreras relacionadas al uso de la electricidad. El objetivo principal es compartir y entregar informaci\u00f3n sobre lo que los estudiantes encontrar\u00e1n en la universidad. Adem\u00e1s, se aborda el \u00e1rea espec\u00edfica de desarrollo del expositor, sistemas electr\u00f3nicos de potencia.<\/p>\n<\/td>\n<td style=\"width: 122px\">\n<p>De 1ero medio 4to medio<\/p>\n<\/td>\n<td style=\"width: 93px\">\n<p>Punta Arenas<\/p>\n<\/td>\n<\/tr>\n<tr>\n<td style=\"width: 29px\">\n<p><strong><em>10<\/em><\/strong><\/p>\n<\/td>\n<td style=\"width: 130px\">\n<p>Estudiar Ingenier\u00eda: qu\u00e9 saber, qu\u00e9 esperar y c\u00f3mo actuar<\/p>\n<\/td>\n<td style=\"width: 92px\">\n<p>Eduardo Reyes<\/p>\n<\/td>\n<td style=\"width: 240px\">\n<p>Esta charla trata de entregar informaci\u00f3n sobre c\u00f3mo es estudiar en una universidad (enfoc\u00e1ndose en los estudios del \u00e1rea de ingenier\u00eda), lo que los nuevos estudiantes deber\u00edan esperar y, adem\u00e1s, hablar un poco de la diferencia entre estudios t\u00e9cnicos, profesionales, grados acad\u00e9micos, pregrado y postgrado. Normalmente, el inicio de estudios superiores trae consigo diferentes complicaciones a los estudiantes, por lo tanto, en esta charla se espera compartir la experiencia del expositor tanto a nivel nacional como internacional para, en alg\u00fan grado, ayudar a estar un poco m\u00e1s preparado para la educaci\u00f3n superior.<\/p>\n<\/td>\n<td style=\"width: 122px\">\n<p>De 1ero medio 4to medio<\/p>\n<\/td>\n<td style=\"width: 93px\">\n<p>Punta Arenas<\/p>\n<\/td>\n<\/tr>\n<tr>\n<td style=\"width: 29px\">\n<p><strong><em>11<\/em><\/strong><\/p>\n<\/td>\n<td style=\"width: 130px\">\n<p>\u00bfViven peque\u00f1os monstruos dentro de los peces?<\/p>\n<\/td>\n<td style=\"width: 92px\">\n<p>Ver\u00f3nica Aros<\/p>\n<\/td>\n<td style=\"width: 240px\">\n<p>Charla que tiene el objetivo de contarle a los ni\u00f1os acerca de los par\u00e1sitos que viven dentro de los peces, especialmente peces de la regi\u00f3n de Magallanes y la Ant\u00e1rtica Chilena. Definirlos y caracterizarlos con sus ciclos de vida, su alimentaci\u00f3n, los peces que parasitan y el rol que cumplen dentro del ecosistema marino, principalmente en el continente Ant\u00e1rtico, adem\u00e1s de recalcar su importancia y por qu\u00e9 son motivo de estudio.<\/p>\n<\/td>\n<td style=\"width: 122px\">\n<p>De 5to a 8vo b\u00e1sico<\/p>\n<\/td>\n<td style=\"width: 93px\">\n<p>Punta Arenas<\/p>\n<\/td>\n<\/tr>\n<tr>\n<td style=\"width: 29px\">\n<p><strong><em>12<\/em><\/strong><\/p>\n<\/td>\n<td style=\"width: 130px\">\n<p>Los Selknam del norte de Tierra del Fuego antes y despu\u00e9s de la colonizaci\u00f3n ganadera.<\/p>\n<\/td>\n<td style=\"width: 92px\">\n<p>Alfredo Prieto<\/p>\n<\/td>\n<td style=\"width: 240px\">\n<p>Los Selknam eran cazadores recolectores n\u00f3mades terrestres que ocuparon gran oparte de la isla Grande de Tierra del Fuego.&nbsp; Casi todo lo que sabemos de ellos proviene de los estudios hechos en el sur boscoso de la isla y muy poco sobre los Selknam del norte que fueron los primeros en sufrir la erradicaci\u00f3n y el exterminio. Intentamos dar a conocer las fuentes principales y las descripciones de los viajeros, exploradores y misioneros que describieron el modo de vida de los Selknam del norte con vistas a comprender su modo de subsistencia y patrones de asentamiento.<\/p>\n<\/td>\n<td style=\"width: 122px\">\n<p>8vo a tercero medio<\/p>\n<\/td>\n<td style=\"width: 93px\">\n<p>Punta Arenas<\/p>\n<p>Porvenir<\/p>\n<\/td>\n<\/tr>\n<tr>\n<td style=\"width: 29px\">\n<p><strong><em>13<\/em><\/strong><\/p>\n<\/td>\n<td style=\"width: 130px\">\n<p>Nombres cient\u00edficos curiosos, una forma de acercar la ciencia a la comunidad<\/p>\n<\/td>\n<td style=\"width: 92px\">\n<p>Eduardo Iv\u00e1n Faundez Pe\u00f1a<\/p>\n<\/td>\n<td style=\"width: 240px\">\n<p>La charla trata la nomenclatura cient\u00edfica desde un punto de vista hist\u00f3rico y como esta ha ido evolucionando hasta el punto de existir en la actualidad nombres dedicados a personajes de la cultura popular, y como esto puede ser una potente herramienta para acercar el mundo cient\u00edfico a la comunidad.<\/p>\n<\/td>\n<td style=\"width: 122px\">\n<p>1ero medio a 4to medio<\/p>\n<\/td>\n<td style=\"width: 93px\">\n<p>Punta Arenas<\/p>\n<\/td>\n<\/tr>\n<tr>\n<td style=\"width: 29px\">\n<p><strong><em>14<\/em><\/strong><\/p>\n<\/td>\n<td style=\"width: 130px\">\n<p>Ecosistemas acu\u00e1ticos de Magallanes: el pez grande se come al peque\u00f1o?<\/p>\n<\/td>\n<td style=\"width: 92px\">\n<p>Jorge Fabi\u00e1n Gonz\u00e1lez Gonz\u00e1lez<\/p>\n<\/td>\n<td style=\"width: 240px\">\n<p>Descripci\u00f3n general de los ecosistemas acu\u00e1ticos continentales de Magallanes, con \u00e9nfasis en la ecolog\u00eda tr\u00f3fica. Se definir\u00e1n conceptos generales de ecolog\u00eda b\u00e1sica, se describir\u00e1n los principales ecosistemas dulceacuicolas de la regi\u00f3n y su biodiversidad, y finalmente, se profundizar\u00e1 en los efectos de los peces introducidos sobre los nativos y el resto de la trama tr\u00f3fica.<\/p>\n<\/td>\n<td style=\"width: 122px\">\n<p>6\u00b0, 7\u00b0 y 8\u00b0 b\u00e1sico.<\/p>\n<\/td>\n<td style=\"width: 93px\">\n<p>Punta Arenas<\/p>\n<\/td>\n<\/tr>\n<tr>\n<td style=\"width: 29px\">\n<p><strong><em>15<\/em><\/strong><\/p>\n<\/td>\n<td style=\"width: 130px\">\n<p>Oc\u00e9anos, la fuerza de las corrientes marinas<\/p>\n<\/td>\n<td style=\"width: 92px\">\n<p>Ignacio Soto Quezada<\/p>\n<\/td>\n<td style=\"width: 240px\">\n<p>Dentro de los mares mundiales, nuestro gran oc\u00e9ano contiene muchas riquezas en biodiversidad las cuales se enfoca en el movimiento de las corrientes marinas. pero \u00bfC\u00f3mo funcionan?, \u00bfEn que afecta?, \u00bfc\u00f3mo se mueven?, \u00bfqu\u00e9 porcentaje a sido explorado?, \u00bfporque es azul? estas son algunas de las preguntas que nos hemos hecho alguna vez y que ser\u00e1n respondidas mediante la charla.<\/p>\n<\/td>\n<td style=\"width: 122px\">\n<p>3\u00b0, 4\u00b0, 5\u00b0, 6\u00b0 y 7\u00b0 b\u00e1sico<\/p>\n<\/td>\n<td style=\"width: 93px\">\n<p>Punta Arenas<\/p>\n<\/td>\n<\/tr>\n<tr>\n<td style=\"width: 29px\">\n<p><strong><em>16<\/em><\/strong><\/p>\n<\/td>\n<td style=\"width: 130px\">\n<p>Como hacer de nuestro planeta,&nbsp; un planeta feliz. (Ant\u00e1rtica El Show)<\/p>\n<\/td>\n<td style=\"width: 92px\">\n<p>Katherine Barria , Ignacio Soto y Constanza Jim\u00e9nez<\/p>\n<\/td>\n<td style=\"width: 240px\">\n<p>Por medio de un teatro de t\u00edteres, se quiere generar un di\u00e1logo con los ni\u00f1os y ni\u00f1as en donde ellos participen y adem\u00e1s tomen conciencia de c\u00f3mo afecta la contaminaci\u00f3n de los humanos en nuestro planeta tierra.<\/p>\n<\/td>\n<td style=\"width: 122px\">\n<p>Prekinder, k\u00ednder , segundo tercero y cuarto basico.<\/p>\n<\/td>\n<td style=\"width: 93px\">\n<p>Punta Arenas, Puerto Natales y Porvenir<\/p>\n<\/td>\n<\/tr>\n<tr>\n<td style=\"width: 29px\">\n<p><strong><em>17<\/em><\/strong><\/p>\n<\/td>\n<td style=\"width: 130px\">\n<p>Que son los protistas y para qu\u00e9 sirven?<\/p>\n<\/td>\n<td style=\"width: 92px\">\n<p>Mar\u00eda Laura Carrevedo<\/p>\n<\/td>\n<td style=\"width: 240px\">\n<p>Microorganismos que forman parte desde los primeros descomponedores de la materia hasta los gigantes huiros que pueblan los bordes oceanicos de bosque sumergidos<\/p>\n<\/td>\n<td style=\"width: 122px\">\n<p>1 ero medio a 4to medio<\/p>\n<\/td>\n<td style=\"width: 93px\">\n<p>Punta Arenas<\/p>\n<\/td>\n<\/tr>\n<tr>\n<td style=\"width: 29px\">\n<p><strong><em>18<\/em><\/strong><\/p>\n<\/td>\n<td style=\"width: 130px\">\n<p>Los Selknam de Tierra del Fuego: \u201centre cantos, fogatas y europeos.<\/p>\n<\/td>\n<td style=\"width: 92px\">\n<p>Natalia C\u00e1rdenas Espinoza<\/p>\n<\/td>\n<td style=\"width: 240px\">\n<p>Consiste en un recorrido de la cultura Selknam de Tierra del Fuego, es decir, sus antiguas costumbres, creencias desde una perspectiva antropol\u00f3gica, particularmente desde el \u00e1mbito sociocultural, hasta lo que se comprende en la actualidad. Se tiene en cuenta videos acerca de sus creencias, que incluyen la colonizaci\u00f3n y sus consecuencias para la actualidad, adem\u00e1s de preguntas para la participaci\u00f3n de los\/as alumnos\/as para hacer esta charla de manera m\u00e1s din\u00e1mica.<\/p>\n<\/td>\n<td style=\"width: 122px\">\n<p>1ero b\u00e1sico a 4to medio<\/p>\n<\/td>\n<td style=\"width: 93px\">\n<p>Punta Arenas, Puerto Natales y Porvenir<\/p>\n<\/td>\n<\/tr>\n<tr>\n<td style=\"width: 29px\">\n<p><strong><em>19<\/em><\/strong><\/p>\n<\/td>\n<td style=\"width: 130px\">\n<p>Los Yaganes: \u201cPueblo de Canoas, Fogatas y ceremonias\u201d<\/p>\n<\/td>\n<td style=\"width: 92px\">\n<p>Natalia C\u00e1rdenas Espinoza<\/p>\n<\/td>\n<td style=\"width: 240px\">\n<p>Consiste en un recorrido de la cultura Yagan, desde su etnohistoria hasta la actualidad, el Pueblo originario m\u00e1s austral del mundo, que se encontraba antiguamente desde las Costas de la parte Sur de la Isla Tierra del Fuego hasta el Cabo de Hornos. Se incluyen experiencias personales en la investigaci\u00f3n del Pueblo Yagan, no s\u00f3lo bibliogr\u00e1fico, sino que tambi\u00e9n breves relatos acerca de las entrevistas que realic\u00e9 a personas de la Comunidad Yagan actual de Isla Navarino, que le dan un sentido particular a la identidad Yagan actual, y que es un rescate cultural que se debe tener en cuenta. Tambi\u00e9n se muestran videos acerca de los Yaganes y preguntas que incentivan la participaci\u00f3n de los alumnos\/as para hacer \u00e9sta charla m\u00e1s did\u00e1ctica.<\/p>\n<\/td>\n<td style=\"width: 122px\">\n<p>1ero b\u00e1sico 4to medio<\/p>\n<\/td>\n<td style=\"width: 93px\">\n<p>Punta Arenas, Porvenir, Puerto natales<\/p>\n<\/td>\n<\/tr>\n<tr>\n<td style=\"width: 29px\">\n<p><strong><em>20<\/em><\/strong><\/p>\n<\/td>\n<td style=\"width: 130px\">\n<p>\u00bfQu\u00e9 es la Antropolog\u00eda?<\/p>\n<\/td>\n<td style=\"width: 92px\">\n<p>Natalia C\u00e1rdenas Espinoza<\/p>\n<\/td>\n<td style=\"width: 240px\">\n<p>Se explica que es la antropolog\u00eda de manera general, tambi\u00e9n sus especialidades, breve historia del pensamiento antropol\u00f3gico, su importancia en la sociedad y su aplicaci\u00f3n actual. El objetivo es que se despierte el inter\u00e9s por \u00e9sta disciplina, mostrando de manera did\u00e1ctica videos, explicando la experiencia personal y haciendo preguntas que incentiven la participaci\u00f3n y discusi\u00f3n de los\/as j\u00f3venes.<\/p>\n<\/td>\n<td style=\"width: 122px\">\n<p>7 mo a 4to medio<\/p>\n<\/td>\n<td style=\"width: 93px\">\n<p>Punta arenas, Puerto Natales y Porvenir<\/p>\n<\/td>\n<\/tr>\n<tr>\n<td style=\"width: 29px\">\n<p><strong><em>21<\/em><\/strong><\/p>\n<\/td>\n<td style=\"width: 130px\">\n<p>Gu\u00eda alimentaria para la poblaci\u00f3n chilena&nbsp; &#8220;11 mensajes que cuidan tu salud&#8221;<\/p>\n<\/td>\n<td style=\"width: 92px\">\n<p>Andrea Mansilla<\/p>\n<\/td>\n<td style=\"width: 240px\">\n<p>Esperando descripci\u00f3n del cientifico<\/p>\n<\/td>\n<td style=\"width: 122px\">&nbsp;<\/td>\n<td style=\"width: 93px\">&nbsp;<\/td>\n<\/tr>\n<tr>\n<td style=\"width: 29px\">\n<p><strong><em>22<\/em><\/strong><\/p>\n<\/td>\n<td style=\"width: 130px\">\n<p>&#8220;Epidemiolog\u00eda nutricional: De la desnutrici\u00f3n a la obesidad&#8221;.<\/p>\n<\/td>\n<td style=\"width: 92px\">\n<p>Andrea Mansilla<\/p>\n<\/td>\n<td style=\"width: 240px\">\n<p>Esperando descripci\u00f3n del cientifico<\/p>\n<\/td>\n<td style=\"width: 122px\">&nbsp;<\/td>\n<td style=\"width: 93px\">&nbsp;<\/td>\n<\/tr>\n<tr>\n<td style=\"width: 29px\">\n<p><strong><em>23<\/em><\/strong><\/p>\n<\/td>\n<td style=\"width: 130px\">\n<p>&#8220;Ley 20.606 de etiquetado nutricional: Menos sellos, M\u00e1s Salud&#8221;<\/p>\n<\/td>\n<td style=\"width: 92px\">\n<p>Andrea Mansilla<\/p>\n<\/td>\n<td style=\"width: 240px\">\n<p>Esperando descripci\u00f3n del cientifico<\/p>\n<\/td>\n<td style=\"width: 122px\">&nbsp;<\/td>\n<td style=\"width: 93px\">&nbsp;<\/td>\n<\/tr>\n<tr>\n<td style=\"width: 29px\">\n<p><strong><em>24<\/em><\/strong><\/p>\n<\/td>\n<td style=\"width: 130px\">\n<p>&#8220;Paradoja evolutiva: Genes que causan obesidad&#8221;.<\/p>\n<\/td>\n<td style=\"width: 92px\">\n<p>Andrea Mansilla<\/p>\n<\/td>\n<td style=\"width: 240px\">\n<p>Esperando descripci\u00f3n del cientifico<\/p>\n<\/td>\n<td style=\"width: 122px\">&nbsp;<\/td>\n<td style=\"width: 93px\">&nbsp;<\/td>\n<\/tr>\n<tr>\n<td style=\"width: 29px\">\n<p><strong><em>25<\/em><\/strong><\/p>\n<\/td>\n<td style=\"width: 130px\">\n<p>&#8220;Carbohidratos : Una dulce amenaza&#8221;<\/p>\n<\/td>\n<td style=\"width: 92px\">\n<p>Andrea Mansilla<\/p>\n<\/td>\n<td style=\"width: 240px\">\n<p>Esperando descripci\u00f3n del cientifico<\/p>\n<\/td>\n<td style=\"width: 122px\">&nbsp;<\/td>\n<td style=\"width: 93px\">&nbsp;<\/td>\n<\/tr>\n<tr>\n<td style=\"width: 29px\">\n<p><strong><em>26<\/em><\/strong><\/p>\n<\/td>\n<td style=\"width: 130px\">\n<p>Sodio en los alimentos :Un enemigo silencioso.<\/p>\n<\/td>\n<td style=\"width: 92px\">\n<p>Andrea Mansilla<\/p>\n<\/td>\n<td style=\"width: 240px\">\n<p>Esperando descripci\u00f3n del cientifico<\/p>\n<\/td>\n<td style=\"width: 122px\">&nbsp;<\/td>\n<td style=\"width: 93px\">&nbsp;<\/td>\n<\/tr>\n<tr>\n<td style=\"width: 29px\">\n<p><strong><em>27<\/em><\/strong><\/p>\n<\/td>\n<td style=\"width: 130px\">\n<p>Fomentando el consumo de pescado: Un mar de posibilidades.<\/p>\n<\/td>\n<td style=\"width: 92px\">\n<p>Andrea Mansilla<\/p>\n<\/td>\n<td style=\"width: 240px\">\n<p>Esperando descripci\u00f3n del cientifico<\/p>\n<\/td>\n<td style=\"width: 122px\">&nbsp;<\/td>\n<td style=\"width: 93px\">&nbsp;<\/td>\n<\/tr>\n<tr>\n<td style=\"width: 29px\">\n<p><strong><em>28<\/em><\/strong><\/p>\n<\/td>\n<td style=\"width: 130px\">\n<p>\u00c1rbol de las Grasas; Entendiendo los diferentes tipos de l\u00edpidos<\/p>\n<\/td>\n<td style=\"width: 92px\">\n<p>Andrea Mansilla<\/p>\n<\/td>\n<td style=\"width: 240px\">\n<p>Esperando descripci\u00f3n del cientifico<\/p>\n<\/td>\n<td style=\"width: 122px\">&nbsp;<\/td>\n<td style=\"width: 93px\">&nbsp;<\/td>\n<\/tr>\n<\/tbody>\n<\/table>\n<p>&nbsp;<\/p>\n","protected":false},"excerpt":{"rendered":"<p>La iniciativa 1000 Cient\u00edficos 1000 Aulas del Programa Explora de CONICYT busca acercar a los cient\u00edficos, investigadores, acad\u00e9micos y otros profesionales con el p\u00fablico escolar a trav\u00e9s de charlas relacionadas con su quehacer cient\u00edfico u tecnol\u00f3gico. Adem\u00e1s de lograr cercan\u00eda compartiendo sus experiencias de vida ligadas a su profesi\u00f3n. Lo anterior, permite generar inter\u00e9s y [&hellip;]<\/p>\n","protected":false},"author":2,"featured_media":817,"comment_status":"open","ping_status":"open","sticky":false,"template":"","format":"standard","meta":{"_acf_changed":false,"_exactmetrics_skip_tracking":false,"_exactmetrics_sitenote_active":false,"_exactmetrics_sitenote_note":"","_exactmetrics_sitenote_category":0,"footnotes":"","_links_to":"","_links_to_target":""},"categories":[4],"tags":[],"class_list":["post-816","post","type-post","status-publish","format-standard","has-post-thumbnail","hentry","category-noticias"],"acf":[],"yoast_head":"<!-- This site is optimized with the Yoast SEO plugin v26.7 - https:\/\/yoast.com\/wordpress\/plugins\/seo\/ -->\n<title>Charlas disponibles 1000 Cient\u00edficos 1000 Aulas en Magallanes - Magallanes<\/title>\n<meta name=\"robots\" content=\"index, follow, max-snippet:-1, max-image-preview:large, max-video-preview:-1\" \/>\n<link rel=\"canonical\" href=\"https:\/\/dev.explora.cl\/magallanes\/charlas-disponibles-1000-cientificos-1000-aulas-en-magallanes-2\/\" class=\"yoast-seo-meta-tag\" \/>\n<meta property=\"og:locale\" content=\"es_ES\" class=\"yoast-seo-meta-tag\" \/>\n<meta property=\"og:type\" content=\"article\" class=\"yoast-seo-meta-tag\" \/>\n<meta property=\"og:title\" content=\"Charlas disponibles 1000 Cient\u00edficos 1000 Aulas en Magallanes - Magallanes\" class=\"yoast-seo-meta-tag\" \/>\n<meta property=\"og:description\" content=\"La iniciativa 1000 Cient\u00edficos 1000 Aulas del Programa Explora de CONICYT busca acercar a los cient\u00edficos, investigadores, acad\u00e9micos y otros profesionales con el p\u00fablico escolar a trav\u00e9s de charlas relacionadas con su quehacer cient\u00edfico u tecnol\u00f3gico. Adem\u00e1s de lograr cercan\u00eda compartiendo sus experiencias de vida ligadas a su profesi\u00f3n. Lo anterior, permite generar inter\u00e9s y [&hellip;]\" class=\"yoast-seo-meta-tag\" \/>\n<meta property=\"og:url\" content=\"https:\/\/dev.explora.cl\/magallanes\/charlas-disponibles-1000-cientificos-1000-aulas-en-magallanes-2\/\" class=\"yoast-seo-meta-tag\" \/>\n<meta property=\"og:site_name\" content=\"Magallanes\" class=\"yoast-seo-meta-tag\" \/>\n<meta property=\"article:published_time\" content=\"2017-10-31T04:00:00+00:00\" class=\"yoast-seo-meta-tag\" \/>\n<meta property=\"article:modified_time\" content=\"2019-05-20T21:35:00+00:00\" class=\"yoast-seo-meta-tag\" \/>\n<meta property=\"og:image\" content=\"https:\/\/dev.explora.cl\/magallanes\/wp-content\/uploads\/sites\/19\/2018\/06\/1000c1000a.jpg\" class=\"yoast-seo-meta-tag\" \/>\n\t<meta property=\"og:image:width\" content=\"1280\" class=\"yoast-seo-meta-tag\" \/>\n\t<meta property=\"og:image:height\" content=\"720\" class=\"yoast-seo-meta-tag\" \/>\n\t<meta property=\"og:image:type\" content=\"image\/jpeg\" class=\"yoast-seo-meta-tag\" \/>\n<meta name=\"author\" content=\"webman\" class=\"yoast-seo-meta-tag\" \/>\n<meta name=\"twitter:card\" content=\"summary_large_image\" class=\"yoast-seo-meta-tag\" \/>\n<meta name=\"twitter:label1\" content=\"Escrito por\" class=\"yoast-seo-meta-tag\" \/>\n\t<meta name=\"twitter:data1\" content=\"webman\" class=\"yoast-seo-meta-tag\" \/>\n\t<meta name=\"twitter:label2\" content=\"Tiempo estimado de lectura\" class=\"yoast-seo-meta-tag\" \/>\n\t<meta name=\"twitter:data2\" content=\"12 minutos\" class=\"yoast-seo-meta-tag\" \/>\n<script type=\"application\/ld+json\" class=\"yoast-schema-graph\">{\"@context\":\"https:\/\/schema.org\",\"@graph\":[{\"@type\":\"Article\",\"@id\":\"https:\/\/dev.explora.cl\/magallanes\/charlas-disponibles-1000-cientificos-1000-aulas-en-magallanes-2\/#article\",\"isPartOf\":{\"@id\":\"https:\/\/dev.explora.cl\/magallanes\/charlas-disponibles-1000-cientificos-1000-aulas-en-magallanes-2\/\"},\"author\":{\"name\":\"webman\",\"@id\":\"https:\/\/dev.explora.cl\/magallanes\/#\/schema\/person\/cb8349c13ea2d324080adf8480d7ba5d\"},\"headline\":\"Charlas disponibles 1000 Cient\u00edficos 1000 Aulas en Magallanes\",\"datePublished\":\"2017-10-31T04:00:00+00:00\",\"dateModified\":\"2019-05-20T21:35:00+00:00\",\"mainEntityOfPage\":{\"@id\":\"https:\/\/dev.explora.cl\/magallanes\/charlas-disponibles-1000-cientificos-1000-aulas-en-magallanes-2\/\"},\"wordCount\":2369,\"commentCount\":0,\"publisher\":{\"@id\":\"https:\/\/dev.explora.cl\/magallanes\/#organization\"},\"image\":{\"@id\":\"https:\/\/dev.explora.cl\/magallanes\/charlas-disponibles-1000-cientificos-1000-aulas-en-magallanes-2\/#primaryimage\"},\"thumbnailUrl\":\"https:\/\/dev.explora.cl\/magallanes\/wp-content\/uploads\/sites\/19\/2018\/06\/1000c1000a.jpg\",\"articleSection\":[\"Noticias\"],\"inLanguage\":\"es-CL\",\"potentialAction\":[{\"@type\":\"CommentAction\",\"name\":\"Comment\",\"target\":[\"https:\/\/dev.explora.cl\/magallanes\/charlas-disponibles-1000-cientificos-1000-aulas-en-magallanes-2\/#respond\"]}]},{\"@type\":\"WebPage\",\"@id\":\"https:\/\/dev.explora.cl\/magallanes\/charlas-disponibles-1000-cientificos-1000-aulas-en-magallanes-2\/\",\"url\":\"https:\/\/dev.explora.cl\/magallanes\/charlas-disponibles-1000-cientificos-1000-aulas-en-magallanes-2\/\",\"name\":\"Charlas disponibles 1000 Cient\u00edficos 1000 Aulas en Magallanes - Magallanes\",\"isPartOf\":{\"@id\":\"https:\/\/dev.explora.cl\/magallanes\/#website\"},\"primaryImageOfPage\":{\"@id\":\"https:\/\/dev.explora.cl\/magallanes\/charlas-disponibles-1000-cientificos-1000-aulas-en-magallanes-2\/#primaryimage\"},\"image\":{\"@id\":\"https:\/\/dev.explora.cl\/magallanes\/charlas-disponibles-1000-cientificos-1000-aulas-en-magallanes-2\/#primaryimage\"},\"thumbnailUrl\":\"https:\/\/dev.explora.cl\/magallanes\/wp-content\/uploads\/sites\/19\/2018\/06\/1000c1000a.jpg\",\"datePublished\":\"2017-10-31T04:00:00+00:00\",\"dateModified\":\"2019-05-20T21:35:00+00:00\",\"breadcrumb\":{\"@id\":\"https:\/\/dev.explora.cl\/magallanes\/charlas-disponibles-1000-cientificos-1000-aulas-en-magallanes-2\/#breadcrumb\"},\"inLanguage\":\"es-CL\",\"potentialAction\":[{\"@type\":\"ReadAction\",\"target\":[\"https:\/\/dev.explora.cl\/magallanes\/charlas-disponibles-1000-cientificos-1000-aulas-en-magallanes-2\/\"]}]},{\"@type\":\"ImageObject\",\"inLanguage\":\"es-CL\",\"@id\":\"https:\/\/dev.explora.cl\/magallanes\/charlas-disponibles-1000-cientificos-1000-aulas-en-magallanes-2\/#primaryimage\",\"url\":\"https:\/\/dev.explora.cl\/magallanes\/wp-content\/uploads\/sites\/19\/2018\/06\/1000c1000a.jpg\",\"contentUrl\":\"https:\/\/dev.explora.cl\/magallanes\/wp-content\/uploads\/sites\/19\/2018\/06\/1000c1000a.jpg\",\"width\":1280,\"height\":720,\"caption\":\"1000c1000a\"},{\"@type\":\"BreadcrumbList\",\"@id\":\"https:\/\/dev.explora.cl\/magallanes\/charlas-disponibles-1000-cientificos-1000-aulas-en-magallanes-2\/#breadcrumb\",\"itemListElement\":[{\"@type\":\"ListItem\",\"position\":1,\"name\":\"Portada\",\"item\":\"https:\/\/dev.explora.cl\/magallanes\/\"},{\"@type\":\"ListItem\",\"position\":2,\"name\":\"Charlas disponibles 1000 Cient\u00edficos 1000 Aulas en Magallanes\"}]},{\"@type\":\"WebSite\",\"@id\":\"https:\/\/dev.explora.cl\/magallanes\/#website\",\"url\":\"https:\/\/dev.explora.cl\/magallanes\/\",\"name\":\"Magallanes\",\"description\":\"Otro sitio m\u00e1s de dev.explora.cl\",\"publisher\":{\"@id\":\"https:\/\/dev.explora.cl\/magallanes\/#organization\"},\"potentialAction\":[{\"@type\":\"SearchAction\",\"target\":{\"@type\":\"EntryPoint\",\"urlTemplate\":\"https:\/\/dev.explora.cl\/magallanes\/?s={search_term_string}\"},\"query-input\":{\"@type\":\"PropertyValueSpecification\",\"valueRequired\":true,\"valueName\":\"search_term_string\"}}],\"inLanguage\":\"es-CL\"},{\"@type\":\"Organization\",\"@id\":\"https:\/\/dev.explora.cl\/magallanes\/#organization\",\"name\":\"Magallanes\",\"url\":\"https:\/\/dev.explora.cl\/magallanes\/\",\"logo\":{\"@type\":\"ImageObject\",\"inLanguage\":\"es-CL\",\"@id\":\"https:\/\/dev.explora.cl\/magallanes\/#\/schema\/logo\/image\/\",\"url\":\"https:\/\/dev.explora.cl\/magallanes\/wp-content\/uploads\/sites\/19\/2021\/06\/cropped-ICONO-COLOR-2.jpg\",\"contentUrl\":\"https:\/\/dev.explora.cl\/magallanes\/wp-content\/uploads\/sites\/19\/2021\/06\/cropped-ICONO-COLOR-2.jpg\",\"width\":1181,\"height\":1181,\"caption\":\"Magallanes\"},\"image\":{\"@id\":\"https:\/\/dev.explora.cl\/magallanes\/#\/schema\/logo\/image\/\"}},{\"@type\":\"Person\",\"@id\":\"https:\/\/dev.explora.cl\/magallanes\/#\/schema\/person\/cb8349c13ea2d324080adf8480d7ba5d\",\"name\":\"webman\",\"image\":{\"@type\":\"ImageObject\",\"inLanguage\":\"es-CL\",\"@id\":\"https:\/\/dev.explora.cl\/magallanes\/#\/schema\/person\/image\/\",\"url\":\"https:\/\/secure.gravatar.com\/avatar\/eeff3c82f2c02f7177d13663b7e6f890e9a6a0647ce9bb29cae02dcb094c7312?s=96&d=mm&r=g\",\"contentUrl\":\"https:\/\/secure.gravatar.com\/avatar\/eeff3c82f2c02f7177d13663b7e6f890e9a6a0647ce9bb29cae02dcb094c7312?s=96&d=mm&r=g\",\"caption\":\"webman\"},\"url\":\"https:\/\/dev.explora.cl\/magallanes\/author\/webman\/\"}]}<\/script>\n<!-- \/ Yoast SEO plugin. -->","yoast_head_json":{"title":"Charlas disponibles 1000 Cient\u00edficos 1000 Aulas en Magallanes - Magallanes","robots":{"index":"index","follow":"follow","max-snippet":"max-snippet:-1","max-image-preview":"max-image-preview:large","max-video-preview":"max-video-preview:-1"},"canonical":"https:\/\/dev.explora.cl\/magallanes\/charlas-disponibles-1000-cientificos-1000-aulas-en-magallanes-2\/","og_locale":"es_ES","og_type":"article","og_title":"Charlas disponibles 1000 Cient\u00edficos 1000 Aulas en Magallanes - Magallanes","og_description":"La iniciativa 1000 Cient\u00edficos 1000 Aulas del Programa Explora de CONICYT busca acercar a los cient\u00edficos, investigadores, acad\u00e9micos y otros profesionales con el p\u00fablico escolar a trav\u00e9s de charlas relacionadas con su quehacer cient\u00edfico u tecnol\u00f3gico. Adem\u00e1s de lograr cercan\u00eda compartiendo sus experiencias de vida ligadas a su profesi\u00f3n. Lo anterior, permite generar inter\u00e9s y [&hellip;]","og_url":"https:\/\/dev.explora.cl\/magallanes\/charlas-disponibles-1000-cientificos-1000-aulas-en-magallanes-2\/","og_site_name":"Magallanes","article_published_time":"2017-10-31T04:00:00+00:00","article_modified_time":"2019-05-20T21:35:00+00:00","og_image":[{"width":1280,"height":720,"url":"https:\/\/dev.explora.cl\/magallanes\/wp-content\/uploads\/sites\/19\/2018\/06\/1000c1000a.jpg","type":"image\/jpeg"}],"author":"webman","twitter_card":"summary_large_image","twitter_misc":{"Escrito por":"webman","Tiempo estimado de lectura":"12 minutos"},"schema":{"@context":"https:\/\/schema.org","@graph":[{"@type":"Article","@id":"https:\/\/dev.explora.cl\/magallanes\/charlas-disponibles-1000-cientificos-1000-aulas-en-magallanes-2\/#article","isPartOf":{"@id":"https:\/\/dev.explora.cl\/magallanes\/charlas-disponibles-1000-cientificos-1000-aulas-en-magallanes-2\/"},"author":{"name":"webman","@id":"https:\/\/dev.explora.cl\/magallanes\/#\/schema\/person\/cb8349c13ea2d324080adf8480d7ba5d"},"headline":"Charlas disponibles 1000 Cient\u00edficos 1000 Aulas en Magallanes","datePublished":"2017-10-31T04:00:00+00:00","dateModified":"2019-05-20T21:35:00+00:00","mainEntityOfPage":{"@id":"https:\/\/dev.explora.cl\/magallanes\/charlas-disponibles-1000-cientificos-1000-aulas-en-magallanes-2\/"},"wordCount":2369,"commentCount":0,"publisher":{"@id":"https:\/\/dev.explora.cl\/magallanes\/#organization"},"image":{"@id":"https:\/\/dev.explora.cl\/magallanes\/charlas-disponibles-1000-cientificos-1000-aulas-en-magallanes-2\/#primaryimage"},"thumbnailUrl":"https:\/\/dev.explora.cl\/magallanes\/wp-content\/uploads\/sites\/19\/2018\/06\/1000c1000a.jpg","articleSection":["Noticias"],"inLanguage":"es-CL","potentialAction":[{"@type":"CommentAction","name":"Comment","target":["https:\/\/dev.explora.cl\/magallanes\/charlas-disponibles-1000-cientificos-1000-aulas-en-magallanes-2\/#respond"]}]},{"@type":"WebPage","@id":"https:\/\/dev.explora.cl\/magallanes\/charlas-disponibles-1000-cientificos-1000-aulas-en-magallanes-2\/","url":"https:\/\/dev.explora.cl\/magallanes\/charlas-disponibles-1000-cientificos-1000-aulas-en-magallanes-2\/","name":"Charlas disponibles 1000 Cient\u00edficos 1000 Aulas en Magallanes - Magallanes","isPartOf":{"@id":"https:\/\/dev.explora.cl\/magallanes\/#website"},"primaryImageOfPage":{"@id":"https:\/\/dev.explora.cl\/magallanes\/charlas-disponibles-1000-cientificos-1000-aulas-en-magallanes-2\/#primaryimage"},"image":{"@id":"https:\/\/dev.explora.cl\/magallanes\/charlas-disponibles-1000-cientificos-1000-aulas-en-magallanes-2\/#primaryimage"},"thumbnailUrl":"https:\/\/dev.explora.cl\/magallanes\/wp-content\/uploads\/sites\/19\/2018\/06\/1000c1000a.jpg","datePublished":"2017-10-31T04:00:00+00:00","dateModified":"2019-05-20T21:35:00+00:00","breadcrumb":{"@id":"https:\/\/dev.explora.cl\/magallanes\/charlas-disponibles-1000-cientificos-1000-aulas-en-magallanes-2\/#breadcrumb"},"inLanguage":"es-CL","potentialAction":[{"@type":"ReadAction","target":["https:\/\/dev.explora.cl\/magallanes\/charlas-disponibles-1000-cientificos-1000-aulas-en-magallanes-2\/"]}]},{"@type":"ImageObject","inLanguage":"es-CL","@id":"https:\/\/dev.explora.cl\/magallanes\/charlas-disponibles-1000-cientificos-1000-aulas-en-magallanes-2\/#primaryimage","url":"https:\/\/dev.explora.cl\/magallanes\/wp-content\/uploads\/sites\/19\/2018\/06\/1000c1000a.jpg","contentUrl":"https:\/\/dev.explora.cl\/magallanes\/wp-content\/uploads\/sites\/19\/2018\/06\/1000c1000a.jpg","width":1280,"height":720,"caption":"1000c1000a"},{"@type":"BreadcrumbList","@id":"https:\/\/dev.explora.cl\/magallanes\/charlas-disponibles-1000-cientificos-1000-aulas-en-magallanes-2\/#breadcrumb","itemListElement":[{"@type":"ListItem","position":1,"name":"Portada","item":"https:\/\/dev.explora.cl\/magallanes\/"},{"@type":"ListItem","position":2,"name":"Charlas disponibles 1000 Cient\u00edficos 1000 Aulas en Magallanes"}]},{"@type":"WebSite","@id":"https:\/\/dev.explora.cl\/magallanes\/#website","url":"https:\/\/dev.explora.cl\/magallanes\/","name":"Magallanes","description":"Otro sitio m\u00e1s de dev.explora.cl","publisher":{"@id":"https:\/\/dev.explora.cl\/magallanes\/#organization"},"potentialAction":[{"@type":"SearchAction","target":{"@type":"EntryPoint","urlTemplate":"https:\/\/dev.explora.cl\/magallanes\/?s={search_term_string}"},"query-input":{"@type":"PropertyValueSpecification","valueRequired":true,"valueName":"search_term_string"}}],"inLanguage":"es-CL"},{"@type":"Organization","@id":"https:\/\/dev.explora.cl\/magallanes\/#organization","name":"Magallanes","url":"https:\/\/dev.explora.cl\/magallanes\/","logo":{"@type":"ImageObject","inLanguage":"es-CL","@id":"https:\/\/dev.explora.cl\/magallanes\/#\/schema\/logo\/image\/","url":"https:\/\/dev.explora.cl\/magallanes\/wp-content\/uploads\/sites\/19\/2021\/06\/cropped-ICONO-COLOR-2.jpg","contentUrl":"https:\/\/dev.explora.cl\/magallanes\/wp-content\/uploads\/sites\/19\/2021\/06\/cropped-ICONO-COLOR-2.jpg","width":1181,"height":1181,"caption":"Magallanes"},"image":{"@id":"https:\/\/dev.explora.cl\/magallanes\/#\/schema\/logo\/image\/"}},{"@type":"Person","@id":"https:\/\/dev.explora.cl\/magallanes\/#\/schema\/person\/cb8349c13ea2d324080adf8480d7ba5d","name":"webman","image":{"@type":"ImageObject","inLanguage":"es-CL","@id":"https:\/\/dev.explora.cl\/magallanes\/#\/schema\/person\/image\/","url":"https:\/\/secure.gravatar.com\/avatar\/eeff3c82f2c02f7177d13663b7e6f890e9a6a0647ce9bb29cae02dcb094c7312?s=96&d=mm&r=g","contentUrl":"https:\/\/secure.gravatar.com\/avatar\/eeff3c82f2c02f7177d13663b7e6f890e9a6a0647ce9bb29cae02dcb094c7312?s=96&d=mm&r=g","caption":"webman"},"url":"https:\/\/dev.explora.cl\/magallanes\/author\/webman\/"}]}},"_links":{"self":[{"href":"https:\/\/dev.explora.cl\/magallanes\/wp-json\/wp\/v2\/posts\/816","targetHints":{"allow":["GET"]}}],"collection":[{"href":"https:\/\/dev.explora.cl\/magallanes\/wp-json\/wp\/v2\/posts"}],"about":[{"href":"https:\/\/dev.explora.cl\/magallanes\/wp-json\/wp\/v2\/types\/post"}],"author":[{"embeddable":true,"href":"https:\/\/dev.explora.cl\/magallanes\/wp-json\/wp\/v2\/users\/2"}],"replies":[{"embeddable":true,"href":"https:\/\/dev.explora.cl\/magallanes\/wp-json\/wp\/v2\/comments?post=816"}],"version-history":[{"count":1,"href":"https:\/\/dev.explora.cl\/magallanes\/wp-json\/wp\/v2\/posts\/816\/revisions"}],"predecessor-version":[{"id":37645,"href":"https:\/\/dev.explora.cl\/magallanes\/wp-json\/wp\/v2\/posts\/816\/revisions\/37645"}],"wp:featuredmedia":[{"embeddable":true,"href":"https:\/\/dev.explora.cl\/magallanes\/wp-json\/wp\/v2\/media\/817"}],"wp:attachment":[{"href":"https:\/\/dev.explora.cl\/magallanes\/wp-json\/wp\/v2\/media?parent=816"}],"wp:term":[{"taxonomy":"category","embeddable":true,"href":"https:\/\/dev.explora.cl\/magallanes\/wp-json\/wp\/v2\/categories?post=816"},{"taxonomy":"post_tag","embeddable":true,"href":"https:\/\/dev.explora.cl\/magallanes\/wp-json\/wp\/v2\/tags?post=816"}],"curies":[{"name":"wp","href":"https:\/\/api.w.org\/{rel}","templated":true}]}}