{"id":814,"date":"2017-10-23T00:00:00","date_gmt":"2017-10-23T04:00:00","guid":{"rendered":"https:\/\/dev.explora.cl\/magallanes\/blog\/2017\/10\/23\/bancadas-investigadora-y-debatiente-del-liceo-san-jose-representaran-a-magallanes-en-final-interregional-de-debate-cientifico\/"},"modified":"2019-05-20T21:35:03","modified_gmt":"2019-05-20T21:35:03","slug":"bancadas-investigadora-y-debatiente-del-liceo-san-jose-representaran-a-magallanes-en-final-interregional-de-debate-cientifico","status":"publish","type":"post","link":"https:\/\/dev.explora.cl\/magallanes\/bancadas-investigadora-y-debatiente-del-liceo-san-jose-representaran-a-magallanes-en-final-interregional-de-debate-cientifico\/","title":{"rendered":"Bancadas investigadora y debatiente del Liceo San Jos\u00e9 representar\u00e1n a Magallanes en Final Interregional de Debate Cient\u00edfico"},"content":{"rendered":"<p><img loading=\"lazy\" decoding=\"async\" class=\" size-full wp-image-28532\" src=\"http:\/\/ec2-54-245-22-188.us-west-2.compute.amazonaws.com\/wp-content\/uploads\/2017\/10\/Participantes_final_Torneo_de_debates-min-min-min.jpg\" alt=\"\" width=\"5046\" height=\"2955\" \/><\/p>\n<p>&nbsp;<img loading=\"lazy\" decoding=\"async\" class=\" size-full wp-image-28532\" src=\"http:\/\/ec2-54-245-22-188.us-west-2.compute.amazonaws.com\/wp-content\/uploads\/2017\/10\/Participantes_final_Torneo_de_debates-min-min-min.jpg\" alt=\"Estudiantes que participaron de la instancia final del Torneo de Debates Maggiorino Borgatello\" width=\"5046\" height=\"2955\" \/><\/p>\n<p>Tras la emocionante final del Torneo de Debate Cient\u00edfico Maggiorino Borgatello que se efectu\u00f3 a mediados de este mes en el gimnasio del Liceo San Jos\u00e9, las bancadas investigadora y debatiente del establecimiento local lograron imponerse a los equipos del Liceo Nobelius y de paso ganar los pasajes a Iquique para representar a Magallanes en la Final Interregional de Debates Escolares en Ciencia a realizarse del 13 al 15 de noviembre.<\/p>\n<p>En la oportunidad, los participantes deb\u00edan argumentar sobre si el d\u00e9ficit atencional estaba sobre diagnosticado en ni\u00f1as y ni\u00f1os, por lo que se debe limitar el uso de medicamentos para el tratamiento de esta condici\u00f3n.<\/p>\n<p>El jurado lo conformaban los asesores cient\u00edficos del PAR Explora de CONICYT Magallanes y de la Ant\u00e1rtica Chilena, Ricardo Guineo (presidente) y Dra. Gloria S\u00e1nchez; adem\u00e1s de la estudiante de quinto a\u00f1o de Pedagog\u00eda en Biolog\u00eda, Cristina Alarc\u00f3n; y el moderador y docente del Liceo San Jos\u00e9, Pablo Cifuentes.<\/p>\n<p>Por su parte, la bancada investigadora ganadora est\u00e1 compuesta por los estudiantes de 3\u00b0 medio del Liceo San Jos\u00e9, Felipe Levicoy, Rodrigo N\u00fa\u00f1ez (ambos del 3\u00b0 Fagnano) y Felipe Navarro del 3\u00b0 Ferrari. Este \u00faltimo coment\u00f3 que: \u201cLa verdad es que es mi segunda vez participando de esto, la vez pasada estuve en un equipo debatiente, y obtuvimos el 2\u00b0 lugar, en donde nos quedamos con ese gustito de ganar, as\u00ed que lo logramos esta vez. Tuvimos que esforzarnos mucho, fue dif\u00edcil, en realidad porque hay peleas de por medio, hay discusiones, no concordamos en algunos argumentos o posturas. Pero con mucho esfuerzo se logra todo\u201d.<\/p>\n<p>El joven se\u00f1ala que fueron de menos a m\u00e1s, ya que partieron de ser los peores a los mejores evaluados. \u201cEn un comienzo no pensamos en ganar, porque partimos mal, fuimos la peor nota, est\u00e1bamos cuartos, y de a poco nos fuimos superando. Seguimos trabajando, y ya la segunda ronda obtuvimos el primer lugar, y de ah\u00ed dijimos este torneo lo ganamos nosotros y de ah\u00ed nos propusimos la meta de ganar y representar a la regi\u00f3n en Iquique\u201d, expresa.<\/p>\n<p>El segundo lugar en investigador fue para los estudiantes del Liceo Nobelius Arantza Mansilla, Diana Bahamondez y Basti\u00e1n S\u00e1nchez<\/p>\n<p>El equipo debatiente ganador del San Jos\u00e9 est\u00e1 integrado por: Iv\u00e1n Uribe del 2\u00b0 medio Tarditi, junto a Vicente Guti\u00e9rrez y Vicente Villagr\u00e1n del 2\u00b0 medio Grill. El \u00faltimo de ellos, cont\u00f3 que estaban confiados en obtener una buena participaci\u00f3n para lo cual se informaron para elaborar sus argumentos a favor del sobre diagn\u00f3stico del D\u00e9ficit Atencional en Chile.<\/p>\n<p>\u201cEst\u00e1bamos pensando en ganar, con mucha confianza por las notas que hab\u00edamos obtenido en las rondas anteriores. Para lo cual nos preparamos dos semanas antes, primero tuvimos una charla con una psic\u00f3loga y con las ayudantes del PIE del Colegio, y nos dieron hartas directrices sobre c\u00f3mo deb\u00edamos abordar el D\u00e9ficit Atencional, adem\u00e1s del contexto de c\u00f3mo est\u00e1 el sobre diagn\u00f3stico de esta condici\u00f3n en Chile, tambi\u00e9n nos entregaron algunas palabras claves e informaci\u00f3n que nos serv\u00eda para este debate, como el Test de Conners y otras evaluaciones que existen en ese \u00e1mbito\u201d, coment\u00f3.<\/p>\n<p>Por otra parte, el equipo debatiente que obtuvo el segundo lugar estuvo conformado por los estudiantes del Liceo Nobelius: Josefa Zamora, Joaqu\u00edn Vega y Alonso Filla.<\/p>\n<p>En la oportunidad tambi\u00e9n se disput\u00f3 el tercer y cuarto lugar de este certamen discutiendo la tem\u00e1tica: \u201cEs una alternativa correcta modificar gen\u00e9ticamente a animales para el cultivo de \u00f3rganos humanos&#8221;. Resultando ganador el equipo debatiente del Liceo San Jos\u00e9 conformado por los estudiantes Dufftin Moreno, Nicol\u00e1s Freire y Felipe Guaqu\u00edn.<\/p>\n<p>El evento desde sus inicios fue coordinado por la docente de Biolog\u00eda del Liceo San Jos\u00e9, Mar\u00eda Jos\u00e9 Vargas, quien valor\u00f3 la participaci\u00f3n de este a\u00f1o y que alcanz\u00f3 los doce equipos: \u201cTuvimos ocho equipos de debate de 7\u00b0 a 4\u00b0 medio, y cuatro de investigaci\u00f3n, as\u00ed que doce equipos es una convocatoria alta en comparaci\u00f3n a otros a\u00f1os, ya que la ve anterior hubo solamente cuatro. Esto empez\u00f3 en julio cuando se hizo la capacitaci\u00f3n y en agosto comenzaron las rondas del debate\u201d. &nbsp;<\/p>\n<p>La directora regional del PAR Explora Magallanes de la Universidad de Magallanes, Margarita Garrido, felicit\u00f3 los progresos de los estudiantes \u201cEstuve en el primer y tercer debate, adem\u00e1s de la final, para ver el avance y cambios que se generan, la forma de discutir, y de pararse frente al p\u00fablico. Los avances son muy significativos y me siento muy contenta, porque este a\u00f1o lo organiz\u00f3 la profesora Mar\u00eda Jos\u00e9 Vargas y estaba magn\u00edficamente preparado, por lo tanto agradezco al Liceo San Jos\u00e9 y a Aguas Magallanes, que nos ayudar\u00e1 para el traslado a la final en Iquique. Veo que nos hemos ido asociando y creciendo en cantidad y calidad de participantes. Siento que trabajar en equipo nos engrandece a todos\u201d, finaliz\u00f3.<\/p>\n","protected":false},"excerpt":{"rendered":"<p>&nbsp; Tras la emocionante final del Torneo de Debate Cient\u00edfico Maggiorino Borgatello que se efectu\u00f3 a mediados de este mes en el gimnasio del Liceo San Jos\u00e9, las bancadas investigadora y debatiente del establecimiento local lograron imponerse a los equipos del Liceo Nobelius y de paso ganar los pasajes a Iquique para representar a Magallanes [&hellip;]<\/p>\n","protected":false},"author":2,"featured_media":815,"comment_status":"open","ping_status":"open","sticky":false,"template":"","format":"standard","meta":{"_acf_changed":false,"_exactmetrics_skip_tracking":false,"_exactmetrics_sitenote_active":false,"_exactmetrics_sitenote_note":"","_exactmetrics_sitenote_category":0,"footnotes":"","_links_to":"","_links_to_target":""},"categories":[4],"tags":[],"class_list":["post-814","post","type-post","status-publish","format-standard","has-post-thumbnail","hentry","category-noticias"],"acf":[],"yoast_head":"<!-- This site is optimized with the Yoast SEO plugin v26.7 - https:\/\/yoast.com\/wordpress\/plugins\/seo\/ -->\n<title>Bancadas investigadora y debatiente del Liceo San Jos\u00e9 representar\u00e1n a Magallanes en Final Interregional de Debate Cient\u00edfico - Magallanes<\/title>\n<meta name=\"robots\" content=\"index, follow, max-snippet:-1, max-image-preview:large, max-video-preview:-1\" \/>\n<link rel=\"canonical\" href=\"https:\/\/dev.explora.cl\/magallanes\/bancadas-investigadora-y-debatiente-del-liceo-san-jose-representaran-a-magallanes-en-final-interregional-de-debate-cientifico\/\" class=\"yoast-seo-meta-tag\" \/>\n<meta property=\"og:locale\" content=\"es_ES\" class=\"yoast-seo-meta-tag\" \/>\n<meta property=\"og:type\" content=\"article\" class=\"yoast-seo-meta-tag\" \/>\n<meta property=\"og:title\" content=\"Bancadas investigadora y debatiente del Liceo San Jos\u00e9 representar\u00e1n a Magallanes en Final Interregional de Debate Cient\u00edfico - Magallanes\" class=\"yoast-seo-meta-tag\" \/>\n<meta property=\"og:description\" content=\"&nbsp; Tras la emocionante final del Torneo de Debate Cient\u00edfico Maggiorino Borgatello que se efectu\u00f3 a mediados de este mes en el gimnasio del Liceo San Jos\u00e9, las bancadas investigadora y debatiente del establecimiento local lograron imponerse a los equipos del Liceo Nobelius y de paso ganar los pasajes a Iquique para representar a Magallanes [&hellip;]\" class=\"yoast-seo-meta-tag\" \/>\n<meta property=\"og:url\" content=\"https:\/\/dev.explora.cl\/magallanes\/bancadas-investigadora-y-debatiente-del-liceo-san-jose-representaran-a-magallanes-en-final-interregional-de-debate-cientifico\/\" class=\"yoast-seo-meta-tag\" \/>\n<meta property=\"og:site_name\" content=\"Magallanes\" class=\"yoast-seo-meta-tag\" \/>\n<meta property=\"article:published_time\" content=\"2017-10-23T04:00:00+00:00\" class=\"yoast-seo-meta-tag\" \/>\n<meta property=\"article:modified_time\" content=\"2019-05-20T21:35:03+00:00\" class=\"yoast-seo-meta-tag\" \/>\n<meta property=\"og:image\" content=\"https:\/\/dev.explora.cl\/magallanes\/wp-content\/uploads\/sites\/19\/2018\/06\/Participantes_final_Torneo_de_debates-min-min-min.jpg\" class=\"yoast-seo-meta-tag\" \/>\n\t<meta property=\"og:image:width\" content=\"2048\" class=\"yoast-seo-meta-tag\" \/>\n\t<meta property=\"og:image:height\" content=\"1199\" class=\"yoast-seo-meta-tag\" \/>\n\t<meta property=\"og:image:type\" content=\"image\/jpeg\" class=\"yoast-seo-meta-tag\" \/>\n<meta name=\"author\" content=\"webman\" class=\"yoast-seo-meta-tag\" \/>\n<meta name=\"twitter:card\" content=\"summary_large_image\" class=\"yoast-seo-meta-tag\" \/>\n<meta name=\"twitter:label1\" content=\"Escrito por\" class=\"yoast-seo-meta-tag\" \/>\n\t<meta name=\"twitter:data1\" content=\"webman\" class=\"yoast-seo-meta-tag\" \/>\n\t<meta name=\"twitter:label2\" content=\"Tiempo estimado de lectura\" class=\"yoast-seo-meta-tag\" \/>\n\t<meta name=\"twitter:data2\" content=\"4 minutos\" class=\"yoast-seo-meta-tag\" \/>\n<script type=\"application\/ld+json\" class=\"yoast-schema-graph\">{\"@context\":\"https:\/\/schema.org\",\"@graph\":[{\"@type\":\"Article\",\"@id\":\"https:\/\/dev.explora.cl\/magallanes\/bancadas-investigadora-y-debatiente-del-liceo-san-jose-representaran-a-magallanes-en-final-interregional-de-debate-cientifico\/#article\",\"isPartOf\":{\"@id\":\"https:\/\/dev.explora.cl\/magallanes\/bancadas-investigadora-y-debatiente-del-liceo-san-jose-representaran-a-magallanes-en-final-interregional-de-debate-cientifico\/\"},\"author\":{\"name\":\"webman\",\"@id\":\"https:\/\/dev.explora.cl\/magallanes\/#\/schema\/person\/cb8349c13ea2d324080adf8480d7ba5d\"},\"headline\":\"Bancadas investigadora y debatiente del Liceo San Jos\u00e9 representar\u00e1n a Magallanes en Final Interregional de Debate Cient\u00edfico\",\"datePublished\":\"2017-10-23T04:00:00+00:00\",\"dateModified\":\"2019-05-20T21:35:03+00:00\",\"mainEntityOfPage\":{\"@id\":\"https:\/\/dev.explora.cl\/magallanes\/bancadas-investigadora-y-debatiente-del-liceo-san-jose-representaran-a-magallanes-en-final-interregional-de-debate-cientifico\/\"},\"wordCount\":866,\"commentCount\":0,\"publisher\":{\"@id\":\"https:\/\/dev.explora.cl\/magallanes\/#organization\"},\"image\":{\"@id\":\"https:\/\/dev.explora.cl\/magallanes\/bancadas-investigadora-y-debatiente-del-liceo-san-jose-representaran-a-magallanes-en-final-interregional-de-debate-cientifico\/#primaryimage\"},\"thumbnailUrl\":\"https:\/\/dev.explora.cl\/magallanes\/wp-content\/uploads\/sites\/19\/2018\/06\/Participantes_final_Torneo_de_debates-min-min-min.jpg\",\"articleSection\":[\"Noticias\"],\"inLanguage\":\"es-CL\",\"potentialAction\":[{\"@type\":\"CommentAction\",\"name\":\"Comment\",\"target\":[\"https:\/\/dev.explora.cl\/magallanes\/bancadas-investigadora-y-debatiente-del-liceo-san-jose-representaran-a-magallanes-en-final-interregional-de-debate-cientifico\/#respond\"]}]},{\"@type\":\"WebPage\",\"@id\":\"https:\/\/dev.explora.cl\/magallanes\/bancadas-investigadora-y-debatiente-del-liceo-san-jose-representaran-a-magallanes-en-final-interregional-de-debate-cientifico\/\",\"url\":\"https:\/\/dev.explora.cl\/magallanes\/bancadas-investigadora-y-debatiente-del-liceo-san-jose-representaran-a-magallanes-en-final-interregional-de-debate-cientifico\/\",\"name\":\"Bancadas investigadora y debatiente del Liceo San Jos\u00e9 representar\u00e1n a Magallanes en Final Interregional de Debate Cient\u00edfico - Magallanes\",\"isPartOf\":{\"@id\":\"https:\/\/dev.explora.cl\/magallanes\/#website\"},\"primaryImageOfPage\":{\"@id\":\"https:\/\/dev.explora.cl\/magallanes\/bancadas-investigadora-y-debatiente-del-liceo-san-jose-representaran-a-magallanes-en-final-interregional-de-debate-cientifico\/#primaryimage\"},\"image\":{\"@id\":\"https:\/\/dev.explora.cl\/magallanes\/bancadas-investigadora-y-debatiente-del-liceo-san-jose-representaran-a-magallanes-en-final-interregional-de-debate-cientifico\/#primaryimage\"},\"thumbnailUrl\":\"https:\/\/dev.explora.cl\/magallanes\/wp-content\/uploads\/sites\/19\/2018\/06\/Participantes_final_Torneo_de_debates-min-min-min.jpg\",\"datePublished\":\"2017-10-23T04:00:00+00:00\",\"dateModified\":\"2019-05-20T21:35:03+00:00\",\"breadcrumb\":{\"@id\":\"https:\/\/dev.explora.cl\/magallanes\/bancadas-investigadora-y-debatiente-del-liceo-san-jose-representaran-a-magallanes-en-final-interregional-de-debate-cientifico\/#breadcrumb\"},\"inLanguage\":\"es-CL\",\"potentialAction\":[{\"@type\":\"ReadAction\",\"target\":[\"https:\/\/dev.explora.cl\/magallanes\/bancadas-investigadora-y-debatiente-del-liceo-san-jose-representaran-a-magallanes-en-final-interregional-de-debate-cientifico\/\"]}]},{\"@type\":\"ImageObject\",\"inLanguage\":\"es-CL\",\"@id\":\"https:\/\/dev.explora.cl\/magallanes\/bancadas-investigadora-y-debatiente-del-liceo-san-jose-representaran-a-magallanes-en-final-interregional-de-debate-cientifico\/#primaryimage\",\"url\":\"https:\/\/dev.explora.cl\/magallanes\/wp-content\/uploads\/sites\/19\/2018\/06\/Participantes_final_Torneo_de_debates-min-min-min.jpg\",\"contentUrl\":\"https:\/\/dev.explora.cl\/magallanes\/wp-content\/uploads\/sites\/19\/2018\/06\/Participantes_final_Torneo_de_debates-min-min-min.jpg\",\"width\":2048,\"height\":1199,\"caption\":\"Estudiantes que participaron de la instancia final del Torneo de Debates Maggiorino Borgatello\"},{\"@type\":\"BreadcrumbList\",\"@id\":\"https:\/\/dev.explora.cl\/magallanes\/bancadas-investigadora-y-debatiente-del-liceo-san-jose-representaran-a-magallanes-en-final-interregional-de-debate-cientifico\/#breadcrumb\",\"itemListElement\":[{\"@type\":\"ListItem\",\"position\":1,\"name\":\"Portada\",\"item\":\"https:\/\/dev.explora.cl\/magallanes\/\"},{\"@type\":\"ListItem\",\"position\":2,\"name\":\"Bancadas investigadora y debatiente del Liceo San Jos\u00e9 representar\u00e1n a Magallanes en Final Interregional de Debate Cient\u00edfico\"}]},{\"@type\":\"WebSite\",\"@id\":\"https:\/\/dev.explora.cl\/magallanes\/#website\",\"url\":\"https:\/\/dev.explora.cl\/magallanes\/\",\"name\":\"Magallanes\",\"description\":\"Otro sitio m\u00e1s de dev.explora.cl\",\"publisher\":{\"@id\":\"https:\/\/dev.explora.cl\/magallanes\/#organization\"},\"potentialAction\":[{\"@type\":\"SearchAction\",\"target\":{\"@type\":\"EntryPoint\",\"urlTemplate\":\"https:\/\/dev.explora.cl\/magallanes\/?s={search_term_string}\"},\"query-input\":{\"@type\":\"PropertyValueSpecification\",\"valueRequired\":true,\"valueName\":\"search_term_string\"}}],\"inLanguage\":\"es-CL\"},{\"@type\":\"Organization\",\"@id\":\"https:\/\/dev.explora.cl\/magallanes\/#organization\",\"name\":\"Magallanes\",\"url\":\"https:\/\/dev.explora.cl\/magallanes\/\",\"logo\":{\"@type\":\"ImageObject\",\"inLanguage\":\"es-CL\",\"@id\":\"https:\/\/dev.explora.cl\/magallanes\/#\/schema\/logo\/image\/\",\"url\":\"https:\/\/dev.explora.cl\/magallanes\/wp-content\/uploads\/sites\/19\/2021\/06\/cropped-ICONO-COLOR-2.jpg\",\"contentUrl\":\"https:\/\/dev.explora.cl\/magallanes\/wp-content\/uploads\/sites\/19\/2021\/06\/cropped-ICONO-COLOR-2.jpg\",\"width\":1181,\"height\":1181,\"caption\":\"Magallanes\"},\"image\":{\"@id\":\"https:\/\/dev.explora.cl\/magallanes\/#\/schema\/logo\/image\/\"}},{\"@type\":\"Person\",\"@id\":\"https:\/\/dev.explora.cl\/magallanes\/#\/schema\/person\/cb8349c13ea2d324080adf8480d7ba5d\",\"name\":\"webman\",\"image\":{\"@type\":\"ImageObject\",\"inLanguage\":\"es-CL\",\"@id\":\"https:\/\/dev.explora.cl\/magallanes\/#\/schema\/person\/image\/\",\"url\":\"https:\/\/secure.gravatar.com\/avatar\/eeff3c82f2c02f7177d13663b7e6f890e9a6a0647ce9bb29cae02dcb094c7312?s=96&d=mm&r=g\",\"contentUrl\":\"https:\/\/secure.gravatar.com\/avatar\/eeff3c82f2c02f7177d13663b7e6f890e9a6a0647ce9bb29cae02dcb094c7312?s=96&d=mm&r=g\",\"caption\":\"webman\"},\"url\":\"https:\/\/dev.explora.cl\/magallanes\/author\/webman\/\"}]}<\/script>\n<!-- \/ Yoast SEO plugin. -->","yoast_head_json":{"title":"Bancadas investigadora y debatiente del Liceo San Jos\u00e9 representar\u00e1n a Magallanes en Final Interregional de Debate Cient\u00edfico - Magallanes","robots":{"index":"index","follow":"follow","max-snippet":"max-snippet:-1","max-image-preview":"max-image-preview:large","max-video-preview":"max-video-preview:-1"},"canonical":"https:\/\/dev.explora.cl\/magallanes\/bancadas-investigadora-y-debatiente-del-liceo-san-jose-representaran-a-magallanes-en-final-interregional-de-debate-cientifico\/","og_locale":"es_ES","og_type":"article","og_title":"Bancadas investigadora y debatiente del Liceo San Jos\u00e9 representar\u00e1n a Magallanes en Final Interregional de Debate Cient\u00edfico - Magallanes","og_description":"&nbsp; Tras la emocionante final del Torneo de Debate Cient\u00edfico Maggiorino Borgatello que se efectu\u00f3 a mediados de este mes en el gimnasio del Liceo San Jos\u00e9, las bancadas investigadora y debatiente del establecimiento local lograron imponerse a los equipos del Liceo Nobelius y de paso ganar los pasajes a Iquique para representar a Magallanes [&hellip;]","og_url":"https:\/\/dev.explora.cl\/magallanes\/bancadas-investigadora-y-debatiente-del-liceo-san-jose-representaran-a-magallanes-en-final-interregional-de-debate-cientifico\/","og_site_name":"Magallanes","article_published_time":"2017-10-23T04:00:00+00:00","article_modified_time":"2019-05-20T21:35:03+00:00","og_image":[{"width":2048,"height":1199,"url":"https:\/\/dev.explora.cl\/magallanes\/wp-content\/uploads\/sites\/19\/2018\/06\/Participantes_final_Torneo_de_debates-min-min-min.jpg","type":"image\/jpeg"}],"author":"webman","twitter_card":"summary_large_image","twitter_misc":{"Escrito por":"webman","Tiempo estimado de lectura":"4 minutos"},"schema":{"@context":"https:\/\/schema.org","@graph":[{"@type":"Article","@id":"https:\/\/dev.explora.cl\/magallanes\/bancadas-investigadora-y-debatiente-del-liceo-san-jose-representaran-a-magallanes-en-final-interregional-de-debate-cientifico\/#article","isPartOf":{"@id":"https:\/\/dev.explora.cl\/magallanes\/bancadas-investigadora-y-debatiente-del-liceo-san-jose-representaran-a-magallanes-en-final-interregional-de-debate-cientifico\/"},"author":{"name":"webman","@id":"https:\/\/dev.explora.cl\/magallanes\/#\/schema\/person\/cb8349c13ea2d324080adf8480d7ba5d"},"headline":"Bancadas investigadora y debatiente del Liceo San Jos\u00e9 representar\u00e1n a Magallanes en Final Interregional de Debate Cient\u00edfico","datePublished":"2017-10-23T04:00:00+00:00","dateModified":"2019-05-20T21:35:03+00:00","mainEntityOfPage":{"@id":"https:\/\/dev.explora.cl\/magallanes\/bancadas-investigadora-y-debatiente-del-liceo-san-jose-representaran-a-magallanes-en-final-interregional-de-debate-cientifico\/"},"wordCount":866,"commentCount":0,"publisher":{"@id":"https:\/\/dev.explora.cl\/magallanes\/#organization"},"image":{"@id":"https:\/\/dev.explora.cl\/magallanes\/bancadas-investigadora-y-debatiente-del-liceo-san-jose-representaran-a-magallanes-en-final-interregional-de-debate-cientifico\/#primaryimage"},"thumbnailUrl":"https:\/\/dev.explora.cl\/magallanes\/wp-content\/uploads\/sites\/19\/2018\/06\/Participantes_final_Torneo_de_debates-min-min-min.jpg","articleSection":["Noticias"],"inLanguage":"es-CL","potentialAction":[{"@type":"CommentAction","name":"Comment","target":["https:\/\/dev.explora.cl\/magallanes\/bancadas-investigadora-y-debatiente-del-liceo-san-jose-representaran-a-magallanes-en-final-interregional-de-debate-cientifico\/#respond"]}]},{"@type":"WebPage","@id":"https:\/\/dev.explora.cl\/magallanes\/bancadas-investigadora-y-debatiente-del-liceo-san-jose-representaran-a-magallanes-en-final-interregional-de-debate-cientifico\/","url":"https:\/\/dev.explora.cl\/magallanes\/bancadas-investigadora-y-debatiente-del-liceo-san-jose-representaran-a-magallanes-en-final-interregional-de-debate-cientifico\/","name":"Bancadas investigadora y debatiente del Liceo San Jos\u00e9 representar\u00e1n a Magallanes en Final Interregional de Debate Cient\u00edfico - Magallanes","isPartOf":{"@id":"https:\/\/dev.explora.cl\/magallanes\/#website"},"primaryImageOfPage":{"@id":"https:\/\/dev.explora.cl\/magallanes\/bancadas-investigadora-y-debatiente-del-liceo-san-jose-representaran-a-magallanes-en-final-interregional-de-debate-cientifico\/#primaryimage"},"image":{"@id":"https:\/\/dev.explora.cl\/magallanes\/bancadas-investigadora-y-debatiente-del-liceo-san-jose-representaran-a-magallanes-en-final-interregional-de-debate-cientifico\/#primaryimage"},"thumbnailUrl":"https:\/\/dev.explora.cl\/magallanes\/wp-content\/uploads\/sites\/19\/2018\/06\/Participantes_final_Torneo_de_debates-min-min-min.jpg","datePublished":"2017-10-23T04:00:00+00:00","dateModified":"2019-05-20T21:35:03+00:00","breadcrumb":{"@id":"https:\/\/dev.explora.cl\/magallanes\/bancadas-investigadora-y-debatiente-del-liceo-san-jose-representaran-a-magallanes-en-final-interregional-de-debate-cientifico\/#breadcrumb"},"inLanguage":"es-CL","potentialAction":[{"@type":"ReadAction","target":["https:\/\/dev.explora.cl\/magallanes\/bancadas-investigadora-y-debatiente-del-liceo-san-jose-representaran-a-magallanes-en-final-interregional-de-debate-cientifico\/"]}]},{"@type":"ImageObject","inLanguage":"es-CL","@id":"https:\/\/dev.explora.cl\/magallanes\/bancadas-investigadora-y-debatiente-del-liceo-san-jose-representaran-a-magallanes-en-final-interregional-de-debate-cientifico\/#primaryimage","url":"https:\/\/dev.explora.cl\/magallanes\/wp-content\/uploads\/sites\/19\/2018\/06\/Participantes_final_Torneo_de_debates-min-min-min.jpg","contentUrl":"https:\/\/dev.explora.cl\/magallanes\/wp-content\/uploads\/sites\/19\/2018\/06\/Participantes_final_Torneo_de_debates-min-min-min.jpg","width":2048,"height":1199,"caption":"Estudiantes que participaron de la instancia final del Torneo de Debates Maggiorino Borgatello"},{"@type":"BreadcrumbList","@id":"https:\/\/dev.explora.cl\/magallanes\/bancadas-investigadora-y-debatiente-del-liceo-san-jose-representaran-a-magallanes-en-final-interregional-de-debate-cientifico\/#breadcrumb","itemListElement":[{"@type":"ListItem","position":1,"name":"Portada","item":"https:\/\/dev.explora.cl\/magallanes\/"},{"@type":"ListItem","position":2,"name":"Bancadas investigadora y debatiente del Liceo San Jos\u00e9 representar\u00e1n a Magallanes en Final Interregional de Debate Cient\u00edfico"}]},{"@type":"WebSite","@id":"https:\/\/dev.explora.cl\/magallanes\/#website","url":"https:\/\/dev.explora.cl\/magallanes\/","name":"Magallanes","description":"Otro sitio m\u00e1s de dev.explora.cl","publisher":{"@id":"https:\/\/dev.explora.cl\/magallanes\/#organization"},"potentialAction":[{"@type":"SearchAction","target":{"@type":"EntryPoint","urlTemplate":"https:\/\/dev.explora.cl\/magallanes\/?s={search_term_string}"},"query-input":{"@type":"PropertyValueSpecification","valueRequired":true,"valueName":"search_term_string"}}],"inLanguage":"es-CL"},{"@type":"Organization","@id":"https:\/\/dev.explora.cl\/magallanes\/#organization","name":"Magallanes","url":"https:\/\/dev.explora.cl\/magallanes\/","logo":{"@type":"ImageObject","inLanguage":"es-CL","@id":"https:\/\/dev.explora.cl\/magallanes\/#\/schema\/logo\/image\/","url":"https:\/\/dev.explora.cl\/magallanes\/wp-content\/uploads\/sites\/19\/2021\/06\/cropped-ICONO-COLOR-2.jpg","contentUrl":"https:\/\/dev.explora.cl\/magallanes\/wp-content\/uploads\/sites\/19\/2021\/06\/cropped-ICONO-COLOR-2.jpg","width":1181,"height":1181,"caption":"Magallanes"},"image":{"@id":"https:\/\/dev.explora.cl\/magallanes\/#\/schema\/logo\/image\/"}},{"@type":"Person","@id":"https:\/\/dev.explora.cl\/magallanes\/#\/schema\/person\/cb8349c13ea2d324080adf8480d7ba5d","name":"webman","image":{"@type":"ImageObject","inLanguage":"es-CL","@id":"https:\/\/dev.explora.cl\/magallanes\/#\/schema\/person\/image\/","url":"https:\/\/secure.gravatar.com\/avatar\/eeff3c82f2c02f7177d13663b7e6f890e9a6a0647ce9bb29cae02dcb094c7312?s=96&d=mm&r=g","contentUrl":"https:\/\/secure.gravatar.com\/avatar\/eeff3c82f2c02f7177d13663b7e6f890e9a6a0647ce9bb29cae02dcb094c7312?s=96&d=mm&r=g","caption":"webman"},"url":"https:\/\/dev.explora.cl\/magallanes\/author\/webman\/"}]}},"_links":{"self":[{"href":"https:\/\/dev.explora.cl\/magallanes\/wp-json\/wp\/v2\/posts\/814","targetHints":{"allow":["GET"]}}],"collection":[{"href":"https:\/\/dev.explora.cl\/magallanes\/wp-json\/wp\/v2\/posts"}],"about":[{"href":"https:\/\/dev.explora.cl\/magallanes\/wp-json\/wp\/v2\/types\/post"}],"author":[{"embeddable":true,"href":"https:\/\/dev.explora.cl\/magallanes\/wp-json\/wp\/v2\/users\/2"}],"replies":[{"embeddable":true,"href":"https:\/\/dev.explora.cl\/magallanes\/wp-json\/wp\/v2\/comments?post=814"}],"version-history":[{"count":1,"href":"https:\/\/dev.explora.cl\/magallanes\/wp-json\/wp\/v2\/posts\/814\/revisions"}],"predecessor-version":[{"id":37649,"href":"https:\/\/dev.explora.cl\/magallanes\/wp-json\/wp\/v2\/posts\/814\/revisions\/37649"}],"wp:featuredmedia":[{"embeddable":true,"href":"https:\/\/dev.explora.cl\/magallanes\/wp-json\/wp\/v2\/media\/815"}],"wp:attachment":[{"href":"https:\/\/dev.explora.cl\/magallanes\/wp-json\/wp\/v2\/media?parent=814"}],"wp:term":[{"taxonomy":"category","embeddable":true,"href":"https:\/\/dev.explora.cl\/magallanes\/wp-json\/wp\/v2\/categories?post=814"},{"taxonomy":"post_tag","embeddable":true,"href":"https:\/\/dev.explora.cl\/magallanes\/wp-json\/wp\/v2\/tags?post=814"}],"curies":[{"name":"wp","href":"https:\/\/api.w.org\/{rel}","templated":true}]}}