{"id":812,"date":"2017-10-20T00:00:00","date_gmt":"2017-10-20T04:00:00","guid":{"rendered":"https:\/\/dev.explora.cl\/magallanes\/blog\/2017\/10\/20\/escolares-del-colegio-puerto-natales-y-escuela-pedro-pablo-lemaitre-obtienen-primer-lugar-en-el-congreso-regional-escolar-de-la-ciencia-y-la-tecnologia-2\/"},"modified":"2019-05-20T21:35:04","modified_gmt":"2019-05-20T21:35:04","slug":"escolares-del-colegio-puerto-natales-y-escuela-pedro-pablo-lemaitre-obtienen-primer-lugar-en-el-congreso-regional-escolar-de-la-ciencia-y-la-tecnologia-2","status":"publish","type":"post","link":"https:\/\/dev.explora.cl\/magallanes\/escolares-del-colegio-puerto-natales-y-escuela-pedro-pablo-lemaitre-obtienen-primer-lugar-en-el-congreso-regional-escolar-de-la-ciencia-y-la-tecnologia-2\/","title":{"rendered":"Equipos investigadores del Colegio Puerto Natales y Escuela Pedro Pablo Lemaitre obtienen primer lugar en el Congreso Regional Escolar de la Ciencia y la Tecnolog\u00eda"},"content":{"rendered":"<p><img loading=\"lazy\" decoding=\"async\" class=\" size-full wp-image-28518\" src=\"http:\/\/ec2-54-245-22-188.us-west-2.compute.amazonaws.com\/wp-content\/uploads\/2017\/10\/ganadoresxxcongreso.JPG\" alt=\"\" width=\"1024\" height=\"624\" \/><\/p>\n<p><img loading=\"lazy\" decoding=\"async\" class=\" size-full wp-image-28518\" src=\"http:\/\/ec2-54-245-22-188.us-west-2.compute.amazonaws.com\/wp-content\/uploads\/2017\/10\/ganadoresxxcongreso.JPG\" alt=\"\" width=\"1024\" height=\"624\" \/><\/p>\n<ul>\n<li>Estudiantes del Liceo Mar\u00eda Mazzarello de Puerto Natales, Liceo Donald Mc Intyre Griffiths de Puerto Williams y del Colegio Luterano, completan la n\u00f3mina de equipos que representar\u00e1n a Magallanes en el XVIII Congreso Nacional de la Ciencia y la Tecnolog\u00eda.<\/li>\n<\/ul>\n<p>La vig\u00e9sima versi\u00f3n del Congreso Regional Escolar de la Ciencia y la Tecnolog\u00eda lleg\u00f3 a su fin. Durante tres extenuantes jornadas, representantes de distintos establecimientos de Magallanes pudieron presentar en sus stands, exponer sus trabajos frente a los evaluadores cient\u00edficos, interactuar con investigadores regionales, y tambi\u00e9n compartir experiencias, gratos momentos y vincularse con sus pares.<\/p>\n<p>Este viernes 20 en el Auditorio Ernesto Livacic de la Universidad de Magallanes, se efectu\u00f3 la ceremonia de premiaci\u00f3n y clausura del evento, que estuvo cargada de emociones por los veinte a\u00f1os de este certamen. En donde adem\u00e1s de distinguir a los equipos ganadores del XX CRECyT, se homenaje\u00f3 por su aporte al desarrollo de la Ciencia Escolar en Magallanes a los profesores Eduvina Montiel, Eduardo Alarc\u00f3n, Claudia Almonacid, Alex Vera, Silvia Benavides, Hilda Carrera, Cecilia Montenegro, Juan Carlos Huichapane, Daniela Vargas y Alan Maldonado, adem\u00e1s a los acad\u00e9micos de la Universidad de Magallanes: Dr. Am\u00e9rico Montiel, Dra. Pilar Rivas, Dra. Mar\u00eda Soledad Astorga y Dr. Andr\u00e9s Mansilla. &nbsp;<\/p>\n<p>Se premi\u00f3 tambi\u00e9n a los representantes de las instituciones que han colaborado en diversas actividades cient\u00edficas a: Transbordadora Austral Broom, Empresa Nacional del Petr\u00f3leo, GASCO Magallanes, Aguas Magallanes, Instituto Ant\u00e1rtico Chileno, &nbsp;Corporaci\u00f3n Nacional Forestal y Wildlife Conservation Society.<\/p>\n<p>Antes de conocer qui\u00e9nes ser\u00edan los ganadores del XX CRECyT, la coordinadora regional de la Wildlife Conservation Society, Daniela Droguett entreg\u00f3 el galard\u00f3n por equipo con m\u00e1s alta convocatoria, que en esta oportunidad recay\u00f3 en los estudiantes del Liceo Nobelius: Lucas Sep\u00falveda, Laura Vald\u00e9s, Felipe Alarc\u00f3n y Felipe Barrientos.<\/p>\n<p>Por otra parte, el representante de la empresa Geopark, Francisco Fern\u00e1ndez entreg\u00f3 el Premio por evaluador ciudadano al equipo de la Escuela Villa Las Nieves compuesto por: Ignacio Aro y Diego C\u00e1rdenas. Tambi\u00e9n obtuvieron distinci\u00f3n del Parque Etnobot\u00e1nico OMORA, los estudiantes de la Escuela Bernardo O\u2019Higgins de Punta Arenas, Julissa Riveros y Franco Valdivia. Y CONAF entreg\u00f3 un premio a las representantes de la Escuela Pedro Pablo Lemaitre, Javiera Alvarado Cahuas y Valentina Velqu\u00e9n Montiel.<\/p>\n<p>Pero este no fue el \u00faltimo premio que recibieron estas j\u00f3venes investigadoras, ya que se hicieron acreedoras del primer lugar en la Categor\u00eda Educaci\u00f3n B\u00e1sica por su trabajo: \u201cHormigas, m\u00e1s cerca de lo que cre\u00edas\u201d, que trata sobre la presencia de estos insectos en la Provincia de Tierra del Fuego. \u201c\u00a1Fue genial! en serio que nos sentimos muy felices con este logro, nos esforzamos mucho, hicimos muchos sacrificios y este premio es el resultado. De verdad estamos muy asombradas, nos sentimos muy felices, alegres porque nos vamos a Arica al Congreso Nacional de Explora\u201d, comentan.<\/p>\n<p>Por su parte, el primer lugar en la Categor\u00eda Educaci\u00f3n Media fue para los estudiantes del Colegio Puerto Natales, Jos\u00e9 Ignacio Oyarz\u00fan y Coni Oyarz\u00fan por su proyecto: \u201cDeterminaci\u00f3n de la calidad de los cielos de Puerto Natales para la observaci\u00f3n astron\u00f3mica\u201d que como bien dice su nombre busca poner a la capital de \u00daltima Esperanza a la vanguardia de la observaci\u00f3n astron\u00f3mica.<\/p>\n<p>Esto no fue una tarea f\u00e1cil, ya que afirman que tuvieron que trabajar muy duro para conseguir este primer premio: \u201cLa verdad es que fue una sorpresa, m\u00e1s encima lograr el primer lugar, fue un golpe de felicidad, todav\u00eda no me lo creo, es el mejor d\u00eda de mi vida. Nunca hab\u00edamos ganado una feria, este a\u00f1o nos presentamos en Puerto Natales y Porvenir. Trabajamos muy duro para esto, tuvimos que estudiar, estudiar y estudiar, arreglar la presentaci\u00f3n muchas veces, estar hasta tarde ensayando\u201d, expresan.<\/p>\n<p>Los otros tres trabajos que representar\u00e1n a Magallanes en el Congreso Nacional de la Ciencia y de la Tecnolog\u00eda a efectuarse del 28 al 30 de noviembre en Arica son: \u201cComportamiento etol\u00f3gico del Cygnus melancoryphus\u201d de Javiera Christie \u00c1lvarez y Karina Torres Vargas del Liceo Mar\u00eda Mazzarello de Puerto Natales; \u201c\u00bfLos macroinvertebrados dulceacu\u00edcolas son afectados por la presencia del castor?\u201d de las representantes del Taller Omora del Liceo Donald Mc Intyre de Puerto Williams, Sophia Troncoso Villar y Yael Marchant Cofr\u00e9. Completa esta n\u00f3mina, el proyecto \u201c\u00bfBombus dahlbomii un nativo en adaptaci\u00f3n?\u201d de los estudiantes del Colegio Luterano, Pablo Sanhueza Aguilar y Gianfranco Cavallieri Paredes.<\/p>\n<p>Visiblemente emocionada y muy contenta tras el cierre de la vig\u00e9sima versi\u00f3n del Congreso Regional Escolar de la Ciencia y la Tecnolog\u00eda, se mostr\u00f3 la directora del PAR Explora de CONICYT Magallanes y de la Ant\u00e1rtica Chilena de la Universidad de Magallanes, profesora Margarita Garrido, quien en la oportunidad realiz\u00f3 un positivo balance de la actividad: \u201cEstoy muy satisfecha con este t\u00e9rmino de Congreso, ha sido muy emocionante ver que los ganadores fueron de distintas comunas de la regi\u00f3n: de Puerto Natales, Puerto Williams y Punta Arenas, hemos ido creciendo a lo largo de estos veinte a\u00f1os, se presentaron m\u00e1s trabajos que en versiones anteriores y son de mejor calidad. Yo creo que podemos decir: \u00a1misi\u00f3n cumplida!\u201d.<\/p>\n<p>Posterior a la premiaci\u00f3n del XX Congreso Regional de la Ciencia y la Tecnolog\u00eda se realiz\u00f3 una visita educativa al Parque del Estrecho de Magallanes (Fuerte Bulnes), donde los participantes del certamen y sus profesores gu\u00edas pudieron aprender m\u00e1s sobre historia regional.<\/p>\n","protected":false},"excerpt":{"rendered":"<p>Estudiantes del Liceo Mar\u00eda Mazzarello de Puerto Natales, Liceo Donald Mc Intyre Griffiths de Puerto Williams y del Colegio Luterano, completan la n\u00f3mina de equipos que representar\u00e1n a Magallanes en el XVIII Congreso Nacional de la Ciencia y la Tecnolog\u00eda. La vig\u00e9sima versi\u00f3n del Congreso Regional Escolar de la Ciencia y la Tecnolog\u00eda lleg\u00f3 a [&hellip;]<\/p>\n","protected":false},"author":2,"featured_media":813,"comment_status":"open","ping_status":"open","sticky":false,"template":"","format":"standard","meta":{"_acf_changed":false,"_exactmetrics_skip_tracking":false,"_exactmetrics_sitenote_active":false,"_exactmetrics_sitenote_note":"","_exactmetrics_sitenote_category":0,"footnotes":"","_links_to":"","_links_to_target":""},"categories":[4],"tags":[],"class_list":["post-812","post","type-post","status-publish","format-standard","has-post-thumbnail","hentry","category-noticias"],"acf":[],"yoast_head":"<!-- This site is optimized with the Yoast SEO plugin v26.7 - https:\/\/yoast.com\/wordpress\/plugins\/seo\/ -->\n<title>Equipos investigadores del Colegio Puerto Natales y Escuela Pedro Pablo Lemaitre obtienen primer lugar en el Congreso Regional Escolar de la Ciencia y la Tecnolog\u00eda - Magallanes<\/title>\n<meta name=\"robots\" content=\"index, follow, max-snippet:-1, max-image-preview:large, max-video-preview:-1\" \/>\n<link rel=\"canonical\" href=\"https:\/\/dev.explora.cl\/magallanes\/escolares-del-colegio-puerto-natales-y-escuela-pedro-pablo-lemaitre-obtienen-primer-lugar-en-el-congreso-regional-escolar-de-la-ciencia-y-la-tecnologia-2\/\" class=\"yoast-seo-meta-tag\" \/>\n<meta property=\"og:locale\" content=\"es_ES\" class=\"yoast-seo-meta-tag\" \/>\n<meta property=\"og:type\" content=\"article\" class=\"yoast-seo-meta-tag\" \/>\n<meta property=\"og:title\" content=\"Equipos investigadores del Colegio Puerto Natales y Escuela Pedro Pablo Lemaitre obtienen primer lugar en el Congreso Regional Escolar de la Ciencia y la Tecnolog\u00eda - Magallanes\" class=\"yoast-seo-meta-tag\" \/>\n<meta property=\"og:description\" content=\"Estudiantes del Liceo Mar\u00eda Mazzarello de Puerto Natales, Liceo Donald Mc Intyre Griffiths de Puerto Williams y del Colegio Luterano, completan la n\u00f3mina de equipos que representar\u00e1n a Magallanes en el XVIII Congreso Nacional de la Ciencia y la Tecnolog\u00eda. La vig\u00e9sima versi\u00f3n del Congreso Regional Escolar de la Ciencia y la Tecnolog\u00eda lleg\u00f3 a [&hellip;]\" class=\"yoast-seo-meta-tag\" \/>\n<meta property=\"og:url\" content=\"https:\/\/dev.explora.cl\/magallanes\/escolares-del-colegio-puerto-natales-y-escuela-pedro-pablo-lemaitre-obtienen-primer-lugar-en-el-congreso-regional-escolar-de-la-ciencia-y-la-tecnologia-2\/\" class=\"yoast-seo-meta-tag\" \/>\n<meta property=\"og:site_name\" content=\"Magallanes\" class=\"yoast-seo-meta-tag\" \/>\n<meta property=\"article:published_time\" content=\"2017-10-20T04:00:00+00:00\" class=\"yoast-seo-meta-tag\" \/>\n<meta property=\"article:modified_time\" content=\"2019-05-20T21:35:04+00:00\" class=\"yoast-seo-meta-tag\" \/>\n<meta property=\"og:image\" content=\"https:\/\/dev.explora.cl\/magallanes\/wp-content\/uploads\/sites\/19\/2018\/06\/ganadoresxxcongreso.jpg\" class=\"yoast-seo-meta-tag\" \/>\n\t<meta property=\"og:image:width\" content=\"1024\" class=\"yoast-seo-meta-tag\" \/>\n\t<meta property=\"og:image:height\" content=\"624\" class=\"yoast-seo-meta-tag\" \/>\n\t<meta property=\"og:image:type\" content=\"image\/jpeg\" class=\"yoast-seo-meta-tag\" \/>\n<meta name=\"author\" content=\"webman\" class=\"yoast-seo-meta-tag\" \/>\n<meta name=\"twitter:card\" content=\"summary_large_image\" class=\"yoast-seo-meta-tag\" \/>\n<meta name=\"twitter:label1\" content=\"Escrito por\" class=\"yoast-seo-meta-tag\" \/>\n\t<meta name=\"twitter:data1\" content=\"webman\" class=\"yoast-seo-meta-tag\" \/>\n\t<meta name=\"twitter:label2\" content=\"Tiempo estimado de lectura\" class=\"yoast-seo-meta-tag\" \/>\n\t<meta name=\"twitter:data2\" content=\"5 minutos\" class=\"yoast-seo-meta-tag\" \/>\n<script type=\"application\/ld+json\" class=\"yoast-schema-graph\">{\"@context\":\"https:\/\/schema.org\",\"@graph\":[{\"@type\":\"Article\",\"@id\":\"https:\/\/dev.explora.cl\/magallanes\/escolares-del-colegio-puerto-natales-y-escuela-pedro-pablo-lemaitre-obtienen-primer-lugar-en-el-congreso-regional-escolar-de-la-ciencia-y-la-tecnologia-2\/#article\",\"isPartOf\":{\"@id\":\"https:\/\/dev.explora.cl\/magallanes\/escolares-del-colegio-puerto-natales-y-escuela-pedro-pablo-lemaitre-obtienen-primer-lugar-en-el-congreso-regional-escolar-de-la-ciencia-y-la-tecnologia-2\/\"},\"author\":{\"name\":\"webman\",\"@id\":\"https:\/\/dev.explora.cl\/magallanes\/#\/schema\/person\/cb8349c13ea2d324080adf8480d7ba5d\"},\"headline\":\"Equipos investigadores del Colegio Puerto Natales y Escuela Pedro Pablo Lemaitre obtienen primer lugar en el Congreso Regional Escolar de la Ciencia y la Tecnolog\u00eda\",\"datePublished\":\"2017-10-20T04:00:00+00:00\",\"dateModified\":\"2019-05-20T21:35:04+00:00\",\"mainEntityOfPage\":{\"@id\":\"https:\/\/dev.explora.cl\/magallanes\/escolares-del-colegio-puerto-natales-y-escuela-pedro-pablo-lemaitre-obtienen-primer-lugar-en-el-congreso-regional-escolar-de-la-ciencia-y-la-tecnologia-2\/\"},\"wordCount\":976,\"commentCount\":0,\"publisher\":{\"@id\":\"https:\/\/dev.explora.cl\/magallanes\/#organization\"},\"image\":{\"@id\":\"https:\/\/dev.explora.cl\/magallanes\/escolares-del-colegio-puerto-natales-y-escuela-pedro-pablo-lemaitre-obtienen-primer-lugar-en-el-congreso-regional-escolar-de-la-ciencia-y-la-tecnologia-2\/#primaryimage\"},\"thumbnailUrl\":\"https:\/\/dev.explora.cl\/magallanes\/wp-content\/uploads\/sites\/19\/2018\/06\/ganadoresxxcongreso.jpg\",\"articleSection\":[\"Noticias\"],\"inLanguage\":\"es-CL\",\"potentialAction\":[{\"@type\":\"CommentAction\",\"name\":\"Comment\",\"target\":[\"https:\/\/dev.explora.cl\/magallanes\/escolares-del-colegio-puerto-natales-y-escuela-pedro-pablo-lemaitre-obtienen-primer-lugar-en-el-congreso-regional-escolar-de-la-ciencia-y-la-tecnologia-2\/#respond\"]}]},{\"@type\":\"WebPage\",\"@id\":\"https:\/\/dev.explora.cl\/magallanes\/escolares-del-colegio-puerto-natales-y-escuela-pedro-pablo-lemaitre-obtienen-primer-lugar-en-el-congreso-regional-escolar-de-la-ciencia-y-la-tecnologia-2\/\",\"url\":\"https:\/\/dev.explora.cl\/magallanes\/escolares-del-colegio-puerto-natales-y-escuela-pedro-pablo-lemaitre-obtienen-primer-lugar-en-el-congreso-regional-escolar-de-la-ciencia-y-la-tecnologia-2\/\",\"name\":\"Equipos investigadores del Colegio Puerto Natales y Escuela Pedro Pablo Lemaitre obtienen primer lugar en el Congreso Regional Escolar de la Ciencia y la Tecnolog\u00eda - Magallanes\",\"isPartOf\":{\"@id\":\"https:\/\/dev.explora.cl\/magallanes\/#website\"},\"primaryImageOfPage\":{\"@id\":\"https:\/\/dev.explora.cl\/magallanes\/escolares-del-colegio-puerto-natales-y-escuela-pedro-pablo-lemaitre-obtienen-primer-lugar-en-el-congreso-regional-escolar-de-la-ciencia-y-la-tecnologia-2\/#primaryimage\"},\"image\":{\"@id\":\"https:\/\/dev.explora.cl\/magallanes\/escolares-del-colegio-puerto-natales-y-escuela-pedro-pablo-lemaitre-obtienen-primer-lugar-en-el-congreso-regional-escolar-de-la-ciencia-y-la-tecnologia-2\/#primaryimage\"},\"thumbnailUrl\":\"https:\/\/dev.explora.cl\/magallanes\/wp-content\/uploads\/sites\/19\/2018\/06\/ganadoresxxcongreso.jpg\",\"datePublished\":\"2017-10-20T04:00:00+00:00\",\"dateModified\":\"2019-05-20T21:35:04+00:00\",\"breadcrumb\":{\"@id\":\"https:\/\/dev.explora.cl\/magallanes\/escolares-del-colegio-puerto-natales-y-escuela-pedro-pablo-lemaitre-obtienen-primer-lugar-en-el-congreso-regional-escolar-de-la-ciencia-y-la-tecnologia-2\/#breadcrumb\"},\"inLanguage\":\"es-CL\",\"potentialAction\":[{\"@type\":\"ReadAction\",\"target\":[\"https:\/\/dev.explora.cl\/magallanes\/escolares-del-colegio-puerto-natales-y-escuela-pedro-pablo-lemaitre-obtienen-primer-lugar-en-el-congreso-regional-escolar-de-la-ciencia-y-la-tecnologia-2\/\"]}]},{\"@type\":\"ImageObject\",\"inLanguage\":\"es-CL\",\"@id\":\"https:\/\/dev.explora.cl\/magallanes\/escolares-del-colegio-puerto-natales-y-escuela-pedro-pablo-lemaitre-obtienen-primer-lugar-en-el-congreso-regional-escolar-de-la-ciencia-y-la-tecnologia-2\/#primaryimage\",\"url\":\"https:\/\/dev.explora.cl\/magallanes\/wp-content\/uploads\/sites\/19\/2018\/06\/ganadoresxxcongreso.jpg\",\"contentUrl\":\"https:\/\/dev.explora.cl\/magallanes\/wp-content\/uploads\/sites\/19\/2018\/06\/ganadoresxxcongreso.jpg\",\"width\":1024,\"height\":624},{\"@type\":\"BreadcrumbList\",\"@id\":\"https:\/\/dev.explora.cl\/magallanes\/escolares-del-colegio-puerto-natales-y-escuela-pedro-pablo-lemaitre-obtienen-primer-lugar-en-el-congreso-regional-escolar-de-la-ciencia-y-la-tecnologia-2\/#breadcrumb\",\"itemListElement\":[{\"@type\":\"ListItem\",\"position\":1,\"name\":\"Portada\",\"item\":\"https:\/\/dev.explora.cl\/magallanes\/\"},{\"@type\":\"ListItem\",\"position\":2,\"name\":\"Equipos investigadores del Colegio Puerto Natales y Escuela Pedro Pablo Lemaitre obtienen primer lugar en el Congreso Regional Escolar de la Ciencia y la Tecnolog\u00eda\"}]},{\"@type\":\"WebSite\",\"@id\":\"https:\/\/dev.explora.cl\/magallanes\/#website\",\"url\":\"https:\/\/dev.explora.cl\/magallanes\/\",\"name\":\"Magallanes\",\"description\":\"Otro sitio m\u00e1s de dev.explora.cl\",\"publisher\":{\"@id\":\"https:\/\/dev.explora.cl\/magallanes\/#organization\"},\"potentialAction\":[{\"@type\":\"SearchAction\",\"target\":{\"@type\":\"EntryPoint\",\"urlTemplate\":\"https:\/\/dev.explora.cl\/magallanes\/?s={search_term_string}\"},\"query-input\":{\"@type\":\"PropertyValueSpecification\",\"valueRequired\":true,\"valueName\":\"search_term_string\"}}],\"inLanguage\":\"es-CL\"},{\"@type\":\"Organization\",\"@id\":\"https:\/\/dev.explora.cl\/magallanes\/#organization\",\"name\":\"Magallanes\",\"url\":\"https:\/\/dev.explora.cl\/magallanes\/\",\"logo\":{\"@type\":\"ImageObject\",\"inLanguage\":\"es-CL\",\"@id\":\"https:\/\/dev.explora.cl\/magallanes\/#\/schema\/logo\/image\/\",\"url\":\"https:\/\/dev.explora.cl\/magallanes\/wp-content\/uploads\/sites\/19\/2021\/06\/cropped-ICONO-COLOR-2.jpg\",\"contentUrl\":\"https:\/\/dev.explora.cl\/magallanes\/wp-content\/uploads\/sites\/19\/2021\/06\/cropped-ICONO-COLOR-2.jpg\",\"width\":1181,\"height\":1181,\"caption\":\"Magallanes\"},\"image\":{\"@id\":\"https:\/\/dev.explora.cl\/magallanes\/#\/schema\/logo\/image\/\"}},{\"@type\":\"Person\",\"@id\":\"https:\/\/dev.explora.cl\/magallanes\/#\/schema\/person\/cb8349c13ea2d324080adf8480d7ba5d\",\"name\":\"webman\",\"image\":{\"@type\":\"ImageObject\",\"inLanguage\":\"es-CL\",\"@id\":\"https:\/\/dev.explora.cl\/magallanes\/#\/schema\/person\/image\/\",\"url\":\"https:\/\/secure.gravatar.com\/avatar\/eeff3c82f2c02f7177d13663b7e6f890e9a6a0647ce9bb29cae02dcb094c7312?s=96&d=mm&r=g\",\"contentUrl\":\"https:\/\/secure.gravatar.com\/avatar\/eeff3c82f2c02f7177d13663b7e6f890e9a6a0647ce9bb29cae02dcb094c7312?s=96&d=mm&r=g\",\"caption\":\"webman\"},\"url\":\"https:\/\/dev.explora.cl\/magallanes\/author\/webman\/\"}]}<\/script>\n<!-- \/ Yoast SEO plugin. -->","yoast_head_json":{"title":"Equipos investigadores del Colegio Puerto Natales y Escuela Pedro Pablo Lemaitre obtienen primer lugar en el Congreso Regional Escolar de la Ciencia y la Tecnolog\u00eda - Magallanes","robots":{"index":"index","follow":"follow","max-snippet":"max-snippet:-1","max-image-preview":"max-image-preview:large","max-video-preview":"max-video-preview:-1"},"canonical":"https:\/\/dev.explora.cl\/magallanes\/escolares-del-colegio-puerto-natales-y-escuela-pedro-pablo-lemaitre-obtienen-primer-lugar-en-el-congreso-regional-escolar-de-la-ciencia-y-la-tecnologia-2\/","og_locale":"es_ES","og_type":"article","og_title":"Equipos investigadores del Colegio Puerto Natales y Escuela Pedro Pablo Lemaitre obtienen primer lugar en el Congreso Regional Escolar de la Ciencia y la Tecnolog\u00eda - Magallanes","og_description":"Estudiantes del Liceo Mar\u00eda Mazzarello de Puerto Natales, Liceo Donald Mc Intyre Griffiths de Puerto Williams y del Colegio Luterano, completan la n\u00f3mina de equipos que representar\u00e1n a Magallanes en el XVIII Congreso Nacional de la Ciencia y la Tecnolog\u00eda. La vig\u00e9sima versi\u00f3n del Congreso Regional Escolar de la Ciencia y la Tecnolog\u00eda lleg\u00f3 a [&hellip;]","og_url":"https:\/\/dev.explora.cl\/magallanes\/escolares-del-colegio-puerto-natales-y-escuela-pedro-pablo-lemaitre-obtienen-primer-lugar-en-el-congreso-regional-escolar-de-la-ciencia-y-la-tecnologia-2\/","og_site_name":"Magallanes","article_published_time":"2017-10-20T04:00:00+00:00","article_modified_time":"2019-05-20T21:35:04+00:00","og_image":[{"width":1024,"height":624,"url":"https:\/\/dev.explora.cl\/magallanes\/wp-content\/uploads\/sites\/19\/2018\/06\/ganadoresxxcongreso.jpg","type":"image\/jpeg"}],"author":"webman","twitter_card":"summary_large_image","twitter_misc":{"Escrito por":"webman","Tiempo estimado de lectura":"5 minutos"},"schema":{"@context":"https:\/\/schema.org","@graph":[{"@type":"Article","@id":"https:\/\/dev.explora.cl\/magallanes\/escolares-del-colegio-puerto-natales-y-escuela-pedro-pablo-lemaitre-obtienen-primer-lugar-en-el-congreso-regional-escolar-de-la-ciencia-y-la-tecnologia-2\/#article","isPartOf":{"@id":"https:\/\/dev.explora.cl\/magallanes\/escolares-del-colegio-puerto-natales-y-escuela-pedro-pablo-lemaitre-obtienen-primer-lugar-en-el-congreso-regional-escolar-de-la-ciencia-y-la-tecnologia-2\/"},"author":{"name":"webman","@id":"https:\/\/dev.explora.cl\/magallanes\/#\/schema\/person\/cb8349c13ea2d324080adf8480d7ba5d"},"headline":"Equipos investigadores del Colegio Puerto Natales y Escuela Pedro Pablo Lemaitre obtienen primer lugar en el Congreso Regional Escolar de la Ciencia y la Tecnolog\u00eda","datePublished":"2017-10-20T04:00:00+00:00","dateModified":"2019-05-20T21:35:04+00:00","mainEntityOfPage":{"@id":"https:\/\/dev.explora.cl\/magallanes\/escolares-del-colegio-puerto-natales-y-escuela-pedro-pablo-lemaitre-obtienen-primer-lugar-en-el-congreso-regional-escolar-de-la-ciencia-y-la-tecnologia-2\/"},"wordCount":976,"commentCount":0,"publisher":{"@id":"https:\/\/dev.explora.cl\/magallanes\/#organization"},"image":{"@id":"https:\/\/dev.explora.cl\/magallanes\/escolares-del-colegio-puerto-natales-y-escuela-pedro-pablo-lemaitre-obtienen-primer-lugar-en-el-congreso-regional-escolar-de-la-ciencia-y-la-tecnologia-2\/#primaryimage"},"thumbnailUrl":"https:\/\/dev.explora.cl\/magallanes\/wp-content\/uploads\/sites\/19\/2018\/06\/ganadoresxxcongreso.jpg","articleSection":["Noticias"],"inLanguage":"es-CL","potentialAction":[{"@type":"CommentAction","name":"Comment","target":["https:\/\/dev.explora.cl\/magallanes\/escolares-del-colegio-puerto-natales-y-escuela-pedro-pablo-lemaitre-obtienen-primer-lugar-en-el-congreso-regional-escolar-de-la-ciencia-y-la-tecnologia-2\/#respond"]}]},{"@type":"WebPage","@id":"https:\/\/dev.explora.cl\/magallanes\/escolares-del-colegio-puerto-natales-y-escuela-pedro-pablo-lemaitre-obtienen-primer-lugar-en-el-congreso-regional-escolar-de-la-ciencia-y-la-tecnologia-2\/","url":"https:\/\/dev.explora.cl\/magallanes\/escolares-del-colegio-puerto-natales-y-escuela-pedro-pablo-lemaitre-obtienen-primer-lugar-en-el-congreso-regional-escolar-de-la-ciencia-y-la-tecnologia-2\/","name":"Equipos investigadores del Colegio Puerto Natales y Escuela Pedro Pablo Lemaitre obtienen primer lugar en el Congreso Regional Escolar de la Ciencia y la Tecnolog\u00eda - Magallanes","isPartOf":{"@id":"https:\/\/dev.explora.cl\/magallanes\/#website"},"primaryImageOfPage":{"@id":"https:\/\/dev.explora.cl\/magallanes\/escolares-del-colegio-puerto-natales-y-escuela-pedro-pablo-lemaitre-obtienen-primer-lugar-en-el-congreso-regional-escolar-de-la-ciencia-y-la-tecnologia-2\/#primaryimage"},"image":{"@id":"https:\/\/dev.explora.cl\/magallanes\/escolares-del-colegio-puerto-natales-y-escuela-pedro-pablo-lemaitre-obtienen-primer-lugar-en-el-congreso-regional-escolar-de-la-ciencia-y-la-tecnologia-2\/#primaryimage"},"thumbnailUrl":"https:\/\/dev.explora.cl\/magallanes\/wp-content\/uploads\/sites\/19\/2018\/06\/ganadoresxxcongreso.jpg","datePublished":"2017-10-20T04:00:00+00:00","dateModified":"2019-05-20T21:35:04+00:00","breadcrumb":{"@id":"https:\/\/dev.explora.cl\/magallanes\/escolares-del-colegio-puerto-natales-y-escuela-pedro-pablo-lemaitre-obtienen-primer-lugar-en-el-congreso-regional-escolar-de-la-ciencia-y-la-tecnologia-2\/#breadcrumb"},"inLanguage":"es-CL","potentialAction":[{"@type":"ReadAction","target":["https:\/\/dev.explora.cl\/magallanes\/escolares-del-colegio-puerto-natales-y-escuela-pedro-pablo-lemaitre-obtienen-primer-lugar-en-el-congreso-regional-escolar-de-la-ciencia-y-la-tecnologia-2\/"]}]},{"@type":"ImageObject","inLanguage":"es-CL","@id":"https:\/\/dev.explora.cl\/magallanes\/escolares-del-colegio-puerto-natales-y-escuela-pedro-pablo-lemaitre-obtienen-primer-lugar-en-el-congreso-regional-escolar-de-la-ciencia-y-la-tecnologia-2\/#primaryimage","url":"https:\/\/dev.explora.cl\/magallanes\/wp-content\/uploads\/sites\/19\/2018\/06\/ganadoresxxcongreso.jpg","contentUrl":"https:\/\/dev.explora.cl\/magallanes\/wp-content\/uploads\/sites\/19\/2018\/06\/ganadoresxxcongreso.jpg","width":1024,"height":624},{"@type":"BreadcrumbList","@id":"https:\/\/dev.explora.cl\/magallanes\/escolares-del-colegio-puerto-natales-y-escuela-pedro-pablo-lemaitre-obtienen-primer-lugar-en-el-congreso-regional-escolar-de-la-ciencia-y-la-tecnologia-2\/#breadcrumb","itemListElement":[{"@type":"ListItem","position":1,"name":"Portada","item":"https:\/\/dev.explora.cl\/magallanes\/"},{"@type":"ListItem","position":2,"name":"Equipos investigadores del Colegio Puerto Natales y Escuela Pedro Pablo Lemaitre obtienen primer lugar en el Congreso Regional Escolar de la Ciencia y la Tecnolog\u00eda"}]},{"@type":"WebSite","@id":"https:\/\/dev.explora.cl\/magallanes\/#website","url":"https:\/\/dev.explora.cl\/magallanes\/","name":"Magallanes","description":"Otro sitio m\u00e1s de dev.explora.cl","publisher":{"@id":"https:\/\/dev.explora.cl\/magallanes\/#organization"},"potentialAction":[{"@type":"SearchAction","target":{"@type":"EntryPoint","urlTemplate":"https:\/\/dev.explora.cl\/magallanes\/?s={search_term_string}"},"query-input":{"@type":"PropertyValueSpecification","valueRequired":true,"valueName":"search_term_string"}}],"inLanguage":"es-CL"},{"@type":"Organization","@id":"https:\/\/dev.explora.cl\/magallanes\/#organization","name":"Magallanes","url":"https:\/\/dev.explora.cl\/magallanes\/","logo":{"@type":"ImageObject","inLanguage":"es-CL","@id":"https:\/\/dev.explora.cl\/magallanes\/#\/schema\/logo\/image\/","url":"https:\/\/dev.explora.cl\/magallanes\/wp-content\/uploads\/sites\/19\/2021\/06\/cropped-ICONO-COLOR-2.jpg","contentUrl":"https:\/\/dev.explora.cl\/magallanes\/wp-content\/uploads\/sites\/19\/2021\/06\/cropped-ICONO-COLOR-2.jpg","width":1181,"height":1181,"caption":"Magallanes"},"image":{"@id":"https:\/\/dev.explora.cl\/magallanes\/#\/schema\/logo\/image\/"}},{"@type":"Person","@id":"https:\/\/dev.explora.cl\/magallanes\/#\/schema\/person\/cb8349c13ea2d324080adf8480d7ba5d","name":"webman","image":{"@type":"ImageObject","inLanguage":"es-CL","@id":"https:\/\/dev.explora.cl\/magallanes\/#\/schema\/person\/image\/","url":"https:\/\/secure.gravatar.com\/avatar\/eeff3c82f2c02f7177d13663b7e6f890e9a6a0647ce9bb29cae02dcb094c7312?s=96&d=mm&r=g","contentUrl":"https:\/\/secure.gravatar.com\/avatar\/eeff3c82f2c02f7177d13663b7e6f890e9a6a0647ce9bb29cae02dcb094c7312?s=96&d=mm&r=g","caption":"webman"},"url":"https:\/\/dev.explora.cl\/magallanes\/author\/webman\/"}]}},"_links":{"self":[{"href":"https:\/\/dev.explora.cl\/magallanes\/wp-json\/wp\/v2\/posts\/812","targetHints":{"allow":["GET"]}}],"collection":[{"href":"https:\/\/dev.explora.cl\/magallanes\/wp-json\/wp\/v2\/posts"}],"about":[{"href":"https:\/\/dev.explora.cl\/magallanes\/wp-json\/wp\/v2\/types\/post"}],"author":[{"embeddable":true,"href":"https:\/\/dev.explora.cl\/magallanes\/wp-json\/wp\/v2\/users\/2"}],"replies":[{"embeddable":true,"href":"https:\/\/dev.explora.cl\/magallanes\/wp-json\/wp\/v2\/comments?post=812"}],"version-history":[{"count":1,"href":"https:\/\/dev.explora.cl\/magallanes\/wp-json\/wp\/v2\/posts\/812\/revisions"}],"predecessor-version":[{"id":37650,"href":"https:\/\/dev.explora.cl\/magallanes\/wp-json\/wp\/v2\/posts\/812\/revisions\/37650"}],"wp:featuredmedia":[{"embeddable":true,"href":"https:\/\/dev.explora.cl\/magallanes\/wp-json\/wp\/v2\/media\/813"}],"wp:attachment":[{"href":"https:\/\/dev.explora.cl\/magallanes\/wp-json\/wp\/v2\/media?parent=812"}],"wp:term":[{"taxonomy":"category","embeddable":true,"href":"https:\/\/dev.explora.cl\/magallanes\/wp-json\/wp\/v2\/categories?post=812"},{"taxonomy":"post_tag","embeddable":true,"href":"https:\/\/dev.explora.cl\/magallanes\/wp-json\/wp\/v2\/tags?post=812"}],"curies":[{"name":"wp","href":"https:\/\/api.w.org\/{rel}","templated":true}]}}