{"id":810,"date":"2017-10-19T00:00:00","date_gmt":"2017-10-19T04:00:00","guid":{"rendered":"https:\/\/dev.explora.cl\/magallanes\/blog\/2017\/10\/19\/con-gran-marco-de-publico-se-llevo-a-cabo-dia-de-presentaciones-de-stands-en-el-congreso-regional-escolar-de-la-ciencia-y-la-tecnologia\/"},"modified":"2019-05-20T21:35:04","modified_gmt":"2019-05-20T21:35:04","slug":"con-gran-marco-de-publico-se-llevo-a-cabo-dia-de-presentaciones-de-stands-en-el-congreso-regional-escolar-de-la-ciencia-y-la-tecnologia","status":"publish","type":"post","link":"https:\/\/dev.explora.cl\/magallanes\/con-gran-marco-de-publico-se-llevo-a-cabo-dia-de-presentaciones-de-stands-en-el-congreso-regional-escolar-de-la-ciencia-y-la-tecnologia\/","title":{"rendered":"Con gran marco de p\u00fablico se llev\u00f3 a cabo d\u00eda de presentaciones de stands en el Congreso Regional Escolar de la Ciencia y la Tecnolog\u00eda"},"content":{"rendered":"<p><img loading=\"lazy\" decoding=\"async\" class=\" size-full wp-image-28465\" src=\"http:\/\/ec2-54-245-22-188.us-west-2.compute.amazonaws.com\/wp-content\/uploads\/2017\/10\/Exposiciones_XX_Congreso_en_Patio_Cubierto.jpg\" alt=\"\" width=\"1024\" height=\"683\" \/><\/p>\n<p>&nbsp;<img loading=\"lazy\" decoding=\"async\" class=\" size-full wp-image-28465\" src=\"http:\/\/ec2-54-245-22-188.us-west-2.compute.amazonaws.com\/wp-content\/uploads\/2017\/10\/Exposiciones_XX_Congreso_en_Patio_Cubierto.jpg\" alt=\"\" width=\"1024\" height=\"683\" \/><\/p>\n<p>Un centenar de escolares provenientes de Punta Arenas, Puerto Natales, Porvenir y Puerto Williams se encuentran participando del XX Congreso Regional Escolar de la Ciencia y la Tecnolog\u00eda (CRECyT) que se realiza en la Universidad de Magallanes.<\/p>\n<p>Este mi\u00e9rcoles 18 fue el turno para las presentaciones en modalidad stand, para lo cual se dispuso un total de 48 puestos m\u00e1s el stand informativo de la empresa GASCO Magallanes. Actividad que como todos los a\u00f1os se desarroll\u00f3 ante una masiva concurrencia de p\u00fablico en el patio cubierto de la Facultad de Ingenier\u00eda y Ciencias de la Universidad de Magallanes.<\/p>\n<p>Los establecimientos de Punta Arenas, evaluadores ciudadanos, universitarios, acad\u00e9micos y p\u00fablico en general pudieron aprender sobre diferentes materias, por ejemplo sobre las micro y macroalgas presentes en la Regi\u00f3n, estudio de la lombriz californiana y el uso del vermicompost, etolog\u00eda de las especies magall\u00e1nicas e invasoras, proyectos de entomolog\u00eda y efectos del cambio clim\u00e1tico.<\/p>\n<p>La coordinadora del XX Congreso Regional Escolar de la Ciencia y la Tecnolog\u00eda e integrante del equipo PAR Explora de CONICYT Magallanes y de la Ant\u00e1rtica Chilena, Carolina Hern\u00e1ndez, explic\u00f3 la importancia de esta versi\u00f3n n\u00famero 20 del certamen: \u201cEstamos celebrando la vig\u00e9sima versi\u00f3n del Congreso Regional, nosotros como regi\u00f3n somos los primeros a nivel nacional en cumplir 20 a\u00f1os, somos los pioneros en este evento, actualmente est\u00e1 participando un total de 48 proyectos, tenemos asistentes de todas las provincias de la Regi\u00f3n, y son evaluados por el Comit\u00e9 Cient\u00edfico Evaluador que est\u00e1 conformado por 50 profesionales, magister y doctores ligados al \u00e1rea cient\u00edfica\u201d.<\/p>\n<p>Todos los equipos buscan obtener uno de los cinco cupos para representar a la Regi\u00f3n de Magallanes en el XVIII Congreso Nacional Escolar de la Ciencia y la Tecnolog\u00eda del Programa Explora de CONICYT a efectuarse del 28 al 30 de noviembre en la ciudad de Arica. &nbsp;<\/p>\n<p>Pero no todo es competencia, ya que los j\u00f3venes cient\u00edficos rescatan el poder conocer otras investigaciones e interactuar con otros estudiantes de la Regi\u00f3n.<\/p>\n<p>\u201cTodo ha sido bastante entretenido, me ha gustado participar del Congreso, he tenido la oportunidad de conocer los otros trabajos, a los otros chicos expositores que presentan con mucha seriedad, complementan sus investigaci\u00f3n con harta informaci\u00f3n y datos. Y adem\u00e1s he podido interactuar con los jurados quienes a su vez me han podido retroalimentar algunas de mis dudas\u201d, destac\u00f3 el estudiante de primero medio del Liceo Gabriela Mistral de Puerto Natales, Sergio Cepeda, quien expone la investigaci\u00f3n \u201cEfectos de la aplicaci\u00f3n de Sphagnum magellanicum al suelo sobre la productividad vegetal\u2019\u2019, la que consiste en como este hongo puede mejorar la fertilidad en algunos tipos de plantas.<\/p>\n<p>\u201cEs primera vez que me presento al Congreso, el a\u00f1o pasado me toc\u00f3 mostrar la compostera, ahora es un contexto completamente distinto. Hemos trabajado muy duro y esperamos tener la posibilidad de ganar\u201d, opin\u00f3 la estudiante de s\u00e9ptimo b\u00e1sico de The British School, Antonia Contreras, quien junto a su compa\u00f1era Isidora P\u00e9rez presentan su trabajo \u201cAlimentando a <em>Eisenia foetida<\/em> con plantas invasoras de Magallanes\u201d que trata sobre alimentar a las lombrices californianas con maleza invasoras de la regi\u00f3n para as\u00ed generar humus. &nbsp;<\/p>\n<p>Fueron ganadoras en la Categor\u00eda Educaci\u00f3n B\u00e1sica de la Feria Cient\u00edfica de Tierra del Fuego y en esta oportunidad muestran los avances de su investigaci\u00f3n \u201cEl misterio del origen de la vida en Tierra del Fuego\u201d sobre los estromatolitos, formaciones rocosas que encontraron a solo seis kil\u00f3metros de Porvenir. Son Catalina Haro y Antonia Vera, estudiantes de sexto b\u00e1sico de la Escuela Libertador Capit\u00e1n General Bernardo O\u2019Higgins Riquelme. \u201cNuestro inter\u00e9s surgi\u00f3 por medio de una charla que hicieron en el Liceo y nosotras fuimos invitadas, hablaban sobre los estromatolitos, y a nosotras nos qued\u00f3 la duda, entonces hablamos con la cient\u00edfica que dict\u00f3 la charla y le preguntamos, y por eso quisimos investigar m\u00e1s y hacer este proyecto\u201d, explican&nbsp;<\/p>\n<p>La presencia de especies invasoras es una problem\u00e1tica que no solo ata\u00f1e a distintas instituciones p\u00fablicas o ONGs, sino tambi\u00e9n a los cient\u00edficos escolares. Ejemplos de ellos, es el trabajo investigativo sobre el abejorro <em>Bombus terrestris<\/em> del Colegio Luterano o las \u201cchaquetas amarillas\u201d del Liceo Donald Mc Intyre Griffiths de Puerto Williams.<\/p>\n<p>Esta preocupaci\u00f3n ha inspirado a otro grupo investigativo procedente de la comuna de Cabo de Hornos, \u201cUnos compa\u00f1eros del taller OMORA hicieron un proyecto de la casa de la chaqueta amarilla, y esto nos dio la idea de investigar otra especie invasora, en este caso el castor. Nuestra investigaci\u00f3n consiste en ver si los macroinvertebrados son afectados con la presencia del castor, producto de que el castor produce graves da\u00f1os en la zona. Iniciamos en el mes de mayo, hemos ido a ver castores, investigado sobre esta especie y sobre los macroinvertebrados\u201d, detallan las estudiantes del Liceo Donald Mc Intyre de Puerto Williams, Yael Marchant y Sof\u00eda Troncoso.<\/p>\n<p>Para este jueves 19 habr\u00e1 presentaciones orales en tres salas simult\u00e1neas, en donde los ni\u00f1os y j\u00f3venes participantes mostrar\u00e1n los resultados obtenidos en sus investigaciones frente a la atenta mirada de los evaluadores cient\u00edficos.&nbsp;<\/p>\n<p>El d\u00eda viernes en tanto, se realizar\u00e1 la ceremonia de premiaci\u00f3n del XX Congreso Regional Escolar de la Ciencia y la Tecnolog\u00eda, acto a efectuarse a las 08.30 horas en el Auditorio Ernesto Livacic de la Universidad de Magallanes.<\/p>\n","protected":false},"excerpt":{"rendered":"<p>&nbsp; Un centenar de escolares provenientes de Punta Arenas, Puerto Natales, Porvenir y Puerto Williams se encuentran participando del XX Congreso Regional Escolar de la Ciencia y la Tecnolog\u00eda (CRECyT) que se realiza en la Universidad de Magallanes. Este mi\u00e9rcoles 18 fue el turno para las presentaciones en modalidad stand, para lo cual se dispuso [&hellip;]<\/p>\n","protected":false},"author":2,"featured_media":811,"comment_status":"open","ping_status":"open","sticky":false,"template":"","format":"standard","meta":{"_acf_changed":false,"_exactmetrics_skip_tracking":false,"_exactmetrics_sitenote_active":false,"_exactmetrics_sitenote_note":"","_exactmetrics_sitenote_category":0,"footnotes":"","_links_to":"","_links_to_target":""},"categories":[4],"tags":[],"class_list":["post-810","post","type-post","status-publish","format-standard","has-post-thumbnail","hentry","category-noticias"],"acf":[],"yoast_head":"<!-- This site is optimized with the Yoast SEO plugin v26.7 - https:\/\/yoast.com\/wordpress\/plugins\/seo\/ -->\n<title>Con gran marco de p\u00fablico se llev\u00f3 a cabo d\u00eda de presentaciones de stands en el Congreso Regional Escolar de la Ciencia y la Tecnolog\u00eda - Magallanes<\/title>\n<meta name=\"robots\" content=\"index, follow, max-snippet:-1, max-image-preview:large, max-video-preview:-1\" \/>\n<link rel=\"canonical\" href=\"https:\/\/dev.explora.cl\/magallanes\/con-gran-marco-de-publico-se-llevo-a-cabo-dia-de-presentaciones-de-stands-en-el-congreso-regional-escolar-de-la-ciencia-y-la-tecnologia\/\" class=\"yoast-seo-meta-tag\" \/>\n<meta property=\"og:locale\" content=\"es_ES\" class=\"yoast-seo-meta-tag\" \/>\n<meta property=\"og:type\" content=\"article\" class=\"yoast-seo-meta-tag\" \/>\n<meta property=\"og:title\" content=\"Con gran marco de p\u00fablico se llev\u00f3 a cabo d\u00eda de presentaciones de stands en el Congreso Regional Escolar de la Ciencia y la Tecnolog\u00eda - Magallanes\" class=\"yoast-seo-meta-tag\" \/>\n<meta property=\"og:description\" content=\"&nbsp; Un centenar de escolares provenientes de Punta Arenas, Puerto Natales, Porvenir y Puerto Williams se encuentran participando del XX Congreso Regional Escolar de la Ciencia y la Tecnolog\u00eda (CRECyT) que se realiza en la Universidad de Magallanes. Este mi\u00e9rcoles 18 fue el turno para las presentaciones en modalidad stand, para lo cual se dispuso [&hellip;]\" class=\"yoast-seo-meta-tag\" \/>\n<meta property=\"og:url\" content=\"https:\/\/dev.explora.cl\/magallanes\/con-gran-marco-de-publico-se-llevo-a-cabo-dia-de-presentaciones-de-stands-en-el-congreso-regional-escolar-de-la-ciencia-y-la-tecnologia\/\" class=\"yoast-seo-meta-tag\" \/>\n<meta property=\"og:site_name\" content=\"Magallanes\" class=\"yoast-seo-meta-tag\" \/>\n<meta property=\"article:published_time\" content=\"2017-10-19T04:00:00+00:00\" class=\"yoast-seo-meta-tag\" \/>\n<meta property=\"article:modified_time\" content=\"2019-05-20T21:35:04+00:00\" class=\"yoast-seo-meta-tag\" \/>\n<meta property=\"og:image\" content=\"https:\/\/dev.explora.cl\/magallanes\/wp-content\/uploads\/sites\/19\/2018\/06\/Exposiciones_XX_Congreso_en_Patio_Cubierto.jpg\" class=\"yoast-seo-meta-tag\" \/>\n\t<meta property=\"og:image:width\" content=\"1024\" class=\"yoast-seo-meta-tag\" \/>\n\t<meta property=\"og:image:height\" content=\"683\" class=\"yoast-seo-meta-tag\" \/>\n\t<meta property=\"og:image:type\" content=\"image\/jpeg\" class=\"yoast-seo-meta-tag\" \/>\n<meta name=\"author\" content=\"webman\" class=\"yoast-seo-meta-tag\" \/>\n<meta name=\"twitter:card\" content=\"summary_large_image\" class=\"yoast-seo-meta-tag\" \/>\n<meta name=\"twitter:label1\" content=\"Escrito por\" class=\"yoast-seo-meta-tag\" \/>\n\t<meta name=\"twitter:data1\" content=\"webman\" class=\"yoast-seo-meta-tag\" \/>\n\t<meta name=\"twitter:label2\" content=\"Tiempo estimado de lectura\" class=\"yoast-seo-meta-tag\" \/>\n\t<meta name=\"twitter:data2\" content=\"5 minutos\" class=\"yoast-seo-meta-tag\" \/>\n<script type=\"application\/ld+json\" class=\"yoast-schema-graph\">{\"@context\":\"https:\/\/schema.org\",\"@graph\":[{\"@type\":\"Article\",\"@id\":\"https:\/\/dev.explora.cl\/magallanes\/con-gran-marco-de-publico-se-llevo-a-cabo-dia-de-presentaciones-de-stands-en-el-congreso-regional-escolar-de-la-ciencia-y-la-tecnologia\/#article\",\"isPartOf\":{\"@id\":\"https:\/\/dev.explora.cl\/magallanes\/con-gran-marco-de-publico-se-llevo-a-cabo-dia-de-presentaciones-de-stands-en-el-congreso-regional-escolar-de-la-ciencia-y-la-tecnologia\/\"},\"author\":{\"name\":\"webman\",\"@id\":\"https:\/\/dev.explora.cl\/magallanes\/#\/schema\/person\/cb8349c13ea2d324080adf8480d7ba5d\"},\"headline\":\"Con gran marco de p\u00fablico se llev\u00f3 a cabo d\u00eda de presentaciones de stands en el Congreso Regional Escolar de la Ciencia y la Tecnolog\u00eda\",\"datePublished\":\"2017-10-19T04:00:00+00:00\",\"dateModified\":\"2019-05-20T21:35:04+00:00\",\"mainEntityOfPage\":{\"@id\":\"https:\/\/dev.explora.cl\/magallanes\/con-gran-marco-de-publico-se-llevo-a-cabo-dia-de-presentaciones-de-stands-en-el-congreso-regional-escolar-de-la-ciencia-y-la-tecnologia\/\"},\"wordCount\":961,\"commentCount\":0,\"publisher\":{\"@id\":\"https:\/\/dev.explora.cl\/magallanes\/#organization\"},\"image\":{\"@id\":\"https:\/\/dev.explora.cl\/magallanes\/con-gran-marco-de-publico-se-llevo-a-cabo-dia-de-presentaciones-de-stands-en-el-congreso-regional-escolar-de-la-ciencia-y-la-tecnologia\/#primaryimage\"},\"thumbnailUrl\":\"https:\/\/dev.explora.cl\/magallanes\/wp-content\/uploads\/sites\/19\/2018\/06\/Exposiciones_XX_Congreso_en_Patio_Cubierto.jpg\",\"articleSection\":[\"Noticias\"],\"inLanguage\":\"es-CL\",\"potentialAction\":[{\"@type\":\"CommentAction\",\"name\":\"Comment\",\"target\":[\"https:\/\/dev.explora.cl\/magallanes\/con-gran-marco-de-publico-se-llevo-a-cabo-dia-de-presentaciones-de-stands-en-el-congreso-regional-escolar-de-la-ciencia-y-la-tecnologia\/#respond\"]}]},{\"@type\":\"WebPage\",\"@id\":\"https:\/\/dev.explora.cl\/magallanes\/con-gran-marco-de-publico-se-llevo-a-cabo-dia-de-presentaciones-de-stands-en-el-congreso-regional-escolar-de-la-ciencia-y-la-tecnologia\/\",\"url\":\"https:\/\/dev.explora.cl\/magallanes\/con-gran-marco-de-publico-se-llevo-a-cabo-dia-de-presentaciones-de-stands-en-el-congreso-regional-escolar-de-la-ciencia-y-la-tecnologia\/\",\"name\":\"Con gran marco de p\u00fablico se llev\u00f3 a cabo d\u00eda de presentaciones de stands en el Congreso Regional Escolar de la Ciencia y la Tecnolog\u00eda - Magallanes\",\"isPartOf\":{\"@id\":\"https:\/\/dev.explora.cl\/magallanes\/#website\"},\"primaryImageOfPage\":{\"@id\":\"https:\/\/dev.explora.cl\/magallanes\/con-gran-marco-de-publico-se-llevo-a-cabo-dia-de-presentaciones-de-stands-en-el-congreso-regional-escolar-de-la-ciencia-y-la-tecnologia\/#primaryimage\"},\"image\":{\"@id\":\"https:\/\/dev.explora.cl\/magallanes\/con-gran-marco-de-publico-se-llevo-a-cabo-dia-de-presentaciones-de-stands-en-el-congreso-regional-escolar-de-la-ciencia-y-la-tecnologia\/#primaryimage\"},\"thumbnailUrl\":\"https:\/\/dev.explora.cl\/magallanes\/wp-content\/uploads\/sites\/19\/2018\/06\/Exposiciones_XX_Congreso_en_Patio_Cubierto.jpg\",\"datePublished\":\"2017-10-19T04:00:00+00:00\",\"dateModified\":\"2019-05-20T21:35:04+00:00\",\"breadcrumb\":{\"@id\":\"https:\/\/dev.explora.cl\/magallanes\/con-gran-marco-de-publico-se-llevo-a-cabo-dia-de-presentaciones-de-stands-en-el-congreso-regional-escolar-de-la-ciencia-y-la-tecnologia\/#breadcrumb\"},\"inLanguage\":\"es-CL\",\"potentialAction\":[{\"@type\":\"ReadAction\",\"target\":[\"https:\/\/dev.explora.cl\/magallanes\/con-gran-marco-de-publico-se-llevo-a-cabo-dia-de-presentaciones-de-stands-en-el-congreso-regional-escolar-de-la-ciencia-y-la-tecnologia\/\"]}]},{\"@type\":\"ImageObject\",\"inLanguage\":\"es-CL\",\"@id\":\"https:\/\/dev.explora.cl\/magallanes\/con-gran-marco-de-publico-se-llevo-a-cabo-dia-de-presentaciones-de-stands-en-el-congreso-regional-escolar-de-la-ciencia-y-la-tecnologia\/#primaryimage\",\"url\":\"https:\/\/dev.explora.cl\/magallanes\/wp-content\/uploads\/sites\/19\/2018\/06\/Exposiciones_XX_Congreso_en_Patio_Cubierto.jpg\",\"contentUrl\":\"https:\/\/dev.explora.cl\/magallanes\/wp-content\/uploads\/sites\/19\/2018\/06\/Exposiciones_XX_Congreso_en_Patio_Cubierto.jpg\",\"width\":1024,\"height\":683},{\"@type\":\"BreadcrumbList\",\"@id\":\"https:\/\/dev.explora.cl\/magallanes\/con-gran-marco-de-publico-se-llevo-a-cabo-dia-de-presentaciones-de-stands-en-el-congreso-regional-escolar-de-la-ciencia-y-la-tecnologia\/#breadcrumb\",\"itemListElement\":[{\"@type\":\"ListItem\",\"position\":1,\"name\":\"Portada\",\"item\":\"https:\/\/dev.explora.cl\/magallanes\/\"},{\"@type\":\"ListItem\",\"position\":2,\"name\":\"Con gran marco de p\u00fablico se llev\u00f3 a cabo d\u00eda de presentaciones de stands en el Congreso Regional Escolar de la Ciencia y la Tecnolog\u00eda\"}]},{\"@type\":\"WebSite\",\"@id\":\"https:\/\/dev.explora.cl\/magallanes\/#website\",\"url\":\"https:\/\/dev.explora.cl\/magallanes\/\",\"name\":\"Magallanes\",\"description\":\"Otro sitio m\u00e1s de dev.explora.cl\",\"publisher\":{\"@id\":\"https:\/\/dev.explora.cl\/magallanes\/#organization\"},\"potentialAction\":[{\"@type\":\"SearchAction\",\"target\":{\"@type\":\"EntryPoint\",\"urlTemplate\":\"https:\/\/dev.explora.cl\/magallanes\/?s={search_term_string}\"},\"query-input\":{\"@type\":\"PropertyValueSpecification\",\"valueRequired\":true,\"valueName\":\"search_term_string\"}}],\"inLanguage\":\"es-CL\"},{\"@type\":\"Organization\",\"@id\":\"https:\/\/dev.explora.cl\/magallanes\/#organization\",\"name\":\"Magallanes\",\"url\":\"https:\/\/dev.explora.cl\/magallanes\/\",\"logo\":{\"@type\":\"ImageObject\",\"inLanguage\":\"es-CL\",\"@id\":\"https:\/\/dev.explora.cl\/magallanes\/#\/schema\/logo\/image\/\",\"url\":\"https:\/\/dev.explora.cl\/magallanes\/wp-content\/uploads\/sites\/19\/2021\/06\/cropped-ICONO-COLOR-2.jpg\",\"contentUrl\":\"https:\/\/dev.explora.cl\/magallanes\/wp-content\/uploads\/sites\/19\/2021\/06\/cropped-ICONO-COLOR-2.jpg\",\"width\":1181,\"height\":1181,\"caption\":\"Magallanes\"},\"image\":{\"@id\":\"https:\/\/dev.explora.cl\/magallanes\/#\/schema\/logo\/image\/\"}},{\"@type\":\"Person\",\"@id\":\"https:\/\/dev.explora.cl\/magallanes\/#\/schema\/person\/cb8349c13ea2d324080adf8480d7ba5d\",\"name\":\"webman\",\"image\":{\"@type\":\"ImageObject\",\"inLanguage\":\"es-CL\",\"@id\":\"https:\/\/dev.explora.cl\/magallanes\/#\/schema\/person\/image\/\",\"url\":\"https:\/\/secure.gravatar.com\/avatar\/eeff3c82f2c02f7177d13663b7e6f890e9a6a0647ce9bb29cae02dcb094c7312?s=96&d=mm&r=g\",\"contentUrl\":\"https:\/\/secure.gravatar.com\/avatar\/eeff3c82f2c02f7177d13663b7e6f890e9a6a0647ce9bb29cae02dcb094c7312?s=96&d=mm&r=g\",\"caption\":\"webman\"},\"url\":\"https:\/\/dev.explora.cl\/magallanes\/author\/webman\/\"}]}<\/script>\n<!-- \/ Yoast SEO plugin. -->","yoast_head_json":{"title":"Con gran marco de p\u00fablico se llev\u00f3 a cabo d\u00eda de presentaciones de stands en el Congreso Regional Escolar de la Ciencia y la Tecnolog\u00eda - Magallanes","robots":{"index":"index","follow":"follow","max-snippet":"max-snippet:-1","max-image-preview":"max-image-preview:large","max-video-preview":"max-video-preview:-1"},"canonical":"https:\/\/dev.explora.cl\/magallanes\/con-gran-marco-de-publico-se-llevo-a-cabo-dia-de-presentaciones-de-stands-en-el-congreso-regional-escolar-de-la-ciencia-y-la-tecnologia\/","og_locale":"es_ES","og_type":"article","og_title":"Con gran marco de p\u00fablico se llev\u00f3 a cabo d\u00eda de presentaciones de stands en el Congreso Regional Escolar de la Ciencia y la Tecnolog\u00eda - Magallanes","og_description":"&nbsp; Un centenar de escolares provenientes de Punta Arenas, Puerto Natales, Porvenir y Puerto Williams se encuentran participando del XX Congreso Regional Escolar de la Ciencia y la Tecnolog\u00eda (CRECyT) que se realiza en la Universidad de Magallanes. Este mi\u00e9rcoles 18 fue el turno para las presentaciones en modalidad stand, para lo cual se dispuso [&hellip;]","og_url":"https:\/\/dev.explora.cl\/magallanes\/con-gran-marco-de-publico-se-llevo-a-cabo-dia-de-presentaciones-de-stands-en-el-congreso-regional-escolar-de-la-ciencia-y-la-tecnologia\/","og_site_name":"Magallanes","article_published_time":"2017-10-19T04:00:00+00:00","article_modified_time":"2019-05-20T21:35:04+00:00","og_image":[{"width":1024,"height":683,"url":"https:\/\/dev.explora.cl\/magallanes\/wp-content\/uploads\/sites\/19\/2018\/06\/Exposiciones_XX_Congreso_en_Patio_Cubierto.jpg","type":"image\/jpeg"}],"author":"webman","twitter_card":"summary_large_image","twitter_misc":{"Escrito por":"webman","Tiempo estimado de lectura":"5 minutos"},"schema":{"@context":"https:\/\/schema.org","@graph":[{"@type":"Article","@id":"https:\/\/dev.explora.cl\/magallanes\/con-gran-marco-de-publico-se-llevo-a-cabo-dia-de-presentaciones-de-stands-en-el-congreso-regional-escolar-de-la-ciencia-y-la-tecnologia\/#article","isPartOf":{"@id":"https:\/\/dev.explora.cl\/magallanes\/con-gran-marco-de-publico-se-llevo-a-cabo-dia-de-presentaciones-de-stands-en-el-congreso-regional-escolar-de-la-ciencia-y-la-tecnologia\/"},"author":{"name":"webman","@id":"https:\/\/dev.explora.cl\/magallanes\/#\/schema\/person\/cb8349c13ea2d324080adf8480d7ba5d"},"headline":"Con gran marco de p\u00fablico se llev\u00f3 a cabo d\u00eda de presentaciones de stands en el Congreso Regional Escolar de la Ciencia y la Tecnolog\u00eda","datePublished":"2017-10-19T04:00:00+00:00","dateModified":"2019-05-20T21:35:04+00:00","mainEntityOfPage":{"@id":"https:\/\/dev.explora.cl\/magallanes\/con-gran-marco-de-publico-se-llevo-a-cabo-dia-de-presentaciones-de-stands-en-el-congreso-regional-escolar-de-la-ciencia-y-la-tecnologia\/"},"wordCount":961,"commentCount":0,"publisher":{"@id":"https:\/\/dev.explora.cl\/magallanes\/#organization"},"image":{"@id":"https:\/\/dev.explora.cl\/magallanes\/con-gran-marco-de-publico-se-llevo-a-cabo-dia-de-presentaciones-de-stands-en-el-congreso-regional-escolar-de-la-ciencia-y-la-tecnologia\/#primaryimage"},"thumbnailUrl":"https:\/\/dev.explora.cl\/magallanes\/wp-content\/uploads\/sites\/19\/2018\/06\/Exposiciones_XX_Congreso_en_Patio_Cubierto.jpg","articleSection":["Noticias"],"inLanguage":"es-CL","potentialAction":[{"@type":"CommentAction","name":"Comment","target":["https:\/\/dev.explora.cl\/magallanes\/con-gran-marco-de-publico-se-llevo-a-cabo-dia-de-presentaciones-de-stands-en-el-congreso-regional-escolar-de-la-ciencia-y-la-tecnologia\/#respond"]}]},{"@type":"WebPage","@id":"https:\/\/dev.explora.cl\/magallanes\/con-gran-marco-de-publico-se-llevo-a-cabo-dia-de-presentaciones-de-stands-en-el-congreso-regional-escolar-de-la-ciencia-y-la-tecnologia\/","url":"https:\/\/dev.explora.cl\/magallanes\/con-gran-marco-de-publico-se-llevo-a-cabo-dia-de-presentaciones-de-stands-en-el-congreso-regional-escolar-de-la-ciencia-y-la-tecnologia\/","name":"Con gran marco de p\u00fablico se llev\u00f3 a cabo d\u00eda de presentaciones de stands en el Congreso Regional Escolar de la Ciencia y la Tecnolog\u00eda - Magallanes","isPartOf":{"@id":"https:\/\/dev.explora.cl\/magallanes\/#website"},"primaryImageOfPage":{"@id":"https:\/\/dev.explora.cl\/magallanes\/con-gran-marco-de-publico-se-llevo-a-cabo-dia-de-presentaciones-de-stands-en-el-congreso-regional-escolar-de-la-ciencia-y-la-tecnologia\/#primaryimage"},"image":{"@id":"https:\/\/dev.explora.cl\/magallanes\/con-gran-marco-de-publico-se-llevo-a-cabo-dia-de-presentaciones-de-stands-en-el-congreso-regional-escolar-de-la-ciencia-y-la-tecnologia\/#primaryimage"},"thumbnailUrl":"https:\/\/dev.explora.cl\/magallanes\/wp-content\/uploads\/sites\/19\/2018\/06\/Exposiciones_XX_Congreso_en_Patio_Cubierto.jpg","datePublished":"2017-10-19T04:00:00+00:00","dateModified":"2019-05-20T21:35:04+00:00","breadcrumb":{"@id":"https:\/\/dev.explora.cl\/magallanes\/con-gran-marco-de-publico-se-llevo-a-cabo-dia-de-presentaciones-de-stands-en-el-congreso-regional-escolar-de-la-ciencia-y-la-tecnologia\/#breadcrumb"},"inLanguage":"es-CL","potentialAction":[{"@type":"ReadAction","target":["https:\/\/dev.explora.cl\/magallanes\/con-gran-marco-de-publico-se-llevo-a-cabo-dia-de-presentaciones-de-stands-en-el-congreso-regional-escolar-de-la-ciencia-y-la-tecnologia\/"]}]},{"@type":"ImageObject","inLanguage":"es-CL","@id":"https:\/\/dev.explora.cl\/magallanes\/con-gran-marco-de-publico-se-llevo-a-cabo-dia-de-presentaciones-de-stands-en-el-congreso-regional-escolar-de-la-ciencia-y-la-tecnologia\/#primaryimage","url":"https:\/\/dev.explora.cl\/magallanes\/wp-content\/uploads\/sites\/19\/2018\/06\/Exposiciones_XX_Congreso_en_Patio_Cubierto.jpg","contentUrl":"https:\/\/dev.explora.cl\/magallanes\/wp-content\/uploads\/sites\/19\/2018\/06\/Exposiciones_XX_Congreso_en_Patio_Cubierto.jpg","width":1024,"height":683},{"@type":"BreadcrumbList","@id":"https:\/\/dev.explora.cl\/magallanes\/con-gran-marco-de-publico-se-llevo-a-cabo-dia-de-presentaciones-de-stands-en-el-congreso-regional-escolar-de-la-ciencia-y-la-tecnologia\/#breadcrumb","itemListElement":[{"@type":"ListItem","position":1,"name":"Portada","item":"https:\/\/dev.explora.cl\/magallanes\/"},{"@type":"ListItem","position":2,"name":"Con gran marco de p\u00fablico se llev\u00f3 a cabo d\u00eda de presentaciones de stands en el Congreso Regional Escolar de la Ciencia y la Tecnolog\u00eda"}]},{"@type":"WebSite","@id":"https:\/\/dev.explora.cl\/magallanes\/#website","url":"https:\/\/dev.explora.cl\/magallanes\/","name":"Magallanes","description":"Otro sitio m\u00e1s de dev.explora.cl","publisher":{"@id":"https:\/\/dev.explora.cl\/magallanes\/#organization"},"potentialAction":[{"@type":"SearchAction","target":{"@type":"EntryPoint","urlTemplate":"https:\/\/dev.explora.cl\/magallanes\/?s={search_term_string}"},"query-input":{"@type":"PropertyValueSpecification","valueRequired":true,"valueName":"search_term_string"}}],"inLanguage":"es-CL"},{"@type":"Organization","@id":"https:\/\/dev.explora.cl\/magallanes\/#organization","name":"Magallanes","url":"https:\/\/dev.explora.cl\/magallanes\/","logo":{"@type":"ImageObject","inLanguage":"es-CL","@id":"https:\/\/dev.explora.cl\/magallanes\/#\/schema\/logo\/image\/","url":"https:\/\/dev.explora.cl\/magallanes\/wp-content\/uploads\/sites\/19\/2021\/06\/cropped-ICONO-COLOR-2.jpg","contentUrl":"https:\/\/dev.explora.cl\/magallanes\/wp-content\/uploads\/sites\/19\/2021\/06\/cropped-ICONO-COLOR-2.jpg","width":1181,"height":1181,"caption":"Magallanes"},"image":{"@id":"https:\/\/dev.explora.cl\/magallanes\/#\/schema\/logo\/image\/"}},{"@type":"Person","@id":"https:\/\/dev.explora.cl\/magallanes\/#\/schema\/person\/cb8349c13ea2d324080adf8480d7ba5d","name":"webman","image":{"@type":"ImageObject","inLanguage":"es-CL","@id":"https:\/\/dev.explora.cl\/magallanes\/#\/schema\/person\/image\/","url":"https:\/\/secure.gravatar.com\/avatar\/eeff3c82f2c02f7177d13663b7e6f890e9a6a0647ce9bb29cae02dcb094c7312?s=96&d=mm&r=g","contentUrl":"https:\/\/secure.gravatar.com\/avatar\/eeff3c82f2c02f7177d13663b7e6f890e9a6a0647ce9bb29cae02dcb094c7312?s=96&d=mm&r=g","caption":"webman"},"url":"https:\/\/dev.explora.cl\/magallanes\/author\/webman\/"}]}},"_links":{"self":[{"href":"https:\/\/dev.explora.cl\/magallanes\/wp-json\/wp\/v2\/posts\/810","targetHints":{"allow":["GET"]}}],"collection":[{"href":"https:\/\/dev.explora.cl\/magallanes\/wp-json\/wp\/v2\/posts"}],"about":[{"href":"https:\/\/dev.explora.cl\/magallanes\/wp-json\/wp\/v2\/types\/post"}],"author":[{"embeddable":true,"href":"https:\/\/dev.explora.cl\/magallanes\/wp-json\/wp\/v2\/users\/2"}],"replies":[{"embeddable":true,"href":"https:\/\/dev.explora.cl\/magallanes\/wp-json\/wp\/v2\/comments?post=810"}],"version-history":[{"count":1,"href":"https:\/\/dev.explora.cl\/magallanes\/wp-json\/wp\/v2\/posts\/810\/revisions"}],"predecessor-version":[{"id":37651,"href":"https:\/\/dev.explora.cl\/magallanes\/wp-json\/wp\/v2\/posts\/810\/revisions\/37651"}],"wp:featuredmedia":[{"embeddable":true,"href":"https:\/\/dev.explora.cl\/magallanes\/wp-json\/wp\/v2\/media\/811"}],"wp:attachment":[{"href":"https:\/\/dev.explora.cl\/magallanes\/wp-json\/wp\/v2\/media?parent=810"}],"wp:term":[{"taxonomy":"category","embeddable":true,"href":"https:\/\/dev.explora.cl\/magallanes\/wp-json\/wp\/v2\/categories?post=810"},{"taxonomy":"post_tag","embeddable":true,"href":"https:\/\/dev.explora.cl\/magallanes\/wp-json\/wp\/v2\/tags?post=810"}],"curies":[{"name":"wp","href":"https:\/\/api.w.org\/{rel}","templated":true}]}}