{"id":808,"date":"2017-10-18T00:00:00","date_gmt":"2017-10-18T04:00:00","guid":{"rendered":"https:\/\/dev.explora.cl\/magallanes\/blog\/2017\/10\/18\/inauguran-xx-congreso-regional-escolar-de-la-ciencia-y-la-tecnologia\/"},"modified":"2019-05-20T21:35:05","modified_gmt":"2019-05-20T21:35:05","slug":"inauguran-xx-congreso-regional-escolar-de-la-ciencia-y-la-tecnologia","status":"publish","type":"post","link":"https:\/\/dev.explora.cl\/magallanes\/inauguran-xx-congreso-regional-escolar-de-la-ciencia-y-la-tecnologia\/","title":{"rendered":"Inauguran XX Congreso Regional Escolar de la Ciencia y la Tecnolog\u00eda"},"content":{"rendered":"<p><img loading=\"lazy\" decoding=\"async\" class=\" size-full wp-image-28446\" src=\"http:\/\/ec2-54-245-22-188.us-west-2.compute.amazonaws.com\/wp-content\/uploads\/2017\/10\/inauguracion_congreso_regional.jpg\" alt=\"\" width=\"1024\" height=\"683\" \/><\/p>\n<p>Cuarenta y ocho investigaciones escolares dar\u00e1n vida a la XX versi\u00f3n del Congreso Regional de la Ciencia y la Tecnolog\u00eda (CRECyT) que tradicionalmente organiza el PAR Explora de CONICYT Magallanes y de la Ant\u00e1rtica Chilena de la Universidad de Magallanes.<\/p>\n<p>El certamen fue inaugurado este martes 17 en el Auditorio Ernesto Livacic, y cont\u00f3 con la distinguida presencia de autoridades regionales, representantes de instituciones relacionadas con la Ciencia, evaluadores cient\u00edficos, acad\u00e9micos UMAG, adem\u00e1s de los estudiantes participantes, sus profesores gu\u00edas y apoderados.<\/p>\n<p>La directora regional del PAR Explora Magallanes y acad\u00e9mica UMAG, Margarita Garrido Espinoza, fue la encargada de abrir esta emotiva ceremonia, dando a entender al p\u00fablico presente, la importancia de cumplir veinte a\u00f1os incentivando a ni\u00f1os y j\u00f3venes a desarrollar investigaciones cient\u00edficas escolares. Inst\u00f3 adem\u00e1s, a los estudiantes a continuar la senda del conocimiento, y a convertirse en futuros hombres y mujeres de Ciencia.<\/p>\n<p>La emoci\u00f3n se sigui\u00f3 apoderando del masivo evento, ya que se present\u00f3 un video resumen de los veinte a\u00f1os del Congreso Regional Escolar, recopilaci\u00f3n audiovisual que estuvo a cargo del asesor cient\u00edfico del PAR Explora Magallanes y bi\u00f3logo de vida silvestre, Ricardo Guineo. El registro incluy\u00f3 im\u00e1genes de los integrantes Asociaci\u00f3n Cient\u00edfica de J\u00f3venes Magall\u00e1nicos, de los primeros ganadores y sus proyectos, y as\u00ed hasta llegar a exhibir lo que ocurri\u00f3 en la versi\u00f3n pasada del CRECyT.<\/p>\n<p>Tambi\u00e9n se presentaron los integrantes del Cuarteto de Cuerdas del Conservatorio de la Universidad de Magallanes, quienes interpretaron: \u201cLa jardinera de Violeta Parra\u201d \u201cDust in the wind de Kansas\u201d y \u201cAllegro\u201d de Jean Joseph Fiocco.<\/p>\n<p>\u201cCaramba y Zamba la cosa, que viva toda la Ciencia\u201d, tal como la canci\u00f3n \u201cQue vivan los estudiantes\u201d de la cantautora Violeta Parra, fue el nombre de la ponencia del Director (S) del Instituto Ant\u00e1rtico Chileno, Edgardo Vega, que encant\u00f3 a los ni\u00f1os y j\u00f3venes, a trav\u00e9s de diferentes experimentos y bajo la premisa de que la Ciencia nos cambia la vida.<\/p>\n<p>Para finalizar el acto y dar inicio al CRECyT, se invit\u00f3 a los integrantes de la Agrupaci\u00f3n Cuequera Esmeralda, quienes deleitaron al p\u00fablico asistente con un esquinazo.<\/p>\n<p><strong>Exposici\u00f3n en stands<\/strong><\/p>\n<p>Para este mi\u00e9rcoles 18,&nbsp; los participantes expondr\u00e1n sus investigaciones en modalidad stand a los establecimientos educacionales de Punta Arenas, evaluadores cient\u00edficos y p\u00fablico general. Esta actividad se llevar\u00e1 a cabo en el Patio Cubierto de las Facultades de Ingenier\u00eda y Ciencias de la Universidad de Magallanes en horario de 09.30 a 13 y de 14.30 a 18 horas.<\/p>\n","protected":false},"excerpt":{"rendered":"<p>Cuarenta y ocho investigaciones escolares dar\u00e1n vida a la XX versi\u00f3n del Congreso Regional de la Ciencia y la Tecnolog\u00eda (CRECyT) que tradicionalmente organiza el PAR Explora de CONICYT Magallanes y de la Ant\u00e1rtica Chilena de la Universidad de Magallanes. El certamen fue inaugurado este martes 17 en el Auditorio Ernesto Livacic, y cont\u00f3 con [&hellip;]<\/p>\n","protected":false},"author":2,"featured_media":809,"comment_status":"open","ping_status":"open","sticky":false,"template":"","format":"standard","meta":{"_acf_changed":false,"_exactmetrics_skip_tracking":false,"_exactmetrics_sitenote_active":false,"_exactmetrics_sitenote_note":"","_exactmetrics_sitenote_category":0,"footnotes":"","_links_to":"","_links_to_target":""},"categories":[4],"tags":[],"class_list":["post-808","post","type-post","status-publish","format-standard","has-post-thumbnail","hentry","category-noticias"],"acf":[],"yoast_head":"<!-- This site is optimized with the Yoast SEO plugin v26.7 - https:\/\/yoast.com\/wordpress\/plugins\/seo\/ -->\n<title>Inauguran XX Congreso Regional Escolar de la Ciencia y la Tecnolog\u00eda - Magallanes<\/title>\n<meta name=\"robots\" content=\"index, follow, max-snippet:-1, max-image-preview:large, max-video-preview:-1\" \/>\n<link rel=\"canonical\" href=\"https:\/\/dev.explora.cl\/magallanes\/inauguran-xx-congreso-regional-escolar-de-la-ciencia-y-la-tecnologia\/\" class=\"yoast-seo-meta-tag\" \/>\n<meta property=\"og:locale\" content=\"es_ES\" class=\"yoast-seo-meta-tag\" \/>\n<meta property=\"og:type\" content=\"article\" class=\"yoast-seo-meta-tag\" \/>\n<meta property=\"og:title\" content=\"Inauguran XX Congreso Regional Escolar de la Ciencia y la Tecnolog\u00eda - Magallanes\" class=\"yoast-seo-meta-tag\" \/>\n<meta property=\"og:description\" content=\"Cuarenta y ocho investigaciones escolares dar\u00e1n vida a la XX versi\u00f3n del Congreso Regional de la Ciencia y la Tecnolog\u00eda (CRECyT) que tradicionalmente organiza el PAR Explora de CONICYT Magallanes y de la Ant\u00e1rtica Chilena de la Universidad de Magallanes. El certamen fue inaugurado este martes 17 en el Auditorio Ernesto Livacic, y cont\u00f3 con [&hellip;]\" class=\"yoast-seo-meta-tag\" \/>\n<meta property=\"og:url\" content=\"https:\/\/dev.explora.cl\/magallanes\/inauguran-xx-congreso-regional-escolar-de-la-ciencia-y-la-tecnologia\/\" class=\"yoast-seo-meta-tag\" \/>\n<meta property=\"og:site_name\" content=\"Magallanes\" class=\"yoast-seo-meta-tag\" \/>\n<meta property=\"article:published_time\" content=\"2017-10-18T04:00:00+00:00\" class=\"yoast-seo-meta-tag\" \/>\n<meta property=\"article:modified_time\" content=\"2019-05-20T21:35:05+00:00\" class=\"yoast-seo-meta-tag\" \/>\n<meta property=\"og:image\" content=\"https:\/\/dev.explora.cl\/magallanes\/wp-content\/uploads\/sites\/19\/2018\/06\/inauguracion_congreso_regional.jpg\" class=\"yoast-seo-meta-tag\" \/>\n\t<meta property=\"og:image:width\" content=\"1024\" class=\"yoast-seo-meta-tag\" \/>\n\t<meta property=\"og:image:height\" content=\"683\" class=\"yoast-seo-meta-tag\" \/>\n\t<meta property=\"og:image:type\" content=\"image\/jpeg\" class=\"yoast-seo-meta-tag\" \/>\n<meta name=\"author\" content=\"webman\" class=\"yoast-seo-meta-tag\" \/>\n<meta name=\"twitter:card\" content=\"summary_large_image\" class=\"yoast-seo-meta-tag\" \/>\n<meta name=\"twitter:label1\" content=\"Escrito por\" class=\"yoast-seo-meta-tag\" \/>\n\t<meta name=\"twitter:data1\" content=\"webman\" class=\"yoast-seo-meta-tag\" \/>\n\t<meta name=\"twitter:label2\" content=\"Tiempo estimado de lectura\" class=\"yoast-seo-meta-tag\" \/>\n\t<meta name=\"twitter:data2\" content=\"2 minutos\" class=\"yoast-seo-meta-tag\" \/>\n<script type=\"application\/ld+json\" class=\"yoast-schema-graph\">{\"@context\":\"https:\/\/schema.org\",\"@graph\":[{\"@type\":\"Article\",\"@id\":\"https:\/\/dev.explora.cl\/magallanes\/inauguran-xx-congreso-regional-escolar-de-la-ciencia-y-la-tecnologia\/#article\",\"isPartOf\":{\"@id\":\"https:\/\/dev.explora.cl\/magallanes\/inauguran-xx-congreso-regional-escolar-de-la-ciencia-y-la-tecnologia\/\"},\"author\":{\"name\":\"webman\",\"@id\":\"https:\/\/dev.explora.cl\/magallanes\/#\/schema\/person\/cb8349c13ea2d324080adf8480d7ba5d\"},\"headline\":\"Inauguran XX Congreso Regional Escolar de la Ciencia y la Tecnolog\u00eda\",\"datePublished\":\"2017-10-18T04:00:00+00:00\",\"dateModified\":\"2019-05-20T21:35:05+00:00\",\"mainEntityOfPage\":{\"@id\":\"https:\/\/dev.explora.cl\/magallanes\/inauguran-xx-congreso-regional-escolar-de-la-ciencia-y-la-tecnologia\/\"},\"wordCount\":455,\"commentCount\":0,\"publisher\":{\"@id\":\"https:\/\/dev.explora.cl\/magallanes\/#organization\"},\"image\":{\"@id\":\"https:\/\/dev.explora.cl\/magallanes\/inauguran-xx-congreso-regional-escolar-de-la-ciencia-y-la-tecnologia\/#primaryimage\"},\"thumbnailUrl\":\"https:\/\/dev.explora.cl\/magallanes\/wp-content\/uploads\/sites\/19\/2018\/06\/inauguracion_congreso_regional.jpg\",\"articleSection\":[\"Noticias\"],\"inLanguage\":\"es-CL\",\"potentialAction\":[{\"@type\":\"CommentAction\",\"name\":\"Comment\",\"target\":[\"https:\/\/dev.explora.cl\/magallanes\/inauguran-xx-congreso-regional-escolar-de-la-ciencia-y-la-tecnologia\/#respond\"]}]},{\"@type\":\"WebPage\",\"@id\":\"https:\/\/dev.explora.cl\/magallanes\/inauguran-xx-congreso-regional-escolar-de-la-ciencia-y-la-tecnologia\/\",\"url\":\"https:\/\/dev.explora.cl\/magallanes\/inauguran-xx-congreso-regional-escolar-de-la-ciencia-y-la-tecnologia\/\",\"name\":\"Inauguran XX Congreso Regional Escolar de la Ciencia y la Tecnolog\u00eda - Magallanes\",\"isPartOf\":{\"@id\":\"https:\/\/dev.explora.cl\/magallanes\/#website\"},\"primaryImageOfPage\":{\"@id\":\"https:\/\/dev.explora.cl\/magallanes\/inauguran-xx-congreso-regional-escolar-de-la-ciencia-y-la-tecnologia\/#primaryimage\"},\"image\":{\"@id\":\"https:\/\/dev.explora.cl\/magallanes\/inauguran-xx-congreso-regional-escolar-de-la-ciencia-y-la-tecnologia\/#primaryimage\"},\"thumbnailUrl\":\"https:\/\/dev.explora.cl\/magallanes\/wp-content\/uploads\/sites\/19\/2018\/06\/inauguracion_congreso_regional.jpg\",\"datePublished\":\"2017-10-18T04:00:00+00:00\",\"dateModified\":\"2019-05-20T21:35:05+00:00\",\"breadcrumb\":{\"@id\":\"https:\/\/dev.explora.cl\/magallanes\/inauguran-xx-congreso-regional-escolar-de-la-ciencia-y-la-tecnologia\/#breadcrumb\"},\"inLanguage\":\"es-CL\",\"potentialAction\":[{\"@type\":\"ReadAction\",\"target\":[\"https:\/\/dev.explora.cl\/magallanes\/inauguran-xx-congreso-regional-escolar-de-la-ciencia-y-la-tecnologia\/\"]}]},{\"@type\":\"ImageObject\",\"inLanguage\":\"es-CL\",\"@id\":\"https:\/\/dev.explora.cl\/magallanes\/inauguran-xx-congreso-regional-escolar-de-la-ciencia-y-la-tecnologia\/#primaryimage\",\"url\":\"https:\/\/dev.explora.cl\/magallanes\/wp-content\/uploads\/sites\/19\/2018\/06\/inauguracion_congreso_regional.jpg\",\"contentUrl\":\"https:\/\/dev.explora.cl\/magallanes\/wp-content\/uploads\/sites\/19\/2018\/06\/inauguracion_congreso_regional.jpg\",\"width\":1024,\"height\":683},{\"@type\":\"BreadcrumbList\",\"@id\":\"https:\/\/dev.explora.cl\/magallanes\/inauguran-xx-congreso-regional-escolar-de-la-ciencia-y-la-tecnologia\/#breadcrumb\",\"itemListElement\":[{\"@type\":\"ListItem\",\"position\":1,\"name\":\"Portada\",\"item\":\"https:\/\/dev.explora.cl\/magallanes\/\"},{\"@type\":\"ListItem\",\"position\":2,\"name\":\"Inauguran XX Congreso Regional Escolar de la Ciencia y la Tecnolog\u00eda\"}]},{\"@type\":\"WebSite\",\"@id\":\"https:\/\/dev.explora.cl\/magallanes\/#website\",\"url\":\"https:\/\/dev.explora.cl\/magallanes\/\",\"name\":\"Magallanes\",\"description\":\"Otro sitio m\u00e1s de dev.explora.cl\",\"publisher\":{\"@id\":\"https:\/\/dev.explora.cl\/magallanes\/#organization\"},\"potentialAction\":[{\"@type\":\"SearchAction\",\"target\":{\"@type\":\"EntryPoint\",\"urlTemplate\":\"https:\/\/dev.explora.cl\/magallanes\/?s={search_term_string}\"},\"query-input\":{\"@type\":\"PropertyValueSpecification\",\"valueRequired\":true,\"valueName\":\"search_term_string\"}}],\"inLanguage\":\"es-CL\"},{\"@type\":\"Organization\",\"@id\":\"https:\/\/dev.explora.cl\/magallanes\/#organization\",\"name\":\"Magallanes\",\"url\":\"https:\/\/dev.explora.cl\/magallanes\/\",\"logo\":{\"@type\":\"ImageObject\",\"inLanguage\":\"es-CL\",\"@id\":\"https:\/\/dev.explora.cl\/magallanes\/#\/schema\/logo\/image\/\",\"url\":\"https:\/\/dev.explora.cl\/magallanes\/wp-content\/uploads\/sites\/19\/2021\/06\/cropped-ICONO-COLOR-2.jpg\",\"contentUrl\":\"https:\/\/dev.explora.cl\/magallanes\/wp-content\/uploads\/sites\/19\/2021\/06\/cropped-ICONO-COLOR-2.jpg\",\"width\":1181,\"height\":1181,\"caption\":\"Magallanes\"},\"image\":{\"@id\":\"https:\/\/dev.explora.cl\/magallanes\/#\/schema\/logo\/image\/\"}},{\"@type\":\"Person\",\"@id\":\"https:\/\/dev.explora.cl\/magallanes\/#\/schema\/person\/cb8349c13ea2d324080adf8480d7ba5d\",\"name\":\"webman\",\"image\":{\"@type\":\"ImageObject\",\"inLanguage\":\"es-CL\",\"@id\":\"https:\/\/dev.explora.cl\/magallanes\/#\/schema\/person\/image\/\",\"url\":\"https:\/\/secure.gravatar.com\/avatar\/eeff3c82f2c02f7177d13663b7e6f890e9a6a0647ce9bb29cae02dcb094c7312?s=96&d=mm&r=g\",\"contentUrl\":\"https:\/\/secure.gravatar.com\/avatar\/eeff3c82f2c02f7177d13663b7e6f890e9a6a0647ce9bb29cae02dcb094c7312?s=96&d=mm&r=g\",\"caption\":\"webman\"},\"url\":\"https:\/\/dev.explora.cl\/magallanes\/author\/webman\/\"}]}<\/script>\n<!-- \/ Yoast SEO plugin. -->","yoast_head_json":{"title":"Inauguran XX Congreso Regional Escolar de la Ciencia y la Tecnolog\u00eda - Magallanes","robots":{"index":"index","follow":"follow","max-snippet":"max-snippet:-1","max-image-preview":"max-image-preview:large","max-video-preview":"max-video-preview:-1"},"canonical":"https:\/\/dev.explora.cl\/magallanes\/inauguran-xx-congreso-regional-escolar-de-la-ciencia-y-la-tecnologia\/","og_locale":"es_ES","og_type":"article","og_title":"Inauguran XX Congreso Regional Escolar de la Ciencia y la Tecnolog\u00eda - Magallanes","og_description":"Cuarenta y ocho investigaciones escolares dar\u00e1n vida a la XX versi\u00f3n del Congreso Regional de la Ciencia y la Tecnolog\u00eda (CRECyT) que tradicionalmente organiza el PAR Explora de CONICYT Magallanes y de la Ant\u00e1rtica Chilena de la Universidad de Magallanes. El certamen fue inaugurado este martes 17 en el Auditorio Ernesto Livacic, y cont\u00f3 con [&hellip;]","og_url":"https:\/\/dev.explora.cl\/magallanes\/inauguran-xx-congreso-regional-escolar-de-la-ciencia-y-la-tecnologia\/","og_site_name":"Magallanes","article_published_time":"2017-10-18T04:00:00+00:00","article_modified_time":"2019-05-20T21:35:05+00:00","og_image":[{"width":1024,"height":683,"url":"https:\/\/dev.explora.cl\/magallanes\/wp-content\/uploads\/sites\/19\/2018\/06\/inauguracion_congreso_regional.jpg","type":"image\/jpeg"}],"author":"webman","twitter_card":"summary_large_image","twitter_misc":{"Escrito por":"webman","Tiempo estimado de lectura":"2 minutos"},"schema":{"@context":"https:\/\/schema.org","@graph":[{"@type":"Article","@id":"https:\/\/dev.explora.cl\/magallanes\/inauguran-xx-congreso-regional-escolar-de-la-ciencia-y-la-tecnologia\/#article","isPartOf":{"@id":"https:\/\/dev.explora.cl\/magallanes\/inauguran-xx-congreso-regional-escolar-de-la-ciencia-y-la-tecnologia\/"},"author":{"name":"webman","@id":"https:\/\/dev.explora.cl\/magallanes\/#\/schema\/person\/cb8349c13ea2d324080adf8480d7ba5d"},"headline":"Inauguran XX Congreso Regional Escolar de la Ciencia y la Tecnolog\u00eda","datePublished":"2017-10-18T04:00:00+00:00","dateModified":"2019-05-20T21:35:05+00:00","mainEntityOfPage":{"@id":"https:\/\/dev.explora.cl\/magallanes\/inauguran-xx-congreso-regional-escolar-de-la-ciencia-y-la-tecnologia\/"},"wordCount":455,"commentCount":0,"publisher":{"@id":"https:\/\/dev.explora.cl\/magallanes\/#organization"},"image":{"@id":"https:\/\/dev.explora.cl\/magallanes\/inauguran-xx-congreso-regional-escolar-de-la-ciencia-y-la-tecnologia\/#primaryimage"},"thumbnailUrl":"https:\/\/dev.explora.cl\/magallanes\/wp-content\/uploads\/sites\/19\/2018\/06\/inauguracion_congreso_regional.jpg","articleSection":["Noticias"],"inLanguage":"es-CL","potentialAction":[{"@type":"CommentAction","name":"Comment","target":["https:\/\/dev.explora.cl\/magallanes\/inauguran-xx-congreso-regional-escolar-de-la-ciencia-y-la-tecnologia\/#respond"]}]},{"@type":"WebPage","@id":"https:\/\/dev.explora.cl\/magallanes\/inauguran-xx-congreso-regional-escolar-de-la-ciencia-y-la-tecnologia\/","url":"https:\/\/dev.explora.cl\/magallanes\/inauguran-xx-congreso-regional-escolar-de-la-ciencia-y-la-tecnologia\/","name":"Inauguran XX Congreso Regional Escolar de la Ciencia y la Tecnolog\u00eda - Magallanes","isPartOf":{"@id":"https:\/\/dev.explora.cl\/magallanes\/#website"},"primaryImageOfPage":{"@id":"https:\/\/dev.explora.cl\/magallanes\/inauguran-xx-congreso-regional-escolar-de-la-ciencia-y-la-tecnologia\/#primaryimage"},"image":{"@id":"https:\/\/dev.explora.cl\/magallanes\/inauguran-xx-congreso-regional-escolar-de-la-ciencia-y-la-tecnologia\/#primaryimage"},"thumbnailUrl":"https:\/\/dev.explora.cl\/magallanes\/wp-content\/uploads\/sites\/19\/2018\/06\/inauguracion_congreso_regional.jpg","datePublished":"2017-10-18T04:00:00+00:00","dateModified":"2019-05-20T21:35:05+00:00","breadcrumb":{"@id":"https:\/\/dev.explora.cl\/magallanes\/inauguran-xx-congreso-regional-escolar-de-la-ciencia-y-la-tecnologia\/#breadcrumb"},"inLanguage":"es-CL","potentialAction":[{"@type":"ReadAction","target":["https:\/\/dev.explora.cl\/magallanes\/inauguran-xx-congreso-regional-escolar-de-la-ciencia-y-la-tecnologia\/"]}]},{"@type":"ImageObject","inLanguage":"es-CL","@id":"https:\/\/dev.explora.cl\/magallanes\/inauguran-xx-congreso-regional-escolar-de-la-ciencia-y-la-tecnologia\/#primaryimage","url":"https:\/\/dev.explora.cl\/magallanes\/wp-content\/uploads\/sites\/19\/2018\/06\/inauguracion_congreso_regional.jpg","contentUrl":"https:\/\/dev.explora.cl\/magallanes\/wp-content\/uploads\/sites\/19\/2018\/06\/inauguracion_congreso_regional.jpg","width":1024,"height":683},{"@type":"BreadcrumbList","@id":"https:\/\/dev.explora.cl\/magallanes\/inauguran-xx-congreso-regional-escolar-de-la-ciencia-y-la-tecnologia\/#breadcrumb","itemListElement":[{"@type":"ListItem","position":1,"name":"Portada","item":"https:\/\/dev.explora.cl\/magallanes\/"},{"@type":"ListItem","position":2,"name":"Inauguran XX Congreso Regional Escolar de la Ciencia y la Tecnolog\u00eda"}]},{"@type":"WebSite","@id":"https:\/\/dev.explora.cl\/magallanes\/#website","url":"https:\/\/dev.explora.cl\/magallanes\/","name":"Magallanes","description":"Otro sitio m\u00e1s de dev.explora.cl","publisher":{"@id":"https:\/\/dev.explora.cl\/magallanes\/#organization"},"potentialAction":[{"@type":"SearchAction","target":{"@type":"EntryPoint","urlTemplate":"https:\/\/dev.explora.cl\/magallanes\/?s={search_term_string}"},"query-input":{"@type":"PropertyValueSpecification","valueRequired":true,"valueName":"search_term_string"}}],"inLanguage":"es-CL"},{"@type":"Organization","@id":"https:\/\/dev.explora.cl\/magallanes\/#organization","name":"Magallanes","url":"https:\/\/dev.explora.cl\/magallanes\/","logo":{"@type":"ImageObject","inLanguage":"es-CL","@id":"https:\/\/dev.explora.cl\/magallanes\/#\/schema\/logo\/image\/","url":"https:\/\/dev.explora.cl\/magallanes\/wp-content\/uploads\/sites\/19\/2021\/06\/cropped-ICONO-COLOR-2.jpg","contentUrl":"https:\/\/dev.explora.cl\/magallanes\/wp-content\/uploads\/sites\/19\/2021\/06\/cropped-ICONO-COLOR-2.jpg","width":1181,"height":1181,"caption":"Magallanes"},"image":{"@id":"https:\/\/dev.explora.cl\/magallanes\/#\/schema\/logo\/image\/"}},{"@type":"Person","@id":"https:\/\/dev.explora.cl\/magallanes\/#\/schema\/person\/cb8349c13ea2d324080adf8480d7ba5d","name":"webman","image":{"@type":"ImageObject","inLanguage":"es-CL","@id":"https:\/\/dev.explora.cl\/magallanes\/#\/schema\/person\/image\/","url":"https:\/\/secure.gravatar.com\/avatar\/eeff3c82f2c02f7177d13663b7e6f890e9a6a0647ce9bb29cae02dcb094c7312?s=96&d=mm&r=g","contentUrl":"https:\/\/secure.gravatar.com\/avatar\/eeff3c82f2c02f7177d13663b7e6f890e9a6a0647ce9bb29cae02dcb094c7312?s=96&d=mm&r=g","caption":"webman"},"url":"https:\/\/dev.explora.cl\/magallanes\/author\/webman\/"}]}},"_links":{"self":[{"href":"https:\/\/dev.explora.cl\/magallanes\/wp-json\/wp\/v2\/posts\/808","targetHints":{"allow":["GET"]}}],"collection":[{"href":"https:\/\/dev.explora.cl\/magallanes\/wp-json\/wp\/v2\/posts"}],"about":[{"href":"https:\/\/dev.explora.cl\/magallanes\/wp-json\/wp\/v2\/types\/post"}],"author":[{"embeddable":true,"href":"https:\/\/dev.explora.cl\/magallanes\/wp-json\/wp\/v2\/users\/2"}],"replies":[{"embeddable":true,"href":"https:\/\/dev.explora.cl\/magallanes\/wp-json\/wp\/v2\/comments?post=808"}],"version-history":[{"count":1,"href":"https:\/\/dev.explora.cl\/magallanes\/wp-json\/wp\/v2\/posts\/808\/revisions"}],"predecessor-version":[{"id":37652,"href":"https:\/\/dev.explora.cl\/magallanes\/wp-json\/wp\/v2\/posts\/808\/revisions\/37652"}],"wp:featuredmedia":[{"embeddable":true,"href":"https:\/\/dev.explora.cl\/magallanes\/wp-json\/wp\/v2\/media\/809"}],"wp:attachment":[{"href":"https:\/\/dev.explora.cl\/magallanes\/wp-json\/wp\/v2\/media?parent=808"}],"wp:term":[{"taxonomy":"category","embeddable":true,"href":"https:\/\/dev.explora.cl\/magallanes\/wp-json\/wp\/v2\/categories?post=808"},{"taxonomy":"post_tag","embeddable":true,"href":"https:\/\/dev.explora.cl\/magallanes\/wp-json\/wp\/v2\/tags?post=808"}],"curies":[{"name":"wp","href":"https:\/\/api.w.org\/{rel}","templated":true}]}}