{"id":806,"date":"2017-10-16T00:00:00","date_gmt":"2017-10-16T04:00:00","guid":{"rendered":"https:\/\/dev.explora.cl\/magallanes\/blog\/2017\/10\/16\/muestra-itinerante-antartica-extrema-arriba-a-puerto-natales\/"},"modified":"2019-05-20T21:35:06","modified_gmt":"2019-05-20T21:35:06","slug":"muestra-itinerante-antartica-extrema-arriba-a-puerto-natales","status":"publish","type":"post","link":"https:\/\/dev.explora.cl\/magallanes\/muestra-itinerante-antartica-extrema-arriba-a-puerto-natales\/","title":{"rendered":"Muestra itinerante Ant\u00e1rtica Extrema arriba a Puerto Natales"},"content":{"rendered":"<p><img loading=\"lazy\" decoding=\"async\" class=\" size-full wp-image-28392\" src=\"http:\/\/ec2-54-245-22-188.us-west-2.compute.amazonaws.com\/wp-content\/uploads\/2017\/10\/Antartica_Extrema_-_Puerto_Natales.jpg\" alt=\"\" width=\"960\" height=\"720\" \/><\/p>\n<p><img loading=\"lazy\" decoding=\"async\" class=\" size-full wp-image-28392\" src=\"http:\/\/ec2-54-245-22-188.us-west-2.compute.amazonaws.com\/wp-content\/uploads\/2017\/10\/Antartica_Extrema_-_Puerto_Natales.jpg\" alt=\"Antartica Extrema Puerto Natales\" width=\"960\" height=\"720\" \/><\/p>\n<p>La semana pasada estuvo en el Gimnasio del Liceo Gabriela Mistral, y este martes y mi\u00e9rcoles estar\u00e1 en las dependencias de la Escuela Coronel Santiago Bueras. Nos referimos a la muestra itinerante Ant\u00e1rtica Extrema del PAR Explora de CONICYT Magallanes y de la Ant\u00e1rtica Chilena de la Universidad de Magallanes que encanta a sus visitantes con las maravillas del Continente Blanco.<\/p>\n<p>Del mi\u00e9rcoles 11 al viernes 13, la comunidad educativa del Liceo Gabriela Mistral y grupos de escolares del Liceo Polit\u00e9cnico Luis Cruz Mart\u00ednez pudieron aprender sobre historia, geolog\u00eda, caracter\u00edsticas de la Ant\u00e1rtica, flora y fauna, entre otras materias.<\/p>\n<p>La encargada de Vinculaci\u00f3n Escolar, Katherine Barr\u00eda Quintana, destac\u00f3 la grata acogida que recibieron esta primera semana en Puerto Natales: \u201cNos fue s\u00faper bien, tuvimos la visita de todo el establecimiento a la exposici\u00f3n, adem\u00e1s de algunos cursos del Liceo Luis Cruz Mart\u00ednez. Recibimos una gran acogida por parte de ellos, nos gust\u00f3 y nos emocion\u00f3 harto el inter\u00e9s que tuvieron los estudiantes del Liceo, de las preguntas que hac\u00edan y de la participaci\u00f3n. En especial, queremos realizar un agradecimiento al director (Luis Andrade) y al profesor Mariano Benavente, este \u00faltimo fue el que gestion\u00f3 nuestra visita y estuvo atento a lo que nosotros necesit\u00e1ramos\u201d &nbsp;<\/p>\n<p>A contar de este martes 17 y por esta semana hasta el mi\u00e9rcoles 18 de 08.30 a 13 horas y de 14 a 15.30 horas, la exhibici\u00f3n estar\u00e1 en la Escuela Coronel Santiago Bueras. Luego se retoma el d\u00eda lunes 23 hasta el mi\u00e9rcoles 25. \u201cLo importante de la pr\u00f3xima semana es que ah\u00ed se realiza el Mini Congreso que se va a hacer en la Escuela Santiago Bueras y donde participan p\u00e1rvulos y escolares de primer ciclo b\u00e1sico, por lo que vamos a tener una gran convocatoria de ese p\u00fablico. Estamos muy contentos por eso\u201d, expres\u00f3 la encargada adem\u00e1s de indicar que esta es la \u00faltima comuna en su recorrido, ya que en abril a julio estuvieron en distintos establecimientos de Punta Arenas, luego en agosto montaron en Puerto Williams y en Porvenir.<\/p>\n<p>Adem\u00e1s de Ant\u00e1rtica Extrema, tambi\u00e9n se itinera la iniciativa M\u00e1gico ChileMIO de la Universidad de Concepci\u00f3n, donde los ni\u00f1os y j\u00f3venes pueden aprender sobre las maravillas de los oc\u00e9anos, por medio de una plataforma tecnol\u00f3gica que ostenta un mapa interactivo oceanogr\u00e1fico, juegos, aplicaciones para celulares de realidad aumentada y virtual. &nbsp;<\/p>\n","protected":false},"excerpt":{"rendered":"<p>La semana pasada estuvo en el Gimnasio del Liceo Gabriela Mistral, y este martes y mi\u00e9rcoles estar\u00e1 en las dependencias de la Escuela Coronel Santiago Bueras. Nos referimos a la muestra itinerante Ant\u00e1rtica Extrema del PAR Explora de CONICYT Magallanes y de la Ant\u00e1rtica Chilena de la Universidad de Magallanes que encanta a sus visitantes [&hellip;]<\/p>\n","protected":false},"author":2,"featured_media":807,"comment_status":"open","ping_status":"open","sticky":false,"template":"","format":"standard","meta":{"_acf_changed":false,"_exactmetrics_skip_tracking":false,"_exactmetrics_sitenote_active":false,"_exactmetrics_sitenote_note":"","_exactmetrics_sitenote_category":0,"footnotes":"","_links_to":"","_links_to_target":""},"categories":[4],"tags":[],"class_list":["post-806","post","type-post","status-publish","format-standard","has-post-thumbnail","hentry","category-noticias"],"acf":[],"yoast_head":"<!-- This site is optimized with the Yoast SEO plugin v26.7 - https:\/\/yoast.com\/wordpress\/plugins\/seo\/ -->\n<title>Muestra itinerante Ant\u00e1rtica Extrema arriba a Puerto Natales - Magallanes<\/title>\n<meta name=\"robots\" content=\"index, follow, max-snippet:-1, max-image-preview:large, max-video-preview:-1\" \/>\n<link rel=\"canonical\" href=\"https:\/\/dev.explora.cl\/magallanes\/muestra-itinerante-antartica-extrema-arriba-a-puerto-natales\/\" class=\"yoast-seo-meta-tag\" \/>\n<meta property=\"og:locale\" content=\"es_ES\" class=\"yoast-seo-meta-tag\" \/>\n<meta property=\"og:type\" content=\"article\" class=\"yoast-seo-meta-tag\" \/>\n<meta property=\"og:title\" content=\"Muestra itinerante Ant\u00e1rtica Extrema arriba a Puerto Natales - Magallanes\" class=\"yoast-seo-meta-tag\" \/>\n<meta property=\"og:description\" content=\"La semana pasada estuvo en el Gimnasio del Liceo Gabriela Mistral, y este martes y mi\u00e9rcoles estar\u00e1 en las dependencias de la Escuela Coronel Santiago Bueras. Nos referimos a la muestra itinerante Ant\u00e1rtica Extrema del PAR Explora de CONICYT Magallanes y de la Ant\u00e1rtica Chilena de la Universidad de Magallanes que encanta a sus visitantes [&hellip;]\" class=\"yoast-seo-meta-tag\" \/>\n<meta property=\"og:url\" content=\"https:\/\/dev.explora.cl\/magallanes\/muestra-itinerante-antartica-extrema-arriba-a-puerto-natales\/\" class=\"yoast-seo-meta-tag\" \/>\n<meta property=\"og:site_name\" content=\"Magallanes\" class=\"yoast-seo-meta-tag\" \/>\n<meta property=\"article:published_time\" content=\"2017-10-16T04:00:00+00:00\" class=\"yoast-seo-meta-tag\" \/>\n<meta property=\"article:modified_time\" content=\"2019-05-20T21:35:06+00:00\" class=\"yoast-seo-meta-tag\" \/>\n<meta property=\"og:image\" content=\"https:\/\/dev.explora.cl\/magallanes\/wp-content\/uploads\/sites\/19\/2018\/06\/Antartica_Extrema_-_Puerto_Natales.jpg\" class=\"yoast-seo-meta-tag\" \/>\n\t<meta property=\"og:image:width\" content=\"960\" class=\"yoast-seo-meta-tag\" \/>\n\t<meta property=\"og:image:height\" content=\"720\" class=\"yoast-seo-meta-tag\" \/>\n\t<meta property=\"og:image:type\" content=\"image\/jpeg\" class=\"yoast-seo-meta-tag\" \/>\n<meta name=\"author\" content=\"webman\" class=\"yoast-seo-meta-tag\" \/>\n<meta name=\"twitter:card\" content=\"summary_large_image\" class=\"yoast-seo-meta-tag\" \/>\n<meta name=\"twitter:label1\" content=\"Escrito por\" class=\"yoast-seo-meta-tag\" \/>\n\t<meta name=\"twitter:data1\" content=\"webman\" class=\"yoast-seo-meta-tag\" \/>\n\t<meta name=\"twitter:label2\" content=\"Tiempo estimado de lectura\" class=\"yoast-seo-meta-tag\" \/>\n\t<meta name=\"twitter:data2\" content=\"2 minutos\" class=\"yoast-seo-meta-tag\" \/>\n<script type=\"application\/ld+json\" class=\"yoast-schema-graph\">{\"@context\":\"https:\/\/schema.org\",\"@graph\":[{\"@type\":\"Article\",\"@id\":\"https:\/\/dev.explora.cl\/magallanes\/muestra-itinerante-antartica-extrema-arriba-a-puerto-natales\/#article\",\"isPartOf\":{\"@id\":\"https:\/\/dev.explora.cl\/magallanes\/muestra-itinerante-antartica-extrema-arriba-a-puerto-natales\/\"},\"author\":{\"name\":\"webman\",\"@id\":\"https:\/\/dev.explora.cl\/magallanes\/#\/schema\/person\/cb8349c13ea2d324080adf8480d7ba5d\"},\"headline\":\"Muestra itinerante Ant\u00e1rtica Extrema arriba a Puerto Natales\",\"datePublished\":\"2017-10-16T04:00:00+00:00\",\"dateModified\":\"2019-05-20T21:35:06+00:00\",\"mainEntityOfPage\":{\"@id\":\"https:\/\/dev.explora.cl\/magallanes\/muestra-itinerante-antartica-extrema-arriba-a-puerto-natales\/\"},\"wordCount\":427,\"commentCount\":0,\"publisher\":{\"@id\":\"https:\/\/dev.explora.cl\/magallanes\/#organization\"},\"image\":{\"@id\":\"https:\/\/dev.explora.cl\/magallanes\/muestra-itinerante-antartica-extrema-arriba-a-puerto-natales\/#primaryimage\"},\"thumbnailUrl\":\"https:\/\/dev.explora.cl\/magallanes\/wp-content\/uploads\/sites\/19\/2018\/06\/Antartica_Extrema_-_Puerto_Natales.jpg\",\"articleSection\":[\"Noticias\"],\"inLanguage\":\"es-CL\",\"potentialAction\":[{\"@type\":\"CommentAction\",\"name\":\"Comment\",\"target\":[\"https:\/\/dev.explora.cl\/magallanes\/muestra-itinerante-antartica-extrema-arriba-a-puerto-natales\/#respond\"]}]},{\"@type\":\"WebPage\",\"@id\":\"https:\/\/dev.explora.cl\/magallanes\/muestra-itinerante-antartica-extrema-arriba-a-puerto-natales\/\",\"url\":\"https:\/\/dev.explora.cl\/magallanes\/muestra-itinerante-antartica-extrema-arriba-a-puerto-natales\/\",\"name\":\"Muestra itinerante Ant\u00e1rtica Extrema arriba a Puerto Natales - Magallanes\",\"isPartOf\":{\"@id\":\"https:\/\/dev.explora.cl\/magallanes\/#website\"},\"primaryImageOfPage\":{\"@id\":\"https:\/\/dev.explora.cl\/magallanes\/muestra-itinerante-antartica-extrema-arriba-a-puerto-natales\/#primaryimage\"},\"image\":{\"@id\":\"https:\/\/dev.explora.cl\/magallanes\/muestra-itinerante-antartica-extrema-arriba-a-puerto-natales\/#primaryimage\"},\"thumbnailUrl\":\"https:\/\/dev.explora.cl\/magallanes\/wp-content\/uploads\/sites\/19\/2018\/06\/Antartica_Extrema_-_Puerto_Natales.jpg\",\"datePublished\":\"2017-10-16T04:00:00+00:00\",\"dateModified\":\"2019-05-20T21:35:06+00:00\",\"breadcrumb\":{\"@id\":\"https:\/\/dev.explora.cl\/magallanes\/muestra-itinerante-antartica-extrema-arriba-a-puerto-natales\/#breadcrumb\"},\"inLanguage\":\"es-CL\",\"potentialAction\":[{\"@type\":\"ReadAction\",\"target\":[\"https:\/\/dev.explora.cl\/magallanes\/muestra-itinerante-antartica-extrema-arriba-a-puerto-natales\/\"]}]},{\"@type\":\"ImageObject\",\"inLanguage\":\"es-CL\",\"@id\":\"https:\/\/dev.explora.cl\/magallanes\/muestra-itinerante-antartica-extrema-arriba-a-puerto-natales\/#primaryimage\",\"url\":\"https:\/\/dev.explora.cl\/magallanes\/wp-content\/uploads\/sites\/19\/2018\/06\/Antartica_Extrema_-_Puerto_Natales.jpg\",\"contentUrl\":\"https:\/\/dev.explora.cl\/magallanes\/wp-content\/uploads\/sites\/19\/2018\/06\/Antartica_Extrema_-_Puerto_Natales.jpg\",\"width\":960,\"height\":720,\"caption\":\"Antartica Extrema Puerto Natales\"},{\"@type\":\"BreadcrumbList\",\"@id\":\"https:\/\/dev.explora.cl\/magallanes\/muestra-itinerante-antartica-extrema-arriba-a-puerto-natales\/#breadcrumb\",\"itemListElement\":[{\"@type\":\"ListItem\",\"position\":1,\"name\":\"Portada\",\"item\":\"https:\/\/dev.explora.cl\/magallanes\/\"},{\"@type\":\"ListItem\",\"position\":2,\"name\":\"Muestra itinerante Ant\u00e1rtica Extrema arriba a Puerto Natales\"}]},{\"@type\":\"WebSite\",\"@id\":\"https:\/\/dev.explora.cl\/magallanes\/#website\",\"url\":\"https:\/\/dev.explora.cl\/magallanes\/\",\"name\":\"Magallanes\",\"description\":\"Otro sitio m\u00e1s de dev.explora.cl\",\"publisher\":{\"@id\":\"https:\/\/dev.explora.cl\/magallanes\/#organization\"},\"potentialAction\":[{\"@type\":\"SearchAction\",\"target\":{\"@type\":\"EntryPoint\",\"urlTemplate\":\"https:\/\/dev.explora.cl\/magallanes\/?s={search_term_string}\"},\"query-input\":{\"@type\":\"PropertyValueSpecification\",\"valueRequired\":true,\"valueName\":\"search_term_string\"}}],\"inLanguage\":\"es-CL\"},{\"@type\":\"Organization\",\"@id\":\"https:\/\/dev.explora.cl\/magallanes\/#organization\",\"name\":\"Magallanes\",\"url\":\"https:\/\/dev.explora.cl\/magallanes\/\",\"logo\":{\"@type\":\"ImageObject\",\"inLanguage\":\"es-CL\",\"@id\":\"https:\/\/dev.explora.cl\/magallanes\/#\/schema\/logo\/image\/\",\"url\":\"https:\/\/dev.explora.cl\/magallanes\/wp-content\/uploads\/sites\/19\/2021\/06\/cropped-ICONO-COLOR-2.jpg\",\"contentUrl\":\"https:\/\/dev.explora.cl\/magallanes\/wp-content\/uploads\/sites\/19\/2021\/06\/cropped-ICONO-COLOR-2.jpg\",\"width\":1181,\"height\":1181,\"caption\":\"Magallanes\"},\"image\":{\"@id\":\"https:\/\/dev.explora.cl\/magallanes\/#\/schema\/logo\/image\/\"}},{\"@type\":\"Person\",\"@id\":\"https:\/\/dev.explora.cl\/magallanes\/#\/schema\/person\/cb8349c13ea2d324080adf8480d7ba5d\",\"name\":\"webman\",\"image\":{\"@type\":\"ImageObject\",\"inLanguage\":\"es-CL\",\"@id\":\"https:\/\/dev.explora.cl\/magallanes\/#\/schema\/person\/image\/\",\"url\":\"https:\/\/secure.gravatar.com\/avatar\/eeff3c82f2c02f7177d13663b7e6f890e9a6a0647ce9bb29cae02dcb094c7312?s=96&d=mm&r=g\",\"contentUrl\":\"https:\/\/secure.gravatar.com\/avatar\/eeff3c82f2c02f7177d13663b7e6f890e9a6a0647ce9bb29cae02dcb094c7312?s=96&d=mm&r=g\",\"caption\":\"webman\"},\"url\":\"https:\/\/dev.explora.cl\/magallanes\/author\/webman\/\"}]}<\/script>\n<!-- \/ Yoast SEO plugin. -->","yoast_head_json":{"title":"Muestra itinerante Ant\u00e1rtica Extrema arriba a Puerto Natales - Magallanes","robots":{"index":"index","follow":"follow","max-snippet":"max-snippet:-1","max-image-preview":"max-image-preview:large","max-video-preview":"max-video-preview:-1"},"canonical":"https:\/\/dev.explora.cl\/magallanes\/muestra-itinerante-antartica-extrema-arriba-a-puerto-natales\/","og_locale":"es_ES","og_type":"article","og_title":"Muestra itinerante Ant\u00e1rtica Extrema arriba a Puerto Natales - Magallanes","og_description":"La semana pasada estuvo en el Gimnasio del Liceo Gabriela Mistral, y este martes y mi\u00e9rcoles estar\u00e1 en las dependencias de la Escuela Coronel Santiago Bueras. Nos referimos a la muestra itinerante Ant\u00e1rtica Extrema del PAR Explora de CONICYT Magallanes y de la Ant\u00e1rtica Chilena de la Universidad de Magallanes que encanta a sus visitantes [&hellip;]","og_url":"https:\/\/dev.explora.cl\/magallanes\/muestra-itinerante-antartica-extrema-arriba-a-puerto-natales\/","og_site_name":"Magallanes","article_published_time":"2017-10-16T04:00:00+00:00","article_modified_time":"2019-05-20T21:35:06+00:00","og_image":[{"width":960,"height":720,"url":"https:\/\/dev.explora.cl\/magallanes\/wp-content\/uploads\/sites\/19\/2018\/06\/Antartica_Extrema_-_Puerto_Natales.jpg","type":"image\/jpeg"}],"author":"webman","twitter_card":"summary_large_image","twitter_misc":{"Escrito por":"webman","Tiempo estimado de lectura":"2 minutos"},"schema":{"@context":"https:\/\/schema.org","@graph":[{"@type":"Article","@id":"https:\/\/dev.explora.cl\/magallanes\/muestra-itinerante-antartica-extrema-arriba-a-puerto-natales\/#article","isPartOf":{"@id":"https:\/\/dev.explora.cl\/magallanes\/muestra-itinerante-antartica-extrema-arriba-a-puerto-natales\/"},"author":{"name":"webman","@id":"https:\/\/dev.explora.cl\/magallanes\/#\/schema\/person\/cb8349c13ea2d324080adf8480d7ba5d"},"headline":"Muestra itinerante Ant\u00e1rtica Extrema arriba a Puerto Natales","datePublished":"2017-10-16T04:00:00+00:00","dateModified":"2019-05-20T21:35:06+00:00","mainEntityOfPage":{"@id":"https:\/\/dev.explora.cl\/magallanes\/muestra-itinerante-antartica-extrema-arriba-a-puerto-natales\/"},"wordCount":427,"commentCount":0,"publisher":{"@id":"https:\/\/dev.explora.cl\/magallanes\/#organization"},"image":{"@id":"https:\/\/dev.explora.cl\/magallanes\/muestra-itinerante-antartica-extrema-arriba-a-puerto-natales\/#primaryimage"},"thumbnailUrl":"https:\/\/dev.explora.cl\/magallanes\/wp-content\/uploads\/sites\/19\/2018\/06\/Antartica_Extrema_-_Puerto_Natales.jpg","articleSection":["Noticias"],"inLanguage":"es-CL","potentialAction":[{"@type":"CommentAction","name":"Comment","target":["https:\/\/dev.explora.cl\/magallanes\/muestra-itinerante-antartica-extrema-arriba-a-puerto-natales\/#respond"]}]},{"@type":"WebPage","@id":"https:\/\/dev.explora.cl\/magallanes\/muestra-itinerante-antartica-extrema-arriba-a-puerto-natales\/","url":"https:\/\/dev.explora.cl\/magallanes\/muestra-itinerante-antartica-extrema-arriba-a-puerto-natales\/","name":"Muestra itinerante Ant\u00e1rtica Extrema arriba a Puerto Natales - Magallanes","isPartOf":{"@id":"https:\/\/dev.explora.cl\/magallanes\/#website"},"primaryImageOfPage":{"@id":"https:\/\/dev.explora.cl\/magallanes\/muestra-itinerante-antartica-extrema-arriba-a-puerto-natales\/#primaryimage"},"image":{"@id":"https:\/\/dev.explora.cl\/magallanes\/muestra-itinerante-antartica-extrema-arriba-a-puerto-natales\/#primaryimage"},"thumbnailUrl":"https:\/\/dev.explora.cl\/magallanes\/wp-content\/uploads\/sites\/19\/2018\/06\/Antartica_Extrema_-_Puerto_Natales.jpg","datePublished":"2017-10-16T04:00:00+00:00","dateModified":"2019-05-20T21:35:06+00:00","breadcrumb":{"@id":"https:\/\/dev.explora.cl\/magallanes\/muestra-itinerante-antartica-extrema-arriba-a-puerto-natales\/#breadcrumb"},"inLanguage":"es-CL","potentialAction":[{"@type":"ReadAction","target":["https:\/\/dev.explora.cl\/magallanes\/muestra-itinerante-antartica-extrema-arriba-a-puerto-natales\/"]}]},{"@type":"ImageObject","inLanguage":"es-CL","@id":"https:\/\/dev.explora.cl\/magallanes\/muestra-itinerante-antartica-extrema-arriba-a-puerto-natales\/#primaryimage","url":"https:\/\/dev.explora.cl\/magallanes\/wp-content\/uploads\/sites\/19\/2018\/06\/Antartica_Extrema_-_Puerto_Natales.jpg","contentUrl":"https:\/\/dev.explora.cl\/magallanes\/wp-content\/uploads\/sites\/19\/2018\/06\/Antartica_Extrema_-_Puerto_Natales.jpg","width":960,"height":720,"caption":"Antartica Extrema Puerto Natales"},{"@type":"BreadcrumbList","@id":"https:\/\/dev.explora.cl\/magallanes\/muestra-itinerante-antartica-extrema-arriba-a-puerto-natales\/#breadcrumb","itemListElement":[{"@type":"ListItem","position":1,"name":"Portada","item":"https:\/\/dev.explora.cl\/magallanes\/"},{"@type":"ListItem","position":2,"name":"Muestra itinerante Ant\u00e1rtica Extrema arriba a Puerto Natales"}]},{"@type":"WebSite","@id":"https:\/\/dev.explora.cl\/magallanes\/#website","url":"https:\/\/dev.explora.cl\/magallanes\/","name":"Magallanes","description":"Otro sitio m\u00e1s de dev.explora.cl","publisher":{"@id":"https:\/\/dev.explora.cl\/magallanes\/#organization"},"potentialAction":[{"@type":"SearchAction","target":{"@type":"EntryPoint","urlTemplate":"https:\/\/dev.explora.cl\/magallanes\/?s={search_term_string}"},"query-input":{"@type":"PropertyValueSpecification","valueRequired":true,"valueName":"search_term_string"}}],"inLanguage":"es-CL"},{"@type":"Organization","@id":"https:\/\/dev.explora.cl\/magallanes\/#organization","name":"Magallanes","url":"https:\/\/dev.explora.cl\/magallanes\/","logo":{"@type":"ImageObject","inLanguage":"es-CL","@id":"https:\/\/dev.explora.cl\/magallanes\/#\/schema\/logo\/image\/","url":"https:\/\/dev.explora.cl\/magallanes\/wp-content\/uploads\/sites\/19\/2021\/06\/cropped-ICONO-COLOR-2.jpg","contentUrl":"https:\/\/dev.explora.cl\/magallanes\/wp-content\/uploads\/sites\/19\/2021\/06\/cropped-ICONO-COLOR-2.jpg","width":1181,"height":1181,"caption":"Magallanes"},"image":{"@id":"https:\/\/dev.explora.cl\/magallanes\/#\/schema\/logo\/image\/"}},{"@type":"Person","@id":"https:\/\/dev.explora.cl\/magallanes\/#\/schema\/person\/cb8349c13ea2d324080adf8480d7ba5d","name":"webman","image":{"@type":"ImageObject","inLanguage":"es-CL","@id":"https:\/\/dev.explora.cl\/magallanes\/#\/schema\/person\/image\/","url":"https:\/\/secure.gravatar.com\/avatar\/eeff3c82f2c02f7177d13663b7e6f890e9a6a0647ce9bb29cae02dcb094c7312?s=96&d=mm&r=g","contentUrl":"https:\/\/secure.gravatar.com\/avatar\/eeff3c82f2c02f7177d13663b7e6f890e9a6a0647ce9bb29cae02dcb094c7312?s=96&d=mm&r=g","caption":"webman"},"url":"https:\/\/dev.explora.cl\/magallanes\/author\/webman\/"}]}},"_links":{"self":[{"href":"https:\/\/dev.explora.cl\/magallanes\/wp-json\/wp\/v2\/posts\/806","targetHints":{"allow":["GET"]}}],"collection":[{"href":"https:\/\/dev.explora.cl\/magallanes\/wp-json\/wp\/v2\/posts"}],"about":[{"href":"https:\/\/dev.explora.cl\/magallanes\/wp-json\/wp\/v2\/types\/post"}],"author":[{"embeddable":true,"href":"https:\/\/dev.explora.cl\/magallanes\/wp-json\/wp\/v2\/users\/2"}],"replies":[{"embeddable":true,"href":"https:\/\/dev.explora.cl\/magallanes\/wp-json\/wp\/v2\/comments?post=806"}],"version-history":[{"count":1,"href":"https:\/\/dev.explora.cl\/magallanes\/wp-json\/wp\/v2\/posts\/806\/revisions"}],"predecessor-version":[{"id":37653,"href":"https:\/\/dev.explora.cl\/magallanes\/wp-json\/wp\/v2\/posts\/806\/revisions\/37653"}],"wp:featuredmedia":[{"embeddable":true,"href":"https:\/\/dev.explora.cl\/magallanes\/wp-json\/wp\/v2\/media\/807"}],"wp:attachment":[{"href":"https:\/\/dev.explora.cl\/magallanes\/wp-json\/wp\/v2\/media?parent=806"}],"wp:term":[{"taxonomy":"category","embeddable":true,"href":"https:\/\/dev.explora.cl\/magallanes\/wp-json\/wp\/v2\/categories?post=806"},{"taxonomy":"post_tag","embeddable":true,"href":"https:\/\/dev.explora.cl\/magallanes\/wp-json\/wp\/v2\/tags?post=806"}],"curies":[{"name":"wp","href":"https:\/\/api.w.org\/{rel}","templated":true}]}}