{"id":798,"date":"2017-10-11T00:00:00","date_gmt":"2017-10-11T04:00:00","guid":{"rendered":"https:\/\/dev.explora.cl\/magallanes\/blog\/2017\/10\/11\/primer-seminario-de-genero-mujeres-inspiradoras-de-la-patagonia-reunio-a-exponentes-de-las-ciencias-sociales-y-exactas\/"},"modified":"2019-05-20T21:35:07","modified_gmt":"2019-05-20T21:35:07","slug":"primer-seminario-de-genero-mujeres-inspiradoras-de-la-patagonia-reunio-a-exponentes-de-las-ciencias-sociales-y-exactas","status":"publish","type":"post","link":"https:\/\/dev.explora.cl\/magallanes\/primer-seminario-de-genero-mujeres-inspiradoras-de-la-patagonia-reunio-a-exponentes-de-las-ciencias-sociales-y-exactas\/","title":{"rendered":"Primer seminario de g\u00e9nero \u201cMujeres inspiradoras de la Patagonia\u201d reuni\u00f3 a exponentes de las Ciencias Sociales y Exactas"},"content":{"rendered":"<p><img loading=\"lazy\" decoding=\"async\" class=\" size-full wp-image-28280\" src=\"http:\/\/ec2-54-245-22-188.us-west-2.compute.amazonaws.com\/wp-content\/uploads\/2017\/10\/Seminario_de_G%C3%A9nero_Mujeres_Inspiradoras_de_la_Patagonia.JPG\" alt=\"\" width=\"1024\" height=\"683\" \/><\/p>\n<p><img loading=\"lazy\" decoding=\"async\" class=\" size-full wp-image-28280\" src=\"http:\/\/ec2-54-245-22-188.us-west-2.compute.amazonaws.com\/wp-content\/uploads\/2017\/10\/Seminario_de_G%C3%A9nero_Mujeres_Inspiradoras_de_la_Patagonia.JPG\" alt=\"En el Seminario de G\u00e9nero Mujeres Inspiradoras de la Patagonia participaron cuatro exponentes de las Ciencias Sociales y Exactas\" width=\"1024\" height=\"683\" \/><\/p>\n<p>Con un importante marco de p\u00fablico compuesto por estudiantes de educaci\u00f3n media, representantes femeninas de diferentes instituciones y p\u00fablico en general se llev\u00f3 a cabo el Primer Seminario de Equidad de G\u00e9nero \u201cMujeres Inspiradoras de la Patagonia\u201d del Proyecto Asociativo Regional (PAR) Explora de CONICYT Magallanes y de la Ant\u00e1rtica Chilena de la Universidad de Magallanes y con la importante colaboraci\u00f3n del Instituto Nacional de Derechos Humanos (INDH).<\/p>\n<p>Actividad que estuvo enmarcada dentro del programa de la XXIII Semana Nacional de la Ciencia y la Tecnolog\u00eda, y que fue un espacio de an\u00e1lisis y discusi\u00f3n de las mujeres en los \u00e1mbitos de las Ciencias tanto exactas como sociales en nuestra zona. Adem\u00e1s de poder discutir su v\u00ednculo con la sociedad y como ellas han contribuido en su quehacer al desarrollo de nuestra regi\u00f3n.<\/p>\n<p>La jornada comenz\u00f3 a las 09.30 horas en el Auditorio Ernesto Livacic de la Universidad de Magallanes con la ponencia de la doctora en Ciencias Qu\u00edmicas, primera decana mujer y acad\u00e9mica de esa casa de estudios, Dra. Mar\u00eda Soledad Astorga Espa\u00f1a, qui\u00e9n relat\u00f3 sus experiencias y cont\u00f3 c\u00f3mo es trabajar en Ciencia e Investigaci\u00f3n en la Regi\u00f3n siendo mujer.&nbsp;<\/p>\n<p>Luego se dio paso a la exhibici\u00f3n de un extracto del documental \u201cMujeres Notables de la Patagonia\u201d de la investigadora, productora audiovisual y miembro de la Agrupaci\u00f3n de Audiovisualistas de la Regi\u00f3n de Magallanes, Caroline Pavez Torrealba. Filme que entreg\u00f3 al p\u00fablico asistente una interesante perspectiva de los principales logros de las mujeres magall\u00e1nicas en el \u00e1mbito profesional, deportivo, cultural y pol\u00edtico donde algunas de las protagonistas han tenido papeles relevantes en hechos hist\u00f3ricos de la Regi\u00f3n. &nbsp;<\/p>\n<p>Posteriormente se dio inicio al panel de discusi\u00f3n con mujeres destacadas, donde se invit\u00f3 nuevamente a la Dra. Mar\u00eda Soledad Astorga y a Caroline Pavez Torrealba; y se convoc\u00f3 a las acad\u00e9micas de la Universidad de Magallanes, Dra. Ingrid Hebel Carre\u00f1o (destacada en Ciencias Agropecuarias) y a la Dra. Ximena Soto Castro (Servicio Social). Entre otras materias en este espacio se convers\u00f3 sobre los principales obst\u00e1culos que deben enfrentar las mujeres en el mundo laboral y las pol\u00edticas p\u00fablicas que se deben elaborar para insertar a m\u00e1s mujeres en este espacio.<\/p>\n<p>Asimismo, los participantes valoraron ampliamente esta oportunidad, quedando latente el compromiso de contribuir su granito de arena en la tem\u00e1tica de g\u00e9nero.<\/p>\n","protected":false},"excerpt":{"rendered":"<p>Con un importante marco de p\u00fablico compuesto por estudiantes de educaci\u00f3n media, representantes femeninas de diferentes instituciones y p\u00fablico en general se llev\u00f3 a cabo el Primer Seminario de Equidad de G\u00e9nero \u201cMujeres Inspiradoras de la Patagonia\u201d del Proyecto Asociativo Regional (PAR) Explora de CONICYT Magallanes y de la Ant\u00e1rtica Chilena de la Universidad de [&hellip;]<\/p>\n","protected":false},"author":2,"featured_media":799,"comment_status":"open","ping_status":"open","sticky":false,"template":"","format":"standard","meta":{"_acf_changed":false,"_exactmetrics_skip_tracking":false,"_exactmetrics_sitenote_active":false,"_exactmetrics_sitenote_note":"","_exactmetrics_sitenote_category":0,"footnotes":"","_links_to":"","_links_to_target":""},"categories":[4],"tags":[],"class_list":["post-798","post","type-post","status-publish","format-standard","has-post-thumbnail","hentry","category-noticias"],"acf":[],"yoast_head":"<!-- This site is optimized with the Yoast SEO plugin v26.7 - https:\/\/yoast.com\/wordpress\/plugins\/seo\/ -->\n<title>Primer seminario de g\u00e9nero \u201cMujeres inspiradoras de la Patagonia\u201d reuni\u00f3 a exponentes de las Ciencias Sociales y Exactas - Magallanes<\/title>\n<meta name=\"robots\" content=\"index, follow, max-snippet:-1, max-image-preview:large, max-video-preview:-1\" \/>\n<link rel=\"canonical\" href=\"https:\/\/dev.explora.cl\/magallanes\/primer-seminario-de-genero-mujeres-inspiradoras-de-la-patagonia-reunio-a-exponentes-de-las-ciencias-sociales-y-exactas\/\" class=\"yoast-seo-meta-tag\" \/>\n<meta property=\"og:locale\" content=\"es_ES\" class=\"yoast-seo-meta-tag\" \/>\n<meta property=\"og:type\" content=\"article\" class=\"yoast-seo-meta-tag\" \/>\n<meta property=\"og:title\" content=\"Primer seminario de g\u00e9nero \u201cMujeres inspiradoras de la Patagonia\u201d reuni\u00f3 a exponentes de las Ciencias Sociales y Exactas - Magallanes\" class=\"yoast-seo-meta-tag\" \/>\n<meta property=\"og:description\" content=\"Con un importante marco de p\u00fablico compuesto por estudiantes de educaci\u00f3n media, representantes femeninas de diferentes instituciones y p\u00fablico en general se llev\u00f3 a cabo el Primer Seminario de Equidad de G\u00e9nero \u201cMujeres Inspiradoras de la Patagonia\u201d del Proyecto Asociativo Regional (PAR) Explora de CONICYT Magallanes y de la Ant\u00e1rtica Chilena de la Universidad de [&hellip;]\" class=\"yoast-seo-meta-tag\" \/>\n<meta property=\"og:url\" content=\"https:\/\/dev.explora.cl\/magallanes\/primer-seminario-de-genero-mujeres-inspiradoras-de-la-patagonia-reunio-a-exponentes-de-las-ciencias-sociales-y-exactas\/\" class=\"yoast-seo-meta-tag\" \/>\n<meta property=\"og:site_name\" content=\"Magallanes\" class=\"yoast-seo-meta-tag\" \/>\n<meta property=\"article:published_time\" content=\"2017-10-11T04:00:00+00:00\" class=\"yoast-seo-meta-tag\" \/>\n<meta property=\"article:modified_time\" content=\"2019-05-20T21:35:07+00:00\" class=\"yoast-seo-meta-tag\" \/>\n<meta property=\"og:image\" content=\"https:\/\/dev.explora.cl\/magallanes\/wp-content\/uploads\/sites\/19\/2018\/06\/Seminario_de_G\u00e9nero_Mujeres_Inspiradoras_de_la_Patagonia.jpg\" class=\"yoast-seo-meta-tag\" \/>\n\t<meta property=\"og:image:width\" content=\"1024\" class=\"yoast-seo-meta-tag\" \/>\n\t<meta property=\"og:image:height\" content=\"683\" class=\"yoast-seo-meta-tag\" \/>\n\t<meta property=\"og:image:type\" content=\"image\/jpeg\" class=\"yoast-seo-meta-tag\" \/>\n<meta name=\"author\" content=\"webman\" class=\"yoast-seo-meta-tag\" \/>\n<meta name=\"twitter:card\" content=\"summary_large_image\" class=\"yoast-seo-meta-tag\" \/>\n<meta name=\"twitter:label1\" content=\"Escrito por\" class=\"yoast-seo-meta-tag\" \/>\n\t<meta name=\"twitter:data1\" content=\"webman\" class=\"yoast-seo-meta-tag\" \/>\n\t<meta name=\"twitter:label2\" content=\"Tiempo estimado de lectura\" class=\"yoast-seo-meta-tag\" \/>\n\t<meta name=\"twitter:data2\" content=\"2 minutos\" class=\"yoast-seo-meta-tag\" \/>\n<script type=\"application\/ld+json\" class=\"yoast-schema-graph\">{\"@context\":\"https:\/\/schema.org\",\"@graph\":[{\"@type\":\"Article\",\"@id\":\"https:\/\/dev.explora.cl\/magallanes\/primer-seminario-de-genero-mujeres-inspiradoras-de-la-patagonia-reunio-a-exponentes-de-las-ciencias-sociales-y-exactas\/#article\",\"isPartOf\":{\"@id\":\"https:\/\/dev.explora.cl\/magallanes\/primer-seminario-de-genero-mujeres-inspiradoras-de-la-patagonia-reunio-a-exponentes-de-las-ciencias-sociales-y-exactas\/\"},\"author\":{\"name\":\"webman\",\"@id\":\"https:\/\/dev.explora.cl\/magallanes\/#\/schema\/person\/cb8349c13ea2d324080adf8480d7ba5d\"},\"headline\":\"Primer seminario de g\u00e9nero \u201cMujeres inspiradoras de la Patagonia\u201d reuni\u00f3 a exponentes de las Ciencias Sociales y Exactas\",\"datePublished\":\"2017-10-11T04:00:00+00:00\",\"dateModified\":\"2019-05-20T21:35:07+00:00\",\"mainEntityOfPage\":{\"@id\":\"https:\/\/dev.explora.cl\/magallanes\/primer-seminario-de-genero-mujeres-inspiradoras-de-la-patagonia-reunio-a-exponentes-de-las-ciencias-sociales-y-exactas\/\"},\"wordCount\":440,\"commentCount\":0,\"publisher\":{\"@id\":\"https:\/\/dev.explora.cl\/magallanes\/#organization\"},\"image\":{\"@id\":\"https:\/\/dev.explora.cl\/magallanes\/primer-seminario-de-genero-mujeres-inspiradoras-de-la-patagonia-reunio-a-exponentes-de-las-ciencias-sociales-y-exactas\/#primaryimage\"},\"thumbnailUrl\":\"https:\/\/dev.explora.cl\/magallanes\/wp-content\/uploads\/sites\/19\/2018\/06\/Seminario_de_G\u00e9nero_Mujeres_Inspiradoras_de_la_Patagonia.jpg\",\"articleSection\":[\"Noticias\"],\"inLanguage\":\"es-CL\",\"potentialAction\":[{\"@type\":\"CommentAction\",\"name\":\"Comment\",\"target\":[\"https:\/\/dev.explora.cl\/magallanes\/primer-seminario-de-genero-mujeres-inspiradoras-de-la-patagonia-reunio-a-exponentes-de-las-ciencias-sociales-y-exactas\/#respond\"]}]},{\"@type\":\"WebPage\",\"@id\":\"https:\/\/dev.explora.cl\/magallanes\/primer-seminario-de-genero-mujeres-inspiradoras-de-la-patagonia-reunio-a-exponentes-de-las-ciencias-sociales-y-exactas\/\",\"url\":\"https:\/\/dev.explora.cl\/magallanes\/primer-seminario-de-genero-mujeres-inspiradoras-de-la-patagonia-reunio-a-exponentes-de-las-ciencias-sociales-y-exactas\/\",\"name\":\"Primer seminario de g\u00e9nero \u201cMujeres inspiradoras de la Patagonia\u201d reuni\u00f3 a exponentes de las Ciencias Sociales y Exactas - Magallanes\",\"isPartOf\":{\"@id\":\"https:\/\/dev.explora.cl\/magallanes\/#website\"},\"primaryImageOfPage\":{\"@id\":\"https:\/\/dev.explora.cl\/magallanes\/primer-seminario-de-genero-mujeres-inspiradoras-de-la-patagonia-reunio-a-exponentes-de-las-ciencias-sociales-y-exactas\/#primaryimage\"},\"image\":{\"@id\":\"https:\/\/dev.explora.cl\/magallanes\/primer-seminario-de-genero-mujeres-inspiradoras-de-la-patagonia-reunio-a-exponentes-de-las-ciencias-sociales-y-exactas\/#primaryimage\"},\"thumbnailUrl\":\"https:\/\/dev.explora.cl\/magallanes\/wp-content\/uploads\/sites\/19\/2018\/06\/Seminario_de_G\u00e9nero_Mujeres_Inspiradoras_de_la_Patagonia.jpg\",\"datePublished\":\"2017-10-11T04:00:00+00:00\",\"dateModified\":\"2019-05-20T21:35:07+00:00\",\"breadcrumb\":{\"@id\":\"https:\/\/dev.explora.cl\/magallanes\/primer-seminario-de-genero-mujeres-inspiradoras-de-la-patagonia-reunio-a-exponentes-de-las-ciencias-sociales-y-exactas\/#breadcrumb\"},\"inLanguage\":\"es-CL\",\"potentialAction\":[{\"@type\":\"ReadAction\",\"target\":[\"https:\/\/dev.explora.cl\/magallanes\/primer-seminario-de-genero-mujeres-inspiradoras-de-la-patagonia-reunio-a-exponentes-de-las-ciencias-sociales-y-exactas\/\"]}]},{\"@type\":\"ImageObject\",\"inLanguage\":\"es-CL\",\"@id\":\"https:\/\/dev.explora.cl\/magallanes\/primer-seminario-de-genero-mujeres-inspiradoras-de-la-patagonia-reunio-a-exponentes-de-las-ciencias-sociales-y-exactas\/#primaryimage\",\"url\":\"https:\/\/dev.explora.cl\/magallanes\/wp-content\/uploads\/sites\/19\/2018\/06\/Seminario_de_G\u00e9nero_Mujeres_Inspiradoras_de_la_Patagonia.jpg\",\"contentUrl\":\"https:\/\/dev.explora.cl\/magallanes\/wp-content\/uploads\/sites\/19\/2018\/06\/Seminario_de_G\u00e9nero_Mujeres_Inspiradoras_de_la_Patagonia.jpg\",\"width\":1024,\"height\":683,\"caption\":\"En el Seminario de G\u00e9nero Mujeres Inspiradoras de la Patagonia participaron cuatro exponentes de las Ciencias Sociales y Exactas\"},{\"@type\":\"BreadcrumbList\",\"@id\":\"https:\/\/dev.explora.cl\/magallanes\/primer-seminario-de-genero-mujeres-inspiradoras-de-la-patagonia-reunio-a-exponentes-de-las-ciencias-sociales-y-exactas\/#breadcrumb\",\"itemListElement\":[{\"@type\":\"ListItem\",\"position\":1,\"name\":\"Portada\",\"item\":\"https:\/\/dev.explora.cl\/magallanes\/\"},{\"@type\":\"ListItem\",\"position\":2,\"name\":\"Primer seminario de g\u00e9nero \u201cMujeres inspiradoras de la Patagonia\u201d reuni\u00f3 a exponentes de las Ciencias Sociales y Exactas\"}]},{\"@type\":\"WebSite\",\"@id\":\"https:\/\/dev.explora.cl\/magallanes\/#website\",\"url\":\"https:\/\/dev.explora.cl\/magallanes\/\",\"name\":\"Magallanes\",\"description\":\"Otro sitio m\u00e1s de dev.explora.cl\",\"publisher\":{\"@id\":\"https:\/\/dev.explora.cl\/magallanes\/#organization\"},\"potentialAction\":[{\"@type\":\"SearchAction\",\"target\":{\"@type\":\"EntryPoint\",\"urlTemplate\":\"https:\/\/dev.explora.cl\/magallanes\/?s={search_term_string}\"},\"query-input\":{\"@type\":\"PropertyValueSpecification\",\"valueRequired\":true,\"valueName\":\"search_term_string\"}}],\"inLanguage\":\"es-CL\"},{\"@type\":\"Organization\",\"@id\":\"https:\/\/dev.explora.cl\/magallanes\/#organization\",\"name\":\"Magallanes\",\"url\":\"https:\/\/dev.explora.cl\/magallanes\/\",\"logo\":{\"@type\":\"ImageObject\",\"inLanguage\":\"es-CL\",\"@id\":\"https:\/\/dev.explora.cl\/magallanes\/#\/schema\/logo\/image\/\",\"url\":\"https:\/\/dev.explora.cl\/magallanes\/wp-content\/uploads\/sites\/19\/2021\/06\/cropped-ICONO-COLOR-2.jpg\",\"contentUrl\":\"https:\/\/dev.explora.cl\/magallanes\/wp-content\/uploads\/sites\/19\/2021\/06\/cropped-ICONO-COLOR-2.jpg\",\"width\":1181,\"height\":1181,\"caption\":\"Magallanes\"},\"image\":{\"@id\":\"https:\/\/dev.explora.cl\/magallanes\/#\/schema\/logo\/image\/\"}},{\"@type\":\"Person\",\"@id\":\"https:\/\/dev.explora.cl\/magallanes\/#\/schema\/person\/cb8349c13ea2d324080adf8480d7ba5d\",\"name\":\"webman\",\"image\":{\"@type\":\"ImageObject\",\"inLanguage\":\"es-CL\",\"@id\":\"https:\/\/dev.explora.cl\/magallanes\/#\/schema\/person\/image\/\",\"url\":\"https:\/\/secure.gravatar.com\/avatar\/eeff3c82f2c02f7177d13663b7e6f890e9a6a0647ce9bb29cae02dcb094c7312?s=96&d=mm&r=g\",\"contentUrl\":\"https:\/\/secure.gravatar.com\/avatar\/eeff3c82f2c02f7177d13663b7e6f890e9a6a0647ce9bb29cae02dcb094c7312?s=96&d=mm&r=g\",\"caption\":\"webman\"},\"url\":\"https:\/\/dev.explora.cl\/magallanes\/author\/webman\/\"}]}<\/script>\n<!-- \/ Yoast SEO plugin. -->","yoast_head_json":{"title":"Primer seminario de g\u00e9nero \u201cMujeres inspiradoras de la Patagonia\u201d reuni\u00f3 a exponentes de las Ciencias Sociales y Exactas - Magallanes","robots":{"index":"index","follow":"follow","max-snippet":"max-snippet:-1","max-image-preview":"max-image-preview:large","max-video-preview":"max-video-preview:-1"},"canonical":"https:\/\/dev.explora.cl\/magallanes\/primer-seminario-de-genero-mujeres-inspiradoras-de-la-patagonia-reunio-a-exponentes-de-las-ciencias-sociales-y-exactas\/","og_locale":"es_ES","og_type":"article","og_title":"Primer seminario de g\u00e9nero \u201cMujeres inspiradoras de la Patagonia\u201d reuni\u00f3 a exponentes de las Ciencias Sociales y Exactas - Magallanes","og_description":"Con un importante marco de p\u00fablico compuesto por estudiantes de educaci\u00f3n media, representantes femeninas de diferentes instituciones y p\u00fablico en general se llev\u00f3 a cabo el Primer Seminario de Equidad de G\u00e9nero \u201cMujeres Inspiradoras de la Patagonia\u201d del Proyecto Asociativo Regional (PAR) Explora de CONICYT Magallanes y de la Ant\u00e1rtica Chilena de la Universidad de [&hellip;]","og_url":"https:\/\/dev.explora.cl\/magallanes\/primer-seminario-de-genero-mujeres-inspiradoras-de-la-patagonia-reunio-a-exponentes-de-las-ciencias-sociales-y-exactas\/","og_site_name":"Magallanes","article_published_time":"2017-10-11T04:00:00+00:00","article_modified_time":"2019-05-20T21:35:07+00:00","og_image":[{"width":1024,"height":683,"url":"https:\/\/dev.explora.cl\/magallanes\/wp-content\/uploads\/sites\/19\/2018\/06\/Seminario_de_G\u00e9nero_Mujeres_Inspiradoras_de_la_Patagonia.jpg","type":"image\/jpeg"}],"author":"webman","twitter_card":"summary_large_image","twitter_misc":{"Escrito por":"webman","Tiempo estimado de lectura":"2 minutos"},"schema":{"@context":"https:\/\/schema.org","@graph":[{"@type":"Article","@id":"https:\/\/dev.explora.cl\/magallanes\/primer-seminario-de-genero-mujeres-inspiradoras-de-la-patagonia-reunio-a-exponentes-de-las-ciencias-sociales-y-exactas\/#article","isPartOf":{"@id":"https:\/\/dev.explora.cl\/magallanes\/primer-seminario-de-genero-mujeres-inspiradoras-de-la-patagonia-reunio-a-exponentes-de-las-ciencias-sociales-y-exactas\/"},"author":{"name":"webman","@id":"https:\/\/dev.explora.cl\/magallanes\/#\/schema\/person\/cb8349c13ea2d324080adf8480d7ba5d"},"headline":"Primer seminario de g\u00e9nero \u201cMujeres inspiradoras de la Patagonia\u201d reuni\u00f3 a exponentes de las Ciencias Sociales y Exactas","datePublished":"2017-10-11T04:00:00+00:00","dateModified":"2019-05-20T21:35:07+00:00","mainEntityOfPage":{"@id":"https:\/\/dev.explora.cl\/magallanes\/primer-seminario-de-genero-mujeres-inspiradoras-de-la-patagonia-reunio-a-exponentes-de-las-ciencias-sociales-y-exactas\/"},"wordCount":440,"commentCount":0,"publisher":{"@id":"https:\/\/dev.explora.cl\/magallanes\/#organization"},"image":{"@id":"https:\/\/dev.explora.cl\/magallanes\/primer-seminario-de-genero-mujeres-inspiradoras-de-la-patagonia-reunio-a-exponentes-de-las-ciencias-sociales-y-exactas\/#primaryimage"},"thumbnailUrl":"https:\/\/dev.explora.cl\/magallanes\/wp-content\/uploads\/sites\/19\/2018\/06\/Seminario_de_G\u00e9nero_Mujeres_Inspiradoras_de_la_Patagonia.jpg","articleSection":["Noticias"],"inLanguage":"es-CL","potentialAction":[{"@type":"CommentAction","name":"Comment","target":["https:\/\/dev.explora.cl\/magallanes\/primer-seminario-de-genero-mujeres-inspiradoras-de-la-patagonia-reunio-a-exponentes-de-las-ciencias-sociales-y-exactas\/#respond"]}]},{"@type":"WebPage","@id":"https:\/\/dev.explora.cl\/magallanes\/primer-seminario-de-genero-mujeres-inspiradoras-de-la-patagonia-reunio-a-exponentes-de-las-ciencias-sociales-y-exactas\/","url":"https:\/\/dev.explora.cl\/magallanes\/primer-seminario-de-genero-mujeres-inspiradoras-de-la-patagonia-reunio-a-exponentes-de-las-ciencias-sociales-y-exactas\/","name":"Primer seminario de g\u00e9nero \u201cMujeres inspiradoras de la Patagonia\u201d reuni\u00f3 a exponentes de las Ciencias Sociales y Exactas - Magallanes","isPartOf":{"@id":"https:\/\/dev.explora.cl\/magallanes\/#website"},"primaryImageOfPage":{"@id":"https:\/\/dev.explora.cl\/magallanes\/primer-seminario-de-genero-mujeres-inspiradoras-de-la-patagonia-reunio-a-exponentes-de-las-ciencias-sociales-y-exactas\/#primaryimage"},"image":{"@id":"https:\/\/dev.explora.cl\/magallanes\/primer-seminario-de-genero-mujeres-inspiradoras-de-la-patagonia-reunio-a-exponentes-de-las-ciencias-sociales-y-exactas\/#primaryimage"},"thumbnailUrl":"https:\/\/dev.explora.cl\/magallanes\/wp-content\/uploads\/sites\/19\/2018\/06\/Seminario_de_G\u00e9nero_Mujeres_Inspiradoras_de_la_Patagonia.jpg","datePublished":"2017-10-11T04:00:00+00:00","dateModified":"2019-05-20T21:35:07+00:00","breadcrumb":{"@id":"https:\/\/dev.explora.cl\/magallanes\/primer-seminario-de-genero-mujeres-inspiradoras-de-la-patagonia-reunio-a-exponentes-de-las-ciencias-sociales-y-exactas\/#breadcrumb"},"inLanguage":"es-CL","potentialAction":[{"@type":"ReadAction","target":["https:\/\/dev.explora.cl\/magallanes\/primer-seminario-de-genero-mujeres-inspiradoras-de-la-patagonia-reunio-a-exponentes-de-las-ciencias-sociales-y-exactas\/"]}]},{"@type":"ImageObject","inLanguage":"es-CL","@id":"https:\/\/dev.explora.cl\/magallanes\/primer-seminario-de-genero-mujeres-inspiradoras-de-la-patagonia-reunio-a-exponentes-de-las-ciencias-sociales-y-exactas\/#primaryimage","url":"https:\/\/dev.explora.cl\/magallanes\/wp-content\/uploads\/sites\/19\/2018\/06\/Seminario_de_G\u00e9nero_Mujeres_Inspiradoras_de_la_Patagonia.jpg","contentUrl":"https:\/\/dev.explora.cl\/magallanes\/wp-content\/uploads\/sites\/19\/2018\/06\/Seminario_de_G\u00e9nero_Mujeres_Inspiradoras_de_la_Patagonia.jpg","width":1024,"height":683,"caption":"En el Seminario de G\u00e9nero Mujeres Inspiradoras de la Patagonia participaron cuatro exponentes de las Ciencias Sociales y Exactas"},{"@type":"BreadcrumbList","@id":"https:\/\/dev.explora.cl\/magallanes\/primer-seminario-de-genero-mujeres-inspiradoras-de-la-patagonia-reunio-a-exponentes-de-las-ciencias-sociales-y-exactas\/#breadcrumb","itemListElement":[{"@type":"ListItem","position":1,"name":"Portada","item":"https:\/\/dev.explora.cl\/magallanes\/"},{"@type":"ListItem","position":2,"name":"Primer seminario de g\u00e9nero \u201cMujeres inspiradoras de la Patagonia\u201d reuni\u00f3 a exponentes de las Ciencias Sociales y Exactas"}]},{"@type":"WebSite","@id":"https:\/\/dev.explora.cl\/magallanes\/#website","url":"https:\/\/dev.explora.cl\/magallanes\/","name":"Magallanes","description":"Otro sitio m\u00e1s de dev.explora.cl","publisher":{"@id":"https:\/\/dev.explora.cl\/magallanes\/#organization"},"potentialAction":[{"@type":"SearchAction","target":{"@type":"EntryPoint","urlTemplate":"https:\/\/dev.explora.cl\/magallanes\/?s={search_term_string}"},"query-input":{"@type":"PropertyValueSpecification","valueRequired":true,"valueName":"search_term_string"}}],"inLanguage":"es-CL"},{"@type":"Organization","@id":"https:\/\/dev.explora.cl\/magallanes\/#organization","name":"Magallanes","url":"https:\/\/dev.explora.cl\/magallanes\/","logo":{"@type":"ImageObject","inLanguage":"es-CL","@id":"https:\/\/dev.explora.cl\/magallanes\/#\/schema\/logo\/image\/","url":"https:\/\/dev.explora.cl\/magallanes\/wp-content\/uploads\/sites\/19\/2021\/06\/cropped-ICONO-COLOR-2.jpg","contentUrl":"https:\/\/dev.explora.cl\/magallanes\/wp-content\/uploads\/sites\/19\/2021\/06\/cropped-ICONO-COLOR-2.jpg","width":1181,"height":1181,"caption":"Magallanes"},"image":{"@id":"https:\/\/dev.explora.cl\/magallanes\/#\/schema\/logo\/image\/"}},{"@type":"Person","@id":"https:\/\/dev.explora.cl\/magallanes\/#\/schema\/person\/cb8349c13ea2d324080adf8480d7ba5d","name":"webman","image":{"@type":"ImageObject","inLanguage":"es-CL","@id":"https:\/\/dev.explora.cl\/magallanes\/#\/schema\/person\/image\/","url":"https:\/\/secure.gravatar.com\/avatar\/eeff3c82f2c02f7177d13663b7e6f890e9a6a0647ce9bb29cae02dcb094c7312?s=96&d=mm&r=g","contentUrl":"https:\/\/secure.gravatar.com\/avatar\/eeff3c82f2c02f7177d13663b7e6f890e9a6a0647ce9bb29cae02dcb094c7312?s=96&d=mm&r=g","caption":"webman"},"url":"https:\/\/dev.explora.cl\/magallanes\/author\/webman\/"}]}},"_links":{"self":[{"href":"https:\/\/dev.explora.cl\/magallanes\/wp-json\/wp\/v2\/posts\/798","targetHints":{"allow":["GET"]}}],"collection":[{"href":"https:\/\/dev.explora.cl\/magallanes\/wp-json\/wp\/v2\/posts"}],"about":[{"href":"https:\/\/dev.explora.cl\/magallanes\/wp-json\/wp\/v2\/types\/post"}],"author":[{"embeddable":true,"href":"https:\/\/dev.explora.cl\/magallanes\/wp-json\/wp\/v2\/users\/2"}],"replies":[{"embeddable":true,"href":"https:\/\/dev.explora.cl\/magallanes\/wp-json\/wp\/v2\/comments?post=798"}],"version-history":[{"count":1,"href":"https:\/\/dev.explora.cl\/magallanes\/wp-json\/wp\/v2\/posts\/798\/revisions"}],"predecessor-version":[{"id":37656,"href":"https:\/\/dev.explora.cl\/magallanes\/wp-json\/wp\/v2\/posts\/798\/revisions\/37656"}],"wp:featuredmedia":[{"embeddable":true,"href":"https:\/\/dev.explora.cl\/magallanes\/wp-json\/wp\/v2\/media\/799"}],"wp:attachment":[{"href":"https:\/\/dev.explora.cl\/magallanes\/wp-json\/wp\/v2\/media?parent=798"}],"wp:term":[{"taxonomy":"category","embeddable":true,"href":"https:\/\/dev.explora.cl\/magallanes\/wp-json\/wp\/v2\/categories?post=798"},{"taxonomy":"post_tag","embeddable":true,"href":"https:\/\/dev.explora.cl\/magallanes\/wp-json\/wp\/v2\/tags?post=798"}],"curies":[{"name":"wp","href":"https:\/\/api.w.org\/{rel}","templated":true}]}}