{"id":788,"date":"2017-10-10T00:00:00","date_gmt":"2017-10-10T04:00:00","guid":{"rendered":"https:\/\/dev.explora.cl\/magallanes\/blog\/2017\/10\/10\/exitosa-celebracion-en-torno-a-la-ciencia-reunio-a-familias-colegios-y-jardines-infantiles\/"},"modified":"2019-05-20T21:35:10","modified_gmt":"2019-05-20T21:35:10","slug":"exitosa-celebracion-en-torno-a-la-ciencia-reunio-a-familias-colegios-y-jardines-infantiles","status":"publish","type":"post","link":"https:\/\/dev.explora.cl\/magallanes\/exitosa-celebracion-en-torno-a-la-ciencia-reunio-a-familias-colegios-y-jardines-infantiles\/","title":{"rendered":"Exitosa celebraci\u00f3n en torno a la Ciencia reuni\u00f3 a familias, colegios y jardines infantiles"},"content":{"rendered":"<p><img loading=\"lazy\" decoding=\"async\" class=\" size-full wp-image-28229\" src=\"http:\/\/ec2-54-245-22-188.us-west-2.compute.amazonaws.com\/wp-content\/uploads\/2017\/10\/cuentacuentosfiestadelaciencia.jpg\" alt=\"cuentacuentosfiestadelaciencia\" width=\"1024\" height=\"683\" \/><\/p>\n<p>Familias magall\u00e1nicas, representantes de los colegios y jardines infantiles desafiaron el fr\u00edo y el viento reinante y pudieron disfrutar de la segunda versi\u00f3n de la Fiesta de la Ciencia que se desarroll\u00f3 el viernes pasado en Plaza de Armas Benjam\u00edn Mu\u00f1oz Gamero de Punta Arenas.<\/p>\n<p>Evento cient\u00edfico y tecnol\u00f3gico que fue organizado por el Proyecto Asociativo Regional (PAR) Explora de CONICYT Magallanes y de la Ant\u00e1rtica Chilena de la Universidad de Magallanes en el marco de la XXIII Semana de la Ciencia y la Tecnolog\u00eda del Programa Explora de CONICYT, y que en esta oportunidad cont\u00f3 con la participaci\u00f3n de entidades p\u00fablicas y privadas que mostraron su quehacer de forma l\u00fadica y entretenidas a los asistentes, en su mayor\u00eda ni\u00f1os.<\/p>\n<p>Por m\u00e1s de tres horas los visitantes pudieron aprender sobre distintas materias, tales como: Acidificaci\u00f3n de los oc\u00e9anos (Fundaci\u00f3n Cequa); Concientizaci\u00f3n del uso de agua potable (Aguas Magallanes);&nbsp; Proceso y cambio de estado de materia del gas licuado del petr\u00f3leo (GASCO Magallanes); Especies de flora y fauna presentes en la Regi\u00f3n y prevenci\u00f3n de incendios forestales (Corporaci\u00f3n Nacional Forestal); Especies t\u00edpicas del intermareal de la regi\u00f3n y su importancia a nivel ecol\u00f3gico (Instituto de Fomento Pesquero); Ecosistema intermareal a trav\u00e9s de la actividad Don Huiro (Parque Etnobot\u00e1nico Omora); Aves playeras migratorias e investigaci\u00f3n que se realiza en el sitio Ramsar Bah\u00eda Lomas y zonas aleda\u00f1as (Centro Bah\u00eda Lomas). Por su parte, la Empresa Nacional del Petr\u00f3leo (ENAP) mostr\u00f3 parte de sus procesos industriales y los profesionales del Centros de Creaci\u00f3n del Consejo de la Cultura y las Artes pudieron mostrar sus laboratorios creativos de obras visuales.<\/p>\n<p>De igual forma, el Instituto Ant\u00e1rtico Chileno (INACH) apoy\u00f3 por medio de Patagonia F\u00f3sil con su tem\u00e1tica \u201cLa era de los dinosaurios\u201d, donde se invit\u00f3 a p\u00e1rvulos de los jardines infantiles de la comuna a conocer cu\u00e1les eran las especies que alg\u00fan momento habitaron la Ant\u00e1rtica. Tambi\u00e9n la instituci\u00f3n estuvo a cargo del Cuentacuentos del libro \u201cGuido no puede dormir\u201d que encant\u00f3 a los m\u00e1s peque\u00f1os que en ese momento visitaban los diferentes puestos de la Fiesta de la Ciencia.<\/p>\n<p>Otro de los stands que caus\u00f3 sensaci\u00f3n fue el de Instituto de Investigaci\u00f3n Agropecuaria (INIA) Kampenaike, instituci\u00f3n que por segundo a\u00f1o consecutivo mont\u00f3 una granja educativa con ovejas, llamas y alpacas. Adem\u00e1s de una mesa con diferentes productos hortofrut\u00edcolas (calafate, frutillas y papas), y una muestra de coirones y semillas de plantas forrajeras. &nbsp;<\/p>\n<p>Sumado a lo anterior, el Instituto Nacional de Deportes (IND) contribuy\u00f3 con juegos inflables para los ni\u00f1os, y en conjunto con el Instituto de la Juventud apoyaron con la amplificaci\u00f3n del evento. El INJUV, en tanto aport\u00f3 con toldos para algunas instituciones y con la animaci\u00f3n de la actividad. &nbsp;<\/p>\n<p>En paralelo se efectu\u00f3 el Concurso de Pintura en Tiza &#8220;Pinta tu calle: Oc\u00e9anos&#8221;, donde los p\u00e1rvulos y escolares participantes deb\u00edan mostrar su creatividad en torno a la biodiversidad marina magall\u00e1nica. Los ganadores se dar\u00e1n a conocer en el marco del XX Congreso Regional Escolar de la Ciencia y la Tecnolog\u00eda.&nbsp;<\/p>\n<p>La coordinadora ejecutiva del PAR Explora Magallanes, Claudia Salinas, realiz\u00f3 un positivo balance de las actividades de la Semana Nacional y aprovech\u00f3 la instancia para agradecer a las instituciones participantes:&nbsp; \u201cHa sido una semana ardua, hemos tenido varias actividades, desde el lunes que empezamos con la inauguraci\u00f3n, este viernes no solo estamos terminando en Punta Arenas, sino tambi\u00e9n en Puerto Natales, en Porvenir con actividades de Ciencia y Gastronom\u00eda y en Puerto Williams con actividades cient\u00edficas para los escolares. Aqu\u00ed se nos han unido quince instituciones y en total son m\u00e1s de 25 las que nos han apoyado durante toda la semana, y es muy satisfactorio porque hemos tenido desde p\u00e1rvulos a educaci\u00f3n media con charlas educativas, as\u00ed que ha sido fant\u00e1stico. Solo me queda agradecer a todas las instituciones que han estado con nosotros durante esta Semana de la Ciencia\u201d.<\/p>\n<p>Tras visitar los diferentes puestos instalados en Plaza de Armas de Punta Arenas, el intendente de la Regi\u00f3n de Magallanes, Jorge Flies, valor\u00f3 el trabajo del PAR Explora Magallanes y la coordinaci\u00f3n entre distintas instituciones con motivo de la Fiesta de la Ciencia: \u201cEstamos muy contentos, ha habido un esfuerzo gigante de varias instituciones liderados por el PAR Explora y la Universidad de Magallanes. Ustedes ven que en la Semana, instituciones que apoyan la Ciencia est\u00e1n permanentemente en lo que ha sido un trabajo que se corona con esta Fiesta ac\u00e1 en Plaza de Armas y que ha significado estar con los jardines infantiles, colegios, en los barrios y en las instituciones de Educaci\u00f3n Superior hablando de Ciencia. La posibilidad de nuestra gente de conocer y sorprenderse con las cosas ha sido extraordinaria, as\u00ed que estamos muy contentos\u201d<\/p>\n","protected":false},"excerpt":{"rendered":"<p>Familias magall\u00e1nicas, representantes de los colegios y jardines infantiles desafiaron el fr\u00edo y el viento reinante y pudieron disfrutar de la segunda versi\u00f3n de la Fiesta de la Ciencia que se desarroll\u00f3 el viernes pasado en Plaza de Armas Benjam\u00edn Mu\u00f1oz Gamero de Punta Arenas. Evento cient\u00edfico y tecnol\u00f3gico que fue organizado por el Proyecto [&hellip;]<\/p>\n","protected":false},"author":2,"featured_media":789,"comment_status":"open","ping_status":"open","sticky":false,"template":"","format":"standard","meta":{"_acf_changed":false,"_exactmetrics_skip_tracking":false,"_exactmetrics_sitenote_active":false,"_exactmetrics_sitenote_note":"","_exactmetrics_sitenote_category":0,"footnotes":"","_links_to":"","_links_to_target":""},"categories":[4],"tags":[],"class_list":["post-788","post","type-post","status-publish","format-standard","has-post-thumbnail","hentry","category-noticias"],"acf":[],"yoast_head":"<!-- This site is optimized with the Yoast SEO plugin v26.7 - https:\/\/yoast.com\/wordpress\/plugins\/seo\/ -->\n<title>Exitosa celebraci\u00f3n en torno a la Ciencia reuni\u00f3 a familias, colegios y jardines infantiles - Magallanes<\/title>\n<meta name=\"robots\" content=\"index, follow, max-snippet:-1, max-image-preview:large, max-video-preview:-1\" \/>\n<link rel=\"canonical\" href=\"https:\/\/dev.explora.cl\/magallanes\/exitosa-celebracion-en-torno-a-la-ciencia-reunio-a-familias-colegios-y-jardines-infantiles\/\" class=\"yoast-seo-meta-tag\" \/>\n<meta property=\"og:locale\" content=\"es_ES\" class=\"yoast-seo-meta-tag\" \/>\n<meta property=\"og:type\" content=\"article\" class=\"yoast-seo-meta-tag\" \/>\n<meta property=\"og:title\" content=\"Exitosa celebraci\u00f3n en torno a la Ciencia reuni\u00f3 a familias, colegios y jardines infantiles - Magallanes\" class=\"yoast-seo-meta-tag\" \/>\n<meta property=\"og:description\" content=\"Familias magall\u00e1nicas, representantes de los colegios y jardines infantiles desafiaron el fr\u00edo y el viento reinante y pudieron disfrutar de la segunda versi\u00f3n de la Fiesta de la Ciencia que se desarroll\u00f3 el viernes pasado en Plaza de Armas Benjam\u00edn Mu\u00f1oz Gamero de Punta Arenas. Evento cient\u00edfico y tecnol\u00f3gico que fue organizado por el Proyecto [&hellip;]\" class=\"yoast-seo-meta-tag\" \/>\n<meta property=\"og:url\" content=\"https:\/\/dev.explora.cl\/magallanes\/exitosa-celebracion-en-torno-a-la-ciencia-reunio-a-familias-colegios-y-jardines-infantiles\/\" class=\"yoast-seo-meta-tag\" \/>\n<meta property=\"og:site_name\" content=\"Magallanes\" class=\"yoast-seo-meta-tag\" \/>\n<meta property=\"article:published_time\" content=\"2017-10-10T04:00:00+00:00\" class=\"yoast-seo-meta-tag\" \/>\n<meta property=\"article:modified_time\" content=\"2019-05-20T21:35:10+00:00\" class=\"yoast-seo-meta-tag\" \/>\n<meta property=\"og:image\" content=\"https:\/\/dev.explora.cl\/magallanes\/wp-content\/uploads\/sites\/19\/2018\/06\/cuentacuentosfiestadelaciencia.jpg\" class=\"yoast-seo-meta-tag\" \/>\n\t<meta property=\"og:image:width\" content=\"1024\" class=\"yoast-seo-meta-tag\" \/>\n\t<meta property=\"og:image:height\" content=\"683\" class=\"yoast-seo-meta-tag\" \/>\n\t<meta property=\"og:image:type\" content=\"image\/jpeg\" class=\"yoast-seo-meta-tag\" \/>\n<meta name=\"author\" content=\"webman\" class=\"yoast-seo-meta-tag\" \/>\n<meta name=\"twitter:card\" content=\"summary_large_image\" class=\"yoast-seo-meta-tag\" \/>\n<meta name=\"twitter:label1\" content=\"Escrito por\" class=\"yoast-seo-meta-tag\" \/>\n\t<meta name=\"twitter:data1\" content=\"webman\" class=\"yoast-seo-meta-tag\" \/>\n\t<meta name=\"twitter:label2\" content=\"Tiempo estimado de lectura\" class=\"yoast-seo-meta-tag\" \/>\n\t<meta name=\"twitter:data2\" content=\"4 minutos\" class=\"yoast-seo-meta-tag\" \/>\n<script type=\"application\/ld+json\" class=\"yoast-schema-graph\">{\"@context\":\"https:\/\/schema.org\",\"@graph\":[{\"@type\":\"Article\",\"@id\":\"https:\/\/dev.explora.cl\/magallanes\/exitosa-celebracion-en-torno-a-la-ciencia-reunio-a-familias-colegios-y-jardines-infantiles\/#article\",\"isPartOf\":{\"@id\":\"https:\/\/dev.explora.cl\/magallanes\/exitosa-celebracion-en-torno-a-la-ciencia-reunio-a-familias-colegios-y-jardines-infantiles\/\"},\"author\":{\"name\":\"webman\",\"@id\":\"https:\/\/dev.explora.cl\/magallanes\/#\/schema\/person\/cb8349c13ea2d324080adf8480d7ba5d\"},\"headline\":\"Exitosa celebraci\u00f3n en torno a la Ciencia reuni\u00f3 a familias, colegios y jardines infantiles\",\"datePublished\":\"2017-10-10T04:00:00+00:00\",\"dateModified\":\"2019-05-20T21:35:10+00:00\",\"mainEntityOfPage\":{\"@id\":\"https:\/\/dev.explora.cl\/magallanes\/exitosa-celebracion-en-torno-a-la-ciencia-reunio-a-familias-colegios-y-jardines-infantiles\/\"},\"wordCount\":869,\"commentCount\":0,\"publisher\":{\"@id\":\"https:\/\/dev.explora.cl\/magallanes\/#organization\"},\"image\":{\"@id\":\"https:\/\/dev.explora.cl\/magallanes\/exitosa-celebracion-en-torno-a-la-ciencia-reunio-a-familias-colegios-y-jardines-infantiles\/#primaryimage\"},\"thumbnailUrl\":\"https:\/\/dev.explora.cl\/magallanes\/wp-content\/uploads\/sites\/19\/2018\/06\/cuentacuentosfiestadelaciencia.jpg\",\"articleSection\":[\"Noticias\"],\"inLanguage\":\"es-CL\",\"potentialAction\":[{\"@type\":\"CommentAction\",\"name\":\"Comment\",\"target\":[\"https:\/\/dev.explora.cl\/magallanes\/exitosa-celebracion-en-torno-a-la-ciencia-reunio-a-familias-colegios-y-jardines-infantiles\/#respond\"]}]},{\"@type\":\"WebPage\",\"@id\":\"https:\/\/dev.explora.cl\/magallanes\/exitosa-celebracion-en-torno-a-la-ciencia-reunio-a-familias-colegios-y-jardines-infantiles\/\",\"url\":\"https:\/\/dev.explora.cl\/magallanes\/exitosa-celebracion-en-torno-a-la-ciencia-reunio-a-familias-colegios-y-jardines-infantiles\/\",\"name\":\"Exitosa celebraci\u00f3n en torno a la Ciencia reuni\u00f3 a familias, colegios y jardines infantiles - Magallanes\",\"isPartOf\":{\"@id\":\"https:\/\/dev.explora.cl\/magallanes\/#website\"},\"primaryImageOfPage\":{\"@id\":\"https:\/\/dev.explora.cl\/magallanes\/exitosa-celebracion-en-torno-a-la-ciencia-reunio-a-familias-colegios-y-jardines-infantiles\/#primaryimage\"},\"image\":{\"@id\":\"https:\/\/dev.explora.cl\/magallanes\/exitosa-celebracion-en-torno-a-la-ciencia-reunio-a-familias-colegios-y-jardines-infantiles\/#primaryimage\"},\"thumbnailUrl\":\"https:\/\/dev.explora.cl\/magallanes\/wp-content\/uploads\/sites\/19\/2018\/06\/cuentacuentosfiestadelaciencia.jpg\",\"datePublished\":\"2017-10-10T04:00:00+00:00\",\"dateModified\":\"2019-05-20T21:35:10+00:00\",\"breadcrumb\":{\"@id\":\"https:\/\/dev.explora.cl\/magallanes\/exitosa-celebracion-en-torno-a-la-ciencia-reunio-a-familias-colegios-y-jardines-infantiles\/#breadcrumb\"},\"inLanguage\":\"es-CL\",\"potentialAction\":[{\"@type\":\"ReadAction\",\"target\":[\"https:\/\/dev.explora.cl\/magallanes\/exitosa-celebracion-en-torno-a-la-ciencia-reunio-a-familias-colegios-y-jardines-infantiles\/\"]}]},{\"@type\":\"ImageObject\",\"inLanguage\":\"es-CL\",\"@id\":\"https:\/\/dev.explora.cl\/magallanes\/exitosa-celebracion-en-torno-a-la-ciencia-reunio-a-familias-colegios-y-jardines-infantiles\/#primaryimage\",\"url\":\"https:\/\/dev.explora.cl\/magallanes\/wp-content\/uploads\/sites\/19\/2018\/06\/cuentacuentosfiestadelaciencia.jpg\",\"contentUrl\":\"https:\/\/dev.explora.cl\/magallanes\/wp-content\/uploads\/sites\/19\/2018\/06\/cuentacuentosfiestadelaciencia.jpg\",\"width\":1024,\"height\":683,\"caption\":\"cuentacuentosfiestadelaciencia\"},{\"@type\":\"BreadcrumbList\",\"@id\":\"https:\/\/dev.explora.cl\/magallanes\/exitosa-celebracion-en-torno-a-la-ciencia-reunio-a-familias-colegios-y-jardines-infantiles\/#breadcrumb\",\"itemListElement\":[{\"@type\":\"ListItem\",\"position\":1,\"name\":\"Portada\",\"item\":\"https:\/\/dev.explora.cl\/magallanes\/\"},{\"@type\":\"ListItem\",\"position\":2,\"name\":\"Exitosa celebraci\u00f3n en torno a la Ciencia reuni\u00f3 a familias, colegios y jardines infantiles\"}]},{\"@type\":\"WebSite\",\"@id\":\"https:\/\/dev.explora.cl\/magallanes\/#website\",\"url\":\"https:\/\/dev.explora.cl\/magallanes\/\",\"name\":\"Magallanes\",\"description\":\"Otro sitio m\u00e1s de dev.explora.cl\",\"publisher\":{\"@id\":\"https:\/\/dev.explora.cl\/magallanes\/#organization\"},\"potentialAction\":[{\"@type\":\"SearchAction\",\"target\":{\"@type\":\"EntryPoint\",\"urlTemplate\":\"https:\/\/dev.explora.cl\/magallanes\/?s={search_term_string}\"},\"query-input\":{\"@type\":\"PropertyValueSpecification\",\"valueRequired\":true,\"valueName\":\"search_term_string\"}}],\"inLanguage\":\"es-CL\"},{\"@type\":\"Organization\",\"@id\":\"https:\/\/dev.explora.cl\/magallanes\/#organization\",\"name\":\"Magallanes\",\"url\":\"https:\/\/dev.explora.cl\/magallanes\/\",\"logo\":{\"@type\":\"ImageObject\",\"inLanguage\":\"es-CL\",\"@id\":\"https:\/\/dev.explora.cl\/magallanes\/#\/schema\/logo\/image\/\",\"url\":\"https:\/\/dev.explora.cl\/magallanes\/wp-content\/uploads\/sites\/19\/2021\/06\/cropped-ICONO-COLOR-2.jpg\",\"contentUrl\":\"https:\/\/dev.explora.cl\/magallanes\/wp-content\/uploads\/sites\/19\/2021\/06\/cropped-ICONO-COLOR-2.jpg\",\"width\":1181,\"height\":1181,\"caption\":\"Magallanes\"},\"image\":{\"@id\":\"https:\/\/dev.explora.cl\/magallanes\/#\/schema\/logo\/image\/\"}},{\"@type\":\"Person\",\"@id\":\"https:\/\/dev.explora.cl\/magallanes\/#\/schema\/person\/cb8349c13ea2d324080adf8480d7ba5d\",\"name\":\"webman\",\"image\":{\"@type\":\"ImageObject\",\"inLanguage\":\"es-CL\",\"@id\":\"https:\/\/dev.explora.cl\/magallanes\/#\/schema\/person\/image\/\",\"url\":\"https:\/\/secure.gravatar.com\/avatar\/eeff3c82f2c02f7177d13663b7e6f890e9a6a0647ce9bb29cae02dcb094c7312?s=96&d=mm&r=g\",\"contentUrl\":\"https:\/\/secure.gravatar.com\/avatar\/eeff3c82f2c02f7177d13663b7e6f890e9a6a0647ce9bb29cae02dcb094c7312?s=96&d=mm&r=g\",\"caption\":\"webman\"},\"url\":\"https:\/\/dev.explora.cl\/magallanes\/author\/webman\/\"}]}<\/script>\n<!-- \/ Yoast SEO plugin. -->","yoast_head_json":{"title":"Exitosa celebraci\u00f3n en torno a la Ciencia reuni\u00f3 a familias, colegios y jardines infantiles - Magallanes","robots":{"index":"index","follow":"follow","max-snippet":"max-snippet:-1","max-image-preview":"max-image-preview:large","max-video-preview":"max-video-preview:-1"},"canonical":"https:\/\/dev.explora.cl\/magallanes\/exitosa-celebracion-en-torno-a-la-ciencia-reunio-a-familias-colegios-y-jardines-infantiles\/","og_locale":"es_ES","og_type":"article","og_title":"Exitosa celebraci\u00f3n en torno a la Ciencia reuni\u00f3 a familias, colegios y jardines infantiles - Magallanes","og_description":"Familias magall\u00e1nicas, representantes de los colegios y jardines infantiles desafiaron el fr\u00edo y el viento reinante y pudieron disfrutar de la segunda versi\u00f3n de la Fiesta de la Ciencia que se desarroll\u00f3 el viernes pasado en Plaza de Armas Benjam\u00edn Mu\u00f1oz Gamero de Punta Arenas. Evento cient\u00edfico y tecnol\u00f3gico que fue organizado por el Proyecto [&hellip;]","og_url":"https:\/\/dev.explora.cl\/magallanes\/exitosa-celebracion-en-torno-a-la-ciencia-reunio-a-familias-colegios-y-jardines-infantiles\/","og_site_name":"Magallanes","article_published_time":"2017-10-10T04:00:00+00:00","article_modified_time":"2019-05-20T21:35:10+00:00","og_image":[{"width":1024,"height":683,"url":"https:\/\/dev.explora.cl\/magallanes\/wp-content\/uploads\/sites\/19\/2018\/06\/cuentacuentosfiestadelaciencia.jpg","type":"image\/jpeg"}],"author":"webman","twitter_card":"summary_large_image","twitter_misc":{"Escrito por":"webman","Tiempo estimado de lectura":"4 minutos"},"schema":{"@context":"https:\/\/schema.org","@graph":[{"@type":"Article","@id":"https:\/\/dev.explora.cl\/magallanes\/exitosa-celebracion-en-torno-a-la-ciencia-reunio-a-familias-colegios-y-jardines-infantiles\/#article","isPartOf":{"@id":"https:\/\/dev.explora.cl\/magallanes\/exitosa-celebracion-en-torno-a-la-ciencia-reunio-a-familias-colegios-y-jardines-infantiles\/"},"author":{"name":"webman","@id":"https:\/\/dev.explora.cl\/magallanes\/#\/schema\/person\/cb8349c13ea2d324080adf8480d7ba5d"},"headline":"Exitosa celebraci\u00f3n en torno a la Ciencia reuni\u00f3 a familias, colegios y jardines infantiles","datePublished":"2017-10-10T04:00:00+00:00","dateModified":"2019-05-20T21:35:10+00:00","mainEntityOfPage":{"@id":"https:\/\/dev.explora.cl\/magallanes\/exitosa-celebracion-en-torno-a-la-ciencia-reunio-a-familias-colegios-y-jardines-infantiles\/"},"wordCount":869,"commentCount":0,"publisher":{"@id":"https:\/\/dev.explora.cl\/magallanes\/#organization"},"image":{"@id":"https:\/\/dev.explora.cl\/magallanes\/exitosa-celebracion-en-torno-a-la-ciencia-reunio-a-familias-colegios-y-jardines-infantiles\/#primaryimage"},"thumbnailUrl":"https:\/\/dev.explora.cl\/magallanes\/wp-content\/uploads\/sites\/19\/2018\/06\/cuentacuentosfiestadelaciencia.jpg","articleSection":["Noticias"],"inLanguage":"es-CL","potentialAction":[{"@type":"CommentAction","name":"Comment","target":["https:\/\/dev.explora.cl\/magallanes\/exitosa-celebracion-en-torno-a-la-ciencia-reunio-a-familias-colegios-y-jardines-infantiles\/#respond"]}]},{"@type":"WebPage","@id":"https:\/\/dev.explora.cl\/magallanes\/exitosa-celebracion-en-torno-a-la-ciencia-reunio-a-familias-colegios-y-jardines-infantiles\/","url":"https:\/\/dev.explora.cl\/magallanes\/exitosa-celebracion-en-torno-a-la-ciencia-reunio-a-familias-colegios-y-jardines-infantiles\/","name":"Exitosa celebraci\u00f3n en torno a la Ciencia reuni\u00f3 a familias, colegios y jardines infantiles - Magallanes","isPartOf":{"@id":"https:\/\/dev.explora.cl\/magallanes\/#website"},"primaryImageOfPage":{"@id":"https:\/\/dev.explora.cl\/magallanes\/exitosa-celebracion-en-torno-a-la-ciencia-reunio-a-familias-colegios-y-jardines-infantiles\/#primaryimage"},"image":{"@id":"https:\/\/dev.explora.cl\/magallanes\/exitosa-celebracion-en-torno-a-la-ciencia-reunio-a-familias-colegios-y-jardines-infantiles\/#primaryimage"},"thumbnailUrl":"https:\/\/dev.explora.cl\/magallanes\/wp-content\/uploads\/sites\/19\/2018\/06\/cuentacuentosfiestadelaciencia.jpg","datePublished":"2017-10-10T04:00:00+00:00","dateModified":"2019-05-20T21:35:10+00:00","breadcrumb":{"@id":"https:\/\/dev.explora.cl\/magallanes\/exitosa-celebracion-en-torno-a-la-ciencia-reunio-a-familias-colegios-y-jardines-infantiles\/#breadcrumb"},"inLanguage":"es-CL","potentialAction":[{"@type":"ReadAction","target":["https:\/\/dev.explora.cl\/magallanes\/exitosa-celebracion-en-torno-a-la-ciencia-reunio-a-familias-colegios-y-jardines-infantiles\/"]}]},{"@type":"ImageObject","inLanguage":"es-CL","@id":"https:\/\/dev.explora.cl\/magallanes\/exitosa-celebracion-en-torno-a-la-ciencia-reunio-a-familias-colegios-y-jardines-infantiles\/#primaryimage","url":"https:\/\/dev.explora.cl\/magallanes\/wp-content\/uploads\/sites\/19\/2018\/06\/cuentacuentosfiestadelaciencia.jpg","contentUrl":"https:\/\/dev.explora.cl\/magallanes\/wp-content\/uploads\/sites\/19\/2018\/06\/cuentacuentosfiestadelaciencia.jpg","width":1024,"height":683,"caption":"cuentacuentosfiestadelaciencia"},{"@type":"BreadcrumbList","@id":"https:\/\/dev.explora.cl\/magallanes\/exitosa-celebracion-en-torno-a-la-ciencia-reunio-a-familias-colegios-y-jardines-infantiles\/#breadcrumb","itemListElement":[{"@type":"ListItem","position":1,"name":"Portada","item":"https:\/\/dev.explora.cl\/magallanes\/"},{"@type":"ListItem","position":2,"name":"Exitosa celebraci\u00f3n en torno a la Ciencia reuni\u00f3 a familias, colegios y jardines infantiles"}]},{"@type":"WebSite","@id":"https:\/\/dev.explora.cl\/magallanes\/#website","url":"https:\/\/dev.explora.cl\/magallanes\/","name":"Magallanes","description":"Otro sitio m\u00e1s de dev.explora.cl","publisher":{"@id":"https:\/\/dev.explora.cl\/magallanes\/#organization"},"potentialAction":[{"@type":"SearchAction","target":{"@type":"EntryPoint","urlTemplate":"https:\/\/dev.explora.cl\/magallanes\/?s={search_term_string}"},"query-input":{"@type":"PropertyValueSpecification","valueRequired":true,"valueName":"search_term_string"}}],"inLanguage":"es-CL"},{"@type":"Organization","@id":"https:\/\/dev.explora.cl\/magallanes\/#organization","name":"Magallanes","url":"https:\/\/dev.explora.cl\/magallanes\/","logo":{"@type":"ImageObject","inLanguage":"es-CL","@id":"https:\/\/dev.explora.cl\/magallanes\/#\/schema\/logo\/image\/","url":"https:\/\/dev.explora.cl\/magallanes\/wp-content\/uploads\/sites\/19\/2021\/06\/cropped-ICONO-COLOR-2.jpg","contentUrl":"https:\/\/dev.explora.cl\/magallanes\/wp-content\/uploads\/sites\/19\/2021\/06\/cropped-ICONO-COLOR-2.jpg","width":1181,"height":1181,"caption":"Magallanes"},"image":{"@id":"https:\/\/dev.explora.cl\/magallanes\/#\/schema\/logo\/image\/"}},{"@type":"Person","@id":"https:\/\/dev.explora.cl\/magallanes\/#\/schema\/person\/cb8349c13ea2d324080adf8480d7ba5d","name":"webman","image":{"@type":"ImageObject","inLanguage":"es-CL","@id":"https:\/\/dev.explora.cl\/magallanes\/#\/schema\/person\/image\/","url":"https:\/\/secure.gravatar.com\/avatar\/eeff3c82f2c02f7177d13663b7e6f890e9a6a0647ce9bb29cae02dcb094c7312?s=96&d=mm&r=g","contentUrl":"https:\/\/secure.gravatar.com\/avatar\/eeff3c82f2c02f7177d13663b7e6f890e9a6a0647ce9bb29cae02dcb094c7312?s=96&d=mm&r=g","caption":"webman"},"url":"https:\/\/dev.explora.cl\/magallanes\/author\/webman\/"}]}},"_links":{"self":[{"href":"https:\/\/dev.explora.cl\/magallanes\/wp-json\/wp\/v2\/posts\/788","targetHints":{"allow":["GET"]}}],"collection":[{"href":"https:\/\/dev.explora.cl\/magallanes\/wp-json\/wp\/v2\/posts"}],"about":[{"href":"https:\/\/dev.explora.cl\/magallanes\/wp-json\/wp\/v2\/types\/post"}],"author":[{"embeddable":true,"href":"https:\/\/dev.explora.cl\/magallanes\/wp-json\/wp\/v2\/users\/2"}],"replies":[{"embeddable":true,"href":"https:\/\/dev.explora.cl\/magallanes\/wp-json\/wp\/v2\/comments?post=788"}],"version-history":[{"count":1,"href":"https:\/\/dev.explora.cl\/magallanes\/wp-json\/wp\/v2\/posts\/788\/revisions"}],"predecessor-version":[{"id":37659,"href":"https:\/\/dev.explora.cl\/magallanes\/wp-json\/wp\/v2\/posts\/788\/revisions\/37659"}],"wp:featuredmedia":[{"embeddable":true,"href":"https:\/\/dev.explora.cl\/magallanes\/wp-json\/wp\/v2\/media\/789"}],"wp:attachment":[{"href":"https:\/\/dev.explora.cl\/magallanes\/wp-json\/wp\/v2\/media?parent=788"}],"wp:term":[{"taxonomy":"category","embeddable":true,"href":"https:\/\/dev.explora.cl\/magallanes\/wp-json\/wp\/v2\/categories?post=788"},{"taxonomy":"post_tag","embeddable":true,"href":"https:\/\/dev.explora.cl\/magallanes\/wp-json\/wp\/v2\/tags?post=788"}],"curies":[{"name":"wp","href":"https:\/\/api.w.org\/{rel}","templated":true}]}}