{"id":786,"date":"2017-10-04T00:00:00","date_gmt":"2017-10-04T04:00:00","guid":{"rendered":"https:\/\/dev.explora.cl\/magallanes\/blog\/2017\/10\/04\/magallanes-vivira-una-nueva-version-de-la-fiesta-de-la-ciencia-todos-invitados\/"},"modified":"2019-05-20T21:35:13","modified_gmt":"2019-05-20T21:35:13","slug":"magallanes-vivira-una-nueva-version-de-la-fiesta-de-la-ciencia-todos-invitados","status":"publish","type":"post","link":"https:\/\/dev.explora.cl\/magallanes\/magallanes-vivira-una-nueva-version-de-la-fiesta-de-la-ciencia-todos-invitados\/","title":{"rendered":"Magallanes vivir\u00e1 una nueva versi\u00f3n de la Fiesta de la Ciencia \u00a1Todos invitados!"},"content":{"rendered":"<p><img loading=\"lazy\" decoding=\"async\" class=\" size-full wp-image-28144\" src=\"http:\/\/ec2-54-245-22-188.us-west-2.compute.amazonaws.com\/wp-content\/uploads\/2017\/10\/FIESTA_DE_LA_CIENCIA_001.jpg\" alt=\"FIESTA DE LA CIENCIA 001\" width=\"1200\" height=\"800\" \/><\/p>\n<p>M\u00e1s de dos mil personas participaron de la Fiesta de la Ciencia 2016, y en esta segunda versi\u00f3n se pretende encantar a grandes y a chicos con una feria educativa cient\u00edfica al aire libre donde est\u00e1 invitada toda la familia magall\u00e1nica. El evento se llevar\u00e1 a cabo este viernes 6 de octubre a contar de las 09 horas en la Plaza de Armas Benjam\u00edn Mu\u00f1oz Gamero de Punta Arenas.<\/p>\n<p>Cabe destacar que esta actividad es organizada por el Proyecto Asociativo Regional (PAR) Explora de CONICYT Magallanes y de la Ant\u00e1rtica Chilena de la Universidad de Magallanes y participan distintas instituciones p\u00fablicas y privadas de la regi\u00f3n que muestran su quehacer a la comunidad.<\/p>\n<p>Estas son: Fundaci\u00f3n CEQUA, Instituto de Fomento Pesquero (IFOP), Instituto de Investigaci\u00f3n Agropecuaria (INIA), Centro Bah\u00eda Lomas, Parque Etnobot\u00e1nico Omora, GASCO Magallanes, Aguas Magallanes, Instituto Ant\u00e1rtico Chileno (INACH), Corporaci\u00f3n Nacional Forestal (CONAF), Instituto Nacional de la Juventud (INJUV), Instituto Nacional de Deportes (IND), Consejo Regional de la Cultura y las Artes a trav\u00e9s de los Centros de Creaci\u00f3n, el Programa Yo Aperro de la Ilustre Municipalidad de Punta Arenas, la Carrera de Enfermer\u00eda de la Universidad de Magallanes y la Gobernaci\u00f3n Provincial de Magallanes.<\/p>\n<p>De manera simult\u00e1nea y al igual que el a\u00f1o anterior, PAR Explora Magallanes, organiza el Concurso \u201cPinta tu calle\u201d donde se dibujar\u00e1 con tiza en el suelo la tem\u00e1tica del a\u00f1o del Programa Explora de CONICYT, que es Oc\u00e9anos. Para lo cual los profesores y educadores pueden inscribir grupos de tres a cinco estudiantes de educaci\u00f3n b\u00e1sica o parvularia de Punta Arenas al correo: <a href=\"mailto:vinculacionescolar.exploramag@gmail.com\">vinculacionescolar.exploramag@gmail.com<\/a><\/p>\n<p><strong>Actividades en Puerto Williams, Puerto Natales y Porvenir<\/strong><\/p>\n<p>Tambi\u00e9n habr\u00e1 actividades educativas en paralelo con la comunidad del Liceo Donald McIntyre Griffiths de Puerto Williams y Parque Etnobot\u00e1nico Omora. En tanto, ese d\u00eda viernes 06 a contar de las 08.30 horas en las comunas de Porvenir (Liceo Polivalente Hernando de Magallanes) y Puerto Natales (Liceo Polit\u00e9cnico Luis Cruz Mart\u00ednez), se efectuar\u00e1 la muestra escolar \u201cCiencia, Mar y Gastronom\u00eda\u201d que cuenta con el apoyo de la Wildlife Conservation Society (WCS), con el Proyecto de Valoraci\u00f3n Explora 2015 CIMAGA Patagonia y la Sociedad Chilena de Ciencias del Mar.<\/p>\n<p>La finalidad de este evento es promover la adquisici\u00f3n de conocimientos en torno a la biodiversidad marina end\u00e9mica de la Patagonia Chilena, como alimentos de alto valor nutricional y como patrimonio y reservorio para la alimentaci\u00f3n.<\/p>\n","protected":false},"excerpt":{"rendered":"<p>M\u00e1s de dos mil personas participaron de la Fiesta de la Ciencia 2016, y en esta segunda versi\u00f3n se pretende encantar a grandes y a chicos con una feria educativa cient\u00edfica al aire libre donde est\u00e1 invitada toda la familia magall\u00e1nica. El evento se llevar\u00e1 a cabo este viernes 6 de octubre a contar de [&hellip;]<\/p>\n","protected":false},"author":2,"featured_media":787,"comment_status":"open","ping_status":"open","sticky":false,"template":"","format":"standard","meta":{"_acf_changed":false,"_exactmetrics_skip_tracking":false,"_exactmetrics_sitenote_active":false,"_exactmetrics_sitenote_note":"","_exactmetrics_sitenote_category":0,"footnotes":"","_links_to":"","_links_to_target":""},"categories":[4],"tags":[],"class_list":["post-786","post","type-post","status-publish","format-standard","has-post-thumbnail","hentry","category-noticias"],"acf":[],"yoast_head":"<!-- This site is optimized with the Yoast SEO plugin v26.7 - https:\/\/yoast.com\/wordpress\/plugins\/seo\/ -->\n<title>Magallanes vivir\u00e1 una nueva versi\u00f3n de la Fiesta de la Ciencia \u00a1Todos invitados! - Magallanes<\/title>\n<meta name=\"robots\" content=\"index, follow, max-snippet:-1, max-image-preview:large, max-video-preview:-1\" \/>\n<link rel=\"canonical\" href=\"https:\/\/dev.explora.cl\/magallanes\/magallanes-vivira-una-nueva-version-de-la-fiesta-de-la-ciencia-todos-invitados\/\" class=\"yoast-seo-meta-tag\" \/>\n<meta property=\"og:locale\" content=\"es_ES\" class=\"yoast-seo-meta-tag\" \/>\n<meta property=\"og:type\" content=\"article\" class=\"yoast-seo-meta-tag\" \/>\n<meta property=\"og:title\" content=\"Magallanes vivir\u00e1 una nueva versi\u00f3n de la Fiesta de la Ciencia \u00a1Todos invitados! - Magallanes\" class=\"yoast-seo-meta-tag\" \/>\n<meta property=\"og:description\" content=\"M\u00e1s de dos mil personas participaron de la Fiesta de la Ciencia 2016, y en esta segunda versi\u00f3n se pretende encantar a grandes y a chicos con una feria educativa cient\u00edfica al aire libre donde est\u00e1 invitada toda la familia magall\u00e1nica. El evento se llevar\u00e1 a cabo este viernes 6 de octubre a contar de [&hellip;]\" class=\"yoast-seo-meta-tag\" \/>\n<meta property=\"og:url\" content=\"https:\/\/dev.explora.cl\/magallanes\/magallanes-vivira-una-nueva-version-de-la-fiesta-de-la-ciencia-todos-invitados\/\" class=\"yoast-seo-meta-tag\" \/>\n<meta property=\"og:site_name\" content=\"Magallanes\" class=\"yoast-seo-meta-tag\" \/>\n<meta property=\"article:published_time\" content=\"2017-10-04T04:00:00+00:00\" class=\"yoast-seo-meta-tag\" \/>\n<meta property=\"article:modified_time\" content=\"2019-05-20T21:35:13+00:00\" class=\"yoast-seo-meta-tag\" \/>\n<meta property=\"og:image\" content=\"https:\/\/dev.explora.cl\/magallanes\/wp-content\/uploads\/sites\/19\/2018\/06\/FIESTA_DE_LA_CIENCIA_001.jpg\" class=\"yoast-seo-meta-tag\" \/>\n\t<meta property=\"og:image:width\" content=\"1200\" class=\"yoast-seo-meta-tag\" \/>\n\t<meta property=\"og:image:height\" content=\"800\" class=\"yoast-seo-meta-tag\" \/>\n\t<meta property=\"og:image:type\" content=\"image\/jpeg\" class=\"yoast-seo-meta-tag\" \/>\n<meta name=\"author\" content=\"webman\" class=\"yoast-seo-meta-tag\" \/>\n<meta name=\"twitter:card\" content=\"summary_large_image\" class=\"yoast-seo-meta-tag\" \/>\n<meta name=\"twitter:label1\" content=\"Escrito por\" class=\"yoast-seo-meta-tag\" \/>\n\t<meta name=\"twitter:data1\" content=\"webman\" class=\"yoast-seo-meta-tag\" \/>\n\t<meta name=\"twitter:label2\" content=\"Tiempo estimado de lectura\" class=\"yoast-seo-meta-tag\" \/>\n\t<meta name=\"twitter:data2\" content=\"2 minutos\" class=\"yoast-seo-meta-tag\" \/>\n<script type=\"application\/ld+json\" class=\"yoast-schema-graph\">{\"@context\":\"https:\/\/schema.org\",\"@graph\":[{\"@type\":\"Article\",\"@id\":\"https:\/\/dev.explora.cl\/magallanes\/magallanes-vivira-una-nueva-version-de-la-fiesta-de-la-ciencia-todos-invitados\/#article\",\"isPartOf\":{\"@id\":\"https:\/\/dev.explora.cl\/magallanes\/magallanes-vivira-una-nueva-version-de-la-fiesta-de-la-ciencia-todos-invitados\/\"},\"author\":{\"name\":\"webman\",\"@id\":\"https:\/\/dev.explora.cl\/magallanes\/#\/schema\/person\/cb8349c13ea2d324080adf8480d7ba5d\"},\"headline\":\"Magallanes vivir\u00e1 una nueva versi\u00f3n de la Fiesta de la Ciencia \u00a1Todos invitados!\",\"datePublished\":\"2017-10-04T04:00:00+00:00\",\"dateModified\":\"2019-05-20T21:35:13+00:00\",\"mainEntityOfPage\":{\"@id\":\"https:\/\/dev.explora.cl\/magallanes\/magallanes-vivira-una-nueva-version-de-la-fiesta-de-la-ciencia-todos-invitados\/\"},\"wordCount\":441,\"commentCount\":0,\"publisher\":{\"@id\":\"https:\/\/dev.explora.cl\/magallanes\/#organization\"},\"image\":{\"@id\":\"https:\/\/dev.explora.cl\/magallanes\/magallanes-vivira-una-nueva-version-de-la-fiesta-de-la-ciencia-todos-invitados\/#primaryimage\"},\"thumbnailUrl\":\"https:\/\/dev.explora.cl\/magallanes\/wp-content\/uploads\/sites\/19\/2018\/06\/FIESTA_DE_LA_CIENCIA_001.jpg\",\"articleSection\":[\"Noticias\"],\"inLanguage\":\"es-CL\",\"potentialAction\":[{\"@type\":\"CommentAction\",\"name\":\"Comment\",\"target\":[\"https:\/\/dev.explora.cl\/magallanes\/magallanes-vivira-una-nueva-version-de-la-fiesta-de-la-ciencia-todos-invitados\/#respond\"]}]},{\"@type\":\"WebPage\",\"@id\":\"https:\/\/dev.explora.cl\/magallanes\/magallanes-vivira-una-nueva-version-de-la-fiesta-de-la-ciencia-todos-invitados\/\",\"url\":\"https:\/\/dev.explora.cl\/magallanes\/magallanes-vivira-una-nueva-version-de-la-fiesta-de-la-ciencia-todos-invitados\/\",\"name\":\"Magallanes vivir\u00e1 una nueva versi\u00f3n de la Fiesta de la Ciencia \u00a1Todos invitados! - Magallanes\",\"isPartOf\":{\"@id\":\"https:\/\/dev.explora.cl\/magallanes\/#website\"},\"primaryImageOfPage\":{\"@id\":\"https:\/\/dev.explora.cl\/magallanes\/magallanes-vivira-una-nueva-version-de-la-fiesta-de-la-ciencia-todos-invitados\/#primaryimage\"},\"image\":{\"@id\":\"https:\/\/dev.explora.cl\/magallanes\/magallanes-vivira-una-nueva-version-de-la-fiesta-de-la-ciencia-todos-invitados\/#primaryimage\"},\"thumbnailUrl\":\"https:\/\/dev.explora.cl\/magallanes\/wp-content\/uploads\/sites\/19\/2018\/06\/FIESTA_DE_LA_CIENCIA_001.jpg\",\"datePublished\":\"2017-10-04T04:00:00+00:00\",\"dateModified\":\"2019-05-20T21:35:13+00:00\",\"breadcrumb\":{\"@id\":\"https:\/\/dev.explora.cl\/magallanes\/magallanes-vivira-una-nueva-version-de-la-fiesta-de-la-ciencia-todos-invitados\/#breadcrumb\"},\"inLanguage\":\"es-CL\",\"potentialAction\":[{\"@type\":\"ReadAction\",\"target\":[\"https:\/\/dev.explora.cl\/magallanes\/magallanes-vivira-una-nueva-version-de-la-fiesta-de-la-ciencia-todos-invitados\/\"]}]},{\"@type\":\"ImageObject\",\"inLanguage\":\"es-CL\",\"@id\":\"https:\/\/dev.explora.cl\/magallanes\/magallanes-vivira-una-nueva-version-de-la-fiesta-de-la-ciencia-todos-invitados\/#primaryimage\",\"url\":\"https:\/\/dev.explora.cl\/magallanes\/wp-content\/uploads\/sites\/19\/2018\/06\/FIESTA_DE_LA_CIENCIA_001.jpg\",\"contentUrl\":\"https:\/\/dev.explora.cl\/magallanes\/wp-content\/uploads\/sites\/19\/2018\/06\/FIESTA_DE_LA_CIENCIA_001.jpg\",\"width\":1200,\"height\":800,\"caption\":\"FIESTA DE LA CIENCIA 001\"},{\"@type\":\"BreadcrumbList\",\"@id\":\"https:\/\/dev.explora.cl\/magallanes\/magallanes-vivira-una-nueva-version-de-la-fiesta-de-la-ciencia-todos-invitados\/#breadcrumb\",\"itemListElement\":[{\"@type\":\"ListItem\",\"position\":1,\"name\":\"Portada\",\"item\":\"https:\/\/dev.explora.cl\/magallanes\/\"},{\"@type\":\"ListItem\",\"position\":2,\"name\":\"Magallanes vivir\u00e1 una nueva versi\u00f3n de la Fiesta de la Ciencia \u00a1Todos invitados!\"}]},{\"@type\":\"WebSite\",\"@id\":\"https:\/\/dev.explora.cl\/magallanes\/#website\",\"url\":\"https:\/\/dev.explora.cl\/magallanes\/\",\"name\":\"Magallanes\",\"description\":\"Otro sitio m\u00e1s de dev.explora.cl\",\"publisher\":{\"@id\":\"https:\/\/dev.explora.cl\/magallanes\/#organization\"},\"potentialAction\":[{\"@type\":\"SearchAction\",\"target\":{\"@type\":\"EntryPoint\",\"urlTemplate\":\"https:\/\/dev.explora.cl\/magallanes\/?s={search_term_string}\"},\"query-input\":{\"@type\":\"PropertyValueSpecification\",\"valueRequired\":true,\"valueName\":\"search_term_string\"}}],\"inLanguage\":\"es-CL\"},{\"@type\":\"Organization\",\"@id\":\"https:\/\/dev.explora.cl\/magallanes\/#organization\",\"name\":\"Magallanes\",\"url\":\"https:\/\/dev.explora.cl\/magallanes\/\",\"logo\":{\"@type\":\"ImageObject\",\"inLanguage\":\"es-CL\",\"@id\":\"https:\/\/dev.explora.cl\/magallanes\/#\/schema\/logo\/image\/\",\"url\":\"https:\/\/dev.explora.cl\/magallanes\/wp-content\/uploads\/sites\/19\/2021\/06\/cropped-ICONO-COLOR-2.jpg\",\"contentUrl\":\"https:\/\/dev.explora.cl\/magallanes\/wp-content\/uploads\/sites\/19\/2021\/06\/cropped-ICONO-COLOR-2.jpg\",\"width\":1181,\"height\":1181,\"caption\":\"Magallanes\"},\"image\":{\"@id\":\"https:\/\/dev.explora.cl\/magallanes\/#\/schema\/logo\/image\/\"}},{\"@type\":\"Person\",\"@id\":\"https:\/\/dev.explora.cl\/magallanes\/#\/schema\/person\/cb8349c13ea2d324080adf8480d7ba5d\",\"name\":\"webman\",\"image\":{\"@type\":\"ImageObject\",\"inLanguage\":\"es-CL\",\"@id\":\"https:\/\/dev.explora.cl\/magallanes\/#\/schema\/person\/image\/\",\"url\":\"https:\/\/secure.gravatar.com\/avatar\/eeff3c82f2c02f7177d13663b7e6f890e9a6a0647ce9bb29cae02dcb094c7312?s=96&d=mm&r=g\",\"contentUrl\":\"https:\/\/secure.gravatar.com\/avatar\/eeff3c82f2c02f7177d13663b7e6f890e9a6a0647ce9bb29cae02dcb094c7312?s=96&d=mm&r=g\",\"caption\":\"webman\"},\"url\":\"https:\/\/dev.explora.cl\/magallanes\/author\/webman\/\"}]}<\/script>\n<!-- \/ Yoast SEO plugin. -->","yoast_head_json":{"title":"Magallanes vivir\u00e1 una nueva versi\u00f3n de la Fiesta de la Ciencia \u00a1Todos invitados! - Magallanes","robots":{"index":"index","follow":"follow","max-snippet":"max-snippet:-1","max-image-preview":"max-image-preview:large","max-video-preview":"max-video-preview:-1"},"canonical":"https:\/\/dev.explora.cl\/magallanes\/magallanes-vivira-una-nueva-version-de-la-fiesta-de-la-ciencia-todos-invitados\/","og_locale":"es_ES","og_type":"article","og_title":"Magallanes vivir\u00e1 una nueva versi\u00f3n de la Fiesta de la Ciencia \u00a1Todos invitados! - Magallanes","og_description":"M\u00e1s de dos mil personas participaron de la Fiesta de la Ciencia 2016, y en esta segunda versi\u00f3n se pretende encantar a grandes y a chicos con una feria educativa cient\u00edfica al aire libre donde est\u00e1 invitada toda la familia magall\u00e1nica. El evento se llevar\u00e1 a cabo este viernes 6 de octubre a contar de [&hellip;]","og_url":"https:\/\/dev.explora.cl\/magallanes\/magallanes-vivira-una-nueva-version-de-la-fiesta-de-la-ciencia-todos-invitados\/","og_site_name":"Magallanes","article_published_time":"2017-10-04T04:00:00+00:00","article_modified_time":"2019-05-20T21:35:13+00:00","og_image":[{"width":1200,"height":800,"url":"https:\/\/dev.explora.cl\/magallanes\/wp-content\/uploads\/sites\/19\/2018\/06\/FIESTA_DE_LA_CIENCIA_001.jpg","type":"image\/jpeg"}],"author":"webman","twitter_card":"summary_large_image","twitter_misc":{"Escrito por":"webman","Tiempo estimado de lectura":"2 minutos"},"schema":{"@context":"https:\/\/schema.org","@graph":[{"@type":"Article","@id":"https:\/\/dev.explora.cl\/magallanes\/magallanes-vivira-una-nueva-version-de-la-fiesta-de-la-ciencia-todos-invitados\/#article","isPartOf":{"@id":"https:\/\/dev.explora.cl\/magallanes\/magallanes-vivira-una-nueva-version-de-la-fiesta-de-la-ciencia-todos-invitados\/"},"author":{"name":"webman","@id":"https:\/\/dev.explora.cl\/magallanes\/#\/schema\/person\/cb8349c13ea2d324080adf8480d7ba5d"},"headline":"Magallanes vivir\u00e1 una nueva versi\u00f3n de la Fiesta de la Ciencia \u00a1Todos invitados!","datePublished":"2017-10-04T04:00:00+00:00","dateModified":"2019-05-20T21:35:13+00:00","mainEntityOfPage":{"@id":"https:\/\/dev.explora.cl\/magallanes\/magallanes-vivira-una-nueva-version-de-la-fiesta-de-la-ciencia-todos-invitados\/"},"wordCount":441,"commentCount":0,"publisher":{"@id":"https:\/\/dev.explora.cl\/magallanes\/#organization"},"image":{"@id":"https:\/\/dev.explora.cl\/magallanes\/magallanes-vivira-una-nueva-version-de-la-fiesta-de-la-ciencia-todos-invitados\/#primaryimage"},"thumbnailUrl":"https:\/\/dev.explora.cl\/magallanes\/wp-content\/uploads\/sites\/19\/2018\/06\/FIESTA_DE_LA_CIENCIA_001.jpg","articleSection":["Noticias"],"inLanguage":"es-CL","potentialAction":[{"@type":"CommentAction","name":"Comment","target":["https:\/\/dev.explora.cl\/magallanes\/magallanes-vivira-una-nueva-version-de-la-fiesta-de-la-ciencia-todos-invitados\/#respond"]}]},{"@type":"WebPage","@id":"https:\/\/dev.explora.cl\/magallanes\/magallanes-vivira-una-nueva-version-de-la-fiesta-de-la-ciencia-todos-invitados\/","url":"https:\/\/dev.explora.cl\/magallanes\/magallanes-vivira-una-nueva-version-de-la-fiesta-de-la-ciencia-todos-invitados\/","name":"Magallanes vivir\u00e1 una nueva versi\u00f3n de la Fiesta de la Ciencia \u00a1Todos invitados! - Magallanes","isPartOf":{"@id":"https:\/\/dev.explora.cl\/magallanes\/#website"},"primaryImageOfPage":{"@id":"https:\/\/dev.explora.cl\/magallanes\/magallanes-vivira-una-nueva-version-de-la-fiesta-de-la-ciencia-todos-invitados\/#primaryimage"},"image":{"@id":"https:\/\/dev.explora.cl\/magallanes\/magallanes-vivira-una-nueva-version-de-la-fiesta-de-la-ciencia-todos-invitados\/#primaryimage"},"thumbnailUrl":"https:\/\/dev.explora.cl\/magallanes\/wp-content\/uploads\/sites\/19\/2018\/06\/FIESTA_DE_LA_CIENCIA_001.jpg","datePublished":"2017-10-04T04:00:00+00:00","dateModified":"2019-05-20T21:35:13+00:00","breadcrumb":{"@id":"https:\/\/dev.explora.cl\/magallanes\/magallanes-vivira-una-nueva-version-de-la-fiesta-de-la-ciencia-todos-invitados\/#breadcrumb"},"inLanguage":"es-CL","potentialAction":[{"@type":"ReadAction","target":["https:\/\/dev.explora.cl\/magallanes\/magallanes-vivira-una-nueva-version-de-la-fiesta-de-la-ciencia-todos-invitados\/"]}]},{"@type":"ImageObject","inLanguage":"es-CL","@id":"https:\/\/dev.explora.cl\/magallanes\/magallanes-vivira-una-nueva-version-de-la-fiesta-de-la-ciencia-todos-invitados\/#primaryimage","url":"https:\/\/dev.explora.cl\/magallanes\/wp-content\/uploads\/sites\/19\/2018\/06\/FIESTA_DE_LA_CIENCIA_001.jpg","contentUrl":"https:\/\/dev.explora.cl\/magallanes\/wp-content\/uploads\/sites\/19\/2018\/06\/FIESTA_DE_LA_CIENCIA_001.jpg","width":1200,"height":800,"caption":"FIESTA DE LA CIENCIA 001"},{"@type":"BreadcrumbList","@id":"https:\/\/dev.explora.cl\/magallanes\/magallanes-vivira-una-nueva-version-de-la-fiesta-de-la-ciencia-todos-invitados\/#breadcrumb","itemListElement":[{"@type":"ListItem","position":1,"name":"Portada","item":"https:\/\/dev.explora.cl\/magallanes\/"},{"@type":"ListItem","position":2,"name":"Magallanes vivir\u00e1 una nueva versi\u00f3n de la Fiesta de la Ciencia \u00a1Todos invitados!"}]},{"@type":"WebSite","@id":"https:\/\/dev.explora.cl\/magallanes\/#website","url":"https:\/\/dev.explora.cl\/magallanes\/","name":"Magallanes","description":"Otro sitio m\u00e1s de dev.explora.cl","publisher":{"@id":"https:\/\/dev.explora.cl\/magallanes\/#organization"},"potentialAction":[{"@type":"SearchAction","target":{"@type":"EntryPoint","urlTemplate":"https:\/\/dev.explora.cl\/magallanes\/?s={search_term_string}"},"query-input":{"@type":"PropertyValueSpecification","valueRequired":true,"valueName":"search_term_string"}}],"inLanguage":"es-CL"},{"@type":"Organization","@id":"https:\/\/dev.explora.cl\/magallanes\/#organization","name":"Magallanes","url":"https:\/\/dev.explora.cl\/magallanes\/","logo":{"@type":"ImageObject","inLanguage":"es-CL","@id":"https:\/\/dev.explora.cl\/magallanes\/#\/schema\/logo\/image\/","url":"https:\/\/dev.explora.cl\/magallanes\/wp-content\/uploads\/sites\/19\/2021\/06\/cropped-ICONO-COLOR-2.jpg","contentUrl":"https:\/\/dev.explora.cl\/magallanes\/wp-content\/uploads\/sites\/19\/2021\/06\/cropped-ICONO-COLOR-2.jpg","width":1181,"height":1181,"caption":"Magallanes"},"image":{"@id":"https:\/\/dev.explora.cl\/magallanes\/#\/schema\/logo\/image\/"}},{"@type":"Person","@id":"https:\/\/dev.explora.cl\/magallanes\/#\/schema\/person\/cb8349c13ea2d324080adf8480d7ba5d","name":"webman","image":{"@type":"ImageObject","inLanguage":"es-CL","@id":"https:\/\/dev.explora.cl\/magallanes\/#\/schema\/person\/image\/","url":"https:\/\/secure.gravatar.com\/avatar\/eeff3c82f2c02f7177d13663b7e6f890e9a6a0647ce9bb29cae02dcb094c7312?s=96&d=mm&r=g","contentUrl":"https:\/\/secure.gravatar.com\/avatar\/eeff3c82f2c02f7177d13663b7e6f890e9a6a0647ce9bb29cae02dcb094c7312?s=96&d=mm&r=g","caption":"webman"},"url":"https:\/\/dev.explora.cl\/magallanes\/author\/webman\/"}]}},"_links":{"self":[{"href":"https:\/\/dev.explora.cl\/magallanes\/wp-json\/wp\/v2\/posts\/786","targetHints":{"allow":["GET"]}}],"collection":[{"href":"https:\/\/dev.explora.cl\/magallanes\/wp-json\/wp\/v2\/posts"}],"about":[{"href":"https:\/\/dev.explora.cl\/magallanes\/wp-json\/wp\/v2\/types\/post"}],"author":[{"embeddable":true,"href":"https:\/\/dev.explora.cl\/magallanes\/wp-json\/wp\/v2\/users\/2"}],"replies":[{"embeddable":true,"href":"https:\/\/dev.explora.cl\/magallanes\/wp-json\/wp\/v2\/comments?post=786"}],"version-history":[{"count":1,"href":"https:\/\/dev.explora.cl\/magallanes\/wp-json\/wp\/v2\/posts\/786\/revisions"}],"predecessor-version":[{"id":37663,"href":"https:\/\/dev.explora.cl\/magallanes\/wp-json\/wp\/v2\/posts\/786\/revisions\/37663"}],"wp:featuredmedia":[{"embeddable":true,"href":"https:\/\/dev.explora.cl\/magallanes\/wp-json\/wp\/v2\/media\/787"}],"wp:attachment":[{"href":"https:\/\/dev.explora.cl\/magallanes\/wp-json\/wp\/v2\/media?parent=786"}],"wp:term":[{"taxonomy":"category","embeddable":true,"href":"https:\/\/dev.explora.cl\/magallanes\/wp-json\/wp\/v2\/categories?post=786"},{"taxonomy":"post_tag","embeddable":true,"href":"https:\/\/dev.explora.cl\/magallanes\/wp-json\/wp\/v2\/tags?post=786"}],"curies":[{"name":"wp","href":"https:\/\/api.w.org\/{rel}","templated":true}]}}