{"id":784,"date":"2017-10-02T00:00:00","date_gmt":"2017-10-02T04:00:00","guid":{"rendered":"https:\/\/dev.explora.cl\/magallanes\/blog\/2017\/10\/02\/inauguran-semana-de-la-ciencia-y-la-tecnologia-en-magallanes\/"},"modified":"2019-05-20T21:35:13","modified_gmt":"2019-05-20T21:35:13","slug":"inauguran-semana-de-la-ciencia-y-la-tecnologia-en-magallanes","status":"publish","type":"post","link":"https:\/\/dev.explora.cl\/magallanes\/inauguran-semana-de-la-ciencia-y-la-tecnologia-en-magallanes\/","title":{"rendered":"Inauguran Semana de la Ciencia y la Tecnolog\u00eda en Magallanes"},"content":{"rendered":"<p>&nbsp;<img loading=\"lazy\" decoding=\"async\" class=\" size-full wp-image-28070\" src=\"http:\/\/ec2-54-245-22-188.us-west-2.compute.amazonaws.com\/wp-content\/uploads\/2017\/10\/inauguracionsncyt.jpg\" alt=\"inauguracionsncyt\" width=\"1200\" height=\"900\" \/><\/p>\n<p>Este lunes 02 de octubre y en presencia de autoridades regionales y universitarias, adem\u00e1s de estudiantes de las escuelas Pedro Pablo Lemaitre y Espa\u00f1a, Liceo Luis Alberto Barrera y Colegio Charles Darwin se dio inicio a la XXIII versi\u00f3n de la Semana Nacional de la Ciencia y la Tecnolog\u00eda del Programa Explora de CONICYT y que a nivel regional es organizada por el PAR Explora de CONICYT Magallanes y de la Ant\u00e1rtica Chilena de la Universidad de Magallanes.<\/p>\n<p>La instancia cont\u00f3 adem\u00e1s con las charlas de la profesora de Historia y Ciencias Sociales de la Escuela Bernardo O\u2019Higgins Riquelme, Mar\u00eda Jos\u00e9 Rodr\u00edguez y del acad\u00e9mico de la Universidad de Magallanes, Dr. Am\u00e9rico Montiel, ambas intervenciones que destacaron la importancia del patrimonio social y natural del Estrecho de Magallanes.<\/p>\n<p>De esta forma, se da inicio a una semana (02 al 07 de octubre) que est\u00e1 cargada de actividades que contempla: visitas guiadas a museos y a diversas instituciones p\u00fablicas y privadas, laboratorios de la UMAG abren sus puertas para Universidad Abierta, charlas de 1000 Cient\u00edficos 1000 Aulas, Primera Muestra \u201cCiencia, Mar y Gastronom\u00eda Magallanes\u201d y la segunda versi\u00f3n de la Fiesta de la Ciencia a efectuarse el viernes 06 en Plaza de Armas de Punta Arenas.<\/p>\n<p>\u201cLa Semana Nacional de la Ciencia y la Tecnolog\u00eda tiene como objetivo llevar la Ciencia a toda la poblaci\u00f3n, que aprendan y disfruten con ella.&nbsp; En este sentido tenemos varias actividades que son para p\u00fablico estudiantil y la Fiesta de la Ciencia del d\u00eda viernes 6 que es para toda la comunidad para que vaya toda la familia a conocer el quehacer en forma entretenida de las instituciones que hacen Ciencia y Tecnolog\u00eda en Magallanes\u201d, se\u00f1al\u00f3 la coordinadora ejecutiva del PAR Explora Magallanes, Claudia Salinas.<\/p>\n<p>Martes 03<\/p>\n<p>Este martes 03 de octubre a las 09.30 horas en el Auditorio Ernesto Livacic de la Universidad de Magallanes se efectuar\u00e1 el Primer Seminario de Equidad de G\u00e9nero: \u201cMujeres Inspiradoras de la Patagonia\u201d que cuenta con el apoyo del Instituto Nacional de Derechos Humanos (INDH). La jornada tiene como objetivo general el analizar y discutir el rol de las mujeres en las Ciencias Exactas y Sociales, adem\u00e1s de ver su v\u00ednculo con la sociedad y como ellas han contribuido al desarrollo de Magallanes.<\/p>\n<p>Contar\u00e1 con la presencia de cuatro panelistas invitadas: Las acad\u00e9micas de la Universidad de Magallanes Dra. Mar\u00eda Soledad Astorga, Dra. Ingrid Hebel y Dra. Ximena Soto, adem\u00e1s de la exhibici\u00f3n de un extracto del documental \u201cMujeres notables de la Patagonia\u201d a cargo de la investigadora y productora audiovisual, Caroline Pavez Torrealba.&nbsp;<\/p>\n<p>Para conocer la programaci\u00f3n completa de la Semana, se ruega visitar la p\u00e1gina web: dev.explora.cl\/magallanes<\/p>\n","protected":false},"excerpt":{"rendered":"<p>&nbsp; Este lunes 02 de octubre y en presencia de autoridades regionales y universitarias, adem\u00e1s de estudiantes de las escuelas Pedro Pablo Lemaitre y Espa\u00f1a, Liceo Luis Alberto Barrera y Colegio Charles Darwin se dio inicio a la XXIII versi\u00f3n de la Semana Nacional de la Ciencia y la Tecnolog\u00eda del Programa Explora de CONICYT [&hellip;]<\/p>\n","protected":false},"author":2,"featured_media":785,"comment_status":"open","ping_status":"open","sticky":false,"template":"","format":"standard","meta":{"_acf_changed":false,"_exactmetrics_skip_tracking":false,"_exactmetrics_sitenote_active":false,"_exactmetrics_sitenote_note":"","_exactmetrics_sitenote_category":0,"footnotes":"","_links_to":"","_links_to_target":""},"categories":[4],"tags":[],"class_list":["post-784","post","type-post","status-publish","format-standard","has-post-thumbnail","hentry","category-noticias"],"acf":[],"yoast_head":"<!-- This site is optimized with the Yoast SEO plugin v26.7 - https:\/\/yoast.com\/wordpress\/plugins\/seo\/ -->\n<title>Inauguran Semana de la Ciencia y la Tecnolog\u00eda en Magallanes - Magallanes<\/title>\n<meta name=\"robots\" content=\"index, follow, max-snippet:-1, max-image-preview:large, max-video-preview:-1\" \/>\n<link rel=\"canonical\" href=\"https:\/\/dev.explora.cl\/magallanes\/inauguran-semana-de-la-ciencia-y-la-tecnologia-en-magallanes\/\" class=\"yoast-seo-meta-tag\" \/>\n<meta property=\"og:locale\" content=\"es_ES\" class=\"yoast-seo-meta-tag\" \/>\n<meta property=\"og:type\" content=\"article\" class=\"yoast-seo-meta-tag\" \/>\n<meta property=\"og:title\" content=\"Inauguran Semana de la Ciencia y la Tecnolog\u00eda en Magallanes - Magallanes\" class=\"yoast-seo-meta-tag\" \/>\n<meta property=\"og:description\" content=\"&nbsp; Este lunes 02 de octubre y en presencia de autoridades regionales y universitarias, adem\u00e1s de estudiantes de las escuelas Pedro Pablo Lemaitre y Espa\u00f1a, Liceo Luis Alberto Barrera y Colegio Charles Darwin se dio inicio a la XXIII versi\u00f3n de la Semana Nacional de la Ciencia y la Tecnolog\u00eda del Programa Explora de CONICYT [&hellip;]\" class=\"yoast-seo-meta-tag\" \/>\n<meta property=\"og:url\" content=\"https:\/\/dev.explora.cl\/magallanes\/inauguran-semana-de-la-ciencia-y-la-tecnologia-en-magallanes\/\" class=\"yoast-seo-meta-tag\" \/>\n<meta property=\"og:site_name\" content=\"Magallanes\" class=\"yoast-seo-meta-tag\" \/>\n<meta property=\"article:published_time\" content=\"2017-10-02T04:00:00+00:00\" class=\"yoast-seo-meta-tag\" \/>\n<meta property=\"article:modified_time\" content=\"2019-05-20T21:35:13+00:00\" class=\"yoast-seo-meta-tag\" \/>\n<meta property=\"og:image\" content=\"https:\/\/dev.explora.cl\/magallanes\/wp-content\/uploads\/sites\/19\/2018\/06\/inauguracionsncyt.jpg\" class=\"yoast-seo-meta-tag\" \/>\n\t<meta property=\"og:image:width\" content=\"1200\" class=\"yoast-seo-meta-tag\" \/>\n\t<meta property=\"og:image:height\" content=\"900\" class=\"yoast-seo-meta-tag\" \/>\n\t<meta property=\"og:image:type\" content=\"image\/jpeg\" class=\"yoast-seo-meta-tag\" \/>\n<meta name=\"author\" content=\"webman\" class=\"yoast-seo-meta-tag\" \/>\n<meta name=\"twitter:card\" content=\"summary_large_image\" class=\"yoast-seo-meta-tag\" \/>\n<meta name=\"twitter:label1\" content=\"Escrito por\" class=\"yoast-seo-meta-tag\" \/>\n\t<meta name=\"twitter:data1\" content=\"webman\" class=\"yoast-seo-meta-tag\" \/>\n\t<meta name=\"twitter:label2\" content=\"Tiempo estimado de lectura\" class=\"yoast-seo-meta-tag\" \/>\n\t<meta name=\"twitter:data2\" content=\"2 minutos\" class=\"yoast-seo-meta-tag\" \/>\n<script type=\"application\/ld+json\" class=\"yoast-schema-graph\">{\"@context\":\"https:\/\/schema.org\",\"@graph\":[{\"@type\":\"Article\",\"@id\":\"https:\/\/dev.explora.cl\/magallanes\/inauguran-semana-de-la-ciencia-y-la-tecnologia-en-magallanes\/#article\",\"isPartOf\":{\"@id\":\"https:\/\/dev.explora.cl\/magallanes\/inauguran-semana-de-la-ciencia-y-la-tecnologia-en-magallanes\/\"},\"author\":{\"name\":\"webman\",\"@id\":\"https:\/\/dev.explora.cl\/magallanes\/#\/schema\/person\/cb8349c13ea2d324080adf8480d7ba5d\"},\"headline\":\"Inauguran Semana de la Ciencia y la Tecnolog\u00eda en Magallanes\",\"datePublished\":\"2017-10-02T04:00:00+00:00\",\"dateModified\":\"2019-05-20T21:35:13+00:00\",\"mainEntityOfPage\":{\"@id\":\"https:\/\/dev.explora.cl\/magallanes\/inauguran-semana-de-la-ciencia-y-la-tecnologia-en-magallanes\/\"},\"wordCount\":478,\"commentCount\":0,\"publisher\":{\"@id\":\"https:\/\/dev.explora.cl\/magallanes\/#organization\"},\"image\":{\"@id\":\"https:\/\/dev.explora.cl\/magallanes\/inauguran-semana-de-la-ciencia-y-la-tecnologia-en-magallanes\/#primaryimage\"},\"thumbnailUrl\":\"https:\/\/dev.explora.cl\/magallanes\/wp-content\/uploads\/sites\/19\/2018\/06\/inauguracionsncyt.jpg\",\"articleSection\":[\"Noticias\"],\"inLanguage\":\"es-CL\",\"potentialAction\":[{\"@type\":\"CommentAction\",\"name\":\"Comment\",\"target\":[\"https:\/\/dev.explora.cl\/magallanes\/inauguran-semana-de-la-ciencia-y-la-tecnologia-en-magallanes\/#respond\"]}]},{\"@type\":\"WebPage\",\"@id\":\"https:\/\/dev.explora.cl\/magallanes\/inauguran-semana-de-la-ciencia-y-la-tecnologia-en-magallanes\/\",\"url\":\"https:\/\/dev.explora.cl\/magallanes\/inauguran-semana-de-la-ciencia-y-la-tecnologia-en-magallanes\/\",\"name\":\"Inauguran Semana de la Ciencia y la Tecnolog\u00eda en Magallanes - Magallanes\",\"isPartOf\":{\"@id\":\"https:\/\/dev.explora.cl\/magallanes\/#website\"},\"primaryImageOfPage\":{\"@id\":\"https:\/\/dev.explora.cl\/magallanes\/inauguran-semana-de-la-ciencia-y-la-tecnologia-en-magallanes\/#primaryimage\"},\"image\":{\"@id\":\"https:\/\/dev.explora.cl\/magallanes\/inauguran-semana-de-la-ciencia-y-la-tecnologia-en-magallanes\/#primaryimage\"},\"thumbnailUrl\":\"https:\/\/dev.explora.cl\/magallanes\/wp-content\/uploads\/sites\/19\/2018\/06\/inauguracionsncyt.jpg\",\"datePublished\":\"2017-10-02T04:00:00+00:00\",\"dateModified\":\"2019-05-20T21:35:13+00:00\",\"breadcrumb\":{\"@id\":\"https:\/\/dev.explora.cl\/magallanes\/inauguran-semana-de-la-ciencia-y-la-tecnologia-en-magallanes\/#breadcrumb\"},\"inLanguage\":\"es-CL\",\"potentialAction\":[{\"@type\":\"ReadAction\",\"target\":[\"https:\/\/dev.explora.cl\/magallanes\/inauguran-semana-de-la-ciencia-y-la-tecnologia-en-magallanes\/\"]}]},{\"@type\":\"ImageObject\",\"inLanguage\":\"es-CL\",\"@id\":\"https:\/\/dev.explora.cl\/magallanes\/inauguran-semana-de-la-ciencia-y-la-tecnologia-en-magallanes\/#primaryimage\",\"url\":\"https:\/\/dev.explora.cl\/magallanes\/wp-content\/uploads\/sites\/19\/2018\/06\/inauguracionsncyt.jpg\",\"contentUrl\":\"https:\/\/dev.explora.cl\/magallanes\/wp-content\/uploads\/sites\/19\/2018\/06\/inauguracionsncyt.jpg\",\"width\":1200,\"height\":900,\"caption\":\"inauguracionsncyt\"},{\"@type\":\"BreadcrumbList\",\"@id\":\"https:\/\/dev.explora.cl\/magallanes\/inauguran-semana-de-la-ciencia-y-la-tecnologia-en-magallanes\/#breadcrumb\",\"itemListElement\":[{\"@type\":\"ListItem\",\"position\":1,\"name\":\"Portada\",\"item\":\"https:\/\/dev.explora.cl\/magallanes\/\"},{\"@type\":\"ListItem\",\"position\":2,\"name\":\"Inauguran Semana de la Ciencia y la Tecnolog\u00eda en Magallanes\"}]},{\"@type\":\"WebSite\",\"@id\":\"https:\/\/dev.explora.cl\/magallanes\/#website\",\"url\":\"https:\/\/dev.explora.cl\/magallanes\/\",\"name\":\"Magallanes\",\"description\":\"Otro sitio m\u00e1s de dev.explora.cl\",\"publisher\":{\"@id\":\"https:\/\/dev.explora.cl\/magallanes\/#organization\"},\"potentialAction\":[{\"@type\":\"SearchAction\",\"target\":{\"@type\":\"EntryPoint\",\"urlTemplate\":\"https:\/\/dev.explora.cl\/magallanes\/?s={search_term_string}\"},\"query-input\":{\"@type\":\"PropertyValueSpecification\",\"valueRequired\":true,\"valueName\":\"search_term_string\"}}],\"inLanguage\":\"es-CL\"},{\"@type\":\"Organization\",\"@id\":\"https:\/\/dev.explora.cl\/magallanes\/#organization\",\"name\":\"Magallanes\",\"url\":\"https:\/\/dev.explora.cl\/magallanes\/\",\"logo\":{\"@type\":\"ImageObject\",\"inLanguage\":\"es-CL\",\"@id\":\"https:\/\/dev.explora.cl\/magallanes\/#\/schema\/logo\/image\/\",\"url\":\"https:\/\/dev.explora.cl\/magallanes\/wp-content\/uploads\/sites\/19\/2021\/06\/cropped-ICONO-COLOR-2.jpg\",\"contentUrl\":\"https:\/\/dev.explora.cl\/magallanes\/wp-content\/uploads\/sites\/19\/2021\/06\/cropped-ICONO-COLOR-2.jpg\",\"width\":1181,\"height\":1181,\"caption\":\"Magallanes\"},\"image\":{\"@id\":\"https:\/\/dev.explora.cl\/magallanes\/#\/schema\/logo\/image\/\"}},{\"@type\":\"Person\",\"@id\":\"https:\/\/dev.explora.cl\/magallanes\/#\/schema\/person\/cb8349c13ea2d324080adf8480d7ba5d\",\"name\":\"webman\",\"image\":{\"@type\":\"ImageObject\",\"inLanguage\":\"es-CL\",\"@id\":\"https:\/\/dev.explora.cl\/magallanes\/#\/schema\/person\/image\/\",\"url\":\"https:\/\/secure.gravatar.com\/avatar\/eeff3c82f2c02f7177d13663b7e6f890e9a6a0647ce9bb29cae02dcb094c7312?s=96&d=mm&r=g\",\"contentUrl\":\"https:\/\/secure.gravatar.com\/avatar\/eeff3c82f2c02f7177d13663b7e6f890e9a6a0647ce9bb29cae02dcb094c7312?s=96&d=mm&r=g\",\"caption\":\"webman\"},\"url\":\"https:\/\/dev.explora.cl\/magallanes\/author\/webman\/\"}]}<\/script>\n<!-- \/ Yoast SEO plugin. -->","yoast_head_json":{"title":"Inauguran Semana de la Ciencia y la Tecnolog\u00eda en Magallanes - Magallanes","robots":{"index":"index","follow":"follow","max-snippet":"max-snippet:-1","max-image-preview":"max-image-preview:large","max-video-preview":"max-video-preview:-1"},"canonical":"https:\/\/dev.explora.cl\/magallanes\/inauguran-semana-de-la-ciencia-y-la-tecnologia-en-magallanes\/","og_locale":"es_ES","og_type":"article","og_title":"Inauguran Semana de la Ciencia y la Tecnolog\u00eda en Magallanes - Magallanes","og_description":"&nbsp; Este lunes 02 de octubre y en presencia de autoridades regionales y universitarias, adem\u00e1s de estudiantes de las escuelas Pedro Pablo Lemaitre y Espa\u00f1a, Liceo Luis Alberto Barrera y Colegio Charles Darwin se dio inicio a la XXIII versi\u00f3n de la Semana Nacional de la Ciencia y la Tecnolog\u00eda del Programa Explora de CONICYT [&hellip;]","og_url":"https:\/\/dev.explora.cl\/magallanes\/inauguran-semana-de-la-ciencia-y-la-tecnologia-en-magallanes\/","og_site_name":"Magallanes","article_published_time":"2017-10-02T04:00:00+00:00","article_modified_time":"2019-05-20T21:35:13+00:00","og_image":[{"width":1200,"height":900,"url":"https:\/\/dev.explora.cl\/magallanes\/wp-content\/uploads\/sites\/19\/2018\/06\/inauguracionsncyt.jpg","type":"image\/jpeg"}],"author":"webman","twitter_card":"summary_large_image","twitter_misc":{"Escrito por":"webman","Tiempo estimado de lectura":"2 minutos"},"schema":{"@context":"https:\/\/schema.org","@graph":[{"@type":"Article","@id":"https:\/\/dev.explora.cl\/magallanes\/inauguran-semana-de-la-ciencia-y-la-tecnologia-en-magallanes\/#article","isPartOf":{"@id":"https:\/\/dev.explora.cl\/magallanes\/inauguran-semana-de-la-ciencia-y-la-tecnologia-en-magallanes\/"},"author":{"name":"webman","@id":"https:\/\/dev.explora.cl\/magallanes\/#\/schema\/person\/cb8349c13ea2d324080adf8480d7ba5d"},"headline":"Inauguran Semana de la Ciencia y la Tecnolog\u00eda en Magallanes","datePublished":"2017-10-02T04:00:00+00:00","dateModified":"2019-05-20T21:35:13+00:00","mainEntityOfPage":{"@id":"https:\/\/dev.explora.cl\/magallanes\/inauguran-semana-de-la-ciencia-y-la-tecnologia-en-magallanes\/"},"wordCount":478,"commentCount":0,"publisher":{"@id":"https:\/\/dev.explora.cl\/magallanes\/#organization"},"image":{"@id":"https:\/\/dev.explora.cl\/magallanes\/inauguran-semana-de-la-ciencia-y-la-tecnologia-en-magallanes\/#primaryimage"},"thumbnailUrl":"https:\/\/dev.explora.cl\/magallanes\/wp-content\/uploads\/sites\/19\/2018\/06\/inauguracionsncyt.jpg","articleSection":["Noticias"],"inLanguage":"es-CL","potentialAction":[{"@type":"CommentAction","name":"Comment","target":["https:\/\/dev.explora.cl\/magallanes\/inauguran-semana-de-la-ciencia-y-la-tecnologia-en-magallanes\/#respond"]}]},{"@type":"WebPage","@id":"https:\/\/dev.explora.cl\/magallanes\/inauguran-semana-de-la-ciencia-y-la-tecnologia-en-magallanes\/","url":"https:\/\/dev.explora.cl\/magallanes\/inauguran-semana-de-la-ciencia-y-la-tecnologia-en-magallanes\/","name":"Inauguran Semana de la Ciencia y la Tecnolog\u00eda en Magallanes - Magallanes","isPartOf":{"@id":"https:\/\/dev.explora.cl\/magallanes\/#website"},"primaryImageOfPage":{"@id":"https:\/\/dev.explora.cl\/magallanes\/inauguran-semana-de-la-ciencia-y-la-tecnologia-en-magallanes\/#primaryimage"},"image":{"@id":"https:\/\/dev.explora.cl\/magallanes\/inauguran-semana-de-la-ciencia-y-la-tecnologia-en-magallanes\/#primaryimage"},"thumbnailUrl":"https:\/\/dev.explora.cl\/magallanes\/wp-content\/uploads\/sites\/19\/2018\/06\/inauguracionsncyt.jpg","datePublished":"2017-10-02T04:00:00+00:00","dateModified":"2019-05-20T21:35:13+00:00","breadcrumb":{"@id":"https:\/\/dev.explora.cl\/magallanes\/inauguran-semana-de-la-ciencia-y-la-tecnologia-en-magallanes\/#breadcrumb"},"inLanguage":"es-CL","potentialAction":[{"@type":"ReadAction","target":["https:\/\/dev.explora.cl\/magallanes\/inauguran-semana-de-la-ciencia-y-la-tecnologia-en-magallanes\/"]}]},{"@type":"ImageObject","inLanguage":"es-CL","@id":"https:\/\/dev.explora.cl\/magallanes\/inauguran-semana-de-la-ciencia-y-la-tecnologia-en-magallanes\/#primaryimage","url":"https:\/\/dev.explora.cl\/magallanes\/wp-content\/uploads\/sites\/19\/2018\/06\/inauguracionsncyt.jpg","contentUrl":"https:\/\/dev.explora.cl\/magallanes\/wp-content\/uploads\/sites\/19\/2018\/06\/inauguracionsncyt.jpg","width":1200,"height":900,"caption":"inauguracionsncyt"},{"@type":"BreadcrumbList","@id":"https:\/\/dev.explora.cl\/magallanes\/inauguran-semana-de-la-ciencia-y-la-tecnologia-en-magallanes\/#breadcrumb","itemListElement":[{"@type":"ListItem","position":1,"name":"Portada","item":"https:\/\/dev.explora.cl\/magallanes\/"},{"@type":"ListItem","position":2,"name":"Inauguran Semana de la Ciencia y la Tecnolog\u00eda en Magallanes"}]},{"@type":"WebSite","@id":"https:\/\/dev.explora.cl\/magallanes\/#website","url":"https:\/\/dev.explora.cl\/magallanes\/","name":"Magallanes","description":"Otro sitio m\u00e1s de dev.explora.cl","publisher":{"@id":"https:\/\/dev.explora.cl\/magallanes\/#organization"},"potentialAction":[{"@type":"SearchAction","target":{"@type":"EntryPoint","urlTemplate":"https:\/\/dev.explora.cl\/magallanes\/?s={search_term_string}"},"query-input":{"@type":"PropertyValueSpecification","valueRequired":true,"valueName":"search_term_string"}}],"inLanguage":"es-CL"},{"@type":"Organization","@id":"https:\/\/dev.explora.cl\/magallanes\/#organization","name":"Magallanes","url":"https:\/\/dev.explora.cl\/magallanes\/","logo":{"@type":"ImageObject","inLanguage":"es-CL","@id":"https:\/\/dev.explora.cl\/magallanes\/#\/schema\/logo\/image\/","url":"https:\/\/dev.explora.cl\/magallanes\/wp-content\/uploads\/sites\/19\/2021\/06\/cropped-ICONO-COLOR-2.jpg","contentUrl":"https:\/\/dev.explora.cl\/magallanes\/wp-content\/uploads\/sites\/19\/2021\/06\/cropped-ICONO-COLOR-2.jpg","width":1181,"height":1181,"caption":"Magallanes"},"image":{"@id":"https:\/\/dev.explora.cl\/magallanes\/#\/schema\/logo\/image\/"}},{"@type":"Person","@id":"https:\/\/dev.explora.cl\/magallanes\/#\/schema\/person\/cb8349c13ea2d324080adf8480d7ba5d","name":"webman","image":{"@type":"ImageObject","inLanguage":"es-CL","@id":"https:\/\/dev.explora.cl\/magallanes\/#\/schema\/person\/image\/","url":"https:\/\/secure.gravatar.com\/avatar\/eeff3c82f2c02f7177d13663b7e6f890e9a6a0647ce9bb29cae02dcb094c7312?s=96&d=mm&r=g","contentUrl":"https:\/\/secure.gravatar.com\/avatar\/eeff3c82f2c02f7177d13663b7e6f890e9a6a0647ce9bb29cae02dcb094c7312?s=96&d=mm&r=g","caption":"webman"},"url":"https:\/\/dev.explora.cl\/magallanes\/author\/webman\/"}]}},"_links":{"self":[{"href":"https:\/\/dev.explora.cl\/magallanes\/wp-json\/wp\/v2\/posts\/784","targetHints":{"allow":["GET"]}}],"collection":[{"href":"https:\/\/dev.explora.cl\/magallanes\/wp-json\/wp\/v2\/posts"}],"about":[{"href":"https:\/\/dev.explora.cl\/magallanes\/wp-json\/wp\/v2\/types\/post"}],"author":[{"embeddable":true,"href":"https:\/\/dev.explora.cl\/magallanes\/wp-json\/wp\/v2\/users\/2"}],"replies":[{"embeddable":true,"href":"https:\/\/dev.explora.cl\/magallanes\/wp-json\/wp\/v2\/comments?post=784"}],"version-history":[{"count":1,"href":"https:\/\/dev.explora.cl\/magallanes\/wp-json\/wp\/v2\/posts\/784\/revisions"}],"predecessor-version":[{"id":37664,"href":"https:\/\/dev.explora.cl\/magallanes\/wp-json\/wp\/v2\/posts\/784\/revisions\/37664"}],"wp:featuredmedia":[{"embeddable":true,"href":"https:\/\/dev.explora.cl\/magallanes\/wp-json\/wp\/v2\/media\/785"}],"wp:attachment":[{"href":"https:\/\/dev.explora.cl\/magallanes\/wp-json\/wp\/v2\/media?parent=784"}],"wp:term":[{"taxonomy":"category","embeddable":true,"href":"https:\/\/dev.explora.cl\/magallanes\/wp-json\/wp\/v2\/categories?post=784"},{"taxonomy":"post_tag","embeddable":true,"href":"https:\/\/dev.explora.cl\/magallanes\/wp-json\/wp\/v2\/tags?post=784"}],"curies":[{"name":"wp","href":"https:\/\/api.w.org\/{rel}","templated":true}]}}