{"id":765,"date":"2017-09-11T00:00:00","date_gmt":"2017-09-11T04:00:00","guid":{"rendered":"https:\/\/dev.explora.cl\/magallanes\/blog\/2017\/09\/11\/apurate-quedan-pocos-dias-para-postular-tu-investigacion-al-congreso-regional-escolar-de-la-ciencia-y-la-tecnologia\/"},"modified":"2019-05-20T21:35:26","modified_gmt":"2019-05-20T21:35:26","slug":"apurate-quedan-pocos-dias-para-postular-tu-investigacion-al-congreso-regional-escolar-de-la-ciencia-y-la-tecnologia","status":"publish","type":"post","link":"https:\/\/dev.explora.cl\/magallanes\/apurate-quedan-pocos-dias-para-postular-tu-investigacion-al-congreso-regional-escolar-de-la-ciencia-y-la-tecnologia\/","title":{"rendered":"\u00a1Ap\u00farate! Quedan pocos d\u00edas para postular tu investigaci\u00f3n al Congreso Regional Escolar de la Ciencia y la Tecnolog\u00eda"},"content":{"rendered":"<p>El 23 de septiembre vence impostergablemente el plazo para postular investigaciones al XX Congreso Regional Escolar de la Ciencia y la Tecnolog\u00eda (CRECyT). Instancia que es organizada por el Proyecto Asociativo Regional (PAR) Explora de CONICYT Regi\u00f3n de Magallanes y de la Ant\u00e1rtica Chilena, y que se efectuar\u00e1 entre el 17 y el 20 de octubre en la Universidad de Magallanes.<\/p>\n<p>Es importante destacar, que el CRECyT es una feria cient\u00edfica y tecnol\u00f3gica que se realiza hace veinte a\u00f1os en la regi\u00f3n, donde estudiantes entre 5\u00b0 b\u00e1sico y 3\u00b0 medio tienen la posibilidad de presentar sus proyectos de investigaci\u00f3n, compartir e interactuar con sus pares, participar en conversaciones con cient\u00edficos y disfrutar de actividades recreativas.<\/p>\n<p>Los grupos interesados en participar de este certamen podr\u00e1n presentar proyectos de investigaci\u00f3n en las tres categor\u00edas, estas son: Ciencias Naturales, Ciencias Sociales e Ingenier\u00eda y Tecnolog\u00eda.<\/p>\n<p>A su vez, estos equipos participantes deben ser representados por dos estudiantes expositores, quienes ser\u00e1n acompa\u00f1ados por un\/a profesor\/a asesor\/a de su mismo establecimiento educacional, y ser\u00e1n los mismos que, en caso de resultar ganadores en el CRECyT, representen a Magallanes en el Congreso Nacional Escolar de la Ciencia y la Tecnolog\u00eda a realizarse en la ciudad de Arica en el mes de noviembre.<\/p>\n<p>\u201cLos invitamos a participar, a creer en sus propios trabajos, y a valorar los frutos de su esfuerzo, de todas las horas de dedicaci\u00f3n que han entregado a la Ciencia. An\u00edmense a postular ya que son 50 cupos en esta instancia, de los cuales cinco ser\u00e1n los representantes del Congreso Nacional Escolar que se realizar\u00e1 en Arica\u201d, expresa la coordinadora del CRECyT, Carolina Hern\u00e1ndez.<\/p>\n<p>Las bases, anexos y formularios de participaci\u00f3n, se encuentran disponibles en el sitio web del PAR Explora Magallanes: <a href=\"magallanes\">dev.explora.cl\/magallanes<\/a>. Sumado a esto, y como material complementario, pueden descargar el Reglamento del CRECyT y una infograf\u00eda de ayuda para los anexos que deben adjuntarse a la postulaci\u00f3n.<\/p>\n<p>Esta documentaci\u00f3n digital debe ser remitida al correo electr\u00f3nico: <a href=\"mailto:magallanes.explora@gmail.com.\">magallanes.explora@gmail.com.<\/a> Para consultas se encuentra disponible el tel\u00e9fono: 61 2207074.<\/p>\n","protected":false},"excerpt":{"rendered":"<p>El 23 de septiembre vence impostergablemente el plazo para postular investigaciones al XX Congreso Regional Escolar de la Ciencia y la Tecnolog\u00eda (CRECyT). Instancia que es organizada por el Proyecto Asociativo Regional (PAR) Explora de CONICYT Regi\u00f3n de Magallanes y de la Ant\u00e1rtica Chilena, y que se efectuar\u00e1 entre el 17 y el 20 de [&hellip;]<\/p>\n","protected":false},"author":2,"featured_media":766,"comment_status":"open","ping_status":"open","sticky":false,"template":"","format":"standard","meta":{"_acf_changed":false,"_exactmetrics_skip_tracking":false,"_exactmetrics_sitenote_active":false,"_exactmetrics_sitenote_note":"","_exactmetrics_sitenote_category":0,"footnotes":"","_links_to":"","_links_to_target":""},"categories":[4],"tags":[],"class_list":["post-765","post","type-post","status-publish","format-standard","has-post-thumbnail","hentry","category-noticias"],"acf":[],"yoast_head":"<!-- This site is optimized with the Yoast SEO plugin v26.7 - https:\/\/yoast.com\/wordpress\/plugins\/seo\/ -->\n<title>\u00a1Ap\u00farate! Quedan pocos d\u00edas para postular tu investigaci\u00f3n al Congreso Regional Escolar de la Ciencia y la Tecnolog\u00eda - Magallanes<\/title>\n<meta name=\"robots\" content=\"index, follow, max-snippet:-1, max-image-preview:large, max-video-preview:-1\" \/>\n<link rel=\"canonical\" href=\"https:\/\/dev.explora.cl\/magallanes\/apurate-quedan-pocos-dias-para-postular-tu-investigacion-al-congreso-regional-escolar-de-la-ciencia-y-la-tecnologia\/\" class=\"yoast-seo-meta-tag\" \/>\n<meta property=\"og:locale\" content=\"es_ES\" class=\"yoast-seo-meta-tag\" \/>\n<meta property=\"og:type\" content=\"article\" class=\"yoast-seo-meta-tag\" \/>\n<meta property=\"og:title\" content=\"\u00a1Ap\u00farate! Quedan pocos d\u00edas para postular tu investigaci\u00f3n al Congreso Regional Escolar de la Ciencia y la Tecnolog\u00eda - Magallanes\" class=\"yoast-seo-meta-tag\" \/>\n<meta property=\"og:description\" content=\"El 23 de septiembre vence impostergablemente el plazo para postular investigaciones al XX Congreso Regional Escolar de la Ciencia y la Tecnolog\u00eda (CRECyT). Instancia que es organizada por el Proyecto Asociativo Regional (PAR) Explora de CONICYT Regi\u00f3n de Magallanes y de la Ant\u00e1rtica Chilena, y que se efectuar\u00e1 entre el 17 y el 20 de [&hellip;]\" class=\"yoast-seo-meta-tag\" \/>\n<meta property=\"og:url\" content=\"https:\/\/dev.explora.cl\/magallanes\/apurate-quedan-pocos-dias-para-postular-tu-investigacion-al-congreso-regional-escolar-de-la-ciencia-y-la-tecnologia\/\" class=\"yoast-seo-meta-tag\" \/>\n<meta property=\"og:site_name\" content=\"Magallanes\" class=\"yoast-seo-meta-tag\" \/>\n<meta property=\"article:published_time\" content=\"2017-09-11T04:00:00+00:00\" class=\"yoast-seo-meta-tag\" \/>\n<meta property=\"article:modified_time\" content=\"2019-05-20T21:35:26+00:00\" class=\"yoast-seo-meta-tag\" \/>\n<meta property=\"og:image\" content=\"https:\/\/dev.explora.cl\/magallanes\/wp-content\/uploads\/sites\/19\/2018\/06\/afichecongresomagallanes.jpg\" class=\"yoast-seo-meta-tag\" \/>\n\t<meta property=\"og:image:width\" content=\"676\" class=\"yoast-seo-meta-tag\" \/>\n\t<meta property=\"og:image:height\" content=\"960\" class=\"yoast-seo-meta-tag\" \/>\n\t<meta property=\"og:image:type\" content=\"image\/jpeg\" class=\"yoast-seo-meta-tag\" \/>\n<meta name=\"author\" content=\"webman\" class=\"yoast-seo-meta-tag\" \/>\n<meta name=\"twitter:card\" content=\"summary_large_image\" class=\"yoast-seo-meta-tag\" \/>\n<meta name=\"twitter:label1\" content=\"Escrito por\" class=\"yoast-seo-meta-tag\" \/>\n\t<meta name=\"twitter:data1\" content=\"webman\" class=\"yoast-seo-meta-tag\" \/>\n\t<meta name=\"twitter:label2\" content=\"Tiempo estimado de lectura\" class=\"yoast-seo-meta-tag\" \/>\n\t<meta name=\"twitter:data2\" content=\"2 minutos\" class=\"yoast-seo-meta-tag\" \/>\n<script type=\"application\/ld+json\" class=\"yoast-schema-graph\">{\"@context\":\"https:\/\/schema.org\",\"@graph\":[{\"@type\":\"Article\",\"@id\":\"https:\/\/dev.explora.cl\/magallanes\/apurate-quedan-pocos-dias-para-postular-tu-investigacion-al-congreso-regional-escolar-de-la-ciencia-y-la-tecnologia\/#article\",\"isPartOf\":{\"@id\":\"https:\/\/dev.explora.cl\/magallanes\/apurate-quedan-pocos-dias-para-postular-tu-investigacion-al-congreso-regional-escolar-de-la-ciencia-y-la-tecnologia\/\"},\"author\":{\"name\":\"webman\",\"@id\":\"https:\/\/dev.explora.cl\/magallanes\/#\/schema\/person\/cb8349c13ea2d324080adf8480d7ba5d\"},\"headline\":\"\u00a1Ap\u00farate! Quedan pocos d\u00edas para postular tu investigaci\u00f3n al Congreso Regional Escolar de la Ciencia y la Tecnolog\u00eda\",\"datePublished\":\"2017-09-11T04:00:00+00:00\",\"dateModified\":\"2019-05-20T21:35:26+00:00\",\"mainEntityOfPage\":{\"@id\":\"https:\/\/dev.explora.cl\/magallanes\/apurate-quedan-pocos-dias-para-postular-tu-investigacion-al-congreso-regional-escolar-de-la-ciencia-y-la-tecnologia\/\"},\"wordCount\":387,\"commentCount\":0,\"publisher\":{\"@id\":\"https:\/\/dev.explora.cl\/magallanes\/#organization\"},\"image\":{\"@id\":\"https:\/\/dev.explora.cl\/magallanes\/apurate-quedan-pocos-dias-para-postular-tu-investigacion-al-congreso-regional-escolar-de-la-ciencia-y-la-tecnologia\/#primaryimage\"},\"thumbnailUrl\":\"https:\/\/dev.explora.cl\/magallanes\/wp-content\/uploads\/sites\/19\/2018\/06\/afichecongresomagallanes.jpg\",\"articleSection\":[\"Noticias\"],\"inLanguage\":\"es-CL\",\"potentialAction\":[{\"@type\":\"CommentAction\",\"name\":\"Comment\",\"target\":[\"https:\/\/dev.explora.cl\/magallanes\/apurate-quedan-pocos-dias-para-postular-tu-investigacion-al-congreso-regional-escolar-de-la-ciencia-y-la-tecnologia\/#respond\"]}]},{\"@type\":\"WebPage\",\"@id\":\"https:\/\/dev.explora.cl\/magallanes\/apurate-quedan-pocos-dias-para-postular-tu-investigacion-al-congreso-regional-escolar-de-la-ciencia-y-la-tecnologia\/\",\"url\":\"https:\/\/dev.explora.cl\/magallanes\/apurate-quedan-pocos-dias-para-postular-tu-investigacion-al-congreso-regional-escolar-de-la-ciencia-y-la-tecnologia\/\",\"name\":\"\u00a1Ap\u00farate! Quedan pocos d\u00edas para postular tu investigaci\u00f3n al Congreso Regional Escolar de la Ciencia y la Tecnolog\u00eda - Magallanes\",\"isPartOf\":{\"@id\":\"https:\/\/dev.explora.cl\/magallanes\/#website\"},\"primaryImageOfPage\":{\"@id\":\"https:\/\/dev.explora.cl\/magallanes\/apurate-quedan-pocos-dias-para-postular-tu-investigacion-al-congreso-regional-escolar-de-la-ciencia-y-la-tecnologia\/#primaryimage\"},\"image\":{\"@id\":\"https:\/\/dev.explora.cl\/magallanes\/apurate-quedan-pocos-dias-para-postular-tu-investigacion-al-congreso-regional-escolar-de-la-ciencia-y-la-tecnologia\/#primaryimage\"},\"thumbnailUrl\":\"https:\/\/dev.explora.cl\/magallanes\/wp-content\/uploads\/sites\/19\/2018\/06\/afichecongresomagallanes.jpg\",\"datePublished\":\"2017-09-11T04:00:00+00:00\",\"dateModified\":\"2019-05-20T21:35:26+00:00\",\"breadcrumb\":{\"@id\":\"https:\/\/dev.explora.cl\/magallanes\/apurate-quedan-pocos-dias-para-postular-tu-investigacion-al-congreso-regional-escolar-de-la-ciencia-y-la-tecnologia\/#breadcrumb\"},\"inLanguage\":\"es-CL\",\"potentialAction\":[{\"@type\":\"ReadAction\",\"target\":[\"https:\/\/dev.explora.cl\/magallanes\/apurate-quedan-pocos-dias-para-postular-tu-investigacion-al-congreso-regional-escolar-de-la-ciencia-y-la-tecnologia\/\"]}]},{\"@type\":\"ImageObject\",\"inLanguage\":\"es-CL\",\"@id\":\"https:\/\/dev.explora.cl\/magallanes\/apurate-quedan-pocos-dias-para-postular-tu-investigacion-al-congreso-regional-escolar-de-la-ciencia-y-la-tecnologia\/#primaryimage\",\"url\":\"https:\/\/dev.explora.cl\/magallanes\/wp-content\/uploads\/sites\/19\/2018\/06\/afichecongresomagallanes.jpg\",\"contentUrl\":\"https:\/\/dev.explora.cl\/magallanes\/wp-content\/uploads\/sites\/19\/2018\/06\/afichecongresomagallanes.jpg\",\"width\":676,\"height\":960},{\"@type\":\"BreadcrumbList\",\"@id\":\"https:\/\/dev.explora.cl\/magallanes\/apurate-quedan-pocos-dias-para-postular-tu-investigacion-al-congreso-regional-escolar-de-la-ciencia-y-la-tecnologia\/#breadcrumb\",\"itemListElement\":[{\"@type\":\"ListItem\",\"position\":1,\"name\":\"Portada\",\"item\":\"https:\/\/dev.explora.cl\/magallanes\/\"},{\"@type\":\"ListItem\",\"position\":2,\"name\":\"\u00a1Ap\u00farate! Quedan pocos d\u00edas para postular tu investigaci\u00f3n al Congreso Regional Escolar de la Ciencia y la Tecnolog\u00eda\"}]},{\"@type\":\"WebSite\",\"@id\":\"https:\/\/dev.explora.cl\/magallanes\/#website\",\"url\":\"https:\/\/dev.explora.cl\/magallanes\/\",\"name\":\"Magallanes\",\"description\":\"Otro sitio m\u00e1s de dev.explora.cl\",\"publisher\":{\"@id\":\"https:\/\/dev.explora.cl\/magallanes\/#organization\"},\"potentialAction\":[{\"@type\":\"SearchAction\",\"target\":{\"@type\":\"EntryPoint\",\"urlTemplate\":\"https:\/\/dev.explora.cl\/magallanes\/?s={search_term_string}\"},\"query-input\":{\"@type\":\"PropertyValueSpecification\",\"valueRequired\":true,\"valueName\":\"search_term_string\"}}],\"inLanguage\":\"es-CL\"},{\"@type\":\"Organization\",\"@id\":\"https:\/\/dev.explora.cl\/magallanes\/#organization\",\"name\":\"Magallanes\",\"url\":\"https:\/\/dev.explora.cl\/magallanes\/\",\"logo\":{\"@type\":\"ImageObject\",\"inLanguage\":\"es-CL\",\"@id\":\"https:\/\/dev.explora.cl\/magallanes\/#\/schema\/logo\/image\/\",\"url\":\"https:\/\/dev.explora.cl\/magallanes\/wp-content\/uploads\/sites\/19\/2021\/06\/cropped-ICONO-COLOR-2.jpg\",\"contentUrl\":\"https:\/\/dev.explora.cl\/magallanes\/wp-content\/uploads\/sites\/19\/2021\/06\/cropped-ICONO-COLOR-2.jpg\",\"width\":1181,\"height\":1181,\"caption\":\"Magallanes\"},\"image\":{\"@id\":\"https:\/\/dev.explora.cl\/magallanes\/#\/schema\/logo\/image\/\"}},{\"@type\":\"Person\",\"@id\":\"https:\/\/dev.explora.cl\/magallanes\/#\/schema\/person\/cb8349c13ea2d324080adf8480d7ba5d\",\"name\":\"webman\",\"image\":{\"@type\":\"ImageObject\",\"inLanguage\":\"es-CL\",\"@id\":\"https:\/\/dev.explora.cl\/magallanes\/#\/schema\/person\/image\/\",\"url\":\"https:\/\/secure.gravatar.com\/avatar\/eeff3c82f2c02f7177d13663b7e6f890e9a6a0647ce9bb29cae02dcb094c7312?s=96&d=mm&r=g\",\"contentUrl\":\"https:\/\/secure.gravatar.com\/avatar\/eeff3c82f2c02f7177d13663b7e6f890e9a6a0647ce9bb29cae02dcb094c7312?s=96&d=mm&r=g\",\"caption\":\"webman\"},\"url\":\"https:\/\/dev.explora.cl\/magallanes\/author\/webman\/\"}]}<\/script>\n<!-- \/ Yoast SEO plugin. -->","yoast_head_json":{"title":"\u00a1Ap\u00farate! Quedan pocos d\u00edas para postular tu investigaci\u00f3n al Congreso Regional Escolar de la Ciencia y la Tecnolog\u00eda - Magallanes","robots":{"index":"index","follow":"follow","max-snippet":"max-snippet:-1","max-image-preview":"max-image-preview:large","max-video-preview":"max-video-preview:-1"},"canonical":"https:\/\/dev.explora.cl\/magallanes\/apurate-quedan-pocos-dias-para-postular-tu-investigacion-al-congreso-regional-escolar-de-la-ciencia-y-la-tecnologia\/","og_locale":"es_ES","og_type":"article","og_title":"\u00a1Ap\u00farate! Quedan pocos d\u00edas para postular tu investigaci\u00f3n al Congreso Regional Escolar de la Ciencia y la Tecnolog\u00eda - Magallanes","og_description":"El 23 de septiembre vence impostergablemente el plazo para postular investigaciones al XX Congreso Regional Escolar de la Ciencia y la Tecnolog\u00eda (CRECyT). Instancia que es organizada por el Proyecto Asociativo Regional (PAR) Explora de CONICYT Regi\u00f3n de Magallanes y de la Ant\u00e1rtica Chilena, y que se efectuar\u00e1 entre el 17 y el 20 de [&hellip;]","og_url":"https:\/\/dev.explora.cl\/magallanes\/apurate-quedan-pocos-dias-para-postular-tu-investigacion-al-congreso-regional-escolar-de-la-ciencia-y-la-tecnologia\/","og_site_name":"Magallanes","article_published_time":"2017-09-11T04:00:00+00:00","article_modified_time":"2019-05-20T21:35:26+00:00","og_image":[{"width":676,"height":960,"url":"https:\/\/dev.explora.cl\/magallanes\/wp-content\/uploads\/sites\/19\/2018\/06\/afichecongresomagallanes.jpg","type":"image\/jpeg"}],"author":"webman","twitter_card":"summary_large_image","twitter_misc":{"Escrito por":"webman","Tiempo estimado de lectura":"2 minutos"},"schema":{"@context":"https:\/\/schema.org","@graph":[{"@type":"Article","@id":"https:\/\/dev.explora.cl\/magallanes\/apurate-quedan-pocos-dias-para-postular-tu-investigacion-al-congreso-regional-escolar-de-la-ciencia-y-la-tecnologia\/#article","isPartOf":{"@id":"https:\/\/dev.explora.cl\/magallanes\/apurate-quedan-pocos-dias-para-postular-tu-investigacion-al-congreso-regional-escolar-de-la-ciencia-y-la-tecnologia\/"},"author":{"name":"webman","@id":"https:\/\/dev.explora.cl\/magallanes\/#\/schema\/person\/cb8349c13ea2d324080adf8480d7ba5d"},"headline":"\u00a1Ap\u00farate! Quedan pocos d\u00edas para postular tu investigaci\u00f3n al Congreso Regional Escolar de la Ciencia y la Tecnolog\u00eda","datePublished":"2017-09-11T04:00:00+00:00","dateModified":"2019-05-20T21:35:26+00:00","mainEntityOfPage":{"@id":"https:\/\/dev.explora.cl\/magallanes\/apurate-quedan-pocos-dias-para-postular-tu-investigacion-al-congreso-regional-escolar-de-la-ciencia-y-la-tecnologia\/"},"wordCount":387,"commentCount":0,"publisher":{"@id":"https:\/\/dev.explora.cl\/magallanes\/#organization"},"image":{"@id":"https:\/\/dev.explora.cl\/magallanes\/apurate-quedan-pocos-dias-para-postular-tu-investigacion-al-congreso-regional-escolar-de-la-ciencia-y-la-tecnologia\/#primaryimage"},"thumbnailUrl":"https:\/\/dev.explora.cl\/magallanes\/wp-content\/uploads\/sites\/19\/2018\/06\/afichecongresomagallanes.jpg","articleSection":["Noticias"],"inLanguage":"es-CL","potentialAction":[{"@type":"CommentAction","name":"Comment","target":["https:\/\/dev.explora.cl\/magallanes\/apurate-quedan-pocos-dias-para-postular-tu-investigacion-al-congreso-regional-escolar-de-la-ciencia-y-la-tecnologia\/#respond"]}]},{"@type":"WebPage","@id":"https:\/\/dev.explora.cl\/magallanes\/apurate-quedan-pocos-dias-para-postular-tu-investigacion-al-congreso-regional-escolar-de-la-ciencia-y-la-tecnologia\/","url":"https:\/\/dev.explora.cl\/magallanes\/apurate-quedan-pocos-dias-para-postular-tu-investigacion-al-congreso-regional-escolar-de-la-ciencia-y-la-tecnologia\/","name":"\u00a1Ap\u00farate! Quedan pocos d\u00edas para postular tu investigaci\u00f3n al Congreso Regional Escolar de la Ciencia y la Tecnolog\u00eda - Magallanes","isPartOf":{"@id":"https:\/\/dev.explora.cl\/magallanes\/#website"},"primaryImageOfPage":{"@id":"https:\/\/dev.explora.cl\/magallanes\/apurate-quedan-pocos-dias-para-postular-tu-investigacion-al-congreso-regional-escolar-de-la-ciencia-y-la-tecnologia\/#primaryimage"},"image":{"@id":"https:\/\/dev.explora.cl\/magallanes\/apurate-quedan-pocos-dias-para-postular-tu-investigacion-al-congreso-regional-escolar-de-la-ciencia-y-la-tecnologia\/#primaryimage"},"thumbnailUrl":"https:\/\/dev.explora.cl\/magallanes\/wp-content\/uploads\/sites\/19\/2018\/06\/afichecongresomagallanes.jpg","datePublished":"2017-09-11T04:00:00+00:00","dateModified":"2019-05-20T21:35:26+00:00","breadcrumb":{"@id":"https:\/\/dev.explora.cl\/magallanes\/apurate-quedan-pocos-dias-para-postular-tu-investigacion-al-congreso-regional-escolar-de-la-ciencia-y-la-tecnologia\/#breadcrumb"},"inLanguage":"es-CL","potentialAction":[{"@type":"ReadAction","target":["https:\/\/dev.explora.cl\/magallanes\/apurate-quedan-pocos-dias-para-postular-tu-investigacion-al-congreso-regional-escolar-de-la-ciencia-y-la-tecnologia\/"]}]},{"@type":"ImageObject","inLanguage":"es-CL","@id":"https:\/\/dev.explora.cl\/magallanes\/apurate-quedan-pocos-dias-para-postular-tu-investigacion-al-congreso-regional-escolar-de-la-ciencia-y-la-tecnologia\/#primaryimage","url":"https:\/\/dev.explora.cl\/magallanes\/wp-content\/uploads\/sites\/19\/2018\/06\/afichecongresomagallanes.jpg","contentUrl":"https:\/\/dev.explora.cl\/magallanes\/wp-content\/uploads\/sites\/19\/2018\/06\/afichecongresomagallanes.jpg","width":676,"height":960},{"@type":"BreadcrumbList","@id":"https:\/\/dev.explora.cl\/magallanes\/apurate-quedan-pocos-dias-para-postular-tu-investigacion-al-congreso-regional-escolar-de-la-ciencia-y-la-tecnologia\/#breadcrumb","itemListElement":[{"@type":"ListItem","position":1,"name":"Portada","item":"https:\/\/dev.explora.cl\/magallanes\/"},{"@type":"ListItem","position":2,"name":"\u00a1Ap\u00farate! Quedan pocos d\u00edas para postular tu investigaci\u00f3n al Congreso Regional Escolar de la Ciencia y la Tecnolog\u00eda"}]},{"@type":"WebSite","@id":"https:\/\/dev.explora.cl\/magallanes\/#website","url":"https:\/\/dev.explora.cl\/magallanes\/","name":"Magallanes","description":"Otro sitio m\u00e1s de dev.explora.cl","publisher":{"@id":"https:\/\/dev.explora.cl\/magallanes\/#organization"},"potentialAction":[{"@type":"SearchAction","target":{"@type":"EntryPoint","urlTemplate":"https:\/\/dev.explora.cl\/magallanes\/?s={search_term_string}"},"query-input":{"@type":"PropertyValueSpecification","valueRequired":true,"valueName":"search_term_string"}}],"inLanguage":"es-CL"},{"@type":"Organization","@id":"https:\/\/dev.explora.cl\/magallanes\/#organization","name":"Magallanes","url":"https:\/\/dev.explora.cl\/magallanes\/","logo":{"@type":"ImageObject","inLanguage":"es-CL","@id":"https:\/\/dev.explora.cl\/magallanes\/#\/schema\/logo\/image\/","url":"https:\/\/dev.explora.cl\/magallanes\/wp-content\/uploads\/sites\/19\/2021\/06\/cropped-ICONO-COLOR-2.jpg","contentUrl":"https:\/\/dev.explora.cl\/magallanes\/wp-content\/uploads\/sites\/19\/2021\/06\/cropped-ICONO-COLOR-2.jpg","width":1181,"height":1181,"caption":"Magallanes"},"image":{"@id":"https:\/\/dev.explora.cl\/magallanes\/#\/schema\/logo\/image\/"}},{"@type":"Person","@id":"https:\/\/dev.explora.cl\/magallanes\/#\/schema\/person\/cb8349c13ea2d324080adf8480d7ba5d","name":"webman","image":{"@type":"ImageObject","inLanguage":"es-CL","@id":"https:\/\/dev.explora.cl\/magallanes\/#\/schema\/person\/image\/","url":"https:\/\/secure.gravatar.com\/avatar\/eeff3c82f2c02f7177d13663b7e6f890e9a6a0647ce9bb29cae02dcb094c7312?s=96&d=mm&r=g","contentUrl":"https:\/\/secure.gravatar.com\/avatar\/eeff3c82f2c02f7177d13663b7e6f890e9a6a0647ce9bb29cae02dcb094c7312?s=96&d=mm&r=g","caption":"webman"},"url":"https:\/\/dev.explora.cl\/magallanes\/author\/webman\/"}]}},"_links":{"self":[{"href":"https:\/\/dev.explora.cl\/magallanes\/wp-json\/wp\/v2\/posts\/765","targetHints":{"allow":["GET"]}}],"collection":[{"href":"https:\/\/dev.explora.cl\/magallanes\/wp-json\/wp\/v2\/posts"}],"about":[{"href":"https:\/\/dev.explora.cl\/magallanes\/wp-json\/wp\/v2\/types\/post"}],"author":[{"embeddable":true,"href":"https:\/\/dev.explora.cl\/magallanes\/wp-json\/wp\/v2\/users\/2"}],"replies":[{"embeddable":true,"href":"https:\/\/dev.explora.cl\/magallanes\/wp-json\/wp\/v2\/comments?post=765"}],"version-history":[{"count":1,"href":"https:\/\/dev.explora.cl\/magallanes\/wp-json\/wp\/v2\/posts\/765\/revisions"}],"predecessor-version":[{"id":37667,"href":"https:\/\/dev.explora.cl\/magallanes\/wp-json\/wp\/v2\/posts\/765\/revisions\/37667"}],"wp:featuredmedia":[{"embeddable":true,"href":"https:\/\/dev.explora.cl\/magallanes\/wp-json\/wp\/v2\/media\/766"}],"wp:attachment":[{"href":"https:\/\/dev.explora.cl\/magallanes\/wp-json\/wp\/v2\/media?parent=765"}],"wp:term":[{"taxonomy":"category","embeddable":true,"href":"https:\/\/dev.explora.cl\/magallanes\/wp-json\/wp\/v2\/categories?post=765"},{"taxonomy":"post_tag","embeddable":true,"href":"https:\/\/dev.explora.cl\/magallanes\/wp-json\/wp\/v2\/tags?post=765"}],"curies":[{"name":"wp","href":"https:\/\/api.w.org\/{rel}","templated":true}]}}