{"id":761,"date":"2017-09-06T00:00:00","date_gmt":"2017-09-06T04:00:00","guid":{"rendered":"https:\/\/dev.explora.cl\/magallanes\/blog\/2017\/09\/06\/mas-de-1-200-personas-visitaron-exposicion-antartica-extrema-en-porvenir\/"},"modified":"2019-05-20T21:35:28","modified_gmt":"2019-05-20T21:35:28","slug":"mas-de-1-200-personas-visitaron-exposicion-antartica-extrema-en-porvenir","status":"publish","type":"post","link":"https:\/\/dev.explora.cl\/magallanes\/mas-de-1-200-personas-visitaron-exposicion-antartica-extrema-en-porvenir\/","title":{"rendered":"M\u00e1s de 1.200 personas visitaron exposici\u00f3n Ant\u00e1rtica Extrema en Porvenir"},"content":{"rendered":"<p><img decoding=\"async\" src=\"magallanes\" alt=\"\" \/><\/p>\n<p>El gimnasio del Liceo Polivalente Hernando de Magallanes fue el lugar escogido en Porvenir para llevar la muestra itinerante Ant\u00e1rtica Extrema. Durante cinco d\u00edas (del 28 de agosto al 1 de septiembre) los visitantes pudieron conocer lo fant\u00e1stico de este territorio, sus extremos, especies y c\u00f3mo el hombre ha ido llegando al Continente Blanco y descubriendo sus maravillas.<\/p>\n<p>En total m\u00e1s de 1.200 ni\u00f1os, j\u00f3venes y adultos pudieron conocer esta iniciativa ejecutada por el Proyecto Asociativo Regional (PAR) Explora de CONICYT Magallanes y de la Ant\u00e1rtica Chilena de la Universidad de Magallanes y que cont\u00f3 con el importante apoyo de las empresas regionales GASCO Magallanes y Nova Austral.<\/p>\n<p>En paralelo y dentro de Ant\u00e1rtica Extrema, se sum\u00f3 el Proyecto M\u00e1gico ChileMIO de la Universidad de Concepci\u00f3n, cuyo objetivo principal es acercar los conocimientos cient\u00edficos sobre el oc\u00e9ano a la comunidad, y que estos visitantes aprendan por medio de la tecnolog\u00eda sobre la geograf\u00eda marina de la Regi\u00f3n de Magallanes, los sucesos del mar, las especies que viven aqu\u00ed y los recursos que se encuentran disponibles en nuestra zona.<\/p>\n<p>Estas dos exhibiciones congregaron en total a m\u00e1s de dos mil personas que pudieron aprender sobre biodiversidad ant\u00e1rtica y sobre las maravillas de los oc\u00e9anos. \u201cTuvimos una excelente acogida por parte de la comunidad de Porvenir, y nos fue mucho mejor de lo que pens\u00e1bamos. Conseguimos una gran convocatoria, m\u00e1s de 1.200 personas, lo cual nos deja muy contentos. Adem\u00e1s de la participaci\u00f3n de los establecimientos educacionales de la comuna: los tres colegios y los jardines infantiles, se sum\u00f3 la visita de las autoridades comunales y de la Provincia de Tierra del Fuego\u201d, destac\u00f3 la encargada de Vinculaci\u00f3n Escolar del PAR Explora Magallanes, Katherine Barr\u00eda Quintana.<\/p>\n<p>Por su parte, el director del establecimiento que alberg\u00f3 esta muestra, Alex Vera, se mostr\u00f3 muy satisfecho por la recepci\u00f3n de su comunidad educativa y coment\u00f3: \u201cTuvimos la exposici\u00f3n Ant\u00e1rtica Extrema, la cual es important\u00edsimo que los estudiantes y la comunidad en general hayan tenido la posibilidad de ver esta exposici\u00f3n que los acerca al conocimiento cient\u00edfico de la Ant\u00e1rtica. La verdad de las cosas es que es sorprendente ver el entusiasmo, la din\u00e1mica que han tenido los estudiantes, sobre todo los m\u00e1s peque\u00f1itos en participar y aprender\u201d<\/p>\n<p>El pr\u00f3ximo destino de la exposici\u00f3n Ant\u00e1rtica Extrema ser\u00e1 la ciudad de Puerto Natales, para lo cual todav\u00eda no hay fecha de inauguraci\u00f3n pero se estar\u00e1 informando v\u00eda p\u00e1gina web y redes sociales del PAR Explora Magallanes. &nbsp;&nbsp;&nbsp;<\/p>\n","protected":false},"excerpt":{"rendered":"<p>El gimnasio del Liceo Polivalente Hernando de Magallanes fue el lugar escogido en Porvenir para llevar la muestra itinerante Ant\u00e1rtica Extrema. Durante cinco d\u00edas (del 28 de agosto al 1 de septiembre) los visitantes pudieron conocer lo fant\u00e1stico de este territorio, sus extremos, especies y c\u00f3mo el hombre ha ido llegando al Continente Blanco y [&hellip;]<\/p>\n","protected":false},"author":2,"featured_media":762,"comment_status":"open","ping_status":"open","sticky":false,"template":"","format":"standard","meta":{"_acf_changed":false,"_exactmetrics_skip_tracking":false,"_exactmetrics_sitenote_active":false,"_exactmetrics_sitenote_note":"","_exactmetrics_sitenote_category":0,"footnotes":"","_links_to":"","_links_to_target":""},"categories":[4],"tags":[],"class_list":["post-761","post","type-post","status-publish","format-standard","has-post-thumbnail","hentry","category-noticias"],"acf":[],"yoast_head":"<!-- This site is optimized with the Yoast SEO plugin v26.7 - https:\/\/yoast.com\/wordpress\/plugins\/seo\/ -->\n<title>M\u00e1s de 1.200 personas visitaron exposici\u00f3n Ant\u00e1rtica Extrema en Porvenir - Magallanes<\/title>\n<meta name=\"robots\" content=\"index, follow, max-snippet:-1, max-image-preview:large, max-video-preview:-1\" \/>\n<link rel=\"canonical\" href=\"https:\/\/dev.explora.cl\/magallanes\/mas-de-1-200-personas-visitaron-exposicion-antartica-extrema-en-porvenir\/\" class=\"yoast-seo-meta-tag\" \/>\n<meta property=\"og:locale\" content=\"es_ES\" class=\"yoast-seo-meta-tag\" \/>\n<meta property=\"og:type\" content=\"article\" class=\"yoast-seo-meta-tag\" \/>\n<meta property=\"og:title\" content=\"M\u00e1s de 1.200 personas visitaron exposici\u00f3n Ant\u00e1rtica Extrema en Porvenir - Magallanes\" class=\"yoast-seo-meta-tag\" \/>\n<meta property=\"og:description\" content=\"El gimnasio del Liceo Polivalente Hernando de Magallanes fue el lugar escogido en Porvenir para llevar la muestra itinerante Ant\u00e1rtica Extrema. Durante cinco d\u00edas (del 28 de agosto al 1 de septiembre) los visitantes pudieron conocer lo fant\u00e1stico de este territorio, sus extremos, especies y c\u00f3mo el hombre ha ido llegando al Continente Blanco y [&hellip;]\" class=\"yoast-seo-meta-tag\" \/>\n<meta property=\"og:url\" content=\"https:\/\/dev.explora.cl\/magallanes\/mas-de-1-200-personas-visitaron-exposicion-antartica-extrema-en-porvenir\/\" class=\"yoast-seo-meta-tag\" \/>\n<meta property=\"og:site_name\" content=\"Magallanes\" class=\"yoast-seo-meta-tag\" \/>\n<meta property=\"article:published_time\" content=\"2017-09-06T04:00:00+00:00\" class=\"yoast-seo-meta-tag\" \/>\n<meta property=\"article:modified_time\" content=\"2019-05-20T21:35:28+00:00\" class=\"yoast-seo-meta-tag\" \/>\n<meta property=\"og:image\" content=\"https:\/\/dev.explora.cl\/magallanes\/wp-content\/uploads\/sites\/19\/2018\/06\/AntarticaExtremaPorvenir_opt.jpg\" class=\"yoast-seo-meta-tag\" \/>\n\t<meta property=\"og:image:width\" content=\"400\" class=\"yoast-seo-meta-tag\" \/>\n\t<meta property=\"og:image:height\" content=\"308\" class=\"yoast-seo-meta-tag\" \/>\n\t<meta property=\"og:image:type\" content=\"image\/jpeg\" class=\"yoast-seo-meta-tag\" \/>\n<meta name=\"author\" content=\"webman\" class=\"yoast-seo-meta-tag\" \/>\n<meta name=\"twitter:card\" content=\"summary_large_image\" class=\"yoast-seo-meta-tag\" \/>\n<meta name=\"twitter:label1\" content=\"Escrito por\" class=\"yoast-seo-meta-tag\" \/>\n\t<meta name=\"twitter:data1\" content=\"webman\" class=\"yoast-seo-meta-tag\" \/>\n\t<meta name=\"twitter:label2\" content=\"Tiempo estimado de lectura\" class=\"yoast-seo-meta-tag\" \/>\n\t<meta name=\"twitter:data2\" content=\"2 minutos\" class=\"yoast-seo-meta-tag\" \/>\n<script type=\"application\/ld+json\" class=\"yoast-schema-graph\">{\"@context\":\"https:\/\/schema.org\",\"@graph\":[{\"@type\":\"Article\",\"@id\":\"https:\/\/dev.explora.cl\/magallanes\/mas-de-1-200-personas-visitaron-exposicion-antartica-extrema-en-porvenir\/#article\",\"isPartOf\":{\"@id\":\"https:\/\/dev.explora.cl\/magallanes\/mas-de-1-200-personas-visitaron-exposicion-antartica-extrema-en-porvenir\/\"},\"author\":{\"name\":\"webman\",\"@id\":\"https:\/\/dev.explora.cl\/magallanes\/#\/schema\/person\/cb8349c13ea2d324080adf8480d7ba5d\"},\"headline\":\"M\u00e1s de 1.200 personas visitaron exposici\u00f3n Ant\u00e1rtica Extrema en Porvenir\",\"datePublished\":\"2017-09-06T04:00:00+00:00\",\"dateModified\":\"2019-05-20T21:35:28+00:00\",\"mainEntityOfPage\":{\"@id\":\"https:\/\/dev.explora.cl\/magallanes\/mas-de-1-200-personas-visitaron-exposicion-antartica-extrema-en-porvenir\/\"},\"wordCount\":462,\"commentCount\":0,\"publisher\":{\"@id\":\"https:\/\/dev.explora.cl\/magallanes\/#organization\"},\"image\":{\"@id\":\"https:\/\/dev.explora.cl\/magallanes\/mas-de-1-200-personas-visitaron-exposicion-antartica-extrema-en-porvenir\/#primaryimage\"},\"thumbnailUrl\":\"https:\/\/dev.explora.cl\/magallanes\/wp-content\/uploads\/sites\/19\/2018\/06\/AntarticaExtremaPorvenir_opt.jpg\",\"articleSection\":[\"Noticias\"],\"inLanguage\":\"es-CL\",\"potentialAction\":[{\"@type\":\"CommentAction\",\"name\":\"Comment\",\"target\":[\"https:\/\/dev.explora.cl\/magallanes\/mas-de-1-200-personas-visitaron-exposicion-antartica-extrema-en-porvenir\/#respond\"]}]},{\"@type\":\"WebPage\",\"@id\":\"https:\/\/dev.explora.cl\/magallanes\/mas-de-1-200-personas-visitaron-exposicion-antartica-extrema-en-porvenir\/\",\"url\":\"https:\/\/dev.explora.cl\/magallanes\/mas-de-1-200-personas-visitaron-exposicion-antartica-extrema-en-porvenir\/\",\"name\":\"M\u00e1s de 1.200 personas visitaron exposici\u00f3n Ant\u00e1rtica Extrema en Porvenir - Magallanes\",\"isPartOf\":{\"@id\":\"https:\/\/dev.explora.cl\/magallanes\/#website\"},\"primaryImageOfPage\":{\"@id\":\"https:\/\/dev.explora.cl\/magallanes\/mas-de-1-200-personas-visitaron-exposicion-antartica-extrema-en-porvenir\/#primaryimage\"},\"image\":{\"@id\":\"https:\/\/dev.explora.cl\/magallanes\/mas-de-1-200-personas-visitaron-exposicion-antartica-extrema-en-porvenir\/#primaryimage\"},\"thumbnailUrl\":\"https:\/\/dev.explora.cl\/magallanes\/wp-content\/uploads\/sites\/19\/2018\/06\/AntarticaExtremaPorvenir_opt.jpg\",\"datePublished\":\"2017-09-06T04:00:00+00:00\",\"dateModified\":\"2019-05-20T21:35:28+00:00\",\"breadcrumb\":{\"@id\":\"https:\/\/dev.explora.cl\/magallanes\/mas-de-1-200-personas-visitaron-exposicion-antartica-extrema-en-porvenir\/#breadcrumb\"},\"inLanguage\":\"es-CL\",\"potentialAction\":[{\"@type\":\"ReadAction\",\"target\":[\"https:\/\/dev.explora.cl\/magallanes\/mas-de-1-200-personas-visitaron-exposicion-antartica-extrema-en-porvenir\/\"]}]},{\"@type\":\"ImageObject\",\"inLanguage\":\"es-CL\",\"@id\":\"https:\/\/dev.explora.cl\/magallanes\/mas-de-1-200-personas-visitaron-exposicion-antartica-extrema-en-porvenir\/#primaryimage\",\"url\":\"https:\/\/dev.explora.cl\/magallanes\/wp-content\/uploads\/sites\/19\/2018\/06\/AntarticaExtremaPorvenir_opt.jpg\",\"contentUrl\":\"https:\/\/dev.explora.cl\/magallanes\/wp-content\/uploads\/sites\/19\/2018\/06\/AntarticaExtremaPorvenir_opt.jpg\",\"width\":400,\"height\":308},{\"@type\":\"BreadcrumbList\",\"@id\":\"https:\/\/dev.explora.cl\/magallanes\/mas-de-1-200-personas-visitaron-exposicion-antartica-extrema-en-porvenir\/#breadcrumb\",\"itemListElement\":[{\"@type\":\"ListItem\",\"position\":1,\"name\":\"Portada\",\"item\":\"https:\/\/dev.explora.cl\/magallanes\/\"},{\"@type\":\"ListItem\",\"position\":2,\"name\":\"M\u00e1s de 1.200 personas visitaron exposici\u00f3n Ant\u00e1rtica Extrema en Porvenir\"}]},{\"@type\":\"WebSite\",\"@id\":\"https:\/\/dev.explora.cl\/magallanes\/#website\",\"url\":\"https:\/\/dev.explora.cl\/magallanes\/\",\"name\":\"Magallanes\",\"description\":\"Otro sitio m\u00e1s de dev.explora.cl\",\"publisher\":{\"@id\":\"https:\/\/dev.explora.cl\/magallanes\/#organization\"},\"potentialAction\":[{\"@type\":\"SearchAction\",\"target\":{\"@type\":\"EntryPoint\",\"urlTemplate\":\"https:\/\/dev.explora.cl\/magallanes\/?s={search_term_string}\"},\"query-input\":{\"@type\":\"PropertyValueSpecification\",\"valueRequired\":true,\"valueName\":\"search_term_string\"}}],\"inLanguage\":\"es-CL\"},{\"@type\":\"Organization\",\"@id\":\"https:\/\/dev.explora.cl\/magallanes\/#organization\",\"name\":\"Magallanes\",\"url\":\"https:\/\/dev.explora.cl\/magallanes\/\",\"logo\":{\"@type\":\"ImageObject\",\"inLanguage\":\"es-CL\",\"@id\":\"https:\/\/dev.explora.cl\/magallanes\/#\/schema\/logo\/image\/\",\"url\":\"https:\/\/dev.explora.cl\/magallanes\/wp-content\/uploads\/sites\/19\/2021\/06\/cropped-ICONO-COLOR-2.jpg\",\"contentUrl\":\"https:\/\/dev.explora.cl\/magallanes\/wp-content\/uploads\/sites\/19\/2021\/06\/cropped-ICONO-COLOR-2.jpg\",\"width\":1181,\"height\":1181,\"caption\":\"Magallanes\"},\"image\":{\"@id\":\"https:\/\/dev.explora.cl\/magallanes\/#\/schema\/logo\/image\/\"}},{\"@type\":\"Person\",\"@id\":\"https:\/\/dev.explora.cl\/magallanes\/#\/schema\/person\/cb8349c13ea2d324080adf8480d7ba5d\",\"name\":\"webman\",\"image\":{\"@type\":\"ImageObject\",\"inLanguage\":\"es-CL\",\"@id\":\"https:\/\/dev.explora.cl\/magallanes\/#\/schema\/person\/image\/\",\"url\":\"https:\/\/secure.gravatar.com\/avatar\/eeff3c82f2c02f7177d13663b7e6f890e9a6a0647ce9bb29cae02dcb094c7312?s=96&d=mm&r=g\",\"contentUrl\":\"https:\/\/secure.gravatar.com\/avatar\/eeff3c82f2c02f7177d13663b7e6f890e9a6a0647ce9bb29cae02dcb094c7312?s=96&d=mm&r=g\",\"caption\":\"webman\"},\"url\":\"https:\/\/dev.explora.cl\/magallanes\/author\/webman\/\"}]}<\/script>\n<!-- \/ Yoast SEO plugin. -->","yoast_head_json":{"title":"M\u00e1s de 1.200 personas visitaron exposici\u00f3n Ant\u00e1rtica Extrema en Porvenir - Magallanes","robots":{"index":"index","follow":"follow","max-snippet":"max-snippet:-1","max-image-preview":"max-image-preview:large","max-video-preview":"max-video-preview:-1"},"canonical":"https:\/\/dev.explora.cl\/magallanes\/mas-de-1-200-personas-visitaron-exposicion-antartica-extrema-en-porvenir\/","og_locale":"es_ES","og_type":"article","og_title":"M\u00e1s de 1.200 personas visitaron exposici\u00f3n Ant\u00e1rtica Extrema en Porvenir - Magallanes","og_description":"El gimnasio del Liceo Polivalente Hernando de Magallanes fue el lugar escogido en Porvenir para llevar la muestra itinerante Ant\u00e1rtica Extrema. Durante cinco d\u00edas (del 28 de agosto al 1 de septiembre) los visitantes pudieron conocer lo fant\u00e1stico de este territorio, sus extremos, especies y c\u00f3mo el hombre ha ido llegando al Continente Blanco y [&hellip;]","og_url":"https:\/\/dev.explora.cl\/magallanes\/mas-de-1-200-personas-visitaron-exposicion-antartica-extrema-en-porvenir\/","og_site_name":"Magallanes","article_published_time":"2017-09-06T04:00:00+00:00","article_modified_time":"2019-05-20T21:35:28+00:00","og_image":[{"width":400,"height":308,"url":"https:\/\/dev.explora.cl\/magallanes\/wp-content\/uploads\/sites\/19\/2018\/06\/AntarticaExtremaPorvenir_opt.jpg","type":"image\/jpeg"}],"author":"webman","twitter_card":"summary_large_image","twitter_misc":{"Escrito por":"webman","Tiempo estimado de lectura":"2 minutos"},"schema":{"@context":"https:\/\/schema.org","@graph":[{"@type":"Article","@id":"https:\/\/dev.explora.cl\/magallanes\/mas-de-1-200-personas-visitaron-exposicion-antartica-extrema-en-porvenir\/#article","isPartOf":{"@id":"https:\/\/dev.explora.cl\/magallanes\/mas-de-1-200-personas-visitaron-exposicion-antartica-extrema-en-porvenir\/"},"author":{"name":"webman","@id":"https:\/\/dev.explora.cl\/magallanes\/#\/schema\/person\/cb8349c13ea2d324080adf8480d7ba5d"},"headline":"M\u00e1s de 1.200 personas visitaron exposici\u00f3n Ant\u00e1rtica Extrema en Porvenir","datePublished":"2017-09-06T04:00:00+00:00","dateModified":"2019-05-20T21:35:28+00:00","mainEntityOfPage":{"@id":"https:\/\/dev.explora.cl\/magallanes\/mas-de-1-200-personas-visitaron-exposicion-antartica-extrema-en-porvenir\/"},"wordCount":462,"commentCount":0,"publisher":{"@id":"https:\/\/dev.explora.cl\/magallanes\/#organization"},"image":{"@id":"https:\/\/dev.explora.cl\/magallanes\/mas-de-1-200-personas-visitaron-exposicion-antartica-extrema-en-porvenir\/#primaryimage"},"thumbnailUrl":"https:\/\/dev.explora.cl\/magallanes\/wp-content\/uploads\/sites\/19\/2018\/06\/AntarticaExtremaPorvenir_opt.jpg","articleSection":["Noticias"],"inLanguage":"es-CL","potentialAction":[{"@type":"CommentAction","name":"Comment","target":["https:\/\/dev.explora.cl\/magallanes\/mas-de-1-200-personas-visitaron-exposicion-antartica-extrema-en-porvenir\/#respond"]}]},{"@type":"WebPage","@id":"https:\/\/dev.explora.cl\/magallanes\/mas-de-1-200-personas-visitaron-exposicion-antartica-extrema-en-porvenir\/","url":"https:\/\/dev.explora.cl\/magallanes\/mas-de-1-200-personas-visitaron-exposicion-antartica-extrema-en-porvenir\/","name":"M\u00e1s de 1.200 personas visitaron exposici\u00f3n Ant\u00e1rtica Extrema en Porvenir - Magallanes","isPartOf":{"@id":"https:\/\/dev.explora.cl\/magallanes\/#website"},"primaryImageOfPage":{"@id":"https:\/\/dev.explora.cl\/magallanes\/mas-de-1-200-personas-visitaron-exposicion-antartica-extrema-en-porvenir\/#primaryimage"},"image":{"@id":"https:\/\/dev.explora.cl\/magallanes\/mas-de-1-200-personas-visitaron-exposicion-antartica-extrema-en-porvenir\/#primaryimage"},"thumbnailUrl":"https:\/\/dev.explora.cl\/magallanes\/wp-content\/uploads\/sites\/19\/2018\/06\/AntarticaExtremaPorvenir_opt.jpg","datePublished":"2017-09-06T04:00:00+00:00","dateModified":"2019-05-20T21:35:28+00:00","breadcrumb":{"@id":"https:\/\/dev.explora.cl\/magallanes\/mas-de-1-200-personas-visitaron-exposicion-antartica-extrema-en-porvenir\/#breadcrumb"},"inLanguage":"es-CL","potentialAction":[{"@type":"ReadAction","target":["https:\/\/dev.explora.cl\/magallanes\/mas-de-1-200-personas-visitaron-exposicion-antartica-extrema-en-porvenir\/"]}]},{"@type":"ImageObject","inLanguage":"es-CL","@id":"https:\/\/dev.explora.cl\/magallanes\/mas-de-1-200-personas-visitaron-exposicion-antartica-extrema-en-porvenir\/#primaryimage","url":"https:\/\/dev.explora.cl\/magallanes\/wp-content\/uploads\/sites\/19\/2018\/06\/AntarticaExtremaPorvenir_opt.jpg","contentUrl":"https:\/\/dev.explora.cl\/magallanes\/wp-content\/uploads\/sites\/19\/2018\/06\/AntarticaExtremaPorvenir_opt.jpg","width":400,"height":308},{"@type":"BreadcrumbList","@id":"https:\/\/dev.explora.cl\/magallanes\/mas-de-1-200-personas-visitaron-exposicion-antartica-extrema-en-porvenir\/#breadcrumb","itemListElement":[{"@type":"ListItem","position":1,"name":"Portada","item":"https:\/\/dev.explora.cl\/magallanes\/"},{"@type":"ListItem","position":2,"name":"M\u00e1s de 1.200 personas visitaron exposici\u00f3n Ant\u00e1rtica Extrema en Porvenir"}]},{"@type":"WebSite","@id":"https:\/\/dev.explora.cl\/magallanes\/#website","url":"https:\/\/dev.explora.cl\/magallanes\/","name":"Magallanes","description":"Otro sitio m\u00e1s de dev.explora.cl","publisher":{"@id":"https:\/\/dev.explora.cl\/magallanes\/#organization"},"potentialAction":[{"@type":"SearchAction","target":{"@type":"EntryPoint","urlTemplate":"https:\/\/dev.explora.cl\/magallanes\/?s={search_term_string}"},"query-input":{"@type":"PropertyValueSpecification","valueRequired":true,"valueName":"search_term_string"}}],"inLanguage":"es-CL"},{"@type":"Organization","@id":"https:\/\/dev.explora.cl\/magallanes\/#organization","name":"Magallanes","url":"https:\/\/dev.explora.cl\/magallanes\/","logo":{"@type":"ImageObject","inLanguage":"es-CL","@id":"https:\/\/dev.explora.cl\/magallanes\/#\/schema\/logo\/image\/","url":"https:\/\/dev.explora.cl\/magallanes\/wp-content\/uploads\/sites\/19\/2021\/06\/cropped-ICONO-COLOR-2.jpg","contentUrl":"https:\/\/dev.explora.cl\/magallanes\/wp-content\/uploads\/sites\/19\/2021\/06\/cropped-ICONO-COLOR-2.jpg","width":1181,"height":1181,"caption":"Magallanes"},"image":{"@id":"https:\/\/dev.explora.cl\/magallanes\/#\/schema\/logo\/image\/"}},{"@type":"Person","@id":"https:\/\/dev.explora.cl\/magallanes\/#\/schema\/person\/cb8349c13ea2d324080adf8480d7ba5d","name":"webman","image":{"@type":"ImageObject","inLanguage":"es-CL","@id":"https:\/\/dev.explora.cl\/magallanes\/#\/schema\/person\/image\/","url":"https:\/\/secure.gravatar.com\/avatar\/eeff3c82f2c02f7177d13663b7e6f890e9a6a0647ce9bb29cae02dcb094c7312?s=96&d=mm&r=g","contentUrl":"https:\/\/secure.gravatar.com\/avatar\/eeff3c82f2c02f7177d13663b7e6f890e9a6a0647ce9bb29cae02dcb094c7312?s=96&d=mm&r=g","caption":"webman"},"url":"https:\/\/dev.explora.cl\/magallanes\/author\/webman\/"}]}},"_links":{"self":[{"href":"https:\/\/dev.explora.cl\/magallanes\/wp-json\/wp\/v2\/posts\/761","targetHints":{"allow":["GET"]}}],"collection":[{"href":"https:\/\/dev.explora.cl\/magallanes\/wp-json\/wp\/v2\/posts"}],"about":[{"href":"https:\/\/dev.explora.cl\/magallanes\/wp-json\/wp\/v2\/types\/post"}],"author":[{"embeddable":true,"href":"https:\/\/dev.explora.cl\/magallanes\/wp-json\/wp\/v2\/users\/2"}],"replies":[{"embeddable":true,"href":"https:\/\/dev.explora.cl\/magallanes\/wp-json\/wp\/v2\/comments?post=761"}],"version-history":[{"count":1,"href":"https:\/\/dev.explora.cl\/magallanes\/wp-json\/wp\/v2\/posts\/761\/revisions"}],"predecessor-version":[{"id":37669,"href":"https:\/\/dev.explora.cl\/magallanes\/wp-json\/wp\/v2\/posts\/761\/revisions\/37669"}],"wp:featuredmedia":[{"embeddable":true,"href":"https:\/\/dev.explora.cl\/magallanes\/wp-json\/wp\/v2\/media\/762"}],"wp:attachment":[{"href":"https:\/\/dev.explora.cl\/magallanes\/wp-json\/wp\/v2\/media?parent=761"}],"wp:term":[{"taxonomy":"category","embeddable":true,"href":"https:\/\/dev.explora.cl\/magallanes\/wp-json\/wp\/v2\/categories?post=761"},{"taxonomy":"post_tag","embeddable":true,"href":"https:\/\/dev.explora.cl\/magallanes\/wp-json\/wp\/v2\/tags?post=761"}],"curies":[{"name":"wp","href":"https:\/\/api.w.org\/{rel}","templated":true}]}}