{"id":759,"date":"2017-09-05T00:00:00","date_gmt":"2017-09-05T04:00:00","guid":{"rendered":"https:\/\/dev.explora.cl\/magallanes\/blog\/2017\/09\/05\/exitosa-feria-cientifica-escolar-de-porvenir-reunio-a-mas-de-90-escolares-de-magallanes\/"},"modified":"2019-05-20T21:35:28","modified_gmt":"2019-05-20T21:35:28","slug":"exitosa-feria-cientifica-escolar-de-porvenir-reunio-a-mas-de-90-escolares-de-magallanes","status":"publish","type":"post","link":"https:\/\/dev.explora.cl\/magallanes\/exitosa-feria-cientifica-escolar-de-porvenir-reunio-a-mas-de-90-escolares-de-magallanes\/","title":{"rendered":"Exitosa Feria Cient\u00edfica Escolar de Porvenir reuni\u00f3 a m\u00e1s de 90 escolares de Magallanes"},"content":{"rendered":"<p><img loading=\"lazy\" decoding=\"async\" class=\" size-full wp-image-27601\" src=\"http:\/\/ec2-54-245-22-188.us-west-2.compute.amazonaws.com\/wp-content\/uploads\/2017\/09\/feriacientifica20172_opt.jpg\" alt=\"feriacientifica20172 opt\" width=\"400\" height=\"267\" \/><\/p>\n<p>Cuarenta trabajos de investigaci\u00f3n, en total m\u00e1s de noventa ni\u00f1os, ni\u00f1as y j\u00f3venes procedentes de Punta Arenas, Puerto Natales y Porvenir participaron de la XVII versi\u00f3n de la Feria Cient\u00edfica Escolar de Porvenir \u201cVida, Ciencia y Tecnolog\u00eda\u201d. Instancia que fue organizada por el Liceo Polivalente Hernando de Magallanes y la Escuela Libertador Bernardo O\u2019Higgins Riquelme, con el apoyo del Proyecto Asociativo Regional Explora de CONICYT Regi\u00f3n de Magallanes y Ant\u00e1rtica Chilena de la Universidad de Magallanes, la Ilustre Municipalidad de Porvenir, adem\u00e1s de otras instituciones como: GASCO Magallanes, Nova Austral, Transbordadora Austral Broom y Prodemu.<\/p>\n<p>La coordinadora ejecutiva del PAR Explora Magallanes, Claudia Salinas destac\u00f3 la importancia de este gran evento que por 17 a\u00f1os se ha llevado a cabo en la capital de la Provincia de Tierra del Fuego. Adem\u00e1s aprovech\u00f3 la oportunidad para agradecer al establecimiento y a las instancias que participaron por la enorme labor que significa realizar un evento de estas caracter\u00edsticas.<\/p>\n<p>\u201cLa Feria de Porvenir agrupa a todos los establecimientos educacionales que hacen investigaci\u00f3n cient\u00edfica escolar en toda la regi\u00f3n. Participan colegios de Punta Arenas, Puerto Natales y Porvenir, y la idea es que muestren sus investigaciones y sus avances que han tenido antes de llegar al Congreso Regional Escolar que es en octubre (\u2026) Esta feria tiene 17 a\u00f1os, entonces nosotros hemos trabajado codo a codo con el Liceo Polivalente, ha sido un gran aliado para divulgar la Ciencia en Tierra del Fuego y por supuesto colaboramos con ellos y con otras instancias para llevar a cabo nuestras actividades\u201d, valor\u00f3.<\/p>\n<p>Asimismo el director del Liceo Polivalente Hernando de Magallanes, Alex Vera, efectu\u00f3 un positivo balance de la actividad, espec\u00edficamente a lo que se refiere al gran inter\u00e9s de los estudiantes por querer ser parte de esta feria cient\u00edfica regional. \u201cLa evaluaci\u00f3n es bastante positiva, desde la convocatoria que fue absolutamente masiva, se presentaron m\u00e1s proyectos y fueron m\u00e1s acabados utilizando el m\u00e9todo cient\u00edfico a m\u00e1s profundidad. Se nota el incentivo a trav\u00e9s del Programa Explora, como los j\u00f3venes se han ido reforzando en el \u00e1mbito de la investigaci\u00f3n cient\u00edfica. Como comunidad educativa no queremos perder esta instancia donde los estudiantes puedan presentar sus investigaciones, inter\u00e9s por la ciencia y la motivaci\u00f3n. Es una actividad extra program\u00e1tica que cada d\u00eda va contribuyendo a su desarrollo integral\u201d, expres\u00f3.<\/p>\n<p>Los m\u00e1s felices eran los escolares que llegaron desde distintos lugares de la regi\u00f3n y que pudieron presentar los avances de sus investigaciones escolares a la comunidad fueguina.<\/p>\n<p><img decoding=\"async\" src=\"https:\/\/dev.explora.cl\/magallanes\" alt=\"\" \/><\/p>\n<p>Finalmente los trabajos ganadores fueron: <em>\u201cEl misterio del origen de la vida en Tierra del Fuego<\/em>\u201d de las estudiantes Antonia Vera Rubilar y Catalina Haro S\u00e1nchez de la Escuela Bernardo O\u2019Higgins de Porvenir en Categor\u00eda Educaci\u00f3n B\u00e1sica <em>y \u201cColaboraci\u00f3n vs Individualismo\u201d<\/em> de Ignacio Barrientos (Liceo San Jos\u00e9) y Benjam\u00edn C\u00e1rcamo (Liceo Juan Bautista Contardi) ambos del Club Explora con Lupa en Educaci\u00f3n Media.<\/p>\n<p>La estudiante Antonia Vera, se mostr\u00f3 muy contenta por conseguir el primer lugar entre todos los trabajos investigativos de ense\u00f1anza b\u00e1sica, y al respecto coment\u00f3: \u201cNunca pens\u00e9 ganar la feria porque hab\u00edan proyectos muy buenos, sent\u00ed mucha emoci\u00f3n, alegr\u00eda, me acord\u00e9 enseguida de nuestra profesora (Carla Norambuena), de nuestra cient\u00edfica asesora y mi compa\u00f1era porque nunca nos imagin\u00e1bamos ganar. Nosotras comenzamos esta investigaci\u00f3n a principios de junio, llevamos dos meses desarrollando este trabajo y este lo iniciamos porque la gente no tiene conciencia de la importancia de los estrematolitos, muchos de ellos tienen m\u00e1s de mil a\u00f1os, y la gente al no saber est\u00e1 pasando a llevar nuestro ecosistema\u201d.<\/p>\n<p>En tanto los integrantes del Club Explora con Lupa, Ignacio Barrientos y Benjam\u00edn C\u00e1rcamo han estado trabajando en la investigaci\u00f3n \u201cColaboraci\u00f3n vs Individualismo\u201d, que consiste en crear \u00e1rboles multifrutales y si resulta su m\u00e9todo utilizarlo para la reforestaci\u00f3n en Torres del Paine.<\/p>\n<p>\u201cNo pens\u00e1bamos ganar, de verdad que hab\u00edan otros candidatos porque hab\u00edan trabajos que ten\u00edan muy buen desarrollo y expositores. Las investigaciones eran de calidad, los chicos han conseguido muchos avances y se nos viene muy complicado para el Congreso Regional de Explora\u201d, destac\u00f3 Ignacio a lo que su compa\u00f1ero Benjam\u00edn: \u201cHab\u00edan otros proyectos que estaban m\u00e1s avanzados, que ten\u00edan m\u00e1s resultados que el nuestro, estamos muy contentos\u201d.<\/p>\n<p>De igual forma, los proyectos del Club Explora con Lupa tambi\u00e9n fueron destacados en la Feria Cient\u00edfica del Liceo Mar\u00eda Mazzarello de Puerto Natales con Ignacio Barrientos como expositor. \u201cEl desarrollo ha ido en aumento, nos hemos apegado bastante al m\u00e9todo cient\u00edfico que nos hab\u00edan planteado en alg\u00fan momento y creo que eso es lo que nos ha ayudado a conseguir estos logros. Ahora nos estamos preparando para participar del Congreso Regional Escolar con salidas a terreno, nos juntamos en la Biblioteca de Hornillas y tambi\u00e9n en el SAG\u201d, mencionaron.<\/p>\n<p>Otras actividades cient\u00edficas &nbsp;&nbsp;&nbsp;<\/p>\n<p>Posteriormente y en conjunto a este gran evento cient\u00edfico, el PAR Explora Magallanes llev\u00f3 a cabo otras actividades en la comuna, tales como las exposiciones itinerantes Ant\u00e1rtica Extrema y ChileMIO que fueron visitadas por 2.104 personas. Se sum\u00f3 tambi\u00e9n la inauguraci\u00f3n a nivel regional de la exhibici\u00f3n del Centro Astron\u00f3mico ALMA \u201cALMA: en busca de nuestros or\u00edgenes c\u00f3smicos\u201d que cont\u00f3 con charla y capacitaci\u00f3n para profesores a cargo del astr\u00f3nomo Paulo Cort\u00e9s.<\/p>\n<p>Por \u00faltimo pero no menos importante, se llev\u00f3 a cabo el primer taller de Comunidad InGenio, Programa del Instituto Sistema Complejos de Ingenier\u00eda, donde se trabaj\u00f3 con j\u00f3venes de 2\u00b0 y 3\u00b0 medio del Liceo Polivalente Hernando de Magallanes, y donde ellos pudieron conocer la dimensi\u00f3n concreta de uso que tienen la matem\u00e1tica y la computaci\u00f3n en el \u00e1mbito de la investigaci\u00f3n cient\u00edfica.<\/p>\n<p>\u201cAsociadas a la Feria Cient\u00edfica de Porvenir tenemos las muestras Ant\u00e1rtica Extrema, ChileMIO y ALMA que vino con charla y capacitaci\u00f3n de profesores, adem\u00e1s de un taller de Comunidad InGenio para estudiantes del liceo. En definitiva, estamos haciendo la primera semana cient\u00edfica en Porvenir trayendo todas las iniciativas que tenemos disponibles y que estamos itinerando en nuestra regi\u00f3n\u201d, concluy\u00f3 Claudia Salinas, del PAR Explora Magallanes.<\/p>\n","protected":false},"excerpt":{"rendered":"<p>Cuarenta trabajos de investigaci\u00f3n, en total m\u00e1s de noventa ni\u00f1os, ni\u00f1as y j\u00f3venes procedentes de Punta Arenas, Puerto Natales y Porvenir participaron de la XVII versi\u00f3n de la Feria Cient\u00edfica Escolar de Porvenir \u201cVida, Ciencia y Tecnolog\u00eda\u201d. Instancia que fue organizada por el Liceo Polivalente Hernando de Magallanes y la Escuela Libertador Bernardo O\u2019Higgins Riquelme, [&hellip;]<\/p>\n","protected":false},"author":2,"featured_media":760,"comment_status":"open","ping_status":"open","sticky":false,"template":"","format":"standard","meta":{"_acf_changed":false,"_exactmetrics_skip_tracking":false,"_exactmetrics_sitenote_active":false,"_exactmetrics_sitenote_note":"","_exactmetrics_sitenote_category":0,"footnotes":"","_links_to":"","_links_to_target":""},"categories":[4],"tags":[],"class_list":["post-759","post","type-post","status-publish","format-standard","has-post-thumbnail","hentry","category-noticias"],"acf":[],"yoast_head":"<!-- This site is optimized with the Yoast SEO plugin v26.7 - https:\/\/yoast.com\/wordpress\/plugins\/seo\/ -->\n<title>Exitosa Feria Cient\u00edfica Escolar de Porvenir reuni\u00f3 a m\u00e1s de 90 escolares de Magallanes - Magallanes<\/title>\n<meta name=\"robots\" content=\"index, follow, max-snippet:-1, max-image-preview:large, max-video-preview:-1\" \/>\n<link rel=\"canonical\" href=\"https:\/\/dev.explora.cl\/magallanes\/exitosa-feria-cientifica-escolar-de-porvenir-reunio-a-mas-de-90-escolares-de-magallanes\/\" class=\"yoast-seo-meta-tag\" \/>\n<meta property=\"og:locale\" content=\"es_ES\" class=\"yoast-seo-meta-tag\" \/>\n<meta property=\"og:type\" content=\"article\" class=\"yoast-seo-meta-tag\" \/>\n<meta property=\"og:title\" content=\"Exitosa Feria Cient\u00edfica Escolar de Porvenir reuni\u00f3 a m\u00e1s de 90 escolares de Magallanes - Magallanes\" class=\"yoast-seo-meta-tag\" \/>\n<meta property=\"og:description\" content=\"Cuarenta trabajos de investigaci\u00f3n, en total m\u00e1s de noventa ni\u00f1os, ni\u00f1as y j\u00f3venes procedentes de Punta Arenas, Puerto Natales y Porvenir participaron de la XVII versi\u00f3n de la Feria Cient\u00edfica Escolar de Porvenir \u201cVida, Ciencia y Tecnolog\u00eda\u201d. Instancia que fue organizada por el Liceo Polivalente Hernando de Magallanes y la Escuela Libertador Bernardo O\u2019Higgins Riquelme, [&hellip;]\" class=\"yoast-seo-meta-tag\" \/>\n<meta property=\"og:url\" content=\"https:\/\/dev.explora.cl\/magallanes\/exitosa-feria-cientifica-escolar-de-porvenir-reunio-a-mas-de-90-escolares-de-magallanes\/\" class=\"yoast-seo-meta-tag\" \/>\n<meta property=\"og:site_name\" content=\"Magallanes\" class=\"yoast-seo-meta-tag\" \/>\n<meta property=\"article:published_time\" content=\"2017-09-05T04:00:00+00:00\" class=\"yoast-seo-meta-tag\" \/>\n<meta property=\"article:modified_time\" content=\"2019-05-20T21:35:28+00:00\" class=\"yoast-seo-meta-tag\" \/>\n<meta property=\"og:image\" content=\"https:\/\/dev.explora.cl\/magallanes\/wp-content\/uploads\/sites\/19\/2018\/06\/feriacientifica20172_opt.jpg\" class=\"yoast-seo-meta-tag\" \/>\n\t<meta property=\"og:image:width\" content=\"400\" class=\"yoast-seo-meta-tag\" \/>\n\t<meta property=\"og:image:height\" content=\"267\" class=\"yoast-seo-meta-tag\" \/>\n\t<meta property=\"og:image:type\" content=\"image\/jpeg\" class=\"yoast-seo-meta-tag\" \/>\n<meta name=\"author\" content=\"webman\" class=\"yoast-seo-meta-tag\" \/>\n<meta name=\"twitter:card\" content=\"summary_large_image\" class=\"yoast-seo-meta-tag\" \/>\n<meta name=\"twitter:label1\" content=\"Escrito por\" class=\"yoast-seo-meta-tag\" \/>\n\t<meta name=\"twitter:data1\" content=\"webman\" class=\"yoast-seo-meta-tag\" \/>\n\t<meta name=\"twitter:label2\" content=\"Tiempo estimado de lectura\" class=\"yoast-seo-meta-tag\" \/>\n\t<meta name=\"twitter:data2\" content=\"5 minutos\" class=\"yoast-seo-meta-tag\" \/>\n<script type=\"application\/ld+json\" class=\"yoast-schema-graph\">{\"@context\":\"https:\/\/schema.org\",\"@graph\":[{\"@type\":\"Article\",\"@id\":\"https:\/\/dev.explora.cl\/magallanes\/exitosa-feria-cientifica-escolar-de-porvenir-reunio-a-mas-de-90-escolares-de-magallanes\/#article\",\"isPartOf\":{\"@id\":\"https:\/\/dev.explora.cl\/magallanes\/exitosa-feria-cientifica-escolar-de-porvenir-reunio-a-mas-de-90-escolares-de-magallanes\/\"},\"author\":{\"name\":\"webman\",\"@id\":\"https:\/\/dev.explora.cl\/magallanes\/#\/schema\/person\/cb8349c13ea2d324080adf8480d7ba5d\"},\"headline\":\"Exitosa Feria Cient\u00edfica Escolar de Porvenir reuni\u00f3 a m\u00e1s de 90 escolares de Magallanes\",\"datePublished\":\"2017-09-05T04:00:00+00:00\",\"dateModified\":\"2019-05-20T21:35:28+00:00\",\"mainEntityOfPage\":{\"@id\":\"https:\/\/dev.explora.cl\/magallanes\/exitosa-feria-cientifica-escolar-de-porvenir-reunio-a-mas-de-90-escolares-de-magallanes\/\"},\"wordCount\":1103,\"commentCount\":0,\"publisher\":{\"@id\":\"https:\/\/dev.explora.cl\/magallanes\/#organization\"},\"image\":{\"@id\":\"https:\/\/dev.explora.cl\/magallanes\/exitosa-feria-cientifica-escolar-de-porvenir-reunio-a-mas-de-90-escolares-de-magallanes\/#primaryimage\"},\"thumbnailUrl\":\"https:\/\/dev.explora.cl\/magallanes\/wp-content\/uploads\/sites\/19\/2018\/06\/feriacientifica20172_opt.jpg\",\"articleSection\":[\"Noticias\"],\"inLanguage\":\"es-CL\",\"potentialAction\":[{\"@type\":\"CommentAction\",\"name\":\"Comment\",\"target\":[\"https:\/\/dev.explora.cl\/magallanes\/exitosa-feria-cientifica-escolar-de-porvenir-reunio-a-mas-de-90-escolares-de-magallanes\/#respond\"]}]},{\"@type\":\"WebPage\",\"@id\":\"https:\/\/dev.explora.cl\/magallanes\/exitosa-feria-cientifica-escolar-de-porvenir-reunio-a-mas-de-90-escolares-de-magallanes\/\",\"url\":\"https:\/\/dev.explora.cl\/magallanes\/exitosa-feria-cientifica-escolar-de-porvenir-reunio-a-mas-de-90-escolares-de-magallanes\/\",\"name\":\"Exitosa Feria Cient\u00edfica Escolar de Porvenir reuni\u00f3 a m\u00e1s de 90 escolares de Magallanes - Magallanes\",\"isPartOf\":{\"@id\":\"https:\/\/dev.explora.cl\/magallanes\/#website\"},\"primaryImageOfPage\":{\"@id\":\"https:\/\/dev.explora.cl\/magallanes\/exitosa-feria-cientifica-escolar-de-porvenir-reunio-a-mas-de-90-escolares-de-magallanes\/#primaryimage\"},\"image\":{\"@id\":\"https:\/\/dev.explora.cl\/magallanes\/exitosa-feria-cientifica-escolar-de-porvenir-reunio-a-mas-de-90-escolares-de-magallanes\/#primaryimage\"},\"thumbnailUrl\":\"https:\/\/dev.explora.cl\/magallanes\/wp-content\/uploads\/sites\/19\/2018\/06\/feriacientifica20172_opt.jpg\",\"datePublished\":\"2017-09-05T04:00:00+00:00\",\"dateModified\":\"2019-05-20T21:35:28+00:00\",\"breadcrumb\":{\"@id\":\"https:\/\/dev.explora.cl\/magallanes\/exitosa-feria-cientifica-escolar-de-porvenir-reunio-a-mas-de-90-escolares-de-magallanes\/#breadcrumb\"},\"inLanguage\":\"es-CL\",\"potentialAction\":[{\"@type\":\"ReadAction\",\"target\":[\"https:\/\/dev.explora.cl\/magallanes\/exitosa-feria-cientifica-escolar-de-porvenir-reunio-a-mas-de-90-escolares-de-magallanes\/\"]}]},{\"@type\":\"ImageObject\",\"inLanguage\":\"es-CL\",\"@id\":\"https:\/\/dev.explora.cl\/magallanes\/exitosa-feria-cientifica-escolar-de-porvenir-reunio-a-mas-de-90-escolares-de-magallanes\/#primaryimage\",\"url\":\"https:\/\/dev.explora.cl\/magallanes\/wp-content\/uploads\/sites\/19\/2018\/06\/feriacientifica20172_opt.jpg\",\"contentUrl\":\"https:\/\/dev.explora.cl\/magallanes\/wp-content\/uploads\/sites\/19\/2018\/06\/feriacientifica20172_opt.jpg\",\"width\":400,\"height\":267},{\"@type\":\"BreadcrumbList\",\"@id\":\"https:\/\/dev.explora.cl\/magallanes\/exitosa-feria-cientifica-escolar-de-porvenir-reunio-a-mas-de-90-escolares-de-magallanes\/#breadcrumb\",\"itemListElement\":[{\"@type\":\"ListItem\",\"position\":1,\"name\":\"Portada\",\"item\":\"https:\/\/dev.explora.cl\/magallanes\/\"},{\"@type\":\"ListItem\",\"position\":2,\"name\":\"Exitosa Feria Cient\u00edfica Escolar de Porvenir reuni\u00f3 a m\u00e1s de 90 escolares de Magallanes\"}]},{\"@type\":\"WebSite\",\"@id\":\"https:\/\/dev.explora.cl\/magallanes\/#website\",\"url\":\"https:\/\/dev.explora.cl\/magallanes\/\",\"name\":\"Magallanes\",\"description\":\"Otro sitio m\u00e1s de dev.explora.cl\",\"publisher\":{\"@id\":\"https:\/\/dev.explora.cl\/magallanes\/#organization\"},\"potentialAction\":[{\"@type\":\"SearchAction\",\"target\":{\"@type\":\"EntryPoint\",\"urlTemplate\":\"https:\/\/dev.explora.cl\/magallanes\/?s={search_term_string}\"},\"query-input\":{\"@type\":\"PropertyValueSpecification\",\"valueRequired\":true,\"valueName\":\"search_term_string\"}}],\"inLanguage\":\"es-CL\"},{\"@type\":\"Organization\",\"@id\":\"https:\/\/dev.explora.cl\/magallanes\/#organization\",\"name\":\"Magallanes\",\"url\":\"https:\/\/dev.explora.cl\/magallanes\/\",\"logo\":{\"@type\":\"ImageObject\",\"inLanguage\":\"es-CL\",\"@id\":\"https:\/\/dev.explora.cl\/magallanes\/#\/schema\/logo\/image\/\",\"url\":\"https:\/\/dev.explora.cl\/magallanes\/wp-content\/uploads\/sites\/19\/2021\/06\/cropped-ICONO-COLOR-2.jpg\",\"contentUrl\":\"https:\/\/dev.explora.cl\/magallanes\/wp-content\/uploads\/sites\/19\/2021\/06\/cropped-ICONO-COLOR-2.jpg\",\"width\":1181,\"height\":1181,\"caption\":\"Magallanes\"},\"image\":{\"@id\":\"https:\/\/dev.explora.cl\/magallanes\/#\/schema\/logo\/image\/\"}},{\"@type\":\"Person\",\"@id\":\"https:\/\/dev.explora.cl\/magallanes\/#\/schema\/person\/cb8349c13ea2d324080adf8480d7ba5d\",\"name\":\"webman\",\"image\":{\"@type\":\"ImageObject\",\"inLanguage\":\"es-CL\",\"@id\":\"https:\/\/dev.explora.cl\/magallanes\/#\/schema\/person\/image\/\",\"url\":\"https:\/\/secure.gravatar.com\/avatar\/eeff3c82f2c02f7177d13663b7e6f890e9a6a0647ce9bb29cae02dcb094c7312?s=96&d=mm&r=g\",\"contentUrl\":\"https:\/\/secure.gravatar.com\/avatar\/eeff3c82f2c02f7177d13663b7e6f890e9a6a0647ce9bb29cae02dcb094c7312?s=96&d=mm&r=g\",\"caption\":\"webman\"},\"url\":\"https:\/\/dev.explora.cl\/magallanes\/author\/webman\/\"}]}<\/script>\n<!-- \/ Yoast SEO plugin. -->","yoast_head_json":{"title":"Exitosa Feria Cient\u00edfica Escolar de Porvenir reuni\u00f3 a m\u00e1s de 90 escolares de Magallanes - Magallanes","robots":{"index":"index","follow":"follow","max-snippet":"max-snippet:-1","max-image-preview":"max-image-preview:large","max-video-preview":"max-video-preview:-1"},"canonical":"https:\/\/dev.explora.cl\/magallanes\/exitosa-feria-cientifica-escolar-de-porvenir-reunio-a-mas-de-90-escolares-de-magallanes\/","og_locale":"es_ES","og_type":"article","og_title":"Exitosa Feria Cient\u00edfica Escolar de Porvenir reuni\u00f3 a m\u00e1s de 90 escolares de Magallanes - Magallanes","og_description":"Cuarenta trabajos de investigaci\u00f3n, en total m\u00e1s de noventa ni\u00f1os, ni\u00f1as y j\u00f3venes procedentes de Punta Arenas, Puerto Natales y Porvenir participaron de la XVII versi\u00f3n de la Feria Cient\u00edfica Escolar de Porvenir \u201cVida, Ciencia y Tecnolog\u00eda\u201d. Instancia que fue organizada por el Liceo Polivalente Hernando de Magallanes y la Escuela Libertador Bernardo O\u2019Higgins Riquelme, [&hellip;]","og_url":"https:\/\/dev.explora.cl\/magallanes\/exitosa-feria-cientifica-escolar-de-porvenir-reunio-a-mas-de-90-escolares-de-magallanes\/","og_site_name":"Magallanes","article_published_time":"2017-09-05T04:00:00+00:00","article_modified_time":"2019-05-20T21:35:28+00:00","og_image":[{"width":400,"height":267,"url":"https:\/\/dev.explora.cl\/magallanes\/wp-content\/uploads\/sites\/19\/2018\/06\/feriacientifica20172_opt.jpg","type":"image\/jpeg"}],"author":"webman","twitter_card":"summary_large_image","twitter_misc":{"Escrito por":"webman","Tiempo estimado de lectura":"5 minutos"},"schema":{"@context":"https:\/\/schema.org","@graph":[{"@type":"Article","@id":"https:\/\/dev.explora.cl\/magallanes\/exitosa-feria-cientifica-escolar-de-porvenir-reunio-a-mas-de-90-escolares-de-magallanes\/#article","isPartOf":{"@id":"https:\/\/dev.explora.cl\/magallanes\/exitosa-feria-cientifica-escolar-de-porvenir-reunio-a-mas-de-90-escolares-de-magallanes\/"},"author":{"name":"webman","@id":"https:\/\/dev.explora.cl\/magallanes\/#\/schema\/person\/cb8349c13ea2d324080adf8480d7ba5d"},"headline":"Exitosa Feria Cient\u00edfica Escolar de Porvenir reuni\u00f3 a m\u00e1s de 90 escolares de Magallanes","datePublished":"2017-09-05T04:00:00+00:00","dateModified":"2019-05-20T21:35:28+00:00","mainEntityOfPage":{"@id":"https:\/\/dev.explora.cl\/magallanes\/exitosa-feria-cientifica-escolar-de-porvenir-reunio-a-mas-de-90-escolares-de-magallanes\/"},"wordCount":1103,"commentCount":0,"publisher":{"@id":"https:\/\/dev.explora.cl\/magallanes\/#organization"},"image":{"@id":"https:\/\/dev.explora.cl\/magallanes\/exitosa-feria-cientifica-escolar-de-porvenir-reunio-a-mas-de-90-escolares-de-magallanes\/#primaryimage"},"thumbnailUrl":"https:\/\/dev.explora.cl\/magallanes\/wp-content\/uploads\/sites\/19\/2018\/06\/feriacientifica20172_opt.jpg","articleSection":["Noticias"],"inLanguage":"es-CL","potentialAction":[{"@type":"CommentAction","name":"Comment","target":["https:\/\/dev.explora.cl\/magallanes\/exitosa-feria-cientifica-escolar-de-porvenir-reunio-a-mas-de-90-escolares-de-magallanes\/#respond"]}]},{"@type":"WebPage","@id":"https:\/\/dev.explora.cl\/magallanes\/exitosa-feria-cientifica-escolar-de-porvenir-reunio-a-mas-de-90-escolares-de-magallanes\/","url":"https:\/\/dev.explora.cl\/magallanes\/exitosa-feria-cientifica-escolar-de-porvenir-reunio-a-mas-de-90-escolares-de-magallanes\/","name":"Exitosa Feria Cient\u00edfica Escolar de Porvenir reuni\u00f3 a m\u00e1s de 90 escolares de Magallanes - Magallanes","isPartOf":{"@id":"https:\/\/dev.explora.cl\/magallanes\/#website"},"primaryImageOfPage":{"@id":"https:\/\/dev.explora.cl\/magallanes\/exitosa-feria-cientifica-escolar-de-porvenir-reunio-a-mas-de-90-escolares-de-magallanes\/#primaryimage"},"image":{"@id":"https:\/\/dev.explora.cl\/magallanes\/exitosa-feria-cientifica-escolar-de-porvenir-reunio-a-mas-de-90-escolares-de-magallanes\/#primaryimage"},"thumbnailUrl":"https:\/\/dev.explora.cl\/magallanes\/wp-content\/uploads\/sites\/19\/2018\/06\/feriacientifica20172_opt.jpg","datePublished":"2017-09-05T04:00:00+00:00","dateModified":"2019-05-20T21:35:28+00:00","breadcrumb":{"@id":"https:\/\/dev.explora.cl\/magallanes\/exitosa-feria-cientifica-escolar-de-porvenir-reunio-a-mas-de-90-escolares-de-magallanes\/#breadcrumb"},"inLanguage":"es-CL","potentialAction":[{"@type":"ReadAction","target":["https:\/\/dev.explora.cl\/magallanes\/exitosa-feria-cientifica-escolar-de-porvenir-reunio-a-mas-de-90-escolares-de-magallanes\/"]}]},{"@type":"ImageObject","inLanguage":"es-CL","@id":"https:\/\/dev.explora.cl\/magallanes\/exitosa-feria-cientifica-escolar-de-porvenir-reunio-a-mas-de-90-escolares-de-magallanes\/#primaryimage","url":"https:\/\/dev.explora.cl\/magallanes\/wp-content\/uploads\/sites\/19\/2018\/06\/feriacientifica20172_opt.jpg","contentUrl":"https:\/\/dev.explora.cl\/magallanes\/wp-content\/uploads\/sites\/19\/2018\/06\/feriacientifica20172_opt.jpg","width":400,"height":267},{"@type":"BreadcrumbList","@id":"https:\/\/dev.explora.cl\/magallanes\/exitosa-feria-cientifica-escolar-de-porvenir-reunio-a-mas-de-90-escolares-de-magallanes\/#breadcrumb","itemListElement":[{"@type":"ListItem","position":1,"name":"Portada","item":"https:\/\/dev.explora.cl\/magallanes\/"},{"@type":"ListItem","position":2,"name":"Exitosa Feria Cient\u00edfica Escolar de Porvenir reuni\u00f3 a m\u00e1s de 90 escolares de Magallanes"}]},{"@type":"WebSite","@id":"https:\/\/dev.explora.cl\/magallanes\/#website","url":"https:\/\/dev.explora.cl\/magallanes\/","name":"Magallanes","description":"Otro sitio m\u00e1s de dev.explora.cl","publisher":{"@id":"https:\/\/dev.explora.cl\/magallanes\/#organization"},"potentialAction":[{"@type":"SearchAction","target":{"@type":"EntryPoint","urlTemplate":"https:\/\/dev.explora.cl\/magallanes\/?s={search_term_string}"},"query-input":{"@type":"PropertyValueSpecification","valueRequired":true,"valueName":"search_term_string"}}],"inLanguage":"es-CL"},{"@type":"Organization","@id":"https:\/\/dev.explora.cl\/magallanes\/#organization","name":"Magallanes","url":"https:\/\/dev.explora.cl\/magallanes\/","logo":{"@type":"ImageObject","inLanguage":"es-CL","@id":"https:\/\/dev.explora.cl\/magallanes\/#\/schema\/logo\/image\/","url":"https:\/\/dev.explora.cl\/magallanes\/wp-content\/uploads\/sites\/19\/2021\/06\/cropped-ICONO-COLOR-2.jpg","contentUrl":"https:\/\/dev.explora.cl\/magallanes\/wp-content\/uploads\/sites\/19\/2021\/06\/cropped-ICONO-COLOR-2.jpg","width":1181,"height":1181,"caption":"Magallanes"},"image":{"@id":"https:\/\/dev.explora.cl\/magallanes\/#\/schema\/logo\/image\/"}},{"@type":"Person","@id":"https:\/\/dev.explora.cl\/magallanes\/#\/schema\/person\/cb8349c13ea2d324080adf8480d7ba5d","name":"webman","image":{"@type":"ImageObject","inLanguage":"es-CL","@id":"https:\/\/dev.explora.cl\/magallanes\/#\/schema\/person\/image\/","url":"https:\/\/secure.gravatar.com\/avatar\/eeff3c82f2c02f7177d13663b7e6f890e9a6a0647ce9bb29cae02dcb094c7312?s=96&d=mm&r=g","contentUrl":"https:\/\/secure.gravatar.com\/avatar\/eeff3c82f2c02f7177d13663b7e6f890e9a6a0647ce9bb29cae02dcb094c7312?s=96&d=mm&r=g","caption":"webman"},"url":"https:\/\/dev.explora.cl\/magallanes\/author\/webman\/"}]}},"_links":{"self":[{"href":"https:\/\/dev.explora.cl\/magallanes\/wp-json\/wp\/v2\/posts\/759","targetHints":{"allow":["GET"]}}],"collection":[{"href":"https:\/\/dev.explora.cl\/magallanes\/wp-json\/wp\/v2\/posts"}],"about":[{"href":"https:\/\/dev.explora.cl\/magallanes\/wp-json\/wp\/v2\/types\/post"}],"author":[{"embeddable":true,"href":"https:\/\/dev.explora.cl\/magallanes\/wp-json\/wp\/v2\/users\/2"}],"replies":[{"embeddable":true,"href":"https:\/\/dev.explora.cl\/magallanes\/wp-json\/wp\/v2\/comments?post=759"}],"version-history":[{"count":1,"href":"https:\/\/dev.explora.cl\/magallanes\/wp-json\/wp\/v2\/posts\/759\/revisions"}],"predecessor-version":[{"id":37670,"href":"https:\/\/dev.explora.cl\/magallanes\/wp-json\/wp\/v2\/posts\/759\/revisions\/37670"}],"wp:featuredmedia":[{"embeddable":true,"href":"https:\/\/dev.explora.cl\/magallanes\/wp-json\/wp\/v2\/media\/760"}],"wp:attachment":[{"href":"https:\/\/dev.explora.cl\/magallanes\/wp-json\/wp\/v2\/media?parent=759"}],"wp:term":[{"taxonomy":"category","embeddable":true,"href":"https:\/\/dev.explora.cl\/magallanes\/wp-json\/wp\/v2\/categories?post=759"},{"taxonomy":"post_tag","embeddable":true,"href":"https:\/\/dev.explora.cl\/magallanes\/wp-json\/wp\/v2\/tags?post=759"}],"curies":[{"name":"wp","href":"https:\/\/api.w.org\/{rel}","templated":true}]}}