{"id":754,"date":"2017-08-24T00:00:00","date_gmt":"2017-08-24T04:00:00","guid":{"rendered":"https:\/\/dev.explora.cl\/magallanes\/blog\/2017\/08\/24\/la-ciencia-se-toma-porvenir-durante-cinco-dias-habra-exposiciones-itinerantes-charlas-talleres-y-la-tradicional-feria-cientifica-escolar-de-la-comuna\/"},"modified":"2019-05-20T21:35:29","modified_gmt":"2019-05-20T21:35:29","slug":"la-ciencia-se-toma-porvenir-durante-cinco-dias-habra-exposiciones-itinerantes-charlas-talleres-y-la-tradicional-feria-cientifica-escolar-de-la-comuna","status":"publish","type":"post","link":"https:\/\/dev.explora.cl\/magallanes\/la-ciencia-se-toma-porvenir-durante-cinco-dias-habra-exposiciones-itinerantes-charlas-talleres-y-la-tradicional-feria-cientifica-escolar-de-la-comuna\/","title":{"rendered":"La ciencia se toma Porvenir: Durante cinco d\u00edas habr\u00e1 exposiciones itinerantes, charlas, talleres y la tradicional Feria Cient\u00edfica Escolar de la comuna"},"content":{"rendered":"<p>Menos de una semana queda para el inicio de una nueva versi\u00f3n de la Feria Cient\u00edfica de Porvenir \u201cVida, Ciencia y Tecnolog\u00eda\u201d, que organiza el Liceo Polivalente Hernando de Magallanes y la Escuela Bernardo O\u2019Higgins de dicha comuna. Por lo dem\u00e1s cuenta con el apoyo y respaldo del Proyecto Asociativo Regional (PAR) Explora de CONICYT Magallanes y de la Ant\u00e1rtica Chilena y de la Ilustre Municipalidad de Porvenir.<\/p>\n<p>Treinta y cinco son los equipos escolares confirmados para esta versi\u00f3n. De ese total, 16 corresponden a Punta Arenas, 13 a Porvenir y 6 a Puerto Natales. El detalle de los seleccionados se encuentra disponible en: <a href=\"magallanes\">dev.explora.cl\/magallanes<\/a>.<\/p>\n<p>Pero adem\u00e1s de esto, el PAR Explora Magallanes llevar\u00e1 a cabo otras actividades de car\u00e1cter cient\u00edfico en la comuna. La exposici\u00f3n itinerante Ant\u00e1rtica Extrema es una de las novedades para esta oportunidad. La muestra que ya ha sido visitada por m\u00e1s de tres mil personas en Punta Arenas y Puerto Williams se basa en lo fant\u00e1stico de este territorio, sus extremos, especies y c\u00f3mo el hombre ha ido llegando al Continente Blanco y descubriendo sus maravillas. Esta exhibici\u00f3n abre sus puertas el pr\u00f3ximo lunes 28 de agosto y estar\u00e1 disponible hasta el viernes 1 de septiembre en horario de 08:30 a 13 horas y de 15 a 18 horas. Los interesados pueden escribir al correo: <a href=\"mailto:vinculacionescolar.exploramag@gmail.com\">vinculacionescolar.exploramag@gmail.com<\/a><\/p>\n<p>En paralelo a Ant\u00e1rtica Extrema, estar\u00e1 disponible la iniciativa M\u00e1gico ChileMIO de la Universidad de Concepci\u00f3n, cuyo objetivo principal es acercar los conocimientos cient\u00edficos sobre el oc\u00e9ano a ni\u00f1os, j\u00f3venes y adultos, y que estos visitantes aprendan por medio de la tecnolog\u00eda sobre la geograf\u00eda marina de la Regi\u00f3n de Magallanes, los sucesos del mar, las especies que viven aqu\u00ed y los recursos que se encuentran disponibles en nuestra zona.<\/p>\n<p>El jueves 31 en la ma\u00f1ana, mismo d\u00eda de la ceremonia de inauguraci\u00f3n de la Feria Cient\u00edfica de Porvenir, se llevar\u00e1 a cabo la presentaci\u00f3n a nivel regional de la exposici\u00f3n itinerante ALMA, del Centro Astron\u00f3mico que lleva el mismo nombre en la Regi\u00f3n de Atacama y que pretende acercar los conocimientos de Astronom\u00eda a las comunidades educativas. La charla inaugural est\u00e1 a cargo del astr\u00f3nomo Paulo Cort\u00e9s, y lleva por nombre \u201cALMA: En busca de nuestros or\u00edgenes c\u00f3smicos\u201d.<\/p>\n<p>Posteriormente, se realizar\u00e1 una capacitaci\u00f3n para profesores de ense\u00f1anza b\u00e1sica y media (no es s\u00f3lo para docentes del \u00e1rea cient\u00edfica) interesados en conocer m\u00e1s sobre el radiotelescopio Atacama Large Millimeter\/submillimeter Array, uno de los proyectos cient\u00edficos m\u00e1s importantes en esta materia a nivel mundial.<\/p>\n<p>Por \u00faltimo pero no menos importante, y tambi\u00e9n durante esa semana (viernes 1 de septiembre), se efectuar\u00e1 el primer taller de Comunidad InGenio, programa del Instituto Sistema Complejos de Ingenier\u00eda, que est\u00e1 enfocado en j\u00f3venes de 2\u00b0 y 3\u00b0 medio, y que tiene como objetivo que los participantes conozcan la dimensi\u00f3n concreta de uso que tienen la matem\u00e1tica y la computaci\u00f3n en el \u00e1mbito de la investigaci\u00f3n cient\u00edfica.<\/p>\n","protected":false},"excerpt":{"rendered":"<p>Menos de una semana queda para el inicio de una nueva versi\u00f3n de la Feria Cient\u00edfica de Porvenir \u201cVida, Ciencia y Tecnolog\u00eda\u201d, que organiza el Liceo Polivalente Hernando de Magallanes y la Escuela Bernardo O\u2019Higgins de dicha comuna. Por lo dem\u00e1s cuenta con el apoyo y respaldo del Proyecto Asociativo Regional (PAR) Explora de CONICYT [&hellip;]<\/p>\n","protected":false},"author":2,"featured_media":734,"comment_status":"open","ping_status":"open","sticky":false,"template":"","format":"standard","meta":{"_acf_changed":false,"_exactmetrics_skip_tracking":false,"_exactmetrics_sitenote_active":false,"_exactmetrics_sitenote_note":"","_exactmetrics_sitenote_category":0,"footnotes":"","_links_to":"","_links_to_target":""},"categories":[4],"tags":[],"class_list":["post-754","post","type-post","status-publish","format-standard","has-post-thumbnail","hentry","category-noticias"],"acf":[],"yoast_head":"<!-- This site is optimized with the Yoast SEO plugin v26.7 - https:\/\/yoast.com\/wordpress\/plugins\/seo\/ -->\n<title>La ciencia se toma Porvenir: Durante cinco d\u00edas habr\u00e1 exposiciones itinerantes, charlas, talleres y la tradicional Feria Cient\u00edfica Escolar de la comuna - Magallanes<\/title>\n<meta name=\"robots\" content=\"index, follow, max-snippet:-1, max-image-preview:large, max-video-preview:-1\" \/>\n<link rel=\"canonical\" href=\"https:\/\/dev.explora.cl\/magallanes\/la-ciencia-se-toma-porvenir-durante-cinco-dias-habra-exposiciones-itinerantes-charlas-talleres-y-la-tradicional-feria-cientifica-escolar-de-la-comuna\/\" class=\"yoast-seo-meta-tag\" \/>\n<meta property=\"og:locale\" content=\"es_ES\" class=\"yoast-seo-meta-tag\" \/>\n<meta property=\"og:type\" content=\"article\" class=\"yoast-seo-meta-tag\" \/>\n<meta property=\"og:title\" content=\"La ciencia se toma Porvenir: Durante cinco d\u00edas habr\u00e1 exposiciones itinerantes, charlas, talleres y la tradicional Feria Cient\u00edfica Escolar de la comuna - Magallanes\" class=\"yoast-seo-meta-tag\" \/>\n<meta property=\"og:description\" content=\"Menos de una semana queda para el inicio de una nueva versi\u00f3n de la Feria Cient\u00edfica de Porvenir \u201cVida, Ciencia y Tecnolog\u00eda\u201d, que organiza el Liceo Polivalente Hernando de Magallanes y la Escuela Bernardo O\u2019Higgins de dicha comuna. Por lo dem\u00e1s cuenta con el apoyo y respaldo del Proyecto Asociativo Regional (PAR) Explora de CONICYT [&hellip;]\" class=\"yoast-seo-meta-tag\" \/>\n<meta property=\"og:url\" content=\"https:\/\/dev.explora.cl\/magallanes\/la-ciencia-se-toma-porvenir-durante-cinco-dias-habra-exposiciones-itinerantes-charlas-talleres-y-la-tradicional-feria-cientifica-escolar-de-la-comuna\/\" class=\"yoast-seo-meta-tag\" \/>\n<meta property=\"og:site_name\" content=\"Magallanes\" class=\"yoast-seo-meta-tag\" \/>\n<meta property=\"article:published_time\" content=\"2017-08-24T04:00:00+00:00\" class=\"yoast-seo-meta-tag\" \/>\n<meta property=\"article:modified_time\" content=\"2019-05-20T21:35:29+00:00\" class=\"yoast-seo-meta-tag\" \/>\n<meta property=\"og:image\" content=\"https:\/\/dev.explora.cl\/magallanes\/wp-content\/uploads\/sites\/19\/2018\/06\/feriaporvenir20162.jpg\" class=\"yoast-seo-meta-tag\" \/>\n\t<meta property=\"og:image:width\" content=\"1050\" class=\"yoast-seo-meta-tag\" \/>\n\t<meta property=\"og:image:height\" content=\"700\" class=\"yoast-seo-meta-tag\" \/>\n\t<meta property=\"og:image:type\" content=\"image\/jpeg\" class=\"yoast-seo-meta-tag\" \/>\n<meta name=\"author\" content=\"webman\" class=\"yoast-seo-meta-tag\" \/>\n<meta name=\"twitter:card\" content=\"summary_large_image\" class=\"yoast-seo-meta-tag\" \/>\n<meta name=\"twitter:label1\" content=\"Escrito por\" class=\"yoast-seo-meta-tag\" \/>\n\t<meta name=\"twitter:data1\" content=\"webman\" class=\"yoast-seo-meta-tag\" \/>\n\t<meta name=\"twitter:label2\" content=\"Tiempo estimado de lectura\" class=\"yoast-seo-meta-tag\" \/>\n\t<meta name=\"twitter:data2\" content=\"3 minutos\" class=\"yoast-seo-meta-tag\" \/>\n<script type=\"application\/ld+json\" class=\"yoast-schema-graph\">{\"@context\":\"https:\/\/schema.org\",\"@graph\":[{\"@type\":\"Article\",\"@id\":\"https:\/\/dev.explora.cl\/magallanes\/la-ciencia-se-toma-porvenir-durante-cinco-dias-habra-exposiciones-itinerantes-charlas-talleres-y-la-tradicional-feria-cientifica-escolar-de-la-comuna\/#article\",\"isPartOf\":{\"@id\":\"https:\/\/dev.explora.cl\/magallanes\/la-ciencia-se-toma-porvenir-durante-cinco-dias-habra-exposiciones-itinerantes-charlas-talleres-y-la-tradicional-feria-cientifica-escolar-de-la-comuna\/\"},\"author\":{\"name\":\"webman\",\"@id\":\"https:\/\/dev.explora.cl\/magallanes\/#\/schema\/person\/cb8349c13ea2d324080adf8480d7ba5d\"},\"headline\":\"La ciencia se toma Porvenir: Durante cinco d\u00edas habr\u00e1 exposiciones itinerantes, charlas, talleres y la tradicional Feria Cient\u00edfica Escolar de la comuna\",\"datePublished\":\"2017-08-24T04:00:00+00:00\",\"dateModified\":\"2019-05-20T21:35:29+00:00\",\"mainEntityOfPage\":{\"@id\":\"https:\/\/dev.explora.cl\/magallanes\/la-ciencia-se-toma-porvenir-durante-cinco-dias-habra-exposiciones-itinerantes-charlas-talleres-y-la-tradicional-feria-cientifica-escolar-de-la-comuna\/\"},\"wordCount\":556,\"commentCount\":0,\"publisher\":{\"@id\":\"https:\/\/dev.explora.cl\/magallanes\/#organization\"},\"image\":{\"@id\":\"https:\/\/dev.explora.cl\/magallanes\/la-ciencia-se-toma-porvenir-durante-cinco-dias-habra-exposiciones-itinerantes-charlas-talleres-y-la-tradicional-feria-cientifica-escolar-de-la-comuna\/#primaryimage\"},\"thumbnailUrl\":\"https:\/\/dev.explora.cl\/magallanes\/wp-content\/uploads\/sites\/19\/2018\/06\/feriaporvenir20162.jpg\",\"articleSection\":[\"Noticias\"],\"inLanguage\":\"es-CL\",\"potentialAction\":[{\"@type\":\"CommentAction\",\"name\":\"Comment\",\"target\":[\"https:\/\/dev.explora.cl\/magallanes\/la-ciencia-se-toma-porvenir-durante-cinco-dias-habra-exposiciones-itinerantes-charlas-talleres-y-la-tradicional-feria-cientifica-escolar-de-la-comuna\/#respond\"]}]},{\"@type\":\"WebPage\",\"@id\":\"https:\/\/dev.explora.cl\/magallanes\/la-ciencia-se-toma-porvenir-durante-cinco-dias-habra-exposiciones-itinerantes-charlas-talleres-y-la-tradicional-feria-cientifica-escolar-de-la-comuna\/\",\"url\":\"https:\/\/dev.explora.cl\/magallanes\/la-ciencia-se-toma-porvenir-durante-cinco-dias-habra-exposiciones-itinerantes-charlas-talleres-y-la-tradicional-feria-cientifica-escolar-de-la-comuna\/\",\"name\":\"La ciencia se toma Porvenir: Durante cinco d\u00edas habr\u00e1 exposiciones itinerantes, charlas, talleres y la tradicional Feria Cient\u00edfica Escolar de la comuna - Magallanes\",\"isPartOf\":{\"@id\":\"https:\/\/dev.explora.cl\/magallanes\/#website\"},\"primaryImageOfPage\":{\"@id\":\"https:\/\/dev.explora.cl\/magallanes\/la-ciencia-se-toma-porvenir-durante-cinco-dias-habra-exposiciones-itinerantes-charlas-talleres-y-la-tradicional-feria-cientifica-escolar-de-la-comuna\/#primaryimage\"},\"image\":{\"@id\":\"https:\/\/dev.explora.cl\/magallanes\/la-ciencia-se-toma-porvenir-durante-cinco-dias-habra-exposiciones-itinerantes-charlas-talleres-y-la-tradicional-feria-cientifica-escolar-de-la-comuna\/#primaryimage\"},\"thumbnailUrl\":\"https:\/\/dev.explora.cl\/magallanes\/wp-content\/uploads\/sites\/19\/2018\/06\/feriaporvenir20162.jpg\",\"datePublished\":\"2017-08-24T04:00:00+00:00\",\"dateModified\":\"2019-05-20T21:35:29+00:00\",\"breadcrumb\":{\"@id\":\"https:\/\/dev.explora.cl\/magallanes\/la-ciencia-se-toma-porvenir-durante-cinco-dias-habra-exposiciones-itinerantes-charlas-talleres-y-la-tradicional-feria-cientifica-escolar-de-la-comuna\/#breadcrumb\"},\"inLanguage\":\"es-CL\",\"potentialAction\":[{\"@type\":\"ReadAction\",\"target\":[\"https:\/\/dev.explora.cl\/magallanes\/la-ciencia-se-toma-porvenir-durante-cinco-dias-habra-exposiciones-itinerantes-charlas-talleres-y-la-tradicional-feria-cientifica-escolar-de-la-comuna\/\"]}]},{\"@type\":\"ImageObject\",\"inLanguage\":\"es-CL\",\"@id\":\"https:\/\/dev.explora.cl\/magallanes\/la-ciencia-se-toma-porvenir-durante-cinco-dias-habra-exposiciones-itinerantes-charlas-talleres-y-la-tradicional-feria-cientifica-escolar-de-la-comuna\/#primaryimage\",\"url\":\"https:\/\/dev.explora.cl\/magallanes\/wp-content\/uploads\/sites\/19\/2018\/06\/feriaporvenir20162.jpg\",\"contentUrl\":\"https:\/\/dev.explora.cl\/magallanes\/wp-content\/uploads\/sites\/19\/2018\/06\/feriaporvenir20162.jpg\",\"width\":1050,\"height\":700},{\"@type\":\"BreadcrumbList\",\"@id\":\"https:\/\/dev.explora.cl\/magallanes\/la-ciencia-se-toma-porvenir-durante-cinco-dias-habra-exposiciones-itinerantes-charlas-talleres-y-la-tradicional-feria-cientifica-escolar-de-la-comuna\/#breadcrumb\",\"itemListElement\":[{\"@type\":\"ListItem\",\"position\":1,\"name\":\"Portada\",\"item\":\"https:\/\/dev.explora.cl\/magallanes\/\"},{\"@type\":\"ListItem\",\"position\":2,\"name\":\"La ciencia se toma Porvenir: Durante cinco d\u00edas habr\u00e1 exposiciones itinerantes, charlas, talleres y la tradicional Feria Cient\u00edfica Escolar de la comuna\"}]},{\"@type\":\"WebSite\",\"@id\":\"https:\/\/dev.explora.cl\/magallanes\/#website\",\"url\":\"https:\/\/dev.explora.cl\/magallanes\/\",\"name\":\"Magallanes\",\"description\":\"Otro sitio m\u00e1s de dev.explora.cl\",\"publisher\":{\"@id\":\"https:\/\/dev.explora.cl\/magallanes\/#organization\"},\"potentialAction\":[{\"@type\":\"SearchAction\",\"target\":{\"@type\":\"EntryPoint\",\"urlTemplate\":\"https:\/\/dev.explora.cl\/magallanes\/?s={search_term_string}\"},\"query-input\":{\"@type\":\"PropertyValueSpecification\",\"valueRequired\":true,\"valueName\":\"search_term_string\"}}],\"inLanguage\":\"es-CL\"},{\"@type\":\"Organization\",\"@id\":\"https:\/\/dev.explora.cl\/magallanes\/#organization\",\"name\":\"Magallanes\",\"url\":\"https:\/\/dev.explora.cl\/magallanes\/\",\"logo\":{\"@type\":\"ImageObject\",\"inLanguage\":\"es-CL\",\"@id\":\"https:\/\/dev.explora.cl\/magallanes\/#\/schema\/logo\/image\/\",\"url\":\"https:\/\/dev.explora.cl\/magallanes\/wp-content\/uploads\/sites\/19\/2021\/06\/cropped-ICONO-COLOR-2.jpg\",\"contentUrl\":\"https:\/\/dev.explora.cl\/magallanes\/wp-content\/uploads\/sites\/19\/2021\/06\/cropped-ICONO-COLOR-2.jpg\",\"width\":1181,\"height\":1181,\"caption\":\"Magallanes\"},\"image\":{\"@id\":\"https:\/\/dev.explora.cl\/magallanes\/#\/schema\/logo\/image\/\"}},{\"@type\":\"Person\",\"@id\":\"https:\/\/dev.explora.cl\/magallanes\/#\/schema\/person\/cb8349c13ea2d324080adf8480d7ba5d\",\"name\":\"webman\",\"image\":{\"@type\":\"ImageObject\",\"inLanguage\":\"es-CL\",\"@id\":\"https:\/\/dev.explora.cl\/magallanes\/#\/schema\/person\/image\/\",\"url\":\"https:\/\/secure.gravatar.com\/avatar\/eeff3c82f2c02f7177d13663b7e6f890e9a6a0647ce9bb29cae02dcb094c7312?s=96&d=mm&r=g\",\"contentUrl\":\"https:\/\/secure.gravatar.com\/avatar\/eeff3c82f2c02f7177d13663b7e6f890e9a6a0647ce9bb29cae02dcb094c7312?s=96&d=mm&r=g\",\"caption\":\"webman\"},\"url\":\"https:\/\/dev.explora.cl\/magallanes\/author\/webman\/\"}]}<\/script>\n<!-- \/ Yoast SEO plugin. -->","yoast_head_json":{"title":"La ciencia se toma Porvenir: Durante cinco d\u00edas habr\u00e1 exposiciones itinerantes, charlas, talleres y la tradicional Feria Cient\u00edfica Escolar de la comuna - Magallanes","robots":{"index":"index","follow":"follow","max-snippet":"max-snippet:-1","max-image-preview":"max-image-preview:large","max-video-preview":"max-video-preview:-1"},"canonical":"https:\/\/dev.explora.cl\/magallanes\/la-ciencia-se-toma-porvenir-durante-cinco-dias-habra-exposiciones-itinerantes-charlas-talleres-y-la-tradicional-feria-cientifica-escolar-de-la-comuna\/","og_locale":"es_ES","og_type":"article","og_title":"La ciencia se toma Porvenir: Durante cinco d\u00edas habr\u00e1 exposiciones itinerantes, charlas, talleres y la tradicional Feria Cient\u00edfica Escolar de la comuna - Magallanes","og_description":"Menos de una semana queda para el inicio de una nueva versi\u00f3n de la Feria Cient\u00edfica de Porvenir \u201cVida, Ciencia y Tecnolog\u00eda\u201d, que organiza el Liceo Polivalente Hernando de Magallanes y la Escuela Bernardo O\u2019Higgins de dicha comuna. Por lo dem\u00e1s cuenta con el apoyo y respaldo del Proyecto Asociativo Regional (PAR) Explora de CONICYT [&hellip;]","og_url":"https:\/\/dev.explora.cl\/magallanes\/la-ciencia-se-toma-porvenir-durante-cinco-dias-habra-exposiciones-itinerantes-charlas-talleres-y-la-tradicional-feria-cientifica-escolar-de-la-comuna\/","og_site_name":"Magallanes","article_published_time":"2017-08-24T04:00:00+00:00","article_modified_time":"2019-05-20T21:35:29+00:00","og_image":[{"width":1050,"height":700,"url":"https:\/\/dev.explora.cl\/magallanes\/wp-content\/uploads\/sites\/19\/2018\/06\/feriaporvenir20162.jpg","type":"image\/jpeg"}],"author":"webman","twitter_card":"summary_large_image","twitter_misc":{"Escrito por":"webman","Tiempo estimado de lectura":"3 minutos"},"schema":{"@context":"https:\/\/schema.org","@graph":[{"@type":"Article","@id":"https:\/\/dev.explora.cl\/magallanes\/la-ciencia-se-toma-porvenir-durante-cinco-dias-habra-exposiciones-itinerantes-charlas-talleres-y-la-tradicional-feria-cientifica-escolar-de-la-comuna\/#article","isPartOf":{"@id":"https:\/\/dev.explora.cl\/magallanes\/la-ciencia-se-toma-porvenir-durante-cinco-dias-habra-exposiciones-itinerantes-charlas-talleres-y-la-tradicional-feria-cientifica-escolar-de-la-comuna\/"},"author":{"name":"webman","@id":"https:\/\/dev.explora.cl\/magallanes\/#\/schema\/person\/cb8349c13ea2d324080adf8480d7ba5d"},"headline":"La ciencia se toma Porvenir: Durante cinco d\u00edas habr\u00e1 exposiciones itinerantes, charlas, talleres y la tradicional Feria Cient\u00edfica Escolar de la comuna","datePublished":"2017-08-24T04:00:00+00:00","dateModified":"2019-05-20T21:35:29+00:00","mainEntityOfPage":{"@id":"https:\/\/dev.explora.cl\/magallanes\/la-ciencia-se-toma-porvenir-durante-cinco-dias-habra-exposiciones-itinerantes-charlas-talleres-y-la-tradicional-feria-cientifica-escolar-de-la-comuna\/"},"wordCount":556,"commentCount":0,"publisher":{"@id":"https:\/\/dev.explora.cl\/magallanes\/#organization"},"image":{"@id":"https:\/\/dev.explora.cl\/magallanes\/la-ciencia-se-toma-porvenir-durante-cinco-dias-habra-exposiciones-itinerantes-charlas-talleres-y-la-tradicional-feria-cientifica-escolar-de-la-comuna\/#primaryimage"},"thumbnailUrl":"https:\/\/dev.explora.cl\/magallanes\/wp-content\/uploads\/sites\/19\/2018\/06\/feriaporvenir20162.jpg","articleSection":["Noticias"],"inLanguage":"es-CL","potentialAction":[{"@type":"CommentAction","name":"Comment","target":["https:\/\/dev.explora.cl\/magallanes\/la-ciencia-se-toma-porvenir-durante-cinco-dias-habra-exposiciones-itinerantes-charlas-talleres-y-la-tradicional-feria-cientifica-escolar-de-la-comuna\/#respond"]}]},{"@type":"WebPage","@id":"https:\/\/dev.explora.cl\/magallanes\/la-ciencia-se-toma-porvenir-durante-cinco-dias-habra-exposiciones-itinerantes-charlas-talleres-y-la-tradicional-feria-cientifica-escolar-de-la-comuna\/","url":"https:\/\/dev.explora.cl\/magallanes\/la-ciencia-se-toma-porvenir-durante-cinco-dias-habra-exposiciones-itinerantes-charlas-talleres-y-la-tradicional-feria-cientifica-escolar-de-la-comuna\/","name":"La ciencia se toma Porvenir: Durante cinco d\u00edas habr\u00e1 exposiciones itinerantes, charlas, talleres y la tradicional Feria Cient\u00edfica Escolar de la comuna - Magallanes","isPartOf":{"@id":"https:\/\/dev.explora.cl\/magallanes\/#website"},"primaryImageOfPage":{"@id":"https:\/\/dev.explora.cl\/magallanes\/la-ciencia-se-toma-porvenir-durante-cinco-dias-habra-exposiciones-itinerantes-charlas-talleres-y-la-tradicional-feria-cientifica-escolar-de-la-comuna\/#primaryimage"},"image":{"@id":"https:\/\/dev.explora.cl\/magallanes\/la-ciencia-se-toma-porvenir-durante-cinco-dias-habra-exposiciones-itinerantes-charlas-talleres-y-la-tradicional-feria-cientifica-escolar-de-la-comuna\/#primaryimage"},"thumbnailUrl":"https:\/\/dev.explora.cl\/magallanes\/wp-content\/uploads\/sites\/19\/2018\/06\/feriaporvenir20162.jpg","datePublished":"2017-08-24T04:00:00+00:00","dateModified":"2019-05-20T21:35:29+00:00","breadcrumb":{"@id":"https:\/\/dev.explora.cl\/magallanes\/la-ciencia-se-toma-porvenir-durante-cinco-dias-habra-exposiciones-itinerantes-charlas-talleres-y-la-tradicional-feria-cientifica-escolar-de-la-comuna\/#breadcrumb"},"inLanguage":"es-CL","potentialAction":[{"@type":"ReadAction","target":["https:\/\/dev.explora.cl\/magallanes\/la-ciencia-se-toma-porvenir-durante-cinco-dias-habra-exposiciones-itinerantes-charlas-talleres-y-la-tradicional-feria-cientifica-escolar-de-la-comuna\/"]}]},{"@type":"ImageObject","inLanguage":"es-CL","@id":"https:\/\/dev.explora.cl\/magallanes\/la-ciencia-se-toma-porvenir-durante-cinco-dias-habra-exposiciones-itinerantes-charlas-talleres-y-la-tradicional-feria-cientifica-escolar-de-la-comuna\/#primaryimage","url":"https:\/\/dev.explora.cl\/magallanes\/wp-content\/uploads\/sites\/19\/2018\/06\/feriaporvenir20162.jpg","contentUrl":"https:\/\/dev.explora.cl\/magallanes\/wp-content\/uploads\/sites\/19\/2018\/06\/feriaporvenir20162.jpg","width":1050,"height":700},{"@type":"BreadcrumbList","@id":"https:\/\/dev.explora.cl\/magallanes\/la-ciencia-se-toma-porvenir-durante-cinco-dias-habra-exposiciones-itinerantes-charlas-talleres-y-la-tradicional-feria-cientifica-escolar-de-la-comuna\/#breadcrumb","itemListElement":[{"@type":"ListItem","position":1,"name":"Portada","item":"https:\/\/dev.explora.cl\/magallanes\/"},{"@type":"ListItem","position":2,"name":"La ciencia se toma Porvenir: Durante cinco d\u00edas habr\u00e1 exposiciones itinerantes, charlas, talleres y la tradicional Feria Cient\u00edfica Escolar de la comuna"}]},{"@type":"WebSite","@id":"https:\/\/dev.explora.cl\/magallanes\/#website","url":"https:\/\/dev.explora.cl\/magallanes\/","name":"Magallanes","description":"Otro sitio m\u00e1s de dev.explora.cl","publisher":{"@id":"https:\/\/dev.explora.cl\/magallanes\/#organization"},"potentialAction":[{"@type":"SearchAction","target":{"@type":"EntryPoint","urlTemplate":"https:\/\/dev.explora.cl\/magallanes\/?s={search_term_string}"},"query-input":{"@type":"PropertyValueSpecification","valueRequired":true,"valueName":"search_term_string"}}],"inLanguage":"es-CL"},{"@type":"Organization","@id":"https:\/\/dev.explora.cl\/magallanes\/#organization","name":"Magallanes","url":"https:\/\/dev.explora.cl\/magallanes\/","logo":{"@type":"ImageObject","inLanguage":"es-CL","@id":"https:\/\/dev.explora.cl\/magallanes\/#\/schema\/logo\/image\/","url":"https:\/\/dev.explora.cl\/magallanes\/wp-content\/uploads\/sites\/19\/2021\/06\/cropped-ICONO-COLOR-2.jpg","contentUrl":"https:\/\/dev.explora.cl\/magallanes\/wp-content\/uploads\/sites\/19\/2021\/06\/cropped-ICONO-COLOR-2.jpg","width":1181,"height":1181,"caption":"Magallanes"},"image":{"@id":"https:\/\/dev.explora.cl\/magallanes\/#\/schema\/logo\/image\/"}},{"@type":"Person","@id":"https:\/\/dev.explora.cl\/magallanes\/#\/schema\/person\/cb8349c13ea2d324080adf8480d7ba5d","name":"webman","image":{"@type":"ImageObject","inLanguage":"es-CL","@id":"https:\/\/dev.explora.cl\/magallanes\/#\/schema\/person\/image\/","url":"https:\/\/secure.gravatar.com\/avatar\/eeff3c82f2c02f7177d13663b7e6f890e9a6a0647ce9bb29cae02dcb094c7312?s=96&d=mm&r=g","contentUrl":"https:\/\/secure.gravatar.com\/avatar\/eeff3c82f2c02f7177d13663b7e6f890e9a6a0647ce9bb29cae02dcb094c7312?s=96&d=mm&r=g","caption":"webman"},"url":"https:\/\/dev.explora.cl\/magallanes\/author\/webman\/"}]}},"_links":{"self":[{"href":"https:\/\/dev.explora.cl\/magallanes\/wp-json\/wp\/v2\/posts\/754","targetHints":{"allow":["GET"]}}],"collection":[{"href":"https:\/\/dev.explora.cl\/magallanes\/wp-json\/wp\/v2\/posts"}],"about":[{"href":"https:\/\/dev.explora.cl\/magallanes\/wp-json\/wp\/v2\/types\/post"}],"author":[{"embeddable":true,"href":"https:\/\/dev.explora.cl\/magallanes\/wp-json\/wp\/v2\/users\/2"}],"replies":[{"embeddable":true,"href":"https:\/\/dev.explora.cl\/magallanes\/wp-json\/wp\/v2\/comments?post=754"}],"version-history":[{"count":1,"href":"https:\/\/dev.explora.cl\/magallanes\/wp-json\/wp\/v2\/posts\/754\/revisions"}],"predecessor-version":[{"id":37673,"href":"https:\/\/dev.explora.cl\/magallanes\/wp-json\/wp\/v2\/posts\/754\/revisions\/37673"}],"wp:featuredmedia":[{"embeddable":true,"href":"https:\/\/dev.explora.cl\/magallanes\/wp-json\/wp\/v2\/media\/734"}],"wp:attachment":[{"href":"https:\/\/dev.explora.cl\/magallanes\/wp-json\/wp\/v2\/media?parent=754"}],"wp:term":[{"taxonomy":"category","embeddable":true,"href":"https:\/\/dev.explora.cl\/magallanes\/wp-json\/wp\/v2\/categories?post=754"},{"taxonomy":"post_tag","embeddable":true,"href":"https:\/\/dev.explora.cl\/magallanes\/wp-json\/wp\/v2\/tags?post=754"}],"curies":[{"name":"wp","href":"https:\/\/api.w.org\/{rel}","templated":true}]}}