{"id":753,"date":"2017-08-23T00:00:00","date_gmt":"2017-08-23T04:00:00","guid":{"rendered":"https:\/\/dev.explora.cl\/magallanes\/blog\/2017\/08\/23\/proyectos-seleccionados-xvii-feria-cientifica-de-porvenir\/"},"modified":"2019-05-20T21:35:30","modified_gmt":"2019-05-20T21:35:30","slug":"proyectos-seleccionados-xvii-feria-cientifica-de-porvenir","status":"publish","type":"post","link":"https:\/\/dev.explora.cl\/magallanes\/proyectos-seleccionados-xvii-feria-cientifica-de-porvenir\/","title":{"rendered":"Proyectos seleccionados XVII Feria Cient\u00edfica de Porvenir"},"content":{"rendered":"<p>A una semana de realizarse la tradicional Feria Cient\u00edfica en la capital de la Provincia de Tierra del Fuego, 35 fueron los proyectos seleccionados. De ese total, 13 corresponden a Porvenir, 16 a Punta Arenas y 6 a Puerto Natales. Siendo la n\u00f3mina de participantes la siguiente:<\/p>\n<table style=\"width: 0px\">\n<tbody>\n<tr>\n<td style=\"width: 189px\">\n<p><strong>Establecimiento<\/strong><\/p>\n<\/td>\n<td style=\"width: 104px\">\n<p><strong>Comuna<\/strong><\/p>\n<\/td>\n<td style=\"width: 313px\">\n<p><strong>Nombre del proyecto<\/strong><\/p>\n<\/td>\n<td style=\"width: 250px\">\n<p><strong>Participantes<\/strong><\/p>\n<\/td>\n<\/tr>\n<tr>\n<td style=\"width: 189px\">\n<p>Escuela Rep\u00fablica Argentina<\/p>\n<\/td>\n<td style=\"width: 104px\">\n<p>Punta Arenas<\/p>\n<\/td>\n<td style=\"width: 313px\">\n<p>Comparaci\u00f3n de la diversidad de macroalgas del sector costero de Rio de los Ciervos y Parque Chabunco.<\/p>\n<\/td>\n<td style=\"width: 250px\">\n<p>Gustavo Alejandro Vergara Ulloa<\/p>\n<p>Valentina Monserrat Pineda Rodr\u00edguez<\/p>\n<p>Profesora: Mar\u00eda Luisa Mimiza Miranda<\/p>\n<\/td>\n<\/tr>\n<tr>\n<td style=\"width: 189px\">\n<p>Escuela Coronel Santiago Bueras<\/p>\n<\/td>\n<td style=\"width: 104px\">\n<p>Puerto Natales<\/p>\n<\/td>\n<td style=\"width: 313px\">\n<p>Comparando comunidades fitoplact\u00f3nicas de dos ambientes contrastantes<\/p>\n<\/td>\n<td style=\"width: 250px\">\n<p>Nataly Alvarez Mena<\/p>\n<p>Canela Melirayen Bravo Bravo<\/p>\n<p>Profesora: Claudia Almonacid Gallardo<\/p>\n<\/td>\n<\/tr>\n<tr>\n<td style=\"width: 189px\">\n<p>Escuela Pedro Pablo Lemaitre<\/p>\n<\/td>\n<td style=\"width: 104px\">\n<p>Punta Arenas<\/p>\n<\/td>\n<td style=\"width: 313px\">\n<p>Hormigas, m\u00e1s cerca de lo que cre\u00edas<\/p>\n<\/td>\n<td style=\"width: 250px\">\n<p>Javiera Yaresla Alvarado Cahuas<\/p>\n<p>Valentina Alicia Velqu\u00e9n Montiel<\/p>\n<p>Profesora: Paola Carolina Vidal Gerdes<\/p>\n<\/td>\n<\/tr>\n<tr>\n<td style=\"width: 189px\">\n<p>Instituto Don Bosco<\/p>\n<\/td>\n<td style=\"width: 104px\">\n<p>Punta Arenas<\/p>\n<\/td>\n<td style=\"width: 313px\">\n<p>Efecto de humus l\u00edquido sobre la germinaci\u00f3n y crecimiento de la semilla de cilantro&nbsp; usando distintos sustratos<\/p>\n<\/td>\n<td style=\"width: 250px\">\n<p>Roberto Arturo Mu\u00f1oz Villarroel<\/p>\n<p>Lucas Enrique Mu\u00f1oz Soto<\/p>\n<p>Profesora: In\u00e9s Angela Iglesias Ruiz<\/p>\n<\/td>\n<\/tr>\n<tr>\n<td style=\"width: 189px\">\n<p>Escuela Patagonia<\/p>\n<\/td>\n<td style=\"width: 104px\">\n<p>Punta Arenas<\/p>\n<\/td>\n<td style=\"width: 313px\">\n<p>Co2 Asesino Silencioso<\/p>\n<\/td>\n<td style=\"width: 250px\">\n<p>Silvio Eramos Jaramillo Douglas<\/p>\n<p>Diego Sebastian Zapata Seguel<\/p>\n<p>Profesora: Lilian D\u00edaz Leiva<\/p>\n<\/td>\n<\/tr>\n<tr>\n<td style=\"width: 189px\">\n<p>Escuela Bernardo O\u2019Higgins Riquelme&nbsp;&nbsp;<\/p>\n<\/td>\n<td style=\"width: 104px\">\n<p>Punta Arenas<\/p>\n<\/td>\n<td style=\"width: 313px\">\n<p>\u00bfQu\u00e9 tiene el agua de Le\u00f1adura?<\/p>\n<\/td>\n<td style=\"width: 250px\">\n<p>Julissa Riveros Soto<\/p>\n<p>Franco Valdivia Leal<\/p>\n<p>Profesora: Myriam Pontigo<\/p>\n<\/td>\n<\/tr>\n<tr>\n<td style=\"width: 189px\">\n<p>Escuela Capit\u00e1n Arturo Prat<\/p>\n<\/td>\n<td style=\"width: 104px\">\n<p>Punta Arenas<\/p>\n<\/td>\n<td style=\"width: 313px\">\n<p>La&nbsp; macro alga&nbsp; Coralina Sp.&nbsp; y el aumento de la acidez de los oc\u00e9anos.&nbsp;<\/p>\n<\/td>\n<td style=\"width: 250px\">\n<p>Mat\u00edas&nbsp; Robinson Y\u00e9venes Renchi<\/p>\n<p>P\u00eda Natasha Z\u00fa\u00f1iga Gonz\u00e1lez<\/p>\n<p>Profesor: Jos\u00e9 Hern\u00e1n D\u00edaz S\u00e1nchez<\/p>\n<\/td>\n<\/tr>\n<tr>\n<td style=\"width: 189px\">\n<p>Escuela Villa Las Nieves<\/p>\n<\/td>\n<td style=\"width: 104px\">\n<p>Punta Arenas<\/p>\n<\/td>\n<td style=\"width: 313px\">\n<p>1.&nbsp;&nbsp;&nbsp;&nbsp;&nbsp; Comprobando la efectividad del Humus elaborado en la escuela Villa Las Nieves el a\u00f1o 2016 en cultivos de hortalizas<\/p>\n<p>2.&nbsp;&nbsp;&nbsp;&nbsp;&nbsp; Producci\u00f3n de hortalizas comunes a partir del cultivo con humus<\/p>\n<\/td>\n<td style=\"width: 250px\">\n<p>Ignacio Ariel Aro Oyarz\u00fan<\/p>\n<p>Diego Felipe C\u00e1rdenas Quincham\u00e1n<\/p>\n<p>Profesora: Macarena Oyarzun Hern\u00e1ndez<\/p>\n<\/td>\n<\/tr>\n<tr>\n<td style=\"width: 189px\">\n<p>Colegio Charles Darwin<\/p>\n<\/td>\n<td style=\"width: 104px\">\n<p>Punta Arenas<\/p>\n<\/td>\n<td style=\"width: 313px\">\n<p>Algas y sus beneficios<\/p>\n<\/td>\n<td style=\"width: 250px\">\n<p>Martina&nbsp; Slava Yacksic<\/p>\n<p>Monserrat Arlene Pe\u00f1aloza<\/p>\n<p>Profesora: Elizabeth Jacqueline Barria Jara<\/p>\n<\/td>\n<\/tr>\n<tr>\n<td style=\"width: 189px\">\n<p>Liceo Gabriela Mistral<\/p>\n<\/td>\n<td style=\"width: 104px\">\n<p>Puerto Natales<\/p>\n<\/td>\n<td style=\"width: 313px\">\n<p>La acidificaci\u00f3n de los oc\u00e9anos: un problema de todos<\/p>\n<\/td>\n<td style=\"width: 250px\">\n<p>Valentina Nicole Andrade Melipill\u00e1n<\/p>\n<p>Mat\u00edas Emilio Vidal Vel\u00e1squez<\/p>\n<\/td>\n<\/tr>\n<tr>\n<td style=\"width: 189px\">\n<p>Club Explora con lupa<\/p>\n<\/td>\n<td style=\"width: 104px\">\n<p>Punta Arenas<\/p>\n<\/td>\n<td style=\"width: 313px\">\n<p>Aceleraci\u00f3n de la asemillaci\u00f3n de un Nothofagus juvenil mediante injerto<\/p>\n<\/td>\n<td style=\"width: 250px\">\n<p>Ignacio Antonio Barrientos Bahamonde<\/p>\n<p>Benjam\u00edn Esteban C\u00e1rcamo Saldivia<\/p>\n<p>Profesora: Cecilia Myriam Montenegro Contreras<\/p>\n<\/td>\n<\/tr>\n<tr>\n<td style=\"width: 189px\">\n<p>Liceo Gabriela Mistral<\/p>\n<\/td>\n<td style=\"width: 104px\">\n<p>Puerto Natales<\/p>\n<\/td>\n<td style=\"width: 313px\">\n<p>Estudio sobre el efecto de la aplicaci\u00f3n de musgo Sphagnum magellanicum al suelo en la productividad vegetal<\/p>\n<\/td>\n<td style=\"width: 250px\">\n<p>Jos\u00e9 Marcelo Oyarz\u00fan Paillacar<\/p>\n<p>Mar\u00eda Jos\u00e9 Vel\u00e1squez Beltr\u00e1n<\/p>\n<p>Profesor: Mariano Hern\u00e1n Benavente Hidalgo<\/p>\n<\/td>\n<\/tr>\n<tr>\n<td style=\"width: 189px\">\n<p>Colegio Luterano<\/p>\n<\/td>\n<td style=\"width: 104px\">\n<p>Punta Arenas<\/p>\n<\/td>\n<td style=\"width: 313px\">\n<p>Un refugio al lado del rio para las familias<\/p>\n<\/td>\n<td style=\"width: 250px\">\n<p>Joaqu\u00edn Salinas Hauschild&nbsp;<\/p>\n<p>Basti\u00e1n Barr\u00eda La Paz<\/p>\n<p>Profesor: Alan Maldonado M\u00e1rquez<\/p>\n<\/td>\n<\/tr>\n<tr>\n<td style=\"width: 189px\">\n<p>Colegio Luterano<\/p>\n<\/td>\n<td style=\"width: 104px\">\n<p>Punta Arenas<\/p>\n<\/td>\n<td style=\"width: 313px\">\n<p>\u00bfBombus dahlbomii un nativo en adaptaci\u00f3n?&nbsp;&nbsp;<\/p>\n<\/td>\n<td style=\"width: 250px\">\n<p>Pablo Emilio Sanhueza Aguilar<\/p>\n<p>Gianfranco Fabrizio Cavallieri Paredes<\/p>\n<p>Profesor: Alan Maldonado M\u00e1rquez<\/p>\n<\/td>\n<\/tr>\n<tr>\n<td style=\"width: 189px\">\n<p>Colegio Luterano<\/p>\n<\/td>\n<td style=\"width: 104px\">\n<p>Punta Arenas<\/p>\n<\/td>\n<td style=\"width: 313px\">\n<p>Al rescate de la etnoliquenolog\u00eda.<\/p>\n<\/td>\n<td style=\"width: 250px\">\n<p>Mirtha Geraldine Miranda Unqu\u00e9n.<\/p>\n<p>Profesor: Alan Maldonado M\u00e1rquez<\/p>\n<\/td>\n<\/tr>\n<tr>\n<td style=\"width: 189px\">\n<p>Colegio Luterano<\/p>\n<\/td>\n<td style=\"width: 104px\">\n<p>Punta Arenas<\/p>\n<\/td>\n<td style=\"width: 313px\">\n<p>Fragmentaci\u00f3n de h\u00e1bitats y su efecto en la fauna de invertebrados.<\/p>\n<\/td>\n<td style=\"width: 250px\">\n<p>Giovanni Franccesco Cavallieri Paredes<\/p>\n<p>Vicente Ignacio Ib\u00e1\u00f1ez Hern\u00e1ndez<\/p>\n<p>Profesor: Alan Maldonado M\u00e1rquez<\/p>\n<\/td>\n<\/tr>\n<tr>\n<td style=\"width: 189px\">\n<p>Liceo Luis Alberto Barrera<\/p>\n<\/td>\n<td style=\"width: 104px\">\n<p>Punta Arenas<\/p>\n<\/td>\n<td style=\"width: 313px\">\n<p>Variaci\u00f3n de intermareales y sus contaminantes<\/p>\n<\/td>\n<td style=\"width: 250px\">\n<p>Brenda Aldahana Ca\u00f1as C\u00e1rdenas<\/p>\n<p>Jordana Alejandra Olivos Femenias<\/p>\n<p>Profesora: Mariela Andrea Silva Toledo<\/p>\n<\/td>\n<\/tr>\n<tr>\n<td style=\"width: 189px\">\n<p>Liceo Sara Braun<\/p>\n<\/td>\n<td style=\"width: 104px\">\n<p>Punta Arenas<\/p>\n<\/td>\n<td style=\"width: 313px\">\n<p>Comparaci\u00f3n del humus de lombriz producido a partir de sustratos vegetales diferentes<\/p>\n<\/td>\n<td style=\"width: 250px\">\n<p>Alexandra Jasmine Ferrer Box<\/p>\n<p>Mar\u00eda Paz Antonia Rivera Tapia<\/p>\n<p>Profesora: Jane Arancibia Pinilla<\/p>\n<\/td>\n<\/tr>\n<tr>\n<td style=\"width: 189px\">\n<p>Liceo Mar\u00eda Mazzarello<\/p>\n<\/td>\n<td style=\"width: 104px\">\n<p>Puerto Natales<\/p>\n<\/td>\n<td style=\"width: 313px\">\n<p>Comportamiento etol\u00f3gico del Cygnus melancoryphus<\/p>\n<\/td>\n<td style=\"width: 250px\">\n<p>Javiera Isidora Christie \u00c1lvarez<\/p>\n<p>Karina Anah\u00ed Torres Vargas<\/p>\n<\/td>\n<\/tr>\n<tr>\n<td style=\"width: 189px\">\n<p>Liceo Mar\u00eda Mazzarello<\/p>\n<\/td>\n<td style=\"width: 104px\">\n<p>Puerto Natales<\/p>\n<\/td>\n<td style=\"width: 313px\">\n<p>El fenotipo de los j\u00f3venes estudiantes de Puerto Natales<\/p>\n<\/td>\n<td style=\"width: 250px\">\n<p>Sof\u00eda Cerda Z\u00fa\u00f1iga<\/p>\n<p>Constanza Melehuench\u00fan Igor<\/p>\n<p>Profesora: Mar\u00eda Camblor Rodr\u00edguez<\/p>\n<\/td>\n<\/tr>\n<tr>\n<td style=\"width: 189px\">\n<p>Colegio Puerto Natales<\/p>\n<\/td>\n<td style=\"width: 104px\">\n<p>Puerto Natales<\/p>\n<\/td>\n<td style=\"width: 313px\">\n<p>Determinaci\u00f3n de la calidad de los cielos de Puerto Natales para la observaci\u00f3n astron\u00f3mica basado en la magnitud limite estelar y la escala de Bortle<\/p>\n<\/td>\n<td style=\"width: 250px\">\n<p>Jos\u00e9 Ignacio Oyarz\u00fan Correa<\/p>\n<p>Coni Anacelli Oyarzun M\u00e1rquez<\/p>\n<p>Profesora: Marcela Galindo<\/p>\n<\/td>\n<\/tr>\n<tr>\n<td style=\"width: 189px\">\n<p>Escuela Libertador Bernardo O\u2019Higgins Riquelme<\/p>\n<\/td>\n<td style=\"width: 104px\">\n<p>Porvenir<\/p>\n<\/td>\n<td style=\"width: 313px\">\n<p>El misterio del origen de la vida en Tierra del Fuego<\/p>\n<\/td>\n<td style=\"width: 250px\">\n<p>Antonia Vera Rubilar<\/p>\n<p>Catalina Haro S\u00e1nchez<\/p>\n<p>Profesora: Carla Norambuena Ojeda<\/p>\n<\/td>\n<\/tr>\n<tr>\n<td style=\"width: 189px\">\n<p>Colegio Mar\u00eda Auxiliadora<\/p>\n<\/td>\n<td style=\"width: 104px\">\n<p>Porvenir<\/p>\n<\/td>\n<td style=\"width: 313px\">\n<p>El Oro en el Cord\u00f3n Baquedano<\/p>\n<\/td>\n<td style=\"width: 250px\">\n<p>Laura Soto<\/p>\n<p>Patricia Gallardo<\/p>\n<\/td>\n<\/tr>\n<tr>\n<td style=\"width: 189px\">\n<p>Colegio Mar\u00eda Auxiliadora<\/p>\n<\/td>\n<td style=\"width: 104px\">\n<p>Porvenir<\/p>\n<\/td>\n<td style=\"width: 313px\">\n<p>La comercializaci\u00f3n del calafate<\/p>\n<\/td>\n<td style=\"width: 250px\">\n<p>Natalia Riveros<\/p>\n<p>Paolo Castro<\/p>\n<\/td>\n<\/tr>\n<tr>\n<td style=\"width: 189px\">\n<p>Colegio Mar\u00eda Auxiliadora<\/p>\n<\/td>\n<td style=\"width: 104px\">\n<p>Porvenir<\/p>\n<\/td>\n<td style=\"width: 313px\">\n<p>El Internet y los preadolescentes<\/p>\n<\/td>\n<td style=\"width: 250px\">\n<p>Constanza Mancilla<\/p>\n<p>Crisna Villarroel<\/p>\n<\/td>\n<\/tr>\n<tr>\n<td style=\"width: 189px\">\n<p>Colegio Mar\u00eda Auxiliadora<\/p>\n<\/td>\n<td style=\"width: 104px\">\n<p>Porvenir<\/p>\n<\/td>\n<td style=\"width: 313px\">\n<p>El c\u00e1ncer de mamas<\/p>\n<\/td>\n<td style=\"width: 250px\">\n<p>Ignacia Casta\u00f1eda<\/p>\n<p>Araceli Guajardo<\/p>\n<p>Profesor: Juan Vivar<\/p>\n<\/td>\n<\/tr>\n<tr>\n<td style=\"width: 189px\">\n<p>Liceo Polivalente Hernando de Magallanes<\/p>\n<\/td>\n<td style=\"width: 104px\">\n<p>Porvenir<\/p>\n<\/td>\n<td style=\"width: 313px\">\n<p>Biodiversidad en \u00e1rboles de la Plaza de Porvenir, Tierra del Fuego<\/p>\n<\/td>\n<td style=\"width: 250px\">\n<p>Daniela Bel\u00e9n C\u00e1rdenas Leyton<\/p>\n<p>Monserrat Mari\u00f3n Vera Levill<\/p>\n<p>Profesora: Mar\u00eda Virginia Guti\u00e9rrez Gallegos<\/p>\n<\/td>\n<\/tr>\n<tr>\n<td style=\"width: 189px\">\n<p>Liceo Polivalente Hernando de Magallanes<\/p>\n<\/td>\n<td style=\"width: 104px\">\n<p>Porvenir<\/p>\n<\/td>\n<td style=\"width: 313px\">\n<p>Carro seguidor de l\u00ednea, Carro Controlado por bluetooth, Reciclaje electr\u00f3nico<\/p>\n<\/td>\n<td style=\"width: 250px\">\n<p>Juan Carlos Vargas Besnier<\/p>\n<p>Efranin Junior Porras Bula<\/p>\n<p>Profesor: Luis Cossio Torres<\/p>\n<\/td>\n<\/tr>\n<tr>\n<td style=\"width: 189px\">\n<p>Liceo Polivalente Hernando de Magallanes<\/p>\n<\/td>\n<td style=\"width: 104px\">\n<p>Porvenir<\/p>\n<\/td>\n<td style=\"width: 313px\">\n<p>Electricidad inal\u00e1mbrica<\/p>\n<\/td>\n<td style=\"width: 250px\">\n<p>Juli\u00e1n Vicente Herrera Herrera<\/p>\n<p>Yovanni Villarroel Mansilla<\/p>\n<p>Profesor: Jorge Alava Cevallos<\/p>\n<\/td>\n<\/tr>\n<tr>\n<td style=\"width: 189px\">\n<p>Liceo Polivalente Hernando de Magallanes<\/p>\n<\/td>\n<td style=\"width: 104px\">\n<p>Porvenir<\/p>\n<\/td>\n<td style=\"width: 313px\">\n<p>Aspectos Positivos y Negativos de la Cannabis<\/p>\n<\/td>\n<td style=\"width: 250px\">\n<p>Carolina Paz Vidal Raddatz<\/p>\n<p>Joaquin Ignacio C\u00e1rdenas Barrientos<\/p>\n<p>Profesor: Jorge Alava Cevallos<\/p>\n<\/td>\n<\/tr>\n<tr>\n<td style=\"width: 189px\">\n<p>Liceo Polivalente Hernando de Magallanes<\/p>\n<\/td>\n<td style=\"width: 104px\">\n<p>Porvenir<\/p>\n<\/td>\n<td style=\"width: 313px\">\n<p>Consumo de cigarrillos en alumnos del liceo Hernando de Magallanes<\/p>\n<\/td>\n<td style=\"width: 250px\">\n<p>Valentina Anais Opazo Araya<\/p>\n<p>Constanza Sof\u00eda C\u00e1rcamo S\u00e1ez<\/p>\n<p>Profesora: Mar\u00eda Virginia Guti\u00e9rrez Gallegos<\/p>\n<\/td>\n<\/tr>\n<tr>\n<td style=\"width: 189px\">\n<p>Liceo Polivalente Hernando de Magallanes<\/p>\n<\/td>\n<td style=\"width: 104px\">\n<p>Porvenir<\/p>\n<\/td>\n<td style=\"width: 313px\">\n<p>Qu\u00edmica Divertida<\/p>\n<\/td>\n<td style=\"width: 250px\">\n<p>Vanessa Gallardo<\/p>\n<p>Victoria Riveros<\/p>\n<p>Profesor: Jorge Alava Cevallos<\/p>\n<\/td>\n<\/tr>\n<tr>\n<td style=\"width: 189px\">\n<p>Liceo Polivalente Hernando de Magallanes<\/p>\n<\/td>\n<td style=\"width: 104px\">\n<p>Porvenir<\/p>\n<\/td>\n<td style=\"width: 313px\">\n<p>Ctenomys magellanicus en sectores rurales de la comuna de Porvenir, Tierra del Fuego<\/p>\n<\/td>\n<td style=\"width: 250px\">\n<p>Milixsa Anjelina Mora Oyarce<\/p>\n<p>Valentina Paz Reyes Vio<\/p>\n<p>Profesora: Mar\u00eda Virginia Guti\u00e9rrez Gallegos<\/p>\n<\/td>\n<\/tr>\n<tr>\n<td style=\"width: 189px\">\n<p>Liceo Polivalente Hernando de Magallanes<\/p>\n<\/td>\n<td style=\"width: 104px\">\n<p>Porvenir<\/p>\n<\/td>\n<td style=\"width: 313px\">\n<p>Prevalencia del consumo de alcohol en alumnos del Liceo Hernando de Magallanes<\/p>\n<\/td>\n<td style=\"width: 250px\">\n<p>Valentina Jes\u00fas Navarro Donicke<\/p>\n<p>Scarleth Constanza Gajardo Lastra<\/p>\n<p>Profesora: Mar\u00eda Virginia Guti\u00e9rrez Gallegos<\/p>\n<\/td>\n<\/tr>\n<\/tbody>\n<\/table>\n<p>&nbsp;<\/p>\n<p>Es importante destacar, que la XVII Feria Cient\u00edfica de Porvenir \u201cVida, Ciencia y Tecnolog\u00eda\u201d se efectuar\u00e1 los d\u00edas 30, 31 de agosto y 1 de septiembre en el Gimnasio del Liceo Polivalente Hernando de Magallanes de Porvenir (Calle Hernando de Magallanes #618). Instancia que es organizada por el mencionado establecimiento y por la Escuela Libertador Bernardo O\u2019Higgins, y cuenta con el apoyo del PAR Explora de CONICYT Regi\u00f3n de Magallanes y de la Ant\u00e1rtica Chilena y la Ilustre Municipalidad de Porvenir.<\/p>\n","protected":false},"excerpt":{"rendered":"<p>A una semana de realizarse la tradicional Feria Cient\u00edfica en la capital de la Provincia de Tierra del Fuego, 35 fueron los proyectos seleccionados. De ese total, 13 corresponden a Porvenir, 16 a Punta Arenas y 6 a Puerto Natales. Siendo la n\u00f3mina de participantes la siguiente: Establecimiento Comuna Nombre del proyecto Participantes Escuela Rep\u00fablica [&hellip;]<\/p>\n","protected":false},"author":2,"featured_media":747,"comment_status":"open","ping_status":"open","sticky":false,"template":"","format":"standard","meta":{"_acf_changed":false,"_exactmetrics_skip_tracking":false,"_exactmetrics_sitenote_active":false,"_exactmetrics_sitenote_note":"","_exactmetrics_sitenote_category":0,"footnotes":"","_links_to":"","_links_to_target":""},"categories":[4],"tags":[],"class_list":["post-753","post","type-post","status-publish","format-standard","has-post-thumbnail","hentry","category-noticias"],"acf":[],"yoast_head":"<!-- This site is optimized with the Yoast SEO plugin v26.7 - https:\/\/yoast.com\/wordpress\/plugins\/seo\/ -->\n<title>Proyectos seleccionados XVII Feria Cient\u00edfica de Porvenir - Magallanes<\/title>\n<meta name=\"robots\" content=\"index, follow, max-snippet:-1, max-image-preview:large, max-video-preview:-1\" \/>\n<link rel=\"canonical\" href=\"https:\/\/dev.explora.cl\/magallanes\/proyectos-seleccionados-xvii-feria-cientifica-de-porvenir\/\" class=\"yoast-seo-meta-tag\" \/>\n<meta property=\"og:locale\" content=\"es_ES\" class=\"yoast-seo-meta-tag\" \/>\n<meta property=\"og:type\" content=\"article\" class=\"yoast-seo-meta-tag\" \/>\n<meta property=\"og:title\" content=\"Proyectos seleccionados XVII Feria Cient\u00edfica de Porvenir - Magallanes\" class=\"yoast-seo-meta-tag\" \/>\n<meta property=\"og:description\" content=\"A una semana de realizarse la tradicional Feria Cient\u00edfica en la capital de la Provincia de Tierra del Fuego, 35 fueron los proyectos seleccionados. De ese total, 13 corresponden a Porvenir, 16 a Punta Arenas y 6 a Puerto Natales. Siendo la n\u00f3mina de participantes la siguiente: Establecimiento Comuna Nombre del proyecto Participantes Escuela Rep\u00fablica [&hellip;]\" class=\"yoast-seo-meta-tag\" \/>\n<meta property=\"og:url\" content=\"https:\/\/dev.explora.cl\/magallanes\/proyectos-seleccionados-xvii-feria-cientifica-de-porvenir\/\" class=\"yoast-seo-meta-tag\" \/>\n<meta property=\"og:site_name\" content=\"Magallanes\" class=\"yoast-seo-meta-tag\" \/>\n<meta property=\"article:published_time\" content=\"2017-08-23T04:00:00+00:00\" class=\"yoast-seo-meta-tag\" \/>\n<meta property=\"article:modified_time\" content=\"2019-05-20T21:35:30+00:00\" class=\"yoast-seo-meta-tag\" \/>\n<meta property=\"og:image\" content=\"https:\/\/dev.explora.cl\/magallanes\/wp-content\/uploads\/sites\/19\/2018\/06\/feriaporvenir2016.jpg\" class=\"yoast-seo-meta-tag\" \/>\n\t<meta property=\"og:image:width\" content=\"1050\" class=\"yoast-seo-meta-tag\" \/>\n\t<meta property=\"og:image:height\" content=\"700\" class=\"yoast-seo-meta-tag\" \/>\n\t<meta property=\"og:image:type\" content=\"image\/jpeg\" class=\"yoast-seo-meta-tag\" \/>\n<meta name=\"author\" content=\"webman\" class=\"yoast-seo-meta-tag\" \/>\n<meta name=\"twitter:card\" content=\"summary_large_image\" class=\"yoast-seo-meta-tag\" \/>\n<meta name=\"twitter:label1\" content=\"Escrito por\" class=\"yoast-seo-meta-tag\" \/>\n\t<meta name=\"twitter:data1\" content=\"webman\" class=\"yoast-seo-meta-tag\" \/>\n\t<meta name=\"twitter:label2\" content=\"Tiempo estimado de lectura\" class=\"yoast-seo-meta-tag\" \/>\n\t<meta name=\"twitter:data2\" content=\"6 minutos\" class=\"yoast-seo-meta-tag\" \/>\n<script type=\"application\/ld+json\" class=\"yoast-schema-graph\">{\"@context\":\"https:\/\/schema.org\",\"@graph\":[{\"@type\":\"Article\",\"@id\":\"https:\/\/dev.explora.cl\/magallanes\/proyectos-seleccionados-xvii-feria-cientifica-de-porvenir\/#article\",\"isPartOf\":{\"@id\":\"https:\/\/dev.explora.cl\/magallanes\/proyectos-seleccionados-xvii-feria-cientifica-de-porvenir\/\"},\"author\":{\"name\":\"webman\",\"@id\":\"https:\/\/dev.explora.cl\/magallanes\/#\/schema\/person\/cb8349c13ea2d324080adf8480d7ba5d\"},\"headline\":\"Proyectos seleccionados XVII Feria Cient\u00edfica de Porvenir\",\"datePublished\":\"2017-08-23T04:00:00+00:00\",\"dateModified\":\"2019-05-20T21:35:30+00:00\",\"mainEntityOfPage\":{\"@id\":\"https:\/\/dev.explora.cl\/magallanes\/proyectos-seleccionados-xvii-feria-cientifica-de-porvenir\/\"},\"wordCount\":1141,\"commentCount\":0,\"publisher\":{\"@id\":\"https:\/\/dev.explora.cl\/magallanes\/#organization\"},\"image\":{\"@id\":\"https:\/\/dev.explora.cl\/magallanes\/proyectos-seleccionados-xvii-feria-cientifica-de-porvenir\/#primaryimage\"},\"thumbnailUrl\":\"https:\/\/dev.explora.cl\/magallanes\/wp-content\/uploads\/sites\/19\/2018\/06\/feriaporvenir2016.jpg\",\"articleSection\":[\"Noticias\"],\"inLanguage\":\"es-CL\",\"potentialAction\":[{\"@type\":\"CommentAction\",\"name\":\"Comment\",\"target\":[\"https:\/\/dev.explora.cl\/magallanes\/proyectos-seleccionados-xvii-feria-cientifica-de-porvenir\/#respond\"]}]},{\"@type\":\"WebPage\",\"@id\":\"https:\/\/dev.explora.cl\/magallanes\/proyectos-seleccionados-xvii-feria-cientifica-de-porvenir\/\",\"url\":\"https:\/\/dev.explora.cl\/magallanes\/proyectos-seleccionados-xvii-feria-cientifica-de-porvenir\/\",\"name\":\"Proyectos seleccionados XVII Feria Cient\u00edfica de Porvenir - Magallanes\",\"isPartOf\":{\"@id\":\"https:\/\/dev.explora.cl\/magallanes\/#website\"},\"primaryImageOfPage\":{\"@id\":\"https:\/\/dev.explora.cl\/magallanes\/proyectos-seleccionados-xvii-feria-cientifica-de-porvenir\/#primaryimage\"},\"image\":{\"@id\":\"https:\/\/dev.explora.cl\/magallanes\/proyectos-seleccionados-xvii-feria-cientifica-de-porvenir\/#primaryimage\"},\"thumbnailUrl\":\"https:\/\/dev.explora.cl\/magallanes\/wp-content\/uploads\/sites\/19\/2018\/06\/feriaporvenir2016.jpg\",\"datePublished\":\"2017-08-23T04:00:00+00:00\",\"dateModified\":\"2019-05-20T21:35:30+00:00\",\"breadcrumb\":{\"@id\":\"https:\/\/dev.explora.cl\/magallanes\/proyectos-seleccionados-xvii-feria-cientifica-de-porvenir\/#breadcrumb\"},\"inLanguage\":\"es-CL\",\"potentialAction\":[{\"@type\":\"ReadAction\",\"target\":[\"https:\/\/dev.explora.cl\/magallanes\/proyectos-seleccionados-xvii-feria-cientifica-de-porvenir\/\"]}]},{\"@type\":\"ImageObject\",\"inLanguage\":\"es-CL\",\"@id\":\"https:\/\/dev.explora.cl\/magallanes\/proyectos-seleccionados-xvii-feria-cientifica-de-porvenir\/#primaryimage\",\"url\":\"https:\/\/dev.explora.cl\/magallanes\/wp-content\/uploads\/sites\/19\/2018\/06\/feriaporvenir2016.jpg\",\"contentUrl\":\"https:\/\/dev.explora.cl\/magallanes\/wp-content\/uploads\/sites\/19\/2018\/06\/feriaporvenir2016.jpg\",\"width\":1050,\"height\":700,\"caption\":\"feriaporvenir2016\"},{\"@type\":\"BreadcrumbList\",\"@id\":\"https:\/\/dev.explora.cl\/magallanes\/proyectos-seleccionados-xvii-feria-cientifica-de-porvenir\/#breadcrumb\",\"itemListElement\":[{\"@type\":\"ListItem\",\"position\":1,\"name\":\"Portada\",\"item\":\"https:\/\/dev.explora.cl\/magallanes\/\"},{\"@type\":\"ListItem\",\"position\":2,\"name\":\"Proyectos seleccionados XVII Feria Cient\u00edfica de Porvenir\"}]},{\"@type\":\"WebSite\",\"@id\":\"https:\/\/dev.explora.cl\/magallanes\/#website\",\"url\":\"https:\/\/dev.explora.cl\/magallanes\/\",\"name\":\"Magallanes\",\"description\":\"Otro sitio m\u00e1s de dev.explora.cl\",\"publisher\":{\"@id\":\"https:\/\/dev.explora.cl\/magallanes\/#organization\"},\"potentialAction\":[{\"@type\":\"SearchAction\",\"target\":{\"@type\":\"EntryPoint\",\"urlTemplate\":\"https:\/\/dev.explora.cl\/magallanes\/?s={search_term_string}\"},\"query-input\":{\"@type\":\"PropertyValueSpecification\",\"valueRequired\":true,\"valueName\":\"search_term_string\"}}],\"inLanguage\":\"es-CL\"},{\"@type\":\"Organization\",\"@id\":\"https:\/\/dev.explora.cl\/magallanes\/#organization\",\"name\":\"Magallanes\",\"url\":\"https:\/\/dev.explora.cl\/magallanes\/\",\"logo\":{\"@type\":\"ImageObject\",\"inLanguage\":\"es-CL\",\"@id\":\"https:\/\/dev.explora.cl\/magallanes\/#\/schema\/logo\/image\/\",\"url\":\"https:\/\/dev.explora.cl\/magallanes\/wp-content\/uploads\/sites\/19\/2021\/06\/cropped-ICONO-COLOR-2.jpg\",\"contentUrl\":\"https:\/\/dev.explora.cl\/magallanes\/wp-content\/uploads\/sites\/19\/2021\/06\/cropped-ICONO-COLOR-2.jpg\",\"width\":1181,\"height\":1181,\"caption\":\"Magallanes\"},\"image\":{\"@id\":\"https:\/\/dev.explora.cl\/magallanes\/#\/schema\/logo\/image\/\"}},{\"@type\":\"Person\",\"@id\":\"https:\/\/dev.explora.cl\/magallanes\/#\/schema\/person\/cb8349c13ea2d324080adf8480d7ba5d\",\"name\":\"webman\",\"image\":{\"@type\":\"ImageObject\",\"inLanguage\":\"es-CL\",\"@id\":\"https:\/\/dev.explora.cl\/magallanes\/#\/schema\/person\/image\/\",\"url\":\"https:\/\/secure.gravatar.com\/avatar\/eeff3c82f2c02f7177d13663b7e6f890e9a6a0647ce9bb29cae02dcb094c7312?s=96&d=mm&r=g\",\"contentUrl\":\"https:\/\/secure.gravatar.com\/avatar\/eeff3c82f2c02f7177d13663b7e6f890e9a6a0647ce9bb29cae02dcb094c7312?s=96&d=mm&r=g\",\"caption\":\"webman\"},\"url\":\"https:\/\/dev.explora.cl\/magallanes\/author\/webman\/\"}]}<\/script>\n<!-- \/ Yoast SEO plugin. -->","yoast_head_json":{"title":"Proyectos seleccionados XVII Feria Cient\u00edfica de Porvenir - Magallanes","robots":{"index":"index","follow":"follow","max-snippet":"max-snippet:-1","max-image-preview":"max-image-preview:large","max-video-preview":"max-video-preview:-1"},"canonical":"https:\/\/dev.explora.cl\/magallanes\/proyectos-seleccionados-xvii-feria-cientifica-de-porvenir\/","og_locale":"es_ES","og_type":"article","og_title":"Proyectos seleccionados XVII Feria Cient\u00edfica de Porvenir - Magallanes","og_description":"A una semana de realizarse la tradicional Feria Cient\u00edfica en la capital de la Provincia de Tierra del Fuego, 35 fueron los proyectos seleccionados. De ese total, 13 corresponden a Porvenir, 16 a Punta Arenas y 6 a Puerto Natales. Siendo la n\u00f3mina de participantes la siguiente: Establecimiento Comuna Nombre del proyecto Participantes Escuela Rep\u00fablica [&hellip;]","og_url":"https:\/\/dev.explora.cl\/magallanes\/proyectos-seleccionados-xvii-feria-cientifica-de-porvenir\/","og_site_name":"Magallanes","article_published_time":"2017-08-23T04:00:00+00:00","article_modified_time":"2019-05-20T21:35:30+00:00","og_image":[{"width":1050,"height":700,"url":"https:\/\/dev.explora.cl\/magallanes\/wp-content\/uploads\/sites\/19\/2018\/06\/feriaporvenir2016.jpg","type":"image\/jpeg"}],"author":"webman","twitter_card":"summary_large_image","twitter_misc":{"Escrito por":"webman","Tiempo estimado de lectura":"6 minutos"},"schema":{"@context":"https:\/\/schema.org","@graph":[{"@type":"Article","@id":"https:\/\/dev.explora.cl\/magallanes\/proyectos-seleccionados-xvii-feria-cientifica-de-porvenir\/#article","isPartOf":{"@id":"https:\/\/dev.explora.cl\/magallanes\/proyectos-seleccionados-xvii-feria-cientifica-de-porvenir\/"},"author":{"name":"webman","@id":"https:\/\/dev.explora.cl\/magallanes\/#\/schema\/person\/cb8349c13ea2d324080adf8480d7ba5d"},"headline":"Proyectos seleccionados XVII Feria Cient\u00edfica de Porvenir","datePublished":"2017-08-23T04:00:00+00:00","dateModified":"2019-05-20T21:35:30+00:00","mainEntityOfPage":{"@id":"https:\/\/dev.explora.cl\/magallanes\/proyectos-seleccionados-xvii-feria-cientifica-de-porvenir\/"},"wordCount":1141,"commentCount":0,"publisher":{"@id":"https:\/\/dev.explora.cl\/magallanes\/#organization"},"image":{"@id":"https:\/\/dev.explora.cl\/magallanes\/proyectos-seleccionados-xvii-feria-cientifica-de-porvenir\/#primaryimage"},"thumbnailUrl":"https:\/\/dev.explora.cl\/magallanes\/wp-content\/uploads\/sites\/19\/2018\/06\/feriaporvenir2016.jpg","articleSection":["Noticias"],"inLanguage":"es-CL","potentialAction":[{"@type":"CommentAction","name":"Comment","target":["https:\/\/dev.explora.cl\/magallanes\/proyectos-seleccionados-xvii-feria-cientifica-de-porvenir\/#respond"]}]},{"@type":"WebPage","@id":"https:\/\/dev.explora.cl\/magallanes\/proyectos-seleccionados-xvii-feria-cientifica-de-porvenir\/","url":"https:\/\/dev.explora.cl\/magallanes\/proyectos-seleccionados-xvii-feria-cientifica-de-porvenir\/","name":"Proyectos seleccionados XVII Feria Cient\u00edfica de Porvenir - Magallanes","isPartOf":{"@id":"https:\/\/dev.explora.cl\/magallanes\/#website"},"primaryImageOfPage":{"@id":"https:\/\/dev.explora.cl\/magallanes\/proyectos-seleccionados-xvii-feria-cientifica-de-porvenir\/#primaryimage"},"image":{"@id":"https:\/\/dev.explora.cl\/magallanes\/proyectos-seleccionados-xvii-feria-cientifica-de-porvenir\/#primaryimage"},"thumbnailUrl":"https:\/\/dev.explora.cl\/magallanes\/wp-content\/uploads\/sites\/19\/2018\/06\/feriaporvenir2016.jpg","datePublished":"2017-08-23T04:00:00+00:00","dateModified":"2019-05-20T21:35:30+00:00","breadcrumb":{"@id":"https:\/\/dev.explora.cl\/magallanes\/proyectos-seleccionados-xvii-feria-cientifica-de-porvenir\/#breadcrumb"},"inLanguage":"es-CL","potentialAction":[{"@type":"ReadAction","target":["https:\/\/dev.explora.cl\/magallanes\/proyectos-seleccionados-xvii-feria-cientifica-de-porvenir\/"]}]},{"@type":"ImageObject","inLanguage":"es-CL","@id":"https:\/\/dev.explora.cl\/magallanes\/proyectos-seleccionados-xvii-feria-cientifica-de-porvenir\/#primaryimage","url":"https:\/\/dev.explora.cl\/magallanes\/wp-content\/uploads\/sites\/19\/2018\/06\/feriaporvenir2016.jpg","contentUrl":"https:\/\/dev.explora.cl\/magallanes\/wp-content\/uploads\/sites\/19\/2018\/06\/feriaporvenir2016.jpg","width":1050,"height":700,"caption":"feriaporvenir2016"},{"@type":"BreadcrumbList","@id":"https:\/\/dev.explora.cl\/magallanes\/proyectos-seleccionados-xvii-feria-cientifica-de-porvenir\/#breadcrumb","itemListElement":[{"@type":"ListItem","position":1,"name":"Portada","item":"https:\/\/dev.explora.cl\/magallanes\/"},{"@type":"ListItem","position":2,"name":"Proyectos seleccionados XVII Feria Cient\u00edfica de Porvenir"}]},{"@type":"WebSite","@id":"https:\/\/dev.explora.cl\/magallanes\/#website","url":"https:\/\/dev.explora.cl\/magallanes\/","name":"Magallanes","description":"Otro sitio m\u00e1s de dev.explora.cl","publisher":{"@id":"https:\/\/dev.explora.cl\/magallanes\/#organization"},"potentialAction":[{"@type":"SearchAction","target":{"@type":"EntryPoint","urlTemplate":"https:\/\/dev.explora.cl\/magallanes\/?s={search_term_string}"},"query-input":{"@type":"PropertyValueSpecification","valueRequired":true,"valueName":"search_term_string"}}],"inLanguage":"es-CL"},{"@type":"Organization","@id":"https:\/\/dev.explora.cl\/magallanes\/#organization","name":"Magallanes","url":"https:\/\/dev.explora.cl\/magallanes\/","logo":{"@type":"ImageObject","inLanguage":"es-CL","@id":"https:\/\/dev.explora.cl\/magallanes\/#\/schema\/logo\/image\/","url":"https:\/\/dev.explora.cl\/magallanes\/wp-content\/uploads\/sites\/19\/2021\/06\/cropped-ICONO-COLOR-2.jpg","contentUrl":"https:\/\/dev.explora.cl\/magallanes\/wp-content\/uploads\/sites\/19\/2021\/06\/cropped-ICONO-COLOR-2.jpg","width":1181,"height":1181,"caption":"Magallanes"},"image":{"@id":"https:\/\/dev.explora.cl\/magallanes\/#\/schema\/logo\/image\/"}},{"@type":"Person","@id":"https:\/\/dev.explora.cl\/magallanes\/#\/schema\/person\/cb8349c13ea2d324080adf8480d7ba5d","name":"webman","image":{"@type":"ImageObject","inLanguage":"es-CL","@id":"https:\/\/dev.explora.cl\/magallanes\/#\/schema\/person\/image\/","url":"https:\/\/secure.gravatar.com\/avatar\/eeff3c82f2c02f7177d13663b7e6f890e9a6a0647ce9bb29cae02dcb094c7312?s=96&d=mm&r=g","contentUrl":"https:\/\/secure.gravatar.com\/avatar\/eeff3c82f2c02f7177d13663b7e6f890e9a6a0647ce9bb29cae02dcb094c7312?s=96&d=mm&r=g","caption":"webman"},"url":"https:\/\/dev.explora.cl\/magallanes\/author\/webman\/"}]}},"_links":{"self":[{"href":"https:\/\/dev.explora.cl\/magallanes\/wp-json\/wp\/v2\/posts\/753","targetHints":{"allow":["GET"]}}],"collection":[{"href":"https:\/\/dev.explora.cl\/magallanes\/wp-json\/wp\/v2\/posts"}],"about":[{"href":"https:\/\/dev.explora.cl\/magallanes\/wp-json\/wp\/v2\/types\/post"}],"author":[{"embeddable":true,"href":"https:\/\/dev.explora.cl\/magallanes\/wp-json\/wp\/v2\/users\/2"}],"replies":[{"embeddable":true,"href":"https:\/\/dev.explora.cl\/magallanes\/wp-json\/wp\/v2\/comments?post=753"}],"version-history":[{"count":1,"href":"https:\/\/dev.explora.cl\/magallanes\/wp-json\/wp\/v2\/posts\/753\/revisions"}],"predecessor-version":[{"id":37674,"href":"https:\/\/dev.explora.cl\/magallanes\/wp-json\/wp\/v2\/posts\/753\/revisions\/37674"}],"wp:featuredmedia":[{"embeddable":true,"href":"https:\/\/dev.explora.cl\/magallanes\/wp-json\/wp\/v2\/media\/747"}],"wp:attachment":[{"href":"https:\/\/dev.explora.cl\/magallanes\/wp-json\/wp\/v2\/media?parent=753"}],"wp:term":[{"taxonomy":"category","embeddable":true,"href":"https:\/\/dev.explora.cl\/magallanes\/wp-json\/wp\/v2\/categories?post=753"},{"taxonomy":"post_tag","embeddable":true,"href":"https:\/\/dev.explora.cl\/magallanes\/wp-json\/wp\/v2\/tags?post=753"}],"curies":[{"name":"wp","href":"https:\/\/api.w.org\/{rel}","templated":true}]}}